{"id":12578,"date":"2017-05-11T07:38:20","date_gmt":"2017-05-11T05:38:20","guid":{"rendered":"https:\/\/www.revistarambla.com\/?p=12578"},"modified":"2021-04-02T18:03:17","modified_gmt":"2021-04-02T16:03:17","slug":"censura-en-la-feria-del-libro-de-buenos-aires","status":"publish","type":"post","link":"https:\/\/www.revistarambla.com\/en\/censura-en-la-feria-del-libro-de-buenos-aires\/","title":{"rendered":"Censura en la Feria del Libro de Buenos Aires"},"content":{"rendered":"<p style=\"text-align: justify;\"><img decoding=\"async\" class=\"aligncenter size-full wp-image-12580\" src=\"https:\/\/www.revistarambla.com\/wp-content\/uploads\/2017\/05\/polisario02.jpg\" alt=\"\" width=\"986\" height=\"653\" srcset=\"https:\/\/www.revistarambla.com\/wp-content\/uploads\/2017\/05\/polisario02.jpg 986w, https:\/\/www.revistarambla.com\/wp-content\/uploads\/2017\/05\/polisario02-300x199.jpg 300w, https:\/\/www.revistarambla.com\/wp-content\/uploads\/2017\/05\/polisario02-768x509.jpg 768w, https:\/\/www.revistarambla.com\/wp-content\/uploads\/2017\/05\/polisario02-500x331.jpg 500w\" sizes=\"(max-width: 986px) 100vw, 986px\" \/><\/p>\n<p style=\"text-align: justify;\">Llamamiento Urgente a los medios de Informaci\u00f3n, a los Organismos de Derechos Humanos, Sociales, Sindicales, Acad\u00e9mico, a los partidos Pol\u00edticos y Parlamentarios:<\/p>\n<p style=\"text-align: justify;\">El pasado 27 de abril 2017, el Ministerio de Defensa de la Rep\u00fablica Argentina, dio sus instrucciones para anular la venta y la presentaci\u00f3n en la 43\u00aa Feria Internacional del Libro de Buenos Aires del libro\u00a0<strong><em>Sahara Occidental. El conflicto olvidado<\/em><\/strong>, de Jorge Alejandro Su\u00e1rez Saponaro, editado por la Editorial Universitaria del Ej\u00e9rcito Argentino (EUDE). La mencionada obra, editada en octubre pasado, recibi\u00f3 gran demanda en la Rep\u00fablica Argentina, en Latinoam\u00e9rica y en el mundo hispano en general.<\/p>\n<p style=\"text-align: justify;\">A nadie le quepa la menor duda de que el motivo es el habitual chantaje y extorsi\u00f3n de la Embajada de la Monarqu\u00eda marroqu\u00ed, que no es la primera vez que interfiere en las Instituciones de la Rep\u00fablica Argentina y otros pa\u00edses latinoamericanos, siempre mediante los embajadores de \u201csu Majestad el Rey\u201d para silenciar a los honestos e \u00edntegros defensores de la causa saharaui y de todas las justas causas.<\/p>\n<p style=\"text-align: justify;\">Creemos que este inaceptable acto vulnera peligrosamente la libertad de expresi\u00f3n en la Rep\u00fablica Argentina, que celebr\u00f3 el a\u00f1o pasado 200 a\u00f1os de Independencia de la Monarqu\u00eda espa\u00f1ola.<\/p>\n<p style=\"text-align: justify;\">Consideramos que una Naci\u00f3n como la Argentina, que sufri\u00f3 la dolorosa experiencia del genocidio y es considerada l\u00edder a nivel mundial en la defensa de los Derechos Humanos, no deber\u00eda permitir que, a trav\u00e9s de pr\u00e1cticas de censura, se vulneren las normas relativas a la libertad de expresi\u00f3n e informaci\u00f3n vigentes tanto en el sistema interamericano (art. 13 de la Convenci\u00f3n Americana sobre Derechos Humanos -Pacto de San Jos\u00e9 de Costa Rica- relativo a la libertad de pensamiento y de expresi\u00f3n, con rango constitucional en virtud del Art. 75, inc. 22, de la Constituci\u00f3n Nacional de la Rep\u00fablica Argentina) como en el \u00e1mbito nacional argentino, a trav\u00e9s de los art\u00edculos 14 y 32 de la Constituci\u00f3n Nacional Argentina y dem\u00e1s legislaci\u00f3n espec\u00edfica.<\/p>\n<p style=\"text-align: justify;\">Esta grave decisi\u00f3n, adem\u00e1s, atenta contra los derechos de un peque\u00f1o y pac\u00edfico pueblo, el pueblo del Sahara Occidental, cuya \u00fanica arma es la palabra, desde que 25 a\u00f1os atr\u00e1s adopt\u00f3 el Plan de Paz de la ONU (en la cual participan tambi\u00e9n cascos azules argentinos), optando por la v\u00eda pac\u00edfica y por la no violencia. De ese modo, deposit\u00f3 la plena confianza en la v\u00eda diplom\u00e1tica, en la comunidad internacional, en las Naciones Unidas y sus instrumentos para la aplicaci\u00f3n de las resoluciones de la Asamblea General de la ONU, del Consejo de Seguridad y dem\u00e1s organismos internacionales, que le reconocen su leg\u00edtimo derecho a la autodeterminaci\u00f3n. Cabe recordar que la justa causa del pueblo saharaui est\u00e1 inscripta junto con las Malvinas Argentinas en la cuarta comisi\u00f3n de la ONU como Territorio pendiente de Descolonizaci\u00f3n.<\/p>\n<p style=\"text-align: justify;\">Ante este intolerable e inadmisible hecho, llamamos a los defensores de las justas causas, de la democracia, de la libertad de expresi\u00f3n, de los derechos m\u00e1s elementales de Hombre, a manifestar su rechazo y denunciar esta ileg\u00edtima decisi\u00f3n, solicitando al Ministerio de Defensa que permita la venta y la presentaci\u00f3n del libro referido. (abajo contactos para enviar cartas).<\/p>\n<p style=\"text-align: justify;\">Los representantes de la monarqu\u00eda de Marruecos -si cuentan con argumentos- pueden, adem\u00e1s de asistir a la presentaci\u00f3n de este libro, publicar sus versiones sobre este conflicto internacional en Argentina o en otro lugar y dejar que la gente juzgue a favor de una u otra de las parte del conflicto reconocidas por la ONU: la Monarqu\u00eda de Marruecos y el Frente POLISARIO, ambos integrantes desde el mes de febrero 2017 de la organizaci\u00f3n continental de \u00c1frica, la Uni\u00f3n Africana, como dos Estados miembros con los mismos derechos y deberes (a saber: el Reino de Marruecos y la Rep\u00fablica Saharaui).<\/p>\n<p style=\"text-align: justify;\">Los que tienen a su lado la raz\u00f3n no deben tener miedo de la palabra, no tendr\u00e1n nada que ocultar.<\/p>\n<p style=\"text-align: justify;\">Las fuerzas democr\u00e1ticas argentinas, los defensores de Derechos Humanos, los amantes de la Paz y la Justicia, no pueden ser c\u00f3mplices de quienes quieren silenciar e incomunicar al pueblo saharaui.<\/p>\n<p style=\"text-align: justify;\">La Monarqu\u00eda de Marruecos es una fuerza ocupante del Territorio del Sahara Occidental, no solamente contra la voluntad del pueblo saharaui, sino tambi\u00e9n contra la voluntad de la Comunidad Internacional.<\/p>\n<p style=\"text-align: justify;\">El Reino de Marruecos, adem\u00e1s de saquear los recursos naturales (contra el Dictamen del Tribunal de Justicia Europeo del 21\/12\/2016) de un territorio que no le pertenece -porque, de acuerdo al derecho internacional y a la ONU, est\u00e1 pendiente de descolonizaci\u00f3n-, mantiene muros militarizados (de m\u00e1s de 2.700km de extensi\u00f3n) que dividen tanto a la tierra como a la poblaci\u00f3n, con millones de minas antipersonas, sembrando muerte y destrucci\u00f3n a diario entre civiles inocentes. Sus fuerzas de seguridad cierran el territorio para la prensa extranjera y los observadores internacionales, mientras cometen todo tipo de atrocidades contra manifestantes pac\u00edficos y defensores de derechos, hechos tan tristemente similares -sino id\u00e9nticos- y repudiables en la historia reciente de Argentina.<\/p>\n<p style=\"text-align: justify;\">Hay que informar en Argentina, en Latinoam\u00e9rica y en el mundo de forma puntual, sistem\u00e1tica, rigurosa, desde el compromiso serio con la verdad. Hay que denunciar las graves violaciones de los derechos humanos que padece el pueblo saharaui diariamente en las ciudades ocupadas, la situaci\u00f3n de los 24 activistas civiles saharauis de Derechos Humanos del campamento de Gdeim Izik, condenados ilegalmente sin otra prueba que sus confesiones firmadas bajo tortura y cuyo estado de salud se encuentra deteriorado como consecuencia de las huelgas de hambre, las torturas, los malos tratos y la insuficiente atenci\u00f3n m\u00e9dica.<\/p>\n<p style=\"text-align: justify;\">Hay que apoyar activa y seriamente los esfuerzos de la Comunidad Internacional. Y hay que denunciar a los que les hacen el juego a la ocupaci\u00f3n ilegal, a quienes colaboran activa o pasivamente, directa o indirectamente con el r\u00e9gimen mon\u00e1rquico marroqu\u00ed y con la manipulada y controlada agenda informativa que este quiere imponer.<\/p>\n<p style=\"text-align: justify;\"><strong>*\u00a0Nora Podest\u00e1<\/strong>,\u00a0coordinadora del Comit\u00e9 de Amistad con el Pueblo Saharaui<br \/>\n<strong>** Salem Bachir<\/strong>,\u00a0representante del Frente Polisario y de la Rep\u00fablica Saharaui<\/p>\n<p style=\"text-align: justify;\">Contactos para enviar mensajes:<\/p>\n<p style=\"text-align: justify;\">Twitter\u00a0del ministro de Defensa:\u00a0@JulioMartinezLR<\/p>\n<p style=\"text-align: justify;\">Facebook\u00a0del ministro:\u00a0@JulioCesarMartinez.Arg<\/p>\n<p style=\"text-align: justify;\">Secretario de Relaciones Exteriores de la Canciller\u00eda Embajador Pedro Villagra Delgado, Secretar\u00eda Privada:\u00a0seree@cancilleria.gob.ar<\/p>\n<p style=\"text-align: justify;\"><img decoding=\"async\" class=\"aligncenter size-full wp-image-12581\" src=\"https:\/\/www.revistarambla.com\/wp-content\/uploads\/2017\/05\/polisario03.jpg\" alt=\"\" width=\"1134\" height=\"756\" srcset=\"https:\/\/www.revistarambla.com\/wp-content\/uploads\/2017\/05\/polisario03.jpg 1134w, https:\/\/www.revistarambla.com\/wp-content\/uploads\/2017\/05\/polisario03-300x200.jpg 300w, https:\/\/www.revistarambla.com\/wp-content\/uploads\/2017\/05\/polisario03-768x512.jpg 768w, https:\/\/www.revistarambla.com\/wp-content\/uploads\/2017\/05\/polisario03-1024x683.jpg 1024w, https:\/\/www.revistarambla.com\/wp-content\/uploads\/2017\/05\/polisario03-500x333.jpg 500w\" sizes=\"(max-width: 1134px) 100vw, 1134px\" \/><\/p>","protected":false},"excerpt":{"rendered":"<p>Llamamiento Urgente a los medios de Informaci\u00f3n, a los Organismos de Derechos Humanos, Sociales, Sindicales, Acad\u00e9mico, a los partidos Pol\u00edticos y Parlamentarios: El pasado 27 de abril 2017, el Ministerio de Defensa de la Rep\u00fablica Argentina, dio sus instrucciones para anular la venta y la presentaci\u00f3n en la 43\u00aa Feria [&hellip;]<\/p>\n","protected":false},"author":3,"featured_media":12579,"comment_status":"open","ping_status":"open","sticky":false,"template":"","format":"standard","meta":{"footnotes":""},"categories":[3,57],"tags":[],"class_list":["post-12578","post","type-post","status-publish","format-standard","has-post-thumbnail","hentry","category-actualidad","category-global"],"yoast_head":"<!-- This site is optimized with the Yoast SEO plugin v27.5 - https:\/\/yoast.com\/product\/yoast-seo-wordpress\/ -->\n<title>Censura en la Feria del Libro de Buenos Aires - Revista Rambla<\/title>\n<meta name=\"robots\" content=\"index, follow, max-snippet:-1, max-image-preview:large, max-video-preview:-1\" \/>\n<link rel=\"canonical\" href=\"https:\/\/www.revistarambla.com\/en\/censura-en-la-feria-del-libro-de-buenos-aires\/\" \/>\n<meta property=\"og:locale\" content=\"en_GB\" \/>\n<meta property=\"og:type\" content=\"article\" \/>\n<meta property=\"og:title\" content=\"Censura en la Feria del Libro de Buenos Aires - Revista Rambla\" \/>\n<meta property=\"og:description\" content=\"Llamamiento Urgente a los medios de Informaci\u00f3n, a los Organismos de Derechos Humanos, Sociales, Sindicales, Acad\u00e9mico, a los partidos Pol\u00edticos y Parlamentarios: El pasado 27 de abril 2017, el Ministerio de Defensa de la Rep\u00fablica Argentina, dio sus instrucciones para anular la venta y la presentaci\u00f3n en la 43\u00aa Feria [&hellip;]\" \/>\n<meta property=\"og:url\" content=\"https:\/\/www.revistarambla.com\/en\/censura-en-la-feria-del-libro-de-buenos-aires\/\" \/>\n<meta property=\"og:site_name\" content=\"Revista Rambla\" \/>\n<meta property=\"article:publisher\" content=\"https:\/\/www.facebook.com\/revistarambla\/\" \/>\n<meta property=\"article:author\" content=\"https:\/\/www.facebook.com\/revistarambla\" \/>\n<meta property=\"article:published_time\" content=\"2017-05-11T05:38:20+00:00\" \/>\n<meta property=\"article:modified_time\" content=\"2021-04-02T16:03:17+00:00\" \/>\n<meta property=\"og:image\" content=\"https:\/\/i2.wp.com\/www.revistarambla.com\/wp-content\/uploads\/2017\/05\/polisario01.jpg?fit=850%2C521&ssl=1\" \/>\n\t<meta property=\"og:image:width\" content=\"850\" \/>\n\t<meta property=\"og:image:height\" content=\"521\" \/>\n\t<meta property=\"og:image:type\" content=\"image\/jpeg\" \/>\n<meta name=\"author\" content=\"Nora Podest\u00e1&nbsp;y&nbsp;Salem Bachir\" \/>\n<meta name=\"twitter:card\" content=\"summary_large_image\" \/>\n<meta name=\"twitter:creator\" content=\"@revistarambla\" \/>\n<meta name=\"twitter:site\" content=\"@revistarambla\" \/>\n<meta name=\"twitter:label1\" content=\"Written by\" \/>\n\t<meta name=\"twitter:data1\" content=\"Nora Podest\u00e1&nbsp;y&nbsp;Salem Bachir\" \/>\n\t<meta name=\"twitter:label2\" content=\"Estimated reading time\" \/>\n\t<meta name=\"twitter:data2\" content=\"5 minutes\" \/>\n<script type=\"application\/ld+json\" class=\"yoast-schema-graph\">{\"@context\":\"https:\\\/\\\/schema.org\",\"@graph\":[{\"@type\":\"Article\",\"@id\":\"https:\\\/\\\/www.revistarambla.com\\\/censura-en-la-feria-del-libro-de-buenos-aires\\\/#article\",\"isPartOf\":{\"@id\":\"https:\\\/\\\/www.revistarambla.com\\\/censura-en-la-feria-del-libro-de-buenos-aires\\\/\"},\"author\":{\"name\":\"Nora Podest\u00e1&nbsp;y&nbsp;Salem Bachir\",\"@id\":\"https:\\\/\\\/www.revistarambla.com\\\/#\\\/schema\\\/person\\\/a146a5a2550b94981a75131180e1bd9c\"},\"headline\":\"Censura en la Feria del Libro de Buenos Aires\",\"datePublished\":\"2017-05-11T05:38:20+00:00\",\"dateModified\":\"2021-04-02T16:03:17+00:00\",\"mainEntityOfPage\":{\"@id\":\"https:\\\/\\\/www.revistarambla.com\\\/censura-en-la-feria-del-libro-de-buenos-aires\\\/\"},\"wordCount\":1098,\"commentCount\":1,\"publisher\":{\"@id\":\"https:\\\/\\\/www.revistarambla.com\\\/#organization\"},\"image\":{\"@id\":\"https:\\\/\\\/www.revistarambla.com\\\/censura-en-la-feria-del-libro-de-buenos-aires\\\/#primaryimage\"},\"thumbnailUrl\":\"https:\\\/\\\/www.revistarambla.com\\\/wp-content\\\/uploads\\\/2017\\\/05\\\/polisario01.jpg\",\"articleSection\":[\"Actualidad\",\"Global\"],\"inLanguage\":\"en-GB\",\"potentialAction\":[{\"@type\":\"CommentAction\",\"name\":\"Comment\",\"target\":[\"https:\\\/\\\/www.revistarambla.com\\\/censura-en-la-feria-del-libro-de-buenos-aires\\\/#respond\"]}]},{\"@type\":\"WebPage\",\"@id\":\"https:\\\/\\\/www.revistarambla.com\\\/censura-en-la-feria-del-libro-de-buenos-aires\\\/\",\"url\":\"https:\\\/\\\/www.revistarambla.com\\\/censura-en-la-feria-del-libro-de-buenos-aires\\\/\",\"name\":\"Censura en la Feria del Libro de Buenos Aires - Revista Rambla\",\"isPartOf\":{\"@id\":\"https:\\\/\\\/www.revistarambla.com\\\/#website\"},\"primaryImageOfPage\":{\"@id\":\"https:\\\/\\\/www.revistarambla.com\\\/censura-en-la-feria-del-libro-de-buenos-aires\\\/#primaryimage\"},\"image\":{\"@id\":\"https:\\\/\\\/www.revistarambla.com\\\/censura-en-la-feria-del-libro-de-buenos-aires\\\/#primaryimage\"},\"thumbnailUrl\":\"https:\\\/\\\/www.revistarambla.com\\\/wp-content\\\/uploads\\\/2017\\\/05\\\/polisario01.jpg\",\"datePublished\":\"2017-05-11T05:38:20+00:00\",\"dateModified\":\"2021-04-02T16:03:17+00:00\",\"breadcrumb\":{\"@id\":\"https:\\\/\\\/www.revistarambla.com\\\/censura-en-la-feria-del-libro-de-buenos-aires\\\/#breadcrumb\"},\"inLanguage\":\"en-GB\",\"potentialAction\":[{\"@type\":\"ReadAction\",\"target\":[\"https:\\\/\\\/www.revistarambla.com\\\/censura-en-la-feria-del-libro-de-buenos-aires\\\/\"]}]},{\"@type\":\"ImageObject\",\"inLanguage\":\"en-GB\",\"@id\":\"https:\\\/\\\/www.revistarambla.com\\\/censura-en-la-feria-del-libro-de-buenos-aires\\\/#primaryimage\",\"url\":\"https:\\\/\\\/www.revistarambla.com\\\/wp-content\\\/uploads\\\/2017\\\/05\\\/polisario01.jpg\",\"contentUrl\":\"https:\\\/\\\/www.revistarambla.com\\\/wp-content\\\/uploads\\\/2017\\\/05\\\/polisario01.jpg\",\"width\":850,\"height\":521},{\"@type\":\"BreadcrumbList\",\"@id\":\"https:\\\/\\\/www.revistarambla.com\\\/censura-en-la-feria-del-libro-de-buenos-aires\\\/#breadcrumb\",\"itemListElement\":[{\"@type\":\"ListItem\",\"position\":1,\"name\":\"Portada\",\"item\":\"https:\\\/\\\/www.revistarambla.com\\\/\"},{\"@type\":\"ListItem\",\"position\":2,\"name\":\"Censura en la Feria del Libro de Buenos Aires\"}]},{\"@type\":\"WebSite\",\"@id\":\"https:\\\/\\\/www.revistarambla.com\\\/#website\",\"url\":\"https:\\\/\\\/www.revistarambla.com\\\/\",\"name\":\"Revista Rambla Barcelona\",\"description\":\"Periodismo independiente\",\"publisher\":{\"@id\":\"https:\\\/\\\/www.revistarambla.com\\\/#organization\"},\"potentialAction\":[{\"@type\":\"SearchAction\",\"target\":{\"@type\":\"EntryPoint\",\"urlTemplate\":\"https:\\\/\\\/www.revistarambla.com\\\/?s={search_term_string}\"},\"query-input\":{\"@type\":\"PropertyValueSpecification\",\"valueRequired\":true,\"valueName\":\"search_term_string\"}}],\"inLanguage\":\"en-GB\"},{\"@type\":\"Organization\",\"@id\":\"https:\\\/\\\/www.revistarambla.com\\\/#organization\",\"name\":\"Revista Rambla\",\"url\":\"https:\\\/\\\/www.revistarambla.com\\\/\",\"logo\":{\"@type\":\"ImageObject\",\"inLanguage\":\"en-GB\",\"@id\":\"https:\\\/\\\/www.revistarambla.com\\\/#\\\/schema\\\/logo\\\/image\\\/\",\"url\":\"https:\\\/\\\/www.revistarambla.com\\\/wp-content\\\/uploads\\\/2020\\\/09\\\/banner_rambla_1900x600_BB.png\",\"contentUrl\":\"https:\\\/\\\/www.revistarambla.com\\\/wp-content\\\/uploads\\\/2020\\\/09\\\/banner_rambla_1900x600_BB.png\",\"width\":1900,\"height\":600,\"caption\":\"Revista Rambla\"},\"image\":{\"@id\":\"https:\\\/\\\/www.revistarambla.com\\\/#\\\/schema\\\/logo\\\/image\\\/\"},\"sameAs\":[\"https:\\\/\\\/www.facebook.com\\\/revistarambla\\\/\",\"https:\\\/\\\/x.com\\\/revistarambla\",\"https:\\\/\\\/www.instagram.com\\\/revista_rambla\",\"https:\\\/\\\/es.linkedin.com\\\/company\\\/revista-rambla\"]},[{\"@type\":[\"Person\"],\"@id\":\"https:\\\/\\\/www.revistarambla.com\\\/#\\\/schema\\\/person\\\/a146a5a2550b94981a75131180e1bd9c\",\"name\":\"Nora Podest\u00e1\",\"image\":{\"@type\":\"ImageObject\",\"@id\":\"\",\"inLanguage\":\"en_GB\",\"url\":\"https:\\\/\\\/www.revistarambla.com\\\/wp-content\\\/litespeed\\\/avatar\\\/e0de3cb86f30117e120eb135706c3bfb.jpg?ver=1777318223\",\"caption\":\"Nora Podest\u00e1\"}},{\"@type\":[\"Person\"],\"@id\":\"https:\\\/\\\/www.revistarambla.com\\\/#\\\/schema\\\/person\\\/a146a5a2550b94981a75131180e1bd9c\",\"name\":\"Salem Bachir\",\"image\":{\"@type\":\"ImageObject\",\"@id\":\"\",\"inLanguage\":\"en_GB\",\"url\":\"https:\\\/\\\/www.revistarambla.com\\\/wp-content\\\/litespeed\\\/avatar\\\/e0de3cb86f30117e120eb135706c3bfb.jpg?ver=1777318223\",\"caption\":\"Salem Bachir\"}}]]}<\/script>\n<!-- \/ Yoast SEO plugin. -->","yoast_head_json":{"title":"Censura en la Feria del Libro de Buenos Aires - Revista Rambla","robots":{"index":"index","follow":"follow","max-snippet":"max-snippet:-1","max-image-preview":"max-image-preview:large","max-video-preview":"max-video-preview:-1"},"canonical":"https:\/\/www.revistarambla.com\/en\/censura-en-la-feria-del-libro-de-buenos-aires\/","og_locale":"en_GB","og_type":"article","og_title":"Censura en la Feria del Libro de Buenos Aires - Revista Rambla","og_description":"Llamamiento Urgente a los medios de Informaci\u00f3n, a los Organismos de Derechos Humanos, Sociales, Sindicales, Acad\u00e9mico, a los partidos Pol\u00edticos y Parlamentarios: El pasado 27 de abril 2017, el Ministerio de Defensa de la Rep\u00fablica Argentina, dio sus instrucciones para anular la venta y la presentaci\u00f3n en la 43\u00aa Feria [&hellip;]","og_url":"https:\/\/www.revistarambla.com\/en\/censura-en-la-feria-del-libro-de-buenos-aires\/","og_site_name":"Revista Rambla","article_publisher":"https:\/\/www.facebook.com\/revistarambla\/","article_author":"https:\/\/www.facebook.com\/revistarambla","article_published_time":"2017-05-11T05:38:20+00:00","article_modified_time":"2021-04-02T16:03:17+00:00","og_image":[{"width":850,"height":521,"url":"https:\/\/i2.wp.com\/www.revistarambla.com\/wp-content\/uploads\/2017\/05\/polisario01.jpg?fit=850%2C521&ssl=1","type":"image\/jpeg"}],"author":"Nora Podest\u00e1&nbsp;y&nbsp;Salem Bachir","twitter_card":"summary_large_image","twitter_creator":"@revistarambla","twitter_site":"@revistarambla","twitter_misc":{"Written by":"Nora Podest\u00e1&nbsp;y&nbsp;Salem Bachir","Estimated reading time":"5 minutes"},"schema":{"@context":"https:\/\/schema.org","@graph":[{"@type":"Article","@id":"https:\/\/www.revistarambla.com\/censura-en-la-feria-del-libro-de-buenos-aires\/#article","isPartOf":{"@id":"https:\/\/www.revistarambla.com\/censura-en-la-feria-del-libro-de-buenos-aires\/"},"author":{"name":"Nora Podest\u00e1&nbsp;y&nbsp;Salem Bachir","@id":"https:\/\/www.revistarambla.com\/#\/schema\/person\/a146a5a2550b94981a75131180e1bd9c"},"headline":"Censura en la Feria del Libro de Buenos Aires","datePublished":"2017-05-11T05:38:20+00:00","dateModified":"2021-04-02T16:03:17+00:00","mainEntityOfPage":{"@id":"https:\/\/www.revistarambla.com\/censura-en-la-feria-del-libro-de-buenos-aires\/"},"wordCount":1098,"commentCount":1,"publisher":{"@id":"https:\/\/www.revistarambla.com\/#organization"},"image":{"@id":"https:\/\/www.revistarambla.com\/censura-en-la-feria-del-libro-de-buenos-aires\/#primaryimage"},"thumbnailUrl":"https:\/\/www.revistarambla.com\/wp-content\/uploads\/2017\/05\/polisario01.jpg","articleSection":["Actualidad","Global"],"inLanguage":"en-GB","potentialAction":[{"@type":"CommentAction","name":"Comment","target":["https:\/\/www.revistarambla.com\/censura-en-la-feria-del-libro-de-buenos-aires\/#respond"]}]},{"@type":"WebPage","@id":"https:\/\/www.revistarambla.com\/censura-en-la-feria-del-libro-de-buenos-aires\/","url":"https:\/\/www.revistarambla.com\/censura-en-la-feria-del-libro-de-buenos-aires\/","name":"Censura en la Feria del Libro de Buenos Aires - Revista Rambla","isPartOf":{"@id":"https:\/\/www.revistarambla.com\/#website"},"primaryImageOfPage":{"@id":"https:\/\/www.revistarambla.com\/censura-en-la-feria-del-libro-de-buenos-aires\/#primaryimage"},"image":{"@id":"https:\/\/www.revistarambla.com\/censura-en-la-feria-del-libro-de-buenos-aires\/#primaryimage"},"thumbnailUrl":"https:\/\/www.revistarambla.com\/wp-content\/uploads\/2017\/05\/polisario01.jpg","datePublished":"2017-05-11T05:38:20+00:00","dateModified":"2021-04-02T16:03:17+00:00","breadcrumb":{"@id":"https:\/\/www.revistarambla.com\/censura-en-la-feria-del-libro-de-buenos-aires\/#breadcrumb"},"inLanguage":"en-GB","potentialAction":[{"@type":"ReadAction","target":["https:\/\/www.revistarambla.com\/censura-en-la-feria-del-libro-de-buenos-aires\/"]}]},{"@type":"ImageObject","inLanguage":"en-GB","@id":"https:\/\/www.revistarambla.com\/censura-en-la-feria-del-libro-de-buenos-aires\/#primaryimage","url":"https:\/\/www.revistarambla.com\/wp-content\/uploads\/2017\/05\/polisario01.jpg","contentUrl":"https:\/\/www.revistarambla.com\/wp-content\/uploads\/2017\/05\/polisario01.jpg","width":850,"height":521},{"@type":"BreadcrumbList","@id":"https:\/\/www.revistarambla.com\/censura-en-la-feria-del-libro-de-buenos-aires\/#breadcrumb","itemListElement":[{"@type":"ListItem","position":1,"name":"Portada","item":"https:\/\/www.revistarambla.com\/"},{"@type":"ListItem","position":2,"name":"Censura en la Feria del Libro de Buenos Aires"}]},{"@type":"WebSite","@id":"https:\/\/www.revistarambla.com\/#website","url":"https:\/\/www.revistarambla.com\/","name":"Revista Rambla Barcelona","description":"Periodismo independiente","publisher":{"@id":"https:\/\/www.revistarambla.com\/#organization"},"potentialAction":[{"@type":"SearchAction","target":{"@type":"EntryPoint","urlTemplate":"https:\/\/www.revistarambla.com\/?s={search_term_string}"},"query-input":{"@type":"PropertyValueSpecification","valueRequired":true,"valueName":"search_term_string"}}],"inLanguage":"en-GB"},{"@type":"Organization","@id":"https:\/\/www.revistarambla.com\/#organization","name":"Revista Rambla","url":"https:\/\/www.revistarambla.com\/","logo":{"@type":"ImageObject","inLanguage":"en-GB","@id":"https:\/\/www.revistarambla.com\/#\/schema\/logo\/image\/","url":"https:\/\/www.revistarambla.com\/wp-content\/uploads\/2020\/09\/banner_rambla_1900x600_BB.png","contentUrl":"https:\/\/www.revistarambla.com\/wp-content\/uploads\/2020\/09\/banner_rambla_1900x600_BB.png","width":1900,"height":600,"caption":"Revista Rambla"},"image":{"@id":"https:\/\/www.revistarambla.com\/#\/schema\/logo\/image\/"},"sameAs":["https:\/\/www.facebook.com\/revistarambla\/","https:\/\/x.com\/revistarambla","https:\/\/www.instagram.com\/revista_rambla","https:\/\/es.linkedin.com\/company\/revista-rambla"]},[{"@type":["Person"],"@id":"https:\/\/www.revistarambla.com\/#\/schema\/person\/a146a5a2550b94981a75131180e1bd9c","name":"Nora Podest\u00e1","image":{"@type":"ImageObject","@id":"","inLanguage":"en_GB","url":"https:\/\/www.revistarambla.com\/wp-content\/litespeed\/avatar\/e0de3cb86f30117e120eb135706c3bfb.jpg?ver=1777318223","caption":"Nora Podest\u00e1"}},{"@type":["Person"],"@id":"https:\/\/www.revistarambla.com\/#\/schema\/person\/a146a5a2550b94981a75131180e1bd9c","name":"Salem Bachir","image":{"@type":"ImageObject","@id":"","inLanguage":"en_GB","url":"https:\/\/www.revistarambla.com\/wp-content\/litespeed\/avatar\/e0de3cb86f30117e120eb135706c3bfb.jpg?ver=1777318223","caption":"Salem Bachir"}}]]}},"_links":{"self":[{"href":"https:\/\/www.revistarambla.com\/en\/wp-json\/wp\/v2\/posts\/12578","targetHints":{"allow":["GET"]}}],"collection":[{"href":"https:\/\/www.revistarambla.com\/en\/wp-json\/wp\/v2\/posts"}],"about":[{"href":"https:\/\/www.revistarambla.com\/en\/wp-json\/wp\/v2\/types\/post"}],"author":[{"embeddable":true,"href":"https:\/\/www.revistarambla.com\/en\/wp-json\/wp\/v2\/users\/3"}],"replies":[{"embeddable":true,"href":"https:\/\/www.revistarambla.com\/en\/wp-json\/wp\/v2\/comments?post=12578"}],"version-history":[{"count":0,"href":"https:\/\/www.revistarambla.com\/en\/wp-json\/wp\/v2\/posts\/12578\/revisions"}],"wp:featuredmedia":[{"embeddable":true,"href":"https:\/\/www.revistarambla.com\/en\/wp-json\/wp\/v2\/media\/12579"}],"wp:attachment":[{"href":"https:\/\/www.revistarambla.com\/en\/wp-json\/wp\/v2\/media?parent=12578"}],"wp:term":[{"taxonomy":"category","embeddable":true,"href":"https:\/\/www.revistarambla.com\/en\/wp-json\/wp\/v2\/categories?post=12578"},{"taxonomy":"post_tag","embeddable":true,"href":"https:\/\/www.revistarambla.com\/en\/wp-json\/wp\/v2\/tags?post=12578"}],"curies":[{"name":"wp","href":"https:\/\/api.w.org\/{rel}","templated":true}]}}