{"id":1255,"date":"2011-11-28T21:01:29","date_gmt":"2011-11-28T20:01:29","guid":{"rendered":"https:\/\/www.revistarambla.com\/trabajadores-y-usuarios-unidos-ante-los-recortes-de-salud\/"},"modified":"2021-12-16T21:04:16","modified_gmt":"2021-12-16T20:04:16","slug":"trabajadores-y-usuarios-unidos-ante-los-recortes-de-salud","status":"publish","type":"post","link":"https:\/\/www.revistarambla.com\/en\/trabajadores-y-usuarios-unidos-ante-los-recortes-de-salud\/","title":{"rendered":"Trabajadores y usuarios, unidos ante los recortes de Salut"},"content":{"rendered":"<p>El s\u00e1bado al mediod\u00eda se percib\u00eda cierta tensi\u00f3n en el vest\u00edbulo del Hospital de la Vall d\u2019Hebron de Barcelona. All\u00ed se encontraban reunidos en asamblea m\u00e9dicos, pacientes, asociaciones de vecinos y sindicalistas. Pretend\u00edan ponerse de acuerdo para aunar fuerzas y luchar contra los recortes en sanidad impuestos por el gobierno de CiU.<\/p>\n<p><img decoding=\"async\" class=\"aligncenter\" src=\"https:\/\/www.revistarambla.com\/wp-content\/uploads\/2011\/11\/hospital1.jpg\" alt=\"alt\" width=\"550\" height=\"319\" \/><\/p>\n<p>Realmente no era una tarea f\u00e1cil la que afrontaban los diversos colectivos: por un lado los trabajadores, con recortes de sueldo, los usuarios con listas de espera eternas y cancelaci\u00f3n de visitas, y en el blanco de todas las miradas, los sindicatos, a los cuales se les ha recriminado la falta de apoyo durante las diversas jornadas de protesta.<\/p>\n<p>Entre otros temas, durante la asamblea se habl\u00f3 sobre la necesidad de que los usuarios entiendan lo que realmente est\u00e1 pasando con el sistema de sanidad p\u00fablica en nuestro pa\u00eds ya que \u201ces un problema de todos y la poblaci\u00f3n debe concienciarse de ello\u201d, comentaba una de las intervinientes en la asamblea. \u201cEl objetivo del gobierno de Mas es mangonear los nueve millones de presupuesto sin darnos ninguna explicaci\u00f3n\u201d, a\u00f1ad\u00eda otro de los participantes.<\/p>\n<p>Los pacientes, por su lado, reclamaban la reprogramaci\u00f3n de visitas. Los m\u00e9dicos ped\u00edan mayor apoyo en la organizaci\u00f3n de las huelgas. Pero todos coincid\u00edan en que la acci\u00f3n conjunta era imprescindible para crear una gran movilizaci\u00f3n y concienciar a la gente.<\/p>\n<p>Asimismo, algunos de los m\u00e9dicos que all\u00ed se encontraban animaron a los usuarios a denunciar (literalmente) los casos de falta de atenci\u00f3n o cancelaci\u00f3n de visitas, ya que consideran que es la \u00fanica manera de hacer m\u00e1s efectivas las reivindicaciones de ambas partes. Aun as\u00ed, muchos reconocieron que si no se llevaban a cabo estas acciones eran por miedo o por desconocimiento.<\/p>\n<p>Despu\u00e9s de la lectura del manifiesto redactado por la Asamblea de trabajadores de atenci\u00f3n primaria y de debatir los principales puntos de discusi\u00f3n, se resolvi\u00f3 que a partir de enero se crear\u00e1 una gran plataforma coordinadora de Catalunya para organizar las movilizaciones del sector sanitario. Esta plataforma contar\u00e1 con la ayuda del movimiento 15-M para celebrar regularmente asambleas horizontales, mejorando as\u00ed la comunicaci\u00f3n y evitando la dispersi\u00f3n que actualmente afecta a los distintos bandos.<\/p>","protected":false},"excerpt":{"rendered":"<p>M\u00e9dicos y pacientes se han reunido durante este fin de semana para sentar las bases de una plataforma bajo la que organizarse como un \u00fanico colectivo y defender los derechos tanto de los usuarios como de los m\u00e9dicos de la sanidad p\u00fablica<\/p>","protected":false},"author":66,"featured_media":0,"comment_status":"open","ping_status":"open","sticky":false,"template":"","format":"standard","meta":{"footnotes":""},"categories":[3,76],"tags":[],"class_list":["post-1255","post","type-post","status-publish","format-standard","hentry","category-actualidad","category-barcelona"],"yoast_head":"<!-- This site is optimized with the Yoast SEO plugin v27.5 - https:\/\/yoast.com\/product\/yoast-seo-wordpress\/ -->\n<title>Trabajadores y usuarios, unidos ante los recortes de Salut - Revista Rambla<\/title>\n<meta name=\"robots\" content=\"index, follow, max-snippet:-1, max-image-preview:large, max-video-preview:-1\" \/>\n<link rel=\"canonical\" href=\"https:\/\/www.revistarambla.com\/en\/trabajadores-y-usuarios-unidos-ante-los-recortes-de-salud\/\" \/>\n<meta property=\"og:locale\" content=\"en_GB\" \/>\n<meta property=\"og:type\" content=\"article\" \/>\n<meta property=\"og:title\" content=\"Trabajadores y usuarios, unidos ante los recortes de Salut - Revista Rambla\" \/>\n<meta property=\"og:description\" content=\"M\u00e9dicos y pacientes se han reunido durante este fin de semana para sentar las bases de una plataforma bajo la que organizarse como un \u00fanico colectivo y defender los derechos tanto de los usuarios como de los m\u00e9dicos de la sanidad p\u00fablica\" \/>\n<meta property=\"og:url\" content=\"https:\/\/www.revistarambla.com\/en\/trabajadores-y-usuarios-unidos-ante-los-recortes-de-salud\/\" \/>\n<meta property=\"og:site_name\" content=\"Revista Rambla\" \/>\n<meta property=\"article:publisher\" content=\"https:\/\/www.facebook.com\/revistarambla\/\" \/>\n<meta property=\"article:published_time\" content=\"2011-11-28T20:01:29+00:00\" \/>\n<meta property=\"article:modified_time\" content=\"2021-12-16T20:04:16+00:00\" \/>\n<meta property=\"og:image\" content=\"https:\/\/www.revistarambla.com\/wp-content\/uploads\/2011\/11\/hospital.jpg\" \/>\n\t<meta property=\"og:image:width\" content=\"250\" \/>\n\t<meta property=\"og:image:height\" content=\"189\" \/>\n\t<meta property=\"og:image:type\" content=\"image\/jpeg\" \/>\n<meta name=\"author\" content=\"Ver\u00f3nica Encinas Salgado\" \/>\n<meta name=\"twitter:card\" content=\"summary_large_image\" \/>\n<meta name=\"twitter:creator\" content=\"@revistarambla\" \/>\n<meta name=\"twitter:site\" content=\"@revistarambla\" \/>\n<meta name=\"twitter:label1\" content=\"Written by\" \/>\n\t<meta name=\"twitter:data1\" content=\"Ver\u00f3nica Encinas Salgado\" \/>\n\t<meta name=\"twitter:label2\" content=\"Estimated reading time\" \/>\n\t<meta name=\"twitter:data2\" content=\"2 minutes\" \/>\n<script type=\"application\/ld+json\" class=\"yoast-schema-graph\">{\"@context\":\"https:\\\/\\\/schema.org\",\"@graph\":[{\"@type\":\"Article\",\"@id\":\"https:\\\/\\\/www.revistarambla.com\\\/trabajadores-y-usuarios-unidos-ante-los-recortes-de-salud\\\/#article\",\"isPartOf\":{\"@id\":\"https:\\\/\\\/www.revistarambla.com\\\/trabajadores-y-usuarios-unidos-ante-los-recortes-de-salud\\\/\"},\"author\":{\"name\":\"Ver\u00f3nica Encinas Salgado\",\"@id\":\"https:\\\/\\\/www.revistarambla.com\\\/#\\\/schema\\\/person\\\/d5b8d7715dcc8b0e3eeac113266d2af6\"},\"headline\":\"Trabajadores y usuarios, unidos ante los recortes de Salut\",\"datePublished\":\"2011-11-28T20:01:29+00:00\",\"dateModified\":\"2021-12-16T20:04:16+00:00\",\"mainEntityOfPage\":{\"@id\":\"https:\\\/\\\/www.revistarambla.com\\\/trabajadores-y-usuarios-unidos-ante-los-recortes-de-salud\\\/\"},\"wordCount\":403,\"commentCount\":0,\"publisher\":{\"@id\":\"https:\\\/\\\/www.revistarambla.com\\\/#organization\"},\"image\":{\"@id\":\"https:\\\/\\\/www.revistarambla.com\\\/trabajadores-y-usuarios-unidos-ante-los-recortes-de-salud\\\/#primaryimage\"},\"thumbnailUrl\":\"https:\\\/\\\/www.revistarambla.com\\\/wp-content\\\/uploads\\\/2011\\\/11\\\/hospital1.jpg\",\"articleSection\":[\"Actualidad\",\"Barcelona\"],\"inLanguage\":\"en-GB\",\"potentialAction\":[{\"@type\":\"CommentAction\",\"name\":\"Comment\",\"target\":[\"https:\\\/\\\/www.revistarambla.com\\\/trabajadores-y-usuarios-unidos-ante-los-recortes-de-salud\\\/#respond\"]}]},{\"@type\":\"WebPage\",\"@id\":\"https:\\\/\\\/www.revistarambla.com\\\/trabajadores-y-usuarios-unidos-ante-los-recortes-de-salud\\\/\",\"url\":\"https:\\\/\\\/www.revistarambla.com\\\/trabajadores-y-usuarios-unidos-ante-los-recortes-de-salud\\\/\",\"name\":\"Trabajadores y usuarios, unidos ante los recortes de Salut - Revista Rambla\",\"isPartOf\":{\"@id\":\"https:\\\/\\\/www.revistarambla.com\\\/#website\"},\"primaryImageOfPage\":{\"@id\":\"https:\\\/\\\/www.revistarambla.com\\\/trabajadores-y-usuarios-unidos-ante-los-recortes-de-salud\\\/#primaryimage\"},\"image\":{\"@id\":\"https:\\\/\\\/www.revistarambla.com\\\/trabajadores-y-usuarios-unidos-ante-los-recortes-de-salud\\\/#primaryimage\"},\"thumbnailUrl\":\"https:\\\/\\\/www.revistarambla.com\\\/wp-content\\\/uploads\\\/2011\\\/11\\\/hospital1.jpg\",\"datePublished\":\"2011-11-28T20:01:29+00:00\",\"dateModified\":\"2021-12-16T20:04:16+00:00\",\"breadcrumb\":{\"@id\":\"https:\\\/\\\/www.revistarambla.com\\\/trabajadores-y-usuarios-unidos-ante-los-recortes-de-salud\\\/#breadcrumb\"},\"inLanguage\":\"en-GB\",\"potentialAction\":[{\"@type\":\"ReadAction\",\"target\":[\"https:\\\/\\\/www.revistarambla.com\\\/trabajadores-y-usuarios-unidos-ante-los-recortes-de-salud\\\/\"]}]},{\"@type\":\"ImageObject\",\"inLanguage\":\"en-GB\",\"@id\":\"https:\\\/\\\/www.revistarambla.com\\\/trabajadores-y-usuarios-unidos-ante-los-recortes-de-salud\\\/#primaryimage\",\"url\":\"https:\\\/\\\/www.revistarambla.com\\\/wp-content\\\/uploads\\\/2011\\\/11\\\/hospital1.jpg\",\"contentUrl\":\"https:\\\/\\\/www.revistarambla.com\\\/wp-content\\\/uploads\\\/2011\\\/11\\\/hospital1.jpg\"},{\"@type\":\"BreadcrumbList\",\"@id\":\"https:\\\/\\\/www.revistarambla.com\\\/trabajadores-y-usuarios-unidos-ante-los-recortes-de-salud\\\/#breadcrumb\",\"itemListElement\":[{\"@type\":\"ListItem\",\"position\":1,\"name\":\"Portada\",\"item\":\"https:\\\/\\\/www.revistarambla.com\\\/\"},{\"@type\":\"ListItem\",\"position\":2,\"name\":\"Trabajadores y usuarios, unidos ante los recortes de Salut\"}]},{\"@type\":\"WebSite\",\"@id\":\"https:\\\/\\\/www.revistarambla.com\\\/#website\",\"url\":\"https:\\\/\\\/www.revistarambla.com\\\/\",\"name\":\"Revista Rambla Barcelona\",\"description\":\"Periodismo independiente\",\"publisher\":{\"@id\":\"https:\\\/\\\/www.revistarambla.com\\\/#organization\"},\"potentialAction\":[{\"@type\":\"SearchAction\",\"target\":{\"@type\":\"EntryPoint\",\"urlTemplate\":\"https:\\\/\\\/www.revistarambla.com\\\/?s={search_term_string}\"},\"query-input\":{\"@type\":\"PropertyValueSpecification\",\"valueRequired\":true,\"valueName\":\"search_term_string\"}}],\"inLanguage\":\"en-GB\"},{\"@type\":\"Organization\",\"@id\":\"https:\\\/\\\/www.revistarambla.com\\\/#organization\",\"name\":\"Revista Rambla\",\"url\":\"https:\\\/\\\/www.revistarambla.com\\\/\",\"logo\":{\"@type\":\"ImageObject\",\"inLanguage\":\"en-GB\",\"@id\":\"https:\\\/\\\/www.revistarambla.com\\\/#\\\/schema\\\/logo\\\/image\\\/\",\"url\":\"https:\\\/\\\/www.revistarambla.com\\\/wp-content\\\/uploads\\\/2020\\\/09\\\/banner_rambla_1900x600_BB.png\",\"contentUrl\":\"https:\\\/\\\/www.revistarambla.com\\\/wp-content\\\/uploads\\\/2020\\\/09\\\/banner_rambla_1900x600_BB.png\",\"width\":1900,\"height\":600,\"caption\":\"Revista Rambla\"},\"image\":{\"@id\":\"https:\\\/\\\/www.revistarambla.com\\\/#\\\/schema\\\/logo\\\/image\\\/\"},\"sameAs\":[\"https:\\\/\\\/www.facebook.com\\\/revistarambla\\\/\",\"https:\\\/\\\/x.com\\\/revistarambla\",\"https:\\\/\\\/www.instagram.com\\\/revista_rambla\",\"https:\\\/\\\/es.linkedin.com\\\/company\\\/revista-rambla\"]},{\"@type\":\"Person\",\"@id\":\"https:\\\/\\\/www.revistarambla.com\\\/#\\\/schema\\\/person\\\/d5b8d7715dcc8b0e3eeac113266d2af6\",\"name\":\"Ver\u00f3nica Encinas Salgado\",\"description\":\"Licenciada en Ciencias Pol\u00edticas por la Universidad Aut\u00f3noma de Barcelona y especializada en periodismo y comunicaci\u00f3n digital.\",\"sameAs\":[\"https:\\\/\\\/www.instagram.com\\\/veronica.encinas.salgado\\\/\",\"https:\\\/\\\/es.linkedin.com\\\/in\\\/veronicaencinassalgado\"]}]}<\/script>\n<!-- \/ Yoast SEO plugin. -->","yoast_head_json":{"title":"Trabajadores y usuarios, unidos ante los recortes de Salut - Revista Rambla","robots":{"index":"index","follow":"follow","max-snippet":"max-snippet:-1","max-image-preview":"max-image-preview:large","max-video-preview":"max-video-preview:-1"},"canonical":"https:\/\/www.revistarambla.com\/en\/trabajadores-y-usuarios-unidos-ante-los-recortes-de-salud\/","og_locale":"en_GB","og_type":"article","og_title":"Trabajadores y usuarios, unidos ante los recortes de Salut - Revista Rambla","og_description":"M\u00e9dicos y pacientes se han reunido durante este fin de semana para sentar las bases de una plataforma bajo la que organizarse como un \u00fanico colectivo y defender los derechos tanto de los usuarios como de los m\u00e9dicos de la sanidad p\u00fablica","og_url":"https:\/\/www.revistarambla.com\/en\/trabajadores-y-usuarios-unidos-ante-los-recortes-de-salud\/","og_site_name":"Revista Rambla","article_publisher":"https:\/\/www.facebook.com\/revistarambla\/","article_published_time":"2011-11-28T20:01:29+00:00","article_modified_time":"2021-12-16T20:04:16+00:00","og_image":[{"width":250,"height":189,"url":"https:\/\/www.revistarambla.com\/wp-content\/uploads\/2011\/11\/hospital.jpg","type":"image\/jpeg"}],"author":"Ver\u00f3nica Encinas Salgado","twitter_card":"summary_large_image","twitter_creator":"@revistarambla","twitter_site":"@revistarambla","twitter_misc":{"Written by":"Ver\u00f3nica Encinas Salgado","Estimated reading time":"2 minutes"},"schema":{"@context":"https:\/\/schema.org","@graph":[{"@type":"Article","@id":"https:\/\/www.revistarambla.com\/trabajadores-y-usuarios-unidos-ante-los-recortes-de-salud\/#article","isPartOf":{"@id":"https:\/\/www.revistarambla.com\/trabajadores-y-usuarios-unidos-ante-los-recortes-de-salud\/"},"author":{"name":"Ver\u00f3nica Encinas Salgado","@id":"https:\/\/www.revistarambla.com\/#\/schema\/person\/d5b8d7715dcc8b0e3eeac113266d2af6"},"headline":"Trabajadores y usuarios, unidos ante los recortes de Salut","datePublished":"2011-11-28T20:01:29+00:00","dateModified":"2021-12-16T20:04:16+00:00","mainEntityOfPage":{"@id":"https:\/\/www.revistarambla.com\/trabajadores-y-usuarios-unidos-ante-los-recortes-de-salud\/"},"wordCount":403,"commentCount":0,"publisher":{"@id":"https:\/\/www.revistarambla.com\/#organization"},"image":{"@id":"https:\/\/www.revistarambla.com\/trabajadores-y-usuarios-unidos-ante-los-recortes-de-salud\/#primaryimage"},"thumbnailUrl":"https:\/\/www.revistarambla.com\/wp-content\/uploads\/2011\/11\/hospital1.jpg","articleSection":["Actualidad","Barcelona"],"inLanguage":"en-GB","potentialAction":[{"@type":"CommentAction","name":"Comment","target":["https:\/\/www.revistarambla.com\/trabajadores-y-usuarios-unidos-ante-los-recortes-de-salud\/#respond"]}]},{"@type":"WebPage","@id":"https:\/\/www.revistarambla.com\/trabajadores-y-usuarios-unidos-ante-los-recortes-de-salud\/","url":"https:\/\/www.revistarambla.com\/trabajadores-y-usuarios-unidos-ante-los-recortes-de-salud\/","name":"Trabajadores y usuarios, unidos ante los recortes de Salut - Revista Rambla","isPartOf":{"@id":"https:\/\/www.revistarambla.com\/#website"},"primaryImageOfPage":{"@id":"https:\/\/www.revistarambla.com\/trabajadores-y-usuarios-unidos-ante-los-recortes-de-salud\/#primaryimage"},"image":{"@id":"https:\/\/www.revistarambla.com\/trabajadores-y-usuarios-unidos-ante-los-recortes-de-salud\/#primaryimage"},"thumbnailUrl":"https:\/\/www.revistarambla.com\/wp-content\/uploads\/2011\/11\/hospital1.jpg","datePublished":"2011-11-28T20:01:29+00:00","dateModified":"2021-12-16T20:04:16+00:00","breadcrumb":{"@id":"https:\/\/www.revistarambla.com\/trabajadores-y-usuarios-unidos-ante-los-recortes-de-salud\/#breadcrumb"},"inLanguage":"en-GB","potentialAction":[{"@type":"ReadAction","target":["https:\/\/www.revistarambla.com\/trabajadores-y-usuarios-unidos-ante-los-recortes-de-salud\/"]}]},{"@type":"ImageObject","inLanguage":"en-GB","@id":"https:\/\/www.revistarambla.com\/trabajadores-y-usuarios-unidos-ante-los-recortes-de-salud\/#primaryimage","url":"https:\/\/www.revistarambla.com\/wp-content\/uploads\/2011\/11\/hospital1.jpg","contentUrl":"https:\/\/www.revistarambla.com\/wp-content\/uploads\/2011\/11\/hospital1.jpg"},{"@type":"BreadcrumbList","@id":"https:\/\/www.revistarambla.com\/trabajadores-y-usuarios-unidos-ante-los-recortes-de-salud\/#breadcrumb","itemListElement":[{"@type":"ListItem","position":1,"name":"Portada","item":"https:\/\/www.revistarambla.com\/"},{"@type":"ListItem","position":2,"name":"Trabajadores y usuarios, unidos ante los recortes de Salut"}]},{"@type":"WebSite","@id":"https:\/\/www.revistarambla.com\/#website","url":"https:\/\/www.revistarambla.com\/","name":"Revista Rambla Barcelona","description":"Periodismo independiente","publisher":{"@id":"https:\/\/www.revistarambla.com\/#organization"},"potentialAction":[{"@type":"SearchAction","target":{"@type":"EntryPoint","urlTemplate":"https:\/\/www.revistarambla.com\/?s={search_term_string}"},"query-input":{"@type":"PropertyValueSpecification","valueRequired":true,"valueName":"search_term_string"}}],"inLanguage":"en-GB"},{"@type":"Organization","@id":"https:\/\/www.revistarambla.com\/#organization","name":"Revista Rambla","url":"https:\/\/www.revistarambla.com\/","logo":{"@type":"ImageObject","inLanguage":"en-GB","@id":"https:\/\/www.revistarambla.com\/#\/schema\/logo\/image\/","url":"https:\/\/www.revistarambla.com\/wp-content\/uploads\/2020\/09\/banner_rambla_1900x600_BB.png","contentUrl":"https:\/\/www.revistarambla.com\/wp-content\/uploads\/2020\/09\/banner_rambla_1900x600_BB.png","width":1900,"height":600,"caption":"Revista Rambla"},"image":{"@id":"https:\/\/www.revistarambla.com\/#\/schema\/logo\/image\/"},"sameAs":["https:\/\/www.facebook.com\/revistarambla\/","https:\/\/x.com\/revistarambla","https:\/\/www.instagram.com\/revista_rambla","https:\/\/es.linkedin.com\/company\/revista-rambla"]},{"@type":"Person","@id":"https:\/\/www.revistarambla.com\/#\/schema\/person\/d5b8d7715dcc8b0e3eeac113266d2af6","name":"Ver\u00f3nica Encinas Salgado","description":"Licenciada en Ciencias Pol\u00edticas por la Universidad Aut\u00f3noma de Barcelona y especializada en periodismo y comunicaci\u00f3n digital.","sameAs":["https:\/\/www.instagram.com\/veronica.encinas.salgado\/","https:\/\/es.linkedin.com\/in\/veronicaencinassalgado"]}]}},"_links":{"self":[{"href":"https:\/\/www.revistarambla.com\/en\/wp-json\/wp\/v2\/posts\/1255","targetHints":{"allow":["GET"]}}],"collection":[{"href":"https:\/\/www.revistarambla.com\/en\/wp-json\/wp\/v2\/posts"}],"about":[{"href":"https:\/\/www.revistarambla.com\/en\/wp-json\/wp\/v2\/types\/post"}],"author":[{"embeddable":true,"href":"https:\/\/www.revistarambla.com\/en\/wp-json\/wp\/v2\/users\/66"}],"replies":[{"embeddable":true,"href":"https:\/\/www.revistarambla.com\/en\/wp-json\/wp\/v2\/comments?post=1255"}],"version-history":[{"count":0,"href":"https:\/\/www.revistarambla.com\/en\/wp-json\/wp\/v2\/posts\/1255\/revisions"}],"wp:attachment":[{"href":"https:\/\/www.revistarambla.com\/en\/wp-json\/wp\/v2\/media?parent=1255"}],"wp:term":[{"taxonomy":"category","embeddable":true,"href":"https:\/\/www.revistarambla.com\/en\/wp-json\/wp\/v2\/categories?post=1255"},{"taxonomy":"post_tag","embeddable":true,"href":"https:\/\/www.revistarambla.com\/en\/wp-json\/wp\/v2\/tags?post=1255"}],"curies":[{"name":"wp","href":"https:\/\/api.w.org\/{rel}","templated":true}]}}