{"id":12543,"date":"2017-05-09T09:06:33","date_gmt":"2017-05-09T07:06:33","guid":{"rendered":"https:\/\/www.revistarambla.com\/?p=12543"},"modified":"2022-10-21T17:22:45","modified_gmt":"2022-10-21T15:22:45","slug":"de-la-mocion-de-censura-a-la-locion-de-ternura","status":"publish","type":"post","link":"https:\/\/www.revistarambla.com\/en\/de-la-mocion-de-censura-a-la-locion-de-ternura\/","title":{"rendered":"De la moci\u00f3n de censura a la loci\u00f3n de ternura"},"content":{"rendered":"<p style=\"text-align: justify;\">Es bien conocida la afici\u00f3n que Zeus ten\u00eda por el transformismo a la hora de dar rienda suelta a sus inclinaciones calenturientas. Ignoramos si \u00c1ngela Merkel fue la \u00faltima encarnaci\u00f3n de la m\u00e1xima autoridad del Olimpo, pero es sabido que la divinidad griega ya logr\u00f3 en una ocasi\u00f3n secuestrar a Europa convertido en un toro. Del mismo modo, la hermosa Leda fue sorprendida por el sical\u00edptico dios transformado en cisne y aunque no sabemos muchos detalles de aquel inesperado encuentro a orillas del r\u00edo Eurotas, la buena muchacha sali\u00f3 de aquel incidente poniendo alg\u00fan que otro huevo.<\/p>\n<figure id=\"attachment_12545\" aria-describedby=\"caption-attachment-12545\" style=\"width: 567px\" class=\"wp-caption aligncenter\"><img decoding=\"async\" class=\"wp-image-12545 size-full\" src=\"https:\/\/www.revistarambla.com\/wp-content\/uploads\/2017\/05\/soe-02.jpg\" alt=\"\" width=\"567\" height=\"629\" srcset=\"https:\/\/www.revistarambla.com\/wp-content\/uploads\/2017\/05\/soe-02.jpg 567w, https:\/\/www.revistarambla.com\/wp-content\/uploads\/2017\/05\/soe-02-270x300.jpg 270w, https:\/\/www.revistarambla.com\/wp-content\/uploads\/2017\/05\/soe-02-500x555.jpg 500w\" sizes=\"(max-width: 567px) 100vw, 567px\" \/><figcaption id=\"caption-attachment-12545\" class=\"wp-caption-text\">Ilustra Marili Romero.<\/figcaption><\/figure>\n<p style=\"text-align: justify;\">Pero las artes de la transmutaci\u00f3n no son monopolio de Zeus. La derecha espa\u00f1ola demostr\u00f3 sus habilidades en este campo al pasar sin despeinarse del nacionalcatolicisimo a la democracia. Y en ese travestismo sigue empe\u00f1ado el PP, ahora a cuentas de la corrupci\u00f3n, como hemos podido comprobar estos d\u00edas con la milagrosa transformaci\u00f3n de Carlos Fabra que, gracias a la p\u00e9rdida de algunos quilos, un m\u00ednimo cambio en el peinado y la sustituci\u00f3n de las gafas oscuras por un ojo de cristal, ha logrado ocultar su imagen de disc\u00edpulo aventajado de Corleone tras un apacible <em>look<\/em> de viajante de comercio.<\/p>\n<p style=\"text-align: justify;\">Pero por desgracia para Mariano Rajoy los populares no son inmortales ni alcanzan el poder de los dioses. As\u00ed que a veces \u2013demasiadas veces\u2013 se les corre el maquillaje dejando entrever el tufillo de cuartel y sacrist\u00eda, a Gallard\u00f3n se le cuelen estrofas del <em>Cara al sol<\/em> mientras carga el f\u00e9retro de alg\u00fan falangista valeroso de la familia, o les estalla un nuevo esc\u00e1ndalo por mucho empe\u00f1o que Manuel Moix ponga en disimular su condici\u00f3n de Fiscal General Anticorrupci\u00f3n. El problema para ellos es que si el personal acept\u00f3 su disimulo democr\u00e1tico a cambio de un sue\u00f1o de prosperidad inmobiliaria, ahora el disfraz de honestidad resulta m\u00e1s dif\u00edcil de asimilar con esta salida de la crisis que nos deja m\u00e1s exitosamente pobres.<\/p>\n<p style=\"text-align: justify;\">La consecuencia es que, indignada por tener tantas razones para indignarse, la gente anda ya cansada de tanta mascarada. Y si a ello le sumamos la debilidad parlamentaria del PP, a nadie deber\u00eda asombrar la moci\u00f3n de censura propuesta por Podemos. A nadie, claro, que no sean el PSOE, Ciudadanos o el PNV. Porque estos grupos, seducidos por los logros obtenidos por la derecha con sus dotes para el travestismo, se afanan estos d\u00edas en dejar constancia de sus maneras en el dif\u00edcil arte de dar gato por liebre. Descubrimos as\u00ed c\u00f3mo la iniciativa lanzada por Pablo Iglesias no hace m\u00e1s que reforzar a un PP que ya estaba acorralado por la firme oposici\u00f3n que ellos realizaban cuando propiciaban la investidura de Rajoy, imped\u00edan la comparecencia del amigo de B\u00e1rcenas en el Congreso, favorec\u00edan la continuidad de los populares en Murcia o negociaban con Montoro los presupuestos.<\/p>\n<p style=\"text-align: justify;\">Una delirante argumentaci\u00f3n que en el caso de los socialistas roza el paroxismo al reprochar a Podemos su \u201cmala fe\u201d al presentar una moci\u00f3n sin los apoyos necesarios y con el af\u00e1n de afianzarse electoralmente como alternativa, pecados que solo pod\u00edan ser virtud cuando los comet\u00eda Felipe Gonz\u00e1lez en 1980 a costa de UCD y del PCE. O cuando los mismos que decapitaron a Pedro S\u00e1nchez por tener el supuesto apoyo de Podemos, le recriminan al partido de Iglesias que no apoyara en su d\u00eda a un S\u00e1nchez que, como honesta y autocr\u00edticamente reconoc\u00eda hace poco Jos\u00e9 Antonio P\u00e9rez Tapias, estaba ideol\u00f3gicamente blindado por Albert Rivera para impedir un pacto por la izquierda.<\/p>\n<p style=\"text-align: justify;\">Es lo que tiene vivir en los tiempos de la posverdad. Aunque todav\u00eda haya quienes piensen que ante del deterioro democr\u00e1tico de ministros y fiscales en fluida comunicaci\u00f3n con los corruptos, frente a la proliferaci\u00f3n de cajas B, financiaciones ilegales y cuentas suizas, o contra el constante saqueo de nuestro bienestar y nuestras libertades, es necesario un contundente posicionamiento \u00e9tico. Para todos esos ingenuos melanc\u00f3licos Susana D\u00edaz ya tiene lista una respuesta inapelable, f\u00e1cil de entender en cualquiera de los \u201cacentos\u201d de Espa\u00f1a. Solo necesitar\u00e1 unos m\u00ednimos cambios, nimiedades comparadas con los que tuvo que acometer Zeus para ser un cisne o Fraga para parecer dem\u00f3crata. Frente a la meliflua <em>moci\u00f3n de censura<\/em> de esa \u201cizquierda in\u00fatil\u201d, la presidenta andaluza contraatacar\u00e1 con una rotunda <em>loci\u00f3n de ternura<\/em>. Rajoy ya se sabe contra las cuerdas.<\/p>","protected":false},"excerpt":{"rendered":"<p>Es bien conocida la afici\u00f3n que Zeus ten\u00eda por el transformismo a la hora de dar rienda suelta a sus inclinaciones calenturientas. Ignoramos si \u00c1ngela Merkel fue la \u00faltima encarnaci\u00f3n de la m\u00e1xima autoridad del Olimpo, pero es sabido que la divinidad griega ya logr\u00f3 en una ocasi\u00f3n secuestrar a [&hellip;]<\/p>\n","protected":false},"author":325,"featured_media":12544,"comment_status":"open","ping_status":"open","sticky":false,"template":"","format":"standard","meta":{"footnotes":""},"categories":[72],"tags":[],"class_list":["post-12543","post","type-post","status-publish","format-standard","has-post-thumbnail","hentry","category-opinion"],"yoast_head":"<!-- This site is optimized with the Yoast SEO plugin v27.5 - https:\/\/yoast.com\/product\/yoast-seo-wordpress\/ -->\n<title>De la moci\u00f3n de censura a la loci\u00f3n de ternura - Revista Rambla<\/title>\n<meta name=\"robots\" content=\"index, follow, max-snippet:-1, max-image-preview:large, max-video-preview:-1\" \/>\n<link rel=\"canonical\" href=\"https:\/\/www.revistarambla.com\/en\/de-la-mocion-de-censura-a-la-locion-de-ternura\/\" \/>\n<meta property=\"og:locale\" content=\"en_GB\" \/>\n<meta property=\"og:type\" content=\"article\" \/>\n<meta property=\"og:title\" content=\"De la moci\u00f3n de censura a la loci\u00f3n de ternura - Revista Rambla\" \/>\n<meta property=\"og:description\" content=\"Es bien conocida la afici\u00f3n que Zeus ten\u00eda por el transformismo a la hora de dar rienda suelta a sus inclinaciones calenturientas. Ignoramos si \u00c1ngela Merkel fue la \u00faltima encarnaci\u00f3n de la m\u00e1xima autoridad del Olimpo, pero es sabido que la divinidad griega ya logr\u00f3 en una ocasi\u00f3n secuestrar a [&hellip;]\" \/>\n<meta property=\"og:url\" content=\"https:\/\/www.revistarambla.com\/en\/de-la-mocion-de-censura-a-la-locion-de-ternura\/\" \/>\n<meta property=\"og:site_name\" content=\"Revista Rambla\" \/>\n<meta property=\"article:publisher\" content=\"https:\/\/www.facebook.com\/revistarambla\/\" \/>\n<meta property=\"article:author\" content=\"https:\/\/www.facebook.com\/josemanuelrambla\/\" \/>\n<meta property=\"article:published_time\" content=\"2017-05-09T07:06:33+00:00\" \/>\n<meta property=\"article:modified_time\" content=\"2022-10-21T15:22:45+00:00\" \/>\n<meta property=\"og:image\" content=\"https:\/\/www.revistarambla.com\/wp-content\/uploads\/2017\/05\/soe-01.jpg\" \/>\n\t<meta property=\"og:image:width\" content=\"734\" \/>\n\t<meta property=\"og:image:height\" content=\"461\" \/>\n\t<meta property=\"og:image:type\" content=\"image\/jpeg\" \/>\n<meta name=\"author\" content=\"Jos\u00e9 Manuel Rambla\" \/>\n<meta name=\"twitter:card\" content=\"summary_large_image\" \/>\n<meta name=\"twitter:creator\" content=\"@jmrambla\" \/>\n<meta name=\"twitter:site\" content=\"@revistarambla\" \/>\n<meta name=\"twitter:label1\" content=\"Written by\" \/>\n\t<meta name=\"twitter:data1\" content=\"Jos\u00e9 Manuel Rambla\" \/>\n\t<meta name=\"twitter:label2\" content=\"Estimated reading time\" \/>\n\t<meta name=\"twitter:data2\" content=\"4 minutes\" \/>\n<script type=\"application\/ld+json\" class=\"yoast-schema-graph\">{\"@context\":\"https:\\\/\\\/schema.org\",\"@graph\":[{\"@type\":\"Article\",\"@id\":\"https:\\\/\\\/www.revistarambla.com\\\/de-la-mocion-de-censura-a-la-locion-de-ternura\\\/#article\",\"isPartOf\":{\"@id\":\"https:\\\/\\\/www.revistarambla.com\\\/de-la-mocion-de-censura-a-la-locion-de-ternura\\\/\"},\"author\":{\"name\":\"Jos\u00e9 Manuel Rambla\",\"@id\":\"https:\\\/\\\/www.revistarambla.com\\\/#\\\/schema\\\/person\\\/f8e404c0293434eaf6a60da08d1123e3\"},\"headline\":\"De la moci\u00f3n de censura a la loci\u00f3n de ternura\",\"datePublished\":\"2017-05-09T07:06:33+00:00\",\"dateModified\":\"2022-10-21T15:22:45+00:00\",\"mainEntityOfPage\":{\"@id\":\"https:\\\/\\\/www.revistarambla.com\\\/de-la-mocion-de-censura-a-la-locion-de-ternura\\\/\"},\"wordCount\":801,\"commentCount\":0,\"publisher\":{\"@id\":\"https:\\\/\\\/www.revistarambla.com\\\/#organization\"},\"image\":{\"@id\":\"https:\\\/\\\/www.revistarambla.com\\\/de-la-mocion-de-censura-a-la-locion-de-ternura\\\/#primaryimage\"},\"thumbnailUrl\":\"https:\\\/\\\/www.revistarambla.com\\\/wp-content\\\/uploads\\\/2017\\\/05\\\/soe-01.jpg\",\"articleSection\":[\"Opiniones\"],\"inLanguage\":\"en-GB\",\"potentialAction\":[{\"@type\":\"CommentAction\",\"name\":\"Comment\",\"target\":[\"https:\\\/\\\/www.revistarambla.com\\\/de-la-mocion-de-censura-a-la-locion-de-ternura\\\/#respond\"]}]},{\"@type\":\"WebPage\",\"@id\":\"https:\\\/\\\/www.revistarambla.com\\\/de-la-mocion-de-censura-a-la-locion-de-ternura\\\/\",\"url\":\"https:\\\/\\\/www.revistarambla.com\\\/de-la-mocion-de-censura-a-la-locion-de-ternura\\\/\",\"name\":\"De la moci\u00f3n de censura a la loci\u00f3n de ternura - Revista Rambla\",\"isPartOf\":{\"@id\":\"https:\\\/\\\/www.revistarambla.com\\\/#website\"},\"primaryImageOfPage\":{\"@id\":\"https:\\\/\\\/www.revistarambla.com\\\/de-la-mocion-de-censura-a-la-locion-de-ternura\\\/#primaryimage\"},\"image\":{\"@id\":\"https:\\\/\\\/www.revistarambla.com\\\/de-la-mocion-de-censura-a-la-locion-de-ternura\\\/#primaryimage\"},\"thumbnailUrl\":\"https:\\\/\\\/www.revistarambla.com\\\/wp-content\\\/uploads\\\/2017\\\/05\\\/soe-01.jpg\",\"datePublished\":\"2017-05-09T07:06:33+00:00\",\"dateModified\":\"2022-10-21T15:22:45+00:00\",\"breadcrumb\":{\"@id\":\"https:\\\/\\\/www.revistarambla.com\\\/de-la-mocion-de-censura-a-la-locion-de-ternura\\\/#breadcrumb\"},\"inLanguage\":\"en-GB\",\"potentialAction\":[{\"@type\":\"ReadAction\",\"target\":[\"https:\\\/\\\/www.revistarambla.com\\\/de-la-mocion-de-censura-a-la-locion-de-ternura\\\/\"]}]},{\"@type\":\"ImageObject\",\"inLanguage\":\"en-GB\",\"@id\":\"https:\\\/\\\/www.revistarambla.com\\\/de-la-mocion-de-censura-a-la-locion-de-ternura\\\/#primaryimage\",\"url\":\"https:\\\/\\\/www.revistarambla.com\\\/wp-content\\\/uploads\\\/2017\\\/05\\\/soe-01.jpg\",\"contentUrl\":\"https:\\\/\\\/www.revistarambla.com\\\/wp-content\\\/uploads\\\/2017\\\/05\\\/soe-01.jpg\",\"width\":734,\"height\":461},{\"@type\":\"BreadcrumbList\",\"@id\":\"https:\\\/\\\/www.revistarambla.com\\\/de-la-mocion-de-censura-a-la-locion-de-ternura\\\/#breadcrumb\",\"itemListElement\":[{\"@type\":\"ListItem\",\"position\":1,\"name\":\"Portada\",\"item\":\"https:\\\/\\\/www.revistarambla.com\\\/\"},{\"@type\":\"ListItem\",\"position\":2,\"name\":\"De la moci\u00f3n de censura a la loci\u00f3n de ternura\"}]},{\"@type\":\"WebSite\",\"@id\":\"https:\\\/\\\/www.revistarambla.com\\\/#website\",\"url\":\"https:\\\/\\\/www.revistarambla.com\\\/\",\"name\":\"Revista Rambla Barcelona\",\"description\":\"Periodismo independiente\",\"publisher\":{\"@id\":\"https:\\\/\\\/www.revistarambla.com\\\/#organization\"},\"potentialAction\":[{\"@type\":\"SearchAction\",\"target\":{\"@type\":\"EntryPoint\",\"urlTemplate\":\"https:\\\/\\\/www.revistarambla.com\\\/?s={search_term_string}\"},\"query-input\":{\"@type\":\"PropertyValueSpecification\",\"valueRequired\":true,\"valueName\":\"search_term_string\"}}],\"inLanguage\":\"en-GB\"},{\"@type\":\"Organization\",\"@id\":\"https:\\\/\\\/www.revistarambla.com\\\/#organization\",\"name\":\"Revista Rambla\",\"url\":\"https:\\\/\\\/www.revistarambla.com\\\/\",\"logo\":{\"@type\":\"ImageObject\",\"inLanguage\":\"en-GB\",\"@id\":\"https:\\\/\\\/www.revistarambla.com\\\/#\\\/schema\\\/logo\\\/image\\\/\",\"url\":\"https:\\\/\\\/www.revistarambla.com\\\/wp-content\\\/uploads\\\/2020\\\/09\\\/banner_rambla_1900x600_BB.png\",\"contentUrl\":\"https:\\\/\\\/www.revistarambla.com\\\/wp-content\\\/uploads\\\/2020\\\/09\\\/banner_rambla_1900x600_BB.png\",\"width\":1900,\"height\":600,\"caption\":\"Revista Rambla\"},\"image\":{\"@id\":\"https:\\\/\\\/www.revistarambla.com\\\/#\\\/schema\\\/logo\\\/image\\\/\"},\"sameAs\":[\"https:\\\/\\\/www.facebook.com\\\/revistarambla\\\/\",\"https:\\\/\\\/x.com\\\/revistarambla\",\"https:\\\/\\\/www.instagram.com\\\/revista_rambla\",\"https:\\\/\\\/es.linkedin.com\\\/company\\\/revista-rambla\"]},{\"@type\":\"Person\",\"@id\":\"https:\\\/\\\/www.revistarambla.com\\\/#\\\/schema\\\/person\\\/f8e404c0293434eaf6a60da08d1123e3\",\"name\":\"Jos\u00e9 Manuel Rambla\",\"description\":\"Periodista cultural y columnista.\",\"sameAs\":[\"https:\\\/\\\/aesteladodelparaiso.com\\\/\",\"https:\\\/\\\/www.facebook.com\\\/josemanuelrambla\\\/\",\"https:\\\/\\\/x.com\\\/jmrambla\"]}]}<\/script>\n<!-- \/ Yoast SEO plugin. -->","yoast_head_json":{"title":"De la moci\u00f3n de censura a la loci\u00f3n de ternura - Revista Rambla","robots":{"index":"index","follow":"follow","max-snippet":"max-snippet:-1","max-image-preview":"max-image-preview:large","max-video-preview":"max-video-preview:-1"},"canonical":"https:\/\/www.revistarambla.com\/en\/de-la-mocion-de-censura-a-la-locion-de-ternura\/","og_locale":"en_GB","og_type":"article","og_title":"De la moci\u00f3n de censura a la loci\u00f3n de ternura - Revista Rambla","og_description":"Es bien conocida la afici\u00f3n que Zeus ten\u00eda por el transformismo a la hora de dar rienda suelta a sus inclinaciones calenturientas. Ignoramos si \u00c1ngela Merkel fue la \u00faltima encarnaci\u00f3n de la m\u00e1xima autoridad del Olimpo, pero es sabido que la divinidad griega ya logr\u00f3 en una ocasi\u00f3n secuestrar a [&hellip;]","og_url":"https:\/\/www.revistarambla.com\/en\/de-la-mocion-de-censura-a-la-locion-de-ternura\/","og_site_name":"Revista Rambla","article_publisher":"https:\/\/www.facebook.com\/revistarambla\/","article_author":"https:\/\/www.facebook.com\/josemanuelrambla\/","article_published_time":"2017-05-09T07:06:33+00:00","article_modified_time":"2022-10-21T15:22:45+00:00","og_image":[{"width":734,"height":461,"url":"https:\/\/www.revistarambla.com\/wp-content\/uploads\/2017\/05\/soe-01.jpg","type":"image\/jpeg"}],"author":"Jos\u00e9 Manuel Rambla","twitter_card":"summary_large_image","twitter_creator":"@jmrambla","twitter_site":"@revistarambla","twitter_misc":{"Written by":"Jos\u00e9 Manuel Rambla","Estimated reading time":"4 minutes"},"schema":{"@context":"https:\/\/schema.org","@graph":[{"@type":"Article","@id":"https:\/\/www.revistarambla.com\/de-la-mocion-de-censura-a-la-locion-de-ternura\/#article","isPartOf":{"@id":"https:\/\/www.revistarambla.com\/de-la-mocion-de-censura-a-la-locion-de-ternura\/"},"author":{"name":"Jos\u00e9 Manuel Rambla","@id":"https:\/\/www.revistarambla.com\/#\/schema\/person\/f8e404c0293434eaf6a60da08d1123e3"},"headline":"De la moci\u00f3n de censura a la loci\u00f3n de ternura","datePublished":"2017-05-09T07:06:33+00:00","dateModified":"2022-10-21T15:22:45+00:00","mainEntityOfPage":{"@id":"https:\/\/www.revistarambla.com\/de-la-mocion-de-censura-a-la-locion-de-ternura\/"},"wordCount":801,"commentCount":0,"publisher":{"@id":"https:\/\/www.revistarambla.com\/#organization"},"image":{"@id":"https:\/\/www.revistarambla.com\/de-la-mocion-de-censura-a-la-locion-de-ternura\/#primaryimage"},"thumbnailUrl":"https:\/\/www.revistarambla.com\/wp-content\/uploads\/2017\/05\/soe-01.jpg","articleSection":["Opiniones"],"inLanguage":"en-GB","potentialAction":[{"@type":"CommentAction","name":"Comment","target":["https:\/\/www.revistarambla.com\/de-la-mocion-de-censura-a-la-locion-de-ternura\/#respond"]}]},{"@type":"WebPage","@id":"https:\/\/www.revistarambla.com\/de-la-mocion-de-censura-a-la-locion-de-ternura\/","url":"https:\/\/www.revistarambla.com\/de-la-mocion-de-censura-a-la-locion-de-ternura\/","name":"De la moci\u00f3n de censura a la loci\u00f3n de ternura - Revista Rambla","isPartOf":{"@id":"https:\/\/www.revistarambla.com\/#website"},"primaryImageOfPage":{"@id":"https:\/\/www.revistarambla.com\/de-la-mocion-de-censura-a-la-locion-de-ternura\/#primaryimage"},"image":{"@id":"https:\/\/www.revistarambla.com\/de-la-mocion-de-censura-a-la-locion-de-ternura\/#primaryimage"},"thumbnailUrl":"https:\/\/www.revistarambla.com\/wp-content\/uploads\/2017\/05\/soe-01.jpg","datePublished":"2017-05-09T07:06:33+00:00","dateModified":"2022-10-21T15:22:45+00:00","breadcrumb":{"@id":"https:\/\/www.revistarambla.com\/de-la-mocion-de-censura-a-la-locion-de-ternura\/#breadcrumb"},"inLanguage":"en-GB","potentialAction":[{"@type":"ReadAction","target":["https:\/\/www.revistarambla.com\/de-la-mocion-de-censura-a-la-locion-de-ternura\/"]}]},{"@type":"ImageObject","inLanguage":"en-GB","@id":"https:\/\/www.revistarambla.com\/de-la-mocion-de-censura-a-la-locion-de-ternura\/#primaryimage","url":"https:\/\/www.revistarambla.com\/wp-content\/uploads\/2017\/05\/soe-01.jpg","contentUrl":"https:\/\/www.revistarambla.com\/wp-content\/uploads\/2017\/05\/soe-01.jpg","width":734,"height":461},{"@type":"BreadcrumbList","@id":"https:\/\/www.revistarambla.com\/de-la-mocion-de-censura-a-la-locion-de-ternura\/#breadcrumb","itemListElement":[{"@type":"ListItem","position":1,"name":"Portada","item":"https:\/\/www.revistarambla.com\/"},{"@type":"ListItem","position":2,"name":"De la moci\u00f3n de censura a la loci\u00f3n de ternura"}]},{"@type":"WebSite","@id":"https:\/\/www.revistarambla.com\/#website","url":"https:\/\/www.revistarambla.com\/","name":"Revista Rambla Barcelona","description":"Periodismo independiente","publisher":{"@id":"https:\/\/www.revistarambla.com\/#organization"},"potentialAction":[{"@type":"SearchAction","target":{"@type":"EntryPoint","urlTemplate":"https:\/\/www.revistarambla.com\/?s={search_term_string}"},"query-input":{"@type":"PropertyValueSpecification","valueRequired":true,"valueName":"search_term_string"}}],"inLanguage":"en-GB"},{"@type":"Organization","@id":"https:\/\/www.revistarambla.com\/#organization","name":"Revista Rambla","url":"https:\/\/www.revistarambla.com\/","logo":{"@type":"ImageObject","inLanguage":"en-GB","@id":"https:\/\/www.revistarambla.com\/#\/schema\/logo\/image\/","url":"https:\/\/www.revistarambla.com\/wp-content\/uploads\/2020\/09\/banner_rambla_1900x600_BB.png","contentUrl":"https:\/\/www.revistarambla.com\/wp-content\/uploads\/2020\/09\/banner_rambla_1900x600_BB.png","width":1900,"height":600,"caption":"Revista Rambla"},"image":{"@id":"https:\/\/www.revistarambla.com\/#\/schema\/logo\/image\/"},"sameAs":["https:\/\/www.facebook.com\/revistarambla\/","https:\/\/x.com\/revistarambla","https:\/\/www.instagram.com\/revista_rambla","https:\/\/es.linkedin.com\/company\/revista-rambla"]},{"@type":"Person","@id":"https:\/\/www.revistarambla.com\/#\/schema\/person\/f8e404c0293434eaf6a60da08d1123e3","name":"Jos\u00e9 Manuel Rambla","description":"Periodista cultural y columnista.","sameAs":["https:\/\/aesteladodelparaiso.com\/","https:\/\/www.facebook.com\/josemanuelrambla\/","https:\/\/x.com\/jmrambla"]}]}},"_links":{"self":[{"href":"https:\/\/www.revistarambla.com\/en\/wp-json\/wp\/v2\/posts\/12543","targetHints":{"allow":["GET"]}}],"collection":[{"href":"https:\/\/www.revistarambla.com\/en\/wp-json\/wp\/v2\/posts"}],"about":[{"href":"https:\/\/www.revistarambla.com\/en\/wp-json\/wp\/v2\/types\/post"}],"author":[{"embeddable":true,"href":"https:\/\/www.revistarambla.com\/en\/wp-json\/wp\/v2\/users\/325"}],"replies":[{"embeddable":true,"href":"https:\/\/www.revistarambla.com\/en\/wp-json\/wp\/v2\/comments?post=12543"}],"version-history":[{"count":1,"href":"https:\/\/www.revistarambla.com\/en\/wp-json\/wp\/v2\/posts\/12543\/revisions"}],"predecessor-version":[{"id":48285,"href":"https:\/\/www.revistarambla.com\/en\/wp-json\/wp\/v2\/posts\/12543\/revisions\/48285"}],"wp:featuredmedia":[{"embeddable":true,"href":"https:\/\/www.revistarambla.com\/en\/wp-json\/wp\/v2\/media\/12544"}],"wp:attachment":[{"href":"https:\/\/www.revistarambla.com\/en\/wp-json\/wp\/v2\/media?parent=12543"}],"wp:term":[{"taxonomy":"category","embeddable":true,"href":"https:\/\/www.revistarambla.com\/en\/wp-json\/wp\/v2\/categories?post=12543"},{"taxonomy":"post_tag","embeddable":true,"href":"https:\/\/www.revistarambla.com\/en\/wp-json\/wp\/v2\/tags?post=12543"}],"curies":[{"name":"wp","href":"https:\/\/api.w.org\/{rel}","templated":true}]}}