{"id":12537,"date":"2017-05-09T08:47:13","date_gmt":"2017-05-09T06:47:13","guid":{"rendered":"https:\/\/www.revistarambla.com\/?p=12537"},"modified":"2021-04-02T18:07:31","modified_gmt":"2021-04-02T16:07:31","slug":"presos-palestinos-continuan-en-huelga-de-hambre","status":"publish","type":"post","link":"https:\/\/www.revistarambla.com\/en\/presos-palestinos-continuan-en-huelga-de-hambre\/","title":{"rendered":"Presos palestinos contin\u00faan en huelga de hambre"},"content":{"rendered":"<p style=\"text-align: justify;\">La huelga de hambre iniciada el 17 de abril por miles de prisioneros palestinos en defensa de los derechos fundamentales, tales como el acceso a la atenci\u00f3n m\u00e9dica, las visitas familiares y el fin del r\u00e9gimen de aislamiento y c\u00e1rceles sin cargos, ni juicio, ha cumplido m\u00e1s de medio mes, con m\u00e1s de 1.500 reclusos en la protesta.<\/p>\n<p style=\"text-align: justify;\"><img decoding=\"async\" class=\"alignleft wp-image-12539\" src=\"https:\/\/www.revistarambla.com\/wp-content\/uploads\/2017\/05\/palestinos-03.jpg\" width=\"295\" height=\"525\" srcset=\"https:\/\/www.revistarambla.com\/wp-content\/uploads\/2017\/05\/palestinos-03.jpg 382w, https:\/\/www.revistarambla.com\/wp-content\/uploads\/2017\/05\/palestinos-03-169x300.jpg 169w\" sizes=\"(max-width: 295px) 100vw, 295px\" \/>La huelga de hambre iniciada el 17 de abril por miles de prisioneros palestinos en defensa de los derechos fundamentales, tales como el acceso a la atenci\u00f3n m\u00e9dica, las visitas familiares y el fin del r\u00e9gimen de aislamiento y c\u00e1rceles sin cargos, ni juicio, ha cumplido m\u00e1s de medio mes, con m\u00e1s de 1.500 reclusos en la protesta.<\/p>\n<p style=\"text-align: justify;\">La represi\u00f3n es algo habitual en las c\u00e1rceles israel\u00edes, negaci\u00f3n de abogados, privaci\u00f3n de las visitas familiares, los aislamientos prolongados o la transferencia continua de prisi\u00f3n a prisi\u00f3n.<\/p>\n<p style=\"text-align: justify;\">Seg\u00fan la red solidaria Samidoun, los servicios penitenciarios han tratado de crear un canal de comunicaci\u00f3n que exclu\u00eda a los l\u00edderes de la huelga, como el hist\u00f3rico Marwan Barghouti, el portavoz designado de los miembros de Fatah en huelga de hambre. Pero los l\u00edderes restantes de la huelga, como Karim Younes, palestinos con el mayor n\u00famero de a\u00f1os de c\u00e1rcel, se negaron a negociar si se excluyera Barghouti. En Jerusal\u00e9n, la protesta de solidaridad con los 1.500 presos en huelga de hambre en las c\u00e1rceles israel\u00edes fue reprimida por las fuerzas de ocupaci\u00f3n.<\/p>\n<p style=\"text-align: justify;\">Tambi\u00e9n en Sebastia, al noroeste de Nablus, fueron atacados partidarios de los huelguistas de hambre, esta vez con gases lacrim\u00f3genos, la noche del pasado domingo. Las acciones de apoyo y solidaridad se han multiplicado en los territorios ocupados, con las celebraciones del 1 de mayo al integrar esta lucha en sus mensajes. Lo mismo ocurri\u00f3 en varios pa\u00edses de todo el mundo.<\/p>\n<p style=\"text-align: justify;\">\u00bfQu\u00e9 exigen los presos palestinos en huelga de hambre?<\/p>\n<p style=\"text-align: justify;\">1.- La instalaci\u00f3n de un tel\u00e9fono p\u00fablico para prisioneros palestinos en todas las prisiones y secciones para que puedan comunicarse con sus familiares.<\/p>\n<p style=\"text-align: justify;\">2.- Visitas-Restablecer la segunda visita mensual que hab\u00eda sido suspendida por la Cruz Roja.<\/p>\n<p style=\"text-align: justify;\">-Regularidad en las visitas cada dos semanas y no deshabilitarlas.<\/p>\n<p style=\"text-align: justify;\">-Ning\u00fan pariente del primer y segundo grado ser\u00e1 impedido de visitar a un preso.<\/p>\n<p style=\"text-align: justify;\">-Aumento de la duraci\u00f3n de la visita desde 45 minutos a una hora y media.<\/p>\n<p style=\"text-align: justify;\">-Permitir al prisionero tomarse fotos con sus padres cada tres meses<\/p>\n<p style=\"text-align: justify;\">-El tratamiento humano de los familiares que visiten la prisi\u00f3n.<\/p>\n<p style=\"text-align: justify;\">-Permitir hijos y nietos menores de 16 a\u00f1os de edad en cada visita.<\/p>\n<p style=\"text-align: justify;\">3.- Archivo m\u00e9dico<\/p>\n<p style=\"text-align: justify;\">-Cerrar el supuesto \u201cRamla Prison Hospital\u201d por no otorgar tratamientos necesarios.<\/p>\n<p style=\"text-align: justify;\">-Terminar la pol\u00edtica de negligencia m\u00e9dica.<\/p>\n<p style=\"text-align: justify;\">-Realizar ex\u00e1menes m\u00e9dicos peri\u00f3dicamente.<\/p>\n<p style=\"text-align: justify;\">-Realizar operaciones r\u00e1pida y excepcionalmente.<\/p>\n<p style=\"text-align: justify;\">-Permitir el ingreso de m\u00e9dicos especialistas internacionales.<\/p>\n<p style=\"text-align: justify;\">-Liberaci\u00f3n de prisioneros enfermos, especialmente aquellos con discapacidad y enfermedades cr\u00f3nicas.<\/p>\n<p style=\"text-align: justify;\">-No cobrar al prisionero el costo del tratamiento.<\/p>\n<p style=\"text-align: justify;\">4.- Responder a las necesidades y demandas de las prisioneras palestinas, tanto de transporte privado y de reuni\u00f3n directa sin barrera durante la visita.<\/p>\n<p style=\"text-align: justify;\"><img decoding=\"async\" class=\"alignright wp-image-12541\" src=\"https:\/\/www.revistarambla.com\/wp-content\/uploads\/2017\/05\/palestinos-02-1.jpg\" width=\"225\" height=\"401\" srcset=\"https:\/\/www.revistarambla.com\/wp-content\/uploads\/2017\/05\/palestinos-02-1.jpg 382w, https:\/\/www.revistarambla.com\/wp-content\/uploads\/2017\/05\/palestinos-02-1-169x300.jpg 169w\" sizes=\"(max-width: 225px) 100vw, 225px\" \/>5.-\u00a0Al Bosta\u00a0(Nota:\u00a0Bosta\u00a0es el nombre que reciben los veh\u00edculos del Estado de Israel destinados a trasladar presos desde las c\u00e1celes hasta tribunales u otros lugares. Sus condiciones imponen diversos tormentos y riesgos para los detenidos, como los de asfixia y ca\u00eddas dentro de \u00e9stos).<\/p>\n<p style=\"text-align: justify;\">-Otorgar trato humano a prisioneros durante sus viajes en bus<\/p>\n<p style=\"text-align: justify;\">-Retornar a los prisioneros a las prisiones desde las cl\u00ednicas y tribunales, y no dejarlos en los cruces.<\/p>\n<p style=\"text-align: justify;\">-Preparaci\u00f3n de cruces para uso humano y otorgamiento de comida.<\/p>\n<p style=\"text-align: justify;\">-Sumar canales satelitales adecuados a la necesidad de los prisioneros<\/p>\n<p style=\"text-align: justify;\">-Instalaci\u00f3n de aire acondicionado en prisiones, especialmente en las prisiones de Megiddo y Gilboa.<\/p>\n<p style=\"text-align: justify;\">-El retorno de cocinas para todos las c\u00e1rceles y colocarlas bajo la supervisi\u00f3n de los prisioneros palestinos.<\/p>\n<p style=\"text-align: justify;\">-La introducci\u00f3n de libros, peri\u00f3dicos, ropa, comida y especiales prop\u00f3sitos de los prisioneros en visita<\/p>\n<p style=\"text-align: justify;\">-Fin a la pol\u00edtica del confinamiento solitario<\/p>\n<p style=\"text-align: justify;\">-Fin a la pol\u00edtica de detenci\u00f3n administrativa (Nota de Resumen: Esta es una figura jur\u00eddica a trav\u00e9s de la cual el Estado de Israel ha justificado la detenci\u00f3n y encarcelamiento de miles de palestinos por seis meses prorrogables indefinidamente, sin mediar juicio alguno. Hay presos que han pasado m\u00e1s de una d\u00e9cada en prisi\u00f3n bajo esta figura).<\/p>\n<p style=\"text-align: justify;\"><img decoding=\"async\" class=\"aligncenter size-full wp-image-12551\" src=\"https:\/\/www.revistarambla.com\/wp-content\/uploads\/2017\/05\/CartelPalestina-e1494315477195.jpg\" alt=\"\" width=\"700\" height=\"386\" srcset=\"https:\/\/www.revistarambla.com\/wp-content\/uploads\/2017\/05\/CartelPalestina-e1494315477195.jpg 700w, https:\/\/www.revistarambla.com\/wp-content\/uploads\/2017\/05\/CartelPalestina-e1494315477195-300x165.jpg 300w, https:\/\/www.revistarambla.com\/wp-content\/uploads\/2017\/05\/CartelPalestina-e1494315477195-500x276.jpg 500w\" sizes=\"(max-width: 700px) 100vw, 700px\" \/><\/p>\n<p style=\"text-align: justify;\">-Volver a permitir la educaci\u00f3n a trav\u00e9s de la Universidad Hebrea Abierta.<\/p>\n<p style=\"text-align: justify;\">-Permitir a los prisioneros presentar los ex\u00e1menes Tawjihi (de ense\u00f1anza secundaria]) en la manera formal y acordada.<\/p>\n<p style=\"text-align: justify;\">Durante el transcurso de los primeros doce d\u00edas de la huelga de hambre, se han unido nuevos grupos de presos a \u00e9sta y otros han decidido resistirse a ingerir agua. En este contexto, el jueves reci\u00e9n pasado se llev\u00f3 a cabo una huelga general en toda Palestina en apoyo a los presos. Durante esta jornada, el ej\u00e9rcito israel\u00ed atac\u00f3 con armas de fuego y proyectiles met\u00e1licos recubiertos de goma a los manifestantes, quienes se defendieron con barricadas, piedras y c\u00f3cteles molotov. D\u00edas antes, un grupo de israel\u00edes se hab\u00eda reunido fuera de la c\u00e1rcel de Ofer, en Cisjordania, donde un grupo de prisioneros permanece en ayuno, para asar carne y burlarse de ellos.<\/p>\n<p style=\"text-align: justify;\"><strong>*\u00a0<\/strong>Con informaci\u00f3n de Esquerda.net, Resumen cl., Addameer, Samidoun<br \/>\n#FreePalestina #PalestinaLibre<\/p>","protected":false},"excerpt":{"rendered":"<p>La huelga de hambre iniciada el 17 de abril por miles de prisioneros palestinos en defensa de los derechos fundamentales, tales como el acceso a la atenci\u00f3n m\u00e9dica, las visitas familiares y el fin del r\u00e9gimen de aislamiento y c\u00e1rceles sin cargos, ni juicio, ha cumplido m\u00e1s de medio mes, [&hellip;]<\/p>\n","protected":false},"author":3,"featured_media":12538,"comment_status":"open","ping_status":"open","sticky":false,"template":"","format":"standard","meta":{"footnotes":""},"categories":[3,57],"tags":[],"class_list":["post-12537","post","type-post","status-publish","format-standard","has-post-thumbnail","hentry","category-actualidad","category-global"],"yoast_head":"<!-- This site is optimized with the Yoast SEO plugin v27.5 - https:\/\/yoast.com\/product\/yoast-seo-wordpress\/ -->\n<title>Presos palestinos contin\u00faan en huelga de hambre - Revista Rambla<\/title>\n<meta name=\"robots\" content=\"index, follow, max-snippet:-1, max-image-preview:large, max-video-preview:-1\" \/>\n<link rel=\"canonical\" href=\"https:\/\/www.revistarambla.com\/en\/presos-palestinos-continuan-en-huelga-de-hambre\/\" \/>\n<meta property=\"og:locale\" content=\"en_GB\" \/>\n<meta property=\"og:type\" content=\"article\" \/>\n<meta property=\"og:title\" content=\"Presos palestinos contin\u00faan en huelga de hambre - Revista Rambla\" \/>\n<meta property=\"og:description\" content=\"La huelga de hambre iniciada el 17 de abril por miles de prisioneros palestinos en defensa de los derechos fundamentales, tales como el acceso a la atenci\u00f3n m\u00e9dica, las visitas familiares y el fin del r\u00e9gimen de aislamiento y c\u00e1rceles sin cargos, ni juicio, ha cumplido m\u00e1s de medio mes, [&hellip;]\" \/>\n<meta property=\"og:url\" content=\"https:\/\/www.revistarambla.com\/en\/presos-palestinos-continuan-en-huelga-de-hambre\/\" \/>\n<meta property=\"og:site_name\" content=\"Revista Rambla\" \/>\n<meta property=\"article:publisher\" content=\"https:\/\/www.facebook.com\/revistarambla\/\" \/>\n<meta property=\"article:author\" content=\"https:\/\/www.facebook.com\/revistarambla\" \/>\n<meta property=\"article:published_time\" content=\"2017-05-09T06:47:13+00:00\" \/>\n<meta property=\"article:modified_time\" content=\"2021-04-02T16:07:31+00:00\" \/>\n<meta property=\"og:image\" content=\"https:\/\/i2.wp.com\/www.revistarambla.com\/wp-content\/uploads\/2017\/05\/palestinos-01.jpg?fit=680%2C382&ssl=1\" \/>\n\t<meta property=\"og:image:width\" content=\"680\" \/>\n\t<meta property=\"og:image:height\" content=\"382\" \/>\n\t<meta property=\"og:image:type\" content=\"image\/jpeg\" \/>\n<meta name=\"author\" content=\"R@mbla\" \/>\n<meta name=\"twitter:card\" content=\"summary_large_image\" \/>\n<meta name=\"twitter:creator\" content=\"@revistarambla\" \/>\n<meta name=\"twitter:site\" content=\"@revistarambla\" \/>\n<meta name=\"twitter:label1\" content=\"Written by\" \/>\n\t<meta name=\"twitter:data1\" content=\"R@mbla\" \/>\n\t<meta name=\"twitter:label2\" content=\"Estimated reading time\" \/>\n\t<meta name=\"twitter:data2\" content=\"5 minutes\" \/>\n<script type=\"application\/ld+json\" class=\"yoast-schema-graph\">{\"@context\":\"https:\\\/\\\/schema.org\",\"@graph\":[{\"@type\":\"Article\",\"@id\":\"https:\\\/\\\/www.revistarambla.com\\\/presos-palestinos-continuan-en-huelga-de-hambre\\\/#article\",\"isPartOf\":{\"@id\":\"https:\\\/\\\/www.revistarambla.com\\\/presos-palestinos-continuan-en-huelga-de-hambre\\\/\"},\"author\":{\"name\":\"R@mbla\",\"@id\":\"https:\\\/\\\/www.revistarambla.com\\\/#\\\/schema\\\/person\\\/a146a5a2550b94981a75131180e1bd9c\"},\"headline\":\"Presos palestinos contin\u00faan en huelga de hambre\",\"datePublished\":\"2017-05-09T06:47:13+00:00\",\"dateModified\":\"2021-04-02T16:07:31+00:00\",\"mainEntityOfPage\":{\"@id\":\"https:\\\/\\\/www.revistarambla.com\\\/presos-palestinos-continuan-en-huelga-de-hambre\\\/\"},\"wordCount\":943,\"commentCount\":0,\"publisher\":{\"@id\":\"https:\\\/\\\/www.revistarambla.com\\\/#organization\"},\"image\":{\"@id\":\"https:\\\/\\\/www.revistarambla.com\\\/presos-palestinos-continuan-en-huelga-de-hambre\\\/#primaryimage\"},\"thumbnailUrl\":\"https:\\\/\\\/www.revistarambla.com\\\/wp-content\\\/uploads\\\/2017\\\/05\\\/palestinos-01.jpg\",\"articleSection\":[\"Actualidad\",\"Global\"],\"inLanguage\":\"en-GB\",\"potentialAction\":[{\"@type\":\"CommentAction\",\"name\":\"Comment\",\"target\":[\"https:\\\/\\\/www.revistarambla.com\\\/presos-palestinos-continuan-en-huelga-de-hambre\\\/#respond\"]}]},{\"@type\":\"WebPage\",\"@id\":\"https:\\\/\\\/www.revistarambla.com\\\/presos-palestinos-continuan-en-huelga-de-hambre\\\/\",\"url\":\"https:\\\/\\\/www.revistarambla.com\\\/presos-palestinos-continuan-en-huelga-de-hambre\\\/\",\"name\":\"Presos palestinos contin\u00faan en huelga de hambre - Revista Rambla\",\"isPartOf\":{\"@id\":\"https:\\\/\\\/www.revistarambla.com\\\/#website\"},\"primaryImageOfPage\":{\"@id\":\"https:\\\/\\\/www.revistarambla.com\\\/presos-palestinos-continuan-en-huelga-de-hambre\\\/#primaryimage\"},\"image\":{\"@id\":\"https:\\\/\\\/www.revistarambla.com\\\/presos-palestinos-continuan-en-huelga-de-hambre\\\/#primaryimage\"},\"thumbnailUrl\":\"https:\\\/\\\/www.revistarambla.com\\\/wp-content\\\/uploads\\\/2017\\\/05\\\/palestinos-01.jpg\",\"datePublished\":\"2017-05-09T06:47:13+00:00\",\"dateModified\":\"2021-04-02T16:07:31+00:00\",\"breadcrumb\":{\"@id\":\"https:\\\/\\\/www.revistarambla.com\\\/presos-palestinos-continuan-en-huelga-de-hambre\\\/#breadcrumb\"},\"inLanguage\":\"en-GB\",\"potentialAction\":[{\"@type\":\"ReadAction\",\"target\":[\"https:\\\/\\\/www.revistarambla.com\\\/presos-palestinos-continuan-en-huelga-de-hambre\\\/\"]}]},{\"@type\":\"ImageObject\",\"inLanguage\":\"en-GB\",\"@id\":\"https:\\\/\\\/www.revistarambla.com\\\/presos-palestinos-continuan-en-huelga-de-hambre\\\/#primaryimage\",\"url\":\"https:\\\/\\\/www.revistarambla.com\\\/wp-content\\\/uploads\\\/2017\\\/05\\\/palestinos-01.jpg\",\"contentUrl\":\"https:\\\/\\\/www.revistarambla.com\\\/wp-content\\\/uploads\\\/2017\\\/05\\\/palestinos-01.jpg\",\"width\":680,\"height\":382},{\"@type\":\"BreadcrumbList\",\"@id\":\"https:\\\/\\\/www.revistarambla.com\\\/presos-palestinos-continuan-en-huelga-de-hambre\\\/#breadcrumb\",\"itemListElement\":[{\"@type\":\"ListItem\",\"position\":1,\"name\":\"Portada\",\"item\":\"https:\\\/\\\/www.revistarambla.com\\\/\"},{\"@type\":\"ListItem\",\"position\":2,\"name\":\"Presos palestinos contin\u00faan en huelga de hambre\"}]},{\"@type\":\"WebSite\",\"@id\":\"https:\\\/\\\/www.revistarambla.com\\\/#website\",\"url\":\"https:\\\/\\\/www.revistarambla.com\\\/\",\"name\":\"Revista Rambla Barcelona\",\"description\":\"Periodismo independiente\",\"publisher\":{\"@id\":\"https:\\\/\\\/www.revistarambla.com\\\/#organization\"},\"potentialAction\":[{\"@type\":\"SearchAction\",\"target\":{\"@type\":\"EntryPoint\",\"urlTemplate\":\"https:\\\/\\\/www.revistarambla.com\\\/?s={search_term_string}\"},\"query-input\":{\"@type\":\"PropertyValueSpecification\",\"valueRequired\":true,\"valueName\":\"search_term_string\"}}],\"inLanguage\":\"en-GB\"},{\"@type\":\"Organization\",\"@id\":\"https:\\\/\\\/www.revistarambla.com\\\/#organization\",\"name\":\"Revista Rambla\",\"url\":\"https:\\\/\\\/www.revistarambla.com\\\/\",\"logo\":{\"@type\":\"ImageObject\",\"inLanguage\":\"en-GB\",\"@id\":\"https:\\\/\\\/www.revistarambla.com\\\/#\\\/schema\\\/logo\\\/image\\\/\",\"url\":\"https:\\\/\\\/www.revistarambla.com\\\/wp-content\\\/uploads\\\/2020\\\/09\\\/banner_rambla_1900x600_BB.png\",\"contentUrl\":\"https:\\\/\\\/www.revistarambla.com\\\/wp-content\\\/uploads\\\/2020\\\/09\\\/banner_rambla_1900x600_BB.png\",\"width\":1900,\"height\":600,\"caption\":\"Revista Rambla\"},\"image\":{\"@id\":\"https:\\\/\\\/www.revistarambla.com\\\/#\\\/schema\\\/logo\\\/image\\\/\"},\"sameAs\":[\"https:\\\/\\\/www.facebook.com\\\/revistarambla\\\/\",\"https:\\\/\\\/x.com\\\/revistarambla\",\"https:\\\/\\\/www.instagram.com\\\/revista_rambla\",\"https:\\\/\\\/es.linkedin.com\\\/company\\\/revista-rambla\"]},{\"@type\":\"Person\",\"@id\":\"https:\\\/\\\/www.revistarambla.com\\\/#\\\/schema\\\/person\\\/a146a5a2550b94981a75131180e1bd9c\",\"name\":\"R@mbla\",\"description\":\"Este art\u00edculo ha sido redactado y\\\/o validado por el equipo de redacci\u00f3n de Revista Rambla.\",\"sameAs\":[\"https:\\\/\\\/www.revistarambla.com\\\/\",\"https:\\\/\\\/www.facebook.com\\\/revistarambla\",\"https:\\\/\\\/x.com\\\/revistarambla\"]}]}<\/script>\n<!-- \/ Yoast SEO plugin. -->","yoast_head_json":{"title":"Presos palestinos contin\u00faan en huelga de hambre - Revista Rambla","robots":{"index":"index","follow":"follow","max-snippet":"max-snippet:-1","max-image-preview":"max-image-preview:large","max-video-preview":"max-video-preview:-1"},"canonical":"https:\/\/www.revistarambla.com\/en\/presos-palestinos-continuan-en-huelga-de-hambre\/","og_locale":"en_GB","og_type":"article","og_title":"Presos palestinos contin\u00faan en huelga de hambre - Revista Rambla","og_description":"La huelga de hambre iniciada el 17 de abril por miles de prisioneros palestinos en defensa de los derechos fundamentales, tales como el acceso a la atenci\u00f3n m\u00e9dica, las visitas familiares y el fin del r\u00e9gimen de aislamiento y c\u00e1rceles sin cargos, ni juicio, ha cumplido m\u00e1s de medio mes, [&hellip;]","og_url":"https:\/\/www.revistarambla.com\/en\/presos-palestinos-continuan-en-huelga-de-hambre\/","og_site_name":"Revista Rambla","article_publisher":"https:\/\/www.facebook.com\/revistarambla\/","article_author":"https:\/\/www.facebook.com\/revistarambla","article_published_time":"2017-05-09T06:47:13+00:00","article_modified_time":"2021-04-02T16:07:31+00:00","og_image":[{"width":680,"height":382,"url":"https:\/\/i2.wp.com\/www.revistarambla.com\/wp-content\/uploads\/2017\/05\/palestinos-01.jpg?fit=680%2C382&ssl=1","type":"image\/jpeg"}],"author":"R@mbla","twitter_card":"summary_large_image","twitter_creator":"@revistarambla","twitter_site":"@revistarambla","twitter_misc":{"Written by":"R@mbla","Estimated reading time":"5 minutes"},"schema":{"@context":"https:\/\/schema.org","@graph":[{"@type":"Article","@id":"https:\/\/www.revistarambla.com\/presos-palestinos-continuan-en-huelga-de-hambre\/#article","isPartOf":{"@id":"https:\/\/www.revistarambla.com\/presos-palestinos-continuan-en-huelga-de-hambre\/"},"author":{"name":"R@mbla","@id":"https:\/\/www.revistarambla.com\/#\/schema\/person\/a146a5a2550b94981a75131180e1bd9c"},"headline":"Presos palestinos contin\u00faan en huelga de hambre","datePublished":"2017-05-09T06:47:13+00:00","dateModified":"2021-04-02T16:07:31+00:00","mainEntityOfPage":{"@id":"https:\/\/www.revistarambla.com\/presos-palestinos-continuan-en-huelga-de-hambre\/"},"wordCount":943,"commentCount":0,"publisher":{"@id":"https:\/\/www.revistarambla.com\/#organization"},"image":{"@id":"https:\/\/www.revistarambla.com\/presos-palestinos-continuan-en-huelga-de-hambre\/#primaryimage"},"thumbnailUrl":"https:\/\/www.revistarambla.com\/wp-content\/uploads\/2017\/05\/palestinos-01.jpg","articleSection":["Actualidad","Global"],"inLanguage":"en-GB","potentialAction":[{"@type":"CommentAction","name":"Comment","target":["https:\/\/www.revistarambla.com\/presos-palestinos-continuan-en-huelga-de-hambre\/#respond"]}]},{"@type":"WebPage","@id":"https:\/\/www.revistarambla.com\/presos-palestinos-continuan-en-huelga-de-hambre\/","url":"https:\/\/www.revistarambla.com\/presos-palestinos-continuan-en-huelga-de-hambre\/","name":"Presos palestinos contin\u00faan en huelga de hambre - Revista Rambla","isPartOf":{"@id":"https:\/\/www.revistarambla.com\/#website"},"primaryImageOfPage":{"@id":"https:\/\/www.revistarambla.com\/presos-palestinos-continuan-en-huelga-de-hambre\/#primaryimage"},"image":{"@id":"https:\/\/www.revistarambla.com\/presos-palestinos-continuan-en-huelga-de-hambre\/#primaryimage"},"thumbnailUrl":"https:\/\/www.revistarambla.com\/wp-content\/uploads\/2017\/05\/palestinos-01.jpg","datePublished":"2017-05-09T06:47:13+00:00","dateModified":"2021-04-02T16:07:31+00:00","breadcrumb":{"@id":"https:\/\/www.revistarambla.com\/presos-palestinos-continuan-en-huelga-de-hambre\/#breadcrumb"},"inLanguage":"en-GB","potentialAction":[{"@type":"ReadAction","target":["https:\/\/www.revistarambla.com\/presos-palestinos-continuan-en-huelga-de-hambre\/"]}]},{"@type":"ImageObject","inLanguage":"en-GB","@id":"https:\/\/www.revistarambla.com\/presos-palestinos-continuan-en-huelga-de-hambre\/#primaryimage","url":"https:\/\/www.revistarambla.com\/wp-content\/uploads\/2017\/05\/palestinos-01.jpg","contentUrl":"https:\/\/www.revistarambla.com\/wp-content\/uploads\/2017\/05\/palestinos-01.jpg","width":680,"height":382},{"@type":"BreadcrumbList","@id":"https:\/\/www.revistarambla.com\/presos-palestinos-continuan-en-huelga-de-hambre\/#breadcrumb","itemListElement":[{"@type":"ListItem","position":1,"name":"Portada","item":"https:\/\/www.revistarambla.com\/"},{"@type":"ListItem","position":2,"name":"Presos palestinos contin\u00faan en huelga de hambre"}]},{"@type":"WebSite","@id":"https:\/\/www.revistarambla.com\/#website","url":"https:\/\/www.revistarambla.com\/","name":"Revista Rambla Barcelona","description":"Periodismo independiente","publisher":{"@id":"https:\/\/www.revistarambla.com\/#organization"},"potentialAction":[{"@type":"SearchAction","target":{"@type":"EntryPoint","urlTemplate":"https:\/\/www.revistarambla.com\/?s={search_term_string}"},"query-input":{"@type":"PropertyValueSpecification","valueRequired":true,"valueName":"search_term_string"}}],"inLanguage":"en-GB"},{"@type":"Organization","@id":"https:\/\/www.revistarambla.com\/#organization","name":"Revista Rambla","url":"https:\/\/www.revistarambla.com\/","logo":{"@type":"ImageObject","inLanguage":"en-GB","@id":"https:\/\/www.revistarambla.com\/#\/schema\/logo\/image\/","url":"https:\/\/www.revistarambla.com\/wp-content\/uploads\/2020\/09\/banner_rambla_1900x600_BB.png","contentUrl":"https:\/\/www.revistarambla.com\/wp-content\/uploads\/2020\/09\/banner_rambla_1900x600_BB.png","width":1900,"height":600,"caption":"Revista Rambla"},"image":{"@id":"https:\/\/www.revistarambla.com\/#\/schema\/logo\/image\/"},"sameAs":["https:\/\/www.facebook.com\/revistarambla\/","https:\/\/x.com\/revistarambla","https:\/\/www.instagram.com\/revista_rambla","https:\/\/es.linkedin.com\/company\/revista-rambla"]},{"@type":"Person","@id":"https:\/\/www.revistarambla.com\/#\/schema\/person\/a146a5a2550b94981a75131180e1bd9c","name":"R@mbla","description":"Este art\u00edculo ha sido redactado y\/o validado por el equipo de redacci\u00f3n de Revista Rambla.","sameAs":["https:\/\/www.revistarambla.com\/","https:\/\/www.facebook.com\/revistarambla","https:\/\/x.com\/revistarambla"]}]}},"_links":{"self":[{"href":"https:\/\/www.revistarambla.com\/en\/wp-json\/wp\/v2\/posts\/12537","targetHints":{"allow":["GET"]}}],"collection":[{"href":"https:\/\/www.revistarambla.com\/en\/wp-json\/wp\/v2\/posts"}],"about":[{"href":"https:\/\/www.revistarambla.com\/en\/wp-json\/wp\/v2\/types\/post"}],"author":[{"embeddable":true,"href":"https:\/\/www.revistarambla.com\/en\/wp-json\/wp\/v2\/users\/3"}],"replies":[{"embeddable":true,"href":"https:\/\/www.revistarambla.com\/en\/wp-json\/wp\/v2\/comments?post=12537"}],"version-history":[{"count":0,"href":"https:\/\/www.revistarambla.com\/en\/wp-json\/wp\/v2\/posts\/12537\/revisions"}],"wp:featuredmedia":[{"embeddable":true,"href":"https:\/\/www.revistarambla.com\/en\/wp-json\/wp\/v2\/media\/12538"}],"wp:attachment":[{"href":"https:\/\/www.revistarambla.com\/en\/wp-json\/wp\/v2\/media?parent=12537"}],"wp:term":[{"taxonomy":"category","embeddable":true,"href":"https:\/\/www.revistarambla.com\/en\/wp-json\/wp\/v2\/categories?post=12537"},{"taxonomy":"post_tag","embeddable":true,"href":"https:\/\/www.revistarambla.com\/en\/wp-json\/wp\/v2\/tags?post=12537"}],"curies":[{"name":"wp","href":"https:\/\/api.w.org\/{rel}","templated":true}]}}