{"id":12371,"date":"2017-04-26T07:59:00","date_gmt":"2017-04-26T05:59:00","guid":{"rendered":"https:\/\/www.revistarambla.com\/?p=12371"},"modified":"2021-12-16T20:53:03","modified_gmt":"2021-12-16T19:53:03","slug":"opinion-un-estado-general-de-corrupcion","status":"publish","type":"post","link":"https:\/\/www.revistarambla.com\/en\/opinion-un-estado-general-de-corrupcion\/","title":{"rendered":"Un estado general de corrupci\u00f3n"},"content":{"rendered":"<p style=\"text-align: left;\">En el Reino de Espa\u00f1a no pasa mucho tiempo sin noticias de corrupci\u00f3n. Hace unos d\u00edas la Guardia Civil detuvo a Ignacio Gonz\u00e1lez, expresidente del gobierno aut\u00f3nomo de la regi\u00f3n de Madrid, por presuntos delitos de corrupci\u00f3n y saqueo de fondos p\u00fablicos. Y hace poco m\u00e1s, la Unidad Central Operativa (UCO) de la Guardia Civil inform\u00f3 al juez que instruye causa contra el exministro de econom\u00eda Rodrigo Rato de presuntos delitos de blanqueo, fraude fiscal y corrupci\u00f3n.<\/p>\n<p style=\"text-align: left;\">Seg\u00fan ese informe, Rato habr\u00eda blanqueado 31 millones de euros y la UCO asegura que la empresa Cor Comunicaci\u00f3n S.L., que \u00e9l mismo fund\u00f3, fue \u201cpensada y creada\u201d para blanquear millones de euros. Tambi\u00e9n el ministerio de Hacienda considera que Cor Comunicaci\u00f3n se constituy\u00f3 para actividades opacas deliberadas. Seg\u00fan informe de la Oficina Antifraude de Hacienda, casi todo el dinero blanqueado por Cor Comunicaci\u00f3n proced\u00eda del pago de facturas de esa empresa de Rato a empresas privatizadas (en cuya privatizaci\u00f3n habr\u00eda intervenido como ministro de econom\u00eda) como Endesa, Paradores, Repsol, BBVA, Retevisi\u00f3n, Telef\u00f3nica, Iberia, Aldeasa, Logista y Azucarera.<\/p>\n<p style=\"text-align: left;\">Las historias judiciales de Rodrigo Rato esclarecen de modo di\u00e1fano la actitud y actuaci\u00f3n de las llamadas \u2018\u00e9lites\u2019 que saquean a la ciudadan\u00eda sin escr\u00fapulo alguno. Una parte de las cuales ha establecido un estado general de corrupci\u00f3n en este pa\u00eds en los \u00faltimos a\u00f1os. Que esa corrupci\u00f3n es un grave problema generalizado lo demuestra que en 2015 y 2016 hayan sido juzgadas en Espa\u00f1a 1.378 personas acusadas de delitos de corrupci\u00f3n, m\u00e1s del 70% de causas juzgadas acabaron con condenas y han sido condenadas 399 personas, seg\u00fan datos del Consejo General del Poder Judicial.<\/p>\n<p style=\"text-align: left;\">Las grandes corrupciones, conocidas y aireadas por la prensa, se\u00f1alan la gravedad de ese tumor que deviene plaga. Como muestra, la Operaci\u00f3n P\u00fanica con la que pol\u00edticos y empresarios organizaron una red para adjudicar servicios p\u00fablicos y contratos a empresas privadas por jugosas comisiones ilegales. Esa red manej\u00f3 adjudicaciones por 250 millones de euros. Una historia corrupta en la que hay presuntamente implicados dirigentes y cargos p\u00fablicos del gobernante Partido Popular, pero no solo del Partido Popular.<\/p>\n<p style=\"text-align: left;\">El caso de los Papeles de B\u00e1rcenas, llamados as\u00ed por el extesorero del PP, es un sumario por apropiaci\u00f3n indebida, en el que habr\u00eda tambi\u00e9n implicados altos cargos del partido del gobierno. Otra corrupci\u00f3n investigada, G\u00fcrtel, muestra una red de corrupci\u00f3n pol\u00edtica, presuntamente vinculada al PP, con 187 acusados (de los que 74 son pol\u00edticos) por fraude fiscal, soborno, blanqueo de capitales y tr\u00e1fico de influencias\u2026<\/p>\n<p style=\"text-align: left;\">En verdad, un panorama vomitivo.<\/p>\n<p style=\"text-align: left;\">Pero inquieta, aflige y alarma a\u00fan m\u00e1s que, a pesar de esc\u00e1ndalos y delitos ampliamente difundidos por los medios, el Partido Popular, con m\u00e1s afectados e imputados que ninguna otra formaci\u00f3n pol\u00edtica, haya retrocedido poco electoralmente. Deber\u00eda haber ca\u00eddo en picado, pero el \u00faltimo sondeo a\u00fan le adjudica 33% de intenci\u00f3n de voto. \u00bfTan mal est\u00e1 este pa\u00eds? \u00bfTan d\u00e9bil es la exigencia \u00e9tica en Espa\u00f1a? Porque lo peor es que, por activa o pasiva, directa o indirectamente, quien finalmente paga el pato de tanta corrupci\u00f3n es la gente de a pie, la gente com\u00fan, el pueblo trabajador. Gente de la que bastantes votan al PP. Lo paga la gente con recortes de sus derechos sociales. Y con insuficiencia de fondos p\u00fablicos para que el pa\u00eds avance, haya empleos y suficientes y salarios dignos. Porque la recuperaci\u00f3n, si es tal, ha de ser para todos, no solo para la minor\u00eda de siempre a costa de los dem\u00e1s.<\/p>\n<p style=\"text-align: left;\">\u00bfEn qu\u00e9 se equivocan grupos, movimientos, organizaciones sociales y pol\u00edticas que quieren cambiar las cosas y mejorar de verdad este pa\u00eds?<\/p>\n<p style=\"text-align: left;\">Una respuesta posible se remonta a la \u201cmod\u00e9lica\u201d transici\u00f3n de la dictadura a la democracia. Que no lo fue tanto ni tan calvo, ni fue mod\u00e9lica en absoluto porque la pilot\u00f3 buena parte de le gente que fue sost\u00e9n de la dictadura franquista durante a\u00f1os. Dictadura de la que representante alguno nunca se arrepinti\u00f3 ni pidi\u00f3 perd\u00f3n por los cr\u00edmenes perpetrados. Como no lo hacen tampoco sus herederos y sucesores, muchos c\u00f3modamente instalados en el PP que sostiene al gobierno.<\/p>\n<p style=\"text-align: left;\">Este cronista est\u00e1 convencido de que hasta que no se entierre muy honda la m\u00e1s leve traza de franquismo, en tanto no nos desprendamos totalmente de toda sombra de la dictadura y sus protagonistas y c\u00f3mplices principales no sean juzgados, rindan cuentas y se reparen da\u00f1os, este pa\u00eds no avanzar\u00e1 nunca.<\/p>\n<p style=\"text-align: left;\">(<strong>*<\/strong>) Xavier Ca\u00f1o, periodista, miembro de ATTAC y del Centro de Colaboraciones Solidarias (CCS).Twitter: @xcanotamayo<\/p>","protected":false},"excerpt":{"rendered":"<p>En el Reino de Espa\u00f1a no pasa mucho tiempo sin noticias de corrupci\u00f3n. Hace unos d\u00edas la Guardia Civil detuvo a Ignacio Gonz\u00e1lez, expresidente del gobierno aut\u00f3nomo de la regi\u00f3n de Madrid, por presuntos delitos de corrupci\u00f3n y saqueo de fondos p\u00fablicos. Y hace poco m\u00e1s, la Unidad Central Operativa [&hellip;]<\/p>\n","protected":false},"author":65,"featured_media":12372,"comment_status":"open","ping_status":"open","sticky":false,"template":"","format":"standard","meta":{"footnotes":""},"categories":[72],"tags":[],"class_list":["post-12371","post","type-post","status-publish","format-standard","has-post-thumbnail","hentry","category-opinion"],"yoast_head":"<!-- This site is optimized with the Yoast SEO plugin v27.5 - https:\/\/yoast.com\/product\/yoast-seo-wordpress\/ -->\n<title>Un estado general de corrupci\u00f3n - Revista Rambla<\/title>\n<meta name=\"robots\" content=\"index, follow, max-snippet:-1, max-image-preview:large, max-video-preview:-1\" \/>\n<link rel=\"canonical\" href=\"https:\/\/www.revistarambla.com\/en\/opinion-un-estado-general-de-corrupcion\/\" \/>\n<meta property=\"og:locale\" content=\"en_GB\" \/>\n<meta property=\"og:type\" content=\"article\" \/>\n<meta property=\"og:title\" content=\"Un estado general de corrupci\u00f3n - Revista Rambla\" \/>\n<meta property=\"og:description\" content=\"En el Reino de Espa\u00f1a no pasa mucho tiempo sin noticias de corrupci\u00f3n. Hace unos d\u00edas la Guardia Civil detuvo a Ignacio Gonz\u00e1lez, expresidente del gobierno aut\u00f3nomo de la regi\u00f3n de Madrid, por presuntos delitos de corrupci\u00f3n y saqueo de fondos p\u00fablicos. Y hace poco m\u00e1s, la Unidad Central Operativa [&hellip;]\" \/>\n<meta property=\"og:url\" content=\"https:\/\/www.revistarambla.com\/en\/opinion-un-estado-general-de-corrupcion\/\" \/>\n<meta property=\"og:site_name\" content=\"Revista Rambla\" \/>\n<meta property=\"article:publisher\" content=\"https:\/\/www.facebook.com\/revistarambla\/\" \/>\n<meta property=\"article:published_time\" content=\"2017-04-26T05:59:00+00:00\" \/>\n<meta property=\"article:modified_time\" content=\"2021-12-16T19:53:03+00:00\" \/>\n<meta property=\"og:image\" content=\"https:\/\/www.revistarambla.com\/wp-content\/uploads\/2017\/04\/corrupcio-11-e1493149615863.jpg\" \/>\n\t<meta property=\"og:image:width\" content=\"700\" \/>\n\t<meta property=\"og:image:height\" content=\"430\" \/>\n\t<meta property=\"og:image:type\" content=\"image\/jpeg\" \/>\n<meta name=\"author\" content=\"Xavier Ca\u00f1o Tamayo\" \/>\n<meta name=\"twitter:card\" content=\"summary_large_image\" \/>\n<meta name=\"twitter:creator\" content=\"@revistarambla\" \/>\n<meta name=\"twitter:site\" content=\"@revistarambla\" \/>\n<meta name=\"twitter:label1\" content=\"Written by\" \/>\n\t<meta name=\"twitter:data1\" content=\"Xavier Ca\u00f1o Tamayo\" \/>\n\t<meta name=\"twitter:label2\" content=\"Estimated reading time\" \/>\n\t<meta name=\"twitter:data2\" content=\"4 minutes\" \/>\n<script type=\"application\/ld+json\" class=\"yoast-schema-graph\">{\"@context\":\"https:\\\/\\\/schema.org\",\"@graph\":[{\"@type\":\"Article\",\"@id\":\"https:\\\/\\\/www.revistarambla.com\\\/opinion-un-estado-general-de-corrupcion\\\/#article\",\"isPartOf\":{\"@id\":\"https:\\\/\\\/www.revistarambla.com\\\/opinion-un-estado-general-de-corrupcion\\\/\"},\"author\":{\"name\":\"Xavier Ca\u00f1o Tamayo\",\"@id\":\"https:\\\/\\\/www.revistarambla.com\\\/#\\\/schema\\\/person\\\/77a3b5e1354f23cb135b9bea3604abeb\"},\"headline\":\"Un estado general de corrupci\u00f3n\",\"datePublished\":\"2017-04-26T05:59:00+00:00\",\"dateModified\":\"2021-12-16T19:53:03+00:00\",\"mainEntityOfPage\":{\"@id\":\"https:\\\/\\\/www.revistarambla.com\\\/opinion-un-estado-general-de-corrupcion\\\/\"},\"wordCount\":826,\"commentCount\":0,\"publisher\":{\"@id\":\"https:\\\/\\\/www.revistarambla.com\\\/#organization\"},\"image\":{\"@id\":\"https:\\\/\\\/www.revistarambla.com\\\/opinion-un-estado-general-de-corrupcion\\\/#primaryimage\"},\"thumbnailUrl\":\"https:\\\/\\\/www.revistarambla.com\\\/wp-content\\\/uploads\\\/2017\\\/04\\\/corrupcio-11-e1493149615863.jpg\",\"articleSection\":[\"Opiniones\"],\"inLanguage\":\"en-GB\",\"potentialAction\":[{\"@type\":\"CommentAction\",\"name\":\"Comment\",\"target\":[\"https:\\\/\\\/www.revistarambla.com\\\/opinion-un-estado-general-de-corrupcion\\\/#respond\"]}]},{\"@type\":\"WebPage\",\"@id\":\"https:\\\/\\\/www.revistarambla.com\\\/opinion-un-estado-general-de-corrupcion\\\/\",\"url\":\"https:\\\/\\\/www.revistarambla.com\\\/opinion-un-estado-general-de-corrupcion\\\/\",\"name\":\"Un estado general de corrupci\u00f3n - Revista Rambla\",\"isPartOf\":{\"@id\":\"https:\\\/\\\/www.revistarambla.com\\\/#website\"},\"primaryImageOfPage\":{\"@id\":\"https:\\\/\\\/www.revistarambla.com\\\/opinion-un-estado-general-de-corrupcion\\\/#primaryimage\"},\"image\":{\"@id\":\"https:\\\/\\\/www.revistarambla.com\\\/opinion-un-estado-general-de-corrupcion\\\/#primaryimage\"},\"thumbnailUrl\":\"https:\\\/\\\/www.revistarambla.com\\\/wp-content\\\/uploads\\\/2017\\\/04\\\/corrupcio-11-e1493149615863.jpg\",\"datePublished\":\"2017-04-26T05:59:00+00:00\",\"dateModified\":\"2021-12-16T19:53:03+00:00\",\"breadcrumb\":{\"@id\":\"https:\\\/\\\/www.revistarambla.com\\\/opinion-un-estado-general-de-corrupcion\\\/#breadcrumb\"},\"inLanguage\":\"en-GB\",\"potentialAction\":[{\"@type\":\"ReadAction\",\"target\":[\"https:\\\/\\\/www.revistarambla.com\\\/opinion-un-estado-general-de-corrupcion\\\/\"]}]},{\"@type\":\"ImageObject\",\"inLanguage\":\"en-GB\",\"@id\":\"https:\\\/\\\/www.revistarambla.com\\\/opinion-un-estado-general-de-corrupcion\\\/#primaryimage\",\"url\":\"https:\\\/\\\/www.revistarambla.com\\\/wp-content\\\/uploads\\\/2017\\\/04\\\/corrupcio-11-e1493149615863.jpg\",\"contentUrl\":\"https:\\\/\\\/www.revistarambla.com\\\/wp-content\\\/uploads\\\/2017\\\/04\\\/corrupcio-11-e1493149615863.jpg\",\"width\":700,\"height\":430},{\"@type\":\"BreadcrumbList\",\"@id\":\"https:\\\/\\\/www.revistarambla.com\\\/opinion-un-estado-general-de-corrupcion\\\/#breadcrumb\",\"itemListElement\":[{\"@type\":\"ListItem\",\"position\":1,\"name\":\"Portada\",\"item\":\"https:\\\/\\\/www.revistarambla.com\\\/\"},{\"@type\":\"ListItem\",\"position\":2,\"name\":\"Un estado general de corrupci\u00f3n\"}]},{\"@type\":\"WebSite\",\"@id\":\"https:\\\/\\\/www.revistarambla.com\\\/#website\",\"url\":\"https:\\\/\\\/www.revistarambla.com\\\/\",\"name\":\"Revista Rambla Barcelona\",\"description\":\"Periodismo independiente\",\"publisher\":{\"@id\":\"https:\\\/\\\/www.revistarambla.com\\\/#organization\"},\"potentialAction\":[{\"@type\":\"SearchAction\",\"target\":{\"@type\":\"EntryPoint\",\"urlTemplate\":\"https:\\\/\\\/www.revistarambla.com\\\/?s={search_term_string}\"},\"query-input\":{\"@type\":\"PropertyValueSpecification\",\"valueRequired\":true,\"valueName\":\"search_term_string\"}}],\"inLanguage\":\"en-GB\"},{\"@type\":\"Organization\",\"@id\":\"https:\\\/\\\/www.revistarambla.com\\\/#organization\",\"name\":\"Revista Rambla\",\"url\":\"https:\\\/\\\/www.revistarambla.com\\\/\",\"logo\":{\"@type\":\"ImageObject\",\"inLanguage\":\"en-GB\",\"@id\":\"https:\\\/\\\/www.revistarambla.com\\\/#\\\/schema\\\/logo\\\/image\\\/\",\"url\":\"https:\\\/\\\/www.revistarambla.com\\\/wp-content\\\/uploads\\\/2020\\\/09\\\/banner_rambla_1900x600_BB.png\",\"contentUrl\":\"https:\\\/\\\/www.revistarambla.com\\\/wp-content\\\/uploads\\\/2020\\\/09\\\/banner_rambla_1900x600_BB.png\",\"width\":1900,\"height\":600,\"caption\":\"Revista Rambla\"},\"image\":{\"@id\":\"https:\\\/\\\/www.revistarambla.com\\\/#\\\/schema\\\/logo\\\/image\\\/\"},\"sameAs\":[\"https:\\\/\\\/www.facebook.com\\\/revistarambla\\\/\",\"https:\\\/\\\/x.com\\\/revistarambla\",\"https:\\\/\\\/www.instagram.com\\\/revista_rambla\",\"https:\\\/\\\/es.linkedin.com\\\/company\\\/revista-rambla\"]},{\"@type\":\"Person\",\"@id\":\"https:\\\/\\\/www.revistarambla.com\\\/#\\\/schema\\\/person\\\/77a3b5e1354f23cb135b9bea3604abeb\",\"name\":\"Xavier Ca\u00f1o Tamayo\",\"description\":\"Periodista cr\u00edtico, escritor, militante de Attac, defensor a ultranza de los derechos humanos.\",\"sameAs\":[\"https:\\\/\\\/www.solidarios.org.es\\\/\"]}]}<\/script>\n<!-- \/ Yoast SEO plugin. -->","yoast_head_json":{"title":"Un estado general de corrupci\u00f3n - Revista Rambla","robots":{"index":"index","follow":"follow","max-snippet":"max-snippet:-1","max-image-preview":"max-image-preview:large","max-video-preview":"max-video-preview:-1"},"canonical":"https:\/\/www.revistarambla.com\/en\/opinion-un-estado-general-de-corrupcion\/","og_locale":"en_GB","og_type":"article","og_title":"Un estado general de corrupci\u00f3n - Revista Rambla","og_description":"En el Reino de Espa\u00f1a no pasa mucho tiempo sin noticias de corrupci\u00f3n. Hace unos d\u00edas la Guardia Civil detuvo a Ignacio Gonz\u00e1lez, expresidente del gobierno aut\u00f3nomo de la regi\u00f3n de Madrid, por presuntos delitos de corrupci\u00f3n y saqueo de fondos p\u00fablicos. Y hace poco m\u00e1s, la Unidad Central Operativa [&hellip;]","og_url":"https:\/\/www.revistarambla.com\/en\/opinion-un-estado-general-de-corrupcion\/","og_site_name":"Revista Rambla","article_publisher":"https:\/\/www.facebook.com\/revistarambla\/","article_published_time":"2017-04-26T05:59:00+00:00","article_modified_time":"2021-12-16T19:53:03+00:00","og_image":[{"width":700,"height":430,"url":"https:\/\/www.revistarambla.com\/wp-content\/uploads\/2017\/04\/corrupcio-11-e1493149615863.jpg","type":"image\/jpeg"}],"author":"Xavier Ca\u00f1o Tamayo","twitter_card":"summary_large_image","twitter_creator":"@revistarambla","twitter_site":"@revistarambla","twitter_misc":{"Written by":"Xavier Ca\u00f1o Tamayo","Estimated reading time":"4 minutes"},"schema":{"@context":"https:\/\/schema.org","@graph":[{"@type":"Article","@id":"https:\/\/www.revistarambla.com\/opinion-un-estado-general-de-corrupcion\/#article","isPartOf":{"@id":"https:\/\/www.revistarambla.com\/opinion-un-estado-general-de-corrupcion\/"},"author":{"name":"Xavier Ca\u00f1o Tamayo","@id":"https:\/\/www.revistarambla.com\/#\/schema\/person\/77a3b5e1354f23cb135b9bea3604abeb"},"headline":"Un estado general de corrupci\u00f3n","datePublished":"2017-04-26T05:59:00+00:00","dateModified":"2021-12-16T19:53:03+00:00","mainEntityOfPage":{"@id":"https:\/\/www.revistarambla.com\/opinion-un-estado-general-de-corrupcion\/"},"wordCount":826,"commentCount":0,"publisher":{"@id":"https:\/\/www.revistarambla.com\/#organization"},"image":{"@id":"https:\/\/www.revistarambla.com\/opinion-un-estado-general-de-corrupcion\/#primaryimage"},"thumbnailUrl":"https:\/\/www.revistarambla.com\/wp-content\/uploads\/2017\/04\/corrupcio-11-e1493149615863.jpg","articleSection":["Opiniones"],"inLanguage":"en-GB","potentialAction":[{"@type":"CommentAction","name":"Comment","target":["https:\/\/www.revistarambla.com\/opinion-un-estado-general-de-corrupcion\/#respond"]}]},{"@type":"WebPage","@id":"https:\/\/www.revistarambla.com\/opinion-un-estado-general-de-corrupcion\/","url":"https:\/\/www.revistarambla.com\/opinion-un-estado-general-de-corrupcion\/","name":"Un estado general de corrupci\u00f3n - Revista Rambla","isPartOf":{"@id":"https:\/\/www.revistarambla.com\/#website"},"primaryImageOfPage":{"@id":"https:\/\/www.revistarambla.com\/opinion-un-estado-general-de-corrupcion\/#primaryimage"},"image":{"@id":"https:\/\/www.revistarambla.com\/opinion-un-estado-general-de-corrupcion\/#primaryimage"},"thumbnailUrl":"https:\/\/www.revistarambla.com\/wp-content\/uploads\/2017\/04\/corrupcio-11-e1493149615863.jpg","datePublished":"2017-04-26T05:59:00+00:00","dateModified":"2021-12-16T19:53:03+00:00","breadcrumb":{"@id":"https:\/\/www.revistarambla.com\/opinion-un-estado-general-de-corrupcion\/#breadcrumb"},"inLanguage":"en-GB","potentialAction":[{"@type":"ReadAction","target":["https:\/\/www.revistarambla.com\/opinion-un-estado-general-de-corrupcion\/"]}]},{"@type":"ImageObject","inLanguage":"en-GB","@id":"https:\/\/www.revistarambla.com\/opinion-un-estado-general-de-corrupcion\/#primaryimage","url":"https:\/\/www.revistarambla.com\/wp-content\/uploads\/2017\/04\/corrupcio-11-e1493149615863.jpg","contentUrl":"https:\/\/www.revistarambla.com\/wp-content\/uploads\/2017\/04\/corrupcio-11-e1493149615863.jpg","width":700,"height":430},{"@type":"BreadcrumbList","@id":"https:\/\/www.revistarambla.com\/opinion-un-estado-general-de-corrupcion\/#breadcrumb","itemListElement":[{"@type":"ListItem","position":1,"name":"Portada","item":"https:\/\/www.revistarambla.com\/"},{"@type":"ListItem","position":2,"name":"Un estado general de corrupci\u00f3n"}]},{"@type":"WebSite","@id":"https:\/\/www.revistarambla.com\/#website","url":"https:\/\/www.revistarambla.com\/","name":"Revista Rambla Barcelona","description":"Periodismo independiente","publisher":{"@id":"https:\/\/www.revistarambla.com\/#organization"},"potentialAction":[{"@type":"SearchAction","target":{"@type":"EntryPoint","urlTemplate":"https:\/\/www.revistarambla.com\/?s={search_term_string}"},"query-input":{"@type":"PropertyValueSpecification","valueRequired":true,"valueName":"search_term_string"}}],"inLanguage":"en-GB"},{"@type":"Organization","@id":"https:\/\/www.revistarambla.com\/#organization","name":"Revista Rambla","url":"https:\/\/www.revistarambla.com\/","logo":{"@type":"ImageObject","inLanguage":"en-GB","@id":"https:\/\/www.revistarambla.com\/#\/schema\/logo\/image\/","url":"https:\/\/www.revistarambla.com\/wp-content\/uploads\/2020\/09\/banner_rambla_1900x600_BB.png","contentUrl":"https:\/\/www.revistarambla.com\/wp-content\/uploads\/2020\/09\/banner_rambla_1900x600_BB.png","width":1900,"height":600,"caption":"Revista Rambla"},"image":{"@id":"https:\/\/www.revistarambla.com\/#\/schema\/logo\/image\/"},"sameAs":["https:\/\/www.facebook.com\/revistarambla\/","https:\/\/x.com\/revistarambla","https:\/\/www.instagram.com\/revista_rambla","https:\/\/es.linkedin.com\/company\/revista-rambla"]},{"@type":"Person","@id":"https:\/\/www.revistarambla.com\/#\/schema\/person\/77a3b5e1354f23cb135b9bea3604abeb","name":"Xavier Ca\u00f1o Tamayo","description":"Periodista cr\u00edtico, escritor, militante de Attac, defensor a ultranza de los derechos humanos.","sameAs":["https:\/\/www.solidarios.org.es\/"]}]}},"_links":{"self":[{"href":"https:\/\/www.revistarambla.com\/en\/wp-json\/wp\/v2\/posts\/12371","targetHints":{"allow":["GET"]}}],"collection":[{"href":"https:\/\/www.revistarambla.com\/en\/wp-json\/wp\/v2\/posts"}],"about":[{"href":"https:\/\/www.revistarambla.com\/en\/wp-json\/wp\/v2\/types\/post"}],"author":[{"embeddable":true,"href":"https:\/\/www.revistarambla.com\/en\/wp-json\/wp\/v2\/users\/65"}],"replies":[{"embeddable":true,"href":"https:\/\/www.revistarambla.com\/en\/wp-json\/wp\/v2\/comments?post=12371"}],"version-history":[{"count":0,"href":"https:\/\/www.revistarambla.com\/en\/wp-json\/wp\/v2\/posts\/12371\/revisions"}],"wp:featuredmedia":[{"embeddable":true,"href":"https:\/\/www.revistarambla.com\/en\/wp-json\/wp\/v2\/media\/12372"}],"wp:attachment":[{"href":"https:\/\/www.revistarambla.com\/en\/wp-json\/wp\/v2\/media?parent=12371"}],"wp:term":[{"taxonomy":"category","embeddable":true,"href":"https:\/\/www.revistarambla.com\/en\/wp-json\/wp\/v2\/categories?post=12371"},{"taxonomy":"post_tag","embeddable":true,"href":"https:\/\/www.revistarambla.com\/en\/wp-json\/wp\/v2\/tags?post=12371"}],"curies":[{"name":"wp","href":"https:\/\/api.w.org\/{rel}","templated":true}]}}