{"id":12322,"date":"2017-04-21T06:07:14","date_gmt":"2017-04-21T04:07:14","guid":{"rendered":"https:\/\/www.revistarambla.com\/?p=12322"},"modified":"2021-04-02T20:15:36","modified_gmt":"2021-04-02T18:15:36","slug":"fatima-taleb-si-un-referente-para-badalona-como-albiol-tiene-un-discurso-racista-lo-logico-es-que-influya-en-la-gente","status":"publish","type":"post","link":"https:\/\/www.revistarambla.com\/en\/fatima-taleb-si-un-referente-para-badalona-como-albiol-tiene-un-discurso-racista-lo-logico-es-que-influya-en-la-gente\/","title":{"rendered":"F\u00e1tima Taleb: \u00abSi un referente para Badalona como Albiol tiene un discurso racista, lo l\u00f3gico es que influya en la gente.\u00bb"},"content":{"rendered":"<p style=\"text-align: justify;\">Dec\u00eda Ortega y Gasset que nada era m\u00e1s dif\u00edcil que encontrar a un espa\u00f1ol de pura sangre. Pero lo cierto es que, en realidad, nada es m\u00e1s dif\u00edcil que encontrar a una sola persona del mundo que no proceda de una mezcla de sangre. Que esto de la pureza no sea sino una cuesti\u00f3n metaf\u00edsica salta r\u00e1pidamente a la vista. Porque, \u00bfd\u00f3nde est\u00e1 el punto de cesura de la b\u00fasqueda de la pureza? \u00bfA partir de qu\u00e9 punto uno puede verse satisfecho y dejar de hundirse en las ra\u00edces? Tomemos el ejemplo de un espa\u00f1ol: \u00bfcu\u00e1l es la l\u00ednea de demarcaci\u00f3n de su ser-espa\u00f1ol, los \u00e1rabes, los visigodos, los romanos, los \u00edberos, el hombre Neandertal? \u00bfSer\u00e1 verdaderamente \u00abde la tierra\u00bb el primero en pisarla? Entonces quiz\u00e1 un pez sea el primer castellano de la historia. \u00a1Menudo entuerto!<\/p>\n<figure id=\"attachment_12324\" aria-describedby=\"caption-attachment-12324\" style=\"width: 800px\" class=\"wp-caption aligncenter\"><img decoding=\"async\" class=\"wp-image-12324\" src=\"https:\/\/www.revistarambla.com\/wp-content\/uploads\/2017\/04\/DSC_7438.jpg\" width=\"800\" height=\"569\" srcset=\"https:\/\/www.revistarambla.com\/wp-content\/uploads\/2017\/04\/DSC_7438.jpg 1228w, https:\/\/www.revistarambla.com\/wp-content\/uploads\/2017\/04\/DSC_7438-300x213.jpg 300w, https:\/\/www.revistarambla.com\/wp-content\/uploads\/2017\/04\/DSC_7438-768x546.jpg 768w, https:\/\/www.revistarambla.com\/wp-content\/uploads\/2017\/04\/DSC_7438-1024x728.jpg 1024w, https:\/\/www.revistarambla.com\/wp-content\/uploads\/2017\/04\/DSC_7438-500x355.jpg 500w\" sizes=\"(max-width: 800px) 100vw, 800px\" \/><figcaption id=\"caption-attachment-12324\" class=\"wp-caption-text\">F\u00e1tima Taleb<\/figcaption><\/figure>\n<p style=\"text-align: justify;\">Est\u00e1 visto que la esencia no se halla en el origen, que la verdad de la cosa se enturbia en el ensalzamiento m\u00edstico de la conquista. \u00bfY qu\u00e9 nos queda, pues, para llamarnos espa\u00f1oles, franceses o ingleses? Un proceso de pensamiento en devenir constante, un flujo de idas y venidas, una de cal y otra de arena; verdades de hecho y valores hist\u00f3ricos. Si nos fijamos, la b\u00fasqueda de la nacionalidad se parece a la del arte: ambas han templado sus espadas bajo el martillo del principio invariable. El arte, hasta Kant y \u00e9l inclusive, era cosa esencialmente de unas formas del gusto subjetivo; la naci\u00f3n, hasta Herder y \u00e9l inclusive, era cosa esencialmente de unas formas del sentimiento popular (alem\u00e1n); impasibles, imperecederas, necesarias. Pero hoy, tanto el arte como el nacionalismo observan impotentes c\u00f3mo se disuelven sus consagradas leyes y el mundo les da la espalda.<\/p>\n<p style=\"text-align: justify;\">A fin de comprender lo que ocurre con el arte ac\u00fadase a la <em>Teor\u00eda est\u00e9tica <\/em>de Adorno. Pero si lo que se desea es comprender el quiebre del nacionalismo tradicional, v\u00e1yase a hablar con personas con las que no se comparta m\u00e1s que la cantidad de miembros y \u00f3rganos (o si se es t\u00edmido l\u00e9ase <em>La era del vac\u00edo <\/em>de Lipovetsky, as\u00ed no sea lo mismo).<\/p>\n<p style=\"text-align: justify;\">La comparaci\u00f3n entre arte y nacionalismo no se ha tra\u00eddo por capricho. Y es que, dado que el reaccionarismo ya no puede sostener su barbarie sobre principios teol\u00f3gicos, hace constar su desagrado de elementos propiamente est\u00e9ticos. Muy visible, por ejemplo, en el caso que hoy nos ocupa. Es improbable que no suenen los nombres de Xavier Garc\u00eda Albiol y F\u00e1tima Taleb, puesto que hace unos meses se reaviv\u00f3 el esforzado debate sobre el racismo en Badalona por mor de los insultos dirigidos por aqu\u00e9l a \u00e9sta.<\/p>\n<p style=\"text-align: justify;\">En s\u00edntesis, la regidora del ayuntamiento de Badalona responsabiliza al presidente del Partido Popular de Catalu\u00f1a de presidir, adem\u00e1s de su partido, toda la retah\u00edla de odios y desprecios que se dirigen contra ella y que tienen por base el racismo. En respuesta, el l\u00edder de los populares catalanes le explica que nada tiene que ver con dicha maledicencia, y que en suma se debe su acusaci\u00f3n a la incompetencia que ella profesa en su cargo pol\u00edtico. Y aqu\u00ed se acabar\u00eda el asunto si, por otra parte, el se\u00f1or Albiol no diera rienda suelta a sus procaces ep\u00edgonos en su mismo muro de <em>Facebook. <\/em>Neutrales y desinteresados, los insultos que all\u00ed se re\u00fanen son de lo m\u00e1s variopinto: \u00abmora de mierda\u00bb, \u00abvete a tu pa\u00eds\u00bb, \u00abte vamos a limpiar como a la mierda\u00bb, y otros desv\u00edos ling\u00fc\u00edsticos. Arte, en \u00faltima instancia. Estetizaci\u00f3n de la exclusi\u00f3n, imprecaci\u00f3n revestida de mala fundamentaci\u00f3n pol\u00edtica. Como ya no pueden creerse hijos directos de un linaje carpetovet\u00f3nico, tratan de moralizar lo est\u00e9tico: para ellos, <strong>el velo es malo. <\/strong>Su tela es mala, su ca\u00edda sobre el cabello es mala, hasta sus pliegues son malos. De lo que se trata de es de tirar de la superstici\u00f3n. El reaccionarismo sabe muy bien que la creencia ingenua se fija m\u00e1s en la mente del pueblo que el razonamiento en su despliegue. As\u00ed, de un modo at\u00e1vico se establecen relaciones con los no-amigos, interpelando a lo de irracional que siempre late en el cuerpo social, esperando de \u00e9ste la convulsi\u00f3n y el levantamiento de antorchas. Pero este movimiento denota fragilidad en la construcci\u00f3n te\u00f3rica del odio; sus cimientos se tambalean cada vez que los caudillos profieren sus gritos de conquista.<\/p>\n<p style=\"text-align: justify;\">Por esta raz\u00f3n, al final sus huestes ir\u00e1n abandonando el amparo del odio, porque ya no les ofrece un cobijo seguro. A medida que el conocimiento aumenta y la relaci\u00f3n entre culturas se estrecha, los ciudades de antipat\u00edas se quedan vac\u00edas. Y el eterno contendiente se quedar\u00e1 a solas con sus gritos.<\/p>\n<p style=\"text-align: justify;\">Hablemos, de mientras, con F\u00e1tima Taleb.<\/p>\n<p style=\"text-align: justify;\"><strong><img decoding=\"async\" class=\"aligncenter size-full wp-image-12325\" src=\"https:\/\/www.revistarambla.com\/wp-content\/uploads\/2017\/04\/DSC_7447.jpg\" alt=\"\" width=\"757\" height=\"1228\" srcset=\"https:\/\/www.revistarambla.com\/wp-content\/uploads\/2017\/04\/DSC_7447.jpg 757w, https:\/\/www.revistarambla.com\/wp-content\/uploads\/2017\/04\/DSC_7447-185x300.jpg 185w, https:\/\/www.revistarambla.com\/wp-content\/uploads\/2017\/04\/DSC_7447-631x1024.jpg 631w, https:\/\/www.revistarambla.com\/wp-content\/uploads\/2017\/04\/DSC_7447-500x811.jpg 500w\" sizes=\"(max-width: 757px) 100vw, 757px\" \/><\/strong><\/p>\n<p style=\"text-align: justify;\"><strong>\u00bfC\u00f3mo fueron los primeros d\u00edas tras haber sigo escogida como regidora del ayuntamiento de Badalona?<\/strong><\/p>\n<p style=\"text-align: justify;\"><strong>\u00a0<\/strong>Como muchos de mis amigos saben, yo no ten\u00eda la idea de entrar a un partido pol\u00edtico. Pero cuando me enter\u00e9 del proyecto de Guanyem Badalona en Com\u00fa, que estaba muy en relaci\u00f3n con mi lucha, me anim\u00e9. Los primeros d\u00edas fueron duros, incluso antes de la investidura. Entonces ya empec\u00e9 a recibir mensajes por redes sociales y paseando por la calle. Tambi\u00e9n en carteles: comentarios bastante duros y pintadas contra m\u00ed. Fueron d\u00edas dif\u00edciles, pero no consiguieron desanimarme. Desde el primer momento ya sab\u00eda que no iba a ser f\u00e1cil. Quiz\u00e1, eso s\u00ed, un poco m\u00e1s.<\/p>\n<p style=\"text-align: justify;\"><strong>\u00bfC\u00f3mo lo vivi\u00f3 su familia?<\/strong><\/p>\n<p style=\"text-align: justify;\">Mi familia me dijo de consuno: \u00abYa eres adulta para escoger, nosotros te animamos\u00bb. Nadie se opuso a mi decisi\u00f3n. Pero eso no quita que se preocupasen, y m\u00e1s viendo lo que dec\u00edan de m\u00ed.<\/p>\n<p style=\"text-align: justify;\"><strong>Usted afirma que Albiol practica una pol\u00edtica de odio, \u00bfpuede extenderlo?<\/strong><\/p>\n<p style=\"text-align: justify;\">Su lema: \u00abLimpiando Badalona\u00bb. Siempre ha estado en contra de la inmigraci\u00f3n y, en general, de todo lo diferente. Todas sus campa\u00f1as han consistido en el odio: no a la mezquita, no a los musulmanes. \u00c9l, con su discurso xen\u00f3fobo y racista, se ceba contra los vulnerables. En realidad no es otra cosa que clasismo. Recordemos que cuando fue a Om\u00e1n se puso la vestimenta tradicional, porque all\u00ed s\u00ed que hay dinero. Hace una diferencia entre \u00e1rabes ricos y pobres. Su discurso es islamof\u00f3bia interesada. Cerr\u00f3 una madrasa escud\u00e1ndose en que era un lugar radical y terrorista cuando, en fin, madrasa significa escuela. \u00bfQu\u00e9 hay de malo que se estudie \u00e1rabe? Otro de los t\u00e9rminos que tergiversa es el de <em>yihad<\/em>, que no tiene nada que ver con el terrorismo. La yihad es, por as\u00ed decirlo, el proceso por el cual el musulm\u00e1n se esfuerza en ser mejor persona. Lo cierto es que la mayor\u00eda de personas saben muy poco de esto. Tienen poca informaci\u00f3n. Precisamente esta circunstancia la aprovecha Albiol.<\/p>\n<p style=\"text-align: justify;\"><strong>\u00bfCree que Badalona se ha vuelto m\u00e1s xen\u00f3foba?<\/strong><\/p>\n<p style=\"text-align: justify;\">Quiero pensar que Badalona no es una ciudad xen\u00f3foba, que no es una ciudad racista. Pero el discurso ha calado, indiscutiblemente. Sembrar este discurso de odio tiene sus efectos, sobre todo cuando lo relacionas con la econom\u00eda.<\/p>\n<p style=\"text-align: justify;\"><strong>Albiol dijo que usted era una incompetente, que exageraba. <\/strong><\/p>\n<p style=\"text-align: justify;\">Primero quiero dejar claro que la denuncia no es la primera, sino la cuarta. Su Facebook es un terreno donde tiene v\u00eda libre la amenaza hacia m\u00ed. All\u00ed se ceban sin que nadie les corte el grifo. Yo al principio no quer\u00eda hacerlo p\u00fablico. Pero me pareci\u00f3 que con ello podr\u00eda dar visibilidad a la islamofobia. Aguant\u00e9 un a\u00f1o y medio sin decir nada, hasta que los insultos pasaron a la calle y la situaci\u00f3n se hizo insostenible.<\/p>\n<p style=\"text-align: justify;\"><strong>\u00bfQui\u00e9nes le insultan?<\/strong><\/p>\n<p style=\"text-align: justify;\">Bueno, vecinos de Badalona. Y todos los improperios tienen relaci\u00f3n con el ser musulmana. En fin, yo lo llevo todo: soy mujer, musulmana y llevo el velo. Esto impacta, claro. Entiendo que es la primera vez, que estoy abriendo la puerta. Falta tiempo.<\/p>\n<p style=\"text-align: justify;\"><strong>Volvamos a la acusaci\u00f3n de Albiol.<\/strong><\/p>\n<p style=\"text-align: justify;\"><strong>\u00a0<\/strong>\u00c9l dice que soy incompetente. Pero si lo soy, \u00bfc\u00f3mo es posible que como regidora del distrito seis, que comprende Sant Roc, El Remei y Artigues, he hecho el doble de trabajo que ellos en cuatro a\u00f1os? Antes de m\u00ed, la regidor\u00eda de participaci\u00f3n y convivencia estaba vac\u00eda de contenidos. Por entonces se llamaba regidor\u00eda de seguridad, participaci\u00f3n y convivencia. Esencialmente llevaban el tema de la guardia urbana. Pero a nivel de participaci\u00f3n s\u00f3lo el tema de subvenciones a entidades vecinales. Nada m\u00e1s. Se hab\u00edan cargado todos los proyectos relacionados con la multiculturalidad. De seis mediadoras enviaron tres al paro. Y desmantelaron el di\u00e1logo interreligioso. Ni siquiera empezaron el proyecto anti rumores que con tanto ah\u00ednco hab\u00edan prometido. Hab\u00edan consejos que s\u00f3lo se convocaron una vez en todo el mandato. Nosotros, varias veces en un a\u00f1o. Ahora todos los consejos de los seis distritos est\u00e1n activos. Lo cual me trae a la mente otro tema. La cantidad de proyectos que estamos llevando a cabo que ellos ni so\u00f1aron en hacer.<\/p>\n<p style=\"text-align: justify;\"><strong>Usted es una incompetente de la incompetencia, pues.<\/strong><\/p>\n<p style=\"text-align: justify;\">S\u00ed. La verdad es que cuando Albiol hizo esos tweets me dio un ataque de risa. No encontr\u00e9 la conexi\u00f3n entre el tema del racismo con lo de la incompetencia, desde el momento en que ya he explicado y se sabe cu\u00e1nto hemos hecho por Badalona.<\/p>\n<p style=\"text-align: justify;\"><strong>\u00bfHa notado apoyo por parte de la gente de Badalona?<\/strong><\/p>\n<p style=\"text-align: justify;\">Si un referente para Badalona como Albiol tiene un discurso racista, lo l\u00f3gico es que influya en la gente. Y si a eso sumamos que no hay espacios compartidos, donde las personas puedan perder el miedo&#8230; Pero despu\u00e9s de hacer la denuncia p\u00fablica el cambio fue tremendo. He dejado de recibir mensajes xen\u00f3fobos; al contrario, he recibido miles de muestras de apoyo. Muchos me han reconocido que gracias a mi denuncia han buscado m\u00e1s sobre el Islam y mejorado su opini\u00f3n respecto del mismo. E incluso a ra\u00edz del incidente, la gente ha buscado lo que se est\u00e1 llevando a cabo desde la regidor\u00eda. En fin, la gente de Badalona no es racista, aunque tal discurso haya calado y pueda tener sus momentos de expresi\u00f3n.<\/p>\n<p style=\"text-align: justify;\"><strong>El Tribunal Constitucional Europeo ha dictaminado que no se puede acudir al trabajo con velo.<\/strong><\/p>\n<p style=\"text-align: justify;\">\u00bfQu\u00e9 tiene que ver el velo con el trabajar bien o mal? Eso va contra un derecho m\u00edo. Y se aprovecha para acusar a la comunidad musulmana de que la mujer est\u00e1 sometida por la obligaci\u00f3n de llevar velo. Pero, \u00bfqu\u00e9 diferencia hay entre esto y obligar a no llevarlo? Es curioso que se gasten recursos en sentencias como \u00e9sta pero no en evitar que hayan ataques racistas. Las mujeres son las que tienen que decidir sobre su cuerpo. Y si tengo que llevar una batalla al fin del mundo, lo har\u00e9.<\/p>\n<p style=\"text-align: justify;\"><strong>\u00bfSe adhiere Badalona al movimiento de acogida de inmigrantes?<\/strong><\/p>\n<p style=\"text-align: justify;\"><strong>\u00a0<\/strong>En principio s\u00ed. Se est\u00e1 trabajando desde Badalona Justa i Inclusiva.<\/p>\n<p style=\"text-align: justify;\"><strong><img decoding=\"async\" class=\"alignleft wp-image-12326\" src=\"https:\/\/www.revistarambla.com\/wp-content\/uploads\/2017\/04\/DSC_7453.jpg\" width=\"329\" height=\"566\" srcset=\"https:\/\/www.revistarambla.com\/wp-content\/uploads\/2017\/04\/DSC_7453.jpg 714w, https:\/\/www.revistarambla.com\/wp-content\/uploads\/2017\/04\/DSC_7453-174x300.jpg 174w, https:\/\/www.revistarambla.com\/wp-content\/uploads\/2017\/04\/DSC_7453-595x1024.jpg 595w, https:\/\/www.revistarambla.com\/wp-content\/uploads\/2017\/04\/DSC_7453-500x860.jpg 500w\" sizes=\"(max-width: 329px) 100vw, 329px\" \/>La t\u00f3nica com\u00fan del pensamiento de las personas que te atacan es que que los musulmanes e inmigrantes en general tienen que mimetizarse en el entorno y adaptarse al estilo de vida occidental.<\/strong><\/p>\n<p style=\"text-align: justify;\"><strong>\u00a0<\/strong>No me gusta para nada la palabra \u00abintegraci\u00f3n\u00bb. \u00bfD\u00f3nde est\u00e1 la libertad de escoger, de expresarse? He pedido muchas veces en el congreso que se acabe con el uso de esta palabra. Integraci\u00f3n significa aparcar todo lo tuyo y olvidar tu pasado. \u00bfC\u00f3mo puedo olvidar dieciocho a\u00f1os vividos en Marruecos? \u00bfC\u00f3mo lo hago? \u00bfQui\u00e9n puede renunciar a sus ra\u00edces? All\u00ed donde he ido, en Alemania por ejemplo, me he encontrado con pe\u00f1as de un mismo origen y no supone problema alguno. S\u00f3lo se ve mal si son musulmanes. Creo que la identidad personal es una mezcla de muchos elementos y muy diversos entre s\u00ed. Nos ir\u00eda muy bien hacer memoria; eso nos ayudar\u00eda a convivir. Recordar la historia, el movimiento de los pueblos. El Islam, teng\u00e1moslo claro, no es de ahora. Es que lleva instalado en Europa desde hace siglos. Es cuesti\u00f3n de reconocerlo y empezar a trabajar de manera constructiva. Y no depender tanto de la imagen televisiva, que no sabe hacer otra cosa que distorsionar.<\/p>\n<p style=\"text-align: justify;\"><strong>\u00bfQu\u00e9 relaci\u00f3n actual tiene con Albiol?<\/strong><\/p>\n<p style=\"text-align: justify;\">La m\u00ednima. Yo saludo, porque mis padres me han educado as\u00ed. Ahora, si te responden o no ya es otra cosa. Eso cada uno, \u00bfno?<\/p>\n<p style=\"text-align: justify;\"><strong>\u00bfHa notado apoyo por parte de otros partidos?<\/strong><\/p>\n<p style=\"text-align: justify;\">S\u00ed, al principio sobre todo me dec\u00edan que estaban conmigo y que me ayudar\u00edan en lo que hiciera falta. Al fin y al cabo, todos somos compa\u00f1eros de trabajo. Muchos ven\u00edan aqu\u00ed a mi despacho a darme muestras de solidaridad.<\/p>\n<p style=\"text-align: justify;\"><strong>\u00bfSe siente segura por las calles de Badalona?<\/strong><\/p>\n<p style=\"text-align: justify;\">Soy una persona fuerte. Los primeros d\u00edas de la denuncia s\u00ed tuve miedo. Pero ya est\u00e1, se acab\u00f3. S\u00f3lo tuve protecci\u00f3n durante unos d\u00edas en concreto. Quiero hacer vida normal. Voy y vengo en autob\u00fas; no quiero ser una persona diferente.<\/p>\n<p style=\"text-align: justify;\"><strong>\u00bfQui\u00e9nes son los de aqu\u00ed?<\/strong><\/p>\n<p style=\"text-align: justify;\">Todos lo somos. Yo me considero de aqu\u00ed, catalana. Y que nadie me pueda decir lo contrario (sin olvidar mis or\u00edgenes). Me siento orgullosa de ser marroqu\u00ed. \u00abPrimer els de casa\u00bb es el lema de Plataforma per Catalunya. \u00bfQui\u00e9nes son los de casa? Todos y todas estamos construyendo, independientemente de la cultura y religi\u00f3n.<\/p>","protected":false},"excerpt":{"rendered":"<p>Dec\u00eda Ortega y Gasset que nada era m\u00e1s dif\u00edcil que encontrar a un espa\u00f1ol de pura sangre. Pero lo cierto es que, en realidad, nada es m\u00e1s dif\u00edcil que encontrar a una sola persona del mundo que no proceda de una mezcla de sangre. Que esto de la pureza no [&hellip;]<\/p>\n","protected":false},"author":3,"featured_media":12323,"comment_status":"open","ping_status":"open","sticky":false,"template":"","format":"standard","meta":{"footnotes":""},"categories":[3,76],"tags":[],"class_list":["post-12322","post","type-post","status-publish","format-standard","has-post-thumbnail","hentry","category-actualidad","category-barcelona"],"yoast_head":"<!-- This site is optimized with the Yoast SEO plugin v27.5 - https:\/\/yoast.com\/product\/yoast-seo-wordpress\/ -->\n<title>F\u00e1tima Taleb: \u00abSi un referente para Badalona como Albiol tiene un discurso racista, lo l\u00f3gico es que influya en la gente.\u00bb - Revista Rambla<\/title>\n<meta name=\"robots\" content=\"index, follow, max-snippet:-1, max-image-preview:large, max-video-preview:-1\" \/>\n<link rel=\"canonical\" href=\"https:\/\/www.revistarambla.com\/en\/fatima-taleb-si-un-referente-para-badalona-como-albiol-tiene-un-discurso-racista-lo-logico-es-que-influya-en-la-gente\/\" \/>\n<meta property=\"og:locale\" content=\"en_GB\" \/>\n<meta property=\"og:type\" content=\"article\" \/>\n<meta property=\"og:title\" content=\"F\u00e1tima Taleb: \u00abSi un referente para Badalona como Albiol tiene un discurso racista, lo l\u00f3gico es que influya en la gente.\u00bb - Revista Rambla\" \/>\n<meta property=\"og:description\" content=\"Dec\u00eda Ortega y Gasset que nada era m\u00e1s dif\u00edcil que encontrar a un espa\u00f1ol de pura sangre. Pero lo cierto es que, en realidad, nada es m\u00e1s dif\u00edcil que encontrar a una sola persona del mundo que no proceda de una mezcla de sangre. Que esto de la pureza no [&hellip;]\" \/>\n<meta property=\"og:url\" content=\"https:\/\/www.revistarambla.com\/en\/fatima-taleb-si-un-referente-para-badalona-como-albiol-tiene-un-discurso-racista-lo-logico-es-que-influya-en-la-gente\/\" \/>\n<meta property=\"og:site_name\" content=\"Revista Rambla\" \/>\n<meta property=\"article:publisher\" content=\"https:\/\/www.facebook.com\/revistarambla\/\" \/>\n<meta property=\"article:author\" content=\"https:\/\/www.facebook.com\/revistarambla\" \/>\n<meta property=\"article:published_time\" content=\"2017-04-21T04:07:14+00:00\" \/>\n<meta property=\"article:modified_time\" content=\"2021-04-02T18:15:36+00:00\" \/>\n<meta property=\"og:image\" content=\"https:\/\/i2.wp.com\/www.revistarambla.com\/wp-content\/uploads\/2017\/04\/DSC_7408.jpg?fit=1134%2C837&ssl=1\" \/>\n\t<meta property=\"og:image:width\" content=\"1134\" \/>\n\t<meta property=\"og:image:height\" content=\"837\" \/>\n\t<meta property=\"og:image:type\" content=\"image\/jpeg\" \/>\n<meta name=\"author\" content=\"Jos\u00e9 Carlos Ibarra Cuchillo\" \/>\n<meta name=\"twitter:card\" content=\"summary_large_image\" \/>\n<meta name=\"twitter:creator\" content=\"@revistarambla\" \/>\n<meta name=\"twitter:site\" content=\"@revistarambla\" \/>\n<meta name=\"twitter:label1\" content=\"Written by\" \/>\n\t<meta name=\"twitter:data1\" content=\"Jos\u00e9 Carlos Ibarra Cuchillo\" \/>\n\t<meta name=\"twitter:label2\" content=\"Estimated reading time\" \/>\n\t<meta name=\"twitter:data2\" content=\"11 minutes\" \/>\n<script type=\"application\/ld+json\" class=\"yoast-schema-graph\">{\"@context\":\"https:\\\/\\\/schema.org\",\"@graph\":[{\"@type\":\"Article\",\"@id\":\"https:\\\/\\\/www.revistarambla.com\\\/fatima-taleb-si-un-referente-para-badalona-como-albiol-tiene-un-discurso-racista-lo-logico-es-que-influya-en-la-gente\\\/#article\",\"isPartOf\":{\"@id\":\"https:\\\/\\\/www.revistarambla.com\\\/fatima-taleb-si-un-referente-para-badalona-como-albiol-tiene-un-discurso-racista-lo-logico-es-que-influya-en-la-gente\\\/\"},\"author\":{\"name\":\"Jos\u00e9 Carlos Ibarra Cuchillo\",\"@id\":\"https:\\\/\\\/www.revistarambla.com\\\/#\\\/schema\\\/person\\\/a146a5a2550b94981a75131180e1bd9c\"},\"headline\":\"F\u00e1tima Taleb: \u00abSi un referente para Badalona como Albiol tiene un discurso racista, lo l\u00f3gico es que influya en la gente.\u00bb\",\"datePublished\":\"2017-04-21T04:07:14+00:00\",\"dateModified\":\"2021-04-02T18:15:36+00:00\",\"mainEntityOfPage\":{\"@id\":\"https:\\\/\\\/www.revistarambla.com\\\/fatima-taleb-si-un-referente-para-badalona-como-albiol-tiene-un-discurso-racista-lo-logico-es-que-influya-en-la-gente\\\/\"},\"wordCount\":2377,\"commentCount\":0,\"publisher\":{\"@id\":\"https:\\\/\\\/www.revistarambla.com\\\/#organization\"},\"image\":{\"@id\":\"https:\\\/\\\/www.revistarambla.com\\\/fatima-taleb-si-un-referente-para-badalona-como-albiol-tiene-un-discurso-racista-lo-logico-es-que-influya-en-la-gente\\\/#primaryimage\"},\"thumbnailUrl\":\"https:\\\/\\\/www.revistarambla.com\\\/wp-content\\\/uploads\\\/2017\\\/04\\\/DSC_7408.jpg\",\"articleSection\":[\"Actualidad\",\"Barcelona\"],\"inLanguage\":\"en-GB\",\"potentialAction\":[{\"@type\":\"CommentAction\",\"name\":\"Comment\",\"target\":[\"https:\\\/\\\/www.revistarambla.com\\\/fatima-taleb-si-un-referente-para-badalona-como-albiol-tiene-un-discurso-racista-lo-logico-es-que-influya-en-la-gente\\\/#respond\"]}]},{\"@type\":\"WebPage\",\"@id\":\"https:\\\/\\\/www.revistarambla.com\\\/fatima-taleb-si-un-referente-para-badalona-como-albiol-tiene-un-discurso-racista-lo-logico-es-que-influya-en-la-gente\\\/\",\"url\":\"https:\\\/\\\/www.revistarambla.com\\\/fatima-taleb-si-un-referente-para-badalona-como-albiol-tiene-un-discurso-racista-lo-logico-es-que-influya-en-la-gente\\\/\",\"name\":\"F\u00e1tima Taleb: \u00abSi un referente para Badalona como Albiol tiene un discurso racista, lo l\u00f3gico es que influya en la gente.\u00bb - Revista Rambla\",\"isPartOf\":{\"@id\":\"https:\\\/\\\/www.revistarambla.com\\\/#website\"},\"primaryImageOfPage\":{\"@id\":\"https:\\\/\\\/www.revistarambla.com\\\/fatima-taleb-si-un-referente-para-badalona-como-albiol-tiene-un-discurso-racista-lo-logico-es-que-influya-en-la-gente\\\/#primaryimage\"},\"image\":{\"@id\":\"https:\\\/\\\/www.revistarambla.com\\\/fatima-taleb-si-un-referente-para-badalona-como-albiol-tiene-un-discurso-racista-lo-logico-es-que-influya-en-la-gente\\\/#primaryimage\"},\"thumbnailUrl\":\"https:\\\/\\\/www.revistarambla.com\\\/wp-content\\\/uploads\\\/2017\\\/04\\\/DSC_7408.jpg\",\"datePublished\":\"2017-04-21T04:07:14+00:00\",\"dateModified\":\"2021-04-02T18:15:36+00:00\",\"breadcrumb\":{\"@id\":\"https:\\\/\\\/www.revistarambla.com\\\/fatima-taleb-si-un-referente-para-badalona-como-albiol-tiene-un-discurso-racista-lo-logico-es-que-influya-en-la-gente\\\/#breadcrumb\"},\"inLanguage\":\"en-GB\",\"potentialAction\":[{\"@type\":\"ReadAction\",\"target\":[\"https:\\\/\\\/www.revistarambla.com\\\/fatima-taleb-si-un-referente-para-badalona-como-albiol-tiene-un-discurso-racista-lo-logico-es-que-influya-en-la-gente\\\/\"]}]},{\"@type\":\"ImageObject\",\"inLanguage\":\"en-GB\",\"@id\":\"https:\\\/\\\/www.revistarambla.com\\\/fatima-taleb-si-un-referente-para-badalona-como-albiol-tiene-un-discurso-racista-lo-logico-es-que-influya-en-la-gente\\\/#primaryimage\",\"url\":\"https:\\\/\\\/www.revistarambla.com\\\/wp-content\\\/uploads\\\/2017\\\/04\\\/DSC_7408.jpg\",\"contentUrl\":\"https:\\\/\\\/www.revistarambla.com\\\/wp-content\\\/uploads\\\/2017\\\/04\\\/DSC_7408.jpg\",\"width\":1134,\"height\":837},{\"@type\":\"BreadcrumbList\",\"@id\":\"https:\\\/\\\/www.revistarambla.com\\\/fatima-taleb-si-un-referente-para-badalona-como-albiol-tiene-un-discurso-racista-lo-logico-es-que-influya-en-la-gente\\\/#breadcrumb\",\"itemListElement\":[{\"@type\":\"ListItem\",\"position\":1,\"name\":\"Portada\",\"item\":\"https:\\\/\\\/www.revistarambla.com\\\/\"},{\"@type\":\"ListItem\",\"position\":2,\"name\":\"F\u00e1tima Taleb: \u00abSi un referente para Badalona como Albiol tiene un discurso racista, lo l\u00f3gico es que influya en la gente.\u00bb\"}]},{\"@type\":\"WebSite\",\"@id\":\"https:\\\/\\\/www.revistarambla.com\\\/#website\",\"url\":\"https:\\\/\\\/www.revistarambla.com\\\/\",\"name\":\"Revista Rambla Barcelona\",\"description\":\"Periodismo independiente\",\"publisher\":{\"@id\":\"https:\\\/\\\/www.revistarambla.com\\\/#organization\"},\"potentialAction\":[{\"@type\":\"SearchAction\",\"target\":{\"@type\":\"EntryPoint\",\"urlTemplate\":\"https:\\\/\\\/www.revistarambla.com\\\/?s={search_term_string}\"},\"query-input\":{\"@type\":\"PropertyValueSpecification\",\"valueRequired\":true,\"valueName\":\"search_term_string\"}}],\"inLanguage\":\"en-GB\"},{\"@type\":\"Organization\",\"@id\":\"https:\\\/\\\/www.revistarambla.com\\\/#organization\",\"name\":\"Revista Rambla\",\"url\":\"https:\\\/\\\/www.revistarambla.com\\\/\",\"logo\":{\"@type\":\"ImageObject\",\"inLanguage\":\"en-GB\",\"@id\":\"https:\\\/\\\/www.revistarambla.com\\\/#\\\/schema\\\/logo\\\/image\\\/\",\"url\":\"https:\\\/\\\/www.revistarambla.com\\\/wp-content\\\/uploads\\\/2020\\\/09\\\/banner_rambla_1900x600_BB.png\",\"contentUrl\":\"https:\\\/\\\/www.revistarambla.com\\\/wp-content\\\/uploads\\\/2020\\\/09\\\/banner_rambla_1900x600_BB.png\",\"width\":1900,\"height\":600,\"caption\":\"Revista Rambla\"},\"image\":{\"@id\":\"https:\\\/\\\/www.revistarambla.com\\\/#\\\/schema\\\/logo\\\/image\\\/\"},\"sameAs\":[\"https:\\\/\\\/www.facebook.com\\\/revistarambla\\\/\",\"https:\\\/\\\/x.com\\\/revistarambla\",\"https:\\\/\\\/www.instagram.com\\\/revista_rambla\",\"https:\\\/\\\/es.linkedin.com\\\/company\\\/revista-rambla\"]},{\"@type\":\"Person\",\"@id\":\"https:\\\/\\\/www.revistarambla.com\\\/#\\\/schema\\\/person\\\/a146a5a2550b94981a75131180e1bd9c\",\"name\":\"Jos\u00e9 Carlos Ibarra Cuchillo\",\"description\":\"Pensamiento filos\u00f3fico.\",\"sameAs\":[\"https:\\\/\\\/figshare.com\\\/authors\\\/Jos_Carlos_Ibarra_Cuchillo\\\/9872396\",\"https:\\\/\\\/www.facebook.com\\\/revistarambla\",\"https:\\\/\\\/x.com\\\/revistarambla\"]}]}<\/script>\n<!-- \/ Yoast SEO plugin. -->","yoast_head_json":{"title":"F\u00e1tima Taleb: \u00abSi un referente para Badalona como Albiol tiene un discurso racista, lo l\u00f3gico es que influya en la gente.\u00bb - Revista Rambla","robots":{"index":"index","follow":"follow","max-snippet":"max-snippet:-1","max-image-preview":"max-image-preview:large","max-video-preview":"max-video-preview:-1"},"canonical":"https:\/\/www.revistarambla.com\/en\/fatima-taleb-si-un-referente-para-badalona-como-albiol-tiene-un-discurso-racista-lo-logico-es-que-influya-en-la-gente\/","og_locale":"en_GB","og_type":"article","og_title":"F\u00e1tima Taleb: \u00abSi un referente para Badalona como Albiol tiene un discurso racista, lo l\u00f3gico es que influya en la gente.\u00bb - Revista Rambla","og_description":"Dec\u00eda Ortega y Gasset que nada era m\u00e1s dif\u00edcil que encontrar a un espa\u00f1ol de pura sangre. Pero lo cierto es que, en realidad, nada es m\u00e1s dif\u00edcil que encontrar a una sola persona del mundo que no proceda de una mezcla de sangre. Que esto de la pureza no [&hellip;]","og_url":"https:\/\/www.revistarambla.com\/en\/fatima-taleb-si-un-referente-para-badalona-como-albiol-tiene-un-discurso-racista-lo-logico-es-que-influya-en-la-gente\/","og_site_name":"Revista Rambla","article_publisher":"https:\/\/www.facebook.com\/revistarambla\/","article_author":"https:\/\/www.facebook.com\/revistarambla","article_published_time":"2017-04-21T04:07:14+00:00","article_modified_time":"2021-04-02T18:15:36+00:00","og_image":[{"width":1134,"height":837,"url":"https:\/\/i2.wp.com\/www.revistarambla.com\/wp-content\/uploads\/2017\/04\/DSC_7408.jpg?fit=1134%2C837&ssl=1","type":"image\/jpeg"}],"author":"Jos\u00e9 Carlos Ibarra Cuchillo","twitter_card":"summary_large_image","twitter_creator":"@revistarambla","twitter_site":"@revistarambla","twitter_misc":{"Written by":"Jos\u00e9 Carlos Ibarra Cuchillo","Estimated reading time":"11 minutes"},"schema":{"@context":"https:\/\/schema.org","@graph":[{"@type":"Article","@id":"https:\/\/www.revistarambla.com\/fatima-taleb-si-un-referente-para-badalona-como-albiol-tiene-un-discurso-racista-lo-logico-es-que-influya-en-la-gente\/#article","isPartOf":{"@id":"https:\/\/www.revistarambla.com\/fatima-taleb-si-un-referente-para-badalona-como-albiol-tiene-un-discurso-racista-lo-logico-es-que-influya-en-la-gente\/"},"author":{"name":"Jos\u00e9 Carlos Ibarra Cuchillo","@id":"https:\/\/www.revistarambla.com\/#\/schema\/person\/a146a5a2550b94981a75131180e1bd9c"},"headline":"F\u00e1tima Taleb: \u00abSi un referente para Badalona como Albiol tiene un discurso racista, lo l\u00f3gico es que influya en la gente.\u00bb","datePublished":"2017-04-21T04:07:14+00:00","dateModified":"2021-04-02T18:15:36+00:00","mainEntityOfPage":{"@id":"https:\/\/www.revistarambla.com\/fatima-taleb-si-un-referente-para-badalona-como-albiol-tiene-un-discurso-racista-lo-logico-es-que-influya-en-la-gente\/"},"wordCount":2377,"commentCount":0,"publisher":{"@id":"https:\/\/www.revistarambla.com\/#organization"},"image":{"@id":"https:\/\/www.revistarambla.com\/fatima-taleb-si-un-referente-para-badalona-como-albiol-tiene-un-discurso-racista-lo-logico-es-que-influya-en-la-gente\/#primaryimage"},"thumbnailUrl":"https:\/\/www.revistarambla.com\/wp-content\/uploads\/2017\/04\/DSC_7408.jpg","articleSection":["Actualidad","Barcelona"],"inLanguage":"en-GB","potentialAction":[{"@type":"CommentAction","name":"Comment","target":["https:\/\/www.revistarambla.com\/fatima-taleb-si-un-referente-para-badalona-como-albiol-tiene-un-discurso-racista-lo-logico-es-que-influya-en-la-gente\/#respond"]}]},{"@type":"WebPage","@id":"https:\/\/www.revistarambla.com\/fatima-taleb-si-un-referente-para-badalona-como-albiol-tiene-un-discurso-racista-lo-logico-es-que-influya-en-la-gente\/","url":"https:\/\/www.revistarambla.com\/fatima-taleb-si-un-referente-para-badalona-como-albiol-tiene-un-discurso-racista-lo-logico-es-que-influya-en-la-gente\/","name":"F\u00e1tima Taleb: \u00abSi un referente para Badalona como Albiol tiene un discurso racista, lo l\u00f3gico es que influya en la gente.\u00bb - Revista Rambla","isPartOf":{"@id":"https:\/\/www.revistarambla.com\/#website"},"primaryImageOfPage":{"@id":"https:\/\/www.revistarambla.com\/fatima-taleb-si-un-referente-para-badalona-como-albiol-tiene-un-discurso-racista-lo-logico-es-que-influya-en-la-gente\/#primaryimage"},"image":{"@id":"https:\/\/www.revistarambla.com\/fatima-taleb-si-un-referente-para-badalona-como-albiol-tiene-un-discurso-racista-lo-logico-es-que-influya-en-la-gente\/#primaryimage"},"thumbnailUrl":"https:\/\/www.revistarambla.com\/wp-content\/uploads\/2017\/04\/DSC_7408.jpg","datePublished":"2017-04-21T04:07:14+00:00","dateModified":"2021-04-02T18:15:36+00:00","breadcrumb":{"@id":"https:\/\/www.revistarambla.com\/fatima-taleb-si-un-referente-para-badalona-como-albiol-tiene-un-discurso-racista-lo-logico-es-que-influya-en-la-gente\/#breadcrumb"},"inLanguage":"en-GB","potentialAction":[{"@type":"ReadAction","target":["https:\/\/www.revistarambla.com\/fatima-taleb-si-un-referente-para-badalona-como-albiol-tiene-un-discurso-racista-lo-logico-es-que-influya-en-la-gente\/"]}]},{"@type":"ImageObject","inLanguage":"en-GB","@id":"https:\/\/www.revistarambla.com\/fatima-taleb-si-un-referente-para-badalona-como-albiol-tiene-un-discurso-racista-lo-logico-es-que-influya-en-la-gente\/#primaryimage","url":"https:\/\/www.revistarambla.com\/wp-content\/uploads\/2017\/04\/DSC_7408.jpg","contentUrl":"https:\/\/www.revistarambla.com\/wp-content\/uploads\/2017\/04\/DSC_7408.jpg","width":1134,"height":837},{"@type":"BreadcrumbList","@id":"https:\/\/www.revistarambla.com\/fatima-taleb-si-un-referente-para-badalona-como-albiol-tiene-un-discurso-racista-lo-logico-es-que-influya-en-la-gente\/#breadcrumb","itemListElement":[{"@type":"ListItem","position":1,"name":"Portada","item":"https:\/\/www.revistarambla.com\/"},{"@type":"ListItem","position":2,"name":"F\u00e1tima Taleb: \u00abSi un referente para Badalona como Albiol tiene un discurso racista, lo l\u00f3gico es que influya en la gente.\u00bb"}]},{"@type":"WebSite","@id":"https:\/\/www.revistarambla.com\/#website","url":"https:\/\/www.revistarambla.com\/","name":"Revista Rambla Barcelona","description":"Periodismo independiente","publisher":{"@id":"https:\/\/www.revistarambla.com\/#organization"},"potentialAction":[{"@type":"SearchAction","target":{"@type":"EntryPoint","urlTemplate":"https:\/\/www.revistarambla.com\/?s={search_term_string}"},"query-input":{"@type":"PropertyValueSpecification","valueRequired":true,"valueName":"search_term_string"}}],"inLanguage":"en-GB"},{"@type":"Organization","@id":"https:\/\/www.revistarambla.com\/#organization","name":"Revista Rambla","url":"https:\/\/www.revistarambla.com\/","logo":{"@type":"ImageObject","inLanguage":"en-GB","@id":"https:\/\/www.revistarambla.com\/#\/schema\/logo\/image\/","url":"https:\/\/www.revistarambla.com\/wp-content\/uploads\/2020\/09\/banner_rambla_1900x600_BB.png","contentUrl":"https:\/\/www.revistarambla.com\/wp-content\/uploads\/2020\/09\/banner_rambla_1900x600_BB.png","width":1900,"height":600,"caption":"Revista Rambla"},"image":{"@id":"https:\/\/www.revistarambla.com\/#\/schema\/logo\/image\/"},"sameAs":["https:\/\/www.facebook.com\/revistarambla\/","https:\/\/x.com\/revistarambla","https:\/\/www.instagram.com\/revista_rambla","https:\/\/es.linkedin.com\/company\/revista-rambla"]},{"@type":"Person","@id":"https:\/\/www.revistarambla.com\/#\/schema\/person\/a146a5a2550b94981a75131180e1bd9c","name":"Jos\u00e9 Carlos Ibarra Cuchillo","description":"Pensamiento filos\u00f3fico.","sameAs":["https:\/\/figshare.com\/authors\/Jos_Carlos_Ibarra_Cuchillo\/9872396","https:\/\/www.facebook.com\/revistarambla","https:\/\/x.com\/revistarambla"]}]}},"_links":{"self":[{"href":"https:\/\/www.revistarambla.com\/en\/wp-json\/wp\/v2\/posts\/12322","targetHints":{"allow":["GET"]}}],"collection":[{"href":"https:\/\/www.revistarambla.com\/en\/wp-json\/wp\/v2\/posts"}],"about":[{"href":"https:\/\/www.revistarambla.com\/en\/wp-json\/wp\/v2\/types\/post"}],"author":[{"embeddable":true,"href":"https:\/\/www.revistarambla.com\/en\/wp-json\/wp\/v2\/users\/3"}],"replies":[{"embeddable":true,"href":"https:\/\/www.revistarambla.com\/en\/wp-json\/wp\/v2\/comments?post=12322"}],"version-history":[{"count":0,"href":"https:\/\/www.revistarambla.com\/en\/wp-json\/wp\/v2\/posts\/12322\/revisions"}],"wp:featuredmedia":[{"embeddable":true,"href":"https:\/\/www.revistarambla.com\/en\/wp-json\/wp\/v2\/media\/12323"}],"wp:attachment":[{"href":"https:\/\/www.revistarambla.com\/en\/wp-json\/wp\/v2\/media?parent=12322"}],"wp:term":[{"taxonomy":"category","embeddable":true,"href":"https:\/\/www.revistarambla.com\/en\/wp-json\/wp\/v2\/categories?post=12322"},{"taxonomy":"post_tag","embeddable":true,"href":"https:\/\/www.revistarambla.com\/en\/wp-json\/wp\/v2\/tags?post=12322"}],"curies":[{"name":"wp","href":"https:\/\/api.w.org\/{rel}","templated":true}]}}