{"id":12260,"date":"2017-04-13T08:54:10","date_gmt":"2017-04-13T06:54:10","guid":{"rendered":"https:\/\/www.revistarambla.com\/?p=12260"},"modified":"2021-04-02T20:27:29","modified_gmt":"2021-04-02T18:27:29","slug":"napoles-museo-a-cielo-abierto-y-declarado-patrimonio-de-la-humanidad","status":"publish","type":"post","link":"https:\/\/www.revistarambla.com\/en\/napoles-museo-a-cielo-abierto-y-declarado-patrimonio-de-la-humanidad\/","title":{"rendered":"N\u00e1poles: \u00abmuseo a cielo abierto\u00bb declarado Patrimonio de la Humanidad"},"content":{"rendered":"<p style=\"text-align: justify;\">Seg\u00fan la leyenda, los comerciantes de Rodas fundaron la ciudad en la isla de Megaris (donde ahora se encuentra el Castel dell\u2019Ovo) alrededor del 680 a.C. Su primer nombre fue Part\u00e9nope, en honor de la sirena cuyo cuerpo fue depositado por las olas en este lugar (se ahog\u00f3 tras haber sido desde\u00f1ada por Ulises). Despu\u00e9s termin\u00f3 incorpor\u00e1ndose a una nueva ciudad, Ne\u00e1polis (en griego \u201cciudad nueva\u201d), fundada por los griegos de Cumae (Cumas) en el 474 a.C. No hab\u00edan pasado 150 a\u00f1os cuando se hallaba en poder de los romanos , convertida en una suerte de estaci\u00f3n de veraneo para la clase dirigente, que honraron Pompeyo, C\u00e9sar y Tiberio. En este art\u00edculo te explicamos qu\u00e9 ver en N\u00e1poles.<strong><br \/>\n<\/strong><\/p>\n<p style=\"text-align: justify;\"><a href=\"https:\/\/www.revistarambla.com\/wp-content\/uploads\/2017\/04\/napoles-portada2.jpg\"><img decoding=\"async\" class=\"aligncenter wp-image-12210\" src=\"https:\/\/www.revistarambla.com\/wp-content\/uploads\/2017\/04\/napoles-portada2.jpg\" alt=\"n\u00e1poles\" width=\"800\" height=\"530\" srcset=\"https:\/\/www.revistarambla.com\/wp-content\/uploads\/2017\/04\/napoles-portada2.jpg 1134w, https:\/\/www.revistarambla.com\/wp-content\/uploads\/2017\/04\/napoles-portada2-300x199.jpg 300w, https:\/\/www.revistarambla.com\/wp-content\/uploads\/2017\/04\/napoles-portada2-768x509.jpg 768w, https:\/\/www.revistarambla.com\/wp-content\/uploads\/2017\/04\/napoles-portada2-1024x678.jpg 1024w, https:\/\/www.revistarambla.com\/wp-content\/uploads\/2017\/04\/napoles-portada2-500x331.jpg 500w\" sizes=\"(max-width: 800px) 100vw, 800px\" \/><\/a><\/p>\n<p style=\"text-align: justify;\">Despu\u00e9s de ayudar a los romanos en su lucha contra An\u00edbal y los cartagineses, N\u00e1poles finalmente se convirti\u00f3 en una colonia romana. Los romanos mantuvieron la cultura griega de la ciudad, los estilos arquitect\u00f3nicos, el idioma y las costumbres locales. La ciudad tambi\u00e9n se convirti\u00f3 en una importante destino de vacaciones para importantes figuras Romanas tales como los emperadores Tiberio y Claudio. Tambi\u00e9n se introdujo el cristianismo a la ciudad alrededor de este tiempo.<\/p>\n<p style=\"text-align: justify;\">Durante el principio de la Edad Media, N\u00e1poles se mantuvo contenida dentro de las antiguas murallas que fueron construidas por orden de Valentiniano III (450-455 d.C.). En 1266 AD, Carlos I de Anjou transfiri\u00f3 la capital del reino de Sicilia desde Palermo a N\u00e1poles, anunciando un per\u00edodo de activa renovaci\u00f3n de la ciudad. En este momento las murallas de la ciudad fueron ampliadas.<\/p>\n<p style=\"text-align: justify;\">Despu\u00e9s de que el imperio romano cayera, N\u00e1poles fue tomada por los ostrogodos y pas\u00f3 a formar parte de su reino germ\u00e1nico, aunque su control fue breve al ser conquistada por Belisario del Imperio Bizantino, dando paso al comienzo de las Guerras G\u00f3ticas. Las guerras causaron estragos durante un tiempo entre estos dos imperios, aunque finalmente fue el Bizantino el que prevaleci\u00f3, obteniendo el control final de la ciudad en la Batalla de Mons Lactarius.<\/p>\n<p style=\"text-align: justify;\">El Ducado de N\u00e1poles se cre\u00f3 tras el colapso de la Exarcado de Ravenna, el centro de poder Bizantino. La cultura del Ducado era una mezcla de las influencias griegas y romanas, aunque un cambio en la lealtad hacia Roma en el 763 d.C. produjo un cambio posterior en el equilibrio y la aceptaci\u00f3n de un control papal.<\/p>\n<p style=\"text-align: justify;\">N\u00e1poles cay\u00f3 en manos de los Lombardos y, posteriormente, de los normandos, dando paso este \u00faltimo a que acabara formando parte del Reino de Sicilia. Los normandos despu\u00e9s perdieron el control de la ciudad a la dinast\u00eda Germ\u00e1nica conocida como la de los Hohenstaufens. A mediados de siglo 15 la ciudad se separ\u00f3 de Sicilia, aunque permaneci\u00f3 bajo el control de la Corona de Arag\u00f3n (Rey Fernando). Fue durante este per\u00edodo dominio de la Corona de Arag\u00f3n que la ciudad alcanz\u00f3 su mayor nivel de desarrollo y prosperidad, convirti\u00e9ndose en la segunda ciudad m\u00e1s grande de Europa despu\u00e9s de Par\u00eds.<\/p>\n<p style=\"text-align: justify;\">La ciudad fue atra\u00edda hacia la Revoluci\u00f3n Francesa en el momento en que Fernando IV de los Borbones estaba en el trono. Fernando se vio obligado a buscar la protecci\u00f3n de los brit\u00e1nicos en Palermo, volviendo a recuperar su trono despu\u00e9s de que la amenaza francesa hubiera disminuido. Siete a\u00f1os m\u00e1s tarde, sin embargo, la amenaza regres\u00f3 en forma de los ej\u00e9rcitos de Bonaparte, que tomaron la ciudad y depusieron a Fernando en favor de gobernantes partidarios de Bonaparte. Los Austr\u00edacos ayudaron a la derrota de Napole\u00f3n y el rey Fernando se recuper\u00f3 de nuevo posici\u00f3n como rey.<\/p>\n<p style=\"text-align: justify;\">La dinast\u00eda real de los Borbones termin\u00f3 en 1861 cuando N\u00e1poles volvi\u00f3 a formar parte oficialmente del Reino de Italia despu\u00e9s de la Expedici\u00f3n del Millar y el famoso Asedio de Gaeta.<\/p>\n<p style=\"text-align: justify;\">Cosas que ver en Napoles. Podemos comenzar paseando por el casco hist\u00f3rico, el barrio de Spaccanopoli, gran parte de la riqueza arquitect\u00f3nica de la ciudad se encuentra aqu\u00ed, es un placer caminar sin prisa y descubrir las iglesias: Santa Chiara, San Domenico Maggiore, San Severo, el Duomo dedicado a San Genaro-santo patrono de la ciudad- y sus piazzas: Bellini, Ges\u00fa Nuovo&#8230; Llegar hasta la Piazza del Plebiscito la y descubrir la <strong>N\u00e1poles <\/strong>aristocr\u00e1tica, admirar el Castel Nuovo -castillo construido en el siglo XIII- luego de haber admirado el Palazzo Reale y el Teatro San Carlo, de estilo neocl\u00e1sico y segundo en importancia en Italia, despu\u00e9s de la Scala de Mil\u00e1n. Esta zona tambi\u00e9n es un para\u00edso para los amantes del shopping, aqu\u00ed se encuentran las grandes marcas y lo mejor del famoso estilo italiano en dise\u00f1o en la Via Toledo y en la galer\u00eda Umberto I. El Museo de Arqueolog\u00eda, con piezas de la Antigua Grecia y de la Antigua Roma, se encuentra en el norte de la ciudad y es uno de los m\u00e1s importantes del mundo. Muchos objetos provienen de Pompeya. No muy lejos se encuentra la Galer\u00eda Capodimonte, que atesora una importante colecci\u00f3n de pintura italiana. El Castel dell&#8217;Ovo es un castillo situado en el puerto de Santa Luc\u00eda, en el islote de Megaride, una extra\u00f1a leyenda impregna esta ciudadela, se dice que el poeta Virgilio escondi\u00f3 un huevo con poderes m\u00e1gicos que proteger\u00eda la ciudad de todo mal&#8230;con o sin huevo m\u00e1gico la visita es impostergable. Impostergable como la visita al monte San Martino, su vista panor\u00e1mica y sus edificios hist\u00f3ricos, al barrio Mergellina hermoso para caminar o al popular barrio espa\u00f1ol.<\/p>\n<p style=\"text-align: justify;\">Tres islas est\u00e1n a menos de una hora de navegaci\u00f3n: la archifamosa Capri, la volc\u00e1nica Ischia y la hermosa Procida donde podemos saborear el leg\u00edtimo \u00ablemoncello\u00bb y ver las locaciones de la pel\u00edcula \u00abIl Postino\u00bb.<\/p>\n<p style=\"text-align: justify;\">El Vesubio, visible desde cualquier rinc\u00f3n y absolutamente indisoluble de N\u00e1poles se puede ascender.<\/p>\n<p style=\"text-align: justify;\">Pompeya, el m\u00e1s impactante de todos los yacimientos arqueol\u00f3gicos del mundo entero.<\/p>\n<p style=\"text-align: justify;\">La costa Amalfitana, aldeas espectaculares entre mar y monta\u00f1a.<\/p>\n<p style=\"text-align: justify;\">Ni un minuto para perder,<strong> N\u00e1poles <\/strong>es hermosa todo el a\u00f1o.<\/p>\n<p style=\"text-align: justify;\"><strong>Castel Nuovo<\/strong>: tambi\u00e9n llamado Maschio Angioino, fue construido entre los a\u00f1os 1279 y 1282 por Carlos I de Anjou. El arco de m\u00e1rmol blanco de la entrada es posterior y fue levantado por Alfonso I de Arag\u00f3n para celebrar su ingreso a la ciudad en el a\u00f1o 1470. Es interesante su edificaci\u00f3n como fortaleza, en su interior s\u00f3lo la Sala de los Barones y la Capilla Palatina se conservan de \u00e9poca. Todas las ma\u00f1anas, muy temprano -antes de las 9 horas- funciona un pintoresco mercado de flores y desde las terrazas tenemos una vista panor\u00e1mica magn\u00edfica. (Abierto de 9 a 19h, los domingos cierra a las 14 horas. Entrada 5&amp;euro)<\/p>\n<p style=\"text-align: justify;\"><strong>Castel dell&#8217;Ovo<\/strong>: ubicado en el islote de Megaride ya formaba parte de una suntuosa villa de descanso en tiempos del imperio romano. El \u00faltimo emperador romano, R\u00f3mulo Augusto pas\u00f3 aqu\u00ed sus \u00faltimos d\u00edas. Construido y destruido en varias oportunidades, la \u00faltima remodelaci\u00f3n de envergadura fue realizada por los aragoneses. En la actualidad muchos congresos, encuentros, seminarios y exposiciones se realizan en el castillo. (Abierto de lunes a s\u00e1bado de 10 a 13h y de 16 a 18h. Entrada gratuita)<\/p>\n<p style=\"text-align: justify;\"><strong>Il Duomo<\/strong>: construida en el siglo XIV, la Catedral de <strong>N\u00e1poles<\/strong> fue reconstruida en varias oportunidades, la mayor\u00eda de las veces por los da\u00f1os ocasionados por los terremotos. Dedicada en un principio a Nuestra Se\u00f1ora de la Asunci\u00f3n, es mundialmente conocida porque en una de sus capillas se guarda el \u00abTesoro de San Gennaro\u00bb, una urna que contiene la cabeza del santo y un recipiente con su sangre. Todos los a\u00f1os, el d\u00eda 19 de septiembre, en una ceremonia que es tambi\u00e9n seguida en gran parte del mundo, se oficia misa con las reliquias presentes y el sacerdote oficiante presenta la sangre de San Gennaro que de estado s\u00f3lido pasa a l\u00edquido. (San Gennaro fue martirizado por su fe cristiana en el siglo III y se le atribuyen varios milagros) Otras fiestas tambi\u00e9n est\u00e1n asociadas al santo, el s\u00e1bado que precede al primer domingo de mayo y el 16 de diciembre. En su interior pueden verse frescos del siglo XV y la que hoy es la Bas\u00edlica Santa Restitua era la iglesia original construida en el siglo IV, incorporada a la catedral en el siglo XIII. (Abierta de lunes a s\u00e1bado de 8.30 a 12.30h y de 16.30 a 19h, los domingos de 8.30 a 13.30 y de 17 a 19.30h)<\/p>\n<p style=\"text-align: justify;\"><strong>Museo Arqueol\u00f3gico Nacional de N\u00e1pole<\/strong>s: esculturas, floreros, vasijas, frescos incre\u00edbles, objetos de vidrio, este museo nacional expone muchas piezas provenientes de las excavaciones realizadas en Pompeya y Herculano. Si ya hemos visitado estos sitios no podremos creer que hayan sobrevivido inalterables a tan dram\u00e1tico acontecimiento. El museo alberga esculturas greco-romanas que datan del siglo I al V provenientes en su mayor\u00eda de hallazgos en la regi\u00f3n pr\u00f3xima al Vesubio y algunas pertenecientes a la colecci\u00f3n privada del Cardenal Farnese. Entre las \u00faltimas se encuentran Dor\u00edforo y Policleto, el grupo de las Tiranicidas y el Toro Farnesio o farnese. Esta \u00faltima escultura, de una delicadeza sorprendente, realizada en un solo bloque de m\u00e1rmol pertenece al siglo II a.C. y fue descubierta en Roma en las termas de Caracalla. Muchas son las salas de este incre\u00edble museo y much\u00edsimas las obras de arte expuestas, muchas de ellas -como los frescos que retratan a Alejandro Magno- los hemos visto en los libros escolares- y otras nos dejar\u00e1n at\u00f3nitos. Una de las salas el \u00abGabinetto Segreto\u00bb fue vedado al p\u00fablico durante mucho tiempo y contiene frescos y objetos er\u00f3ticos, ahora se puede visitar realizando la reserva con anticipaci\u00f3n. (Piazza Museo Nazionale 19. Abierto todos los d\u00edas menos los martes de 9.30 a 19.30h. Permanece cerrado los 1 de enero, 1 de mayo y 25 de diciembre. Entrada 6,50&amp;euro, mitad de precio para los j\u00f3venes entre 18 y 25 a\u00f1os y docentes de la Uni\u00f3n Europea, gratuito para ni\u00f1os y adultos mayores de 65 a\u00f1os. Si ha convenido previamente su visita al Cabinete Secreto debe informarlo antes de comprar su entrada)<\/p>\n<p style=\"text-align: justify;\"><strong>Museo Nazionali di Capodimonte<\/strong>: (Museo Nacional Capodimonte) este museo se encuentra en un antiguo palacio real construido en el siglo XVIII sobre una ladera de la colina Capodimonte, la mayor\u00eda de las obras de arte de este museo perteneci\u00f3 a la familia Farnesio o Farnese y que heredaron los Borbones. Posee m\u00e1s de 3000 pinturas abarcando un per\u00edodo desde el siglo XIII al XVIII. Alberga obras del Greco, Rafael, Vasari, Botticelli, Mantegna, Ribera, Caravaggio, Bellini, Bruegel y muchos m\u00e1s. En el primer piso, donde se encontraban originalmente las habitaciones reales de la \u00e9poca de los Borbones se exhibe una rica colecci\u00f3n de porcelanas. En el parque del palacio se conservan las ruinas de un taller de porcelana del siglo XVIII. (Via Miano 2. Abierto de martes a domingo de 8.30 a 19.30h. Entrada 7,50 &amp;euro, entrada reducida para los menores de 25 a\u00f1os y los adultos mayores de 65 a\u00f1os)<\/p>\n<p style=\"text-align: justify;\">Museos al por mayor, galer\u00edas de arte, iglesias, fortalezas, palacios, cuevas, calles medievales y m\u00e1s antiguas tambi\u00e9n. <strong>N\u00e1poles<\/strong> redunda en belleza, misterio, misticismo, historia, leyenda, mitos y superstici\u00f3n&#8230;pero tambi\u00e9n hay much\u00edsimo para ver y disfrutar en los alrededores. La Costa Amalfitana, las islas, Pompeya, Herculano, Sorrento, Salerno&#8230;<\/p>\n<p style=\"text-align: justify;\">Si nos encontramos en <strong>N\u00e1poles <\/strong>no podemos dejar de visitar las ruinas arqueol\u00f3gicas m\u00e1s importantes de la regi\u00f3n.<\/p>\n<p style=\"text-align: justify;\"><strong>Pompeya y Herculano<\/strong>: ambas ciudades elegidas por los romanos como residencias de verano fueron sepultadas bajos las cenizas luego de una violenta erupci\u00f3n del volc\u00e1n Vesubio en el a\u00f1o 79 d.C., las excavaciones comenzaron en el siglo XVIII y a\u00fan contin\u00faan. Pompeya est\u00e1 inscripta en la lista de las Siete Maravillas del Mundo. Las ciudades ya exist\u00edan en el a\u00f1o 80 a.C. y la tragedia las mantuvo tal como estaban la tr\u00e1gica ma\u00f1ana en que quedaron sepultadas. Caminar por sus calles, entrar a las casas, admirar sus frescos, conmoverse frente a los vestigios de los seres que all\u00ed habitaban es conmovedor. Aconsejamos llevar calzado c\u00f3modo y agua, sobre todo en verano. (Entradas 11 &amp;euro, menores de 18 a\u00f1os y adultos mayores de 65 entrada gratuita. Pompei Scavi se encuentra a 35 Km. hacia el sur del centro de N\u00e1poles, si nos dirigimos en nuestro coche debemos tomar la autopista A3 hasta Pompei Oeste. Para visitar Erculano, rigen las mismas disposiciones, esta ciudad se encuentra a 14 Km. del centro de N\u00e1poles y debemos tomar la A3 y Corso Giuseppe Garibaldi. Muchas agencias de turismo organizan visitas guiadas con salidas programadas desde el centro de la capital)<\/p>\n<p style=\"text-align: justify;\"><strong>Campi Flegrei:<\/strong> (Phlegrean Pozzuoli) menos conocida que la impactante Pompeya, esta regi\u00f3n, situada al noroeste de <strong>N\u00e1poles, <\/strong>muestra un yacimiento arqueol\u00f3gico fascinante. Posee un museo arqueol\u00f3gico y cerca, en la localidad de Cuma se encuentran los vestigios de la primera colonia griega. Una l\u00ednea de transporte p\u00fablico hace el recorrido exclusivo con fines culturales y tur\u00edsticos.<\/p>\n<p style=\"text-align: justify;\">Existe un pase que se puede adquirir en la estaci\u00f3n de trenes llamado \u00abArtecard della Campania\u00bb que permite el ingreso libre a los 5 primeros sitios y a mitad de precio a los restantes. El pase por 3 d\u00edas tiene un valor de 27 euros y el de 7 d\u00edas de 30 euros. Es v\u00e1lido para el ingreso a los museos, palacios, zonas arqueol\u00f3gicas&#8230;y para el transporte p\u00fablico, es personal e intransferible.<\/p>\n<p style=\"text-align: justify;\">Historia, cultura, arte y un paisaje sin igual, desde los cr\u00e1teres humeantes, las grutas y el turquesa del mar Tirreno hasta los magn\u00edficos palacios hacen que en<strong> N\u00e1poles<\/strong> todo sea exuberante, sus mitos y leyendas, su religiosidad, sus parques naturales, todo se combina para que <strong>N\u00e1poles<\/strong> pueda ofrecer al turista absolutamente todo, desde vacaciones balnearias en familia en la maravillosa costa amalfitana hasta vacaciones rurales, culturales o una escapada rom\u00e1ntica. El casco hist\u00f3rico de <strong>N\u00e1poles<\/strong> est\u00e1 considerado \u00abmuseo a cielo abierto\u00bb y declarado Patrimonio de la Humanidad<\/p>","protected":false},"excerpt":{"rendered":"<p>Seg\u00fan la leyenda, los comerciantes de Rodas fundaron la ciudad en la isla de Megaris (donde ahora se encuentra el Castel dell\u2019Ovo) alrededor del 680 a.C. Su primer nombre fue Part\u00e9nope, en honor de la sirena cuyo cuerpo fue depositado por las olas en este lugar (se ahog\u00f3 tras haber [&hellip;]<\/p>\n","protected":false},"author":3,"featured_media":12209,"comment_status":"open","ping_status":"open","sticky":false,"template":"","format":"standard","meta":{"footnotes":""},"categories":[6,66],"tags":[],"class_list":["post-12260","post","type-post","status-publish","format-standard","has-post-thumbnail","hentry","category-ocio","category-viajes"],"yoast_head":"<!-- This site is optimized with the Yoast SEO plugin v27.5 - https:\/\/yoast.com\/product\/yoast-seo-wordpress\/ -->\n<title>\u00bfQu\u00e9 ver en N\u00e1poles? - Revista Rambla (Ocio y Viajes)<\/title>\n<meta name=\"description\" content=\"En este art\u00edculo te explicamos qu\u00e9 ver en N\u00e1poles. Seg\u00fan la leyenda, los comerciantes de Rodas fundaron la ciudad en la isla de Megaris (donde ahora se...\" \/>\n<meta name=\"robots\" content=\"index, follow, max-snippet:-1, max-image-preview:large, max-video-preview:-1\" \/>\n<link rel=\"canonical\" href=\"https:\/\/www.revistarambla.com\/en\/napoles-museo-a-cielo-abierto-y-declarado-patrimonio-de-la-humanidad\/\" \/>\n<meta property=\"og:locale\" content=\"en_GB\" \/>\n<meta property=\"og:type\" content=\"article\" \/>\n<meta property=\"og:title\" content=\"\u00bfQu\u00e9 ver en N\u00e1poles? - Revista Rambla (Ocio y Viajes)\" \/>\n<meta property=\"og:description\" content=\"En este art\u00edculo te explicamos qu\u00e9 ver en N\u00e1poles. Seg\u00fan la leyenda, los comerciantes de Rodas fundaron la ciudad en la isla de Megaris (donde ahora se...\" \/>\n<meta property=\"og:url\" content=\"https:\/\/www.revistarambla.com\/en\/napoles-museo-a-cielo-abierto-y-declarado-patrimonio-de-la-humanidad\/\" \/>\n<meta property=\"og:site_name\" content=\"Revista Rambla\" \/>\n<meta property=\"article:publisher\" content=\"https:\/\/www.facebook.com\/revistarambla\/\" \/>\n<meta property=\"article:author\" content=\"https:\/\/www.facebook.com\/revistarambla\" \/>\n<meta property=\"article:published_time\" content=\"2017-04-13T06:54:10+00:00\" \/>\n<meta property=\"article:modified_time\" content=\"2021-04-02T18:27:29+00:00\" \/>\n<meta property=\"og:image\" content=\"https:\/\/i1.wp.com\/www.revistarambla.com\/wp-content\/uploads\/2017\/04\/napoles-portada.jpg?fit=624%2C416&ssl=1\" \/>\n\t<meta property=\"og:image:width\" content=\"624\" \/>\n\t<meta property=\"og:image:height\" content=\"416\" \/>\n\t<meta property=\"og:image:type\" content=\"image\/jpeg\" \/>\n<meta name=\"author\" content=\"R@mbla\" \/>\n<meta name=\"twitter:card\" content=\"summary_large_image\" \/>\n<meta name=\"twitter:creator\" content=\"@revistarambla\" \/>\n<meta name=\"twitter:site\" content=\"@revistarambla\" \/>\n<meta name=\"twitter:label1\" content=\"Written by\" \/>\n\t<meta name=\"twitter:data1\" content=\"R@mbla\" \/>\n\t<meta name=\"twitter:label2\" content=\"Estimated reading time\" \/>\n\t<meta name=\"twitter:data2\" content=\"11 minutes\" \/>\n<script type=\"application\/ld+json\" class=\"yoast-schema-graph\">{\"@context\":\"https:\\\/\\\/schema.org\",\"@graph\":[{\"@type\":\"Article\",\"@id\":\"https:\\\/\\\/www.revistarambla.com\\\/napoles-museo-a-cielo-abierto-y-declarado-patrimonio-de-la-humanidad\\\/#article\",\"isPartOf\":{\"@id\":\"https:\\\/\\\/www.revistarambla.com\\\/napoles-museo-a-cielo-abierto-y-declarado-patrimonio-de-la-humanidad\\\/\"},\"author\":{\"name\":\"R@mbla\",\"@id\":\"https:\\\/\\\/www.revistarambla.com\\\/#\\\/schema\\\/person\\\/a146a5a2550b94981a75131180e1bd9c\"},\"headline\":\"N\u00e1poles: \u00abmuseo a cielo abierto\u00bb declarado Patrimonio de la Humanidad\",\"datePublished\":\"2017-04-13T06:54:10+00:00\",\"dateModified\":\"2021-04-02T18:27:29+00:00\",\"mainEntityOfPage\":{\"@id\":\"https:\\\/\\\/www.revistarambla.com\\\/napoles-museo-a-cielo-abierto-y-declarado-patrimonio-de-la-humanidad\\\/\"},\"wordCount\":2438,\"commentCount\":0,\"publisher\":{\"@id\":\"https:\\\/\\\/www.revistarambla.com\\\/#organization\"},\"image\":{\"@id\":\"https:\\\/\\\/www.revistarambla.com\\\/napoles-museo-a-cielo-abierto-y-declarado-patrimonio-de-la-humanidad\\\/#primaryimage\"},\"thumbnailUrl\":\"https:\\\/\\\/www.revistarambla.com\\\/wp-content\\\/uploads\\\/2017\\\/04\\\/napoles-portada.jpg\",\"articleSection\":[\"Ocio\",\"Viajes\"],\"inLanguage\":\"en-GB\",\"potentialAction\":[{\"@type\":\"CommentAction\",\"name\":\"Comment\",\"target\":[\"https:\\\/\\\/www.revistarambla.com\\\/napoles-museo-a-cielo-abierto-y-declarado-patrimonio-de-la-humanidad\\\/#respond\"]}]},{\"@type\":\"WebPage\",\"@id\":\"https:\\\/\\\/www.revistarambla.com\\\/napoles-museo-a-cielo-abierto-y-declarado-patrimonio-de-la-humanidad\\\/\",\"url\":\"https:\\\/\\\/www.revistarambla.com\\\/napoles-museo-a-cielo-abierto-y-declarado-patrimonio-de-la-humanidad\\\/\",\"name\":\"\u00bfQu\u00e9 ver en N\u00e1poles? - Revista Rambla (Ocio y Viajes)\",\"isPartOf\":{\"@id\":\"https:\\\/\\\/www.revistarambla.com\\\/#website\"},\"primaryImageOfPage\":{\"@id\":\"https:\\\/\\\/www.revistarambla.com\\\/napoles-museo-a-cielo-abierto-y-declarado-patrimonio-de-la-humanidad\\\/#primaryimage\"},\"image\":{\"@id\":\"https:\\\/\\\/www.revistarambla.com\\\/napoles-museo-a-cielo-abierto-y-declarado-patrimonio-de-la-humanidad\\\/#primaryimage\"},\"thumbnailUrl\":\"https:\\\/\\\/www.revistarambla.com\\\/wp-content\\\/uploads\\\/2017\\\/04\\\/napoles-portada.jpg\",\"datePublished\":\"2017-04-13T06:54:10+00:00\",\"dateModified\":\"2021-04-02T18:27:29+00:00\",\"description\":\"En este art\u00edculo te explicamos qu\u00e9 ver en N\u00e1poles. Seg\u00fan la leyenda, los comerciantes de Rodas fundaron la ciudad en la isla de Megaris (donde ahora se...\",\"breadcrumb\":{\"@id\":\"https:\\\/\\\/www.revistarambla.com\\\/napoles-museo-a-cielo-abierto-y-declarado-patrimonio-de-la-humanidad\\\/#breadcrumb\"},\"inLanguage\":\"en-GB\",\"potentialAction\":[{\"@type\":\"ReadAction\",\"target\":[\"https:\\\/\\\/www.revistarambla.com\\\/napoles-museo-a-cielo-abierto-y-declarado-patrimonio-de-la-humanidad\\\/\"]}]},{\"@type\":\"ImageObject\",\"inLanguage\":\"en-GB\",\"@id\":\"https:\\\/\\\/www.revistarambla.com\\\/napoles-museo-a-cielo-abierto-y-declarado-patrimonio-de-la-humanidad\\\/#primaryimage\",\"url\":\"https:\\\/\\\/www.revistarambla.com\\\/wp-content\\\/uploads\\\/2017\\\/04\\\/napoles-portada.jpg\",\"contentUrl\":\"https:\\\/\\\/www.revistarambla.com\\\/wp-content\\\/uploads\\\/2017\\\/04\\\/napoles-portada.jpg\",\"width\":624,\"height\":416},{\"@type\":\"BreadcrumbList\",\"@id\":\"https:\\\/\\\/www.revistarambla.com\\\/napoles-museo-a-cielo-abierto-y-declarado-patrimonio-de-la-humanidad\\\/#breadcrumb\",\"itemListElement\":[{\"@type\":\"ListItem\",\"position\":1,\"name\":\"Portada\",\"item\":\"https:\\\/\\\/www.revistarambla.com\\\/\"},{\"@type\":\"ListItem\",\"position\":2,\"name\":\"N\u00e1poles: \u00abmuseo a cielo abierto\u00bb declarado Patrimonio de la Humanidad\"}]},{\"@type\":\"WebSite\",\"@id\":\"https:\\\/\\\/www.revistarambla.com\\\/#website\",\"url\":\"https:\\\/\\\/www.revistarambla.com\\\/\",\"name\":\"Revista Rambla Barcelona\",\"description\":\"Periodismo independiente\",\"publisher\":{\"@id\":\"https:\\\/\\\/www.revistarambla.com\\\/#organization\"},\"potentialAction\":[{\"@type\":\"SearchAction\",\"target\":{\"@type\":\"EntryPoint\",\"urlTemplate\":\"https:\\\/\\\/www.revistarambla.com\\\/?s={search_term_string}\"},\"query-input\":{\"@type\":\"PropertyValueSpecification\",\"valueRequired\":true,\"valueName\":\"search_term_string\"}}],\"inLanguage\":\"en-GB\"},{\"@type\":\"Organization\",\"@id\":\"https:\\\/\\\/www.revistarambla.com\\\/#organization\",\"name\":\"Revista Rambla\",\"url\":\"https:\\\/\\\/www.revistarambla.com\\\/\",\"logo\":{\"@type\":\"ImageObject\",\"inLanguage\":\"en-GB\",\"@id\":\"https:\\\/\\\/www.revistarambla.com\\\/#\\\/schema\\\/logo\\\/image\\\/\",\"url\":\"https:\\\/\\\/www.revistarambla.com\\\/wp-content\\\/uploads\\\/2020\\\/09\\\/banner_rambla_1900x600_BB.png\",\"contentUrl\":\"https:\\\/\\\/www.revistarambla.com\\\/wp-content\\\/uploads\\\/2020\\\/09\\\/banner_rambla_1900x600_BB.png\",\"width\":1900,\"height\":600,\"caption\":\"Revista Rambla\"},\"image\":{\"@id\":\"https:\\\/\\\/www.revistarambla.com\\\/#\\\/schema\\\/logo\\\/image\\\/\"},\"sameAs\":[\"https:\\\/\\\/www.facebook.com\\\/revistarambla\\\/\",\"https:\\\/\\\/x.com\\\/revistarambla\",\"https:\\\/\\\/www.instagram.com\\\/revista_rambla\",\"https:\\\/\\\/es.linkedin.com\\\/company\\\/revista-rambla\"]},{\"@type\":\"Person\",\"@id\":\"https:\\\/\\\/www.revistarambla.com\\\/#\\\/schema\\\/person\\\/a146a5a2550b94981a75131180e1bd9c\",\"name\":\"R@mbla\",\"description\":\"Este art\u00edculo ha sido redactado y\\\/o validado por el equipo de redacci\u00f3n de Revista Rambla.\",\"sameAs\":[\"https:\\\/\\\/www.revistarambla.com\\\/\",\"https:\\\/\\\/www.facebook.com\\\/revistarambla\",\"https:\\\/\\\/x.com\\\/revistarambla\"]}]}<\/script>\n<!-- \/ Yoast SEO plugin. -->","yoast_head_json":{"title":"\u00bfQu\u00e9 ver en N\u00e1poles? - Revista Rambla (Ocio y Viajes)","description":"En este art\u00edculo te explicamos qu\u00e9 ver en N\u00e1poles. Seg\u00fan la leyenda, los comerciantes de Rodas fundaron la ciudad en la isla de Megaris (donde ahora se...","robots":{"index":"index","follow":"follow","max-snippet":"max-snippet:-1","max-image-preview":"max-image-preview:large","max-video-preview":"max-video-preview:-1"},"canonical":"https:\/\/www.revistarambla.com\/en\/napoles-museo-a-cielo-abierto-y-declarado-patrimonio-de-la-humanidad\/","og_locale":"en_GB","og_type":"article","og_title":"\u00bfQu\u00e9 ver en N\u00e1poles? - Revista Rambla (Ocio y Viajes)","og_description":"En este art\u00edculo te explicamos qu\u00e9 ver en N\u00e1poles. Seg\u00fan la leyenda, los comerciantes de Rodas fundaron la ciudad en la isla de Megaris (donde ahora se...","og_url":"https:\/\/www.revistarambla.com\/en\/napoles-museo-a-cielo-abierto-y-declarado-patrimonio-de-la-humanidad\/","og_site_name":"Revista Rambla","article_publisher":"https:\/\/www.facebook.com\/revistarambla\/","article_author":"https:\/\/www.facebook.com\/revistarambla","article_published_time":"2017-04-13T06:54:10+00:00","article_modified_time":"2021-04-02T18:27:29+00:00","og_image":[{"width":624,"height":416,"url":"https:\/\/i1.wp.com\/www.revistarambla.com\/wp-content\/uploads\/2017\/04\/napoles-portada.jpg?fit=624%2C416&ssl=1","type":"image\/jpeg"}],"author":"R@mbla","twitter_card":"summary_large_image","twitter_creator":"@revistarambla","twitter_site":"@revistarambla","twitter_misc":{"Written by":"R@mbla","Estimated reading time":"11 minutes"},"schema":{"@context":"https:\/\/schema.org","@graph":[{"@type":"Article","@id":"https:\/\/www.revistarambla.com\/napoles-museo-a-cielo-abierto-y-declarado-patrimonio-de-la-humanidad\/#article","isPartOf":{"@id":"https:\/\/www.revistarambla.com\/napoles-museo-a-cielo-abierto-y-declarado-patrimonio-de-la-humanidad\/"},"author":{"name":"R@mbla","@id":"https:\/\/www.revistarambla.com\/#\/schema\/person\/a146a5a2550b94981a75131180e1bd9c"},"headline":"N\u00e1poles: \u00abmuseo a cielo abierto\u00bb declarado Patrimonio de la Humanidad","datePublished":"2017-04-13T06:54:10+00:00","dateModified":"2021-04-02T18:27:29+00:00","mainEntityOfPage":{"@id":"https:\/\/www.revistarambla.com\/napoles-museo-a-cielo-abierto-y-declarado-patrimonio-de-la-humanidad\/"},"wordCount":2438,"commentCount":0,"publisher":{"@id":"https:\/\/www.revistarambla.com\/#organization"},"image":{"@id":"https:\/\/www.revistarambla.com\/napoles-museo-a-cielo-abierto-y-declarado-patrimonio-de-la-humanidad\/#primaryimage"},"thumbnailUrl":"https:\/\/www.revistarambla.com\/wp-content\/uploads\/2017\/04\/napoles-portada.jpg","articleSection":["Ocio","Viajes"],"inLanguage":"en-GB","potentialAction":[{"@type":"CommentAction","name":"Comment","target":["https:\/\/www.revistarambla.com\/napoles-museo-a-cielo-abierto-y-declarado-patrimonio-de-la-humanidad\/#respond"]}]},{"@type":"WebPage","@id":"https:\/\/www.revistarambla.com\/napoles-museo-a-cielo-abierto-y-declarado-patrimonio-de-la-humanidad\/","url":"https:\/\/www.revistarambla.com\/napoles-museo-a-cielo-abierto-y-declarado-patrimonio-de-la-humanidad\/","name":"\u00bfQu\u00e9 ver en N\u00e1poles? - Revista Rambla (Ocio y Viajes)","isPartOf":{"@id":"https:\/\/www.revistarambla.com\/#website"},"primaryImageOfPage":{"@id":"https:\/\/www.revistarambla.com\/napoles-museo-a-cielo-abierto-y-declarado-patrimonio-de-la-humanidad\/#primaryimage"},"image":{"@id":"https:\/\/www.revistarambla.com\/napoles-museo-a-cielo-abierto-y-declarado-patrimonio-de-la-humanidad\/#primaryimage"},"thumbnailUrl":"https:\/\/www.revistarambla.com\/wp-content\/uploads\/2017\/04\/napoles-portada.jpg","datePublished":"2017-04-13T06:54:10+00:00","dateModified":"2021-04-02T18:27:29+00:00","description":"En este art\u00edculo te explicamos qu\u00e9 ver en N\u00e1poles. Seg\u00fan la leyenda, los comerciantes de Rodas fundaron la ciudad en la isla de Megaris (donde ahora se...","breadcrumb":{"@id":"https:\/\/www.revistarambla.com\/napoles-museo-a-cielo-abierto-y-declarado-patrimonio-de-la-humanidad\/#breadcrumb"},"inLanguage":"en-GB","potentialAction":[{"@type":"ReadAction","target":["https:\/\/www.revistarambla.com\/napoles-museo-a-cielo-abierto-y-declarado-patrimonio-de-la-humanidad\/"]}]},{"@type":"ImageObject","inLanguage":"en-GB","@id":"https:\/\/www.revistarambla.com\/napoles-museo-a-cielo-abierto-y-declarado-patrimonio-de-la-humanidad\/#primaryimage","url":"https:\/\/www.revistarambla.com\/wp-content\/uploads\/2017\/04\/napoles-portada.jpg","contentUrl":"https:\/\/www.revistarambla.com\/wp-content\/uploads\/2017\/04\/napoles-portada.jpg","width":624,"height":416},{"@type":"BreadcrumbList","@id":"https:\/\/www.revistarambla.com\/napoles-museo-a-cielo-abierto-y-declarado-patrimonio-de-la-humanidad\/#breadcrumb","itemListElement":[{"@type":"ListItem","position":1,"name":"Portada","item":"https:\/\/www.revistarambla.com\/"},{"@type":"ListItem","position":2,"name":"N\u00e1poles: \u00abmuseo a cielo abierto\u00bb declarado Patrimonio de la Humanidad"}]},{"@type":"WebSite","@id":"https:\/\/www.revistarambla.com\/#website","url":"https:\/\/www.revistarambla.com\/","name":"Revista Rambla Barcelona","description":"Periodismo independiente","publisher":{"@id":"https:\/\/www.revistarambla.com\/#organization"},"potentialAction":[{"@type":"SearchAction","target":{"@type":"EntryPoint","urlTemplate":"https:\/\/www.revistarambla.com\/?s={search_term_string}"},"query-input":{"@type":"PropertyValueSpecification","valueRequired":true,"valueName":"search_term_string"}}],"inLanguage":"en-GB"},{"@type":"Organization","@id":"https:\/\/www.revistarambla.com\/#organization","name":"Revista Rambla","url":"https:\/\/www.revistarambla.com\/","logo":{"@type":"ImageObject","inLanguage":"en-GB","@id":"https:\/\/www.revistarambla.com\/#\/schema\/logo\/image\/","url":"https:\/\/www.revistarambla.com\/wp-content\/uploads\/2020\/09\/banner_rambla_1900x600_BB.png","contentUrl":"https:\/\/www.revistarambla.com\/wp-content\/uploads\/2020\/09\/banner_rambla_1900x600_BB.png","width":1900,"height":600,"caption":"Revista Rambla"},"image":{"@id":"https:\/\/www.revistarambla.com\/#\/schema\/logo\/image\/"},"sameAs":["https:\/\/www.facebook.com\/revistarambla\/","https:\/\/x.com\/revistarambla","https:\/\/www.instagram.com\/revista_rambla","https:\/\/es.linkedin.com\/company\/revista-rambla"]},{"@type":"Person","@id":"https:\/\/www.revistarambla.com\/#\/schema\/person\/a146a5a2550b94981a75131180e1bd9c","name":"R@mbla","description":"Este art\u00edculo ha sido redactado y\/o validado por el equipo de redacci\u00f3n de Revista Rambla.","sameAs":["https:\/\/www.revistarambla.com\/","https:\/\/www.facebook.com\/revistarambla","https:\/\/x.com\/revistarambla"]}]}},"_links":{"self":[{"href":"https:\/\/www.revistarambla.com\/en\/wp-json\/wp\/v2\/posts\/12260","targetHints":{"allow":["GET"]}}],"collection":[{"href":"https:\/\/www.revistarambla.com\/en\/wp-json\/wp\/v2\/posts"}],"about":[{"href":"https:\/\/www.revistarambla.com\/en\/wp-json\/wp\/v2\/types\/post"}],"author":[{"embeddable":true,"href":"https:\/\/www.revistarambla.com\/en\/wp-json\/wp\/v2\/users\/3"}],"replies":[{"embeddable":true,"href":"https:\/\/www.revistarambla.com\/en\/wp-json\/wp\/v2\/comments?post=12260"}],"version-history":[{"count":0,"href":"https:\/\/www.revistarambla.com\/en\/wp-json\/wp\/v2\/posts\/12260\/revisions"}],"wp:featuredmedia":[{"embeddable":true,"href":"https:\/\/www.revistarambla.com\/en\/wp-json\/wp\/v2\/media\/12209"}],"wp:attachment":[{"href":"https:\/\/www.revistarambla.com\/en\/wp-json\/wp\/v2\/media?parent=12260"}],"wp:term":[{"taxonomy":"category","embeddable":true,"href":"https:\/\/www.revistarambla.com\/en\/wp-json\/wp\/v2\/categories?post=12260"},{"taxonomy":"post_tag","embeddable":true,"href":"https:\/\/www.revistarambla.com\/en\/wp-json\/wp\/v2\/tags?post=12260"}],"curies":[{"name":"wp","href":"https:\/\/api.w.org\/{rel}","templated":true}]}}