{"id":1224,"date":"2011-11-18T14:10:34","date_gmt":"2011-11-18T13:10:34","guid":{"rendered":"https:\/\/www.revistarambla.com\/los-estudiantes-salen-a-la-calle-para-protestar-contra-los-recortes\/"},"modified":"2021-12-16T21:04:50","modified_gmt":"2021-12-16T20:04:50","slug":"los-estudiantes-salen-a-la-calle-para-protestar-contra-los-recortes","status":"publish","type":"post","link":"https:\/\/www.revistarambla.com\/en\/los-estudiantes-salen-a-la-calle-para-protestar-contra-los-recortes\/","title":{"rendered":"Los estudiantes salen a la calle para protestar contra los recortes"},"content":{"rendered":"<p><img decoding=\"async\" class=\"aligncenter wp-image-31664\" src=\"https:\/\/www.revistarambla.com\/wp-content\/uploads\/2011\/11\/5faef7449bfb8-300x147.jpeg\" alt=\"\" width=\"700\" height=\"343\" srcset=\"https:\/\/www.revistarambla.com\/wp-content\/uploads\/2011\/11\/5faef7449bfb8-300x147.jpeg 300w, https:\/\/www.revistarambla.com\/wp-content\/uploads\/2011\/11\/5faef7449bfb8-768x377.jpeg 768w, https:\/\/www.revistarambla.com\/wp-content\/uploads\/2011\/11\/5faef7449bfb8.jpeg 948w\" sizes=\"(max-width: 700px) 100vw, 700px\" \/><\/p>\n<p>La huelga de estudiantes fue convocada por la Plataforma Unitaria en Defensa de la Universidad P\u00fablica (<span data-scayt_word=\"PUDUP\" data-scaytid=\"6\">PUDUP<\/span>) y moviliz\u00f3 a un total de 25 universidades de toda Espa\u00f1a. Sin embargo, donde m\u00e1s se hicieron notar las protestas fue en Barcelona, donde los estudiantes cortaron de buena ma\u00f1ana la Avenida Diagonal, a la altura de zona universitaria, y la <span data-scayt_word=\"AP-7\" data-scaytid=\"7\">AP-7<\/span>, en <span data-scayt_word=\"Bellaterra\" data-scaytid=\"8\">Bellaterra<\/span>, y ocuparon diversas facultades desde la noche anterior. Las clases se suspendieron y los alumnos aprovecharon para organizar asambleas en los espacios docentes.<\/p>\n<p>La jornada del jueves fue intensa: despu\u00e9s de los cortes de tr\u00e1fico matutinos y las ocupaciones; al mediod\u00eda, varios grupos de estudiantes se dirigieron al centro de la ciudad condal para <span data-scayt_word=\"manifestarse\" data-scaytid=\"10\">manifestarse<\/span> ante la sede del Banco Santander, la Bolsa de Barcelona (donde se lanzaron huevos contra puertas y ventanas y se hicieron numerosas pintadas) y el <span data-scayt_word=\"Departament\" data-scaytid=\"11\">Departament<\/span> <span data-scayt_word=\"d\u2019Economia\" data-scaytid=\"12\">d\u2019Economia<\/span> de la <span data-scayt_word=\"Generalitat\" data-scaytid=\"13\">Generalitat<\/span>.<\/p>\n<p>Ya a media tarde arrancaba una masiva manifestaci\u00f3n desde <span data-scayt_word=\"Pla\u00e7a\" data-scaytid=\"15\">Pla\u00e7a<\/span> <span data-scayt_word=\"Universitat\" data-scaytid=\"16\">Universitat<\/span>, que abarrot\u00f3 las principales calles del centro, desplaz\u00e1ndose por <span data-scayt_word=\"Pelayo\" data-scaytid=\"17\">Pelayo<\/span>, bajando por Las Ramblas y deteni\u00e9ndose\u00a0 en <span data-scayt_word=\"P\u00e7a\" data-scaytid=\"18\">P\u00e7a<\/span>. Sant <span data-scayt_word=\"Jaume\" data-scaytid=\"19\">Jaume<\/span>, frente a los edificios del Ayuntamiento y la <span data-scayt_word=\"Generalitat\" data-scaytid=\"14\">Generalitat<\/span>. All\u00ed se pudieron escuchar lemas como \u00ab<span data-scayt_word=\"Artur\" data-scaytid=\"20\">Artur<\/span> Mas <span data-scayt_word=\"retalla't\" data-scaytid=\"21\">retalla&#8217;t<\/span> <span data-scayt_word=\"els\" data-scaytid=\"22\">els<\/span> <span data-scayt_word=\"collons\" data-scaytid=\"23\">collons<\/span>\u00bb o \u201cContra la tijera, piedra, piedra, piedra\u201d.<\/p>\n<p>Posteriormente, los manifestantes tomaron <span data-scayt_word=\"Via\" data-scaytid=\"32\">Via<\/span> <span data-scayt_word=\"Laietana\" data-scaytid=\"33\">Laietana<\/span> en direcci\u00f3n a <span data-scayt_word=\"P\u00e7a\" data-scaytid=\"25\">P\u00e7a<\/span>. <span data-scayt_word=\"Urquinaona\" data-scaytid=\"36\">Urquinaona<\/span> y finalizaron la marcha en <span data-scayt_word=\"P\u00e7a\" data-scaytid=\"26\">P\u00e7a<\/span>. <span data-scayt_word=\"Catalunya\" data-scaytid=\"37\">Catalunya<\/span>. All\u00ed se pudo escuchar como la gran masa gritaba \u201chemos vuelto a la plaza\u201d. Las im\u00e1genes recordaban realmente a los inicios de las acampadas en mayo. Para acabar, los estudiantes celebraron una asamblea para decidir cu\u00e1les ser\u00edan las pr\u00f3ximas acciones a llevar a cabo antes de la jornada electoral.<\/p>\n<p>Al t\u00e9rmino de las movilizaciones, \u00a0300 estudiantes ocuparon un edificio abandonado del barrio G\u00f3tico, concretamente situado en la <span data-scayt_word=\"Pla\u00e7a\" data-scaytid=\"27\">Pla\u00e7a<\/span> del Duc <span data-scayt_word=\"Medinaceli\" data-scaytid=\"38\">Medinaceli<\/span> con la intenci\u00f3n de convertirlo en \u00abun espacio de Universidad libre\u00bb. Otro \u00a0medio centenar de personas se instal\u00f3 delante del <span data-scayt_word=\"Palau\" data-scaytid=\"39\">Palau<\/span> de la <span data-scayt_word=\"Generalitat\" data-scaytid=\"28\">Generalitat<\/span> con la intenci\u00f3n de pasar all\u00ed la noche.<\/p>\n<p>Para la tarde de hoy viernes est\u00e1 prevista una concentraci\u00f3n en <span data-scayt_word=\"Pla\u00e7a\" data-scaytid=\"24\">Pla\u00e7a<\/span> <span data-scayt_word=\"Catalunya\" data-scaytid=\"30\">Catalunya<\/span> a partir de las <span data-scayt_word=\"19h\" data-scaytid=\"31\">19h<\/span>, en la que se prev\u00e9 realizar nuevas acampadas.<\/p>","protected":false},"excerpt":{"rendered":"<p>Ayer por la tarde los estudiantes universitarios llenaron las calles de distintas ciudades de Espa\u00f1a. La de Barcelona, fue la manifestaci\u00f3n m\u00e1s multitudinaria, con un total de 30.000 personas, seg\u00fan los organizadores y 10.000, seg\u00fan la Guardia Urbana<\/p>","protected":false},"author":66,"featured_media":31664,"comment_status":"open","ping_status":"open","sticky":false,"template":"","format":"standard","meta":{"footnotes":""},"categories":[3,76],"tags":[],"class_list":["post-1224","post","type-post","status-publish","format-standard","has-post-thumbnail","hentry","category-actualidad","category-barcelona"],"yoast_head":"<!-- This site is optimized with the Yoast SEO plugin v27.5 - https:\/\/yoast.com\/product\/yoast-seo-wordpress\/ -->\n<title>Los estudiantes salen a la calle para protestar contra los recortes - Revista Rambla<\/title>\n<meta name=\"robots\" content=\"index, follow, max-snippet:-1, max-image-preview:large, max-video-preview:-1\" \/>\n<link rel=\"canonical\" href=\"https:\/\/www.revistarambla.com\/en\/los-estudiantes-salen-a-la-calle-para-protestar-contra-los-recortes\/\" \/>\n<meta property=\"og:locale\" content=\"en_GB\" \/>\n<meta property=\"og:type\" content=\"article\" \/>\n<meta property=\"og:title\" content=\"Los estudiantes salen a la calle para protestar contra los recortes - Revista Rambla\" \/>\n<meta property=\"og:description\" content=\"Ayer por la tarde los estudiantes universitarios llenaron las calles de distintas ciudades de Espa\u00f1a. La de Barcelona, fue la manifestaci\u00f3n m\u00e1s multitudinaria, con un total de 30.000 personas, seg\u00fan los organizadores y 10.000, seg\u00fan la Guardia Urbana\" \/>\n<meta property=\"og:url\" content=\"https:\/\/www.revistarambla.com\/en\/los-estudiantes-salen-a-la-calle-para-protestar-contra-los-recortes\/\" \/>\n<meta property=\"og:site_name\" content=\"Revista Rambla\" \/>\n<meta property=\"article:publisher\" content=\"https:\/\/www.facebook.com\/revistarambla\/\" \/>\n<meta property=\"article:published_time\" content=\"2011-11-18T13:10:34+00:00\" \/>\n<meta property=\"article:modified_time\" content=\"2021-12-16T20:04:50+00:00\" \/>\n<meta property=\"og:image\" content=\"https:\/\/www.revistarambla.com\/wp-content\/uploads\/2011\/11\/5faef7449bfb8.jpeg\" \/>\n\t<meta property=\"og:image:width\" content=\"948\" \/>\n\t<meta property=\"og:image:height\" content=\"465\" \/>\n\t<meta property=\"og:image:type\" content=\"image\/jpeg\" \/>\n<meta name=\"author\" content=\"Ver\u00f3nica Encinas Salgado\" \/>\n<meta name=\"twitter:card\" content=\"summary_large_image\" \/>\n<meta name=\"twitter:creator\" content=\"@revistarambla\" \/>\n<meta name=\"twitter:site\" content=\"@revistarambla\" \/>\n<meta name=\"twitter:label1\" content=\"Written by\" \/>\n\t<meta name=\"twitter:data1\" content=\"Ver\u00f3nica Encinas Salgado\" \/>\n\t<meta name=\"twitter:label2\" content=\"Estimated reading time\" \/>\n\t<meta name=\"twitter:data2\" content=\"2 minutes\" \/>\n<script type=\"application\/ld+json\" class=\"yoast-schema-graph\">{\"@context\":\"https:\\\/\\\/schema.org\",\"@graph\":[{\"@type\":\"Article\",\"@id\":\"https:\\\/\\\/www.revistarambla.com\\\/los-estudiantes-salen-a-la-calle-para-protestar-contra-los-recortes\\\/#article\",\"isPartOf\":{\"@id\":\"https:\\\/\\\/www.revistarambla.com\\\/los-estudiantes-salen-a-la-calle-para-protestar-contra-los-recortes\\\/\"},\"author\":{\"name\":\"Ver\u00f3nica Encinas Salgado\",\"@id\":\"https:\\\/\\\/www.revistarambla.com\\\/#\\\/schema\\\/person\\\/d5b8d7715dcc8b0e3eeac113266d2af6\"},\"headline\":\"Los estudiantes salen a la calle para protestar contra los recortes\",\"datePublished\":\"2011-11-18T13:10:34+00:00\",\"dateModified\":\"2021-12-16T20:04:50+00:00\",\"mainEntityOfPage\":{\"@id\":\"https:\\\/\\\/www.revistarambla.com\\\/los-estudiantes-salen-a-la-calle-para-protestar-contra-los-recortes\\\/\"},\"wordCount\":388,\"commentCount\":0,\"publisher\":{\"@id\":\"https:\\\/\\\/www.revistarambla.com\\\/#organization\"},\"image\":{\"@id\":\"https:\\\/\\\/www.revistarambla.com\\\/los-estudiantes-salen-a-la-calle-para-protestar-contra-los-recortes\\\/#primaryimage\"},\"thumbnailUrl\":\"https:\\\/\\\/www.revistarambla.com\\\/wp-content\\\/uploads\\\/2011\\\/11\\\/5faef7449bfb8.jpeg\",\"articleSection\":[\"Actualidad\",\"Barcelona\"],\"inLanguage\":\"en-GB\",\"potentialAction\":[{\"@type\":\"CommentAction\",\"name\":\"Comment\",\"target\":[\"https:\\\/\\\/www.revistarambla.com\\\/los-estudiantes-salen-a-la-calle-para-protestar-contra-los-recortes\\\/#respond\"]}]},{\"@type\":\"WebPage\",\"@id\":\"https:\\\/\\\/www.revistarambla.com\\\/los-estudiantes-salen-a-la-calle-para-protestar-contra-los-recortes\\\/\",\"url\":\"https:\\\/\\\/www.revistarambla.com\\\/los-estudiantes-salen-a-la-calle-para-protestar-contra-los-recortes\\\/\",\"name\":\"Los estudiantes salen a la calle para protestar contra los recortes - Revista Rambla\",\"isPartOf\":{\"@id\":\"https:\\\/\\\/www.revistarambla.com\\\/#website\"},\"primaryImageOfPage\":{\"@id\":\"https:\\\/\\\/www.revistarambla.com\\\/los-estudiantes-salen-a-la-calle-para-protestar-contra-los-recortes\\\/#primaryimage\"},\"image\":{\"@id\":\"https:\\\/\\\/www.revistarambla.com\\\/los-estudiantes-salen-a-la-calle-para-protestar-contra-los-recortes\\\/#primaryimage\"},\"thumbnailUrl\":\"https:\\\/\\\/www.revistarambla.com\\\/wp-content\\\/uploads\\\/2011\\\/11\\\/5faef7449bfb8.jpeg\",\"datePublished\":\"2011-11-18T13:10:34+00:00\",\"dateModified\":\"2021-12-16T20:04:50+00:00\",\"breadcrumb\":{\"@id\":\"https:\\\/\\\/www.revistarambla.com\\\/los-estudiantes-salen-a-la-calle-para-protestar-contra-los-recortes\\\/#breadcrumb\"},\"inLanguage\":\"en-GB\",\"potentialAction\":[{\"@type\":\"ReadAction\",\"target\":[\"https:\\\/\\\/www.revistarambla.com\\\/los-estudiantes-salen-a-la-calle-para-protestar-contra-los-recortes\\\/\"]}]},{\"@type\":\"ImageObject\",\"inLanguage\":\"en-GB\",\"@id\":\"https:\\\/\\\/www.revistarambla.com\\\/los-estudiantes-salen-a-la-calle-para-protestar-contra-los-recortes\\\/#primaryimage\",\"url\":\"https:\\\/\\\/www.revistarambla.com\\\/wp-content\\\/uploads\\\/2011\\\/11\\\/5faef7449bfb8.jpeg\",\"contentUrl\":\"https:\\\/\\\/www.revistarambla.com\\\/wp-content\\\/uploads\\\/2011\\\/11\\\/5faef7449bfb8.jpeg\",\"width\":948,\"height\":465},{\"@type\":\"BreadcrumbList\",\"@id\":\"https:\\\/\\\/www.revistarambla.com\\\/los-estudiantes-salen-a-la-calle-para-protestar-contra-los-recortes\\\/#breadcrumb\",\"itemListElement\":[{\"@type\":\"ListItem\",\"position\":1,\"name\":\"Portada\",\"item\":\"https:\\\/\\\/www.revistarambla.com\\\/\"},{\"@type\":\"ListItem\",\"position\":2,\"name\":\"Los estudiantes salen a la calle para protestar contra los recortes\"}]},{\"@type\":\"WebSite\",\"@id\":\"https:\\\/\\\/www.revistarambla.com\\\/#website\",\"url\":\"https:\\\/\\\/www.revistarambla.com\\\/\",\"name\":\"Revista Rambla Barcelona\",\"description\":\"Periodismo independiente\",\"publisher\":{\"@id\":\"https:\\\/\\\/www.revistarambla.com\\\/#organization\"},\"potentialAction\":[{\"@type\":\"SearchAction\",\"target\":{\"@type\":\"EntryPoint\",\"urlTemplate\":\"https:\\\/\\\/www.revistarambla.com\\\/?s={search_term_string}\"},\"query-input\":{\"@type\":\"PropertyValueSpecification\",\"valueRequired\":true,\"valueName\":\"search_term_string\"}}],\"inLanguage\":\"en-GB\"},{\"@type\":\"Organization\",\"@id\":\"https:\\\/\\\/www.revistarambla.com\\\/#organization\",\"name\":\"Revista Rambla\",\"url\":\"https:\\\/\\\/www.revistarambla.com\\\/\",\"logo\":{\"@type\":\"ImageObject\",\"inLanguage\":\"en-GB\",\"@id\":\"https:\\\/\\\/www.revistarambla.com\\\/#\\\/schema\\\/logo\\\/image\\\/\",\"url\":\"https:\\\/\\\/www.revistarambla.com\\\/wp-content\\\/uploads\\\/2020\\\/09\\\/banner_rambla_1900x600_BB.png\",\"contentUrl\":\"https:\\\/\\\/www.revistarambla.com\\\/wp-content\\\/uploads\\\/2020\\\/09\\\/banner_rambla_1900x600_BB.png\",\"width\":1900,\"height\":600,\"caption\":\"Revista Rambla\"},\"image\":{\"@id\":\"https:\\\/\\\/www.revistarambla.com\\\/#\\\/schema\\\/logo\\\/image\\\/\"},\"sameAs\":[\"https:\\\/\\\/www.facebook.com\\\/revistarambla\\\/\",\"https:\\\/\\\/x.com\\\/revistarambla\",\"https:\\\/\\\/www.instagram.com\\\/revista_rambla\",\"https:\\\/\\\/es.linkedin.com\\\/company\\\/revista-rambla\"]},{\"@type\":\"Person\",\"@id\":\"https:\\\/\\\/www.revistarambla.com\\\/#\\\/schema\\\/person\\\/d5b8d7715dcc8b0e3eeac113266d2af6\",\"name\":\"Ver\u00f3nica Encinas Salgado\",\"description\":\"Licenciada en Ciencias Pol\u00edticas por la Universidad Aut\u00f3noma de Barcelona y especializada en periodismo y comunicaci\u00f3n digital.\",\"sameAs\":[\"https:\\\/\\\/www.instagram.com\\\/veronica.encinas.salgado\\\/\",\"https:\\\/\\\/es.linkedin.com\\\/in\\\/veronicaencinassalgado\"]}]}<\/script>\n<!-- \/ Yoast SEO plugin. -->","yoast_head_json":{"title":"Los estudiantes salen a la calle para protestar contra los recortes - Revista Rambla","robots":{"index":"index","follow":"follow","max-snippet":"max-snippet:-1","max-image-preview":"max-image-preview:large","max-video-preview":"max-video-preview:-1"},"canonical":"https:\/\/www.revistarambla.com\/en\/los-estudiantes-salen-a-la-calle-para-protestar-contra-los-recortes\/","og_locale":"en_GB","og_type":"article","og_title":"Los estudiantes salen a la calle para protestar contra los recortes - Revista Rambla","og_description":"Ayer por la tarde los estudiantes universitarios llenaron las calles de distintas ciudades de Espa\u00f1a. La de Barcelona, fue la manifestaci\u00f3n m\u00e1s multitudinaria, con un total de 30.000 personas, seg\u00fan los organizadores y 10.000, seg\u00fan la Guardia Urbana","og_url":"https:\/\/www.revistarambla.com\/en\/los-estudiantes-salen-a-la-calle-para-protestar-contra-los-recortes\/","og_site_name":"Revista Rambla","article_publisher":"https:\/\/www.facebook.com\/revistarambla\/","article_published_time":"2011-11-18T13:10:34+00:00","article_modified_time":"2021-12-16T20:04:50+00:00","og_image":[{"width":948,"height":465,"url":"https:\/\/www.revistarambla.com\/wp-content\/uploads\/2011\/11\/5faef7449bfb8.jpeg","type":"image\/jpeg"}],"author":"Ver\u00f3nica Encinas Salgado","twitter_card":"summary_large_image","twitter_creator":"@revistarambla","twitter_site":"@revistarambla","twitter_misc":{"Written by":"Ver\u00f3nica Encinas Salgado","Estimated reading time":"2 minutes"},"schema":{"@context":"https:\/\/schema.org","@graph":[{"@type":"Article","@id":"https:\/\/www.revistarambla.com\/los-estudiantes-salen-a-la-calle-para-protestar-contra-los-recortes\/#article","isPartOf":{"@id":"https:\/\/www.revistarambla.com\/los-estudiantes-salen-a-la-calle-para-protestar-contra-los-recortes\/"},"author":{"name":"Ver\u00f3nica Encinas Salgado","@id":"https:\/\/www.revistarambla.com\/#\/schema\/person\/d5b8d7715dcc8b0e3eeac113266d2af6"},"headline":"Los estudiantes salen a la calle para protestar contra los recortes","datePublished":"2011-11-18T13:10:34+00:00","dateModified":"2021-12-16T20:04:50+00:00","mainEntityOfPage":{"@id":"https:\/\/www.revistarambla.com\/los-estudiantes-salen-a-la-calle-para-protestar-contra-los-recortes\/"},"wordCount":388,"commentCount":0,"publisher":{"@id":"https:\/\/www.revistarambla.com\/#organization"},"image":{"@id":"https:\/\/www.revistarambla.com\/los-estudiantes-salen-a-la-calle-para-protestar-contra-los-recortes\/#primaryimage"},"thumbnailUrl":"https:\/\/www.revistarambla.com\/wp-content\/uploads\/2011\/11\/5faef7449bfb8.jpeg","articleSection":["Actualidad","Barcelona"],"inLanguage":"en-GB","potentialAction":[{"@type":"CommentAction","name":"Comment","target":["https:\/\/www.revistarambla.com\/los-estudiantes-salen-a-la-calle-para-protestar-contra-los-recortes\/#respond"]}]},{"@type":"WebPage","@id":"https:\/\/www.revistarambla.com\/los-estudiantes-salen-a-la-calle-para-protestar-contra-los-recortes\/","url":"https:\/\/www.revistarambla.com\/los-estudiantes-salen-a-la-calle-para-protestar-contra-los-recortes\/","name":"Los estudiantes salen a la calle para protestar contra los recortes - Revista Rambla","isPartOf":{"@id":"https:\/\/www.revistarambla.com\/#website"},"primaryImageOfPage":{"@id":"https:\/\/www.revistarambla.com\/los-estudiantes-salen-a-la-calle-para-protestar-contra-los-recortes\/#primaryimage"},"image":{"@id":"https:\/\/www.revistarambla.com\/los-estudiantes-salen-a-la-calle-para-protestar-contra-los-recortes\/#primaryimage"},"thumbnailUrl":"https:\/\/www.revistarambla.com\/wp-content\/uploads\/2011\/11\/5faef7449bfb8.jpeg","datePublished":"2011-11-18T13:10:34+00:00","dateModified":"2021-12-16T20:04:50+00:00","breadcrumb":{"@id":"https:\/\/www.revistarambla.com\/los-estudiantes-salen-a-la-calle-para-protestar-contra-los-recortes\/#breadcrumb"},"inLanguage":"en-GB","potentialAction":[{"@type":"ReadAction","target":["https:\/\/www.revistarambla.com\/los-estudiantes-salen-a-la-calle-para-protestar-contra-los-recortes\/"]}]},{"@type":"ImageObject","inLanguage":"en-GB","@id":"https:\/\/www.revistarambla.com\/los-estudiantes-salen-a-la-calle-para-protestar-contra-los-recortes\/#primaryimage","url":"https:\/\/www.revistarambla.com\/wp-content\/uploads\/2011\/11\/5faef7449bfb8.jpeg","contentUrl":"https:\/\/www.revistarambla.com\/wp-content\/uploads\/2011\/11\/5faef7449bfb8.jpeg","width":948,"height":465},{"@type":"BreadcrumbList","@id":"https:\/\/www.revistarambla.com\/los-estudiantes-salen-a-la-calle-para-protestar-contra-los-recortes\/#breadcrumb","itemListElement":[{"@type":"ListItem","position":1,"name":"Portada","item":"https:\/\/www.revistarambla.com\/"},{"@type":"ListItem","position":2,"name":"Los estudiantes salen a la calle para protestar contra los recortes"}]},{"@type":"WebSite","@id":"https:\/\/www.revistarambla.com\/#website","url":"https:\/\/www.revistarambla.com\/","name":"Revista Rambla Barcelona","description":"Periodismo independiente","publisher":{"@id":"https:\/\/www.revistarambla.com\/#organization"},"potentialAction":[{"@type":"SearchAction","target":{"@type":"EntryPoint","urlTemplate":"https:\/\/www.revistarambla.com\/?s={search_term_string}"},"query-input":{"@type":"PropertyValueSpecification","valueRequired":true,"valueName":"search_term_string"}}],"inLanguage":"en-GB"},{"@type":"Organization","@id":"https:\/\/www.revistarambla.com\/#organization","name":"Revista Rambla","url":"https:\/\/www.revistarambla.com\/","logo":{"@type":"ImageObject","inLanguage":"en-GB","@id":"https:\/\/www.revistarambla.com\/#\/schema\/logo\/image\/","url":"https:\/\/www.revistarambla.com\/wp-content\/uploads\/2020\/09\/banner_rambla_1900x600_BB.png","contentUrl":"https:\/\/www.revistarambla.com\/wp-content\/uploads\/2020\/09\/banner_rambla_1900x600_BB.png","width":1900,"height":600,"caption":"Revista Rambla"},"image":{"@id":"https:\/\/www.revistarambla.com\/#\/schema\/logo\/image\/"},"sameAs":["https:\/\/www.facebook.com\/revistarambla\/","https:\/\/x.com\/revistarambla","https:\/\/www.instagram.com\/revista_rambla","https:\/\/es.linkedin.com\/company\/revista-rambla"]},{"@type":"Person","@id":"https:\/\/www.revistarambla.com\/#\/schema\/person\/d5b8d7715dcc8b0e3eeac113266d2af6","name":"Ver\u00f3nica Encinas Salgado","description":"Licenciada en Ciencias Pol\u00edticas por la Universidad Aut\u00f3noma de Barcelona y especializada en periodismo y comunicaci\u00f3n digital.","sameAs":["https:\/\/www.instagram.com\/veronica.encinas.salgado\/","https:\/\/es.linkedin.com\/in\/veronicaencinassalgado"]}]}},"_links":{"self":[{"href":"https:\/\/www.revistarambla.com\/en\/wp-json\/wp\/v2\/posts\/1224","targetHints":{"allow":["GET"]}}],"collection":[{"href":"https:\/\/www.revistarambla.com\/en\/wp-json\/wp\/v2\/posts"}],"about":[{"href":"https:\/\/www.revistarambla.com\/en\/wp-json\/wp\/v2\/types\/post"}],"author":[{"embeddable":true,"href":"https:\/\/www.revistarambla.com\/en\/wp-json\/wp\/v2\/users\/66"}],"replies":[{"embeddable":true,"href":"https:\/\/www.revistarambla.com\/en\/wp-json\/wp\/v2\/comments?post=1224"}],"version-history":[{"count":0,"href":"https:\/\/www.revistarambla.com\/en\/wp-json\/wp\/v2\/posts\/1224\/revisions"}],"wp:featuredmedia":[{"embeddable":true,"href":"https:\/\/www.revistarambla.com\/en\/wp-json\/wp\/v2\/media\/31664"}],"wp:attachment":[{"href":"https:\/\/www.revistarambla.com\/en\/wp-json\/wp\/v2\/media?parent=1224"}],"wp:term":[{"taxonomy":"category","embeddable":true,"href":"https:\/\/www.revistarambla.com\/en\/wp-json\/wp\/v2\/categories?post=1224"},{"taxonomy":"post_tag","embeddable":true,"href":"https:\/\/www.revistarambla.com\/en\/wp-json\/wp\/v2\/tags?post=1224"}],"curies":[{"name":"wp","href":"https:\/\/api.w.org\/{rel}","templated":true}]}}