{"id":1223,"date":"2011-11-18T09:08:07","date_gmt":"2011-11-18T09:08:07","guid":{"rendered":"https:\/\/www.revistarambla.com\/una-exposicion-impresionante-limpressionistes-mestres-francesos-de-la-colmleccio-clarkr\/"},"modified":"2021-05-09T16:36:05","modified_gmt":"2021-05-09T14:36:05","slug":"una-exposicion-impresionante-limpressionistes-mestres-francesos-de-la-colmleccio-clarkr","status":"publish","type":"post","link":"https:\/\/www.revistarambla.com\/en\/una-exposicion-impresionante-limpressionistes-mestres-francesos-de-la-colmleccio-clarkr\/","title":{"rendered":"Una exposici\u00f3n impresionante: \u00abImpresionistas. Maetros franceses de la Col\u00b7lecci\u00f3 Clark\u00bb"},"content":{"rendered":"<p><img decoding=\"async\" class=\"wp-image-31661 alignright\" src=\"https:\/\/www.revistarambla.com\/wp-content\/uploads\/2011\/11\/impressionistes3-217x300.jpg\" alt=\"\" width=\"332\" height=\"459\" srcset=\"https:\/\/www.revistarambla.com\/wp-content\/uploads\/2011\/11\/impressionistes3-217x300.jpg 217w, https:\/\/www.revistarambla.com\/wp-content\/uploads\/2011\/11\/impressionistes3.jpg 567w\" sizes=\"(max-width: 332px) 100vw, 332px\" \/>\u00bfSe imaginan asistir a un encuentro de la Holanda de <span data-scayt_word=\"Cruyff\" data-scaytid=\"13\">Cruyff<\/span>, <span data-scayt_word=\"Neeskens\" data-scaytid=\"14\">Neeskens<\/span>, <span data-scayt_word=\"Janzen\" data-scaytid=\"15\">Janzen<\/span>, <span data-scayt_word=\"Rep\" data-scaytid=\"16\">Rep<\/span> y compa\u00f1\u00eda, contra el actual <span data-scayt_word=\"Bar\u00e7a\" data-scaytid=\"17\">Bar\u00e7a<\/span> de <span data-scayt_word=\"Pep\" data-scaytid=\"18\">Pep<\/span> <span data-scayt_word=\"Guardiola\" data-scaytid=\"19\">Guardiola<\/span>? O, en el hilo de la ficci\u00f3n, \u00bfcabe suponer qu\u00e9 significar\u00eda presenciar un torneo de artes marciales en que los grandes h\u00e9roes de todos los tiempos (He-man, Son <span data-scayt_word=\"Goku\" data-scaytid=\"20\">Goku<\/span>, <span data-scayt_word=\"Bruce\" data-scaytid=\"21\">Bruce<\/span> Lee, Jes\u00fas, etc) se enfrentaran entre s\u00ed por la victoria final? Sin lugar a exageraciones, la propuesta de <span data-scayt_word=\"CosmoCaixa\" data-scaytid=\"35\">CosmoCaixa<\/span> Barcelona sobre el impresionismo franc\u00e9s se sit\u00faa a este nivel de <span data-scayt_word=\"excepcionalidad\" data-scaytid=\"36\">excepcionalidad<\/span>, de vigoroso reclamo y de cita obligatoria para todas aquellas personas que, sin necesidad de ser expertas o licenciadas en Bellas Artes, disfruten con la excelencia de una de las m\u00faltiples expresiones de lo art\u00edstico.<\/p>\n<p>Los espacios de la exposici\u00f3n recorren los inicios de la escuela de <span data-scayt_word=\"Barbizon\" data-scaytid=\"39\">Barbizon<\/span> hasta los retratos realizados por impresionistas y <span data-scayt_word=\"postimpresionistas\" data-scaytid=\"40\">postimpresionistas<\/span>, deteni\u00e9ndose, por supuesto, en las pinturas paisaj\u00edsticas, la renovaci\u00f3n de la naturaleza muerta o en los instantes capturados de la vida cotidiana. Cualquiera juzgar\u00eda que una exposici\u00f3n de este empaque y lustre dispondr\u00eda de lugar m\u00e1s apropiado en el Museo Nacional del Prado, en Madrid, o en el <span data-scayt_word=\"Museu\" data-scaytid=\"41\">Museu<\/span> Nacional <span data-scayt_word=\"d'Art\" data-scaytid=\"42\">d&#8217;Art<\/span> de <span data-scayt_word=\"Catalunya\" data-scaytid=\"43\">Catalunya<\/span>, en barcelona. Sin embargo, la exposici\u00f3n en el <span data-scayt_word=\"CosmoCaixa\" data-scaytid=\"37\">CosmoCaixa<\/span> Barcelona es la \u00fanica parada que esta colecci\u00f3n de obras maestras pertenecientes a la colecci\u00f3n <span data-scayt_word=\"Clark\" data-scaytid=\"38\">Clark<\/span> realiza en el estado espa\u00f1ol.<\/p>\n<p>La posibilidad de <span data-scayt_word=\"admirarse\" data-scaytid=\"51\">admirarse<\/span> ante \u201cOcas en el arroyo\u201d (1874) de <span data-scayt_word=\"Claude\" data-scaytid=\"52\">Claude<\/span> <span data-scayt_word=\"Monet\" data-scaytid=\"44\">Monet<\/span> o \u201cBah\u00eda de <span data-scayt_word=\"N\u00e1poles\" data-scaytid=\"53\">N\u00e1poles<\/span>, anochecer\u201d (1881) de <span data-scayt_word=\"Pierre-Auguste\" data-scaytid=\"54\">Pierre-Auguste<\/span> <span data-scayt_word=\"Renoir\" data-scaytid=\"45\">Renoir<\/span>, por citar s\u00f3lo un par de obras que, ante su contemplaci\u00f3n, moldean en el espectador esos extravagantes estados de \u00e1nimo infantiles de las tardes de verano, que oscilan irremisiblemente entre la tristeza vaga y el gozo sosegado. En definitiva, lo que se dir\u00eda \u201calta cultura de est\u00e9tica kantiana al alcance de todos los bolsillos\u201d, pese a la evidente contradicci\u00f3n. Si residen en Barcelona y en pr\u00f3ximas fechas reciben la visita de alguna amistad o familiar, no duden en invitarle a \u00ab<span data-scayt_word=\"Impressionistes\" data-scaytid=\"46\">Impressionistes<\/span>. <span data-scayt_word=\"Mestres\" data-scaytid=\"47\">Mestres<\/span> <span data-scayt_word=\"francesos\" data-scaytid=\"48\">francesos<\/span> de la col\u00b7<span data-scayt_word=\"lecci\u00f3\" data-scaytid=\"49\">lecci\u00f3<\/span> <span data-scayt_word=\"Clark\" data-scaytid=\"50\">Clark<\/span>\u00bb: se anotar\u00e1n un tanto de buen gusto y distinci\u00f3n. De nada.<\/p>","protected":false},"excerpt":{"rendered":"<p>Hasta el pr\u00f3ximo 12 de febrero, el CaixaForum Barcelona presenta la exposici\u00f3n \u00abImpressionistes. Mestres francesos de la col\u00b7lecci\u00f3 Clark\u00bb, una aut\u00e9ntica joya de muestra, con 72 obras maestras de Manet, Monet, Pissarro, Renoir,\u00a0 Bouguereau, Degas, etc\u00e9tera. La magia parisiense de finales del siglo XIX en toda su sublimidad, y con entrada gratuita<\/p>","protected":false},"author":1,"featured_media":31661,"comment_status":"open","ping_status":"open","sticky":false,"template":"","format":"standard","meta":{"footnotes":""},"categories":[64,4],"tags":[],"class_list":["post-1223","post","type-post","status-publish","format-standard","has-post-thumbnail","hentry","category-arte","category-cultura"],"yoast_head":"<!-- This site is optimized with the Yoast SEO plugin v27.5 - https:\/\/yoast.com\/product\/yoast-seo-wordpress\/ -->\n<title>Una exposici\u00f3n impresionante: &quot;Impresionistas. Maetros franceses de la Col\u00b7lecci\u00f3 Clark&quot; - Revista Rambla<\/title>\n<meta name=\"robots\" content=\"index, follow, max-snippet:-1, max-image-preview:large, max-video-preview:-1\" \/>\n<link rel=\"canonical\" href=\"https:\/\/www.revistarambla.com\/en\/una-exposicion-impresionante-limpressionistes-mestres-francesos-de-la-colmleccio-clarkr\/\" \/>\n<meta property=\"og:locale\" content=\"en_GB\" \/>\n<meta property=\"og:type\" content=\"article\" \/>\n<meta property=\"og:title\" content=\"Una exposici\u00f3n impresionante: &quot;Impresionistas. Maetros franceses de la Col\u00b7lecci\u00f3 Clark&quot; - Revista Rambla\" \/>\n<meta property=\"og:description\" content=\"Hasta el pr\u00f3ximo 12 de febrero, el CaixaForum Barcelona presenta la exposici\u00f3n \u00abImpressionistes. Mestres francesos de la col\u00b7lecci\u00f3 Clark\u00bb, una aut\u00e9ntica joya de muestra, con 72 obras maestras de Manet, Monet, Pissarro, Renoir,\u00a0 Bouguereau, Degas, etc\u00e9tera. La magia parisiense de finales del siglo XIX en toda su sublimidad, y con entrada gratuita\" \/>\n<meta property=\"og:url\" content=\"https:\/\/www.revistarambla.com\/en\/una-exposicion-impresionante-limpressionistes-mestres-francesos-de-la-colmleccio-clarkr\/\" \/>\n<meta property=\"og:site_name\" content=\"Revista Rambla\" \/>\n<meta property=\"article:publisher\" content=\"https:\/\/www.facebook.com\/revistarambla\/\" \/>\n<meta property=\"article:published_time\" content=\"2011-11-18T09:08:07+00:00\" \/>\n<meta property=\"article:modified_time\" content=\"2021-05-09T14:36:05+00:00\" \/>\n<meta property=\"og:image\" content=\"https:\/\/i1.wp.com\/www.revistarambla.com\/wp-content\/uploads\/2011\/11\/impressionistes3.jpg?fit=567%2C783&ssl=1\" \/>\n\t<meta property=\"og:image:width\" content=\"567\" \/>\n\t<meta property=\"og:image:height\" content=\"783\" \/>\n\t<meta property=\"og:image:type\" content=\"image\/jpeg\" \/>\n<meta name=\"author\" content=\"Jordi Navarro\" \/>\n<meta name=\"twitter:card\" content=\"summary_large_image\" \/>\n<meta name=\"twitter:creator\" content=\"@revistarambla\" \/>\n<meta name=\"twitter:site\" content=\"@revistarambla\" \/>\n<meta name=\"twitter:label1\" content=\"Written by\" \/>\n\t<meta name=\"twitter:data1\" content=\"Jordi Navarro\" \/>\n\t<meta name=\"twitter:label2\" content=\"Estimated reading time\" \/>\n\t<meta name=\"twitter:data2\" content=\"2 minutes\" \/>\n<script type=\"application\/ld+json\" class=\"yoast-schema-graph\">{\"@context\":\"https:\\\/\\\/schema.org\",\"@graph\":[{\"@type\":\"Article\",\"@id\":\"https:\\\/\\\/www.revistarambla.com\\\/una-exposicion-impresionante-limpressionistes-mestres-francesos-de-la-colmleccio-clarkr\\\/#article\",\"isPartOf\":{\"@id\":\"https:\\\/\\\/www.revistarambla.com\\\/una-exposicion-impresionante-limpressionistes-mestres-francesos-de-la-colmleccio-clarkr\\\/\"},\"author\":{\"name\":\"Jordi Navarro\",\"@id\":\"https:\\\/\\\/www.revistarambla.com\\\/#\\\/schema\\\/person\\\/4a5652fc8c82df1f8593002d038cd79e\"},\"headline\":\"Una exposici\u00f3n impresionante: \u00abImpresionistas. Maetros franceses de la Col\u00b7lecci\u00f3 Clark\u00bb\",\"datePublished\":\"2011-11-18T09:08:07+00:00\",\"dateModified\":\"2021-05-09T14:36:05+00:00\",\"mainEntityOfPage\":{\"@id\":\"https:\\\/\\\/www.revistarambla.com\\\/una-exposicion-impresionante-limpressionistes-mestres-francesos-de-la-colmleccio-clarkr\\\/\"},\"wordCount\":387,\"commentCount\":0,\"publisher\":{\"@id\":\"https:\\\/\\\/www.revistarambla.com\\\/#organization\"},\"image\":{\"@id\":\"https:\\\/\\\/www.revistarambla.com\\\/una-exposicion-impresionante-limpressionistes-mestres-francesos-de-la-colmleccio-clarkr\\\/#primaryimage\"},\"thumbnailUrl\":\"https:\\\/\\\/www.revistarambla.com\\\/wp-content\\\/uploads\\\/2011\\\/11\\\/impressionistes3.jpg\",\"articleSection\":[\"Arte\",\"Cultura\"],\"inLanguage\":\"en-GB\",\"potentialAction\":[{\"@type\":\"CommentAction\",\"name\":\"Comment\",\"target\":[\"https:\\\/\\\/www.revistarambla.com\\\/una-exposicion-impresionante-limpressionistes-mestres-francesos-de-la-colmleccio-clarkr\\\/#respond\"]}]},{\"@type\":\"WebPage\",\"@id\":\"https:\\\/\\\/www.revistarambla.com\\\/una-exposicion-impresionante-limpressionistes-mestres-francesos-de-la-colmleccio-clarkr\\\/\",\"url\":\"https:\\\/\\\/www.revistarambla.com\\\/una-exposicion-impresionante-limpressionistes-mestres-francesos-de-la-colmleccio-clarkr\\\/\",\"name\":\"Una exposici\u00f3n impresionante: \\\"Impresionistas. Maetros franceses de la Col\u00b7lecci\u00f3 Clark\\\" - Revista Rambla\",\"isPartOf\":{\"@id\":\"https:\\\/\\\/www.revistarambla.com\\\/#website\"},\"primaryImageOfPage\":{\"@id\":\"https:\\\/\\\/www.revistarambla.com\\\/una-exposicion-impresionante-limpressionistes-mestres-francesos-de-la-colmleccio-clarkr\\\/#primaryimage\"},\"image\":{\"@id\":\"https:\\\/\\\/www.revistarambla.com\\\/una-exposicion-impresionante-limpressionistes-mestres-francesos-de-la-colmleccio-clarkr\\\/#primaryimage\"},\"thumbnailUrl\":\"https:\\\/\\\/www.revistarambla.com\\\/wp-content\\\/uploads\\\/2011\\\/11\\\/impressionistes3.jpg\",\"datePublished\":\"2011-11-18T09:08:07+00:00\",\"dateModified\":\"2021-05-09T14:36:05+00:00\",\"breadcrumb\":{\"@id\":\"https:\\\/\\\/www.revistarambla.com\\\/una-exposicion-impresionante-limpressionistes-mestres-francesos-de-la-colmleccio-clarkr\\\/#breadcrumb\"},\"inLanguage\":\"en-GB\",\"potentialAction\":[{\"@type\":\"ReadAction\",\"target\":[\"https:\\\/\\\/www.revistarambla.com\\\/una-exposicion-impresionante-limpressionistes-mestres-francesos-de-la-colmleccio-clarkr\\\/\"]}]},{\"@type\":\"ImageObject\",\"inLanguage\":\"en-GB\",\"@id\":\"https:\\\/\\\/www.revistarambla.com\\\/una-exposicion-impresionante-limpressionistes-mestres-francesos-de-la-colmleccio-clarkr\\\/#primaryimage\",\"url\":\"https:\\\/\\\/www.revistarambla.com\\\/wp-content\\\/uploads\\\/2011\\\/11\\\/impressionistes3.jpg\",\"contentUrl\":\"https:\\\/\\\/www.revistarambla.com\\\/wp-content\\\/uploads\\\/2011\\\/11\\\/impressionistes3.jpg\",\"width\":567,\"height\":783},{\"@type\":\"BreadcrumbList\",\"@id\":\"https:\\\/\\\/www.revistarambla.com\\\/una-exposicion-impresionante-limpressionistes-mestres-francesos-de-la-colmleccio-clarkr\\\/#breadcrumb\",\"itemListElement\":[{\"@type\":\"ListItem\",\"position\":1,\"name\":\"Portada\",\"item\":\"https:\\\/\\\/www.revistarambla.com\\\/\"},{\"@type\":\"ListItem\",\"position\":2,\"name\":\"Una exposici\u00f3n impresionante: \u00abImpresionistas. Maetros franceses de la Col\u00b7lecci\u00f3 Clark\u00bb\"}]},{\"@type\":\"WebSite\",\"@id\":\"https:\\\/\\\/www.revistarambla.com\\\/#website\",\"url\":\"https:\\\/\\\/www.revistarambla.com\\\/\",\"name\":\"Revista Rambla Barcelona\",\"description\":\"Periodismo independiente\",\"publisher\":{\"@id\":\"https:\\\/\\\/www.revistarambla.com\\\/#organization\"},\"potentialAction\":[{\"@type\":\"SearchAction\",\"target\":{\"@type\":\"EntryPoint\",\"urlTemplate\":\"https:\\\/\\\/www.revistarambla.com\\\/?s={search_term_string}\"},\"query-input\":{\"@type\":\"PropertyValueSpecification\",\"valueRequired\":true,\"valueName\":\"search_term_string\"}}],\"inLanguage\":\"en-GB\"},{\"@type\":\"Organization\",\"@id\":\"https:\\\/\\\/www.revistarambla.com\\\/#organization\",\"name\":\"Revista Rambla\",\"url\":\"https:\\\/\\\/www.revistarambla.com\\\/\",\"logo\":{\"@type\":\"ImageObject\",\"inLanguage\":\"en-GB\",\"@id\":\"https:\\\/\\\/www.revistarambla.com\\\/#\\\/schema\\\/logo\\\/image\\\/\",\"url\":\"https:\\\/\\\/www.revistarambla.com\\\/wp-content\\\/uploads\\\/2020\\\/09\\\/banner_rambla_1900x600_BB.png\",\"contentUrl\":\"https:\\\/\\\/www.revistarambla.com\\\/wp-content\\\/uploads\\\/2020\\\/09\\\/banner_rambla_1900x600_BB.png\",\"width\":1900,\"height\":600,\"caption\":\"Revista Rambla\"},\"image\":{\"@id\":\"https:\\\/\\\/www.revistarambla.com\\\/#\\\/schema\\\/logo\\\/image\\\/\"},\"sameAs\":[\"https:\\\/\\\/www.facebook.com\\\/revistarambla\\\/\",\"https:\\\/\\\/x.com\\\/revistarambla\",\"https:\\\/\\\/www.instagram.com\\\/revista_rambla\",\"https:\\\/\\\/es.linkedin.com\\\/company\\\/revista-rambla\"]},{\"@type\":\"Person\",\"@id\":\"https:\\\/\\\/www.revistarambla.com\\\/#\\\/schema\\\/person\\\/4a5652fc8c82df1f8593002d038cd79e\",\"name\":\"Jordi Navarro\"}]}<\/script>\n<!-- \/ Yoast SEO plugin. -->","yoast_head_json":{"title":"Una exposici\u00f3n impresionante: \"Impresionistas. Maetros franceses de la Col\u00b7lecci\u00f3 Clark\" - Revista Rambla","robots":{"index":"index","follow":"follow","max-snippet":"max-snippet:-1","max-image-preview":"max-image-preview:large","max-video-preview":"max-video-preview:-1"},"canonical":"https:\/\/www.revistarambla.com\/en\/una-exposicion-impresionante-limpressionistes-mestres-francesos-de-la-colmleccio-clarkr\/","og_locale":"en_GB","og_type":"article","og_title":"Una exposici\u00f3n impresionante: \"Impresionistas. Maetros franceses de la Col\u00b7lecci\u00f3 Clark\" - Revista Rambla","og_description":"Hasta el pr\u00f3ximo 12 de febrero, el CaixaForum Barcelona presenta la exposici\u00f3n \u00abImpressionistes. Mestres francesos de la col\u00b7lecci\u00f3 Clark\u00bb, una aut\u00e9ntica joya de muestra, con 72 obras maestras de Manet, Monet, Pissarro, Renoir,\u00a0 Bouguereau, Degas, etc\u00e9tera. La magia parisiense de finales del siglo XIX en toda su sublimidad, y con entrada gratuita","og_url":"https:\/\/www.revistarambla.com\/en\/una-exposicion-impresionante-limpressionistes-mestres-francesos-de-la-colmleccio-clarkr\/","og_site_name":"Revista Rambla","article_publisher":"https:\/\/www.facebook.com\/revistarambla\/","article_published_time":"2011-11-18T09:08:07+00:00","article_modified_time":"2021-05-09T14:36:05+00:00","og_image":[{"width":567,"height":783,"url":"https:\/\/i1.wp.com\/www.revistarambla.com\/wp-content\/uploads\/2011\/11\/impressionistes3.jpg?fit=567%2C783&ssl=1","type":"image\/jpeg"}],"author":"Jordi Navarro","twitter_card":"summary_large_image","twitter_creator":"@revistarambla","twitter_site":"@revistarambla","twitter_misc":{"Written by":"Jordi Navarro","Estimated reading time":"2 minutes"},"schema":{"@context":"https:\/\/schema.org","@graph":[{"@type":"Article","@id":"https:\/\/www.revistarambla.com\/una-exposicion-impresionante-limpressionistes-mestres-francesos-de-la-colmleccio-clarkr\/#article","isPartOf":{"@id":"https:\/\/www.revistarambla.com\/una-exposicion-impresionante-limpressionistes-mestres-francesos-de-la-colmleccio-clarkr\/"},"author":{"name":"Jordi Navarro","@id":"https:\/\/www.revistarambla.com\/#\/schema\/person\/4a5652fc8c82df1f8593002d038cd79e"},"headline":"Una exposici\u00f3n impresionante: \u00abImpresionistas. Maetros franceses de la Col\u00b7lecci\u00f3 Clark\u00bb","datePublished":"2011-11-18T09:08:07+00:00","dateModified":"2021-05-09T14:36:05+00:00","mainEntityOfPage":{"@id":"https:\/\/www.revistarambla.com\/una-exposicion-impresionante-limpressionistes-mestres-francesos-de-la-colmleccio-clarkr\/"},"wordCount":387,"commentCount":0,"publisher":{"@id":"https:\/\/www.revistarambla.com\/#organization"},"image":{"@id":"https:\/\/www.revistarambla.com\/una-exposicion-impresionante-limpressionistes-mestres-francesos-de-la-colmleccio-clarkr\/#primaryimage"},"thumbnailUrl":"https:\/\/www.revistarambla.com\/wp-content\/uploads\/2011\/11\/impressionistes3.jpg","articleSection":["Arte","Cultura"],"inLanguage":"en-GB","potentialAction":[{"@type":"CommentAction","name":"Comment","target":["https:\/\/www.revistarambla.com\/una-exposicion-impresionante-limpressionistes-mestres-francesos-de-la-colmleccio-clarkr\/#respond"]}]},{"@type":"WebPage","@id":"https:\/\/www.revistarambla.com\/una-exposicion-impresionante-limpressionistes-mestres-francesos-de-la-colmleccio-clarkr\/","url":"https:\/\/www.revistarambla.com\/una-exposicion-impresionante-limpressionistes-mestres-francesos-de-la-colmleccio-clarkr\/","name":"Una exposici\u00f3n impresionante: \"Impresionistas. Maetros franceses de la Col\u00b7lecci\u00f3 Clark\" - Revista Rambla","isPartOf":{"@id":"https:\/\/www.revistarambla.com\/#website"},"primaryImageOfPage":{"@id":"https:\/\/www.revistarambla.com\/una-exposicion-impresionante-limpressionistes-mestres-francesos-de-la-colmleccio-clarkr\/#primaryimage"},"image":{"@id":"https:\/\/www.revistarambla.com\/una-exposicion-impresionante-limpressionistes-mestres-francesos-de-la-colmleccio-clarkr\/#primaryimage"},"thumbnailUrl":"https:\/\/www.revistarambla.com\/wp-content\/uploads\/2011\/11\/impressionistes3.jpg","datePublished":"2011-11-18T09:08:07+00:00","dateModified":"2021-05-09T14:36:05+00:00","breadcrumb":{"@id":"https:\/\/www.revistarambla.com\/una-exposicion-impresionante-limpressionistes-mestres-francesos-de-la-colmleccio-clarkr\/#breadcrumb"},"inLanguage":"en-GB","potentialAction":[{"@type":"ReadAction","target":["https:\/\/www.revistarambla.com\/una-exposicion-impresionante-limpressionistes-mestres-francesos-de-la-colmleccio-clarkr\/"]}]},{"@type":"ImageObject","inLanguage":"en-GB","@id":"https:\/\/www.revistarambla.com\/una-exposicion-impresionante-limpressionistes-mestres-francesos-de-la-colmleccio-clarkr\/#primaryimage","url":"https:\/\/www.revistarambla.com\/wp-content\/uploads\/2011\/11\/impressionistes3.jpg","contentUrl":"https:\/\/www.revistarambla.com\/wp-content\/uploads\/2011\/11\/impressionistes3.jpg","width":567,"height":783},{"@type":"BreadcrumbList","@id":"https:\/\/www.revistarambla.com\/una-exposicion-impresionante-limpressionistes-mestres-francesos-de-la-colmleccio-clarkr\/#breadcrumb","itemListElement":[{"@type":"ListItem","position":1,"name":"Portada","item":"https:\/\/www.revistarambla.com\/"},{"@type":"ListItem","position":2,"name":"Una exposici\u00f3n impresionante: \u00abImpresionistas. Maetros franceses de la Col\u00b7lecci\u00f3 Clark\u00bb"}]},{"@type":"WebSite","@id":"https:\/\/www.revistarambla.com\/#website","url":"https:\/\/www.revistarambla.com\/","name":"Revista Rambla Barcelona","description":"Periodismo independiente","publisher":{"@id":"https:\/\/www.revistarambla.com\/#organization"},"potentialAction":[{"@type":"SearchAction","target":{"@type":"EntryPoint","urlTemplate":"https:\/\/www.revistarambla.com\/?s={search_term_string}"},"query-input":{"@type":"PropertyValueSpecification","valueRequired":true,"valueName":"search_term_string"}}],"inLanguage":"en-GB"},{"@type":"Organization","@id":"https:\/\/www.revistarambla.com\/#organization","name":"Revista Rambla","url":"https:\/\/www.revistarambla.com\/","logo":{"@type":"ImageObject","inLanguage":"en-GB","@id":"https:\/\/www.revistarambla.com\/#\/schema\/logo\/image\/","url":"https:\/\/www.revistarambla.com\/wp-content\/uploads\/2020\/09\/banner_rambla_1900x600_BB.png","contentUrl":"https:\/\/www.revistarambla.com\/wp-content\/uploads\/2020\/09\/banner_rambla_1900x600_BB.png","width":1900,"height":600,"caption":"Revista Rambla"},"image":{"@id":"https:\/\/www.revistarambla.com\/#\/schema\/logo\/image\/"},"sameAs":["https:\/\/www.facebook.com\/revistarambla\/","https:\/\/x.com\/revistarambla","https:\/\/www.instagram.com\/revista_rambla","https:\/\/es.linkedin.com\/company\/revista-rambla"]},{"@type":"Person","@id":"https:\/\/www.revistarambla.com\/#\/schema\/person\/4a5652fc8c82df1f8593002d038cd79e","name":"Jordi Navarro"}]}},"_links":{"self":[{"href":"https:\/\/www.revistarambla.com\/en\/wp-json\/wp\/v2\/posts\/1223","targetHints":{"allow":["GET"]}}],"collection":[{"href":"https:\/\/www.revistarambla.com\/en\/wp-json\/wp\/v2\/posts"}],"about":[{"href":"https:\/\/www.revistarambla.com\/en\/wp-json\/wp\/v2\/types\/post"}],"author":[{"embeddable":true,"href":"https:\/\/www.revistarambla.com\/en\/wp-json\/wp\/v2\/users\/1"}],"replies":[{"embeddable":true,"href":"https:\/\/www.revistarambla.com\/en\/wp-json\/wp\/v2\/comments?post=1223"}],"version-history":[{"count":0,"href":"https:\/\/www.revistarambla.com\/en\/wp-json\/wp\/v2\/posts\/1223\/revisions"}],"wp:featuredmedia":[{"embeddable":true,"href":"https:\/\/www.revistarambla.com\/en\/wp-json\/wp\/v2\/media\/31661"}],"wp:attachment":[{"href":"https:\/\/www.revistarambla.com\/en\/wp-json\/wp\/v2\/media?parent=1223"}],"wp:term":[{"taxonomy":"category","embeddable":true,"href":"https:\/\/www.revistarambla.com\/en\/wp-json\/wp\/v2\/categories?post=1223"},{"taxonomy":"post_tag","embeddable":true,"href":"https:\/\/www.revistarambla.com\/en\/wp-json\/wp\/v2\/tags?post=1223"}],"curies":[{"name":"wp","href":"https:\/\/api.w.org\/{rel}","templated":true}]}}