{"id":1220,"date":"2011-11-14T20:57:35","date_gmt":"2011-11-14T19:57:35","guid":{"rendered":"https:\/\/www.revistarambla.com\/reunion-de-amigos-en-mercado-central\/"},"modified":"2021-12-10T16:36:59","modified_gmt":"2021-12-10T15:36:59","slug":"reunion-de-amigos-en-mercado-central","status":"publish","type":"post","link":"https:\/\/www.revistarambla.com\/en\/reunion-de-amigos-en-mercado-central\/","title":{"rendered":"Reuni\u00f3n de amigos en &#8216;Mercado Central&#8217;"},"content":{"rendered":"<p><img decoding=\"async\" class=\"wp-image-31654 alignright\" src=\"https:\/\/www.revistarambla.com\/wp-content\/uploads\/2011\/11\/300px-Jose_Antonio_Labordeta_2009-212x300.jpg\" alt=\"\" width=\"260\" height=\"368\" srcset=\"https:\/\/www.revistarambla.com\/wp-content\/uploads\/2011\/11\/300px-Jose_Antonio_Labordeta_2009-212x300.jpg 212w, https:\/\/www.revistarambla.com\/wp-content\/uploads\/2011\/11\/300px-Jose_Antonio_Labordeta_2009.jpg 300w\" sizes=\"(max-width: 260px) 100vw, 260px\" \/>En la librer\u00eda \u201cTaifa\u201d, c\/<span data-scayt_word=\"Verdi\" data-scaytid=\"11\">Verdi<\/span>, 12, se present\u00f3 el viernes 11 de noviembre a las 19:30 horas el \u00faltimo libro de Jos\u00e9 Antonio <span data-scayt_word=\"Labordeta\" data-scaytid=\"12\">Labordeta<\/span>, \u201cMercado Central\u201d. El <span data-scayt_word=\"cantautor\" data-scaytid=\"14\">cantautor<\/span>, escritor y diputado aragon\u00e9s reuni\u00f3, poco antes de morir, semblanzas de sus amigos m\u00e1s cercanos y propuso publicarlas. Tres de esos amigos fueron los que presentaron el libro: Antonio P\u00e9rez <span data-scayt_word=\"Lasheras\" data-scaytid=\"15\">Lasheras<\/span>, editor literario de la Poes\u00eda Completa (1945-2010) de <span data-scayt_word=\"Labordeta\" data-scaytid=\"13\">Labordeta<\/span>; Pepe <span data-scayt_word=\"Batll\u00f3\" data-scaytid=\"16\">Batll\u00f3<\/span> (librero y editor) y <span data-scayt_word=\"Chus\u00e9\" data-scaytid=\"17\">Chus\u00e9<\/span> Ra\u00fal <span data-scayt_word=\"Us\u00f3n\" data-scaytid=\"18\">Us\u00f3n<\/span>, editor de <span data-scayt_word=\"\u201cXordica\u201d\" data-scaytid=\"19\">\u201cXordica\u201d<\/span>. Tambi\u00e9n hay cap\u00edtulos dedicados a su hermano Miguel y al recientemente <span data-scayt_word=\"malogrado\" data-scaytid=\"20\">malogrado<\/span> F\u00e9lix Romeo, entre otros.<\/p>\n<p>Jos\u00e9 Antonio <span data-scayt_word=\"Labordeta\" data-scaytid=\"21\">Labordeta<\/span> relata en este libro an\u00e9cdotas de 23 amigos con un humor punzante y tambi\u00e9n con cari\u00f1o. Las mismas est\u00e1n <span data-scayt_word=\"prologadas\" data-scaytid=\"26\">prologadas<\/span> por Jos\u00e9 Luis Melero e ilustradas con caricaturas realizadas por Luis <span data-scayt_word=\"Gra\u00f1ena\" data-scaytid=\"22\">Gra\u00f1ena<\/span>. Dibujos que \u201cse complementan perfectamente\u201d con los escritos, seg\u00fan <span data-scayt_word=\"Chus\u00e9\" data-scaytid=\"23\">Chus\u00e9<\/span> Ra\u00fal <span data-scayt_word=\"Us\u00f3n\" data-scaytid=\"24\">Us\u00f3n<\/span>\u00a0 de la editorial en la que se ha publicado el libro, <span data-scayt_word=\"\u201cXordica\u201d\" data-scaytid=\"25\">\u201cXordica\u201d<\/span>.<\/p>\n<p>Este amigo de <span data-scayt_word=\"Labordeta\" data-scaytid=\"27\">Labordeta<\/span> y editor cont\u00f3 que el t\u00edtulo \u201cMercado Central\u201d se debe a que alrededor de \u00e9ste gravit\u00f3 la infancia de Jos\u00e9 Antonio <span data-scayt_word=\"Labordeta\" data-scaytid=\"28\">Labordeta<\/span>, ya que la escuela de su padre daba a ese mercado. Adem\u00e1s ah\u00ed se congregan personas con diferentes or\u00edgenes y actividades. \u201cEs un edificio tot\u00e9mico\u201d donde siempre hay mucho movimiento y eso le atra\u00eda a <span data-scayt_word=\"Labordeta\" data-scaytid=\"29\">Labordeta<\/span>.<\/p>\n<p>Para Antonio P\u00e9rez <span data-scayt_word=\"Lasheras\" data-scaytid=\"30\">Lasheras<\/span>: \u201cJos\u00e9 Antonio <span data-scayt_word=\"Labordeta\" data-scaytid=\"32\">Labordeta<\/span> siempre quiso ser poeta\u201d. Escribi\u00f3 sobre viajes, novelas, cuentos, memorias, pero donde m\u00e1s puso empe\u00f1o fue en escribir poemas. \u201cEl primero poema lo escribi\u00f3 a los diez a\u00f1os y lo public\u00f3; el \u00faltimo poco antes de morir\u201d enfatiz\u00f3 P\u00e9rez <span data-scayt_word=\"Lasheras\" data-scaytid=\"31\">Lasheras<\/span> y agreg\u00f3: \u201cla narrativa le costaba, no controlaba tan bien, pero en la poes\u00eda se sent\u00eda c\u00f3modo\u201d. \u201cJos\u00e9 Antonio <span data-scayt_word=\"Labordeta\" data-scaytid=\"33\">Labordeta<\/span> se caracterizaba por su afici\u00f3n a la poes\u00eda y a los amigos. Ten\u00eda amigos de distintas edades y con todos encontraba puntos de encuentros\u201d, agreg\u00f3 este editor.<\/p>\n<p>Tambi\u00e9n <span data-scayt_word=\"Chus\u00e9\" data-scaytid=\"34\">Chus\u00e9<\/span> Ra\u00fal <span data-scayt_word=\"Us\u00f3n\" data-scaytid=\"35\">Us\u00f3n<\/span> se\u00f1al\u00f3 que Jos\u00e9 Antonio <span data-scayt_word=\"Labordeta\" data-scaytid=\"36\">Labordeta<\/span> ten\u00eda un gran inter\u00e9s por todo lo que se hac\u00eda, ten\u00eda much\u00edsimas inquietudes y relaciones con otras generaciones.<\/p>\n<p>Los tres amigos de <span data-scayt_word=\"Labordeta\" data-scaytid=\"37\">Labordeta<\/span> coincidieron en que los relatos <span data-scayt_word=\"destilan\" data-scaytid=\"40\">destilan<\/span> sorna. La iron\u00eda, la reducci\u00f3n al absurdo, la agudeza en el an\u00e1lisis eran caracter\u00edsticas de Jos\u00e9 Antonio y tambi\u00e9n \u2013agregaron- ese estilo podr\u00eda hacerse extensivo a los aragoneses, especialmente a los genios de Luis <span data-scayt_word=\"Bu\u00f1uel\" data-scaytid=\"41\">Bu\u00f1uel<\/span> y <span data-scayt_word=\"Goya\" data-scaytid=\"42\">Goya<\/span>.<\/p>\n<p>Todos los amigos seleccionados por <span data-scayt_word=\"Labordeta\" data-scaytid=\"38\">Labordeta<\/span> a la hora de escribir estas semblanzas son aragoneses o vivieron muchos a\u00f1os en Arag\u00f3n a excepci\u00f3n de Pepe <span data-scayt_word=\"Batll\u00f3\" data-scaytid=\"39\">Batll\u00f3<\/span> (librero de \u201cTaifa\u201d y con una larga trayectoria de editor).<\/p>\n<p>Al finalizar, varios de los asistentes pidieron a los presentadores que les firmaran el libro en el cual aparec\u00edan <span data-scayt_word=\"caricaturizados\" data-scaytid=\"45\">caricaturizados<\/span> por <span data-scayt_word=\"Labordeta\" data-scaytid=\"43\">Labordeta<\/span>. Uno de los personajes se qued\u00f3 en Barcelona en la librer\u00eda \u201cTaifa\u201d y seguro que estar\u00e1 dispuesto a firmar m\u00e1s ejemplares y a compartir alguna an\u00e9cdota sobre <span data-scayt_word=\"Labordeta\" data-scaytid=\"44\">Labordeta<\/span>.<\/p>","protected":false},"excerpt":{"rendered":"<p>En la librer\u00eda \u201cTaifa\u201d del barrio de Gr\u00e0cia de Barcelona se present\u00f3 \u201cMercado Central\u201d el \u00faltimo libro de Jos\u00e9 Antonio Labordeta, una recopilaci\u00f3n de relatos ir\u00f3nicos sobre sus mejores amigos acompa\u00f1ados por unas caricaturas de Luis Gra\u00f1ena<\/p>","protected":false},"author":51,"featured_media":31654,"comment_status":"open","ping_status":"open","sticky":false,"template":"","format":"standard","meta":{"footnotes":""},"categories":[4,60],"tags":[],"class_list":["post-1220","post","type-post","status-publish","format-standard","has-post-thumbnail","hentry","category-cultura","category-libros"],"yoast_head":"<!-- This site is optimized with the Yoast SEO plugin v27.5 - https:\/\/yoast.com\/product\/yoast-seo-wordpress\/ -->\n<title>Reuni\u00f3n de amigos en &#039;Mercado Central&#039; - Revista Rambla<\/title>\n<meta name=\"robots\" content=\"index, follow, max-snippet:-1, max-image-preview:large, max-video-preview:-1\" \/>\n<link rel=\"canonical\" href=\"https:\/\/www.revistarambla.com\/en\/reunion-de-amigos-en-mercado-central\/\" \/>\n<meta property=\"og:locale\" content=\"en_GB\" \/>\n<meta property=\"og:type\" content=\"article\" \/>\n<meta property=\"og:title\" content=\"Reuni\u00f3n de amigos en &#039;Mercado Central&#039; - Revista Rambla\" \/>\n<meta property=\"og:description\" content=\"En la librer\u00eda \u201cTaifa\u201d del barrio de Gr\u00e0cia de Barcelona se present\u00f3 \u201cMercado Central\u201d el \u00faltimo libro de Jos\u00e9 Antonio Labordeta, una recopilaci\u00f3n de relatos ir\u00f3nicos sobre sus mejores amigos acompa\u00f1ados por unas caricaturas de Luis Gra\u00f1ena\" \/>\n<meta property=\"og:url\" content=\"https:\/\/www.revistarambla.com\/en\/reunion-de-amigos-en-mercado-central\/\" \/>\n<meta property=\"og:site_name\" content=\"Revista Rambla\" \/>\n<meta property=\"article:publisher\" content=\"https:\/\/www.facebook.com\/revistarambla\/\" \/>\n<meta property=\"article:published_time\" content=\"2011-11-14T19:57:35+00:00\" \/>\n<meta property=\"article:modified_time\" content=\"2021-12-10T15:36:59+00:00\" \/>\n<meta property=\"og:image\" content=\"https:\/\/www.revistarambla.com\/wp-content\/uploads\/2011\/11\/300px-Jose_Antonio_Labordeta_2009.jpg\" \/>\n\t<meta property=\"og:image:width\" content=\"300\" \/>\n\t<meta property=\"og:image:height\" content=\"425\" \/>\n\t<meta property=\"og:image:type\" content=\"image\/jpeg\" \/>\n<meta name=\"author\" content=\"Elena Fern\u00e1ndez Mart\u00ednez\" \/>\n<meta name=\"twitter:card\" content=\"summary_large_image\" \/>\n<meta name=\"twitter:creator\" content=\"@revistarambla\" \/>\n<meta name=\"twitter:site\" content=\"@revistarambla\" \/>\n<meta name=\"twitter:label1\" content=\"Written by\" \/>\n\t<meta name=\"twitter:data1\" content=\"Elena Fern\u00e1ndez Mart\u00ednez\" \/>\n\t<meta name=\"twitter:label2\" content=\"Estimated reading time\" \/>\n\t<meta name=\"twitter:data2\" content=\"3 minutes\" \/>\n<script type=\"application\/ld+json\" class=\"yoast-schema-graph\">{\"@context\":\"https:\\\/\\\/schema.org\",\"@graph\":[{\"@type\":\"Article\",\"@id\":\"https:\\\/\\\/www.revistarambla.com\\\/reunion-de-amigos-en-mercado-central\\\/#article\",\"isPartOf\":{\"@id\":\"https:\\\/\\\/www.revistarambla.com\\\/reunion-de-amigos-en-mercado-central\\\/\"},\"author\":{\"name\":\"Elena Fern\u00e1ndez Mart\u00ednez\",\"@id\":\"https:\\\/\\\/www.revistarambla.com\\\/#\\\/schema\\\/person\\\/044b43a8aa317042559e094f7deaf33c\"},\"headline\":\"Reuni\u00f3n de amigos en &#8216;Mercado Central&#8217;\",\"datePublished\":\"2011-11-14T19:57:35+00:00\",\"dateModified\":\"2021-12-10T15:36:59+00:00\",\"mainEntityOfPage\":{\"@id\":\"https:\\\/\\\/www.revistarambla.com\\\/reunion-de-amigos-en-mercado-central\\\/\"},\"wordCount\":533,\"commentCount\":0,\"publisher\":{\"@id\":\"https:\\\/\\\/www.revistarambla.com\\\/#organization\"},\"image\":{\"@id\":\"https:\\\/\\\/www.revistarambla.com\\\/reunion-de-amigos-en-mercado-central\\\/#primaryimage\"},\"thumbnailUrl\":\"https:\\\/\\\/www.revistarambla.com\\\/wp-content\\\/uploads\\\/2011\\\/11\\\/300px-Jose_Antonio_Labordeta_2009.jpg\",\"articleSection\":[\"Cultura\",\"Libros\"],\"inLanguage\":\"en-GB\",\"potentialAction\":[{\"@type\":\"CommentAction\",\"name\":\"Comment\",\"target\":[\"https:\\\/\\\/www.revistarambla.com\\\/reunion-de-amigos-en-mercado-central\\\/#respond\"]}]},{\"@type\":\"WebPage\",\"@id\":\"https:\\\/\\\/www.revistarambla.com\\\/reunion-de-amigos-en-mercado-central\\\/\",\"url\":\"https:\\\/\\\/www.revistarambla.com\\\/reunion-de-amigos-en-mercado-central\\\/\",\"name\":\"Reuni\u00f3n de amigos en 'Mercado Central' - Revista Rambla\",\"isPartOf\":{\"@id\":\"https:\\\/\\\/www.revistarambla.com\\\/#website\"},\"primaryImageOfPage\":{\"@id\":\"https:\\\/\\\/www.revistarambla.com\\\/reunion-de-amigos-en-mercado-central\\\/#primaryimage\"},\"image\":{\"@id\":\"https:\\\/\\\/www.revistarambla.com\\\/reunion-de-amigos-en-mercado-central\\\/#primaryimage\"},\"thumbnailUrl\":\"https:\\\/\\\/www.revistarambla.com\\\/wp-content\\\/uploads\\\/2011\\\/11\\\/300px-Jose_Antonio_Labordeta_2009.jpg\",\"datePublished\":\"2011-11-14T19:57:35+00:00\",\"dateModified\":\"2021-12-10T15:36:59+00:00\",\"breadcrumb\":{\"@id\":\"https:\\\/\\\/www.revistarambla.com\\\/reunion-de-amigos-en-mercado-central\\\/#breadcrumb\"},\"inLanguage\":\"en-GB\",\"potentialAction\":[{\"@type\":\"ReadAction\",\"target\":[\"https:\\\/\\\/www.revistarambla.com\\\/reunion-de-amigos-en-mercado-central\\\/\"]}]},{\"@type\":\"ImageObject\",\"inLanguage\":\"en-GB\",\"@id\":\"https:\\\/\\\/www.revistarambla.com\\\/reunion-de-amigos-en-mercado-central\\\/#primaryimage\",\"url\":\"https:\\\/\\\/www.revistarambla.com\\\/wp-content\\\/uploads\\\/2011\\\/11\\\/300px-Jose_Antonio_Labordeta_2009.jpg\",\"contentUrl\":\"https:\\\/\\\/www.revistarambla.com\\\/wp-content\\\/uploads\\\/2011\\\/11\\\/300px-Jose_Antonio_Labordeta_2009.jpg\",\"width\":300,\"height\":425},{\"@type\":\"BreadcrumbList\",\"@id\":\"https:\\\/\\\/www.revistarambla.com\\\/reunion-de-amigos-en-mercado-central\\\/#breadcrumb\",\"itemListElement\":[{\"@type\":\"ListItem\",\"position\":1,\"name\":\"Portada\",\"item\":\"https:\\\/\\\/www.revistarambla.com\\\/\"},{\"@type\":\"ListItem\",\"position\":2,\"name\":\"Reuni\u00f3n de amigos en &#8216;Mercado Central&#8217;\"}]},{\"@type\":\"WebSite\",\"@id\":\"https:\\\/\\\/www.revistarambla.com\\\/#website\",\"url\":\"https:\\\/\\\/www.revistarambla.com\\\/\",\"name\":\"Revista Rambla Barcelona\",\"description\":\"Periodismo independiente\",\"publisher\":{\"@id\":\"https:\\\/\\\/www.revistarambla.com\\\/#organization\"},\"potentialAction\":[{\"@type\":\"SearchAction\",\"target\":{\"@type\":\"EntryPoint\",\"urlTemplate\":\"https:\\\/\\\/www.revistarambla.com\\\/?s={search_term_string}\"},\"query-input\":{\"@type\":\"PropertyValueSpecification\",\"valueRequired\":true,\"valueName\":\"search_term_string\"}}],\"inLanguage\":\"en-GB\"},{\"@type\":\"Organization\",\"@id\":\"https:\\\/\\\/www.revistarambla.com\\\/#organization\",\"name\":\"Revista Rambla\",\"url\":\"https:\\\/\\\/www.revistarambla.com\\\/\",\"logo\":{\"@type\":\"ImageObject\",\"inLanguage\":\"en-GB\",\"@id\":\"https:\\\/\\\/www.revistarambla.com\\\/#\\\/schema\\\/logo\\\/image\\\/\",\"url\":\"https:\\\/\\\/www.revistarambla.com\\\/wp-content\\\/uploads\\\/2020\\\/09\\\/banner_rambla_1900x600_BB.png\",\"contentUrl\":\"https:\\\/\\\/www.revistarambla.com\\\/wp-content\\\/uploads\\\/2020\\\/09\\\/banner_rambla_1900x600_BB.png\",\"width\":1900,\"height\":600,\"caption\":\"Revista Rambla\"},\"image\":{\"@id\":\"https:\\\/\\\/www.revistarambla.com\\\/#\\\/schema\\\/logo\\\/image\\\/\"},\"sameAs\":[\"https:\\\/\\\/www.facebook.com\\\/revistarambla\\\/\",\"https:\\\/\\\/x.com\\\/revistarambla\",\"https:\\\/\\\/www.instagram.com\\\/revista_rambla\",\"https:\\\/\\\/es.linkedin.com\\\/company\\\/revista-rambla\"]},{\"@type\":\"Person\",\"@id\":\"https:\\\/\\\/www.revistarambla.com\\\/#\\\/schema\\\/person\\\/044b43a8aa317042559e094f7deaf33c\",\"name\":\"Elena Fern\u00e1ndez Mart\u00ednez\",\"description\":\"Periodista \\\/ Corresponsal Londres.\"}]}<\/script>\n<!-- \/ Yoast SEO plugin. -->","yoast_head_json":{"title":"Reuni\u00f3n de amigos en 'Mercado Central' - Revista Rambla","robots":{"index":"index","follow":"follow","max-snippet":"max-snippet:-1","max-image-preview":"max-image-preview:large","max-video-preview":"max-video-preview:-1"},"canonical":"https:\/\/www.revistarambla.com\/en\/reunion-de-amigos-en-mercado-central\/","og_locale":"en_GB","og_type":"article","og_title":"Reuni\u00f3n de amigos en 'Mercado Central' - Revista Rambla","og_description":"En la librer\u00eda \u201cTaifa\u201d del barrio de Gr\u00e0cia de Barcelona se present\u00f3 \u201cMercado Central\u201d el \u00faltimo libro de Jos\u00e9 Antonio Labordeta, una recopilaci\u00f3n de relatos ir\u00f3nicos sobre sus mejores amigos acompa\u00f1ados por unas caricaturas de Luis Gra\u00f1ena","og_url":"https:\/\/www.revistarambla.com\/en\/reunion-de-amigos-en-mercado-central\/","og_site_name":"Revista Rambla","article_publisher":"https:\/\/www.facebook.com\/revistarambla\/","article_published_time":"2011-11-14T19:57:35+00:00","article_modified_time":"2021-12-10T15:36:59+00:00","og_image":[{"width":300,"height":425,"url":"https:\/\/www.revistarambla.com\/wp-content\/uploads\/2011\/11\/300px-Jose_Antonio_Labordeta_2009.jpg","type":"image\/jpeg"}],"author":"Elena Fern\u00e1ndez Mart\u00ednez","twitter_card":"summary_large_image","twitter_creator":"@revistarambla","twitter_site":"@revistarambla","twitter_misc":{"Written by":"Elena Fern\u00e1ndez Mart\u00ednez","Estimated reading time":"3 minutes"},"schema":{"@context":"https:\/\/schema.org","@graph":[{"@type":"Article","@id":"https:\/\/www.revistarambla.com\/reunion-de-amigos-en-mercado-central\/#article","isPartOf":{"@id":"https:\/\/www.revistarambla.com\/reunion-de-amigos-en-mercado-central\/"},"author":{"name":"Elena Fern\u00e1ndez Mart\u00ednez","@id":"https:\/\/www.revistarambla.com\/#\/schema\/person\/044b43a8aa317042559e094f7deaf33c"},"headline":"Reuni\u00f3n de amigos en &#8216;Mercado Central&#8217;","datePublished":"2011-11-14T19:57:35+00:00","dateModified":"2021-12-10T15:36:59+00:00","mainEntityOfPage":{"@id":"https:\/\/www.revistarambla.com\/reunion-de-amigos-en-mercado-central\/"},"wordCount":533,"commentCount":0,"publisher":{"@id":"https:\/\/www.revistarambla.com\/#organization"},"image":{"@id":"https:\/\/www.revistarambla.com\/reunion-de-amigos-en-mercado-central\/#primaryimage"},"thumbnailUrl":"https:\/\/www.revistarambla.com\/wp-content\/uploads\/2011\/11\/300px-Jose_Antonio_Labordeta_2009.jpg","articleSection":["Cultura","Libros"],"inLanguage":"en-GB","potentialAction":[{"@type":"CommentAction","name":"Comment","target":["https:\/\/www.revistarambla.com\/reunion-de-amigos-en-mercado-central\/#respond"]}]},{"@type":"WebPage","@id":"https:\/\/www.revistarambla.com\/reunion-de-amigos-en-mercado-central\/","url":"https:\/\/www.revistarambla.com\/reunion-de-amigos-en-mercado-central\/","name":"Reuni\u00f3n de amigos en 'Mercado Central' - Revista Rambla","isPartOf":{"@id":"https:\/\/www.revistarambla.com\/#website"},"primaryImageOfPage":{"@id":"https:\/\/www.revistarambla.com\/reunion-de-amigos-en-mercado-central\/#primaryimage"},"image":{"@id":"https:\/\/www.revistarambla.com\/reunion-de-amigos-en-mercado-central\/#primaryimage"},"thumbnailUrl":"https:\/\/www.revistarambla.com\/wp-content\/uploads\/2011\/11\/300px-Jose_Antonio_Labordeta_2009.jpg","datePublished":"2011-11-14T19:57:35+00:00","dateModified":"2021-12-10T15:36:59+00:00","breadcrumb":{"@id":"https:\/\/www.revistarambla.com\/reunion-de-amigos-en-mercado-central\/#breadcrumb"},"inLanguage":"en-GB","potentialAction":[{"@type":"ReadAction","target":["https:\/\/www.revistarambla.com\/reunion-de-amigos-en-mercado-central\/"]}]},{"@type":"ImageObject","inLanguage":"en-GB","@id":"https:\/\/www.revistarambla.com\/reunion-de-amigos-en-mercado-central\/#primaryimage","url":"https:\/\/www.revistarambla.com\/wp-content\/uploads\/2011\/11\/300px-Jose_Antonio_Labordeta_2009.jpg","contentUrl":"https:\/\/www.revistarambla.com\/wp-content\/uploads\/2011\/11\/300px-Jose_Antonio_Labordeta_2009.jpg","width":300,"height":425},{"@type":"BreadcrumbList","@id":"https:\/\/www.revistarambla.com\/reunion-de-amigos-en-mercado-central\/#breadcrumb","itemListElement":[{"@type":"ListItem","position":1,"name":"Portada","item":"https:\/\/www.revistarambla.com\/"},{"@type":"ListItem","position":2,"name":"Reuni\u00f3n de amigos en &#8216;Mercado Central&#8217;"}]},{"@type":"WebSite","@id":"https:\/\/www.revistarambla.com\/#website","url":"https:\/\/www.revistarambla.com\/","name":"Revista Rambla Barcelona","description":"Periodismo independiente","publisher":{"@id":"https:\/\/www.revistarambla.com\/#organization"},"potentialAction":[{"@type":"SearchAction","target":{"@type":"EntryPoint","urlTemplate":"https:\/\/www.revistarambla.com\/?s={search_term_string}"},"query-input":{"@type":"PropertyValueSpecification","valueRequired":true,"valueName":"search_term_string"}}],"inLanguage":"en-GB"},{"@type":"Organization","@id":"https:\/\/www.revistarambla.com\/#organization","name":"Revista Rambla","url":"https:\/\/www.revistarambla.com\/","logo":{"@type":"ImageObject","inLanguage":"en-GB","@id":"https:\/\/www.revistarambla.com\/#\/schema\/logo\/image\/","url":"https:\/\/www.revistarambla.com\/wp-content\/uploads\/2020\/09\/banner_rambla_1900x600_BB.png","contentUrl":"https:\/\/www.revistarambla.com\/wp-content\/uploads\/2020\/09\/banner_rambla_1900x600_BB.png","width":1900,"height":600,"caption":"Revista Rambla"},"image":{"@id":"https:\/\/www.revistarambla.com\/#\/schema\/logo\/image\/"},"sameAs":["https:\/\/www.facebook.com\/revistarambla\/","https:\/\/x.com\/revistarambla","https:\/\/www.instagram.com\/revista_rambla","https:\/\/es.linkedin.com\/company\/revista-rambla"]},{"@type":"Person","@id":"https:\/\/www.revistarambla.com\/#\/schema\/person\/044b43a8aa317042559e094f7deaf33c","name":"Elena Fern\u00e1ndez Mart\u00ednez","description":"Periodista \/ Corresponsal Londres."}]}},"_links":{"self":[{"href":"https:\/\/www.revistarambla.com\/en\/wp-json\/wp\/v2\/posts\/1220","targetHints":{"allow":["GET"]}}],"collection":[{"href":"https:\/\/www.revistarambla.com\/en\/wp-json\/wp\/v2\/posts"}],"about":[{"href":"https:\/\/www.revistarambla.com\/en\/wp-json\/wp\/v2\/types\/post"}],"author":[{"embeddable":true,"href":"https:\/\/www.revistarambla.com\/en\/wp-json\/wp\/v2\/users\/51"}],"replies":[{"embeddable":true,"href":"https:\/\/www.revistarambla.com\/en\/wp-json\/wp\/v2\/comments?post=1220"}],"version-history":[{"count":0,"href":"https:\/\/www.revistarambla.com\/en\/wp-json\/wp\/v2\/posts\/1220\/revisions"}],"wp:featuredmedia":[{"embeddable":true,"href":"https:\/\/www.revistarambla.com\/en\/wp-json\/wp\/v2\/media\/31654"}],"wp:attachment":[{"href":"https:\/\/www.revistarambla.com\/en\/wp-json\/wp\/v2\/media?parent=1220"}],"wp:term":[{"taxonomy":"category","embeddable":true,"href":"https:\/\/www.revistarambla.com\/en\/wp-json\/wp\/v2\/categories?post=1220"},{"taxonomy":"post_tag","embeddable":true,"href":"https:\/\/www.revistarambla.com\/en\/wp-json\/wp\/v2\/tags?post=1220"}],"curies":[{"name":"wp","href":"https:\/\/api.w.org\/{rel}","templated":true}]}}