{"id":12194,"date":"2017-04-10T07:55:49","date_gmt":"2017-04-10T05:55:49","guid":{"rendered":"https:\/\/www.revistarambla.com\/?p=12194"},"modified":"2021-04-02T20:33:03","modified_gmt":"2021-04-02T18:33:03","slug":"la-libertad-de-expresion-que-nunca-fue","status":"publish","type":"post","link":"https:\/\/www.revistarambla.com\/en\/la-libertad-de-expresion-que-nunca-fue\/","title":{"rendered":"La Libertad de Expresi\u00f3n que nunca fue"},"content":{"rendered":"<p><a href=\"https:\/\/www.revistarambla.com\/wp-content\/uploads\/2017\/04\/DSC_7300.jpg\"><img decoding=\"async\" class=\"aligncenter wp-image-12196\" src=\"https:\/\/www.revistarambla.com\/wp-content\/uploads\/2017\/04\/DSC_7300.jpg\" alt=\"La Libertad de Expresi\u00f3n que nunca fue\" width=\"830\" height=\"591\" srcset=\"https:\/\/www.revistarambla.com\/wp-content\/uploads\/2017\/04\/DSC_7300.jpg 1087w, https:\/\/www.revistarambla.com\/wp-content\/uploads\/2017\/04\/DSC_7300-300x214.jpg 300w, https:\/\/www.revistarambla.com\/wp-content\/uploads\/2017\/04\/DSC_7300-768x547.jpg 768w, https:\/\/www.revistarambla.com\/wp-content\/uploads\/2017\/04\/DSC_7300-1024x729.jpg 1024w, https:\/\/www.revistarambla.com\/wp-content\/uploads\/2017\/04\/DSC_7300-500x356.jpg 500w\" sizes=\"(max-width: 830px) 100vw, 830px\" \/><\/a><\/p>\n<p style=\"text-align: left;\">Abril, amanece la primavera siempre republicana en los recuerdos heredados, en el futuro por venir, el que queremos traer, el que tanto nos cuesta. D\u00edas de sentencias judiciales. Meses, a\u00f1os, de castigo contra la Libertad de Expresi\u00f3n. \u00bfNos la est\u00e1n quitando? NO, simplemente no la hemos tenido. Para recordar la Libertad de Expresi\u00f3n tenemos que retroceder en el tiempo a aquella Segunda Rep\u00fablica, elegida, querida, constitucional. Abril, primavera.<\/p>\n<p style=\"text-align: left;\">El caso de Cassandra, de Pablo Hasel, los 8 de Airbus, Valtonyc, los 5 del Buero, C\u00e9sar Strawberry, lo 3 del preg\u00f3n\u2026 y as\u00ed hasta una interminable lista de nombres, todos muy recientes, pero que perfectamente se podr\u00eda ampliar hasta 1976, a\u00f1o en el que oficialmente, a esto, el aqu\u00ed y ahora en que nos encontramos, lo empiezan a llamar \u201cdemocracia\u201d, la de la monarqu\u00eda constitucional.<\/p>\n<p style=\"text-align: left;\">No recuerdo haber podido decir lo que quiero libremente desde que tengo uso de raz\u00f3n.<em>\u201cQuien no se mueve, no siente las cadenas\u201d<\/em>\u00a0 y uno, mejor o peor se ha movido. Abril mes de la Rep\u00fablica, para los 365 d\u00edas.<\/p>\n<p style=\"text-align: left;\">Banderas republicanas, expresi\u00f3n de los sentimientos m\u00e1s significativos, bajo sus m\u00faltiples y diferentes aspectos. Banderas prohibidas, perseguidas, han tenido que pasar muchos a\u00f1os para poderlas pasear, s\u00ed, simplemente pasear sin m\u00e1s pretensiones, aunque si nos remontamos a 2014, solo tres a\u00f1os, en la proclamaci\u00f3n del \u201cheredero\u201d, bastar\u00eda consultar la hemeroteca (a pesar de la autocensura informativa) del 19 junio para saber lo que pod\u00eda significar no ya llevar una bandera, sino un min\u00fasculo pin tricolor. Abril, arco iris de colores.<\/p>\n<p style=\"text-align: left;\">Tricolores en tela perseguidas con sa\u00f1a por los servicios de orden del PCE en los a\u00f1os setenta, siguiendo las instrucciones de Santiago Carrillo y su grupo dirigente. No era el momento, dec\u00edan, primero la democracia (\u00bf?), es una provocaci\u00f3n\u2026 banderas rotas, rasgadas. La historia es la historia, como recordaba recientemente Alfredo Grimaldos en el homenaje al periodista y escritor Jos\u00e9 Luis Morales, y por alusiones Jos\u00e9 Luis Morales: procesado unas trescientas veces por su trabajo profesional, a\u00f1os 70, 80, 90\u2026 un claro ejemplo de la Libertad de Expresi\u00f3n de la \u201cgloriosa Transici\u00f3n\u201d.<\/p>\n<p style=\"text-align: left;\">Euskadi, bajo la losa del llamado \u201cconflicto vasco\u201d parece un vale todo: torturas por el d\u00eda, cierres de <em>Egin<\/em>, <em>Egunkaria<\/em>, torturas a miles, persecuci\u00f3n contra el rock vasco, terrorismo de Estado, todo vale para un r\u00e9gimen que se mueve desde las cloacas. Ponen el sello \u201cETA\u201d y ya est\u00e1 justificado todo. ETA les sirve para legitimar retroactivamente al franquismo y los franquistas, como Carrero, convertido ahora en \u201cv\u00edctima del terrorismo\u201d merecedora de protecci\u00f3n.<\/p>\n<p style=\"text-align: left;\">Antifascismo = Terrorismo. Esa ecuaci\u00f3n perversa y c\u00f3mplice s\u00ed se puede repetir y se repite miles de veces, desde todos los medios, con fingidas matizaciones, con eco multiplicado por el poder pol\u00edtico y econ\u00f3mico\u2026 Para expresar esa mentira s\u00ed hay libertad de expresi\u00f3n. Bien pagada, adem\u00e1s.<\/p>\n<p style=\"text-align: left;\">Libertad de Expresi\u00f3n pisoteada y, lo que es peor, demasiado silencio, incluida la autodenominada izquierda, chasco de las libertades.<\/p>\n<p style=\"text-align: left;\">Espa\u00f1a 2017, se persiguen los chistes, las canciones, las ideas, a los titiriteros, a los m\u00fasicos\u2026 salvo que sean pesebreros o franquistas de nuevo o viejo cu\u00f1o<strong>.\u00a0<em>Quevedo necesita que sus poemas sean revisados por un abogado\u2026 Valle Incl\u00e1n es detenido e incomunicado\u2026 Garc\u00eda Lorca haciendo versos con la Guardia Civil, se le aplica la ley antiterrorista directamente\u2026 Miguel Hern\u00e1ndez, radical antisistema, acusado por la fiscal\u00eda\u2026 Antonio Machado\u2026<\/em><\/strong><\/p>\n<p style=\"text-align: left;\">\u00bfEspa\u00f1a 2017? Marca Espa\u00f1a. \u00bfQu\u00e9 es Espa\u00f1a?<\/p>\n<p style=\"text-align: left;\">Rep\u00fablica de los Pueblos, Derecho a decidir, a escoger, Autodeterminaci\u00f3n, Independencia, Libertad, Rep\u00fablica.<\/p>\n<p style=\"text-align: left;\">Necesitamos Rep\u00fablica, queremos Rep\u00fablica, acabar completamente con la estructura de Estado del 78, heredera y albacea de un r\u00e9gimen golpista y fascista. Libertad, Igualdad, Fraternidad. Sanidad universal, Educaci\u00f3n p\u00fablica, Anticapitalismo, Soberan\u00eda, Laicidad, Trabajo digno, Salario justo, Vivienda accesible\u2026 Esos son los horizontes por los que luchamos en la calle, en el tajo, en las aulas\u2026 Nuestras reivindicaciones son el contenido de esa Rep\u00fablica, la que queremos, la que necesitamos. Abril, querido abril.<\/p>\n<p style=\"text-align: left;\">Y mientras, solidaridad (es) activa con las multadas, detenidas, procesadas, encarceladas. Lucha contra la Ley Mordaza, la injusticia. Apoyo mutuo, brazo con brazo, golpe a golpe, verso a verso. Abril que ya est\u00e1s aqu\u00ed.<\/p>","protected":false},"excerpt":{"rendered":"<p>Abril, amanece la primavera siempre republicana en los recuerdos heredados, en el futuro por venir, el que queremos traer, el que tanto nos cuesta. D\u00edas de sentencias judiciales. Meses, a\u00f1os, de castigo contra la Libertad de Expresi\u00f3n. \u00bfNos la est\u00e1n quitando? NO, simplemente no la hemos tenido. Para recordar la [&hellip;]<\/p>\n","protected":false},"author":3,"featured_media":12195,"comment_status":"open","ping_status":"open","sticky":false,"template":"","format":"standard","meta":{"footnotes":""},"categories":[72],"tags":[],"class_list":["post-12194","post","type-post","status-publish","format-standard","has-post-thumbnail","hentry","category-opinion"],"yoast_head":"<!-- This site is optimized with the Yoast SEO plugin v27.5 - https:\/\/yoast.com\/product\/yoast-seo-wordpress\/ -->\n<title>La Libertad de Expresi\u00f3n que nunca fue - Revista Rambla<\/title>\n<meta name=\"description\" content=\"Meses, a\u00f1os, de castigo contra la Libertad de Expresi\u00f3n. \u00bfNos la est\u00e1n quitando? NO, simplemente no la hemos tenido. Para recordar la Libertad de Expresi\u00f3n\" \/>\n<meta name=\"robots\" content=\"index, follow, max-snippet:-1, max-image-preview:large, max-video-preview:-1\" \/>\n<link rel=\"canonical\" href=\"https:\/\/www.revistarambla.com\/en\/la-libertad-de-expresion-que-nunca-fue\/\" \/>\n<meta property=\"og:locale\" content=\"en_GB\" \/>\n<meta property=\"og:type\" content=\"article\" \/>\n<meta property=\"og:title\" content=\"La Libertad de Expresi\u00f3n que nunca fue - Revista Rambla\" \/>\n<meta property=\"og:description\" content=\"Meses, a\u00f1os, de castigo contra la Libertad de Expresi\u00f3n. \u00bfNos la est\u00e1n quitando? NO, simplemente no la hemos tenido. Para recordar la Libertad de Expresi\u00f3n\" \/>\n<meta property=\"og:url\" content=\"https:\/\/www.revistarambla.com\/en\/la-libertad-de-expresion-que-nunca-fue\/\" \/>\n<meta property=\"og:site_name\" content=\"Revista Rambla\" \/>\n<meta property=\"article:publisher\" content=\"https:\/\/www.facebook.com\/revistarambla\/\" \/>\n<meta property=\"article:author\" content=\"https:\/\/www.facebook.com\/revistarambla\" \/>\n<meta property=\"article:published_time\" content=\"2017-04-10T05:55:49+00:00\" \/>\n<meta property=\"article:modified_time\" content=\"2021-04-02T18:33:03+00:00\" \/>\n<meta property=\"og:image\" content=\"https:\/\/i2.wp.com\/www.revistarambla.com\/wp-content\/uploads\/2017\/04\/escanear0009.jpg?fit=2338%2C1691&ssl=1\" \/>\n\t<meta property=\"og:image:width\" content=\"2338\" \/>\n\t<meta property=\"og:image:height\" content=\"1691\" \/>\n\t<meta property=\"og:image:type\" content=\"image\/jpeg\" \/>\n<meta name=\"author\" content=\"I\u00f1aki Alrui\" \/>\n<meta name=\"twitter:card\" content=\"summary_large_image\" \/>\n<meta name=\"twitter:creator\" content=\"@revistarambla\" \/>\n<meta name=\"twitter:site\" content=\"@revistarambla\" \/>\n<meta name=\"twitter:label1\" content=\"Written by\" \/>\n\t<meta name=\"twitter:data1\" content=\"I\u00f1aki Alrui\" \/>\n\t<meta name=\"twitter:label2\" content=\"Estimated reading time\" \/>\n\t<meta name=\"twitter:data2\" content=\"4 minutes\" \/>\n<script type=\"application\/ld+json\" class=\"yoast-schema-graph\">{\"@context\":\"https:\\\/\\\/schema.org\",\"@graph\":[{\"@type\":\"Article\",\"@id\":\"https:\\\/\\\/www.revistarambla.com\\\/la-libertad-de-expresion-que-nunca-fue\\\/#article\",\"isPartOf\":{\"@id\":\"https:\\\/\\\/www.revistarambla.com\\\/la-libertad-de-expresion-que-nunca-fue\\\/\"},\"author\":{\"name\":\"I\u00f1aki Alrui\",\"@id\":\"https:\\\/\\\/www.revistarambla.com\\\/#\\\/schema\\\/person\\\/a146a5a2550b94981a75131180e1bd9c\"},\"headline\":\"La Libertad de Expresi\u00f3n que nunca fue\",\"datePublished\":\"2017-04-10T05:55:49+00:00\",\"dateModified\":\"2021-04-02T18:33:03+00:00\",\"mainEntityOfPage\":{\"@id\":\"https:\\\/\\\/www.revistarambla.com\\\/la-libertad-de-expresion-que-nunca-fue\\\/\"},\"wordCount\":735,\"commentCount\":1,\"publisher\":{\"@id\":\"https:\\\/\\\/www.revistarambla.com\\\/#organization\"},\"image\":{\"@id\":\"https:\\\/\\\/www.revistarambla.com\\\/la-libertad-de-expresion-que-nunca-fue\\\/#primaryimage\"},\"thumbnailUrl\":\"https:\\\/\\\/www.revistarambla.com\\\/wp-content\\\/uploads\\\/2017\\\/04\\\/escanear0009.jpg\",\"articleSection\":[\"Opiniones\"],\"inLanguage\":\"en-GB\",\"potentialAction\":[{\"@type\":\"CommentAction\",\"name\":\"Comment\",\"target\":[\"https:\\\/\\\/www.revistarambla.com\\\/la-libertad-de-expresion-que-nunca-fue\\\/#respond\"]}]},{\"@type\":\"WebPage\",\"@id\":\"https:\\\/\\\/www.revistarambla.com\\\/la-libertad-de-expresion-que-nunca-fue\\\/\",\"url\":\"https:\\\/\\\/www.revistarambla.com\\\/la-libertad-de-expresion-que-nunca-fue\\\/\",\"name\":\"La Libertad de Expresi\u00f3n que nunca fue - Revista Rambla\",\"isPartOf\":{\"@id\":\"https:\\\/\\\/www.revistarambla.com\\\/#website\"},\"primaryImageOfPage\":{\"@id\":\"https:\\\/\\\/www.revistarambla.com\\\/la-libertad-de-expresion-que-nunca-fue\\\/#primaryimage\"},\"image\":{\"@id\":\"https:\\\/\\\/www.revistarambla.com\\\/la-libertad-de-expresion-que-nunca-fue\\\/#primaryimage\"},\"thumbnailUrl\":\"https:\\\/\\\/www.revistarambla.com\\\/wp-content\\\/uploads\\\/2017\\\/04\\\/escanear0009.jpg\",\"datePublished\":\"2017-04-10T05:55:49+00:00\",\"dateModified\":\"2021-04-02T18:33:03+00:00\",\"description\":\"Meses, a\u00f1os, de castigo contra la Libertad de Expresi\u00f3n. \u00bfNos la est\u00e1n quitando? NO, simplemente no la hemos tenido. Para recordar la Libertad de Expresi\u00f3n\",\"breadcrumb\":{\"@id\":\"https:\\\/\\\/www.revistarambla.com\\\/la-libertad-de-expresion-que-nunca-fue\\\/#breadcrumb\"},\"inLanguage\":\"en-GB\",\"potentialAction\":[{\"@type\":\"ReadAction\",\"target\":[\"https:\\\/\\\/www.revistarambla.com\\\/la-libertad-de-expresion-que-nunca-fue\\\/\"]}]},{\"@type\":\"ImageObject\",\"inLanguage\":\"en-GB\",\"@id\":\"https:\\\/\\\/www.revistarambla.com\\\/la-libertad-de-expresion-que-nunca-fue\\\/#primaryimage\",\"url\":\"https:\\\/\\\/www.revistarambla.com\\\/wp-content\\\/uploads\\\/2017\\\/04\\\/escanear0009.jpg\",\"contentUrl\":\"https:\\\/\\\/www.revistarambla.com\\\/wp-content\\\/uploads\\\/2017\\\/04\\\/escanear0009.jpg\",\"width\":2338,\"height\":1691},{\"@type\":\"BreadcrumbList\",\"@id\":\"https:\\\/\\\/www.revistarambla.com\\\/la-libertad-de-expresion-que-nunca-fue\\\/#breadcrumb\",\"itemListElement\":[{\"@type\":\"ListItem\",\"position\":1,\"name\":\"Portada\",\"item\":\"https:\\\/\\\/www.revistarambla.com\\\/\"},{\"@type\":\"ListItem\",\"position\":2,\"name\":\"La Libertad de Expresi\u00f3n que nunca fue\"}]},{\"@type\":\"WebSite\",\"@id\":\"https:\\\/\\\/www.revistarambla.com\\\/#website\",\"url\":\"https:\\\/\\\/www.revistarambla.com\\\/\",\"name\":\"Revista Rambla Barcelona\",\"description\":\"Periodismo independiente\",\"publisher\":{\"@id\":\"https:\\\/\\\/www.revistarambla.com\\\/#organization\"},\"potentialAction\":[{\"@type\":\"SearchAction\",\"target\":{\"@type\":\"EntryPoint\",\"urlTemplate\":\"https:\\\/\\\/www.revistarambla.com\\\/?s={search_term_string}\"},\"query-input\":{\"@type\":\"PropertyValueSpecification\",\"valueRequired\":true,\"valueName\":\"search_term_string\"}}],\"inLanguage\":\"en-GB\"},{\"@type\":\"Organization\",\"@id\":\"https:\\\/\\\/www.revistarambla.com\\\/#organization\",\"name\":\"Revista Rambla\",\"url\":\"https:\\\/\\\/www.revistarambla.com\\\/\",\"logo\":{\"@type\":\"ImageObject\",\"inLanguage\":\"en-GB\",\"@id\":\"https:\\\/\\\/www.revistarambla.com\\\/#\\\/schema\\\/logo\\\/image\\\/\",\"url\":\"https:\\\/\\\/www.revistarambla.com\\\/wp-content\\\/uploads\\\/2020\\\/09\\\/banner_rambla_1900x600_BB.png\",\"contentUrl\":\"https:\\\/\\\/www.revistarambla.com\\\/wp-content\\\/uploads\\\/2020\\\/09\\\/banner_rambla_1900x600_BB.png\",\"width\":1900,\"height\":600,\"caption\":\"Revista Rambla\"},\"image\":{\"@id\":\"https:\\\/\\\/www.revistarambla.com\\\/#\\\/schema\\\/logo\\\/image\\\/\"},\"sameAs\":[\"https:\\\/\\\/www.facebook.com\\\/revistarambla\\\/\",\"https:\\\/\\\/x.com\\\/revistarambla\",\"https:\\\/\\\/www.instagram.com\\\/revista_rambla\",\"https:\\\/\\\/es.linkedin.com\\\/company\\\/revista-rambla\"]},{\"@type\":\"Person\",\"@id\":\"https:\\\/\\\/www.revistarambla.com\\\/#\\\/schema\\\/person\\\/a146a5a2550b94981a75131180e1bd9c\",\"name\":\"I\u00f1aki Alrui\",\"description\":\"Miembro del Colectivo LoQueSomos.\",\"sameAs\":[\"http:\\\/\\\/loquesomos.org\\\/category\\\/s29-autores\\\/c229-inaki-alonso\\\/\",\"https:\\\/\\\/www.facebook.com\\\/revistarambla\",\"https:\\\/\\\/x.com\\\/revistarambla\"]}]}<\/script>\n<!-- \/ Yoast SEO plugin. -->","yoast_head_json":{"title":"La Libertad de Expresi\u00f3n que nunca fue - Revista Rambla","description":"Meses, a\u00f1os, de castigo contra la Libertad de Expresi\u00f3n. \u00bfNos la est\u00e1n quitando? NO, simplemente no la hemos tenido. Para recordar la Libertad de Expresi\u00f3n","robots":{"index":"index","follow":"follow","max-snippet":"max-snippet:-1","max-image-preview":"max-image-preview:large","max-video-preview":"max-video-preview:-1"},"canonical":"https:\/\/www.revistarambla.com\/en\/la-libertad-de-expresion-que-nunca-fue\/","og_locale":"en_GB","og_type":"article","og_title":"La Libertad de Expresi\u00f3n que nunca fue - Revista Rambla","og_description":"Meses, a\u00f1os, de castigo contra la Libertad de Expresi\u00f3n. \u00bfNos la est\u00e1n quitando? NO, simplemente no la hemos tenido. Para recordar la Libertad de Expresi\u00f3n","og_url":"https:\/\/www.revistarambla.com\/en\/la-libertad-de-expresion-que-nunca-fue\/","og_site_name":"Revista Rambla","article_publisher":"https:\/\/www.facebook.com\/revistarambla\/","article_author":"https:\/\/www.facebook.com\/revistarambla","article_published_time":"2017-04-10T05:55:49+00:00","article_modified_time":"2021-04-02T18:33:03+00:00","og_image":[{"width":2338,"height":1691,"url":"https:\/\/i2.wp.com\/www.revistarambla.com\/wp-content\/uploads\/2017\/04\/escanear0009.jpg?fit=2338%2C1691&ssl=1","type":"image\/jpeg"}],"author":"I\u00f1aki Alrui","twitter_card":"summary_large_image","twitter_creator":"@revistarambla","twitter_site":"@revistarambla","twitter_misc":{"Written by":"I\u00f1aki Alrui","Estimated reading time":"4 minutes"},"schema":{"@context":"https:\/\/schema.org","@graph":[{"@type":"Article","@id":"https:\/\/www.revistarambla.com\/la-libertad-de-expresion-que-nunca-fue\/#article","isPartOf":{"@id":"https:\/\/www.revistarambla.com\/la-libertad-de-expresion-que-nunca-fue\/"},"author":{"name":"I\u00f1aki Alrui","@id":"https:\/\/www.revistarambla.com\/#\/schema\/person\/a146a5a2550b94981a75131180e1bd9c"},"headline":"La Libertad de Expresi\u00f3n que nunca fue","datePublished":"2017-04-10T05:55:49+00:00","dateModified":"2021-04-02T18:33:03+00:00","mainEntityOfPage":{"@id":"https:\/\/www.revistarambla.com\/la-libertad-de-expresion-que-nunca-fue\/"},"wordCount":735,"commentCount":1,"publisher":{"@id":"https:\/\/www.revistarambla.com\/#organization"},"image":{"@id":"https:\/\/www.revistarambla.com\/la-libertad-de-expresion-que-nunca-fue\/#primaryimage"},"thumbnailUrl":"https:\/\/www.revistarambla.com\/wp-content\/uploads\/2017\/04\/escanear0009.jpg","articleSection":["Opiniones"],"inLanguage":"en-GB","potentialAction":[{"@type":"CommentAction","name":"Comment","target":["https:\/\/www.revistarambla.com\/la-libertad-de-expresion-que-nunca-fue\/#respond"]}]},{"@type":"WebPage","@id":"https:\/\/www.revistarambla.com\/la-libertad-de-expresion-que-nunca-fue\/","url":"https:\/\/www.revistarambla.com\/la-libertad-de-expresion-que-nunca-fue\/","name":"La Libertad de Expresi\u00f3n que nunca fue - Revista Rambla","isPartOf":{"@id":"https:\/\/www.revistarambla.com\/#website"},"primaryImageOfPage":{"@id":"https:\/\/www.revistarambla.com\/la-libertad-de-expresion-que-nunca-fue\/#primaryimage"},"image":{"@id":"https:\/\/www.revistarambla.com\/la-libertad-de-expresion-que-nunca-fue\/#primaryimage"},"thumbnailUrl":"https:\/\/www.revistarambla.com\/wp-content\/uploads\/2017\/04\/escanear0009.jpg","datePublished":"2017-04-10T05:55:49+00:00","dateModified":"2021-04-02T18:33:03+00:00","description":"Meses, a\u00f1os, de castigo contra la Libertad de Expresi\u00f3n. \u00bfNos la est\u00e1n quitando? NO, simplemente no la hemos tenido. Para recordar la Libertad de Expresi\u00f3n","breadcrumb":{"@id":"https:\/\/www.revistarambla.com\/la-libertad-de-expresion-que-nunca-fue\/#breadcrumb"},"inLanguage":"en-GB","potentialAction":[{"@type":"ReadAction","target":["https:\/\/www.revistarambla.com\/la-libertad-de-expresion-que-nunca-fue\/"]}]},{"@type":"ImageObject","inLanguage":"en-GB","@id":"https:\/\/www.revistarambla.com\/la-libertad-de-expresion-que-nunca-fue\/#primaryimage","url":"https:\/\/www.revistarambla.com\/wp-content\/uploads\/2017\/04\/escanear0009.jpg","contentUrl":"https:\/\/www.revistarambla.com\/wp-content\/uploads\/2017\/04\/escanear0009.jpg","width":2338,"height":1691},{"@type":"BreadcrumbList","@id":"https:\/\/www.revistarambla.com\/la-libertad-de-expresion-que-nunca-fue\/#breadcrumb","itemListElement":[{"@type":"ListItem","position":1,"name":"Portada","item":"https:\/\/www.revistarambla.com\/"},{"@type":"ListItem","position":2,"name":"La Libertad de Expresi\u00f3n que nunca fue"}]},{"@type":"WebSite","@id":"https:\/\/www.revistarambla.com\/#website","url":"https:\/\/www.revistarambla.com\/","name":"Revista Rambla Barcelona","description":"Periodismo independiente","publisher":{"@id":"https:\/\/www.revistarambla.com\/#organization"},"potentialAction":[{"@type":"SearchAction","target":{"@type":"EntryPoint","urlTemplate":"https:\/\/www.revistarambla.com\/?s={search_term_string}"},"query-input":{"@type":"PropertyValueSpecification","valueRequired":true,"valueName":"search_term_string"}}],"inLanguage":"en-GB"},{"@type":"Organization","@id":"https:\/\/www.revistarambla.com\/#organization","name":"Revista Rambla","url":"https:\/\/www.revistarambla.com\/","logo":{"@type":"ImageObject","inLanguage":"en-GB","@id":"https:\/\/www.revistarambla.com\/#\/schema\/logo\/image\/","url":"https:\/\/www.revistarambla.com\/wp-content\/uploads\/2020\/09\/banner_rambla_1900x600_BB.png","contentUrl":"https:\/\/www.revistarambla.com\/wp-content\/uploads\/2020\/09\/banner_rambla_1900x600_BB.png","width":1900,"height":600,"caption":"Revista Rambla"},"image":{"@id":"https:\/\/www.revistarambla.com\/#\/schema\/logo\/image\/"},"sameAs":["https:\/\/www.facebook.com\/revistarambla\/","https:\/\/x.com\/revistarambla","https:\/\/www.instagram.com\/revista_rambla","https:\/\/es.linkedin.com\/company\/revista-rambla"]},{"@type":"Person","@id":"https:\/\/www.revistarambla.com\/#\/schema\/person\/a146a5a2550b94981a75131180e1bd9c","name":"I\u00f1aki Alrui","description":"Miembro del Colectivo LoQueSomos.","sameAs":["http:\/\/loquesomos.org\/category\/s29-autores\/c229-inaki-alonso\/","https:\/\/www.facebook.com\/revistarambla","https:\/\/x.com\/revistarambla"]}]}},"_links":{"self":[{"href":"https:\/\/www.revistarambla.com\/en\/wp-json\/wp\/v2\/posts\/12194","targetHints":{"allow":["GET"]}}],"collection":[{"href":"https:\/\/www.revistarambla.com\/en\/wp-json\/wp\/v2\/posts"}],"about":[{"href":"https:\/\/www.revistarambla.com\/en\/wp-json\/wp\/v2\/types\/post"}],"author":[{"embeddable":true,"href":"https:\/\/www.revistarambla.com\/en\/wp-json\/wp\/v2\/users\/3"}],"replies":[{"embeddable":true,"href":"https:\/\/www.revistarambla.com\/en\/wp-json\/wp\/v2\/comments?post=12194"}],"version-history":[{"count":0,"href":"https:\/\/www.revistarambla.com\/en\/wp-json\/wp\/v2\/posts\/12194\/revisions"}],"wp:featuredmedia":[{"embeddable":true,"href":"https:\/\/www.revistarambla.com\/en\/wp-json\/wp\/v2\/media\/12195"}],"wp:attachment":[{"href":"https:\/\/www.revistarambla.com\/en\/wp-json\/wp\/v2\/media?parent=12194"}],"wp:term":[{"taxonomy":"category","embeddable":true,"href":"https:\/\/www.revistarambla.com\/en\/wp-json\/wp\/v2\/categories?post=12194"},{"taxonomy":"post_tag","embeddable":true,"href":"https:\/\/www.revistarambla.com\/en\/wp-json\/wp\/v2\/tags?post=12194"}],"curies":[{"name":"wp","href":"https:\/\/api.w.org\/{rel}","templated":true}]}}