{"id":1217,"date":"2011-11-14T06:41:48","date_gmt":"2011-11-14T05:41:48","guid":{"rendered":"https:\/\/www.revistarambla.com\/esther-vivas-nadie-ha-dicho-que-cambiar-el-sistema-seria-facil\/"},"modified":"2021-12-10T16:37:15","modified_gmt":"2021-12-10T15:37:15","slug":"esther-vivas-nadie-ha-dicho-que-cambiar-el-sistema-seria-facil","status":"publish","type":"post","link":"https:\/\/www.revistarambla.com\/en\/esther-vivas-nadie-ha-dicho-que-cambiar-el-sistema-seria-facil\/","title":{"rendered":"Esther Vivas: \u00abNadie ha dicho que cambiar el sistema ser\u00eda f\u00e1cil\u00bb"},"content":{"rendered":"<p><img decoding=\"async\" class=\"wp-image-3500 alignright\" src=\"https:\/\/www.revistarambla.com\/wp-content\/uploads\/2013\/06\/esther_vivas_01-190x300.jpg\" alt=\"alt\" width=\"276\" height=\"436\" srcset=\"https:\/\/www.revistarambla.com\/wp-content\/uploads\/2013\/06\/esther_vivas_01-190x300.jpg 190w, https:\/\/www.revistarambla.com\/wp-content\/uploads\/2013\/06\/esther_vivas_01.jpg 272w\" sizes=\"(max-width: 276px) 100vw, 276px\" \/>CatalunyaCaixa ha denunciado a Esther Vivas, cabeza de lista de la candidatura de Anticapitalistas por Barcelona, por la acci\u00f3n que llev\u00f3 a cabo el pasado 8 de noviembre en la sede central de la entidad. En dicha actuaci\u00f3n, aproximadamente 20 personas entraron en el edificio situado en la calle Adolfo Maura de la Ciudad Condal, para protestar por la inyecci\u00f3n de dinero p\u00fablico que han recibido bancos y cajas. Fue una acci\u00f3n pac\u00edfica, que se desarroll\u00f3 sin incidentes, y que dur\u00f3 apenas 30 minutos. A la salida, los manifestantes fueron identificados por los Mossos d\u2019Esquadra.<\/p>\n<p>Esther Vivas tuvo que presentarse ayer por la tarde en la comisar\u00eda de Plaza Espa\u00f1a, para declarar como imputada por un delito de violaci\u00f3n de domicilio p\u00fablico. Unas 200 personas se desplazaron hasta all\u00ed a las 17.30 horas, para dar muestras de apoyo a la candidata. \u00c9sta se dirigi\u00f3 a los presentes y manifest\u00f3 su rechazo a la imputaci\u00f3n, por considerar que es CatalunyaCaixa la que tendr\u00eda que dar explicaci\u00f3n de sus pol\u00edticas econ\u00f3micas. Seg\u00fan Esther Vivas, es esta empresa \u201cla que cada d\u00eda viola domicilios con los desahucios\u201d. Posteriormente, a las 18.00 horas, Esther deb\u00eda declarar ante la polic\u00eda auton\u00f3mica, pero se ha acogido al derecho de no hacerlo en comisar\u00eda y esperar a encontrarse ante el juez.<\/p>\n<p><span lang=\"ES\">Anticapitalistas considera la imputaci\u00f3n de su cabeza de lista,\u00a0 en plena campa\u00f1a electoral, y por una acci\u00f3n reivindicativa pol\u00edtica, como un acto represivo inaceptable. Para la candidatura, todo esto es otra muestra de \u201cc\u00f3mo se hace pagar el coste de la crisis a los m\u00e1s d\u00e9biles, mientras que sus verdaderos culpables, como los directivos bancarios, quedan impunes, y adem\u00e1s han sido rescatados con el dinero de todos y todas\u201d. Tambi\u00e9n consideran que la denuncia de la entidad es una traba m\u00e1s a las candidaturas alternativas, adem\u00e1s de las que ya impone el propio sistema electoral, y que responde al intento de impedir la organizaci\u00f3n pol\u00edtica a los movimientos sociales. A pesar de todo, Anticapitalistas anuncia que nada les va a detener. <\/span><\/p>\n<p><span lang=\"ES\">Hace unos d\u00edas pudimos hablar con Esther Vivas sobre la campa\u00f1a electoral, y esto fue lo que nos dijo:<\/span><\/p>\n<p><strong>H\u00e1blanos un poco de la candidatura anticapitalista \u00bfqui\u00e9nes sois?<\/strong><\/p>\n<p>Anticapitalistas es una candidatura que surge a partir de activistas de movimientos sociales. Adem\u00e1s es una candidatura promovida por diferentes organizaciones de la izquierda anticapitalista catalana: por Revolta Global-Esquerra anticapitalista, y tambi\u00e9n por las organizaciones de En lluita y Lluita internacionalista. Son, como os dec\u00eda, personas activistas en movimientos sociales, algunas personas significativas, como Pep Riera que fue el antiguo coordinador de Uni\u00f3 de pagesos, o Manel M\u00e1rquez\u00a0 fundador de Kaos en la Red. Por tanto, la candidatura se caracteriza porque est\u00e1 integrada por gente vinculada a luchas y movimientos sociales y que rechazamos la pr\u00e1ctica pol\u00edtica profesionalizada. Reivindicamos la pol\u00edtica como la lucha cotidiana por nuestros derechos, el trabajo que se hace en diferentes movimientos sociales, y en entidades vecinales.<\/p>\n<p><strong>Y en ese sentido \u00bfno hab\u00eda ning\u00fan partido por el que os sintierais representados?<\/strong><\/p>\n<p>Bueno, la candidatura est\u00e1 integrada por organizaciones pol\u00edticas y por partidos de la izquierda radical y alternativa, as\u00ed como gente a t\u00edtulo individual que tambi\u00e9n participa. Nosotros consideramos que los partidos de la izquierda gestionaria que forman parte de las instituciones, y tambi\u00e9n del tripartit han demostrado los l\u00edmites de la izquierda de gobierno. Pensamos que hoy en d\u00eda la social-democracia se ha acabado adaptando al social-liberalismo, y que las formaciones situadas a su izquierda tambi\u00e9n\u00a0 se han adaptado a estas pol\u00edticas y, por tanto, son gobiernos que se han llamado de izquierdas y en cambio han hecho pol\u00edticas que han roto con su ideario y con sus bases, llevando a cabo pol\u00edticas de gesti\u00f3n, pol\u00edticas neoliberales\u2026<\/p>\n<p><strong>\u00bfComo ejemplo, los ecologistas alemanes, cuyo uno de sus l\u00edderes acab\u00f3 como asesor en la OTAN, tras alcanzar el poder?<\/strong><\/p>\n<p>Exacto, ah\u00ed se plantean los l\u00edmites de la izquierda de gobierno, de llamarse ecologistas y de izquierdas, y a la vez querer gobernar<\/p>\n<p><strong>Pero vosotros tambi\u00e9n quer\u00e9is gobernar \u00bfno?<\/strong><\/p>\n<p>Bueno, nosotros no pretendemos que las instituciones se puedan cambiar desde dentro. Lo que planteamos es que es necesario un cambio radical de modelo, en el sentido de ir a la ra\u00edz de\u00a0 los problemas: plantear un cambio de sociedad, de pol\u00edtica y de pol\u00edticas econ\u00f3micas. Y esto solo se hace posible desde la movilizaci\u00f3n en la calle, por lo que hacen falta organizaciones de izquierda que tengan su eje de gravedad, no en las instituciones -como est\u00e1n hoy en d\u00eda-, sino en la calle y en las luchas sociales.<\/p>\n<p><strong>Entonces \u00bfpor qu\u00e9 os present\u00e1is a las elecciones?<\/strong><\/p>\n<p>Porque pensamos que, si hay unas elecciones, hace falta tambi\u00e9n que haya una voz que plantee una opci\u00f3n alternativa a la izquierda gestionaria. Y a la vez pensamos que, si hay unas instituciones, ser\u00eda interesante que entren personas que pudieran hacer de voz de las luchas y movimientos sociales.<\/p>\n<p><strong>\u00bfY no es una contradicci\u00f3n que quer\u00e1is participar del sistema si est\u00e1is en contra\u2026?<\/strong><\/p>\n<p>T\u00fa puedes estar en desacuerdo con este sistema, pero hay unas elecciones donde miles de personas van a votar y, si no les planteas una candidatura alternativa, estas personas no tienen ninguna otra a opci\u00f3n que quedarse en casa y llevar a cabo una abstenci\u00f3n resignada, o una abstenci\u00f3n activa o cr\u00edtica. Por lo tanto no es contradictorio estar en desacuerdo con el sistema pero cuando hay unas elecciones visualizar una candidatura alternativa. Y no solo eso: si se sacaran diputados, \u00e9stos se har\u00edan eco de las luchas y movimientos sociales, ya que no hay en las instituciones nadie que represente muchas de las luchas que se llevan a cabo en la calle.<\/p>\n<p><strong>Dices que entre vosotros hay activistas de movimientos sociales \u00bfde alguna forma est\u00e1is vinculados al 15M?<\/strong><\/p>\n<p>Nosotros pensamos que no puede haber ninguna candidatura que represente al 15M, porque el 15M es un movimiento muy plural y diverso, donde hay una gran diversidad de opciones pol\u00edticas e ideol\u00f3gicas, y habr\u00e1 gente que ir\u00e1 a votar, gente que no, gente que votar\u00e1 en blanco, nulo, opciones alternativas, voto \u00fatil, etc, etc\u2026<\/p>\n<p><strong>\u00bfCabe todo el mundo, dentro del 15M?<\/strong><\/p>\n<p>Bueno, el 15M es un movimiento de izquierdas, que rompe con las pol\u00edticas y la l\u00f3gica dominante en general, pero dentro de este amplio abanico hay diferentes posiciones, y diferentes posturas. La gente que integra nuestra candidatura es gente que ha estado activa en diferentes movimientos sociales, no solo desde ahora, sino desde hace mucho tiempo. Hay gente que est\u00e1 vinculada a las luchas que se llevan a cabo hoy en d\u00eda, luchas en defensa del territorio, por la vivienda digna, contra las pol\u00edticas econ\u00f3micas y sociales actuales. Pero creo que nadie se puede otorgar la representatividad del 15M. Eso es un grave error porque el movimiento se representa a s\u00ed mismo, y es muy plural y diverso.<\/p>\n<p><strong>\u00a0\u00bfPuedes definir \u201canticapitalista\u201d?<\/strong><\/p>\n<p>Cuando definimos nuestra candidatura como anticapitalista es porque consideramos que la crisis actual del capitalismo pone de manifiesto los l\u00edmites del sistema actual, los l\u00edmites del sistema capitalista. Un sistema que antepone intereses privados y particulares de unas determinadas \u00e9lites, a las necesidades colectivas de las personas; un sistema que se ha demostrado incompatible para cubrir las necesidades b\u00e1sicas de una parte muy importante de la poblaci\u00f3n. Lo vemos en que hay una crisis alimentaria sin precedentes, miles de personas que mueren de enfermedades curables, miles de personas que no tienen acceso a una vivienda en un pa\u00eds ,como por ejemplo \u00e9ste, donde hay miles de viviendas vac\u00edas\u2026 Entonces vemos que el sistema actual es totalmente incapaz de cubrir las necesidades b\u00e1sicas de una gran parte de la poblaci\u00f3n, y a la vez que su l\u00f3gica productivista choca con los propios l\u00edmites del planeta tierra. La crisis ecol\u00f3gica es el mejor ejemplo, por tanto cuando vemos la crisis sist\u00e9mica del capitalismo con sus m\u00faltiples facetas de crisis alimentaria, financiera, econ\u00f3mica, de curas,\u00a0 de valores, etc, etc, esto tambi\u00e9n plantea la necesidad de una alternativa al capitalismo. Creo que hoy es m\u00e1s l\u00f3gico ser anticapitalista que no no serlo, y los que tendr\u00edan que justificarse son los que plantean y defienden las pol\u00edticas actuales que nos han llevado a la crisis.<\/p>\n<p><strong>Entonces \u00bfqu\u00e9 medidas concretas plante\u00e1is?<\/strong><\/p>\n<p>Nosotros pensamos que en el contexto actual se tendr\u00edan que plantear unas pol\u00edticas muy diferentes a las que se est\u00e1n llevando a cabo, porque b\u00e1sicamente se est\u00e1 haciendo pagar el coste de la crisis a la gente de la calle, trabajadores, trabajadoras\u2026<\/p>\n<p>Entonces las medidas concretas para salir de la crisis ser\u00edan, en primer lugar y en t\u00e9rminos econ\u00f3micos, llevar a cabo una reforma fiscal progresiva, en el sentido de que quien m\u00e1s tenga, m\u00e1s pague; perseguir el fraude fiscal; acabar con las SICAV, que son estas sociedades que permiten la evasi\u00f3n de impuestos de los multimillonarios del pa\u00eds; y pensamos que estas otras pol\u00edticas fiscales son posibles. Aqu\u00ed o\u00edmos que para reducir el d\u00e9ficit hace falta llevar a cabo recortes de los servicios p\u00fablicos, de la sanidad, de la educaci\u00f3n, que hace falta precarizar los derechos salariales, congelar las pensiones, cuando, en cambio, se podr\u00edan conseguir recursos de otras fuentes, como de estas pol\u00edticas de reforma fiscal.<\/p>\n<p>Dejar de invertir en la industria de la guerra, o dejar de subvencionar una familia real que nadie ha escogido, por tanto hay muchas otras pol\u00edticas que en t\u00e9rminos econ\u00f3micos se podr\u00edan hacer. Y m\u00e1s all\u00e1 de esta cuesti\u00f3n tambi\u00e9n se tendr\u00eda que promover la creaci\u00f3n de puestos de trabajo, empezando por reducir la jornada laboral manteniendo los salarios, pero creando nueva ocupaci\u00f3n, y nuevos puestos de trabajo. Tambi\u00e9n promover nuevos puestos de trabajo en sectores sostenibles, as\u00ed como invertir en la creaci\u00f3n de puestos de trabajo en esos sectores p\u00fablicos (sanidad y educaci\u00f3n) que son cuestiones centrales para cubrir las necesidades de la gente.<\/p>\n<p>Adem\u00e1s, en un pa\u00eds donde hay miles de viviendas vac\u00edas y 175 desahucios al d\u00eda lo que hace falta ser\u00eda llevar a cabo un banco p\u00fablico de vivienda social y hacer factible la vivienda a la gente y no utilizar la vivienda para especular y que las entidades financieras hagan negocio a costa de hipotecar familias enteras.<\/p>\n<p><strong>Pero lo que est\u00e1s diciendo tambi\u00e9n se dice desde Iniciativa Verds, por ejemplo\u2026<\/strong><\/p>\n<p>Una cosa es lo que diga ICV, y otra es lo que haga. Porque cuando vemos las pol\u00edticas que han llevado a cabo desde el tripartit creo que tienen poco a ver con unas pol\u00edticas donde se haya tenido en cuenta el territorio. Estando ICV en el gobierno se han llevado a cabo grandes infraestructuras en el territorio como el cuarto cintur\u00f3n,\u00a0 el T\u00fanel de Bracons\u2026 Estando en el gobierno se ha seguido promoviendo la agricultura transg\u00e9nica. El problema es que uno no se puede llamar de izquierdas, y a la vez formar parte de un gobierno que gestiona las migajas que deja el sistema, los pocos espacios que deja el sistema. Adem\u00e1s, m\u00e1s all\u00e1 de las demandas program\u00e1ticas, hay toda una cuesti\u00f3n que tiene que ver con la pr\u00e1ctica pol\u00edtica: pensamos que hay que rechazar la pr\u00e1ctica pol\u00edtica generalizada, y llevar a cabo una pr\u00e1ctica pol\u00edtica que no permita la acumulaci\u00f3n de cargos p\u00fablicos, que aporte un l\u00edmite a los mandatos y al salario que cobran los pol\u00edticos, que deber\u00eda corresponder a un salario medio interprofesional.<\/p>\n<p><strong>\u00bfNo crees que el poder corrompe? Es decir, si obten\u00e9is diputados pasar\u00e9is a formar parte de esa clase pol\u00edtica \u00bfpuedes garantizar que renunciar\u00edais a los privilegios?<\/strong><\/p>\n<p>Est\u00e1 claro que el poder corrompe, y nadie es inmune a ese poder y a la corrupci\u00f3n, a la profesionalizaci\u00f3n y a la burocratizaci\u00f3n. Por eso es muy importante crear mecanismos de control de los cargos electos, y que su pr\u00e1ctica pol\u00edtica sea valorada por la propia gente que les ha dado apoyo, y por la gente de la calle. Lo que no puede ser es que hoy en d\u00eda haya una pr\u00e1ctica profesionalizada al margen del control de la sociedad. Y hoy b\u00e1sicamente lo que nos encontramos es que se nos pide opini\u00f3n una vez cada cuatro a\u00f1os y, m\u00e1s all\u00e1 de esto, la \u00fanica forma de incidir es a trav\u00e9s de la lucha y de la movilizaci\u00f3n en la calle. Por eso decimos que es tan importante el control de los cargos p\u00fablicos. Que la limitaci\u00f3n del mandato, y la adaptaci\u00f3n del salario al salario medio interprofesional, sea una cosa regulada por ley, cosa que hoy no sucede.<\/p>\n<p><strong>A prop\u00f3sito de que se nos pida opini\u00f3n cada cuatro a\u00f1os, qu\u00e9 opini\u00f3n te merece lo que ha pasado en Grecia <\/strong><\/p>\n<p>Grecia es el m\u00e1ximo exponente de c\u00f3mo hoy se ha construido una Europa al servicio de los intereses del capital, de los intereses de los lobbies empresariales, y es el claro ejemplo de c\u00f3mo la posici\u00f3n de la Uni\u00f3n Europea (UE) y la uni\u00f3n monetaria, b\u00e1sicamente ha servido para supeditar las econom\u00edas perif\u00e9ricas y estamos viendo como el plan de rescate aplicado a Grecia, b\u00e1sicamente sirve para rescatar a la banca europea, a la banca alemana, a la banca francesa, y no sirve para rescatar al pueblo griego, que hoy vemos que est\u00e1 sufriendo las consecuencias de estas pol\u00edticas de recortes y estas pol\u00edticas de plan de\u00a0 rescate que han generado recortes en los servicios p\u00fablicos, precarizaci\u00f3n de los derechos laborales, etc\u2026<\/p>\n<p><strong>Y en concreto, un peque\u00f1o an\u00e1lisis de la cuesti\u00f3n del intento de refer\u00e9ndum propuesto por el primer ministro griego\u2026<\/strong><\/p>\n<p>La propuesta de refer\u00e9ndum evidencia que el pueblo griego fue capaz de poner contra las cuerdas a Papandreu y que \u00e9ste, fruto de la situaci\u00f3n de deslegitimaci\u00f3n del gobierno, estuvo dispuesto a convocar un refer\u00e9ndum. Esto es el resultado de la movilizaci\u00f3n y el desaf\u00edo a l\u2019stablishment por parte de los trabajadores y el pueblo de Grecia, pero por otro lado no tenemos que olvidar que el refer\u00e9ndum se quiso llevar a cabo cuando ya se hab\u00edan aplicado la mayor parte de recortes que han tenido un coste social y econ\u00f3mico muy importante para amplios sectores sociales en Grecia. El refer\u00e9ndum se tendr\u00eda que haber hecho desde el primer d\u00eda y, en todo caso, cuando Papandreu plante\u00f3 el refer\u00e9ndum lo hizo como una cuesti\u00f3n t\u00e1ctica para legitimarse en un contexto en el cual estaba totalmente deslegitimado. Papandreu convoc\u00f3 un refer\u00e9ndum cuando la oposici\u00f3n, cuando los movimientos sociales, y la gente que lucha en la calle le pidiron unas elecciones anticipadas; sab\u00eda que si celebraba elecciones anticipadas perder\u00eda, por eso plante\u00f3 un refer\u00e9ndum, para intentar ganar y legitimarse, por tanto pienso que fue una maniobra para perpetuarse en el poder. Debemos recordar que Papandreu procede de una saga de poder que ya viene de su padre, y no lo iba a ceder f\u00e1cilmente. Evidentemente, lo m\u00e1s importante es preguntar al pueblo, pero desde el principio, no por t\u00e1cticas electoralistas.<\/p>\n<p>Por otro lado, cuando la UE se pone nerviosa ante este planteamiento es porque lo que se est\u00e1 defendiendo con este rescate es el sistema bancario y financiero franc\u00e9s y alem\u00e1n, que es con quien tiene la deuda Grecia.<\/p>\n<p><strong>El hecho es que un estado peque\u00f1o como Grecia est\u00e1 haciendo tambalear a la UE. \u00bfEsto significa que la base ya era d\u00e9bil, que la fortaleza de la UE es una farsa?<\/strong><\/p>\n<p>La UE se ha construido b\u00e1sicamente con criterios mercantiles y empresariales para beneficiar a las \u00e9lites econ\u00f3micas de la Uni\u00f3n, sin tener en cuenta los derechos sociales.<\/p>\n<p><strong>Y vosotros, \u00a0desde la candidatura anticapitalista, \u00bfest\u00e1is por la UE?<\/strong><\/p>\n<p>Nosotros lo que defendemos es que no estamos por esta UE. Que esta UE, tal y como se ha construido (una Europa al servicio del capital y de la guerra) no beneficia a los derechos de los trabajadores. La uni\u00f3n monetaria ha servido, b\u00e1sicamente, como mecanismo de control de supeditaci\u00f3n de las econom\u00edas perif\u00e9ricas. En este contexto de crisis se ve claramente que la uni\u00f3n monetaria supedita, y lo que busca es el control de estas econom\u00edas perif\u00e9ricas para beneficiar sobre todo a los pa\u00edses centroeuropeos, a su banca y a su sistema financiero. Por tanto nosotros estamos en contra de esta Uni\u00f3n Europea. Lo que se tendr\u00eda es que construir otra uni\u00f3n Europea que se basara en los derechos de los pueblos, en una solidaridad internacionalista\u2026<\/p>\n<p>Ni tan solo los propios l\u00edderes europeos creen en la Uni\u00f3n Europea. Hace poco Sarkozy declar\u00f3 que no tendr\u00edan que haber admitido a Grecia\u2026<\/p>\n<p>Ellos creen en una UE que les de importantes beneficios y r\u00e9ditos econ\u00f3micos a sus \u00e9lites pol\u00edticas y econ\u00f3micas. Porque los v\u00ednculos entre aquellos que est\u00e1n al frente de las instituciones, y aquellos que est\u00e1n al frente de las empresas, son muy estrechos, y la din\u00e1mica de puertas giratorias de los que hoy est\u00e1n en la empresa privada y ma\u00f1ana en las instituciones, y viceversa, es una constante en nuestra casa y en otros pa\u00edses. Entonces, cuando construyen la UE, lo hacen buscando unos criterios que b\u00e1sicamente les benefician a ellos.<\/p>\n<p><strong>Desde que se ha instaurado el bipartidismo, se van alternando los mandatos de PSOE y PP. No ser\u00eda mejor que todos estos peque\u00f1os partidos de izquierda buscaseis una alternativa ya existente y con cierto poder como voto \u00fatil para acabar con esas dos fuerzas mayoritarias?<\/strong><\/p>\n<p>En primer lugar yo creo que el voto \u00fatil solo\u00a0 es \u00fatil\u00a0 para aqu\u00e9l que lo recibe, porque el voto \u00fatil lo \u00fanico que perpet\u00faa en el poder es una determinada pr\u00e1ctica pol\u00edtica que no ha significado ning\u00fan cambio en general en la vida cotidiana de la gente. Para m\u00ed el voto \u00fatil es votar Anticapitalistas, que plantea una alternativa pol\u00edtica en un sentido amplio.<\/p>\n<p><strong>Pero la idea de mucha gente sigue siendo que hay que votar a una fuerza que realmente pueda evitar que gobierne la derecha\u2026<\/strong><\/p>\n<p>En ese sentido insisto en que el voto \u00fatil no implica un cambio en las pol\u00edticas que afectan a la mayor parte de la gente. El ejemplo lo tenemos despu\u00e9s de las legislaturas del tripartit, \u00a0en que se ha visto lo \u00fatil que puede ser el voto a formaciones de izquierda de gobierno. Hemos tenido un gobierno tripartito de izquierdas en dos legislaturas, y hemos visto como este gobierno ha llevado a cabo recortes en sanidad y educaci\u00f3n, hemos visto como ha llevado a cabo pol\u00edticas que han desmantelado y arrasado el territorio en t\u00e9rminos medioambientales. Entonces se me tendr\u00eda que explicar c\u00f3mo de \u00fatiles han sido sus pol\u00edticas para m\u00ed, o para otra persona que forme parte de la poblaci\u00f3n catalana. Yo creo que de \u00fatiles han sido muy poco y que se han visto claramente los l\u00edmites de la izquierda de gobierno. Una izquierda de gobierno que se quiere llamar transformadora, que se dice que est\u00e1 al lado de los movimientos sociales, y que en la anterior legislatura ha estado al frente de\u00a0 la conselleria d\u2019interior \u00a0reprimiendo los movimientos sociales que dec\u00edan apoyar. Para m\u00ed esto muestra claramente los l\u00edmites de la izquierda de gobierno, y c\u00f3mo el voto \u00fatil acaba siendo completamente in\u00fatil, cuando va a parar a las instituciones en manos de estas formaciones pol\u00edticas. Yo creo que el voto \u00fatil es dar apoyo a candidaturas alternativas anticapitalistas, como la nuestra, que empezamos a abrir un espacio a la izquierda de la izquierda gestionaria, y que si ahora no se empezara a abrir este espacio, nunca existir\u00e1. Por lo tanto, hay que empezar a construir desde la base, y desde las luchas y los movimientos sociales.<\/p>\n<p><strong>Construir desobedeciendo\u2026 h\u00e1blanos de los carteles de la campa\u00f1a electoral de anticapitalistas<\/strong><\/p>\n<p>El eslogan de la candidatura, el leitmotiv, es desobedecer. Desobedecer contra un sistema que b\u00e1sicamente est\u00e1 al servicio de los poderes financieros y de los poderes econ\u00f3micos. Por eso hemos elegido como lema de la campa\u00f1a este desobedezcamos, y hemos elegido varias im\u00e1genes que representan este stablishment y estos poderes f\u00e1cticos desde una imagen como la del Rey, porque consideramos que hay que desobedecer a un r\u00e9gimen como el de esta monarqu\u00eda que nos han impuesto, y que hay que romper con la actual constituci\u00f3n que establece este sistema mon\u00e1rquico. Im\u00e1genes como la de los pol\u00edticos profesionales que nos han llevado a esta crisis, empezando por Rajoy, y diciendo claramente que no pasar\u00e1n. Y con la de Rouco Varela, contra la jerarqu\u00eda eclesi\u00e1stica; aunque tambi\u00e9n hay que dejar muy claro que hay muchos cristianos de base que han luchado y luchan junto a los movimientos sociales. Por tanto de lo que estamos en contra es de la jerarqu\u00eda eclesi\u00e1stica, que b\u00e1sicamente defiende unos determinados privilegios y atenta contra las libertades sexuales, y contra el derecho de la mujer a decidir sobre su propio cuerpo. Por eso hemos elegido diferentes im\u00e1genes que representan este stablishment, al que consideramos que hay que desobedecer.<\/p>\n<p><strong>\u00bfDe qu\u00e9 forma llam\u00e1is a desobedecer a todas estas autoridades?<\/strong><\/p>\n<p>Votando a la candidatura anticapitalista. Pero, como te dec\u00eda antes, no\u00a0 porque creamos que el sistema se puede cambiar desde dentro, que no se puede, porque est\u00e1 bajo la supeditaci\u00f3n de los partidos pol\u00edticos a las instituciones, que han agachado la cabeza ante los intereses del capital y los mercados, b\u00e1sicamente porque, como dec\u00eda antes, est\u00e1n estrechamente relacionados. Hay que desobedecer con un voto anticapitalista, con un voto que desaf\u00ede al sistema, que desaf\u00ede al stablisment, y que plantee que el camino social pasa por la lucha y la movilizaci\u00f3n en la calle. Eso s\u00ed, cuando hay elecciones, tambi\u00e9n planteando que la gente puede tener una opci\u00f3n alternativa, porque sino mucha gente intentar\u00e1 romper mediante el voto \u00fatil, o con la abstenci\u00f3n resignada, hay mucha gente que se acaba quedando en casa, porque considera que todo es lo mismo.<\/p>\n<p><strong>Hablas de la abstenci\u00f3n resignada pero, por ejemplo, ahora la CGT est\u00e1 llevando a cabo una campa\u00f1a solicitando la abstenci\u00f3n activa. Para ellos, la forma de desacreditar el sistema es no participando\u2026<\/strong><\/p>\n<p>Nosotros creemos que todas las opciones son muy leg\u00edtimas. La abstenci\u00f3n activa y el voto nulo son opciones leg\u00edtimas. En todo caso, nosotros pensamos que la postura ante las elecciones es una cuesti\u00f3n t\u00e1ctica, y hay qu\u00e9 ver cual es la mejor opci\u00f3n, la que hace m\u00e1s da\u00f1o al sistema. Nosotros pensamos que hace m\u00e1s da\u00f1o al sistema un voto anticapitalista que una abstenci\u00f3n, aunque sea una abstenci\u00f3n activa, porque la abstenci\u00f3n activa se acaba diluyendo entre lo que es la abstenci\u00f3n resignada. Desde este punto de vista, el sistema puede aguantar un porcentaje muy alto de abstenci\u00f3n. Esto lo vemos en los EEUU, donde el porcentaje de abstenci\u00f3n es muy elevado, y el sistema lo soporta. En cambio, el sistema no podr\u00eda aguantar un porcentaje de voto alto anticapitalista, por eso pensamos que t\u00e1cticamente es mucho m\u00e1s \u00fatil nuestra opci\u00f3n.<\/p>\n<p><strong>\u00bfNo es este es el problema de la izquierda anticapitalista, que no se pone de acuerdo en la soluci\u00f3n para acabar con el sistema?<\/strong><\/p>\n<p>Lo que es importante es que amplios sectores de la izquierda social y de la izquierda pol\u00edtica radical estamos unidos,\u00a0 y trabajamos unidos en lo que es la lucha en la calle. Evidentemente pueden haber, en relaci\u00f3n a la elecciones, diferentes opciones t\u00e1cticas, pero todas son leg\u00edtimas. En nuestra candidatura se integra y participa gente que viene de diferentes procedencias, diferentes organizaciones, y diferentes trayectorias vitales. Es decir, en nuestra candidatura hemos sumado gente que viene de diferentes experiencias, de diferentes militancias, y de diferentes organizaciones pol\u00edticas. Eso no saca que m\u00e1s all\u00e1 de nuestra candidatura hayan otras opciones de la izquierda pol\u00edtica y social que son muy leg\u00edtimas y que expresan diferentes visiones t\u00e1cticas en relaci\u00f3n a las elecciones.<\/p>\n<p><strong>\u00bfSois conscientes de que os va ser dif\u00edcil conseguir que os den voz? por ejemplo, en los medios de comunicaci\u00f3n convencionales\u2026<\/strong><\/p>\n<p>Nadie ha dicho que cambiar el sistema ser\u00eda f\u00e1cil\u2026<\/p>","protected":false},"excerpt":{"rendered":"<p>CatalunyaCaixa ha denunciado a Esther Vivas, cabeza de lista de la candidatura de Anticapitalistas por Barcelona, por la acci\u00f3n que llev\u00f3 a cabo el pasado 8 de noviembre en la sede central de la entidad. En dicha actuaci\u00f3n, aproximadamente 20 personas entraron en el edificio situado en la calle Adolfo [&hellip;]<\/p>\n","protected":false},"author":51,"featured_media":0,"comment_status":"open","ping_status":"open","sticky":false,"template":"","format":"standard","meta":{"footnotes":""},"categories":[3,76],"tags":[],"class_list":["post-1217","post","type-post","status-publish","format-standard","hentry","category-actualidad","category-barcelona"],"yoast_head":"<!-- This site is optimized with the Yoast SEO plugin v27.5 - https:\/\/yoast.com\/product\/yoast-seo-wordpress\/ -->\n<title>Esther Vivas: &quot;Nadie ha dicho que cambiar el sistema ser\u00eda f\u00e1cil&quot; - Revista Rambla<\/title>\n<meta name=\"robots\" content=\"index, follow, max-snippet:-1, max-image-preview:large, max-video-preview:-1\" \/>\n<link rel=\"canonical\" href=\"https:\/\/www.revistarambla.com\/en\/esther-vivas-nadie-ha-dicho-que-cambiar-el-sistema-seria-facil\/\" \/>\n<meta property=\"og:locale\" content=\"en_GB\" \/>\n<meta property=\"og:type\" content=\"article\" \/>\n<meta property=\"og:title\" content=\"Esther Vivas: &quot;Nadie ha dicho que cambiar el sistema ser\u00eda f\u00e1cil&quot; - Revista Rambla\" \/>\n<meta property=\"og:description\" content=\"CatalunyaCaixa ha denunciado a Esther Vivas, cabeza de lista de la candidatura de Anticapitalistas por Barcelona, por la acci\u00f3n que llev\u00f3 a cabo el pasado 8 de noviembre en la sede central de la entidad. En dicha actuaci\u00f3n, aproximadamente 20 personas entraron en el edificio situado en la calle Adolfo [&hellip;]\" \/>\n<meta property=\"og:url\" content=\"https:\/\/www.revistarambla.com\/en\/esther-vivas-nadie-ha-dicho-que-cambiar-el-sistema-seria-facil\/\" \/>\n<meta property=\"og:site_name\" content=\"Revista Rambla\" \/>\n<meta property=\"article:publisher\" content=\"https:\/\/www.facebook.com\/revistarambla\/\" \/>\n<meta property=\"article:published_time\" content=\"2011-11-14T05:41:48+00:00\" \/>\n<meta property=\"article:modified_time\" content=\"2021-12-10T15:37:15+00:00\" \/>\n<meta property=\"og:image\" content=\"https:\/\/www.revistarambla.com\/wp-content\/uploads\/2013\/06\/esther_vivas_02.jpg\" \/>\n\t<meta property=\"og:image:width\" content=\"682\" \/>\n\t<meta property=\"og:image:height\" content=\"390\" \/>\n\t<meta property=\"og:image:type\" content=\"image\/jpeg\" \/>\n<meta name=\"author\" content=\"Elena Fern\u00e1ndez Mart\u00ednez\" \/>\n<meta name=\"twitter:card\" content=\"summary_large_image\" \/>\n<meta name=\"twitter:creator\" content=\"@revistarambla\" \/>\n<meta name=\"twitter:site\" content=\"@revistarambla\" \/>\n<meta name=\"twitter:label1\" content=\"Written by\" \/>\n\t<meta name=\"twitter:data1\" content=\"Elena Fern\u00e1ndez Mart\u00ednez\" \/>\n\t<meta name=\"twitter:label2\" content=\"Estimated reading time\" \/>\n\t<meta name=\"twitter:data2\" content=\"18 minutes\" \/>\n<script type=\"application\/ld+json\" class=\"yoast-schema-graph\">{\"@context\":\"https:\\\/\\\/schema.org\",\"@graph\":[{\"@type\":\"Article\",\"@id\":\"https:\\\/\\\/www.revistarambla.com\\\/esther-vivas-nadie-ha-dicho-que-cambiar-el-sistema-seria-facil\\\/#article\",\"isPartOf\":{\"@id\":\"https:\\\/\\\/www.revistarambla.com\\\/esther-vivas-nadie-ha-dicho-que-cambiar-el-sistema-seria-facil\\\/\"},\"author\":{\"name\":\"Elena Fern\u00e1ndez Mart\u00ednez\",\"@id\":\"https:\\\/\\\/www.revistarambla.com\\\/#\\\/schema\\\/person\\\/044b43a8aa317042559e094f7deaf33c\"},\"headline\":\"Esther Vivas: \u00abNadie ha dicho que cambiar el sistema ser\u00eda f\u00e1cil\u00bb\",\"datePublished\":\"2011-11-14T05:41:48+00:00\",\"dateModified\":\"2021-12-10T15:37:15+00:00\",\"mainEntityOfPage\":{\"@id\":\"https:\\\/\\\/www.revistarambla.com\\\/esther-vivas-nadie-ha-dicho-que-cambiar-el-sistema-seria-facil\\\/\"},\"wordCount\":4293,\"commentCount\":0,\"publisher\":{\"@id\":\"https:\\\/\\\/www.revistarambla.com\\\/#organization\"},\"image\":{\"@id\":\"https:\\\/\\\/www.revistarambla.com\\\/esther-vivas-nadie-ha-dicho-que-cambiar-el-sistema-seria-facil\\\/#primaryimage\"},\"thumbnailUrl\":\"https:\\\/\\\/www.revistarambla.com\\\/wp-content\\\/uploads\\\/2013\\\/06\\\/esther_vivas_01-190x300.jpg\",\"articleSection\":[\"Actualidad\",\"Barcelona\"],\"inLanguage\":\"en-GB\",\"potentialAction\":[{\"@type\":\"CommentAction\",\"name\":\"Comment\",\"target\":[\"https:\\\/\\\/www.revistarambla.com\\\/esther-vivas-nadie-ha-dicho-que-cambiar-el-sistema-seria-facil\\\/#respond\"]}]},{\"@type\":\"WebPage\",\"@id\":\"https:\\\/\\\/www.revistarambla.com\\\/esther-vivas-nadie-ha-dicho-que-cambiar-el-sistema-seria-facil\\\/\",\"url\":\"https:\\\/\\\/www.revistarambla.com\\\/esther-vivas-nadie-ha-dicho-que-cambiar-el-sistema-seria-facil\\\/\",\"name\":\"Esther Vivas: \\\"Nadie ha dicho que cambiar el sistema ser\u00eda f\u00e1cil\\\" - Revista Rambla\",\"isPartOf\":{\"@id\":\"https:\\\/\\\/www.revistarambla.com\\\/#website\"},\"primaryImageOfPage\":{\"@id\":\"https:\\\/\\\/www.revistarambla.com\\\/esther-vivas-nadie-ha-dicho-que-cambiar-el-sistema-seria-facil\\\/#primaryimage\"},\"image\":{\"@id\":\"https:\\\/\\\/www.revistarambla.com\\\/esther-vivas-nadie-ha-dicho-que-cambiar-el-sistema-seria-facil\\\/#primaryimage\"},\"thumbnailUrl\":\"https:\\\/\\\/www.revistarambla.com\\\/wp-content\\\/uploads\\\/2013\\\/06\\\/esther_vivas_01-190x300.jpg\",\"datePublished\":\"2011-11-14T05:41:48+00:00\",\"dateModified\":\"2021-12-10T15:37:15+00:00\",\"breadcrumb\":{\"@id\":\"https:\\\/\\\/www.revistarambla.com\\\/esther-vivas-nadie-ha-dicho-que-cambiar-el-sistema-seria-facil\\\/#breadcrumb\"},\"inLanguage\":\"en-GB\",\"potentialAction\":[{\"@type\":\"ReadAction\",\"target\":[\"https:\\\/\\\/www.revistarambla.com\\\/esther-vivas-nadie-ha-dicho-que-cambiar-el-sistema-seria-facil\\\/\"]}]},{\"@type\":\"ImageObject\",\"inLanguage\":\"en-GB\",\"@id\":\"https:\\\/\\\/www.revistarambla.com\\\/esther-vivas-nadie-ha-dicho-que-cambiar-el-sistema-seria-facil\\\/#primaryimage\",\"url\":\"https:\\\/\\\/www.revistarambla.com\\\/wp-content\\\/uploads\\\/2013\\\/06\\\/esther_vivas_01-190x300.jpg\",\"contentUrl\":\"https:\\\/\\\/www.revistarambla.com\\\/wp-content\\\/uploads\\\/2013\\\/06\\\/esther_vivas_01-190x300.jpg\"},{\"@type\":\"BreadcrumbList\",\"@id\":\"https:\\\/\\\/www.revistarambla.com\\\/esther-vivas-nadie-ha-dicho-que-cambiar-el-sistema-seria-facil\\\/#breadcrumb\",\"itemListElement\":[{\"@type\":\"ListItem\",\"position\":1,\"name\":\"Portada\",\"item\":\"https:\\\/\\\/www.revistarambla.com\\\/\"},{\"@type\":\"ListItem\",\"position\":2,\"name\":\"Esther Vivas: \u00abNadie ha dicho que cambiar el sistema ser\u00eda f\u00e1cil\u00bb\"}]},{\"@type\":\"WebSite\",\"@id\":\"https:\\\/\\\/www.revistarambla.com\\\/#website\",\"url\":\"https:\\\/\\\/www.revistarambla.com\\\/\",\"name\":\"Revista Rambla Barcelona\",\"description\":\"Periodismo independiente\",\"publisher\":{\"@id\":\"https:\\\/\\\/www.revistarambla.com\\\/#organization\"},\"potentialAction\":[{\"@type\":\"SearchAction\",\"target\":{\"@type\":\"EntryPoint\",\"urlTemplate\":\"https:\\\/\\\/www.revistarambla.com\\\/?s={search_term_string}\"},\"query-input\":{\"@type\":\"PropertyValueSpecification\",\"valueRequired\":true,\"valueName\":\"search_term_string\"}}],\"inLanguage\":\"en-GB\"},{\"@type\":\"Organization\",\"@id\":\"https:\\\/\\\/www.revistarambla.com\\\/#organization\",\"name\":\"Revista Rambla\",\"url\":\"https:\\\/\\\/www.revistarambla.com\\\/\",\"logo\":{\"@type\":\"ImageObject\",\"inLanguage\":\"en-GB\",\"@id\":\"https:\\\/\\\/www.revistarambla.com\\\/#\\\/schema\\\/logo\\\/image\\\/\",\"url\":\"https:\\\/\\\/www.revistarambla.com\\\/wp-content\\\/uploads\\\/2020\\\/09\\\/banner_rambla_1900x600_BB.png\",\"contentUrl\":\"https:\\\/\\\/www.revistarambla.com\\\/wp-content\\\/uploads\\\/2020\\\/09\\\/banner_rambla_1900x600_BB.png\",\"width\":1900,\"height\":600,\"caption\":\"Revista Rambla\"},\"image\":{\"@id\":\"https:\\\/\\\/www.revistarambla.com\\\/#\\\/schema\\\/logo\\\/image\\\/\"},\"sameAs\":[\"https:\\\/\\\/www.facebook.com\\\/revistarambla\\\/\",\"https:\\\/\\\/x.com\\\/revistarambla\",\"https:\\\/\\\/www.instagram.com\\\/revista_rambla\",\"https:\\\/\\\/es.linkedin.com\\\/company\\\/revista-rambla\"]},{\"@type\":\"Person\",\"@id\":\"https:\\\/\\\/www.revistarambla.com\\\/#\\\/schema\\\/person\\\/044b43a8aa317042559e094f7deaf33c\",\"name\":\"Elena Fern\u00e1ndez Mart\u00ednez\",\"description\":\"Periodista \\\/ Corresponsal Londres.\"}]}<\/script>\n<!-- \/ Yoast SEO plugin. -->","yoast_head_json":{"title":"Esther Vivas: \"Nadie ha dicho que cambiar el sistema ser\u00eda f\u00e1cil\" - Revista Rambla","robots":{"index":"index","follow":"follow","max-snippet":"max-snippet:-1","max-image-preview":"max-image-preview:large","max-video-preview":"max-video-preview:-1"},"canonical":"https:\/\/www.revistarambla.com\/en\/esther-vivas-nadie-ha-dicho-que-cambiar-el-sistema-seria-facil\/","og_locale":"en_GB","og_type":"article","og_title":"Esther Vivas: \"Nadie ha dicho que cambiar el sistema ser\u00eda f\u00e1cil\" - Revista Rambla","og_description":"CatalunyaCaixa ha denunciado a Esther Vivas, cabeza de lista de la candidatura de Anticapitalistas por Barcelona, por la acci\u00f3n que llev\u00f3 a cabo el pasado 8 de noviembre en la sede central de la entidad. En dicha actuaci\u00f3n, aproximadamente 20 personas entraron en el edificio situado en la calle Adolfo [&hellip;]","og_url":"https:\/\/www.revistarambla.com\/en\/esther-vivas-nadie-ha-dicho-que-cambiar-el-sistema-seria-facil\/","og_site_name":"Revista Rambla","article_publisher":"https:\/\/www.facebook.com\/revistarambla\/","article_published_time":"2011-11-14T05:41:48+00:00","article_modified_time":"2021-12-10T15:37:15+00:00","og_image":[{"width":682,"height":390,"url":"https:\/\/www.revistarambla.com\/wp-content\/uploads\/2013\/06\/esther_vivas_02.jpg","type":"image\/jpeg"}],"author":"Elena Fern\u00e1ndez Mart\u00ednez","twitter_card":"summary_large_image","twitter_creator":"@revistarambla","twitter_site":"@revistarambla","twitter_misc":{"Written by":"Elena Fern\u00e1ndez Mart\u00ednez","Estimated reading time":"18 minutes"},"schema":{"@context":"https:\/\/schema.org","@graph":[{"@type":"Article","@id":"https:\/\/www.revistarambla.com\/esther-vivas-nadie-ha-dicho-que-cambiar-el-sistema-seria-facil\/#article","isPartOf":{"@id":"https:\/\/www.revistarambla.com\/esther-vivas-nadie-ha-dicho-que-cambiar-el-sistema-seria-facil\/"},"author":{"name":"Elena Fern\u00e1ndez Mart\u00ednez","@id":"https:\/\/www.revistarambla.com\/#\/schema\/person\/044b43a8aa317042559e094f7deaf33c"},"headline":"Esther Vivas: \u00abNadie ha dicho que cambiar el sistema ser\u00eda f\u00e1cil\u00bb","datePublished":"2011-11-14T05:41:48+00:00","dateModified":"2021-12-10T15:37:15+00:00","mainEntityOfPage":{"@id":"https:\/\/www.revistarambla.com\/esther-vivas-nadie-ha-dicho-que-cambiar-el-sistema-seria-facil\/"},"wordCount":4293,"commentCount":0,"publisher":{"@id":"https:\/\/www.revistarambla.com\/#organization"},"image":{"@id":"https:\/\/www.revistarambla.com\/esther-vivas-nadie-ha-dicho-que-cambiar-el-sistema-seria-facil\/#primaryimage"},"thumbnailUrl":"https:\/\/www.revistarambla.com\/wp-content\/uploads\/2013\/06\/esther_vivas_01-190x300.jpg","articleSection":["Actualidad","Barcelona"],"inLanguage":"en-GB","potentialAction":[{"@type":"CommentAction","name":"Comment","target":["https:\/\/www.revistarambla.com\/esther-vivas-nadie-ha-dicho-que-cambiar-el-sistema-seria-facil\/#respond"]}]},{"@type":"WebPage","@id":"https:\/\/www.revistarambla.com\/esther-vivas-nadie-ha-dicho-que-cambiar-el-sistema-seria-facil\/","url":"https:\/\/www.revistarambla.com\/esther-vivas-nadie-ha-dicho-que-cambiar-el-sistema-seria-facil\/","name":"Esther Vivas: \"Nadie ha dicho que cambiar el sistema ser\u00eda f\u00e1cil\" - Revista Rambla","isPartOf":{"@id":"https:\/\/www.revistarambla.com\/#website"},"primaryImageOfPage":{"@id":"https:\/\/www.revistarambla.com\/esther-vivas-nadie-ha-dicho-que-cambiar-el-sistema-seria-facil\/#primaryimage"},"image":{"@id":"https:\/\/www.revistarambla.com\/esther-vivas-nadie-ha-dicho-que-cambiar-el-sistema-seria-facil\/#primaryimage"},"thumbnailUrl":"https:\/\/www.revistarambla.com\/wp-content\/uploads\/2013\/06\/esther_vivas_01-190x300.jpg","datePublished":"2011-11-14T05:41:48+00:00","dateModified":"2021-12-10T15:37:15+00:00","breadcrumb":{"@id":"https:\/\/www.revistarambla.com\/esther-vivas-nadie-ha-dicho-que-cambiar-el-sistema-seria-facil\/#breadcrumb"},"inLanguage":"en-GB","potentialAction":[{"@type":"ReadAction","target":["https:\/\/www.revistarambla.com\/esther-vivas-nadie-ha-dicho-que-cambiar-el-sistema-seria-facil\/"]}]},{"@type":"ImageObject","inLanguage":"en-GB","@id":"https:\/\/www.revistarambla.com\/esther-vivas-nadie-ha-dicho-que-cambiar-el-sistema-seria-facil\/#primaryimage","url":"https:\/\/www.revistarambla.com\/wp-content\/uploads\/2013\/06\/esther_vivas_01-190x300.jpg","contentUrl":"https:\/\/www.revistarambla.com\/wp-content\/uploads\/2013\/06\/esther_vivas_01-190x300.jpg"},{"@type":"BreadcrumbList","@id":"https:\/\/www.revistarambla.com\/esther-vivas-nadie-ha-dicho-que-cambiar-el-sistema-seria-facil\/#breadcrumb","itemListElement":[{"@type":"ListItem","position":1,"name":"Portada","item":"https:\/\/www.revistarambla.com\/"},{"@type":"ListItem","position":2,"name":"Esther Vivas: \u00abNadie ha dicho que cambiar el sistema ser\u00eda f\u00e1cil\u00bb"}]},{"@type":"WebSite","@id":"https:\/\/www.revistarambla.com\/#website","url":"https:\/\/www.revistarambla.com\/","name":"Revista Rambla Barcelona","description":"Periodismo independiente","publisher":{"@id":"https:\/\/www.revistarambla.com\/#organization"},"potentialAction":[{"@type":"SearchAction","target":{"@type":"EntryPoint","urlTemplate":"https:\/\/www.revistarambla.com\/?s={search_term_string}"},"query-input":{"@type":"PropertyValueSpecification","valueRequired":true,"valueName":"search_term_string"}}],"inLanguage":"en-GB"},{"@type":"Organization","@id":"https:\/\/www.revistarambla.com\/#organization","name":"Revista Rambla","url":"https:\/\/www.revistarambla.com\/","logo":{"@type":"ImageObject","inLanguage":"en-GB","@id":"https:\/\/www.revistarambla.com\/#\/schema\/logo\/image\/","url":"https:\/\/www.revistarambla.com\/wp-content\/uploads\/2020\/09\/banner_rambla_1900x600_BB.png","contentUrl":"https:\/\/www.revistarambla.com\/wp-content\/uploads\/2020\/09\/banner_rambla_1900x600_BB.png","width":1900,"height":600,"caption":"Revista Rambla"},"image":{"@id":"https:\/\/www.revistarambla.com\/#\/schema\/logo\/image\/"},"sameAs":["https:\/\/www.facebook.com\/revistarambla\/","https:\/\/x.com\/revistarambla","https:\/\/www.instagram.com\/revista_rambla","https:\/\/es.linkedin.com\/company\/revista-rambla"]},{"@type":"Person","@id":"https:\/\/www.revistarambla.com\/#\/schema\/person\/044b43a8aa317042559e094f7deaf33c","name":"Elena Fern\u00e1ndez Mart\u00ednez","description":"Periodista \/ Corresponsal Londres."}]}},"_links":{"self":[{"href":"https:\/\/www.revistarambla.com\/en\/wp-json\/wp\/v2\/posts\/1217","targetHints":{"allow":["GET"]}}],"collection":[{"href":"https:\/\/www.revistarambla.com\/en\/wp-json\/wp\/v2\/posts"}],"about":[{"href":"https:\/\/www.revistarambla.com\/en\/wp-json\/wp\/v2\/types\/post"}],"author":[{"embeddable":true,"href":"https:\/\/www.revistarambla.com\/en\/wp-json\/wp\/v2\/users\/51"}],"replies":[{"embeddable":true,"href":"https:\/\/www.revistarambla.com\/en\/wp-json\/wp\/v2\/comments?post=1217"}],"version-history":[{"count":0,"href":"https:\/\/www.revistarambla.com\/en\/wp-json\/wp\/v2\/posts\/1217\/revisions"}],"wp:attachment":[{"href":"https:\/\/www.revistarambla.com\/en\/wp-json\/wp\/v2\/media?parent=1217"}],"wp:term":[{"taxonomy":"category","embeddable":true,"href":"https:\/\/www.revistarambla.com\/en\/wp-json\/wp\/v2\/categories?post=1217"},{"taxonomy":"post_tag","embeddable":true,"href":"https:\/\/www.revistarambla.com\/en\/wp-json\/wp\/v2\/tags?post=1217"}],"curies":[{"name":"wp","href":"https:\/\/api.w.org\/{rel}","templated":true}]}}