{"id":1213,"date":"2011-11-09T14:53:47","date_gmt":"2011-11-09T13:53:47","guid":{"rendered":"https:\/\/www.revistarambla.com\/ix-in-edit-o-el-auge-de-la-sociedad-celuloide-melodia\/"},"modified":"2021-12-08T20:46:57","modified_gmt":"2021-12-08T19:46:57","slug":"ix-in-edit-o-el-auge-de-la-sociedad-celuloide-melodia","status":"publish","type":"post","link":"https:\/\/www.revistarambla.com\/en\/ix-in-edit-o-el-auge-de-la-sociedad-celuloide-melodia\/","title":{"rendered":"IX\u00ba In-Edit o el auge de la sociedad celuloide-melod\u00eda"},"content":{"rendered":"<p><img decoding=\"async\" class=\"wp-image-31627 alignright\" src=\"https:\/\/www.revistarambla.com\/wp-content\/uploads\/2011\/11\/In-Edit-2011-300x184.jpg\" alt=\"\" width=\"457\" height=\"280\" srcset=\"https:\/\/www.revistarambla.com\/wp-content\/uploads\/2011\/11\/In-Edit-2011-300x184.jpg 300w, https:\/\/www.revistarambla.com\/wp-content\/uploads\/2011\/11\/In-Edit-2011.jpg 512w\" sizes=\"(max-width: 457px) 100vw, 457px\" \/>M\u00e1s de 30.000 espectadores en 40 proyecciones, 15 sesiones con las localidades agotadas, un r\u00e9cord de asistencia en un mismo d\u00eda (m\u00e1s de 4.000 personas en 12 pel\u00edculas), maratones nocturnos, <em>master classes, works in progress<\/em>, el Mercado para profesionales o la iniciativa on-line, que permitir\u00e1 ver algunas obras por Internet a trav\u00e9s de Filmin hasta el 30 de noviembre. Son algunos de los datos y cifras que arroja la novena edici\u00f3n del <a href=\"http:\/\/www.in-edit.beefeater.es\/\">Beefeater In-Edit<\/a>, el Festival Internacional de Cine Documental de Barcelona (entre el 27 octubre y el 6 noviembre).<\/p>\n<p>Es evidente que este crecimiento exponencial ha consolidado un g\u00e9nero que en el 2003 se percib\u00eda como una <em>rara avis<\/em> para una minor\u00eda. Pero m\u00e1s all\u00e1 del baremo estad\u00edstico, se ha comprobado que intercalar con ritmo an\u00e9cdotas, im\u00e1genes <em><span data-scayt_word=\"vintage\" data-scaytid=\"4\">vintage<\/span><\/em> y melod\u00edas funciona, especialmente si las obras tienen una trama sustanciosa, plantean interrogantes, revelan experiencias, introducen un nuevo enfoque y lanzan conclusiones que invitan a la reflexi\u00f3n. Es decir, si son capaces de trascender el mero tributo que har\u00eda cualquier <span data-scayt_word=\"fan\" data-scaytid=\"15\">fan<\/span>.<\/p>\n<p>Este a\u00f1o por los cines <span data-scayt_word=\"Aribau\" data-scaytid=\"16\">Aribau<\/span> (las <span data-scayt_word=\"Multisalas\" data-scaytid=\"17\">Multisalas<\/span> 5 y el Club 1 y 2 de la Gran V\u00eda) han desfilado artistas influyentes de todas las \u00e9pocas, estilos y procedencias, desde el virtuosismo de <span data-scayt_word=\"Michael\" data-scaytid=\"18\">Michael<\/span> <span data-scayt_word=\"Nyman\" data-scaytid=\"19\">Nyman<\/span>, con el que se rompi\u00f3 el hielo el jueves 27, hasta la intimidad pura, dura y cruda de Jaime <span data-scayt_word=\"Urrutia\" data-scaytid=\"20\">Urrutia<\/span> pasando por la efervescencia de la movida gallega de los 80 plasmada en <strong><span data-scayt_word=\"\u201cGalicia\" data-scaytid=\"21\">\u201cGalicia<\/span> Can\u00edbal\u201d.<\/strong><\/p>\n<p>En cuanto al <span data-scayt_word=\"palmar\u00e9s\" data-scaytid=\"22\">palmar\u00e9s<\/span>, el premio al Mejor Documental Musical Internacional fue para <strong><span data-scayt_word=\"\u201cLast\" data-scaytid=\"23\">\u201cLast<\/span> <span data-scayt_word=\"days\" data-scaytid=\"24\">days<\/span> here\u201d<\/strong> (la agon\u00eda y resurrecci\u00f3n del cantante <span data-scayt_word=\"Bobby\" data-scaytid=\"25\">Bobby<\/span> <span data-scayt_word=\"Liebling\" data-scaytid=\"26\">Liebling<\/span>, <em><span data-scayt_word=\"frontman\" data-scaytid=\"27\">frontman<\/span><\/em> de los <span data-scayt_word=\"heavies\" data-scaytid=\"28\">heavies<\/span> <a href=\"http:\/\/es.wikipedia.org\/wiki\/Pentagram_%28banda_estadounidense%29\"><span data-scayt_word=\"Pentagram\" data-scaytid=\"29\">Pentagram<\/span><\/a>), mientras que <strong><span data-scayt_word=\"\u201cNext\" data-scaytid=\"30\">\u201cNext<\/span> <span data-scayt_word=\"Music\" data-scaytid=\"31\">Music<\/span> <span data-scayt_word=\"station\" data-scaytid=\"32\">station<\/span>: <span data-scayt_word=\"Morocco\u201d\" data-scaytid=\"33\">Morocco\u201d<\/span>, <\/strong>de <span data-scayt_word=\"Ferm\u00edn\" data-scaytid=\"34\">Ferm\u00edn<\/span> <span data-scayt_word=\"Muguruza\" data-scaytid=\"35\">Muguruza<\/span>, triunf\u00f3 en la secci\u00f3n nacional. La menci\u00f3n especial del jurado recay\u00f3 en <strong>\u201cO <span data-scayt_word=\"samba\" data-scaytid=\"36\">samba<\/span> que mora <span data-scayt_word=\"em\" data-scaytid=\"37\">em<\/span> <span data-scayt_word=\"mim\u201d\" data-scaytid=\"38\">mim\u201d<\/span><\/strong> y el Premio <span data-scayt_word=\"Beefeather\" data-scaytid=\"39\">Beefeather<\/span> otorgado por el p\u00fablico correspondi\u00f3 a <strong><span data-scayt_word=\"\u201cPapagordo\" data-scaytid=\"40\">\u201cPapagordo<\/span>. En casa de <span data-scayt_word=\"Raimundo\" data-scaytid=\"41\">Raimundo<\/span> Amador\u201d.<\/strong><\/p>\n<p>De entre todos los <span data-scayt_word=\"films\" data-scaytid=\"42\">films<\/span>, 9 captaron especialmente nuestra atenci\u00f3n. Por su calidad humana, <strong><span data-scayt_word=\"\u201cGeorge\" data-scaytid=\"43\">\u201cGeorge<\/span> <span data-scayt_word=\"Harrison\" data-scaytid=\"44\">Harrison<\/span>: <span data-scayt_word=\"Living\" data-scaytid=\"46\">Living<\/span> in <span data-scayt_word=\"the\" data-scaytid=\"47\">the<\/span> material <\/strong><span data-scayt_word=\"world\u201d\" data-scaytid=\"48\"><strong>world<\/strong>\u201d<\/span>, en el que <span data-scayt_word=\"Martin\" data-scaytid=\"49\">Martin<\/span> <span data-scayt_word=\"Scorsese\" data-scaytid=\"50\">Scorsese<\/span>, con un sutil bistur\u00ed, <span data-scayt_word=\"disecciona\" data-scaytid=\"51\">disecciona<\/span> la vertiginosa ascensi\u00f3n a la cima del cuarteto de <span data-scayt_word=\"Liverpool\" data-scaytid=\"52\">Liverpool<\/span> y, al mismo tiempo, <span data-scayt_word=\"zurce\" data-scaytid=\"53\">zurce<\/span> y <span data-scayt_word=\"recompone\" data-scaytid=\"54\">recompone<\/span> las costuras <span data-scayt_word=\"medi\u00e1ticas\" data-scaytid=\"55\">medi\u00e1ticas<\/span> del <span data-scayt_word=\"Beatle\" data-scaytid=\"56\">Beatle<\/span> m\u00e1s <span data-scayt_word=\"infravalorado\" data-scaytid=\"57\">infravalorado<\/span>. As\u00ed, se hace hincapi\u00e9 en la creatividad de <span data-scayt_word=\"Harrison\" data-scaytid=\"45\">Harrison<\/span>, del que se resalta su altruista espiritualidad, carente de dogmatismo y alejado de la burocracia eclesi\u00e1stica, y su rol de pacificador y de equilibrista entre los <span data-scayt_word=\"egos\" data-scaytid=\"58\">egos<\/span> equidistantes de <span data-scayt_word=\"Lennon\" data-scaytid=\"59\">Lennon<\/span> y <span data-scayt_word=\"McCartney\" data-scaytid=\"60\">McCartney<\/span>. Su carrera en solitario, especialmente fulgurante al principio y marcada por el m\u00edtico concierto en <span data-scayt_word=\"Bangladesh\" data-scaytid=\"61\">Bangladesh<\/span>, tambi\u00e9n tiene sitio en este <span data-scayt_word=\"largometraje\" data-scaytid=\"62\">largometraje<\/span> de 208 minutos.<\/p>\n<p>Otro documental destacable fue <strong><span data-scayt_word=\"\u201cDays\" data-scaytid=\"63\">\u201cDays<\/span> <span data-scayt_word=\"of\" data-scaytid=\"64\">of<\/span> <span data-scayt_word=\"our\" data-scaytid=\"65\">our<\/span> <span data-scayt_word=\"lives\u201d\" data-scaytid=\"66\">lives\u201d<\/span><\/strong> dedicado a <span data-scayt_word=\"Queen\" data-scaytid=\"67\">Queen<\/span> que, partiendo de declaraciones recientes de <span data-scayt_word=\"Brian\" data-scaytid=\"68\">Brian<\/span> <span data-scayt_word=\"May\" data-scaytid=\"69\">May<\/span> y <span data-scayt_word=\"Roger\" data-scaytid=\"70\">Roger<\/span> <span data-scayt_word=\"Taylor\" data-scaytid=\"71\">Taylor<\/span> (cuya lucidez mental es inversamente proporcional a su decadencia f\u00edsica) y de un archivo <span data-scayt_word=\"medi\u00e1tico\" data-scaytid=\"72\">medi\u00e1tico<\/span> secreto, relata cronol\u00f3gicamente vida, milagros y dificultades de una de las formaciones clave del <span data-scayt_word=\"rock\" data-scaytid=\"73\">rock<\/span>. A pesar del exhaustivo repaso, se echaron en falta algunos aspectos, como el dueto de <span data-scayt_word=\"Mercury\" data-scaytid=\"74\">Mercury<\/span> con <span data-scayt_word=\"Montserrat\" data-scaytid=\"76\">Montserrat<\/span> <span data-scayt_word=\"Caball\u00e9\" data-scaytid=\"77\">Caball\u00e9<\/span> en ocasi\u00f3n de las Olimpiadas de <span data-scayt_word=\"Barcelona\u201992\" data-scaytid=\"78\">Barcelona\u201992<\/span>, la banda sonora de <span data-scayt_word=\"Flash\" data-scaytid=\"79\">Flash<\/span> <span data-scayt_word=\"Gordon\" data-scaytid=\"80\">Gordon<\/span> o el olvido de un personaje tan crucial como <span data-scayt_word=\"Mary\" data-scaytid=\"81\">Mary<\/span> <span data-scayt_word=\"Austin\" data-scaytid=\"82\">Austin<\/span>, principal heredera, novia y amor plat\u00f3nico de <span data-scayt_word=\"Mercury\" data-scaytid=\"75\">Mercury<\/span> (tambi\u00e9n se obviaron otras relaciones del cantante con mujeres, por lo que indirectamente se fortaleci\u00f3 el <span data-scayt_word=\"clich\u00e9\" data-scaytid=\"83\">clich\u00e9<\/span> inexacto de su homosexualidad).<\/p>\n<p><strong><span data-scayt_word=\"\u201cThe\" data-scaytid=\"84\">\u201cThe<\/span> <span data-scayt_word=\"Sacred\" data-scaytid=\"85\">Sacred<\/span> <\/strong><span data-scayt_word=\"Triangle\u201des\" data-scaytid=\"86\"><strong>Triangle\u201d<\/strong>es<\/span> una interesante historia sobre el proceso de mutua retroalimentaci\u00f3n musical entre tres iconos gigantescos como <span data-scayt_word=\"Iggy\" data-scaytid=\"87\">Iggy<\/span> <span data-scayt_word=\"Pop\" data-scaytid=\"88\">Pop<\/span>, David <span data-scayt_word=\"Bowie\" data-scaytid=\"89\">Bowie<\/span> y <span data-scayt_word=\"Lou\" data-scaytid=\"90\">Lou<\/span> <span data-scayt_word=\"Reed\" data-scaytid=\"91\">Reed<\/span>. De c\u00f3mo se \u201cutilizaron\u201d para tomar impulso, <span data-scayt_word=\"reorientar\" data-scaytid=\"92\">reorientar<\/span> y potenciar sus respectivas carreras, sorteando de esta manera la tentaci\u00f3n de las drogas y su riesgo <span data-scayt_word=\"autodestructivo\" data-scaytid=\"93\">autodestructivo<\/span>.<\/p>\n<p><strong><span data-scayt_word=\"\u201cThe\" data-scaytid=\"302\">\u201cThe<\/span> <span data-scayt_word=\"Libertines\" data-scaytid=\"96\">Libertines<\/span>: <span data-scayt_word=\"There\" data-scaytid=\"97\">There<\/span> are no <span data-scayt_word=\"innocent\" data-scaytid=\"98\">innocent<\/span> <\/strong><span data-scayt_word=\"bystanders\u201drefleja\" data-scaytid=\"99\"><strong>bystanders\u201d<\/strong>refleja<\/span> la <span data-scayt_word=\"visceralidad\" data-scaytid=\"100\">visceralidad<\/span> del amor-odio entre <span data-scayt_word=\"Carl\" data-scaytid=\"101\">Carl<\/span> <span data-scayt_word=\"Barat\" data-scaytid=\"102\">Barat<\/span> y <span data-scayt_word=\"Pete\" data-scaytid=\"104\">Pete<\/span> <span data-scayt_word=\"Doherty\" data-scaytid=\"105\">Doherty<\/span>, dos personalidades tan carism\u00e1ticas como intransigentes que saltaron a la primera l\u00ednea de la parrilla <span data-scayt_word=\"medi\u00e1tica\" data-scaytid=\"107\">medi\u00e1tica<\/span> entre 2001 y 2004. Su <span data-scayt_word=\"post-punk\" data-scaytid=\"108\">post-punk<\/span> alocado y nihilista, a imagen y semejanza de <span data-scayt_word=\"Sex\" data-scaytid=\"109\">Sex<\/span> <span data-scayt_word=\"Pistols\" data-scaytid=\"110\">Pistols<\/span> y <span data-scayt_word=\"The\" data-scaytid=\"111\">The<\/span> <span data-scayt_word=\"Clash\" data-scaytid=\"112\">Clash<\/span> (no en vano el guitarrista <span data-scayt_word=\"Mick\" data-scaytid=\"113\">Mick<\/span> <span data-scayt_word=\"Jones\" data-scaytid=\"114\">Jones<\/span> fue el productor de sus dos discos) les convirti\u00f3 en <em><span data-scayt_word=\"\u201cthe\" data-scaytid=\"115\">\u201cthe<\/span> <span data-scayt_word=\"next\" data-scaytid=\"116\">next<\/span> <span data-scayt_word=\"big\" data-scaytid=\"117\">big<\/span> <span data-scayt_word=\"thing\u201d\" data-scaytid=\"118\">thing\u201d<\/span><\/em> para la prensa musical brit\u00e1nica, \u00e1vida de nuevos mitos que idolatrar. Pero lo cierto es que subieron como la espuma y su eco dur\u00f3 lo mismo que unos fuegos de artificio. El documental se centra en c\u00f3mo <span data-scayt_word=\"Barat\" data-scaytid=\"103\">Barat<\/span> y <span data-scayt_word=\"Doherty\" data-scaytid=\"106\">Doherty<\/span> gestionaron sus emociones en el ef\u00edmero retorno de la banda en 2010.<\/p>\n<p>Tambi\u00e9n cabe mencionar <strong><span data-scayt_word=\"\u201cColour\" data-scaytid=\"120\">\u201cColour<\/span> me <span data-scayt_word=\"obsessed\u201d\" data-scaytid=\"121\">obsessed\u201d<\/span><\/strong>, un homenaje a <a href=\"http:\/\/es.wikipedia.org\/wiki\/The_Replacements_%28banda%29\"><span data-scayt_word=\"The\" data-scaytid=\"119\">The<\/span> <span data-scayt_word=\"Replacements\" data-scaytid=\"122\">Replacements<\/span><\/a>, la t\u00edpica banda de culto sin repercusi\u00f3n comercial que con su <span data-scayt_word=\"rock\" data-scaytid=\"95\">rock<\/span> de garaje y sus <span data-scayt_word=\"shows\" data-scaytid=\"123\">shows<\/span> <span data-scayt_word=\"surrealistas\" data-scaytid=\"124\">surrealistas<\/span> conmovieron la escena independiente americana de los 80 (influyeron a <span data-scayt_word=\"Pixies\" data-scaytid=\"125\">Pixies<\/span> y Nirvana). Las opiniones incitan a escuchar su <span data-scayt_word=\"discograf\u00eda\" data-scaytid=\"126\">discograf\u00eda<\/span>, quiz\u00e1s para compensar el hecho de que la pel\u00edcula no incluye ning\u00fan tema de la banda ni una sola declaraci\u00f3n de sus <span data-scayt_word=\"exmiembros\" data-scaytid=\"127\">exmiembros<\/span>.<\/p>\n<h3><strong>El fin de los <span data-scayt_word=\"hippies\" data-scaytid=\"128\">hippies<\/span><\/strong><\/h3>\n<p>Adem\u00e1s, <strong><span data-scayt_word=\"\u201cMessage\" data-scaytid=\"137\">\u201cMessage<\/span> to <span data-scayt_word=\"love\" data-scaytid=\"138\">love<\/span>: <span data-scayt_word=\"Isle\" data-scaytid=\"139\">Isle<\/span> <span data-scayt_word=\"of\" data-scaytid=\"129\">of<\/span> <span data-scayt_word=\"Wight\" data-scaytid=\"140\">Wight<\/span> Festival\u201d<\/strong>,o c\u00f3mo la magia y la ingenuidad de los <span data-scayt_word=\"hippies\" data-scaytid=\"130\">hippies<\/span> se <span data-scayt_word=\"desintegraron\" data-scaytid=\"142\">desintegraron<\/span> bruscamente ante la incipiente concepci\u00f3n de la m\u00fasica como negocio rentable. Fue un caos: unas 600.000 personas (algunas sin entrada) se plantaron en 1970 en la Isla de <span data-scayt_word=\"Wight\" data-scaytid=\"141\">Wight<\/span> (a la que s\u00f3lo se pod\u00eda acceder por mar) para ver en directo a <span data-scayt_word=\"Free\" data-scaytid=\"143\">Free<\/span>, <span data-scayt_word=\"Jimi\" data-scaytid=\"144\">Jimi<\/span> <span data-scayt_word=\"Hendrix\" data-scaytid=\"145\">Hendrix<\/span>, <span data-scayt_word=\"The\" data-scaytid=\"131\">The<\/span> <span data-scayt_word=\"Who\" data-scaytid=\"146\">Who<\/span>, <span data-scayt_word=\"The\" data-scaytid=\"132\">The<\/span> <span data-scayt_word=\"Doors\" data-scaytid=\"147\">Doors<\/span> o <span data-scayt_word=\"Leonard\" data-scaytid=\"148\">Leonard<\/span> Cohen, etc&#8230; La locura lo invadi\u00f3 todo y los actos de vandalismo (se rompieron las vallas de seguridad) fueron respondidos con igual violencia por parte de los polic\u00edas y sus perros. Los organizadores, que intentaron in\u00fatilmente apaciguar los \u00e1nimos, no recuperaron la inversi\u00f3n, y se fueron con deudas, con la sensaci\u00f3n amarga del fin de una \u00e9poca y con la promesa de no volver a montar otro evento de caracter\u00edsticas similares.<\/p>\n<p>Por otro lado, <strong><span data-scayt_word=\"\u201cTalihina\" data-scaytid=\"149\">\u201cTalihina<\/span> <span data-scayt_word=\"Sky\" data-scaytid=\"150\">Sky<\/span>: <span data-scayt_word=\"The\" data-scaytid=\"133\">The<\/span> <span data-scayt_word=\"story\" data-scaytid=\"151\">story<\/span> <span data-scayt_word=\"of\" data-scaytid=\"134\">of<\/span> <span data-scayt_word=\"Kings\" data-scaytid=\"152\">Kings<\/span> <span data-scayt_word=\"of\" data-scaytid=\"135\">of<\/span> <span data-scayt_word=\"Leon\u201d\" data-scaytid=\"153\">Leon\u201d<\/span><\/strong> ahonda en la sencillez de esta formaci\u00f3n americana en la que conviven tres hermanos y su primo. Narra la estricta formaci\u00f3n religiosa de sus padres, que contrasta radicalmente con el prototipo de vida de una estrella del <span data-scayt_word=\"rock\" data-scaytid=\"136\">rock<\/span>. El car\u00e1cter informal de su familia, que vive en un pueblo de la Am\u00e9rica profunda (incluido alg\u00fan esp\u00e9cimen que bien podr\u00eda ser catalogado como <em><span data-scayt_word=\"redneck\" data-scaytid=\"154\">redneck<\/span><\/em>) dan autenticidad al retrato.<\/p>\n<p>Como colof\u00f3n, <strong><span data-scayt_word=\"\u201cAmazing\" data-scaytid=\"163\">\u201cAmazing<\/span> <span data-scayt_word=\"Journey\" data-scaytid=\"164\">Journey<\/span>: <span data-scayt_word=\"The\" data-scaytid=\"155\">The<\/span> <span data-scayt_word=\"story\" data-scaytid=\"157\">story<\/span> <span data-scayt_word=\"of\" data-scaytid=\"158\">of<\/span> <span data-scayt_word=\"The\" data-scaytid=\"156\">The<\/span> <span data-scayt_word=\"Who\u201d\" data-scaytid=\"165\">Who\u201d<\/span><\/strong>, una retrospectiva <span data-scayt_word=\"pormenorizada\" data-scaytid=\"166\">pormenorizada<\/span> sobre <span data-scayt_word=\"Roger\" data-scaytid=\"159\">Roger<\/span> <span data-scayt_word=\"Daltrey\" data-scaytid=\"167\">Daltrey<\/span>, <span data-scayt_word=\"Pete\" data-scaytid=\"160\">Pete<\/span> <span data-scayt_word=\"Townshend\" data-scaytid=\"168\">Townshend<\/span>, <span data-scayt_word=\"John\" data-scaytid=\"169\">John<\/span> <span data-scayt_word=\"Entwistle\" data-scaytid=\"171\">Entwistle<\/span> y <span data-scayt_word=\"Keith\" data-scaytid=\"172\">Keith<\/span> <span data-scayt_word=\"Moon\" data-scaytid=\"173\">Moon<\/span>. Las excentricidades de este \u00faltimo, considerado el mejor bater\u00eda de la historia del <span data-scayt_word=\"rock\" data-scaytid=\"161\">rock<\/span> junto a <span data-scayt_word=\"John\" data-scaytid=\"170\">John<\/span> <span data-scayt_word=\"Bonham\" data-scaytid=\"174\">Bonham<\/span> (de <span data-scayt_word=\"Led\" data-scaytid=\"175\">Led<\/span> <span data-scayt_word=\"Zeppelin\" data-scaytid=\"176\">Zeppelin<\/span>), mantienen en vilo una cinta excepcional, en la que un tocadiscos va introduciendo cada cap\u00edtulo bajo el ep\u00edgrafe de una canci\u00f3n.<\/p>\n<p>Para rematar la faena, <strong><span data-scayt_word=\"\u201cRay\" data-scaytid=\"177\">\u201cRay<\/span> <span data-scayt_word=\"Davies\" data-scaytid=\"178\">Davies<\/span>: <span data-scayt_word=\"Imaginary\" data-scaytid=\"179\">Imaginary<\/span> Man\u201d<\/strong>, un \u00e1gil dibujo del l\u00edder de <span data-scayt_word=\"The\" data-scaytid=\"162\">The<\/span> <span data-scayt_word=\"Kinks\" data-scaytid=\"180\">Kinks<\/span> que, <span data-scayt_word=\"ultrapasada\" data-scaytid=\"181\">ultrapasada<\/span> la barrera de los 65 a\u00f1os, nos pasea por su Londres natal <span data-scayt_word=\"rememorando\" data-scaytid=\"182\">rememorando<\/span> los <em><span data-scayt_word=\"hits\" data-scaytid=\"183\">hits<\/span><\/em> del grupo m\u00e1s importante de la denominada invasi\u00f3n brit\u00e1nica de los 60. Sin un leve rastro de a\u00f1oranza \u00f1o\u00f1a.<\/p>\n<p>Fiel a su perspectiva n\u00f3mada y cosmopolita, el <strong><span data-scayt_word=\"In-Edit\" data-scaytid=\"184\">In-Edit<\/span><\/strong> se traslada ahora a Santiago de Chile, cuya octava edici\u00f3n se celebrar\u00e1 en diciembre. <span data-scayt_word=\"Berl\u00edn\" data-scaytid=\"185\">Berl\u00edn<\/span> coger\u00e1 el relevo en febrero por segunda vez y Sao <span data-scayt_word=\"Paulo\" data-scaytid=\"186\">Paulo<\/span> acoger\u00e1 su cuarta edici\u00f3n en marzo. Y en <strong>octubre de 2012<\/strong>, Barcelona <span data-scayt_word=\"conmemorar\u00e1\" data-scaytid=\"187\">conmemorar\u00e1<\/span> el d\u00e9cimo aniversario, en el que habr\u00e1 sorpresas. Larga vida al matrimonio entre los fotogramas y los acordes.<\/p>","protected":false},"excerpt":{"rendered":"<p>M\u00e1s de 30.000 espectadores en 40 proyecciones, 15 sesiones con las localidades agotadas, un r\u00e9cord de asistencia en un mismo d\u00eda (m\u00e1s de 4.000 personas en 12 pel\u00edculas), maratones nocturnos, master classes, works in progress, el Mercado para profesionales o la iniciativa on-line, que permitir\u00e1 ver algunas obras por Internet [&hellip;]<\/p>\n","protected":false},"author":40,"featured_media":31627,"comment_status":"open","ping_status":"open","sticky":false,"template":"","format":"standard","meta":{"footnotes":""},"categories":[61,4,65],"tags":[],"class_list":["post-1213","post","type-post","status-publish","format-standard","has-post-thumbnail","hentry","category-cine","category-cultura","category-musica"],"yoast_head":"<!-- This site is optimized with the Yoast SEO plugin v27.5 - https:\/\/yoast.com\/product\/yoast-seo-wordpress\/ -->\n<title>IX\u00ba In-Edit o el auge de la sociedad celuloide-melod\u00eda - Revista Rambla<\/title>\n<meta name=\"robots\" content=\"index, follow, max-snippet:-1, max-image-preview:large, max-video-preview:-1\" \/>\n<link rel=\"canonical\" href=\"https:\/\/www.revistarambla.com\/en\/ix-in-edit-o-el-auge-de-la-sociedad-celuloide-melodia\/\" \/>\n<meta property=\"og:locale\" content=\"en_GB\" \/>\n<meta property=\"og:type\" content=\"article\" \/>\n<meta property=\"og:title\" content=\"IX\u00ba In-Edit o el auge de la sociedad celuloide-melod\u00eda - Revista Rambla\" \/>\n<meta property=\"og:description\" content=\"M\u00e1s de 30.000 espectadores en 40 proyecciones, 15 sesiones con las localidades agotadas, un r\u00e9cord de asistencia en un mismo d\u00eda (m\u00e1s de 4.000 personas en 12 pel\u00edculas), maratones nocturnos, master classes, works in progress, el Mercado para profesionales o la iniciativa on-line, que permitir\u00e1 ver algunas obras por Internet [&hellip;]\" \/>\n<meta property=\"og:url\" content=\"https:\/\/www.revistarambla.com\/en\/ix-in-edit-o-el-auge-de-la-sociedad-celuloide-melodia\/\" \/>\n<meta property=\"og:site_name\" content=\"Revista Rambla\" \/>\n<meta property=\"article:publisher\" content=\"https:\/\/www.facebook.com\/revistarambla\/\" \/>\n<meta property=\"article:author\" content=\"https:\/\/www.facebook.com\/carles.batalla.7\" \/>\n<meta property=\"article:published_time\" content=\"2011-11-09T13:53:47+00:00\" \/>\n<meta property=\"article:modified_time\" content=\"2021-12-08T19:46:57+00:00\" \/>\n<meta property=\"og:image\" content=\"https:\/\/www.revistarambla.com\/wp-content\/uploads\/2011\/11\/In-Edit-2011.jpg\" \/>\n\t<meta property=\"og:image:width\" content=\"512\" \/>\n\t<meta property=\"og:image:height\" content=\"314\" \/>\n\t<meta property=\"og:image:type\" content=\"image\/jpeg\" \/>\n<meta name=\"author\" content=\"Carles Batalla\" \/>\n<meta name=\"twitter:card\" content=\"summary_large_image\" \/>\n<meta name=\"twitter:creator\" content=\"@batallacarles\" \/>\n<meta name=\"twitter:site\" content=\"@revistarambla\" \/>\n<meta name=\"twitter:label1\" content=\"Written by\" \/>\n\t<meta name=\"twitter:data1\" content=\"Carles Batalla\" \/>\n\t<meta name=\"twitter:label2\" content=\"Estimated reading time\" \/>\n\t<meta name=\"twitter:data2\" content=\"6 minutes\" \/>\n<script type=\"application\/ld+json\" class=\"yoast-schema-graph\">{\"@context\":\"https:\\\/\\\/schema.org\",\"@graph\":[{\"@type\":\"Article\",\"@id\":\"https:\\\/\\\/www.revistarambla.com\\\/ix-in-edit-o-el-auge-de-la-sociedad-celuloide-melodia\\\/#article\",\"isPartOf\":{\"@id\":\"https:\\\/\\\/www.revistarambla.com\\\/ix-in-edit-o-el-auge-de-la-sociedad-celuloide-melodia\\\/\"},\"author\":{\"name\":\"Carles Batalla\",\"@id\":\"https:\\\/\\\/www.revistarambla.com\\\/#\\\/schema\\\/person\\\/6929729dc40824a1c398a961398e6d97\"},\"headline\":\"IX\u00ba In-Edit o el auge de la sociedad celuloide-melod\u00eda\",\"datePublished\":\"2011-11-09T13:53:47+00:00\",\"dateModified\":\"2021-12-08T19:46:57+00:00\",\"mainEntityOfPage\":{\"@id\":\"https:\\\/\\\/www.revistarambla.com\\\/ix-in-edit-o-el-auge-de-la-sociedad-celuloide-melodia\\\/\"},\"wordCount\":1293,\"commentCount\":0,\"publisher\":{\"@id\":\"https:\\\/\\\/www.revistarambla.com\\\/#organization\"},\"image\":{\"@id\":\"https:\\\/\\\/www.revistarambla.com\\\/ix-in-edit-o-el-auge-de-la-sociedad-celuloide-melodia\\\/#primaryimage\"},\"thumbnailUrl\":\"https:\\\/\\\/www.revistarambla.com\\\/wp-content\\\/uploads\\\/2011\\\/11\\\/In-Edit-2011.jpg\",\"articleSection\":[\"Cine &amp; Series\",\"Cultura\",\"M\u00fasica\"],\"inLanguage\":\"en-GB\",\"potentialAction\":[{\"@type\":\"CommentAction\",\"name\":\"Comment\",\"target\":[\"https:\\\/\\\/www.revistarambla.com\\\/ix-in-edit-o-el-auge-de-la-sociedad-celuloide-melodia\\\/#respond\"]}]},{\"@type\":\"WebPage\",\"@id\":\"https:\\\/\\\/www.revistarambla.com\\\/ix-in-edit-o-el-auge-de-la-sociedad-celuloide-melodia\\\/\",\"url\":\"https:\\\/\\\/www.revistarambla.com\\\/ix-in-edit-o-el-auge-de-la-sociedad-celuloide-melodia\\\/\",\"name\":\"IX\u00ba In-Edit o el auge de la sociedad celuloide-melod\u00eda - Revista Rambla\",\"isPartOf\":{\"@id\":\"https:\\\/\\\/www.revistarambla.com\\\/#website\"},\"primaryImageOfPage\":{\"@id\":\"https:\\\/\\\/www.revistarambla.com\\\/ix-in-edit-o-el-auge-de-la-sociedad-celuloide-melodia\\\/#primaryimage\"},\"image\":{\"@id\":\"https:\\\/\\\/www.revistarambla.com\\\/ix-in-edit-o-el-auge-de-la-sociedad-celuloide-melodia\\\/#primaryimage\"},\"thumbnailUrl\":\"https:\\\/\\\/www.revistarambla.com\\\/wp-content\\\/uploads\\\/2011\\\/11\\\/In-Edit-2011.jpg\",\"datePublished\":\"2011-11-09T13:53:47+00:00\",\"dateModified\":\"2021-12-08T19:46:57+00:00\",\"breadcrumb\":{\"@id\":\"https:\\\/\\\/www.revistarambla.com\\\/ix-in-edit-o-el-auge-de-la-sociedad-celuloide-melodia\\\/#breadcrumb\"},\"inLanguage\":\"en-GB\",\"potentialAction\":[{\"@type\":\"ReadAction\",\"target\":[\"https:\\\/\\\/www.revistarambla.com\\\/ix-in-edit-o-el-auge-de-la-sociedad-celuloide-melodia\\\/\"]}]},{\"@type\":\"ImageObject\",\"inLanguage\":\"en-GB\",\"@id\":\"https:\\\/\\\/www.revistarambla.com\\\/ix-in-edit-o-el-auge-de-la-sociedad-celuloide-melodia\\\/#primaryimage\",\"url\":\"https:\\\/\\\/www.revistarambla.com\\\/wp-content\\\/uploads\\\/2011\\\/11\\\/In-Edit-2011.jpg\",\"contentUrl\":\"https:\\\/\\\/www.revistarambla.com\\\/wp-content\\\/uploads\\\/2011\\\/11\\\/In-Edit-2011.jpg\",\"width\":512,\"height\":314},{\"@type\":\"BreadcrumbList\",\"@id\":\"https:\\\/\\\/www.revistarambla.com\\\/ix-in-edit-o-el-auge-de-la-sociedad-celuloide-melodia\\\/#breadcrumb\",\"itemListElement\":[{\"@type\":\"ListItem\",\"position\":1,\"name\":\"Portada\",\"item\":\"https:\\\/\\\/www.revistarambla.com\\\/\"},{\"@type\":\"ListItem\",\"position\":2,\"name\":\"IX\u00ba In-Edit o el auge de la sociedad celuloide-melod\u00eda\"}]},{\"@type\":\"WebSite\",\"@id\":\"https:\\\/\\\/www.revistarambla.com\\\/#website\",\"url\":\"https:\\\/\\\/www.revistarambla.com\\\/\",\"name\":\"Revista Rambla Barcelona\",\"description\":\"Periodismo independiente\",\"publisher\":{\"@id\":\"https:\\\/\\\/www.revistarambla.com\\\/#organization\"},\"potentialAction\":[{\"@type\":\"SearchAction\",\"target\":{\"@type\":\"EntryPoint\",\"urlTemplate\":\"https:\\\/\\\/www.revistarambla.com\\\/?s={search_term_string}\"},\"query-input\":{\"@type\":\"PropertyValueSpecification\",\"valueRequired\":true,\"valueName\":\"search_term_string\"}}],\"inLanguage\":\"en-GB\"},{\"@type\":\"Organization\",\"@id\":\"https:\\\/\\\/www.revistarambla.com\\\/#organization\",\"name\":\"Revista Rambla\",\"url\":\"https:\\\/\\\/www.revistarambla.com\\\/\",\"logo\":{\"@type\":\"ImageObject\",\"inLanguage\":\"en-GB\",\"@id\":\"https:\\\/\\\/www.revistarambla.com\\\/#\\\/schema\\\/logo\\\/image\\\/\",\"url\":\"https:\\\/\\\/www.revistarambla.com\\\/wp-content\\\/uploads\\\/2020\\\/09\\\/banner_rambla_1900x600_BB.png\",\"contentUrl\":\"https:\\\/\\\/www.revistarambla.com\\\/wp-content\\\/uploads\\\/2020\\\/09\\\/banner_rambla_1900x600_BB.png\",\"width\":1900,\"height\":600,\"caption\":\"Revista Rambla\"},\"image\":{\"@id\":\"https:\\\/\\\/www.revistarambla.com\\\/#\\\/schema\\\/logo\\\/image\\\/\"},\"sameAs\":[\"https:\\\/\\\/www.facebook.com\\\/revistarambla\\\/\",\"https:\\\/\\\/x.com\\\/revistarambla\",\"https:\\\/\\\/www.instagram.com\\\/revista_rambla\",\"https:\\\/\\\/es.linkedin.com\\\/company\\\/revista-rambla\"]},{\"@type\":\"Person\",\"@id\":\"https:\\\/\\\/www.revistarambla.com\\\/#\\\/schema\\\/person\\\/6929729dc40824a1c398a961398e6d97\",\"name\":\"Carles Batalla\",\"description\":\"Periodista y poeta.\",\"sameAs\":[\"https:\\\/\\\/www.facebook.com\\\/carles.batalla.7\",\"https:\\\/\\\/x.com\\\/batallacarles\"]}]}<\/script>\n<!-- \/ Yoast SEO plugin. -->","yoast_head_json":{"title":"IX\u00ba In-Edit o el auge de la sociedad celuloide-melod\u00eda - Revista Rambla","robots":{"index":"index","follow":"follow","max-snippet":"max-snippet:-1","max-image-preview":"max-image-preview:large","max-video-preview":"max-video-preview:-1"},"canonical":"https:\/\/www.revistarambla.com\/en\/ix-in-edit-o-el-auge-de-la-sociedad-celuloide-melodia\/","og_locale":"en_GB","og_type":"article","og_title":"IX\u00ba In-Edit o el auge de la sociedad celuloide-melod\u00eda - Revista Rambla","og_description":"M\u00e1s de 30.000 espectadores en 40 proyecciones, 15 sesiones con las localidades agotadas, un r\u00e9cord de asistencia en un mismo d\u00eda (m\u00e1s de 4.000 personas en 12 pel\u00edculas), maratones nocturnos, master classes, works in progress, el Mercado para profesionales o la iniciativa on-line, que permitir\u00e1 ver algunas obras por Internet [&hellip;]","og_url":"https:\/\/www.revistarambla.com\/en\/ix-in-edit-o-el-auge-de-la-sociedad-celuloide-melodia\/","og_site_name":"Revista Rambla","article_publisher":"https:\/\/www.facebook.com\/revistarambla\/","article_author":"https:\/\/www.facebook.com\/carles.batalla.7","article_published_time":"2011-11-09T13:53:47+00:00","article_modified_time":"2021-12-08T19:46:57+00:00","og_image":[{"width":512,"height":314,"url":"https:\/\/www.revistarambla.com\/wp-content\/uploads\/2011\/11\/In-Edit-2011.jpg","type":"image\/jpeg"}],"author":"Carles Batalla","twitter_card":"summary_large_image","twitter_creator":"@batallacarles","twitter_site":"@revistarambla","twitter_misc":{"Written by":"Carles Batalla","Estimated reading time":"6 minutes"},"schema":{"@context":"https:\/\/schema.org","@graph":[{"@type":"Article","@id":"https:\/\/www.revistarambla.com\/ix-in-edit-o-el-auge-de-la-sociedad-celuloide-melodia\/#article","isPartOf":{"@id":"https:\/\/www.revistarambla.com\/ix-in-edit-o-el-auge-de-la-sociedad-celuloide-melodia\/"},"author":{"name":"Carles Batalla","@id":"https:\/\/www.revistarambla.com\/#\/schema\/person\/6929729dc40824a1c398a961398e6d97"},"headline":"IX\u00ba In-Edit o el auge de la sociedad celuloide-melod\u00eda","datePublished":"2011-11-09T13:53:47+00:00","dateModified":"2021-12-08T19:46:57+00:00","mainEntityOfPage":{"@id":"https:\/\/www.revistarambla.com\/ix-in-edit-o-el-auge-de-la-sociedad-celuloide-melodia\/"},"wordCount":1293,"commentCount":0,"publisher":{"@id":"https:\/\/www.revistarambla.com\/#organization"},"image":{"@id":"https:\/\/www.revistarambla.com\/ix-in-edit-o-el-auge-de-la-sociedad-celuloide-melodia\/#primaryimage"},"thumbnailUrl":"https:\/\/www.revistarambla.com\/wp-content\/uploads\/2011\/11\/In-Edit-2011.jpg","articleSection":["Cine &amp; Series","Cultura","M\u00fasica"],"inLanguage":"en-GB","potentialAction":[{"@type":"CommentAction","name":"Comment","target":["https:\/\/www.revistarambla.com\/ix-in-edit-o-el-auge-de-la-sociedad-celuloide-melodia\/#respond"]}]},{"@type":"WebPage","@id":"https:\/\/www.revistarambla.com\/ix-in-edit-o-el-auge-de-la-sociedad-celuloide-melodia\/","url":"https:\/\/www.revistarambla.com\/ix-in-edit-o-el-auge-de-la-sociedad-celuloide-melodia\/","name":"IX\u00ba In-Edit o el auge de la sociedad celuloide-melod\u00eda - Revista Rambla","isPartOf":{"@id":"https:\/\/www.revistarambla.com\/#website"},"primaryImageOfPage":{"@id":"https:\/\/www.revistarambla.com\/ix-in-edit-o-el-auge-de-la-sociedad-celuloide-melodia\/#primaryimage"},"image":{"@id":"https:\/\/www.revistarambla.com\/ix-in-edit-o-el-auge-de-la-sociedad-celuloide-melodia\/#primaryimage"},"thumbnailUrl":"https:\/\/www.revistarambla.com\/wp-content\/uploads\/2011\/11\/In-Edit-2011.jpg","datePublished":"2011-11-09T13:53:47+00:00","dateModified":"2021-12-08T19:46:57+00:00","breadcrumb":{"@id":"https:\/\/www.revistarambla.com\/ix-in-edit-o-el-auge-de-la-sociedad-celuloide-melodia\/#breadcrumb"},"inLanguage":"en-GB","potentialAction":[{"@type":"ReadAction","target":["https:\/\/www.revistarambla.com\/ix-in-edit-o-el-auge-de-la-sociedad-celuloide-melodia\/"]}]},{"@type":"ImageObject","inLanguage":"en-GB","@id":"https:\/\/www.revistarambla.com\/ix-in-edit-o-el-auge-de-la-sociedad-celuloide-melodia\/#primaryimage","url":"https:\/\/www.revistarambla.com\/wp-content\/uploads\/2011\/11\/In-Edit-2011.jpg","contentUrl":"https:\/\/www.revistarambla.com\/wp-content\/uploads\/2011\/11\/In-Edit-2011.jpg","width":512,"height":314},{"@type":"BreadcrumbList","@id":"https:\/\/www.revistarambla.com\/ix-in-edit-o-el-auge-de-la-sociedad-celuloide-melodia\/#breadcrumb","itemListElement":[{"@type":"ListItem","position":1,"name":"Portada","item":"https:\/\/www.revistarambla.com\/"},{"@type":"ListItem","position":2,"name":"IX\u00ba In-Edit o el auge de la sociedad celuloide-melod\u00eda"}]},{"@type":"WebSite","@id":"https:\/\/www.revistarambla.com\/#website","url":"https:\/\/www.revistarambla.com\/","name":"Revista Rambla Barcelona","description":"Periodismo independiente","publisher":{"@id":"https:\/\/www.revistarambla.com\/#organization"},"potentialAction":[{"@type":"SearchAction","target":{"@type":"EntryPoint","urlTemplate":"https:\/\/www.revistarambla.com\/?s={search_term_string}"},"query-input":{"@type":"PropertyValueSpecification","valueRequired":true,"valueName":"search_term_string"}}],"inLanguage":"en-GB"},{"@type":"Organization","@id":"https:\/\/www.revistarambla.com\/#organization","name":"Revista Rambla","url":"https:\/\/www.revistarambla.com\/","logo":{"@type":"ImageObject","inLanguage":"en-GB","@id":"https:\/\/www.revistarambla.com\/#\/schema\/logo\/image\/","url":"https:\/\/www.revistarambla.com\/wp-content\/uploads\/2020\/09\/banner_rambla_1900x600_BB.png","contentUrl":"https:\/\/www.revistarambla.com\/wp-content\/uploads\/2020\/09\/banner_rambla_1900x600_BB.png","width":1900,"height":600,"caption":"Revista Rambla"},"image":{"@id":"https:\/\/www.revistarambla.com\/#\/schema\/logo\/image\/"},"sameAs":["https:\/\/www.facebook.com\/revistarambla\/","https:\/\/x.com\/revistarambla","https:\/\/www.instagram.com\/revista_rambla","https:\/\/es.linkedin.com\/company\/revista-rambla"]},{"@type":"Person","@id":"https:\/\/www.revistarambla.com\/#\/schema\/person\/6929729dc40824a1c398a961398e6d97","name":"Carles Batalla","description":"Periodista y poeta.","sameAs":["https:\/\/www.facebook.com\/carles.batalla.7","https:\/\/x.com\/batallacarles"]}]}},"_links":{"self":[{"href":"https:\/\/www.revistarambla.com\/en\/wp-json\/wp\/v2\/posts\/1213","targetHints":{"allow":["GET"]}}],"collection":[{"href":"https:\/\/www.revistarambla.com\/en\/wp-json\/wp\/v2\/posts"}],"about":[{"href":"https:\/\/www.revistarambla.com\/en\/wp-json\/wp\/v2\/types\/post"}],"author":[{"embeddable":true,"href":"https:\/\/www.revistarambla.com\/en\/wp-json\/wp\/v2\/users\/40"}],"replies":[{"embeddable":true,"href":"https:\/\/www.revistarambla.com\/en\/wp-json\/wp\/v2\/comments?post=1213"}],"version-history":[{"count":0,"href":"https:\/\/www.revistarambla.com\/en\/wp-json\/wp\/v2\/posts\/1213\/revisions"}],"wp:featuredmedia":[{"embeddable":true,"href":"https:\/\/www.revistarambla.com\/en\/wp-json\/wp\/v2\/media\/31627"}],"wp:attachment":[{"href":"https:\/\/www.revistarambla.com\/en\/wp-json\/wp\/v2\/media?parent=1213"}],"wp:term":[{"taxonomy":"category","embeddable":true,"href":"https:\/\/www.revistarambla.com\/en\/wp-json\/wp\/v2\/categories?post=1213"},{"taxonomy":"post_tag","embeddable":true,"href":"https:\/\/www.revistarambla.com\/en\/wp-json\/wp\/v2\/tags?post=1213"}],"curies":[{"name":"wp","href":"https:\/\/api.w.org\/{rel}","templated":true}]}}