{"id":12112,"date":"2017-04-03T10:12:25","date_gmt":"2017-04-03T08:12:25","guid":{"rendered":"https:\/\/www.revistarambla.com\/?p=12112"},"modified":"2021-12-20T19:53:29","modified_gmt":"2021-12-20T18:53:29","slug":"el-salo-del-comic-consolida-su-record-de-visitantes","status":"publish","type":"post","link":"https:\/\/www.revistarambla.com\/en\/el-salo-del-comic-consolida-su-record-de-visitantes\/","title":{"rendered":"El Sal\u00f3 del C\u00f3mic consolida su r\u00e9cord de visitantes"},"content":{"rendered":"<p style=\"text-align: left;\"><strong>La 35\u00aa edici\u00f3n del Sal\u00f3 del C\u00f3mic de Barcelona que ha tenido lugar del 30 de marzo al 2 de abril en la Fira de Barcelona cerraba ayer sus puertas con una cifra de asistencia de 118.000 visitantes, manteniendo as\u00ed el r\u00e9cord de visitantes al que se lleg\u00f3 en la pasada edici\u00f3n, pese a las lluvias. El s\u00e1bado se agotaron las entradas.<\/strong><!--more--><\/p>\n<p style=\"text-align: left;\"><img decoding=\"async\" class=\"aligncenter size-full wp-image-12114\" src=\"https:\/\/www.revistarambla.com\/wp-content\/uploads\/2017\/04\/comic-02.jpg\" alt=\"\" width=\"680\" height=\"451\" srcset=\"https:\/\/www.revistarambla.com\/wp-content\/uploads\/2017\/04\/comic-02.jpg 680w, https:\/\/www.revistarambla.com\/wp-content\/uploads\/2017\/04\/comic-02-300x199.jpg 300w, https:\/\/www.revistarambla.com\/wp-content\/uploads\/2017\/04\/comic-02-500x332.jpg 500w, https:\/\/www.revistarambla.com\/wp-content\/uploads\/2017\/04\/comic-02-678x451.jpg 678w\" sizes=\"(max-width: 680px) 100vw, 680px\" \/><\/p>\n<p style=\"text-align: left;\">Dedicado este a\u00f1o al mundo de la aviaci\u00f3n, la exhibici\u00f3n principal ha constando de media docena de aviones reales de car\u00e1cter b\u00e9lico, que han aparecido en c\u00f3mics cl\u00e1sicos como <em>Steve Canyon <\/em>de Milton Caniff o <em>Haza\u00f1as B\u00e9licas <\/em>de Boixcar, instalados en la Pla\u00e7a de l\u2019Univers.<\/p>\n<p style=\"text-align: left;\">La otra gran exposici\u00f3n ha rendido homenaje al TBO, en motivo de su centenario este 2017, ofreciendo un recorrido cronol\u00f3gica por su historia, centr\u00e1ndose en sus series m\u00e1s reconocidas, desde <em>Los grandes inventos del TBO <\/em>a <em>Josechu el Vasco,<\/em> y en sus autores m\u00e1s populares, como Arturo Moreno, Urda, Opisso o Benejam, y dando especial importancia a la obra de Josep Mar\u00eda Blanco, ganador del Gran Premi del Sal\u00f3 el a\u00f1o pasado y eminente autor de la revista.<\/p>\n<p style=\"text-align: left;\">Otro centenario es el del nacimiento del dibujante estadounidense Will Eisner, que ha sido calificado como creador de la novela gr\u00e1fica desde que en 1978 publicara <em>Contrato con dios, <\/em>y autor del famoso antih\u00e9roe <em>The Spirit, <\/em>al que se le ha dedicado una exposici\u00f3n antol\u00f3gica.<\/p>\n<p style=\"text-align: left;\">Superh\u00e9roes fuera de control ha sido la tem\u00e1tica de otra de las exhibiciones destacadas, en la que Hulk, Harley Quinn o Deadpool han sido algunos de sus protagonistas. Tambi\u00e9n <em>Fanhunter, <\/em>la popular saga creada por Cels Pi\u00f1ol; Tint\u00edn, con una exhibici\u00f3n que explora los territorios recorridos por el personaje de Herg\u00e9; o Donald Trump, como no pod\u00eda faltar, con una selecci\u00f3n de vi\u00f1etas de humor gr\u00e1fico centradas en el presidente de EEUU.<\/p>\n<p style=\"text-align: left;\">El Gran Premi del sal\u00f3n de este a\u00f1o ha sido para Josep Mar\u00eda Mart\u00edn Saur\u00ed. <em>Jam\u00e1s tendr\u00e9 20 a\u00f1os,<\/em> de Jaime Mart\u00edn, se ha llevado el de mejor obra espa\u00f1ola; <em>La visi\u00f3n, <\/em>de Gabriel Hern\u00e1ndez Walta y Tom King, el de mejor obra extranjera; <em>Paranoidland<\/em>, de varios autores, ha sido reconocida como el mejor fanzine; y el premio a autor revelaci\u00f3n ha sido otorgado a Javi Rey, autor de <em>Intemperie. <\/em><\/p>\n<p style=\"text-align: left;\">Con una gran variedad de talleres, conferencias, firmas de autores consagrados y clases magistrales, el sal\u00f3n ha presentado como novedad este a\u00f1o el espacio de videojuegos donde se han creado largas colas para poder probar en primicia la innovadora consola Nintendo Switch, un taller de impresi\u00f3n 3D y un espacio dedicado al artista surcoreano Kim Jung Gi, al que se le ha podido ver en directo creando sus espectaculares murales durante los tres d\u00edas. Y entre los invitados internacionales han destacado tambi\u00e9n Dave Gibbons, Liza Donnelly, Bruno Gazzoti, Gina Wynbrandt y Romain Hugault.<\/p>\n<p style=\"text-align: left;\">En su edici\u00f3n m\u00e1s ambiciosa, el sal\u00f3n ha pasado este a\u00f1o de un espacio de 45.000 metros cuadrados a 50.000, que ha acogido m\u00e1s de 200 expositores, y ha tenido un presupuesto de 872.000 euros, 102.000 m\u00e1s que el a\u00f1o pasado. Sus organizadores, con Carles Santamarina en la presidencia, lo han calificado de gran \u00e9xito, tanto por la asistencia como por las vendas, que han aumentado ligeramente respeto al a\u00f1o pasado, en el que hubo un gran incremento despu\u00e9s de a\u00f1os de baja, y es que el sector del c\u00f3mic parece ir al alza.<\/p>","protected":false},"excerpt":{"rendered":"<p>La 35\u00aa edici\u00f3n del Sal\u00f3 del C\u00f3mic de Barcelona que ha tenido lugar del 30 de marzo al 2 de abril en la Fira de Barcelona cerraba ayer sus puertas con una cifra de asistencia de 118.000 visitantes, manteniendo as\u00ed el r\u00e9cord de visitantes al que se lleg\u00f3 en la [&hellip;]<\/p>\n","protected":false},"author":77,"featured_media":12113,"comment_status":"open","ping_status":"open","sticky":false,"template":"","format":"standard","meta":{"footnotes":""},"categories":[64,4],"tags":[],"class_list":["post-12112","post","type-post","status-publish","format-standard","has-post-thumbnail","hentry","category-arte","category-cultura"],"yoast_head":"<!-- This site is optimized with the Yoast SEO plugin v27.5 - https:\/\/yoast.com\/product\/yoast-seo-wordpress\/ -->\n<title>El Sal\u00f3 del C\u00f3mic consolida su r\u00e9cord de visitantes - Revista Rambla<\/title>\n<meta name=\"robots\" content=\"index, follow, max-snippet:-1, max-image-preview:large, max-video-preview:-1\" \/>\n<link rel=\"canonical\" href=\"https:\/\/www.revistarambla.com\/en\/el-salo-del-comic-consolida-su-record-de-visitantes\/\" \/>\n<meta property=\"og:locale\" content=\"en_GB\" \/>\n<meta property=\"og:type\" content=\"article\" \/>\n<meta property=\"og:title\" content=\"El Sal\u00f3 del C\u00f3mic consolida su r\u00e9cord de visitantes - Revista Rambla\" \/>\n<meta property=\"og:description\" content=\"La 35\u00aa edici\u00f3n del Sal\u00f3 del C\u00f3mic de Barcelona que ha tenido lugar del 30 de marzo al 2 de abril en la Fira de Barcelona cerraba ayer sus puertas con una cifra de asistencia de 118.000 visitantes, manteniendo as\u00ed el r\u00e9cord de visitantes al que se lleg\u00f3 en la [&hellip;]\" \/>\n<meta property=\"og:url\" content=\"https:\/\/www.revistarambla.com\/en\/el-salo-del-comic-consolida-su-record-de-visitantes\/\" \/>\n<meta property=\"og:site_name\" content=\"Revista Rambla\" \/>\n<meta property=\"article:publisher\" content=\"https:\/\/www.facebook.com\/revistarambla\/\" \/>\n<meta property=\"article:published_time\" content=\"2017-04-03T08:12:25+00:00\" \/>\n<meta property=\"article:modified_time\" content=\"2021-12-20T18:53:29+00:00\" \/>\n<meta property=\"og:image\" content=\"https:\/\/www.revistarambla.com\/wp-content\/uploads\/2017\/04\/comic-01.jpg\" \/>\n\t<meta property=\"og:image:width\" content=\"680\" \/>\n\t<meta property=\"og:image:height\" content=\"466\" \/>\n\t<meta property=\"og:image:type\" content=\"image\/jpeg\" \/>\n<meta name=\"author\" content=\"Laia Font\" \/>\n<meta name=\"twitter:card\" content=\"summary_large_image\" \/>\n<meta name=\"twitter:creator\" content=\"@revistarambla\" \/>\n<meta name=\"twitter:site\" content=\"@revistarambla\" \/>\n<meta name=\"twitter:label1\" content=\"Written by\" \/>\n\t<meta name=\"twitter:data1\" content=\"Laia Font\" \/>\n\t<meta name=\"twitter:label2\" content=\"Estimated reading time\" \/>\n\t<meta name=\"twitter:data2\" content=\"3 minutes\" \/>\n<script type=\"application\/ld+json\" class=\"yoast-schema-graph\">{\"@context\":\"https:\\\/\\\/schema.org\",\"@graph\":[{\"@type\":\"Article\",\"@id\":\"https:\\\/\\\/www.revistarambla.com\\\/el-salo-del-comic-consolida-su-record-de-visitantes\\\/#article\",\"isPartOf\":{\"@id\":\"https:\\\/\\\/www.revistarambla.com\\\/el-salo-del-comic-consolida-su-record-de-visitantes\\\/\"},\"author\":{\"name\":\"Laia Font\",\"@id\":\"https:\\\/\\\/www.revistarambla.com\\\/#\\\/schema\\\/person\\\/074811fdb159459dc686aa6cb9e250e9\"},\"headline\":\"El Sal\u00f3 del C\u00f3mic consolida su r\u00e9cord de visitantes\",\"datePublished\":\"2017-04-03T08:12:25+00:00\",\"dateModified\":\"2021-12-20T18:53:29+00:00\",\"mainEntityOfPage\":{\"@id\":\"https:\\\/\\\/www.revistarambla.com\\\/el-salo-del-comic-consolida-su-record-de-visitantes\\\/\"},\"wordCount\":622,\"commentCount\":0,\"publisher\":{\"@id\":\"https:\\\/\\\/www.revistarambla.com\\\/#organization\"},\"image\":{\"@id\":\"https:\\\/\\\/www.revistarambla.com\\\/el-salo-del-comic-consolida-su-record-de-visitantes\\\/#primaryimage\"},\"thumbnailUrl\":\"https:\\\/\\\/www.revistarambla.com\\\/wp-content\\\/uploads\\\/2017\\\/04\\\/comic-01.jpg\",\"articleSection\":[\"Arte\",\"Cultura\"],\"inLanguage\":\"en-GB\",\"potentialAction\":[{\"@type\":\"CommentAction\",\"name\":\"Comment\",\"target\":[\"https:\\\/\\\/www.revistarambla.com\\\/el-salo-del-comic-consolida-su-record-de-visitantes\\\/#respond\"]}]},{\"@type\":\"WebPage\",\"@id\":\"https:\\\/\\\/www.revistarambla.com\\\/el-salo-del-comic-consolida-su-record-de-visitantes\\\/\",\"url\":\"https:\\\/\\\/www.revistarambla.com\\\/el-salo-del-comic-consolida-su-record-de-visitantes\\\/\",\"name\":\"El Sal\u00f3 del C\u00f3mic consolida su r\u00e9cord de visitantes - Revista Rambla\",\"isPartOf\":{\"@id\":\"https:\\\/\\\/www.revistarambla.com\\\/#website\"},\"primaryImageOfPage\":{\"@id\":\"https:\\\/\\\/www.revistarambla.com\\\/el-salo-del-comic-consolida-su-record-de-visitantes\\\/#primaryimage\"},\"image\":{\"@id\":\"https:\\\/\\\/www.revistarambla.com\\\/el-salo-del-comic-consolida-su-record-de-visitantes\\\/#primaryimage\"},\"thumbnailUrl\":\"https:\\\/\\\/www.revistarambla.com\\\/wp-content\\\/uploads\\\/2017\\\/04\\\/comic-01.jpg\",\"datePublished\":\"2017-04-03T08:12:25+00:00\",\"dateModified\":\"2021-12-20T18:53:29+00:00\",\"breadcrumb\":{\"@id\":\"https:\\\/\\\/www.revistarambla.com\\\/el-salo-del-comic-consolida-su-record-de-visitantes\\\/#breadcrumb\"},\"inLanguage\":\"en-GB\",\"potentialAction\":[{\"@type\":\"ReadAction\",\"target\":[\"https:\\\/\\\/www.revistarambla.com\\\/el-salo-del-comic-consolida-su-record-de-visitantes\\\/\"]}]},{\"@type\":\"ImageObject\",\"inLanguage\":\"en-GB\",\"@id\":\"https:\\\/\\\/www.revistarambla.com\\\/el-salo-del-comic-consolida-su-record-de-visitantes\\\/#primaryimage\",\"url\":\"https:\\\/\\\/www.revistarambla.com\\\/wp-content\\\/uploads\\\/2017\\\/04\\\/comic-01.jpg\",\"contentUrl\":\"https:\\\/\\\/www.revistarambla.com\\\/wp-content\\\/uploads\\\/2017\\\/04\\\/comic-01.jpg\",\"width\":680,\"height\":466},{\"@type\":\"BreadcrumbList\",\"@id\":\"https:\\\/\\\/www.revistarambla.com\\\/el-salo-del-comic-consolida-su-record-de-visitantes\\\/#breadcrumb\",\"itemListElement\":[{\"@type\":\"ListItem\",\"position\":1,\"name\":\"Portada\",\"item\":\"https:\\\/\\\/www.revistarambla.com\\\/\"},{\"@type\":\"ListItem\",\"position\":2,\"name\":\"El Sal\u00f3 del C\u00f3mic consolida su r\u00e9cord de visitantes\"}]},{\"@type\":\"WebSite\",\"@id\":\"https:\\\/\\\/www.revistarambla.com\\\/#website\",\"url\":\"https:\\\/\\\/www.revistarambla.com\\\/\",\"name\":\"Revista Rambla Barcelona\",\"description\":\"Periodismo independiente\",\"publisher\":{\"@id\":\"https:\\\/\\\/www.revistarambla.com\\\/#organization\"},\"potentialAction\":[{\"@type\":\"SearchAction\",\"target\":{\"@type\":\"EntryPoint\",\"urlTemplate\":\"https:\\\/\\\/www.revistarambla.com\\\/?s={search_term_string}\"},\"query-input\":{\"@type\":\"PropertyValueSpecification\",\"valueRequired\":true,\"valueName\":\"search_term_string\"}}],\"inLanguage\":\"en-GB\"},{\"@type\":\"Organization\",\"@id\":\"https:\\\/\\\/www.revistarambla.com\\\/#organization\",\"name\":\"Revista Rambla\",\"url\":\"https:\\\/\\\/www.revistarambla.com\\\/\",\"logo\":{\"@type\":\"ImageObject\",\"inLanguage\":\"en-GB\",\"@id\":\"https:\\\/\\\/www.revistarambla.com\\\/#\\\/schema\\\/logo\\\/image\\\/\",\"url\":\"https:\\\/\\\/www.revistarambla.com\\\/wp-content\\\/uploads\\\/2020\\\/09\\\/banner_rambla_1900x600_BB.png\",\"contentUrl\":\"https:\\\/\\\/www.revistarambla.com\\\/wp-content\\\/uploads\\\/2020\\\/09\\\/banner_rambla_1900x600_BB.png\",\"width\":1900,\"height\":600,\"caption\":\"Revista Rambla\"},\"image\":{\"@id\":\"https:\\\/\\\/www.revistarambla.com\\\/#\\\/schema\\\/logo\\\/image\\\/\"},\"sameAs\":[\"https:\\\/\\\/www.facebook.com\\\/revistarambla\\\/\",\"https:\\\/\\\/x.com\\\/revistarambla\",\"https:\\\/\\\/www.instagram.com\\\/revista_rambla\",\"https:\\\/\\\/es.linkedin.com\\\/company\\\/revista-rambla\"]},{\"@type\":\"Person\",\"@id\":\"https:\\\/\\\/www.revistarambla.com\\\/#\\\/schema\\\/person\\\/074811fdb159459dc686aa6cb9e250e9\",\"name\":\"Laia Font\",\"description\":\"(Sabadell, 1995). Estudi\u00f3 Periodismo en la Universidad Aut\u00f3noma de Barcelona y escribe sobre cultura, g\u00e9nero y pol\u00edtica. Actualmente, trabaja como escritora, traductora y Community Manager \\\"freelance\\\".\",\"sameAs\":[\"https:\\\/\\\/mrmomo.es\\\/autor\\\/Laia_Font.htm\\\/\",\"https:\\\/\\\/es.linkedin.com\\\/in\\\/laiafontme\"]}]}<\/script>\n<!-- \/ Yoast SEO plugin. -->","yoast_head_json":{"title":"El Sal\u00f3 del C\u00f3mic consolida su r\u00e9cord de visitantes - Revista Rambla","robots":{"index":"index","follow":"follow","max-snippet":"max-snippet:-1","max-image-preview":"max-image-preview:large","max-video-preview":"max-video-preview:-1"},"canonical":"https:\/\/www.revistarambla.com\/en\/el-salo-del-comic-consolida-su-record-de-visitantes\/","og_locale":"en_GB","og_type":"article","og_title":"El Sal\u00f3 del C\u00f3mic consolida su r\u00e9cord de visitantes - Revista Rambla","og_description":"La 35\u00aa edici\u00f3n del Sal\u00f3 del C\u00f3mic de Barcelona que ha tenido lugar del 30 de marzo al 2 de abril en la Fira de Barcelona cerraba ayer sus puertas con una cifra de asistencia de 118.000 visitantes, manteniendo as\u00ed el r\u00e9cord de visitantes al que se lleg\u00f3 en la [&hellip;]","og_url":"https:\/\/www.revistarambla.com\/en\/el-salo-del-comic-consolida-su-record-de-visitantes\/","og_site_name":"Revista Rambla","article_publisher":"https:\/\/www.facebook.com\/revistarambla\/","article_published_time":"2017-04-03T08:12:25+00:00","article_modified_time":"2021-12-20T18:53:29+00:00","og_image":[{"width":680,"height":466,"url":"https:\/\/www.revistarambla.com\/wp-content\/uploads\/2017\/04\/comic-01.jpg","type":"image\/jpeg"}],"author":"Laia Font","twitter_card":"summary_large_image","twitter_creator":"@revistarambla","twitter_site":"@revistarambla","twitter_misc":{"Written by":"Laia Font","Estimated reading time":"3 minutes"},"schema":{"@context":"https:\/\/schema.org","@graph":[{"@type":"Article","@id":"https:\/\/www.revistarambla.com\/el-salo-del-comic-consolida-su-record-de-visitantes\/#article","isPartOf":{"@id":"https:\/\/www.revistarambla.com\/el-salo-del-comic-consolida-su-record-de-visitantes\/"},"author":{"name":"Laia Font","@id":"https:\/\/www.revistarambla.com\/#\/schema\/person\/074811fdb159459dc686aa6cb9e250e9"},"headline":"El Sal\u00f3 del C\u00f3mic consolida su r\u00e9cord de visitantes","datePublished":"2017-04-03T08:12:25+00:00","dateModified":"2021-12-20T18:53:29+00:00","mainEntityOfPage":{"@id":"https:\/\/www.revistarambla.com\/el-salo-del-comic-consolida-su-record-de-visitantes\/"},"wordCount":622,"commentCount":0,"publisher":{"@id":"https:\/\/www.revistarambla.com\/#organization"},"image":{"@id":"https:\/\/www.revistarambla.com\/el-salo-del-comic-consolida-su-record-de-visitantes\/#primaryimage"},"thumbnailUrl":"https:\/\/www.revistarambla.com\/wp-content\/uploads\/2017\/04\/comic-01.jpg","articleSection":["Arte","Cultura"],"inLanguage":"en-GB","potentialAction":[{"@type":"CommentAction","name":"Comment","target":["https:\/\/www.revistarambla.com\/el-salo-del-comic-consolida-su-record-de-visitantes\/#respond"]}]},{"@type":"WebPage","@id":"https:\/\/www.revistarambla.com\/el-salo-del-comic-consolida-su-record-de-visitantes\/","url":"https:\/\/www.revistarambla.com\/el-salo-del-comic-consolida-su-record-de-visitantes\/","name":"El Sal\u00f3 del C\u00f3mic consolida su r\u00e9cord de visitantes - Revista Rambla","isPartOf":{"@id":"https:\/\/www.revistarambla.com\/#website"},"primaryImageOfPage":{"@id":"https:\/\/www.revistarambla.com\/el-salo-del-comic-consolida-su-record-de-visitantes\/#primaryimage"},"image":{"@id":"https:\/\/www.revistarambla.com\/el-salo-del-comic-consolida-su-record-de-visitantes\/#primaryimage"},"thumbnailUrl":"https:\/\/www.revistarambla.com\/wp-content\/uploads\/2017\/04\/comic-01.jpg","datePublished":"2017-04-03T08:12:25+00:00","dateModified":"2021-12-20T18:53:29+00:00","breadcrumb":{"@id":"https:\/\/www.revistarambla.com\/el-salo-del-comic-consolida-su-record-de-visitantes\/#breadcrumb"},"inLanguage":"en-GB","potentialAction":[{"@type":"ReadAction","target":["https:\/\/www.revistarambla.com\/el-salo-del-comic-consolida-su-record-de-visitantes\/"]}]},{"@type":"ImageObject","inLanguage":"en-GB","@id":"https:\/\/www.revistarambla.com\/el-salo-del-comic-consolida-su-record-de-visitantes\/#primaryimage","url":"https:\/\/www.revistarambla.com\/wp-content\/uploads\/2017\/04\/comic-01.jpg","contentUrl":"https:\/\/www.revistarambla.com\/wp-content\/uploads\/2017\/04\/comic-01.jpg","width":680,"height":466},{"@type":"BreadcrumbList","@id":"https:\/\/www.revistarambla.com\/el-salo-del-comic-consolida-su-record-de-visitantes\/#breadcrumb","itemListElement":[{"@type":"ListItem","position":1,"name":"Portada","item":"https:\/\/www.revistarambla.com\/"},{"@type":"ListItem","position":2,"name":"El Sal\u00f3 del C\u00f3mic consolida su r\u00e9cord de visitantes"}]},{"@type":"WebSite","@id":"https:\/\/www.revistarambla.com\/#website","url":"https:\/\/www.revistarambla.com\/","name":"Revista Rambla Barcelona","description":"Periodismo independiente","publisher":{"@id":"https:\/\/www.revistarambla.com\/#organization"},"potentialAction":[{"@type":"SearchAction","target":{"@type":"EntryPoint","urlTemplate":"https:\/\/www.revistarambla.com\/?s={search_term_string}"},"query-input":{"@type":"PropertyValueSpecification","valueRequired":true,"valueName":"search_term_string"}}],"inLanguage":"en-GB"},{"@type":"Organization","@id":"https:\/\/www.revistarambla.com\/#organization","name":"Revista Rambla","url":"https:\/\/www.revistarambla.com\/","logo":{"@type":"ImageObject","inLanguage":"en-GB","@id":"https:\/\/www.revistarambla.com\/#\/schema\/logo\/image\/","url":"https:\/\/www.revistarambla.com\/wp-content\/uploads\/2020\/09\/banner_rambla_1900x600_BB.png","contentUrl":"https:\/\/www.revistarambla.com\/wp-content\/uploads\/2020\/09\/banner_rambla_1900x600_BB.png","width":1900,"height":600,"caption":"Revista Rambla"},"image":{"@id":"https:\/\/www.revistarambla.com\/#\/schema\/logo\/image\/"},"sameAs":["https:\/\/www.facebook.com\/revistarambla\/","https:\/\/x.com\/revistarambla","https:\/\/www.instagram.com\/revista_rambla","https:\/\/es.linkedin.com\/company\/revista-rambla"]},{"@type":"Person","@id":"https:\/\/www.revistarambla.com\/#\/schema\/person\/074811fdb159459dc686aa6cb9e250e9","name":"Laia Font","description":"(Sabadell, 1995). Estudi\u00f3 Periodismo en la Universidad Aut\u00f3noma de Barcelona y escribe sobre cultura, g\u00e9nero y pol\u00edtica. Actualmente, trabaja como escritora, traductora y Community Manager \"freelance\".","sameAs":["https:\/\/mrmomo.es\/autor\/Laia_Font.htm\/","https:\/\/es.linkedin.com\/in\/laiafontme"]}]}},"_links":{"self":[{"href":"https:\/\/www.revistarambla.com\/en\/wp-json\/wp\/v2\/posts\/12112","targetHints":{"allow":["GET"]}}],"collection":[{"href":"https:\/\/www.revistarambla.com\/en\/wp-json\/wp\/v2\/posts"}],"about":[{"href":"https:\/\/www.revistarambla.com\/en\/wp-json\/wp\/v2\/types\/post"}],"author":[{"embeddable":true,"href":"https:\/\/www.revistarambla.com\/en\/wp-json\/wp\/v2\/users\/77"}],"replies":[{"embeddable":true,"href":"https:\/\/www.revistarambla.com\/en\/wp-json\/wp\/v2\/comments?post=12112"}],"version-history":[{"count":0,"href":"https:\/\/www.revistarambla.com\/en\/wp-json\/wp\/v2\/posts\/12112\/revisions"}],"wp:featuredmedia":[{"embeddable":true,"href":"https:\/\/www.revistarambla.com\/en\/wp-json\/wp\/v2\/media\/12113"}],"wp:attachment":[{"href":"https:\/\/www.revistarambla.com\/en\/wp-json\/wp\/v2\/media?parent=12112"}],"wp:term":[{"taxonomy":"category","embeddable":true,"href":"https:\/\/www.revistarambla.com\/en\/wp-json\/wp\/v2\/categories?post=12112"},{"taxonomy":"post_tag","embeddable":true,"href":"https:\/\/www.revistarambla.com\/en\/wp-json\/wp\/v2\/tags?post=12112"}],"curies":[{"name":"wp","href":"https:\/\/api.w.org\/{rel}","templated":true}]}}