{"id":1210,"date":"2011-11-05T10:39:27","date_gmt":"2011-11-05T10:39:27","guid":{"rendered":"https:\/\/www.revistarambla.com\/recuerda-mi-nombre-edifici-15o\/"},"modified":"2021-05-07T21:24:21","modified_gmt":"2021-05-07T19:24:21","slug":"recuerda-mi-nombre-edifici-15o","status":"publish","type":"post","link":"https:\/\/www.revistarambla.com\/en\/recuerda-mi-nombre-edifici-15o\/","title":{"rendered":"Recuerda mi nombre&#8230; &#8216;Edifici 15-O&#8217;"},"content":{"rendered":"<p>Actualmente en Espa\u00f1a hay 4.360.926 de desempleados registrados en las Oficinas de los Servicios P\u00fablicos de Empleo. Cuatro millones trescientos sesenta mil novecientas veintis\u00e9is personas no tienen trabajo en este pa\u00eds. Inscriptos que tienen prestaci\u00f3n por desempleo, subsidios, ayudas o nada.<\/p>\n<p>El desempleo prolongado conlleva otros problemas derivados. Por un lado, acarrea problemas relativos a la merma de la <span data-scayt_word=\"autoestima\" data-scaytid=\"4\">autoestima<\/span> de quien busca un trabajo y ve que toda su formaci\u00f3n, su experiencia laboral y vital no son valoradas. Por otro, tambi\u00e9n \u00a0comporta problemas vinculados a la cuesti\u00f3n estrictamente econ\u00f3mica: no poder hacer frente a los gastos prioritarios para seguir viviendo dignamente, lo cual a su vez genera a\u00fan m\u00e1s sufrimiento a la persona desempleada y a su entorno.<\/p>\n<p>Ante esta <span data-scayt_word=\"pauperizaci\u00f3n\" data-scaytid=\"5\">pauperizaci\u00f3n<\/span> de las econom\u00edas familiares son habituales las reacciones que <span data-scayt_word=\"culpabilizan\" data-scaytid=\"6\">culpabilizan<\/span> a las personas de no haber previsto esa situaci\u00f3n, de no haber hecho lo suficiente; incluso ellas mismas <span data-scayt_word=\"suelen\" data-scaytid=\"7\">suelen<\/span> plantearse as\u00ed los problemas. Sin embargo, esa lectura simplista, producto del discurso individualista hegem\u00f3nico que se\u00f1ala a la persona como \u00fanica responsable de sus \u00e9xitos, fracasos o problemas, es invalidada cuando se constata que <em>mi<\/em> problema no es s\u00f3lo m\u00edo sino <em>nuestro<\/em>, que somos muchos los que estamos en una situaci\u00f3n parecida, miles, millones\u2026 Concretamente: cuatro millones trescientos sesenta mil novecientas veintis\u00e9is. Entonces ya no se puede explicar esa situaci\u00f3n pensando que \u201ctal vez tendr\u00eda que haber hecho ese curso o tendr\u00eda que haber aguantado m\u00e1s en aquel otro trabajo\u201d, sino que la explicaci\u00f3n debe buscarse en el marco que ha hecho posible \u201cla destrucci\u00f3n de empleo\u201d como suele decirse. \u00bfPor qu\u00e9 destrucci\u00f3n?, \u00bfqu\u00e9 se produc\u00eda antes y ahora no?, \u00bfse produc\u00eda?, \u00bfa d\u00f3nde iban las ganancias?, \u00bfc\u00f3mo se repart\u00edan?, \u00bf<span data-scayt_word=\"qui\u00e9nes\" data-scaytid=\"8\">qui\u00e9nes<\/span> son los que se benefician con la crisis?, \u00bf<span data-scayt_word=\"qui\u00e9nes\" data-scaytid=\"9\">qui\u00e9nes<\/span> son los mayores perjudicados?, \u00bfc\u00f3mo se podr\u00eda cambiar esta situaci\u00f3n? Justamente en este contexto de crisis econ\u00f3mica muchas personas han comenzado a formularse \u00e9stas y muchas otras preguntas y tambi\u00e9n han comenzado a juntarse, a <span data-scayt_word=\"manifestarse\" data-scaytid=\"10\">manifestarse<\/span> y a buscar formas de resolver algunas necesidades concretas colectivamente.<\/p>\n<p>Muchas personas han comenzado a <span data-scayt_word=\"movilizarse\" data-scaytid=\"11\">movilizarse<\/span> y se han encontrado con otras que hace tiempo denuncian esos problemas y proponen distintas alternativas. La fuerza del movimiento del <span data-scayt_word=\"15M\" data-scaytid=\"12\">15M<\/span> (como se denomina a esta efervescencia contagiosa de disconformidad) radica en esa confluencia, en esa alianza de luchas que se amplifican. Dando lugar a acciones que sit\u00faan problem\u00e1ticas sociales en la agenda pol\u00edtica y <span data-scayt_word=\"medi\u00e1tica\" data-scaytid=\"13\">medi\u00e1tica<\/span>, que las esferas de poder institucional evitar\u00edan tratar, y proponen posibles formas de abordarlas.<\/p>\n<p>De ese modo, en relaci\u00f3n al problema <span data-scayt_word=\"habitacional\" data-scaytid=\"15\">habitacional<\/span>, el movimiento <span data-scayt_word=\"15M\" data-scaytid=\"14\">15M<\/span> se entrelaza con el movimiento <span data-scayt_word=\"okupa\" data-scaytid=\"16\">okupa<\/span> \u00a0y organizaciones como la Plataforma de Afectados por la Hipoteca (<span data-scayt_word=\"PAH\" data-scaytid=\"17\">PAH<\/span>) y la Asociaci\u00f3n \u201c500 x 20\u201d que denuncian, desde hace a\u00f1os, la dificultad en el acceso a una vivienda digna.<\/p>\n<p>Ahora son familias <span data-scayt_word=\"desahuciadas\" data-scaytid=\"18\">desahuciadas<\/span> las que han <span data-scayt_word=\"okupado\" data-scaytid=\"19\">okupado<\/span> un edificio vac\u00edo en el barrio de <span data-scayt_word=\"Verd\u00fan\" data-scaytid=\"20\">Verd\u00fan<\/span>, <span data-scayt_word=\"Nou\" data-scaytid=\"21\">Nou<\/span> <span data-scayt_word=\"Barris\" data-scaytid=\"22\">Barris<\/span>, despu\u00e9s de la manifestaci\u00f3n de los indignados realizada el 15 de octubre bajo el lema \u201cde la <span data-scayt_word=\"indignaci\u00f3\" data-scaytid=\"23\">indignaci\u00f3<\/span> a la <span data-scayt_word=\"acci\u00f3\u201d\" data-scaytid=\"24\">acci\u00f3\u201d<\/span>. \u201cCom <span data-scayt_word=\"s\u2019ent\u00e9n\" data-scaytid=\"25\">s\u2019ent\u00e9n<\/span> gent <span data-scayt_word=\"sense\" data-scaytid=\"26\">sense<\/span> casa, cases <span data-scayt_word=\"sense\" data-scaytid=\"27\">sense<\/span> gent\u201d cantaba entonces una multitud de persones que se identifican con las familias <span data-scayt_word=\"okupas\" data-scaytid=\"28\">okupas<\/span> porque les cuesta llegar a fin de mes, porque est\u00e1n desocupados o en su familia hay miembros en esa situaci\u00f3n, porque se sienten en la cuerda floja y saben que la red de apoyo familiar ya tiene mucha sobrecarga; o porque se han cuestionado la manera en c\u00f3mo est\u00e1 dise\u00f1ado el modelo econ\u00f3mico-pol\u00edtico-social que conlleva a que una minor\u00eda <span data-scayt_word=\"ostente\" data-scaytid=\"29\">ostente<\/span> el poder de los medios productivos y financieros, mientras a otros s\u00f3lo les reste tener la suerte y ser uno de los beneficiarios indirectos de ese mecanismo. Porque ahora ha comenzado a <span data-scayt_word=\"visualizarse\" data-scaytid=\"30\">visualizarse<\/span> la desigualdad en Europa, pero la distribuci\u00f3n desigual del poder y de la riqueza en el mundo no ha dejado de ser evidente, la cual tambi\u00e9n tiene su raz\u00f3n de ser en ese modelo productivo que beneficia a una minor\u00eda y que tiene como principal preocupaci\u00f3n por el capital productivo y financiero. Por eso, para que este modelo funcione, es prioritario garantizar la libre circulaci\u00f3n de divisas y bienes, no as\u00ed de las personas.<\/p>\n<p>Son tan importantes los bienes y divisas para continuar con la din\u00e1mica del modelo que las manifestaciones que <span data-scayt_word=\"concitan\" data-scaytid=\"31\">concitan<\/span> mayor atenci\u00f3n <span data-scayt_word=\"pol\u00edtico-medi\u00e1tica\" data-scaytid=\"32\">pol\u00edtico-medi\u00e1tica<\/span> son justamente las que interrumpen ese flujo (como el bloqueo del puerto de <span data-scayt_word=\"Oakland\" data-scaytid=\"33\">Oakland<\/span>, California) o ponen en cuesti\u00f3n la propiedad de los bienes.<\/p>\n<p>En estos momentos, las familias que <span data-scayt_word=\"okuparon\" data-scaytid=\"34\">okuparon<\/span> el edificio ubicado en la calle <span data-scayt_word=\"Almagro\" data-scaytid=\"35\">Almagro<\/span> 2-4 esperan la resoluci\u00f3n del juez del Juzgado penal n\u00ba6 de Barcelona sobre si considera si hay indicio de delito de usurpaci\u00f3n o no, mientras reciben muestras de un creciente apoyo social.<\/p>","protected":false},"excerpt":{"rendered":"<p>Actualmente en Espa\u00f1a hay 4.360.926 de desempleados registrados en las Oficinas de los Servicios P\u00fablicos de Empleo. Cuatro millones trescientos sesenta mil novecientas veintis\u00e9is personas no tienen trabajo en este pa\u00eds. Inscriptos que tienen prestaci\u00f3n por desempleo, subsidios, ayudas o nada. El desempleo prolongado conlleva otros problemas derivados. Por un [&hellip;]<\/p>\n","protected":false},"author":1,"featured_media":0,"comment_status":"open","ping_status":"open","sticky":false,"template":"","format":"standard","meta":{"footnotes":""},"categories":[72],"tags":[],"class_list":["post-1210","post","type-post","status-publish","format-standard","hentry","category-opinion"],"yoast_head":"<!-- This site is optimized with the Yoast SEO plugin v27.5 - https:\/\/yoast.com\/product\/yoast-seo-wordpress\/ -->\n<title>Recuerda mi nombre... &#039;Edifici 15-O&#039; - Revista Rambla<\/title>\n<meta name=\"robots\" content=\"index, follow, max-snippet:-1, max-image-preview:large, max-video-preview:-1\" \/>\n<link rel=\"canonical\" href=\"https:\/\/www.revistarambla.com\/en\/recuerda-mi-nombre-edifici-15o\/\" \/>\n<meta property=\"og:locale\" content=\"en_GB\" \/>\n<meta property=\"og:type\" content=\"article\" \/>\n<meta property=\"og:title\" content=\"Recuerda mi nombre... &#039;Edifici 15-O&#039; - Revista Rambla\" \/>\n<meta property=\"og:description\" content=\"Actualmente en Espa\u00f1a hay 4.360.926 de desempleados registrados en las Oficinas de los Servicios P\u00fablicos de Empleo. Cuatro millones trescientos sesenta mil novecientas veintis\u00e9is personas no tienen trabajo en este pa\u00eds. Inscriptos que tienen prestaci\u00f3n por desempleo, subsidios, ayudas o nada. El desempleo prolongado conlleva otros problemas derivados. Por un [&hellip;]\" \/>\n<meta property=\"og:url\" content=\"https:\/\/www.revistarambla.com\/en\/recuerda-mi-nombre-edifici-15o\/\" \/>\n<meta property=\"og:site_name\" content=\"Revista Rambla\" \/>\n<meta property=\"article:publisher\" content=\"https:\/\/www.facebook.com\/revistarambla\/\" \/>\n<meta property=\"article:published_time\" content=\"2011-11-05T10:39:27+00:00\" \/>\n<meta property=\"article:modified_time\" content=\"2021-05-07T19:24:21+00:00\" \/>\n<meta property=\"og:image\" content=\"https:\/\/i2.wp.com\/www.revistarambla.com\/wp-content\/uploads\/2015\/05\/pah-revistarambla-01.jpg?fit=682%2C430&ssl=1\" \/>\n\t<meta property=\"og:image:width\" content=\"682\" \/>\n\t<meta property=\"og:image:height\" content=\"430\" \/>\n\t<meta property=\"og:image:type\" content=\"image\/jpeg\" \/>\n<meta name=\"author\" content=\"Carol Porta\" \/>\n<meta name=\"twitter:card\" content=\"summary_large_image\" \/>\n<meta name=\"twitter:creator\" content=\"@revistarambla\" \/>\n<meta name=\"twitter:site\" content=\"@revistarambla\" \/>\n<meta name=\"twitter:label1\" content=\"Written by\" \/>\n\t<meta name=\"twitter:data1\" content=\"Carol Porta\" \/>\n\t<meta name=\"twitter:label2\" content=\"Estimated reading time\" \/>\n\t<meta name=\"twitter:data2\" content=\"4 minutes\" \/>\n<script type=\"application\/ld+json\" class=\"yoast-schema-graph\">{\"@context\":\"https:\\\/\\\/schema.org\",\"@graph\":[{\"@type\":\"Article\",\"@id\":\"https:\\\/\\\/www.revistarambla.com\\\/recuerda-mi-nombre-edifici-15o\\\/#article\",\"isPartOf\":{\"@id\":\"https:\\\/\\\/www.revistarambla.com\\\/recuerda-mi-nombre-edifici-15o\\\/\"},\"author\":{\"name\":\"Carol Porta\",\"@id\":\"https:\\\/\\\/www.revistarambla.com\\\/#\\\/schema\\\/person\\\/4a5652fc8c82df1f8593002d038cd79e\"},\"headline\":\"Recuerda mi nombre&#8230; &#8216;Edifici 15-O&#8217;\",\"datePublished\":\"2011-11-05T10:39:27+00:00\",\"dateModified\":\"2021-05-07T19:24:21+00:00\",\"mainEntityOfPage\":{\"@id\":\"https:\\\/\\\/www.revistarambla.com\\\/recuerda-mi-nombre-edifici-15o\\\/\"},\"wordCount\":856,\"commentCount\":0,\"publisher\":{\"@id\":\"https:\\\/\\\/www.revistarambla.com\\\/#organization\"},\"articleSection\":[\"Opiniones\"],\"inLanguage\":\"en-GB\",\"potentialAction\":[{\"@type\":\"CommentAction\",\"name\":\"Comment\",\"target\":[\"https:\\\/\\\/www.revistarambla.com\\\/recuerda-mi-nombre-edifici-15o\\\/#respond\"]}]},{\"@type\":\"WebPage\",\"@id\":\"https:\\\/\\\/www.revistarambla.com\\\/recuerda-mi-nombre-edifici-15o\\\/\",\"url\":\"https:\\\/\\\/www.revistarambla.com\\\/recuerda-mi-nombre-edifici-15o\\\/\",\"name\":\"Recuerda mi nombre... 'Edifici 15-O' - Revista Rambla\",\"isPartOf\":{\"@id\":\"https:\\\/\\\/www.revistarambla.com\\\/#website\"},\"datePublished\":\"2011-11-05T10:39:27+00:00\",\"dateModified\":\"2021-05-07T19:24:21+00:00\",\"breadcrumb\":{\"@id\":\"https:\\\/\\\/www.revistarambla.com\\\/recuerda-mi-nombre-edifici-15o\\\/#breadcrumb\"},\"inLanguage\":\"en-GB\",\"potentialAction\":[{\"@type\":\"ReadAction\",\"target\":[\"https:\\\/\\\/www.revistarambla.com\\\/recuerda-mi-nombre-edifici-15o\\\/\"]}]},{\"@type\":\"BreadcrumbList\",\"@id\":\"https:\\\/\\\/www.revistarambla.com\\\/recuerda-mi-nombre-edifici-15o\\\/#breadcrumb\",\"itemListElement\":[{\"@type\":\"ListItem\",\"position\":1,\"name\":\"Portada\",\"item\":\"https:\\\/\\\/www.revistarambla.com\\\/\"},{\"@type\":\"ListItem\",\"position\":2,\"name\":\"Recuerda mi nombre&#8230; &#8216;Edifici 15-O&#8217;\"}]},{\"@type\":\"WebSite\",\"@id\":\"https:\\\/\\\/www.revistarambla.com\\\/#website\",\"url\":\"https:\\\/\\\/www.revistarambla.com\\\/\",\"name\":\"Revista Rambla Barcelona\",\"description\":\"Periodismo independiente\",\"publisher\":{\"@id\":\"https:\\\/\\\/www.revistarambla.com\\\/#organization\"},\"potentialAction\":[{\"@type\":\"SearchAction\",\"target\":{\"@type\":\"EntryPoint\",\"urlTemplate\":\"https:\\\/\\\/www.revistarambla.com\\\/?s={search_term_string}\"},\"query-input\":{\"@type\":\"PropertyValueSpecification\",\"valueRequired\":true,\"valueName\":\"search_term_string\"}}],\"inLanguage\":\"en-GB\"},{\"@type\":\"Organization\",\"@id\":\"https:\\\/\\\/www.revistarambla.com\\\/#organization\",\"name\":\"Revista Rambla\",\"url\":\"https:\\\/\\\/www.revistarambla.com\\\/\",\"logo\":{\"@type\":\"ImageObject\",\"inLanguage\":\"en-GB\",\"@id\":\"https:\\\/\\\/www.revistarambla.com\\\/#\\\/schema\\\/logo\\\/image\\\/\",\"url\":\"https:\\\/\\\/www.revistarambla.com\\\/wp-content\\\/uploads\\\/2020\\\/09\\\/banner_rambla_1900x600_BB.png\",\"contentUrl\":\"https:\\\/\\\/www.revistarambla.com\\\/wp-content\\\/uploads\\\/2020\\\/09\\\/banner_rambla_1900x600_BB.png\",\"width\":1900,\"height\":600,\"caption\":\"Revista Rambla\"},\"image\":{\"@id\":\"https:\\\/\\\/www.revistarambla.com\\\/#\\\/schema\\\/logo\\\/image\\\/\"},\"sameAs\":[\"https:\\\/\\\/www.facebook.com\\\/revistarambla\\\/\",\"https:\\\/\\\/x.com\\\/revistarambla\",\"https:\\\/\\\/www.instagram.com\\\/revista_rambla\",\"https:\\\/\\\/es.linkedin.com\\\/company\\\/revista-rambla\"]},{\"@type\":\"Person\",\"@id\":\"https:\\\/\\\/www.revistarambla.com\\\/#\\\/schema\\\/person\\\/4a5652fc8c82df1f8593002d038cd79e\",\"name\":\"Carol Porta\"}]}<\/script>\n<!-- \/ Yoast SEO plugin. -->","yoast_head_json":{"title":"Recuerda mi nombre... 'Edifici 15-O' - Revista Rambla","robots":{"index":"index","follow":"follow","max-snippet":"max-snippet:-1","max-image-preview":"max-image-preview:large","max-video-preview":"max-video-preview:-1"},"canonical":"https:\/\/www.revistarambla.com\/en\/recuerda-mi-nombre-edifici-15o\/","og_locale":"en_GB","og_type":"article","og_title":"Recuerda mi nombre... 'Edifici 15-O' - Revista Rambla","og_description":"Actualmente en Espa\u00f1a hay 4.360.926 de desempleados registrados en las Oficinas de los Servicios P\u00fablicos de Empleo. Cuatro millones trescientos sesenta mil novecientas veintis\u00e9is personas no tienen trabajo en este pa\u00eds. Inscriptos que tienen prestaci\u00f3n por desempleo, subsidios, ayudas o nada. El desempleo prolongado conlleva otros problemas derivados. Por un [&hellip;]","og_url":"https:\/\/www.revistarambla.com\/en\/recuerda-mi-nombre-edifici-15o\/","og_site_name":"Revista Rambla","article_publisher":"https:\/\/www.facebook.com\/revistarambla\/","article_published_time":"2011-11-05T10:39:27+00:00","article_modified_time":"2021-05-07T19:24:21+00:00","og_image":[{"width":682,"height":430,"url":"https:\/\/i2.wp.com\/www.revistarambla.com\/wp-content\/uploads\/2015\/05\/pah-revistarambla-01.jpg?fit=682%2C430&ssl=1","type":"image\/jpeg"}],"author":"Carol Porta","twitter_card":"summary_large_image","twitter_creator":"@revistarambla","twitter_site":"@revistarambla","twitter_misc":{"Written by":"Carol Porta","Estimated reading time":"4 minutes"},"schema":{"@context":"https:\/\/schema.org","@graph":[{"@type":"Article","@id":"https:\/\/www.revistarambla.com\/recuerda-mi-nombre-edifici-15o\/#article","isPartOf":{"@id":"https:\/\/www.revistarambla.com\/recuerda-mi-nombre-edifici-15o\/"},"author":{"name":"Carol Porta","@id":"https:\/\/www.revistarambla.com\/#\/schema\/person\/4a5652fc8c82df1f8593002d038cd79e"},"headline":"Recuerda mi nombre&#8230; &#8216;Edifici 15-O&#8217;","datePublished":"2011-11-05T10:39:27+00:00","dateModified":"2021-05-07T19:24:21+00:00","mainEntityOfPage":{"@id":"https:\/\/www.revistarambla.com\/recuerda-mi-nombre-edifici-15o\/"},"wordCount":856,"commentCount":0,"publisher":{"@id":"https:\/\/www.revistarambla.com\/#organization"},"articleSection":["Opiniones"],"inLanguage":"en-GB","potentialAction":[{"@type":"CommentAction","name":"Comment","target":["https:\/\/www.revistarambla.com\/recuerda-mi-nombre-edifici-15o\/#respond"]}]},{"@type":"WebPage","@id":"https:\/\/www.revistarambla.com\/recuerda-mi-nombre-edifici-15o\/","url":"https:\/\/www.revistarambla.com\/recuerda-mi-nombre-edifici-15o\/","name":"Recuerda mi nombre... 'Edifici 15-O' - Revista Rambla","isPartOf":{"@id":"https:\/\/www.revistarambla.com\/#website"},"datePublished":"2011-11-05T10:39:27+00:00","dateModified":"2021-05-07T19:24:21+00:00","breadcrumb":{"@id":"https:\/\/www.revistarambla.com\/recuerda-mi-nombre-edifici-15o\/#breadcrumb"},"inLanguage":"en-GB","potentialAction":[{"@type":"ReadAction","target":["https:\/\/www.revistarambla.com\/recuerda-mi-nombre-edifici-15o\/"]}]},{"@type":"BreadcrumbList","@id":"https:\/\/www.revistarambla.com\/recuerda-mi-nombre-edifici-15o\/#breadcrumb","itemListElement":[{"@type":"ListItem","position":1,"name":"Portada","item":"https:\/\/www.revistarambla.com\/"},{"@type":"ListItem","position":2,"name":"Recuerda mi nombre&#8230; &#8216;Edifici 15-O&#8217;"}]},{"@type":"WebSite","@id":"https:\/\/www.revistarambla.com\/#website","url":"https:\/\/www.revistarambla.com\/","name":"Revista Rambla Barcelona","description":"Periodismo independiente","publisher":{"@id":"https:\/\/www.revistarambla.com\/#organization"},"potentialAction":[{"@type":"SearchAction","target":{"@type":"EntryPoint","urlTemplate":"https:\/\/www.revistarambla.com\/?s={search_term_string}"},"query-input":{"@type":"PropertyValueSpecification","valueRequired":true,"valueName":"search_term_string"}}],"inLanguage":"en-GB"},{"@type":"Organization","@id":"https:\/\/www.revistarambla.com\/#organization","name":"Revista Rambla","url":"https:\/\/www.revistarambla.com\/","logo":{"@type":"ImageObject","inLanguage":"en-GB","@id":"https:\/\/www.revistarambla.com\/#\/schema\/logo\/image\/","url":"https:\/\/www.revistarambla.com\/wp-content\/uploads\/2020\/09\/banner_rambla_1900x600_BB.png","contentUrl":"https:\/\/www.revistarambla.com\/wp-content\/uploads\/2020\/09\/banner_rambla_1900x600_BB.png","width":1900,"height":600,"caption":"Revista Rambla"},"image":{"@id":"https:\/\/www.revistarambla.com\/#\/schema\/logo\/image\/"},"sameAs":["https:\/\/www.facebook.com\/revistarambla\/","https:\/\/x.com\/revistarambla","https:\/\/www.instagram.com\/revista_rambla","https:\/\/es.linkedin.com\/company\/revista-rambla"]},{"@type":"Person","@id":"https:\/\/www.revistarambla.com\/#\/schema\/person\/4a5652fc8c82df1f8593002d038cd79e","name":"Carol Porta"}]}},"_links":{"self":[{"href":"https:\/\/www.revistarambla.com\/en\/wp-json\/wp\/v2\/posts\/1210","targetHints":{"allow":["GET"]}}],"collection":[{"href":"https:\/\/www.revistarambla.com\/en\/wp-json\/wp\/v2\/posts"}],"about":[{"href":"https:\/\/www.revistarambla.com\/en\/wp-json\/wp\/v2\/types\/post"}],"author":[{"embeddable":true,"href":"https:\/\/www.revistarambla.com\/en\/wp-json\/wp\/v2\/users\/1"}],"replies":[{"embeddable":true,"href":"https:\/\/www.revistarambla.com\/en\/wp-json\/wp\/v2\/comments?post=1210"}],"version-history":[{"count":0,"href":"https:\/\/www.revistarambla.com\/en\/wp-json\/wp\/v2\/posts\/1210\/revisions"}],"wp:attachment":[{"href":"https:\/\/www.revistarambla.com\/en\/wp-json\/wp\/v2\/media?parent=1210"}],"wp:term":[{"taxonomy":"category","embeddable":true,"href":"https:\/\/www.revistarambla.com\/en\/wp-json\/wp\/v2\/categories?post=1210"},{"taxonomy":"post_tag","embeddable":true,"href":"https:\/\/www.revistarambla.com\/en\/wp-json\/wp\/v2\/tags?post=1210"}],"curies":[{"name":"wp","href":"https:\/\/api.w.org\/{rel}","templated":true}]}}