{"id":1207,"date":"2011-11-03T07:28:13","date_gmt":"2011-11-03T06:28:13","guid":{"rendered":"https:\/\/www.revistarambla.com\/wanchen-los-catalanes-tendran-que-pedir-trabajo-a-los-chinos\/"},"modified":"2021-12-10T16:37:31","modified_gmt":"2021-12-10T15:37:31","slug":"wanchen-los-catalanes-tendran-que-pedir-trabajo-a-los-chinos","status":"publish","type":"post","link":"https:\/\/www.revistarambla.com\/en\/wanchen-los-catalanes-tendran-que-pedir-trabajo-a-los-chinos\/","title":{"rendered":"Lama Thubten Wangchen: \u00abLos catalanes tendr\u00e1n que pedir trabajo a los chinos\u00bb"},"content":{"rendered":"<p>El monje tibetano y director de la <em>Casa del Tibet<\/em> de Barcelona, Thubten Wangchen, finaliz\u00f3 ayer a las once de la ma\u00f1ana,\u00a0 una huelga de hambre de 48 horas. La protesta la ha llevado a cabo de forma p\u00fablica,\u00a0 junto a dos monjes m\u00e1s, en una carpa instalada en la plaza Universitat. Les han acompa\u00f1ado otras 10 personas, entre los que se encontraban tibetanos en el exilio, y tambi\u00e9n simpatizantes.<\/p>\n<p><img decoding=\"async\" class=\"aligncenter wp-image-4385 size-full\" src=\"https:\/\/www.revistarambla.com\/wp-content\/uploads\/2013\/12\/Thubten_Wangchen_rambla_03.jpg\" alt=\"alt\" width=\"700\" height=\"401\" srcset=\"https:\/\/www.revistarambla.com\/wp-content\/uploads\/2013\/12\/Thubten_Wangchen_rambla_03.jpg 700w, https:\/\/www.revistarambla.com\/wp-content\/uploads\/2013\/12\/Thubten_Wangchen_rambla_03-300x172.jpg 300w, https:\/\/www.revistarambla.com\/wp-content\/uploads\/2013\/12\/Thubten_Wangchen_rambla_03-500x286.jpg 500w\" sizes=\"(max-width: 700px) 100vw, 700px\" \/><\/p>\n<p>La\u00a0 huelga de hambre tuvo por objeto dar a conocer las recientes auto-inmolaciones llevadas a cabo en el <span data-scayt_word=\"T\u00edbet\" data-scaytid=\"9\">T\u00edbet<\/span> por j\u00f3venes monjas y monjes para pedir respeto a los derechos fundamentales de los tibetanos, y el regreso del <span data-scayt_word=\"Dalai\" data-scaytid=\"10\">Dalai<\/span> Lama.<\/p>\n<p>Ante el silencio de la comunidad internacional y de la prensa en general, provocado sobre todo por el bloqueo de China al acceso de cualquier persona a los lugares donde han ocurrido las inmolaciones, los tibetanos en el exilio, los grupos de apoyo al <span data-scayt_word=\"T\u00edbet\" data-scaytid=\"11\">T\u00edbet<\/span> y los simpatizantes de la causa tibetana de todo el mundo, est\u00e1n <span data-scayt_word=\"coordin\u00e1ndose\" data-scaytid=\"13\">coordin\u00e1ndose<\/span> para llevar a cabo campa\u00f1as globales de <span data-scayt_word=\"sensibilizaci\u00f3n\" data-scaytid=\"14\">sensibilizaci\u00f3n<\/span> y denuncia contra las pol\u00edticas del r\u00e9gimen chino en el <span data-scayt_word=\"T\u00edbet\" data-scaytid=\"12\">T\u00edbet<\/span>.<\/p>\n<p>En concreto, la <em><span data-scayt_word=\"Fundaci\u00f3\" data-scaytid=\"17\">Fundaci\u00f3<\/span> Casa del <span data-scayt_word=\"Tibet\" data-scaytid=\"15\">Tibet<\/span><\/em> y la Comunidad Tibetana, han preparado una serie de actos para pedir al Gobierno espa\u00f1ol que tome partido y solicite a China un cambio en su pol\u00edtica represiva en el territorio del <span data-scayt_word=\"T\u00edbet\" data-scaytid=\"16\">T\u00edbet<\/span>. El director de la fundaci\u00f3n afirma que no pide al gobierno espa\u00f1ol que deje de negociar con China, pero s\u00ed que no olvide el valor de la solidaridad hacia un pueblo que no tiene voz. Y a\u00f1ade: \u00abNo estamos pidiendo ayuda para una familia que pasa por apuros. Se est\u00e1 perdiendo una cultura. \u00a1Est\u00e1 desapareciendo una naci\u00f3n!\u00bb.<\/p>\n<p>Diez j\u00f3venes tibetanos han incendiado su propio cuerpo desde el pasado marzo para denunciar lo que consideran una injusticia y pedir el regreso del <span data-scayt_word=\"Dalai\" data-scaytid=\"18\">Dalai<\/span> Lama, as\u00ed como respeto a la libertad religiosa en el <span data-scayt_word=\"T\u00edbet\" data-scaytid=\"19\">T\u00edbet<\/span>. La mayor\u00eda de estos monjes eran del monasterio de <span data-scayt_word=\"Kirti\" data-scaytid=\"24\">Kirti<\/span>, en la regi\u00f3n de <span data-scayt_word=\"Ngaba\" data-scaytid=\"26\">Ngaba<\/span> (Aba en chino). <span data-scayt_word=\"Dawa\" data-scaytid=\"28\">Dawa<\/span> <span data-scayt_word=\"Tsering\" data-scaytid=\"29\">Tsering<\/span>, un monje tibetano de 38 a\u00f1os de edad, se <span data-scayt_word=\"inmol\u00f3\" data-scaytid=\"30\">inmol\u00f3<\/span> el pasado lunes, tras los muros del Monasterio de <span data-scayt_word=\"Kardze\" data-scaytid=\"31\">Kardze<\/span>, en el <span data-scayt_word=\"T\u00edbet\" data-scaytid=\"20\">T\u00edbet<\/span> oriental. Seg\u00fan fuentes de la Casa del <span data-scayt_word=\"T\u00edbet\" data-scaytid=\"21\">T\u00edbet<\/span>, periodistas de la <span data-scayt_word=\"AFP\" data-scaytid=\"32\">AFP<\/span> consiguieron llegar la semana pasada ante el Monasterio de <span data-scayt_word=\"Kirti\" data-scaytid=\"25\">Kirti<\/span> en la regi\u00f3n de <span data-scayt_word=\"Ngaba\" data-scaytid=\"27\">Ngaba<\/span> y clasificaron la situaci\u00f3n de \u00abEstado de sitio\u00bb. Seg\u00fan los periodistas: \u00abpolic\u00edas <span data-scayt_word=\"antimotines\" data-scaytid=\"33\">antimotines<\/span> montaban guardia equipados con ametralladoras y barras de hierro\u00bb.<\/p>\n<p>La acci\u00f3n ha contado con el apoyo de la Comunidad Tibetana de Espa\u00f1a. Las otras dos personas que han llevado a cabo la huelga de hambre junto a <span data-scayt_word=\"Wangchen\" data-scaytid=\"22\">Wangchen<\/span>, son dos monjes reci\u00e9n llegados de India de la Universidad mon\u00e1stica de Sera, que est\u00e1n en Europa realizando una gira de <span data-scayt_word=\"sensibilizaci\u00f3n\" data-scaytid=\"23\">sensibilizaci\u00f3n<\/span>.<\/p>\n<p>Otro de los actos estaba previsto para las 19:<span data-scayt_word=\"30h\" data-scaytid=\"36\">30h<\/span> del d\u00eda de ayer. Se trata de una marcha silenciosa y con velas desde la sede de la <em><span data-scayt_word=\"Fundaci\u00f3\" data-scaytid=\"34\">Fundaci\u00f3<\/span> Casa del <span data-scayt_word=\"Tibet\" data-scaytid=\"35\">Tibet<\/span><\/em> hasta la plaza Sant <span data-scayt_word=\"Jaume\" data-scaytid=\"37\">Jaume<\/span>. Esa misma acci\u00f3n estaba programada en las principales ciudades del mundo bajo el lema de \u00abD\u00eda Global de Acci\u00f3n\u201d, a la que se suman las manifestaciones programadas en el marco de la reuni\u00f3n del <span data-scayt_word=\"G20\" data-scaytid=\"38\">G20<\/span>, a la\u00a0 que han asistido los l\u00edderes de los pa\u00edses m\u00e1s influyentes del mundo, entre ellos el presidente de China, Hu <span data-scayt_word=\"Jintao\" data-scaytid=\"39\">Jintao<\/span>.<\/p>\n<p>De todo esto hemos estado conversando con <span data-scayt_word=\"Wangchen\" data-scaytid=\"40\">Wangchen<\/span>:<\/p>\n<p><strong>Durante el siglo <span data-scayt_word=\"XX\" data-scaytid=\"43\">XX<\/span> solo ha habido, por as\u00ed decirlo, dos invasiones coloniales: una es Palestina, y la otra el <span data-scayt_word=\"T\u00edbet\" data-scaytid=\"41\">T\u00edbet<\/span>. Parece que se mida de diferente manera, que medio mundo se preocupe de Palestina, y al <span data-scayt_word=\"T\u00edbet\" data-scaytid=\"42\">T\u00edbet<\/span> lo tengamos un poco olvidado&#8230;<\/strong><\/p>\n<p>Bueno, lo que pasa es que el pueblo Palestino es m\u00e1s potente.<\/p>\n<p><strong>Y utilizan las armas&#8230;<\/strong><\/p>\n<p>S\u00ed pero lo importante es que los palestinos no tienen a China detr\u00e1s&#8230;<\/p>\n<p><strong>Pero est\u00e1 <span data-scayt_word=\"Israel\" data-scaytid=\"44\">Israel<\/span>. Y los <span data-scayt_word=\"EEUU\u2026\" data-scaytid=\"45\">EEUU\u2026<\/span><\/strong><\/p>\n<p>S\u00ed, es verdad que los tibetanos somos un pueblo muy pac\u00edfico que seguimos la l\u00ednea de <span data-scayt_word=\"Mahatma\" data-scaytid=\"46\">Mahatma<\/span> <span data-scayt_word=\"Gandhi\" data-scaytid=\"47\">Gandhi<\/span> y nuestra arma de lucha siempre es la verdad, y la no violencia es nuestro camino: ni la sangre, ni las matanzas, solo el di\u00e1logo. Y dialogar \u00bfcon qui\u00e9n? con China es muy dif\u00edcil; pero nada es imposible.<\/p>\n<p><strong>\u00bfChina est\u00e1 llevando a cabo una limpieza cultural en <span data-scayt_word=\"T\u00edbet\" data-scaytid=\"48\">T\u00edbet<\/span>?<\/strong><\/p>\n<p>S\u00ed, estamos totalmente invadidos. <span data-scayt_word=\"T\u00edbet\" data-scaytid=\"49\">T\u00edbet<\/span> no es como un pueblo peque\u00f1o, como Andorra, ni como Espa\u00f1a;\u00a0 es cuatro veces Espa\u00f1a, es muy grande, y la gente no lo sabe. Somos seis millones, tenemos mucho terreno y eso le interesa a China, porque mil millones de chinos no caben en China. En <span data-scayt_word=\"T\u00edbet\" data-scaytid=\"50\">T\u00edbet<\/span> tenemos espacio. Y no solo eso. La gente piensa que el <span data-scayt_word=\"T\u00edbet\" data-scaytid=\"51\">T\u00edbet<\/span> es pobre porque no tenemos Corte Ingl\u00e9s, ni f\u00e1bricas de armas, ni aviones\u2026 pero somos muy ricos en naturaleza. El agua es muy importante, todos los grandes r\u00edos de la zona, el <span data-scayt_word=\"Ganges\" data-scaytid=\"55\">Ganges<\/span> por ejemplo, nacen en <span data-scayt_word=\"T\u00edbet\" data-scaytid=\"52\">T\u00edbet<\/span>. Adem\u00e1s hay grandes monta\u00f1as. Y uranio. El uranio para los tibetanos no es importante, porque no vamos a construir bombas nucleares, y respetamos a la madre tierra, no explotamos la naturaleza. Como los chinos sab\u00edan de esta riqueza, nos invadieron. En la invasi\u00f3n <span data-scayt_word=\"murieron\" data-scaytid=\"56\">murieron<\/span> m\u00e1s de un mill\u00f3n de tibetanos, incluida mi propia madre. Han pasado 52 a\u00f1os, y todos los tibetanos tienen la esperanza de que el gobierno chino va a cambiar, porque internacionalmente va a conseguir apoyo. El <span data-scayt_word=\"Dalai\" data-scaytid=\"53\">Dalai<\/span> Lama est\u00e1 trabajando fuera para eso. El mensaje del <span data-scayt_word=\"Dalai\" data-scaytid=\"54\">Dalai<\/span> Lama es siempre de paz, y que nadie muera.<\/p>\n<p><strong>\u00bfPor qu\u00e9 la huelga de hambre?<\/strong><\/p>\n<p>Desde este mes de octubre hay 20.000 soldados chinos desplegados en el <span data-scayt_word=\"T\u00edbet\" data-scaytid=\"57\">T\u00edbet<\/span>, dentro de los monasterios para vigilar a los monjes. Para <span data-scayt_word=\"reeducarlos\" data-scaytid=\"59\">reeducarlos<\/span> y obligarles a denunciar al <span data-scayt_word=\"Dalai\" data-scaytid=\"58\">Dalai<\/span> Lama. Si un monje no quiere denunciar, desaparece.<\/p>\n<p><strong>\u00bfPor qu\u00e9 cree que ahora China hace este movimiento?<\/strong><\/p>\n<p>Porque despu\u00e9s de 52 a\u00f1os de represi\u00f3n,\u00a0 quieren aniquilar hasta el idioma tibetano, porque no se parece en nada al chino, hasta el alfabeto es diferente. Y tambi\u00e9n la religi\u00f3n&#8230;<\/p>\n<p><strong>Pero parece que china se est\u00e1 abriendo ahora a las religiones \u00bfPor qu\u00e9 iban a hacer m\u00e1s presi\u00f3n?<\/strong><\/p>\n<p>La apertura religiosa de China existe, pero es muy superficial. Hay curas encarcelados. Ellos son comunistas, no tienen creencias. Si una determinada iglesia les puede aportar dinero, entonces est\u00e1n abiertos. Y lo que m\u00e1s les preocupa es que hay una parte de la poblaci\u00f3n china que est\u00e1 interesada en el budismo y en el <span data-scayt_word=\"Dalai\" data-scaytid=\"60\">Dalai<\/span> Lama, y eso les da miedo. Entonces <span data-scayt_word=\"empiezan\" data-scaytid=\"63\">empiezan<\/span> la reeducaci\u00f3n de los monjes. Los encarcelan y durante unos d\u00edas no les dan comida. Despu\u00e9s les dicen que porqu\u00e9 no le piden comida al <span data-scayt_word=\"Dalai\" data-scaytid=\"61\">Dalai<\/span> Lama, o a <span data-scayt_word=\"Buda\" data-scaytid=\"64\">Buda<\/span>. Pretenden que denuncien al <span data-scayt_word=\"Dalai\" data-scaytid=\"62\">Dalai<\/span> Lama por jefe feudal o terrorista,\u00a0 pero ellos se niegan. Hay 300 monjes desaparecidos.\u00a0 Y por eso desde marzo diez monjes\u00a0 y una monja se han <span data-scayt_word=\"autoinmolado\" data-scaytid=\"65\">autoinmolado<\/span>. Es una pena\u2026<\/p>\n<p><strong>Es una mala forma de protestar&#8230;<\/strong><\/p>\n<p>S\u00ed. Nosotros lo tenemos prohibido, pero ellos consideran que, si no llevan a cabo estas acciones, la prensa internacional no va a hablar del <span data-scayt_word=\"T\u00edbet\" data-scaytid=\"66\">T\u00edbet<\/span>. Se toman de ejemplo unos a otros. Est\u00e1n muy desesperados, porque la paciencia tiene un l\u00edmite. Por eso si el gobierno chino no <span data-scayt_word=\"afloja\" data-scaytid=\"69\">afloja<\/span> un poco, habr\u00e1n m\u00e1s. Algunos j\u00f3venes tibetanos hab\u00edan pedido permiso al <span data-scayt_word=\"Dalai\" data-scaytid=\"67\">Dalai<\/span> Lama para actuar con bombas, o matando, pero el <span data-scayt_word=\"Dalai\" data-scaytid=\"68\">Dalai<\/span> Lama ha pedido que mientras est\u00e9 vivo no haya sangre.<\/p>\n<p><strong>\u00bfEntonces cree que esa nueva represi\u00f3n de china hacia el <span data-scayt_word=\"T\u00edbet\" data-scaytid=\"70\">T\u00edbet<\/span> es por su miedo interno a que la gente se convierta?<\/strong><\/p>\n<p>Sin duda, porque el budismo es muy fuerte entre los tibetanos, no somos fan\u00e1ticos pero lo llevamos en el coraz\u00f3n. Y la gente quiere saber del <span data-scayt_word=\"Dalai\" data-scaytid=\"71\">Dalai<\/span> Lama. Hace tres semana el <span data-scayt_word=\"Dalai\" data-scaytid=\"72\">Dalai<\/span> Lama ha hecho una ense\u00f1anza budista en India, y casi mil chinos fueron a india para recibir sus ense\u00f1anzas.<\/p>\n<p><strong>La mayor\u00eda de la poblaci\u00f3n china considera a los tibetanos como terroristas \u00bfA qu\u00e9 es debida esa imagen?<\/strong><\/p>\n<p>Es muy buena pregunta. El gobierno chino solo quiere ense\u00f1ar la parte positiva de China, y esconder todo lo negativo. La propaganda que hace China es que el <span data-scayt_word=\"T\u00edbet\" data-scaytid=\"73\">T\u00edbet<\/span> antes era pobre, feudal, y ahora el gobierno chino ha tra\u00eddo el desarrollo y el progreso, y que los tibetanos est\u00e1n mucho m\u00e1s contentos ahora que con el r\u00e9gimen del <span data-scayt_word=\"Dalai\" data-scaytid=\"76\">Dalai<\/span> Lama. En China hay solo la televisi\u00f3n oficial, y est\u00e1 controlada por el r\u00e9gimen comunista chino. El <span data-scayt_word=\"Dalai\" data-scaytid=\"77\">Dalai<\/span> Lama es premio <span data-scayt_word=\"Nobel\" data-scaytid=\"78\">Nobel<\/span> de la paz, todo el mundo ha reconocido esto, pero ellos dicen que somos terroristas. \u00bfQuien lo va a creer? Los chinos llevan muchos a\u00f1os escuchando esto. En 2008 hubo una manifestaci\u00f3n en el <span data-scayt_word=\"T\u00edbet\" data-scaytid=\"74\">T\u00edbet<\/span>, despu\u00e9s de los juegos, y los propios militares chinos se raparon el pelo, se vistieron de monje y se armaron con fusiles, para decir a la poblaci\u00f3n que usamos armas. Y los chinos, pobres, no tienen otros medios de informaci\u00f3n. Incluso los chinos que viven aqu\u00ed, en <span data-scayt_word=\"BCN\" data-scaytid=\"79\">BCN<\/span>, en sus tiendas tienen propaganda contra el <span data-scayt_word=\"T\u00edbet\" data-scaytid=\"75\">T\u00edbet<\/span>.<\/p>\n<p><strong>Usted que vive aqu\u00ed en Barcelona \u00bfha tenido alg\u00fan problema con la poblaci\u00f3n China instalada en la ciudad?<\/strong><\/p>\n<p>Directamente no, porque est\u00e1n muy ocupados con su tienda o su restaurante, y adem\u00e1s no son malos, no son pol\u00edticos ni nada, ellos escaparon de China, a trav\u00e9s de la <span data-scayt_word=\"mafia\" data-scaytid=\"83\">mafia<\/span> o como sea, para conseguir mejor vida. Yo antes iba a restaurantes chinos y me hablaban en chino, porque <span data-scayt_word=\"piensan\" data-scaytid=\"84\">piensan<\/span> que <span data-scayt_word=\"T\u00edbet\" data-scaytid=\"80\">T\u00edbet<\/span> es chino, y yo no entiendo el chino ni me considero chino. Ya no voy, porque no puedo comer a gusto. Despu\u00e9s del 2008, el gobierno chino ha hecho tanta propaganda negativa del <span data-scayt_word=\"T\u00edbet\" data-scaytid=\"81\">T\u00edbet<\/span> que por la calle casi todos lo chinos me miran mal. Yo les saludo con una sonrisa, porque <span data-scayt_word=\"Dalai\" data-scaytid=\"82\">Dalai<\/span> Lama siempre dice que tenemos que hacer amistad con los chinos, pobres, porque ellos no entienden porque no tienen informaci\u00f3n. Los chinos no son tontos, pero no tienen informaci\u00f3n. En china no pueden abrir ni el <span data-scayt_word=\"Google\" data-scaytid=\"85\">Google<\/span>.<\/p>\n<p><strong>Pero con las nuevas generaciones de Chinos que ya se han criado aqu\u00ed, lo <span data-scayt_word=\"tendr\u00e9is\" data-scaytid=\"89\">tendr\u00e9is<\/span> m\u00e1s f\u00e1cil para hacerles entender lo que pasa en <span data-scayt_word=\"T\u00edbet\" data-scaytid=\"86\">T\u00edbet<\/span> \u00bfno?<\/strong><\/p>\n<p>En Espa\u00f1a no se da, pero en Am\u00e9rica, por ejemplo, hay muchos chinos universitarios, intelectuales, y cuando va el <span data-scayt_word=\"Dalai\" data-scaytid=\"87\">Dalai<\/span> Lama conversan con \u00e9l, porque est\u00e1n a favor. En Par\u00eds tambi\u00e9n, y en Ginebra, en Suiza&#8230; todos se est\u00e1n acercando. Ellos pueden entrar en Internet y conocen todas las noticias, y est\u00e1n apoyando al <span data-scayt_word=\"T\u00edbet\" data-scaytid=\"88\">T\u00edbet<\/span>. Tambi\u00e9n los catalanes, estos dos d\u00edas han respondido muy bien.<\/p>\n<p><strong>\u00bfHa venido mucha gente a verles, en estos dos d\u00edas de huelga de hambre?<\/strong><\/p>\n<p>S\u00ed, s\u00ed, ha venido mucha gente, y algunos pol\u00edticos&#8230;<\/p>\n<p><strong>Estamos en <span data-scayt_word=\"precampa\u00f1a\" data-scaytid=\"90\">precampa\u00f1a<\/span> \u00bfcree que eso influye para que se dejen ver? \u00bfo recibe la misma atenci\u00f3n habitualmente?<\/strong><\/p>\n<p>No s\u00e9, siempre tienen muy buenas palabras, despu\u00e9s ellos no son independientes. Ahora he o\u00eddo que incluso la <span data-scayt_word=\"Generalitat\" data-scaytid=\"91\">Generalitat<\/span> acaba de realizar un pacto con China&#8230;<\/p>\n<p><strong>A pesar de todo, comentaba al principio que en el <span data-scayt_word=\"T\u00edbet\" data-scaytid=\"92\">T\u00edbet<\/span> hay esperanza&#8230;<\/strong><\/p>\n<p>Esperanza hay que tener siempre, si no, no llegas a ning\u00fan sitio. <span data-scayt_word=\"Mahatma\" data-scaytid=\"93\">Mahatma<\/span> <span data-scayt_word=\"Gandhi\" data-scaytid=\"94\">Gandhi<\/span> consigui\u00f3 la independencia de India despu\u00e9s de ciento y pico a\u00f1os. Nosotros solo llevamos 52 a\u00f1os. Siguiendo el camino de no violencia de <span data-scayt_word=\"Gandhi\" data-scaytid=\"95\">Gandhi<\/span> y el <span data-scayt_word=\"Dalai\" data-scaytid=\"96\">Dalai<\/span> Lama\u2026 la verdad tambi\u00e9n tiene poder.<\/p>\n<p><strong>\u00bfPero cree que el cambio econ\u00f3mico de China les llevar\u00e1 a un cambio pol\u00edtico que de alguna manera beneficie al <span data-scayt_word=\"T\u00edbet\" data-scaytid=\"97\">T\u00edbet<\/span>?<\/strong><\/p>\n<p>Econ\u00f3micamente todo el mundo est\u00e1 equivocado. Todos buscan felicidad y paz, y <span data-scayt_word=\"piensan\" data-scaytid=\"98\">piensan<\/span> que la felicidad est\u00e1 en el mercado, en vender y comprar. Esa felicidad es temporal, no dura. Da m\u00e1s tensi\u00f3n, m\u00e1s <span data-scayt_word=\"estr\u00e9s\" data-scaytid=\"99\">estr\u00e9s<\/span>,\u00a0 y al final muere m\u00e1s gente de ataques de coraz\u00f3n [risas]. Ahora hay crisis econ\u00f3mica, pero m\u00e1s aun de valores y de libertad, de derechos humanos. La gente se olvida de eso y solo ven el negocio con China, que vende barato. Pero el bar con nombre catal\u00e1n ya es chino, y el restaurante japon\u00e9s, tambi\u00e9n. Dentro de cinco o diez a\u00f1os los catalanes tendr\u00e1n que pedir trabajo a los chinos. Es tambi\u00e9n una forma de invasi\u00f3n. Mi mensaje es que hagan negocio con chinos, no podemos prohibir, compren <em><span data-scayt_word=\"made\" data-scaytid=\"100\">made<\/span><\/em> <em>in<\/em> <em>china<\/em>, pero a la vez vendan al mundo un mensaje de paz y armon\u00eda\u2026<\/p>\n","protected":false},"excerpt":{"rendered":"<p>El monje tibetano y director de la Casa del Tibet de Barcelona, Thubten Wangchen, finaliz\u00f3 ayer a las once de la ma\u00f1ana,\u00a0 una huelga de hambre de 48 horas. La protesta la ha llevado a cabo de forma p\u00fablica,\u00a0 junto a dos monjes m\u00e1s, en una carpa instalada en la [&hellip;]<\/p>\n","protected":false},"author":51,"featured_media":4385,"comment_status":"open","ping_status":"open","sticky":false,"template":"","format":"standard","meta":{"footnotes":""},"categories":[3,76],"tags":[],"class_list":["post-1207","post","type-post","status-publish","format-standard","has-post-thumbnail","hentry","category-actualidad","category-barcelona"],"yoast_head":"<!-- This site is optimized with the Yoast SEO plugin v27.5 - https:\/\/yoast.com\/product\/yoast-seo-wordpress\/ -->\n<title>Lama Thubten Wangchen: &quot;Los catalanes tendr\u00e1n que pedir trabajo a los chinos&quot; - Revista Rambla<\/title>\n<meta name=\"robots\" content=\"index, follow, max-snippet:-1, max-image-preview:large, max-video-preview:-1\" \/>\n<link rel=\"canonical\" href=\"https:\/\/www.revistarambla.com\/en\/wanchen-los-catalanes-tendran-que-pedir-trabajo-a-los-chinos\/\" \/>\n<meta property=\"og:locale\" content=\"en_GB\" \/>\n<meta property=\"og:type\" content=\"article\" \/>\n<meta property=\"og:title\" content=\"Lama Thubten Wangchen: &quot;Los catalanes tendr\u00e1n que pedir trabajo a los chinos&quot; - Revista Rambla\" \/>\n<meta property=\"og:description\" content=\"El monje tibetano y director de la Casa del Tibet de Barcelona, Thubten Wangchen, finaliz\u00f3 ayer a las once de la ma\u00f1ana,\u00a0 una huelga de hambre de 48 horas. La protesta la ha llevado a cabo de forma p\u00fablica,\u00a0 junto a dos monjes m\u00e1s, en una carpa instalada en la [&hellip;]\" \/>\n<meta property=\"og:url\" content=\"https:\/\/www.revistarambla.com\/en\/wanchen-los-catalanes-tendran-que-pedir-trabajo-a-los-chinos\/\" \/>\n<meta property=\"og:site_name\" content=\"Revista Rambla\" \/>\n<meta property=\"article:publisher\" content=\"https:\/\/www.facebook.com\/revistarambla\/\" \/>\n<meta property=\"article:published_time\" content=\"2011-11-03T06:28:13+00:00\" \/>\n<meta property=\"article:modified_time\" content=\"2021-12-10T15:37:31+00:00\" \/>\n<meta property=\"og:image\" content=\"https:\/\/www.revistarambla.com\/wp-content\/uploads\/2013\/12\/Thubten_Wangchen_rambla_03.jpg\" \/>\n\t<meta property=\"og:image:width\" content=\"700\" \/>\n\t<meta property=\"og:image:height\" content=\"401\" \/>\n\t<meta property=\"og:image:type\" content=\"image\/jpeg\" \/>\n<meta name=\"author\" content=\"Elena Fern\u00e1ndez Mart\u00ednez\" \/>\n<meta name=\"twitter:card\" content=\"summary_large_image\" \/>\n<meta name=\"twitter:creator\" content=\"@revistarambla\" \/>\n<meta name=\"twitter:site\" content=\"@revistarambla\" \/>\n<meta name=\"twitter:label1\" content=\"Written by\" \/>\n\t<meta name=\"twitter:data1\" content=\"Elena Fern\u00e1ndez Mart\u00ednez\" \/>\n\t<meta name=\"twitter:label2\" content=\"Estimated reading time\" \/>\n\t<meta name=\"twitter:data2\" content=\"10 minutes\" \/>\n<script type=\"application\/ld+json\" class=\"yoast-schema-graph\">{\"@context\":\"https:\\\/\\\/schema.org\",\"@graph\":[{\"@type\":\"Article\",\"@id\":\"https:\\\/\\\/www.revistarambla.com\\\/wanchen-los-catalanes-tendran-que-pedir-trabajo-a-los-chinos\\\/#article\",\"isPartOf\":{\"@id\":\"https:\\\/\\\/www.revistarambla.com\\\/wanchen-los-catalanes-tendran-que-pedir-trabajo-a-los-chinos\\\/\"},\"author\":{\"name\":\"Elena Fern\u00e1ndez Mart\u00ednez\",\"@id\":\"https:\\\/\\\/www.revistarambla.com\\\/#\\\/schema\\\/person\\\/044b43a8aa317042559e094f7deaf33c\"},\"headline\":\"Lama Thubten Wangchen: \u00abLos catalanes tendr\u00e1n que pedir trabajo a los chinos\u00bb\",\"datePublished\":\"2011-11-03T06:28:13+00:00\",\"dateModified\":\"2021-12-10T15:37:31+00:00\",\"mainEntityOfPage\":{\"@id\":\"https:\\\/\\\/www.revistarambla.com\\\/wanchen-los-catalanes-tendran-que-pedir-trabajo-a-los-chinos\\\/\"},\"wordCount\":2210,\"commentCount\":0,\"publisher\":{\"@id\":\"https:\\\/\\\/www.revistarambla.com\\\/#organization\"},\"image\":{\"@id\":\"https:\\\/\\\/www.revistarambla.com\\\/wanchen-los-catalanes-tendran-que-pedir-trabajo-a-los-chinos\\\/#primaryimage\"},\"thumbnailUrl\":\"https:\\\/\\\/www.revistarambla.com\\\/wp-content\\\/uploads\\\/2013\\\/12\\\/Thubten_Wangchen_rambla_03.jpg\",\"articleSection\":[\"Actualidad\",\"Barcelona\"],\"inLanguage\":\"en-GB\",\"potentialAction\":[{\"@type\":\"CommentAction\",\"name\":\"Comment\",\"target\":[\"https:\\\/\\\/www.revistarambla.com\\\/wanchen-los-catalanes-tendran-que-pedir-trabajo-a-los-chinos\\\/#respond\"]}]},{\"@type\":\"WebPage\",\"@id\":\"https:\\\/\\\/www.revistarambla.com\\\/wanchen-los-catalanes-tendran-que-pedir-trabajo-a-los-chinos\\\/\",\"url\":\"https:\\\/\\\/www.revistarambla.com\\\/wanchen-los-catalanes-tendran-que-pedir-trabajo-a-los-chinos\\\/\",\"name\":\"Lama Thubten Wangchen: \\\"Los catalanes tendr\u00e1n que pedir trabajo a los chinos\\\" - Revista Rambla\",\"isPartOf\":{\"@id\":\"https:\\\/\\\/www.revistarambla.com\\\/#website\"},\"primaryImageOfPage\":{\"@id\":\"https:\\\/\\\/www.revistarambla.com\\\/wanchen-los-catalanes-tendran-que-pedir-trabajo-a-los-chinos\\\/#primaryimage\"},\"image\":{\"@id\":\"https:\\\/\\\/www.revistarambla.com\\\/wanchen-los-catalanes-tendran-que-pedir-trabajo-a-los-chinos\\\/#primaryimage\"},\"thumbnailUrl\":\"https:\\\/\\\/www.revistarambla.com\\\/wp-content\\\/uploads\\\/2013\\\/12\\\/Thubten_Wangchen_rambla_03.jpg\",\"datePublished\":\"2011-11-03T06:28:13+00:00\",\"dateModified\":\"2021-12-10T15:37:31+00:00\",\"breadcrumb\":{\"@id\":\"https:\\\/\\\/www.revistarambla.com\\\/wanchen-los-catalanes-tendran-que-pedir-trabajo-a-los-chinos\\\/#breadcrumb\"},\"inLanguage\":\"en-GB\",\"potentialAction\":[{\"@type\":\"ReadAction\",\"target\":[\"https:\\\/\\\/www.revistarambla.com\\\/wanchen-los-catalanes-tendran-que-pedir-trabajo-a-los-chinos\\\/\"]}]},{\"@type\":\"ImageObject\",\"inLanguage\":\"en-GB\",\"@id\":\"https:\\\/\\\/www.revistarambla.com\\\/wanchen-los-catalanes-tendran-que-pedir-trabajo-a-los-chinos\\\/#primaryimage\",\"url\":\"https:\\\/\\\/www.revistarambla.com\\\/wp-content\\\/uploads\\\/2013\\\/12\\\/Thubten_Wangchen_rambla_03.jpg\",\"contentUrl\":\"https:\\\/\\\/www.revistarambla.com\\\/wp-content\\\/uploads\\\/2013\\\/12\\\/Thubten_Wangchen_rambla_03.jpg\",\"width\":700,\"height\":401,\"caption\":\"alt\"},{\"@type\":\"BreadcrumbList\",\"@id\":\"https:\\\/\\\/www.revistarambla.com\\\/wanchen-los-catalanes-tendran-que-pedir-trabajo-a-los-chinos\\\/#breadcrumb\",\"itemListElement\":[{\"@type\":\"ListItem\",\"position\":1,\"name\":\"Portada\",\"item\":\"https:\\\/\\\/www.revistarambla.com\\\/\"},{\"@type\":\"ListItem\",\"position\":2,\"name\":\"Lama Thubten Wangchen: \u00abLos catalanes tendr\u00e1n que pedir trabajo a los chinos\u00bb\"}]},{\"@type\":\"WebSite\",\"@id\":\"https:\\\/\\\/www.revistarambla.com\\\/#website\",\"url\":\"https:\\\/\\\/www.revistarambla.com\\\/\",\"name\":\"Revista Rambla Barcelona\",\"description\":\"Periodismo independiente\",\"publisher\":{\"@id\":\"https:\\\/\\\/www.revistarambla.com\\\/#organization\"},\"potentialAction\":[{\"@type\":\"SearchAction\",\"target\":{\"@type\":\"EntryPoint\",\"urlTemplate\":\"https:\\\/\\\/www.revistarambla.com\\\/?s={search_term_string}\"},\"query-input\":{\"@type\":\"PropertyValueSpecification\",\"valueRequired\":true,\"valueName\":\"search_term_string\"}}],\"inLanguage\":\"en-GB\"},{\"@type\":\"Organization\",\"@id\":\"https:\\\/\\\/www.revistarambla.com\\\/#organization\",\"name\":\"Revista Rambla\",\"url\":\"https:\\\/\\\/www.revistarambla.com\\\/\",\"logo\":{\"@type\":\"ImageObject\",\"inLanguage\":\"en-GB\",\"@id\":\"https:\\\/\\\/www.revistarambla.com\\\/#\\\/schema\\\/logo\\\/image\\\/\",\"url\":\"https:\\\/\\\/www.revistarambla.com\\\/wp-content\\\/uploads\\\/2020\\\/09\\\/banner_rambla_1900x600_BB.png\",\"contentUrl\":\"https:\\\/\\\/www.revistarambla.com\\\/wp-content\\\/uploads\\\/2020\\\/09\\\/banner_rambla_1900x600_BB.png\",\"width\":1900,\"height\":600,\"caption\":\"Revista Rambla\"},\"image\":{\"@id\":\"https:\\\/\\\/www.revistarambla.com\\\/#\\\/schema\\\/logo\\\/image\\\/\"},\"sameAs\":[\"https:\\\/\\\/www.facebook.com\\\/revistarambla\\\/\",\"https:\\\/\\\/x.com\\\/revistarambla\",\"https:\\\/\\\/www.instagram.com\\\/revista_rambla\",\"https:\\\/\\\/es.linkedin.com\\\/company\\\/revista-rambla\"]},{\"@type\":\"Person\",\"@id\":\"https:\\\/\\\/www.revistarambla.com\\\/#\\\/schema\\\/person\\\/044b43a8aa317042559e094f7deaf33c\",\"name\":\"Elena Fern\u00e1ndez Mart\u00ednez\",\"description\":\"Periodista \\\/ Corresponsal Londres.\"}]}<\/script>\n<!-- \/ Yoast SEO plugin. -->","yoast_head_json":{"title":"Lama Thubten Wangchen: \"Los catalanes tendr\u00e1n que pedir trabajo a los chinos\" - Revista Rambla","robots":{"index":"index","follow":"follow","max-snippet":"max-snippet:-1","max-image-preview":"max-image-preview:large","max-video-preview":"max-video-preview:-1"},"canonical":"https:\/\/www.revistarambla.com\/en\/wanchen-los-catalanes-tendran-que-pedir-trabajo-a-los-chinos\/","og_locale":"en_GB","og_type":"article","og_title":"Lama Thubten Wangchen: \"Los catalanes tendr\u00e1n que pedir trabajo a los chinos\" - Revista Rambla","og_description":"El monje tibetano y director de la Casa del Tibet de Barcelona, Thubten Wangchen, finaliz\u00f3 ayer a las once de la ma\u00f1ana,\u00a0 una huelga de hambre de 48 horas. La protesta la ha llevado a cabo de forma p\u00fablica,\u00a0 junto a dos monjes m\u00e1s, en una carpa instalada en la [&hellip;]","og_url":"https:\/\/www.revistarambla.com\/en\/wanchen-los-catalanes-tendran-que-pedir-trabajo-a-los-chinos\/","og_site_name":"Revista Rambla","article_publisher":"https:\/\/www.facebook.com\/revistarambla\/","article_published_time":"2011-11-03T06:28:13+00:00","article_modified_time":"2021-12-10T15:37:31+00:00","og_image":[{"width":700,"height":401,"url":"https:\/\/www.revistarambla.com\/wp-content\/uploads\/2013\/12\/Thubten_Wangchen_rambla_03.jpg","type":"image\/jpeg"}],"author":"Elena Fern\u00e1ndez Mart\u00ednez","twitter_card":"summary_large_image","twitter_creator":"@revistarambla","twitter_site":"@revistarambla","twitter_misc":{"Written by":"Elena Fern\u00e1ndez Mart\u00ednez","Estimated reading time":"10 minutes"},"schema":{"@context":"https:\/\/schema.org","@graph":[{"@type":"Article","@id":"https:\/\/www.revistarambla.com\/wanchen-los-catalanes-tendran-que-pedir-trabajo-a-los-chinos\/#article","isPartOf":{"@id":"https:\/\/www.revistarambla.com\/wanchen-los-catalanes-tendran-que-pedir-trabajo-a-los-chinos\/"},"author":{"name":"Elena Fern\u00e1ndez Mart\u00ednez","@id":"https:\/\/www.revistarambla.com\/#\/schema\/person\/044b43a8aa317042559e094f7deaf33c"},"headline":"Lama Thubten Wangchen: \u00abLos catalanes tendr\u00e1n que pedir trabajo a los chinos\u00bb","datePublished":"2011-11-03T06:28:13+00:00","dateModified":"2021-12-10T15:37:31+00:00","mainEntityOfPage":{"@id":"https:\/\/www.revistarambla.com\/wanchen-los-catalanes-tendran-que-pedir-trabajo-a-los-chinos\/"},"wordCount":2210,"commentCount":0,"publisher":{"@id":"https:\/\/www.revistarambla.com\/#organization"},"image":{"@id":"https:\/\/www.revistarambla.com\/wanchen-los-catalanes-tendran-que-pedir-trabajo-a-los-chinos\/#primaryimage"},"thumbnailUrl":"https:\/\/www.revistarambla.com\/wp-content\/uploads\/2013\/12\/Thubten_Wangchen_rambla_03.jpg","articleSection":["Actualidad","Barcelona"],"inLanguage":"en-GB","potentialAction":[{"@type":"CommentAction","name":"Comment","target":["https:\/\/www.revistarambla.com\/wanchen-los-catalanes-tendran-que-pedir-trabajo-a-los-chinos\/#respond"]}]},{"@type":"WebPage","@id":"https:\/\/www.revistarambla.com\/wanchen-los-catalanes-tendran-que-pedir-trabajo-a-los-chinos\/","url":"https:\/\/www.revistarambla.com\/wanchen-los-catalanes-tendran-que-pedir-trabajo-a-los-chinos\/","name":"Lama Thubten Wangchen: \"Los catalanes tendr\u00e1n que pedir trabajo a los chinos\" - Revista Rambla","isPartOf":{"@id":"https:\/\/www.revistarambla.com\/#website"},"primaryImageOfPage":{"@id":"https:\/\/www.revistarambla.com\/wanchen-los-catalanes-tendran-que-pedir-trabajo-a-los-chinos\/#primaryimage"},"image":{"@id":"https:\/\/www.revistarambla.com\/wanchen-los-catalanes-tendran-que-pedir-trabajo-a-los-chinos\/#primaryimage"},"thumbnailUrl":"https:\/\/www.revistarambla.com\/wp-content\/uploads\/2013\/12\/Thubten_Wangchen_rambla_03.jpg","datePublished":"2011-11-03T06:28:13+00:00","dateModified":"2021-12-10T15:37:31+00:00","breadcrumb":{"@id":"https:\/\/www.revistarambla.com\/wanchen-los-catalanes-tendran-que-pedir-trabajo-a-los-chinos\/#breadcrumb"},"inLanguage":"en-GB","potentialAction":[{"@type":"ReadAction","target":["https:\/\/www.revistarambla.com\/wanchen-los-catalanes-tendran-que-pedir-trabajo-a-los-chinos\/"]}]},{"@type":"ImageObject","inLanguage":"en-GB","@id":"https:\/\/www.revistarambla.com\/wanchen-los-catalanes-tendran-que-pedir-trabajo-a-los-chinos\/#primaryimage","url":"https:\/\/www.revistarambla.com\/wp-content\/uploads\/2013\/12\/Thubten_Wangchen_rambla_03.jpg","contentUrl":"https:\/\/www.revistarambla.com\/wp-content\/uploads\/2013\/12\/Thubten_Wangchen_rambla_03.jpg","width":700,"height":401,"caption":"alt"},{"@type":"BreadcrumbList","@id":"https:\/\/www.revistarambla.com\/wanchen-los-catalanes-tendran-que-pedir-trabajo-a-los-chinos\/#breadcrumb","itemListElement":[{"@type":"ListItem","position":1,"name":"Portada","item":"https:\/\/www.revistarambla.com\/"},{"@type":"ListItem","position":2,"name":"Lama Thubten Wangchen: \u00abLos catalanes tendr\u00e1n que pedir trabajo a los chinos\u00bb"}]},{"@type":"WebSite","@id":"https:\/\/www.revistarambla.com\/#website","url":"https:\/\/www.revistarambla.com\/","name":"Revista Rambla Barcelona","description":"Periodismo independiente","publisher":{"@id":"https:\/\/www.revistarambla.com\/#organization"},"potentialAction":[{"@type":"SearchAction","target":{"@type":"EntryPoint","urlTemplate":"https:\/\/www.revistarambla.com\/?s={search_term_string}"},"query-input":{"@type":"PropertyValueSpecification","valueRequired":true,"valueName":"search_term_string"}}],"inLanguage":"en-GB"},{"@type":"Organization","@id":"https:\/\/www.revistarambla.com\/#organization","name":"Revista Rambla","url":"https:\/\/www.revistarambla.com\/","logo":{"@type":"ImageObject","inLanguage":"en-GB","@id":"https:\/\/www.revistarambla.com\/#\/schema\/logo\/image\/","url":"https:\/\/www.revistarambla.com\/wp-content\/uploads\/2020\/09\/banner_rambla_1900x600_BB.png","contentUrl":"https:\/\/www.revistarambla.com\/wp-content\/uploads\/2020\/09\/banner_rambla_1900x600_BB.png","width":1900,"height":600,"caption":"Revista Rambla"},"image":{"@id":"https:\/\/www.revistarambla.com\/#\/schema\/logo\/image\/"},"sameAs":["https:\/\/www.facebook.com\/revistarambla\/","https:\/\/x.com\/revistarambla","https:\/\/www.instagram.com\/revista_rambla","https:\/\/es.linkedin.com\/company\/revista-rambla"]},{"@type":"Person","@id":"https:\/\/www.revistarambla.com\/#\/schema\/person\/044b43a8aa317042559e094f7deaf33c","name":"Elena Fern\u00e1ndez Mart\u00ednez","description":"Periodista \/ Corresponsal Londres."}]}},"_links":{"self":[{"href":"https:\/\/www.revistarambla.com\/en\/wp-json\/wp\/v2\/posts\/1207","targetHints":{"allow":["GET"]}}],"collection":[{"href":"https:\/\/www.revistarambla.com\/en\/wp-json\/wp\/v2\/posts"}],"about":[{"href":"https:\/\/www.revistarambla.com\/en\/wp-json\/wp\/v2\/types\/post"}],"author":[{"embeddable":true,"href":"https:\/\/www.revistarambla.com\/en\/wp-json\/wp\/v2\/users\/51"}],"replies":[{"embeddable":true,"href":"https:\/\/www.revistarambla.com\/en\/wp-json\/wp\/v2\/comments?post=1207"}],"version-history":[{"count":0,"href":"https:\/\/www.revistarambla.com\/en\/wp-json\/wp\/v2\/posts\/1207\/revisions"}],"wp:featuredmedia":[{"embeddable":true,"href":"https:\/\/www.revistarambla.com\/en\/wp-json\/wp\/v2\/media\/4385"}],"wp:attachment":[{"href":"https:\/\/www.revistarambla.com\/en\/wp-json\/wp\/v2\/media?parent=1207"}],"wp:term":[{"taxonomy":"category","embeddable":true,"href":"https:\/\/www.revistarambla.com\/en\/wp-json\/wp\/v2\/categories?post=1207"},{"taxonomy":"post_tag","embeddable":true,"href":"https:\/\/www.revistarambla.com\/en\/wp-json\/wp\/v2\/tags?post=1207"}],"curies":[{"name":"wp","href":"https:\/\/api.w.org\/{rel}","templated":true}]}}