{"id":1206,"date":"2011-11-02T06:15:49","date_gmt":"2011-11-02T05:15:49","guid":{"rendered":"https:\/\/www.revistarambla.com\/clausura-del-xvii-salon-del-manga\/"},"modified":"2021-12-16T21:05:36","modified_gmt":"2021-12-16T20:05:36","slug":"clausura-del-xvii-salon-del-manga","status":"publish","type":"post","link":"https:\/\/www.revistarambla.com\/en\/clausura-del-xvii-salon-del-manga\/","title":{"rendered":"Clausura del XVII Sal\u00f3n del Manga"},"content":{"rendered":"<p><img decoding=\"async\" class=\"wp-image-31611 alignright\" src=\"https:\/\/www.revistarambla.com\/wp-content\/uploads\/2011\/11\/6313352855_77f5462256_b-300x197.jpg\" alt=\"\" width=\"399\" height=\"262\" srcset=\"https:\/\/www.revistarambla.com\/wp-content\/uploads\/2011\/11\/6313352855_77f5462256_b-300x197.jpg 300w, https:\/\/www.revistarambla.com\/wp-content\/uploads\/2011\/11\/6313352855_77f5462256_b-768x505.jpg 768w, https:\/\/www.revistarambla.com\/wp-content\/uploads\/2011\/11\/6313352855_77f5462256_b-720x475.jpg 720w, https:\/\/www.revistarambla.com\/wp-content\/uploads\/2011\/11\/6313352855_77f5462256_b.jpg 1024w\" sizes=\"(max-width: 399px) 100vw, 399px\" \/>Despu\u00e9s de cuatro d\u00edas de intensa actividad, el recinto de la Farga despide el Sal\u00f3n del Manga. Esta edici\u00f3n se considera una de las m\u00e1s multitudinarias, con un total de 65.000 asistentes, reafirmando as\u00ed que este g\u00e9nero cuenta cada vez con m\u00e1s adeptos en nuestro pa\u00eds.<\/p>\n<p>Entre <span data-scayt_word=\"Tokio\" data-scaytid=\"10\">Tokio<\/span> y <span data-scayt_word=\"l\u2019Hospitalet\" data-scaytid=\"11\">l\u2019Hospitalet<\/span> de <span data-scayt_word=\"Llobregat\" data-scaytid=\"12\">Llobregat<\/span> hay unos cuantos kil\u00f3metros de distancia, pero durante este puente de Noviembre, la cultura nipona ha invadido la <span data-scayt_word=\"Farga\" data-scaytid=\"13\">Farga<\/span> y sus alrededores con miles de aficionados al g\u00e9nero Manga.<\/p>\n<p><span data-scayt_word=\"\u201cOtakus\u201d\" data-scaytid=\"14\">\u201cOtakus\u201d<\/span> de todas las edades, y gran parte de ellos disfrazados de sus personajes favoritos se han congregado en la XVII edici\u00f3n del Sal\u00f3n, que este a\u00f1o ha tenido como protagonistas a los <span data-scayt_word=\"samur\u00e1is\" data-scaytid=\"15\">samur\u00e1is<\/span>. La exposici\u00f3n <em><span data-scayt_word=\"Samur\u00e1is\" data-scaytid=\"16\">Samur\u00e1is<\/span> de papel<\/em>, de <span data-scayt_word=\"Hiroshi\" data-scaytid=\"17\">Hiroshi<\/span> <span data-scayt_word=\"Hirata\" data-scaytid=\"18\">Hirata<\/span>, fue uno de los principales atractivos de la feria.<\/p>\n<p>Adem\u00e1s, el Sal\u00f3n celebr\u00f3 otras actividades que tambi\u00e9n disfrutaron de numerosa audiencia como la actuaci\u00f3n de la banda de <span data-scayt_word=\"pop\" data-scaytid=\"19\">pop<\/span> coreano <span data-scayt_word=\"JYJ\" data-scaytid=\"20\">JYJ<\/span>, que congreg\u00f3 a centenares de incondicionales, la retrospectiva de la obra de Victoria Franc\u00e9s, <em>Luz en la oscuridad<\/em>, o el encuentro con los dobladores de <span data-scayt_word=\"Dragon\" data-scaytid=\"21\">Dragon<\/span> <span data-scayt_word=\"Ball\" data-scaytid=\"22\">Ball<\/span>.<\/p>\n<p>En el apartado de premios concedidos por el Sal\u00f3n, <span data-scayt_word=\"Akira\" data-scaytid=\"25\">Akira<\/span> <span data-scayt_word=\"Toriyama\" data-scaytid=\"26\">Toriyama<\/span>, el padre de los cl\u00e1sicos Doctor <span data-scayt_word=\"Slump\" data-scaytid=\"27\">Slump<\/span> y <span data-scayt_word=\"Dragon\" data-scaytid=\"23\">Dragon<\/span> <span data-scayt_word=\"Ball\" data-scaytid=\"24\">Ball<\/span>, fue reconocido como el mejor autor vivo de manga. Tambi\u00e9n fueron distinguidos con un galard\u00f3n el manga espa\u00f1ol <em>Dos espadas<\/em> y los japoneses <em><span data-scayt_word=\"Bakuman\" data-scaytid=\"28\">Bakuman<\/span><\/em>, <em>Instituto <span data-scayt_word=\"Ouran\" data-scaytid=\"29\">Ouran<\/span> <span data-scayt_word=\"Host\" data-scaytid=\"30\">Host<\/span> Club, <span data-scayt_word=\"XXXHOLIC\" data-scaytid=\"31\">XXXHOLIC<\/span> <\/em><span data-scayt_word=\"yThe\" data-scaytid=\"32\">y<em>The<\/em><\/span><em> <span data-scayt_word=\"Legend\" data-scaytid=\"33\">Legend<\/span> <span data-scayt_word=\"of\" data-scaytid=\"34\">of<\/span> <span data-scayt_word=\"Zelda\" data-scaytid=\"36\">Zelda<\/span>: <span data-scayt_word=\"The\" data-scaytid=\"37\">The<\/span> <span data-scayt_word=\"Phantom\" data-scaytid=\"39\">Phantom<\/span> <span data-scayt_word=\"Hourglass\" data-scaytid=\"40\">Hourglass<\/span><\/em>. La edici\u00f3n en <span data-scayt_word=\"DVD\" data-scaytid=\"41\">DVD<\/span> de <em>Princesa <span data-scayt_word=\"Mononoke\" data-scaytid=\"42\">Mononoke<\/span><\/em>, de <span data-scayt_word=\"Hayao\" data-scaytid=\"43\">Hayao<\/span> <span data-scayt_word=\"Miyazaki\" data-scaytid=\"44\">Miyazaki<\/span>, la serie de anime <em><span data-scayt_word=\"One\" data-scaytid=\"45\">One<\/span> <span data-scayt_word=\"Piece\" data-scaytid=\"46\">Piece<\/span><\/em> y el <span data-scayt_word=\"fanzine\" data-scaytid=\"97\">fanzine<\/span> <em><span data-scayt_word=\"Katz\" data-scaytid=\"98\">Katz<\/span><\/em>, de <span data-scayt_word=\"The\" data-scaytid=\"38\">The<\/span> <span data-scayt_word=\"Katz\" data-scaytid=\"99\">Katz<\/span> <span data-scayt_word=\"of\" data-scaytid=\"35\">of<\/span> <span data-scayt_word=\"the\" data-scaytid=\"100\">the<\/span> <span data-scayt_word=\"Zombies\" data-scaytid=\"101\">Zombies<\/span> tambi\u00e9n tuvieron premio.<\/p>\n<p>El <span data-scayt_word=\"conseller\" data-scaytid=\"47\">conseller<\/span> de Cultura de la <span data-scayt_word=\"Generalitat\" data-scaytid=\"48\">Generalitat<\/span>, <span data-scayt_word=\"Ferran\" data-scaytid=\"49\">Ferran<\/span> <span data-scayt_word=\"Mascarell\" data-scaytid=\"50\">Mascarell<\/span>, apunt\u00f3 que \u201cel certamen es ya todo un fen\u00f3meno cultural, social y econ\u00f3mico\u201d y destac\u00f3 la importancia de los valores de la cultura japonesa que se transmiten a trav\u00e9s del manga \u201ccomo el sacrificio, la lealtad, el honor o la disciplina\u201d.<\/p>","protected":false},"excerpt":{"rendered":"<p>Despu\u00e9s de cuatro d\u00edas de intensa actividad, el recinto de la Farga despide el Sal\u00f3n del Manga. Esta edici\u00f3n se considera una de las m\u00e1s multitudinarias, con un total de 65.000 asistentes, reafirmando as\u00ed que este g\u00e9nero cuenta cada vez con m\u00e1s adeptos en nuestro pa\u00eds. Entre Tokio y l\u2019Hospitalet [&hellip;]<\/p>\n","protected":false},"author":66,"featured_media":31611,"comment_status":"open","ping_status":"open","sticky":false,"template":"","format":"standard","meta":{"footnotes":""},"categories":[4],"tags":[],"class_list":["post-1206","post","type-post","status-publish","format-standard","has-post-thumbnail","hentry","category-cultura"],"yoast_head":"<!-- This site is optimized with the Yoast SEO plugin v27.5 - https:\/\/yoast.com\/product\/yoast-seo-wordpress\/ -->\n<title>Clausura del XVII Sal\u00f3n del Manga - Revista Rambla<\/title>\n<meta name=\"robots\" content=\"index, follow, max-snippet:-1, max-image-preview:large, max-video-preview:-1\" \/>\n<link rel=\"canonical\" href=\"https:\/\/www.revistarambla.com\/en\/clausura-del-xvii-salon-del-manga\/\" \/>\n<meta property=\"og:locale\" content=\"en_GB\" \/>\n<meta property=\"og:type\" content=\"article\" \/>\n<meta property=\"og:title\" content=\"Clausura del XVII Sal\u00f3n del Manga - Revista Rambla\" \/>\n<meta property=\"og:description\" content=\"Despu\u00e9s de cuatro d\u00edas de intensa actividad, el recinto de la Farga despide el Sal\u00f3n del Manga. Esta edici\u00f3n se considera una de las m\u00e1s multitudinarias, con un total de 65.000 asistentes, reafirmando as\u00ed que este g\u00e9nero cuenta cada vez con m\u00e1s adeptos en nuestro pa\u00eds. Entre Tokio y l\u2019Hospitalet [&hellip;]\" \/>\n<meta property=\"og:url\" content=\"https:\/\/www.revistarambla.com\/en\/clausura-del-xvii-salon-del-manga\/\" \/>\n<meta property=\"og:site_name\" content=\"Revista Rambla\" \/>\n<meta property=\"article:publisher\" content=\"https:\/\/www.facebook.com\/revistarambla\/\" \/>\n<meta property=\"article:published_time\" content=\"2011-11-02T05:15:49+00:00\" \/>\n<meta property=\"article:modified_time\" content=\"2021-12-16T20:05:36+00:00\" \/>\n<meta property=\"og:image\" content=\"https:\/\/www.revistarambla.com\/wp-content\/uploads\/2011\/11\/6313352855_77f5462256_b.jpg\" \/>\n\t<meta property=\"og:image:width\" content=\"1024\" \/>\n\t<meta property=\"og:image:height\" content=\"673\" \/>\n\t<meta property=\"og:image:type\" content=\"image\/jpeg\" \/>\n<meta name=\"author\" content=\"Ver\u00f3nica Encinas Salgado\" \/>\n<meta name=\"twitter:card\" content=\"summary_large_image\" \/>\n<meta name=\"twitter:creator\" content=\"@revistarambla\" \/>\n<meta name=\"twitter:site\" content=\"@revistarambla\" \/>\n<meta name=\"twitter:label1\" content=\"Written by\" \/>\n\t<meta name=\"twitter:data1\" content=\"Ver\u00f3nica Encinas Salgado\" \/>\n\t<meta name=\"twitter:label2\" content=\"Estimated reading time\" \/>\n\t<meta name=\"twitter:data2\" content=\"2 minutes\" \/>\n<script type=\"application\/ld+json\" class=\"yoast-schema-graph\">{\"@context\":\"https:\\\/\\\/schema.org\",\"@graph\":[{\"@type\":\"Article\",\"@id\":\"https:\\\/\\\/www.revistarambla.com\\\/clausura-del-xvii-salon-del-manga\\\/#article\",\"isPartOf\":{\"@id\":\"https:\\\/\\\/www.revistarambla.com\\\/clausura-del-xvii-salon-del-manga\\\/\"},\"author\":{\"name\":\"Ver\u00f3nica Encinas Salgado\",\"@id\":\"https:\\\/\\\/www.revistarambla.com\\\/#\\\/schema\\\/person\\\/d5b8d7715dcc8b0e3eeac113266d2af6\"},\"headline\":\"Clausura del XVII Sal\u00f3n del Manga\",\"datePublished\":\"2011-11-02T05:15:49+00:00\",\"dateModified\":\"2021-12-16T20:05:36+00:00\",\"mainEntityOfPage\":{\"@id\":\"https:\\\/\\\/www.revistarambla.com\\\/clausura-del-xvii-salon-del-manga\\\/\"},\"wordCount\":355,\"commentCount\":1,\"publisher\":{\"@id\":\"https:\\\/\\\/www.revistarambla.com\\\/#organization\"},\"image\":{\"@id\":\"https:\\\/\\\/www.revistarambla.com\\\/clausura-del-xvii-salon-del-manga\\\/#primaryimage\"},\"thumbnailUrl\":\"https:\\\/\\\/www.revistarambla.com\\\/wp-content\\\/uploads\\\/2011\\\/11\\\/6313352855_77f5462256_b.jpg\",\"articleSection\":[\"Cultura\"],\"inLanguage\":\"en-GB\",\"potentialAction\":[{\"@type\":\"CommentAction\",\"name\":\"Comment\",\"target\":[\"https:\\\/\\\/www.revistarambla.com\\\/clausura-del-xvii-salon-del-manga\\\/#respond\"]}]},{\"@type\":\"WebPage\",\"@id\":\"https:\\\/\\\/www.revistarambla.com\\\/clausura-del-xvii-salon-del-manga\\\/\",\"url\":\"https:\\\/\\\/www.revistarambla.com\\\/clausura-del-xvii-salon-del-manga\\\/\",\"name\":\"Clausura del XVII Sal\u00f3n del Manga - Revista Rambla\",\"isPartOf\":{\"@id\":\"https:\\\/\\\/www.revistarambla.com\\\/#website\"},\"primaryImageOfPage\":{\"@id\":\"https:\\\/\\\/www.revistarambla.com\\\/clausura-del-xvii-salon-del-manga\\\/#primaryimage\"},\"image\":{\"@id\":\"https:\\\/\\\/www.revistarambla.com\\\/clausura-del-xvii-salon-del-manga\\\/#primaryimage\"},\"thumbnailUrl\":\"https:\\\/\\\/www.revistarambla.com\\\/wp-content\\\/uploads\\\/2011\\\/11\\\/6313352855_77f5462256_b.jpg\",\"datePublished\":\"2011-11-02T05:15:49+00:00\",\"dateModified\":\"2021-12-16T20:05:36+00:00\",\"breadcrumb\":{\"@id\":\"https:\\\/\\\/www.revistarambla.com\\\/clausura-del-xvii-salon-del-manga\\\/#breadcrumb\"},\"inLanguage\":\"en-GB\",\"potentialAction\":[{\"@type\":\"ReadAction\",\"target\":[\"https:\\\/\\\/www.revistarambla.com\\\/clausura-del-xvii-salon-del-manga\\\/\"]}]},{\"@type\":\"ImageObject\",\"inLanguage\":\"en-GB\",\"@id\":\"https:\\\/\\\/www.revistarambla.com\\\/clausura-del-xvii-salon-del-manga\\\/#primaryimage\",\"url\":\"https:\\\/\\\/www.revistarambla.com\\\/wp-content\\\/uploads\\\/2011\\\/11\\\/6313352855_77f5462256_b.jpg\",\"contentUrl\":\"https:\\\/\\\/www.revistarambla.com\\\/wp-content\\\/uploads\\\/2011\\\/11\\\/6313352855_77f5462256_b.jpg\",\"width\":1024,\"height\":673},{\"@type\":\"BreadcrumbList\",\"@id\":\"https:\\\/\\\/www.revistarambla.com\\\/clausura-del-xvii-salon-del-manga\\\/#breadcrumb\",\"itemListElement\":[{\"@type\":\"ListItem\",\"position\":1,\"name\":\"Portada\",\"item\":\"https:\\\/\\\/www.revistarambla.com\\\/\"},{\"@type\":\"ListItem\",\"position\":2,\"name\":\"Clausura del XVII Sal\u00f3n del Manga\"}]},{\"@type\":\"WebSite\",\"@id\":\"https:\\\/\\\/www.revistarambla.com\\\/#website\",\"url\":\"https:\\\/\\\/www.revistarambla.com\\\/\",\"name\":\"Revista Rambla Barcelona\",\"description\":\"Periodismo independiente\",\"publisher\":{\"@id\":\"https:\\\/\\\/www.revistarambla.com\\\/#organization\"},\"potentialAction\":[{\"@type\":\"SearchAction\",\"target\":{\"@type\":\"EntryPoint\",\"urlTemplate\":\"https:\\\/\\\/www.revistarambla.com\\\/?s={search_term_string}\"},\"query-input\":{\"@type\":\"PropertyValueSpecification\",\"valueRequired\":true,\"valueName\":\"search_term_string\"}}],\"inLanguage\":\"en-GB\"},{\"@type\":\"Organization\",\"@id\":\"https:\\\/\\\/www.revistarambla.com\\\/#organization\",\"name\":\"Revista Rambla\",\"url\":\"https:\\\/\\\/www.revistarambla.com\\\/\",\"logo\":{\"@type\":\"ImageObject\",\"inLanguage\":\"en-GB\",\"@id\":\"https:\\\/\\\/www.revistarambla.com\\\/#\\\/schema\\\/logo\\\/image\\\/\",\"url\":\"https:\\\/\\\/www.revistarambla.com\\\/wp-content\\\/uploads\\\/2020\\\/09\\\/banner_rambla_1900x600_BB.png\",\"contentUrl\":\"https:\\\/\\\/www.revistarambla.com\\\/wp-content\\\/uploads\\\/2020\\\/09\\\/banner_rambla_1900x600_BB.png\",\"width\":1900,\"height\":600,\"caption\":\"Revista Rambla\"},\"image\":{\"@id\":\"https:\\\/\\\/www.revistarambla.com\\\/#\\\/schema\\\/logo\\\/image\\\/\"},\"sameAs\":[\"https:\\\/\\\/www.facebook.com\\\/revistarambla\\\/\",\"https:\\\/\\\/x.com\\\/revistarambla\",\"https:\\\/\\\/www.instagram.com\\\/revista_rambla\",\"https:\\\/\\\/es.linkedin.com\\\/company\\\/revista-rambla\"]},{\"@type\":\"Person\",\"@id\":\"https:\\\/\\\/www.revistarambla.com\\\/#\\\/schema\\\/person\\\/d5b8d7715dcc8b0e3eeac113266d2af6\",\"name\":\"Ver\u00f3nica Encinas Salgado\",\"description\":\"Licenciada en Ciencias Pol\u00edticas por la Universidad Aut\u00f3noma de Barcelona y especializada en periodismo y comunicaci\u00f3n digital.\",\"sameAs\":[\"https:\\\/\\\/www.instagram.com\\\/veronica.encinas.salgado\\\/\",\"https:\\\/\\\/es.linkedin.com\\\/in\\\/veronicaencinassalgado\"]}]}<\/script>\n<!-- \/ Yoast SEO plugin. -->","yoast_head_json":{"title":"Clausura del XVII Sal\u00f3n del Manga - Revista Rambla","robots":{"index":"index","follow":"follow","max-snippet":"max-snippet:-1","max-image-preview":"max-image-preview:large","max-video-preview":"max-video-preview:-1"},"canonical":"https:\/\/www.revistarambla.com\/en\/clausura-del-xvii-salon-del-manga\/","og_locale":"en_GB","og_type":"article","og_title":"Clausura del XVII Sal\u00f3n del Manga - Revista Rambla","og_description":"Despu\u00e9s de cuatro d\u00edas de intensa actividad, el recinto de la Farga despide el Sal\u00f3n del Manga. Esta edici\u00f3n se considera una de las m\u00e1s multitudinarias, con un total de 65.000 asistentes, reafirmando as\u00ed que este g\u00e9nero cuenta cada vez con m\u00e1s adeptos en nuestro pa\u00eds. Entre Tokio y l\u2019Hospitalet [&hellip;]","og_url":"https:\/\/www.revistarambla.com\/en\/clausura-del-xvii-salon-del-manga\/","og_site_name":"Revista Rambla","article_publisher":"https:\/\/www.facebook.com\/revistarambla\/","article_published_time":"2011-11-02T05:15:49+00:00","article_modified_time":"2021-12-16T20:05:36+00:00","og_image":[{"width":1024,"height":673,"url":"https:\/\/www.revistarambla.com\/wp-content\/uploads\/2011\/11\/6313352855_77f5462256_b.jpg","type":"image\/jpeg"}],"author":"Ver\u00f3nica Encinas Salgado","twitter_card":"summary_large_image","twitter_creator":"@revistarambla","twitter_site":"@revistarambla","twitter_misc":{"Written by":"Ver\u00f3nica Encinas Salgado","Estimated reading time":"2 minutes"},"schema":{"@context":"https:\/\/schema.org","@graph":[{"@type":"Article","@id":"https:\/\/www.revistarambla.com\/clausura-del-xvii-salon-del-manga\/#article","isPartOf":{"@id":"https:\/\/www.revistarambla.com\/clausura-del-xvii-salon-del-manga\/"},"author":{"name":"Ver\u00f3nica Encinas Salgado","@id":"https:\/\/www.revistarambla.com\/#\/schema\/person\/d5b8d7715dcc8b0e3eeac113266d2af6"},"headline":"Clausura del XVII Sal\u00f3n del Manga","datePublished":"2011-11-02T05:15:49+00:00","dateModified":"2021-12-16T20:05:36+00:00","mainEntityOfPage":{"@id":"https:\/\/www.revistarambla.com\/clausura-del-xvii-salon-del-manga\/"},"wordCount":355,"commentCount":1,"publisher":{"@id":"https:\/\/www.revistarambla.com\/#organization"},"image":{"@id":"https:\/\/www.revistarambla.com\/clausura-del-xvii-salon-del-manga\/#primaryimage"},"thumbnailUrl":"https:\/\/www.revistarambla.com\/wp-content\/uploads\/2011\/11\/6313352855_77f5462256_b.jpg","articleSection":["Cultura"],"inLanguage":"en-GB","potentialAction":[{"@type":"CommentAction","name":"Comment","target":["https:\/\/www.revistarambla.com\/clausura-del-xvii-salon-del-manga\/#respond"]}]},{"@type":"WebPage","@id":"https:\/\/www.revistarambla.com\/clausura-del-xvii-salon-del-manga\/","url":"https:\/\/www.revistarambla.com\/clausura-del-xvii-salon-del-manga\/","name":"Clausura del XVII Sal\u00f3n del Manga - Revista Rambla","isPartOf":{"@id":"https:\/\/www.revistarambla.com\/#website"},"primaryImageOfPage":{"@id":"https:\/\/www.revistarambla.com\/clausura-del-xvii-salon-del-manga\/#primaryimage"},"image":{"@id":"https:\/\/www.revistarambla.com\/clausura-del-xvii-salon-del-manga\/#primaryimage"},"thumbnailUrl":"https:\/\/www.revistarambla.com\/wp-content\/uploads\/2011\/11\/6313352855_77f5462256_b.jpg","datePublished":"2011-11-02T05:15:49+00:00","dateModified":"2021-12-16T20:05:36+00:00","breadcrumb":{"@id":"https:\/\/www.revistarambla.com\/clausura-del-xvii-salon-del-manga\/#breadcrumb"},"inLanguage":"en-GB","potentialAction":[{"@type":"ReadAction","target":["https:\/\/www.revistarambla.com\/clausura-del-xvii-salon-del-manga\/"]}]},{"@type":"ImageObject","inLanguage":"en-GB","@id":"https:\/\/www.revistarambla.com\/clausura-del-xvii-salon-del-manga\/#primaryimage","url":"https:\/\/www.revistarambla.com\/wp-content\/uploads\/2011\/11\/6313352855_77f5462256_b.jpg","contentUrl":"https:\/\/www.revistarambla.com\/wp-content\/uploads\/2011\/11\/6313352855_77f5462256_b.jpg","width":1024,"height":673},{"@type":"BreadcrumbList","@id":"https:\/\/www.revistarambla.com\/clausura-del-xvii-salon-del-manga\/#breadcrumb","itemListElement":[{"@type":"ListItem","position":1,"name":"Portada","item":"https:\/\/www.revistarambla.com\/"},{"@type":"ListItem","position":2,"name":"Clausura del XVII Sal\u00f3n del Manga"}]},{"@type":"WebSite","@id":"https:\/\/www.revistarambla.com\/#website","url":"https:\/\/www.revistarambla.com\/","name":"Revista Rambla Barcelona","description":"Periodismo independiente","publisher":{"@id":"https:\/\/www.revistarambla.com\/#organization"},"potentialAction":[{"@type":"SearchAction","target":{"@type":"EntryPoint","urlTemplate":"https:\/\/www.revistarambla.com\/?s={search_term_string}"},"query-input":{"@type":"PropertyValueSpecification","valueRequired":true,"valueName":"search_term_string"}}],"inLanguage":"en-GB"},{"@type":"Organization","@id":"https:\/\/www.revistarambla.com\/#organization","name":"Revista Rambla","url":"https:\/\/www.revistarambla.com\/","logo":{"@type":"ImageObject","inLanguage":"en-GB","@id":"https:\/\/www.revistarambla.com\/#\/schema\/logo\/image\/","url":"https:\/\/www.revistarambla.com\/wp-content\/uploads\/2020\/09\/banner_rambla_1900x600_BB.png","contentUrl":"https:\/\/www.revistarambla.com\/wp-content\/uploads\/2020\/09\/banner_rambla_1900x600_BB.png","width":1900,"height":600,"caption":"Revista Rambla"},"image":{"@id":"https:\/\/www.revistarambla.com\/#\/schema\/logo\/image\/"},"sameAs":["https:\/\/www.facebook.com\/revistarambla\/","https:\/\/x.com\/revistarambla","https:\/\/www.instagram.com\/revista_rambla","https:\/\/es.linkedin.com\/company\/revista-rambla"]},{"@type":"Person","@id":"https:\/\/www.revistarambla.com\/#\/schema\/person\/d5b8d7715dcc8b0e3eeac113266d2af6","name":"Ver\u00f3nica Encinas Salgado","description":"Licenciada en Ciencias Pol\u00edticas por la Universidad Aut\u00f3noma de Barcelona y especializada en periodismo y comunicaci\u00f3n digital.","sameAs":["https:\/\/www.instagram.com\/veronica.encinas.salgado\/","https:\/\/es.linkedin.com\/in\/veronicaencinassalgado"]}]}},"_links":{"self":[{"href":"https:\/\/www.revistarambla.com\/en\/wp-json\/wp\/v2\/posts\/1206","targetHints":{"allow":["GET"]}}],"collection":[{"href":"https:\/\/www.revistarambla.com\/en\/wp-json\/wp\/v2\/posts"}],"about":[{"href":"https:\/\/www.revistarambla.com\/en\/wp-json\/wp\/v2\/types\/post"}],"author":[{"embeddable":true,"href":"https:\/\/www.revistarambla.com\/en\/wp-json\/wp\/v2\/users\/66"}],"replies":[{"embeddable":true,"href":"https:\/\/www.revistarambla.com\/en\/wp-json\/wp\/v2\/comments?post=1206"}],"version-history":[{"count":0,"href":"https:\/\/www.revistarambla.com\/en\/wp-json\/wp\/v2\/posts\/1206\/revisions"}],"wp:featuredmedia":[{"embeddable":true,"href":"https:\/\/www.revistarambla.com\/en\/wp-json\/wp\/v2\/media\/31611"}],"wp:attachment":[{"href":"https:\/\/www.revistarambla.com\/en\/wp-json\/wp\/v2\/media?parent=1206"}],"wp:term":[{"taxonomy":"category","embeddable":true,"href":"https:\/\/www.revistarambla.com\/en\/wp-json\/wp\/v2\/categories?post=1206"},{"taxonomy":"post_tag","embeddable":true,"href":"https:\/\/www.revistarambla.com\/en\/wp-json\/wp\/v2\/tags?post=1206"}],"curies":[{"name":"wp","href":"https:\/\/api.w.org\/{rel}","templated":true}]}}