{"id":11989,"date":"2017-03-15T07:52:46","date_gmt":"2017-03-15T05:52:46","guid":{"rendered":"https:\/\/www.revistarambla.com\/?p=11989"},"modified":"2021-04-02T21:01:24","modified_gmt":"2021-04-02T19:01:24","slug":"imperio-averiado-con-presidente-de-ultraderecha-racista","status":"publish","type":"post","link":"https:\/\/www.revistarambla.com\/en\/imperio-averiado-con-presidente-de-ultraderecha-racista\/","title":{"rendered":"Imperio averiado con presidente de ultraderecha racista"},"content":{"rendered":"<p style=\"text-align: left;\">Trump presidente no llega al mundo, como Ad\u00e1n, en el inicio de la historia. Trump llega 10 a\u00f1os despu\u00e9s de la segunda mayor crisis econ\u00f3mica global despu\u00e9s de la de 1929, de la que las estad\u00edsticas del paro dicen que EEUU ya ha salido. Pero no debe ser del todo verdad cuando un candidato de la derecha para ganar ha tenido que prometer que las f\u00e1bricas volver\u00e1n a EEUU. Los cracks de 2007 y 2008 averiaron el mecanismo de EEUU como mercado para los productos de los pa\u00edses exportadores, que a su vez reinvert\u00edan en EEUU un alto porcentaje de sus beneficios. Dicho en t\u00e9rminos marxistas: la crisis de sobreproducci\u00f3n alcanz\u00f3 a la mayor metr\u00f3poli imperialista. Los trabajadores tienen necesidades insatisfechas que no pueden convertirse en demanda por los bajos salarios y por el n\u00famero de excluidos del mercado laboral (parados camuflados). La rebaja de impuestos de Trump sacar\u00e1 2,4 billones de las cuentas p\u00fablicas en los 4 a\u00f1os de mandato (seg\u00fan el Tax Policy Center). El gasto en infraestructuras ser\u00e1 de 1 bill\u00f3n, y en inversiones militares 0,3 billones (seg\u00fan Trump).Al final del mandato habr\u00e1 5 billones m\u00e1s de deuda p\u00fablica. Los expertos no se ponen de acuerdo si habr\u00e1 una crisis de deuda ahora o al final del mandato o en alg\u00fan punto intermedio. Respecto a la re-localizaci\u00f3n de f\u00e1bricas en una econom\u00eda de libre mercado, o Trump impone que las corporaciones de EEUU o de fuera de EEUU bajen su tasa de beneficio o no habr\u00e1 nuevas f\u00e1bricas, o las que haya ser\u00e1 con un nivel de automatizaci\u00f3n que crear\u00e1n un n\u00famero anecd\u00f3tico de puestos de trabajo. Adem\u00e1s, si se desregula m\u00e1s la banca, el dinero no ir\u00e1 a la producci\u00f3n, sino a la compraventa de acciones.<\/p>\n<p style=\"text-align: left;\"><img decoding=\"async\" class=\"aligncenter size-full wp-image-11990\" src=\"https:\/\/www.revistarambla.com\/wp-content\/uploads\/2017\/03\/gos.jpg\" alt=\"\" width=\"1134\" height=\"626\" srcset=\"https:\/\/www.revistarambla.com\/wp-content\/uploads\/2017\/03\/gos.jpg 1134w, https:\/\/www.revistarambla.com\/wp-content\/uploads\/2017\/03\/gos-300x166.jpg 300w, https:\/\/www.revistarambla.com\/wp-content\/uploads\/2017\/03\/gos-768x424.jpg 768w, https:\/\/www.revistarambla.com\/wp-content\/uploads\/2017\/03\/gos-1024x565.jpg 1024w, https:\/\/www.revistarambla.com\/wp-content\/uploads\/2017\/03\/gos-500x276.jpg 500w\" sizes=\"(max-width: 1134px) 100vw, 1134px\" \/><\/p>\n<p style=\"text-align: left;\">iVeamos algo de contexto! Trump es abiertamente autoritario, machista, mis\u00f3gino, racista, xen\u00f3fobo, islam\u00f3fobo, antiinmigraci\u00f3n y apoya claramente la ultraderecha mundial. Su gobierno est\u00e1 formado por hombres blancos, millonarios, ex-generales y de ultraderecha racistas. Todos los candidatos en las primarias republicanas quer\u00edan tirar atr\u00e1s la reforma sanitaria de Obama y recortar impuestos, especialmente a las empresas y rentas altas y alguno tambi\u00e9n a las rentas bajas. Ni Trump ni Sanders eran los candidatos de los principales sectores de la burgues\u00eda en las elecciones norteamericanas. Tanto uno como otro ten\u00edan en el programa una inversi\u00f3n en infraestructuras de 1 bill\u00f3n de d\u00f3lares, Clinton de 0,245 billones. Tanto Sanders como Trump apoyan la relocalizaci\u00f3n de las f\u00e1bricas en EEUU. Sanders y los sindicatos estaban por retirarse del acuerdo comercial Transpac\u00edfico firmado hace un a\u00f1o y del que Trump se ha retirado (o quiere renegociar) hace una semana. Obama (partido dem\u00f3crata) expuls\u00f3 2,6 millones de emigrantes sin papeles en sus 8 a\u00f1os de presidencia. Trump ha dicho que expulsar\u00e1 entre 2 y 3 millones en 4 a\u00f1os de los 11-13 millones de inmigrantes sin papeles que hay. El Presidente Clinton (partido dem\u00f3crata) construy\u00f3 1.100 Km de muro en la frontera con M\u00e9xico: Trump quiere levantar 2.000 Km hasta completarlo. China y EEUU no firmaron hasta hace 4 meses el acuerdo contra el cambio clim\u00e1tico de Par\u00eds. EEUU no hab\u00eda firmado el acuerdo de Kioto. Trump dice que el cambio clim\u00e1tico causado por la especie humana no existe. El premio Nobel de la paz Obama ha estado en guerra todos los d\u00edas de los 8 a\u00f1os de mandato. Ha bombardeado Siria, Irak, Afganist\u00e1n, Libia, Yemen, Somalia y Pakist\u00e1n. Obama no cerr\u00f3 Guant\u00e1namo e instituy\u00f3 un programa secreto de homicidios con drones a nivel mundial. Trump est\u00e1 a favor de la tortura. El presidente Clinton desregul\u00f3 la banca y las finanzas, como respuesta a la bajada de la tasa de beneficio del capital. En 2008 fu\u00e9 el primer aviso de que se estaba acabando el margen para esa pol\u00edtica de alocada especulaci\u00f3n. Obama tuvo que regular algo las finanzas con la ley Dodd-Frank. Hillary y la FED (el equivalente del banco central de EEUU) dec\u00edan querer aumentar la regulaci\u00f3n. Trump quiere quitar la ley Dodd-Frank de Obama, con un secretario del tesoro de Goldman Sachs (como Guindos o Draghi). En otros terrenos \u2013 mediambiental, energ\u00eda \u2013 Trump apuesta por la desregulaci\u00f3n con la autorizaci\u00f3n de oleoductos en Alaska y eliminar trabas al contaminante <em>fracking<\/em>.<\/p>\n<p style=\"text-align: left;\">Respecto al ofrecimiento de Trump a Putin de mayor colaboraci\u00f3n, s\u00f3lo hace falta ver el nivel de colaboraci\u00f3n que han tenido los dos estados en la guerra de Siria. Si Israel o EEUU bombardean como lo ha hecho Rusia, se incendia la regi\u00f3n. Haci\u00e9ndolo Rusia, se ha golpeado a la revoluci\u00f3n siria con el silencio o asentimiento de una parte de la izquierda. Adem\u00e1s, en los enlaces se documenta que los negocios y la colaboraci\u00f3n de EEUU con Rusia, para evitar que esta llegue a mayor integraci\u00f3n econ\u00f3mica y militar con China es la opci\u00f3n actual de Kissinger y Brzezinski.<\/p>\n<p style=\"text-align: left;\">En el momento de escribir esto Trump ha entrado en la segunda semana como presidente. Manifestaciones de iniciativa feminista que sumaron 2 millones mostraron su oposici\u00f3n. De las cenizas de la candidatura de Sanders est\u00e1 naciendo un movimiento opositor. El decreto migratorio contra los musulmanes de 7 pa\u00edses ha renovado las protestas e incluso huelgas de taxistas en varias ciudades. Trump est\u00e1 actuando con el esquema de conflicto de civilizaciones, tanto internacionalmente como en EEUU. Se habla incluso de un cambio de era de EEUU en su rol imperialista.<\/p>\n<p style=\"text-align: left;\">Hace falta un partido y un programa socialista para EEUU. La clase obrera de EEUU de todas las etnias no tiene nada que ganar con el imperialismo de la burgues\u00eda norteamericana de los partidos republicano y dem\u00f3crata.<\/p>","protected":false},"excerpt":{"rendered":"<p>Trump presidente no llega al mundo, como Ad\u00e1n, en el inicio de la historia. Trump llega 10 a\u00f1os despu\u00e9s de la segunda mayor crisis econ\u00f3mica global despu\u00e9s de la de 1929, de la que las estad\u00edsticas del paro dicen que EEUU ya ha salido. Pero no debe ser del todo [&hellip;]<\/p>\n","protected":false},"author":3,"featured_media":11990,"comment_status":"open","ping_status":"open","sticky":false,"template":"","format":"standard","meta":{"footnotes":""},"categories":[3,57],"tags":[],"class_list":["post-11989","post","type-post","status-publish","format-standard","has-post-thumbnail","hentry","category-actualidad","category-global"],"yoast_head":"<!-- This site is optimized with the Yoast SEO plugin v27.5 - https:\/\/yoast.com\/product\/yoast-seo-wordpress\/ -->\n<title>Imperio averiado con presidente de ultraderecha racista - Revista Rambla<\/title>\n<meta name=\"robots\" content=\"index, follow, max-snippet:-1, max-image-preview:large, max-video-preview:-1\" \/>\n<link rel=\"canonical\" href=\"https:\/\/www.revistarambla.com\/en\/imperio-averiado-con-presidente-de-ultraderecha-racista\/\" \/>\n<meta property=\"og:locale\" content=\"en_GB\" \/>\n<meta property=\"og:type\" content=\"article\" \/>\n<meta property=\"og:title\" content=\"Imperio averiado con presidente de ultraderecha racista - Revista Rambla\" \/>\n<meta property=\"og:description\" content=\"Trump presidente no llega al mundo, como Ad\u00e1n, en el inicio de la historia. Trump llega 10 a\u00f1os despu\u00e9s de la segunda mayor crisis econ\u00f3mica global despu\u00e9s de la de 1929, de la que las estad\u00edsticas del paro dicen que EEUU ya ha salido. Pero no debe ser del todo [&hellip;]\" \/>\n<meta property=\"og:url\" content=\"https:\/\/www.revistarambla.com\/en\/imperio-averiado-con-presidente-de-ultraderecha-racista\/\" \/>\n<meta property=\"og:site_name\" content=\"Revista Rambla\" \/>\n<meta property=\"article:publisher\" content=\"https:\/\/www.facebook.com\/revistarambla\/\" \/>\n<meta property=\"article:author\" content=\"https:\/\/www.facebook.com\/revistarambla\" \/>\n<meta property=\"article:published_time\" content=\"2017-03-15T05:52:46+00:00\" \/>\n<meta property=\"article:modified_time\" content=\"2021-04-02T19:01:24+00:00\" \/>\n<meta property=\"og:image\" content=\"https:\/\/i1.wp.com\/www.revistarambla.com\/wp-content\/uploads\/2017\/03\/gos.jpg?fit=1134%2C626&ssl=1\" \/>\n\t<meta property=\"og:image:width\" content=\"1134\" \/>\n\t<meta property=\"og:image:height\" content=\"626\" \/>\n\t<meta property=\"og:image:type\" content=\"image\/jpeg\" \/>\n<meta name=\"author\" content=\"V\u00edctor Messeguer\" \/>\n<meta name=\"twitter:card\" content=\"summary_large_image\" \/>\n<meta name=\"twitter:creator\" content=\"@revistarambla\" \/>\n<meta name=\"twitter:site\" content=\"@revistarambla\" \/>\n<meta name=\"twitter:label1\" content=\"Written by\" \/>\n\t<meta name=\"twitter:data1\" content=\"V\u00edctor Messeguer\" \/>\n\t<meta name=\"twitter:label2\" content=\"Estimated reading time\" \/>\n\t<meta name=\"twitter:data2\" content=\"5 minutes\" \/>\n<script type=\"application\/ld+json\" class=\"yoast-schema-graph\">{\"@context\":\"https:\\\/\\\/schema.org\",\"@graph\":[{\"@type\":\"Article\",\"@id\":\"https:\\\/\\\/www.revistarambla.com\\\/imperio-averiado-con-presidente-de-ultraderecha-racista\\\/#article\",\"isPartOf\":{\"@id\":\"https:\\\/\\\/www.revistarambla.com\\\/imperio-averiado-con-presidente-de-ultraderecha-racista\\\/\"},\"author\":{\"name\":\"V\u00edctor Messeguer\",\"@id\":\"https:\\\/\\\/www.revistarambla.com\\\/#\\\/schema\\\/person\\\/a146a5a2550b94981a75131180e1bd9c\"},\"headline\":\"Imperio averiado con presidente de ultraderecha racista\",\"datePublished\":\"2017-03-15T05:52:46+00:00\",\"dateModified\":\"2021-04-02T19:01:24+00:00\",\"mainEntityOfPage\":{\"@id\":\"https:\\\/\\\/www.revistarambla.com\\\/imperio-averiado-con-presidente-de-ultraderecha-racista\\\/\"},\"wordCount\":992,\"commentCount\":0,\"publisher\":{\"@id\":\"https:\\\/\\\/www.revistarambla.com\\\/#organization\"},\"image\":{\"@id\":\"https:\\\/\\\/www.revistarambla.com\\\/imperio-averiado-con-presidente-de-ultraderecha-racista\\\/#primaryimage\"},\"thumbnailUrl\":\"https:\\\/\\\/www.revistarambla.com\\\/wp-content\\\/uploads\\\/2017\\\/03\\\/gos.jpg\",\"articleSection\":[\"Actualidad\",\"Global\"],\"inLanguage\":\"en-GB\",\"potentialAction\":[{\"@type\":\"CommentAction\",\"name\":\"Comment\",\"target\":[\"https:\\\/\\\/www.revistarambla.com\\\/imperio-averiado-con-presidente-de-ultraderecha-racista\\\/#respond\"]}]},{\"@type\":\"WebPage\",\"@id\":\"https:\\\/\\\/www.revistarambla.com\\\/imperio-averiado-con-presidente-de-ultraderecha-racista\\\/\",\"url\":\"https:\\\/\\\/www.revistarambla.com\\\/imperio-averiado-con-presidente-de-ultraderecha-racista\\\/\",\"name\":\"Imperio averiado con presidente de ultraderecha racista - Revista Rambla\",\"isPartOf\":{\"@id\":\"https:\\\/\\\/www.revistarambla.com\\\/#website\"},\"primaryImageOfPage\":{\"@id\":\"https:\\\/\\\/www.revistarambla.com\\\/imperio-averiado-con-presidente-de-ultraderecha-racista\\\/#primaryimage\"},\"image\":{\"@id\":\"https:\\\/\\\/www.revistarambla.com\\\/imperio-averiado-con-presidente-de-ultraderecha-racista\\\/#primaryimage\"},\"thumbnailUrl\":\"https:\\\/\\\/www.revistarambla.com\\\/wp-content\\\/uploads\\\/2017\\\/03\\\/gos.jpg\",\"datePublished\":\"2017-03-15T05:52:46+00:00\",\"dateModified\":\"2021-04-02T19:01:24+00:00\",\"breadcrumb\":{\"@id\":\"https:\\\/\\\/www.revistarambla.com\\\/imperio-averiado-con-presidente-de-ultraderecha-racista\\\/#breadcrumb\"},\"inLanguage\":\"en-GB\",\"potentialAction\":[{\"@type\":\"ReadAction\",\"target\":[\"https:\\\/\\\/www.revistarambla.com\\\/imperio-averiado-con-presidente-de-ultraderecha-racista\\\/\"]}]},{\"@type\":\"ImageObject\",\"inLanguage\":\"en-GB\",\"@id\":\"https:\\\/\\\/www.revistarambla.com\\\/imperio-averiado-con-presidente-de-ultraderecha-racista\\\/#primaryimage\",\"url\":\"https:\\\/\\\/www.revistarambla.com\\\/wp-content\\\/uploads\\\/2017\\\/03\\\/gos.jpg\",\"contentUrl\":\"https:\\\/\\\/www.revistarambla.com\\\/wp-content\\\/uploads\\\/2017\\\/03\\\/gos.jpg\",\"width\":1134,\"height\":626},{\"@type\":\"BreadcrumbList\",\"@id\":\"https:\\\/\\\/www.revistarambla.com\\\/imperio-averiado-con-presidente-de-ultraderecha-racista\\\/#breadcrumb\",\"itemListElement\":[{\"@type\":\"ListItem\",\"position\":1,\"name\":\"Portada\",\"item\":\"https:\\\/\\\/www.revistarambla.com\\\/\"},{\"@type\":\"ListItem\",\"position\":2,\"name\":\"Imperio averiado con presidente de ultraderecha racista\"}]},{\"@type\":\"WebSite\",\"@id\":\"https:\\\/\\\/www.revistarambla.com\\\/#website\",\"url\":\"https:\\\/\\\/www.revistarambla.com\\\/\",\"name\":\"Revista Rambla Barcelona\",\"description\":\"Periodismo independiente\",\"publisher\":{\"@id\":\"https:\\\/\\\/www.revistarambla.com\\\/#organization\"},\"potentialAction\":[{\"@type\":\"SearchAction\",\"target\":{\"@type\":\"EntryPoint\",\"urlTemplate\":\"https:\\\/\\\/www.revistarambla.com\\\/?s={search_term_string}\"},\"query-input\":{\"@type\":\"PropertyValueSpecification\",\"valueRequired\":true,\"valueName\":\"search_term_string\"}}],\"inLanguage\":\"en-GB\"},{\"@type\":\"Organization\",\"@id\":\"https:\\\/\\\/www.revistarambla.com\\\/#organization\",\"name\":\"Revista Rambla\",\"url\":\"https:\\\/\\\/www.revistarambla.com\\\/\",\"logo\":{\"@type\":\"ImageObject\",\"inLanguage\":\"en-GB\",\"@id\":\"https:\\\/\\\/www.revistarambla.com\\\/#\\\/schema\\\/logo\\\/image\\\/\",\"url\":\"https:\\\/\\\/www.revistarambla.com\\\/wp-content\\\/uploads\\\/2020\\\/09\\\/banner_rambla_1900x600_BB.png\",\"contentUrl\":\"https:\\\/\\\/www.revistarambla.com\\\/wp-content\\\/uploads\\\/2020\\\/09\\\/banner_rambla_1900x600_BB.png\",\"width\":1900,\"height\":600,\"caption\":\"Revista Rambla\"},\"image\":{\"@id\":\"https:\\\/\\\/www.revistarambla.com\\\/#\\\/schema\\\/logo\\\/image\\\/\"},\"sameAs\":[\"https:\\\/\\\/www.facebook.com\\\/revistarambla\\\/\",\"https:\\\/\\\/x.com\\\/revistarambla\",\"https:\\\/\\\/www.instagram.com\\\/revista_rambla\",\"https:\\\/\\\/es.linkedin.com\\\/company\\\/revista-rambla\"]},{\"@type\":\"Person\",\"@id\":\"https:\\\/\\\/www.revistarambla.com\\\/#\\\/schema\\\/person\\\/a146a5a2550b94981a75131180e1bd9c\",\"name\":\"V\u00edctor Messeguer\",\"sameAs\":[\"https:\\\/\\\/www.facebook.com\\\/revistarambla\",\"https:\\\/\\\/x.com\\\/revistarambla\"]}]}<\/script>\n<!-- \/ Yoast SEO plugin. -->","yoast_head_json":{"title":"Imperio averiado con presidente de ultraderecha racista - Revista Rambla","robots":{"index":"index","follow":"follow","max-snippet":"max-snippet:-1","max-image-preview":"max-image-preview:large","max-video-preview":"max-video-preview:-1"},"canonical":"https:\/\/www.revistarambla.com\/en\/imperio-averiado-con-presidente-de-ultraderecha-racista\/","og_locale":"en_GB","og_type":"article","og_title":"Imperio averiado con presidente de ultraderecha racista - Revista Rambla","og_description":"Trump presidente no llega al mundo, como Ad\u00e1n, en el inicio de la historia. Trump llega 10 a\u00f1os despu\u00e9s de la segunda mayor crisis econ\u00f3mica global despu\u00e9s de la de 1929, de la que las estad\u00edsticas del paro dicen que EEUU ya ha salido. Pero no debe ser del todo [&hellip;]","og_url":"https:\/\/www.revistarambla.com\/en\/imperio-averiado-con-presidente-de-ultraderecha-racista\/","og_site_name":"Revista Rambla","article_publisher":"https:\/\/www.facebook.com\/revistarambla\/","article_author":"https:\/\/www.facebook.com\/revistarambla","article_published_time":"2017-03-15T05:52:46+00:00","article_modified_time":"2021-04-02T19:01:24+00:00","og_image":[{"width":1134,"height":626,"url":"https:\/\/i1.wp.com\/www.revistarambla.com\/wp-content\/uploads\/2017\/03\/gos.jpg?fit=1134%2C626&ssl=1","type":"image\/jpeg"}],"author":"V\u00edctor Messeguer","twitter_card":"summary_large_image","twitter_creator":"@revistarambla","twitter_site":"@revistarambla","twitter_misc":{"Written by":"V\u00edctor Messeguer","Estimated reading time":"5 minutes"},"schema":{"@context":"https:\/\/schema.org","@graph":[{"@type":"Article","@id":"https:\/\/www.revistarambla.com\/imperio-averiado-con-presidente-de-ultraderecha-racista\/#article","isPartOf":{"@id":"https:\/\/www.revistarambla.com\/imperio-averiado-con-presidente-de-ultraderecha-racista\/"},"author":{"name":"V\u00edctor Messeguer","@id":"https:\/\/www.revistarambla.com\/#\/schema\/person\/a146a5a2550b94981a75131180e1bd9c"},"headline":"Imperio averiado con presidente de ultraderecha racista","datePublished":"2017-03-15T05:52:46+00:00","dateModified":"2021-04-02T19:01:24+00:00","mainEntityOfPage":{"@id":"https:\/\/www.revistarambla.com\/imperio-averiado-con-presidente-de-ultraderecha-racista\/"},"wordCount":992,"commentCount":0,"publisher":{"@id":"https:\/\/www.revistarambla.com\/#organization"},"image":{"@id":"https:\/\/www.revistarambla.com\/imperio-averiado-con-presidente-de-ultraderecha-racista\/#primaryimage"},"thumbnailUrl":"https:\/\/www.revistarambla.com\/wp-content\/uploads\/2017\/03\/gos.jpg","articleSection":["Actualidad","Global"],"inLanguage":"en-GB","potentialAction":[{"@type":"CommentAction","name":"Comment","target":["https:\/\/www.revistarambla.com\/imperio-averiado-con-presidente-de-ultraderecha-racista\/#respond"]}]},{"@type":"WebPage","@id":"https:\/\/www.revistarambla.com\/imperio-averiado-con-presidente-de-ultraderecha-racista\/","url":"https:\/\/www.revistarambla.com\/imperio-averiado-con-presidente-de-ultraderecha-racista\/","name":"Imperio averiado con presidente de ultraderecha racista - Revista Rambla","isPartOf":{"@id":"https:\/\/www.revistarambla.com\/#website"},"primaryImageOfPage":{"@id":"https:\/\/www.revistarambla.com\/imperio-averiado-con-presidente-de-ultraderecha-racista\/#primaryimage"},"image":{"@id":"https:\/\/www.revistarambla.com\/imperio-averiado-con-presidente-de-ultraderecha-racista\/#primaryimage"},"thumbnailUrl":"https:\/\/www.revistarambla.com\/wp-content\/uploads\/2017\/03\/gos.jpg","datePublished":"2017-03-15T05:52:46+00:00","dateModified":"2021-04-02T19:01:24+00:00","breadcrumb":{"@id":"https:\/\/www.revistarambla.com\/imperio-averiado-con-presidente-de-ultraderecha-racista\/#breadcrumb"},"inLanguage":"en-GB","potentialAction":[{"@type":"ReadAction","target":["https:\/\/www.revistarambla.com\/imperio-averiado-con-presidente-de-ultraderecha-racista\/"]}]},{"@type":"ImageObject","inLanguage":"en-GB","@id":"https:\/\/www.revistarambla.com\/imperio-averiado-con-presidente-de-ultraderecha-racista\/#primaryimage","url":"https:\/\/www.revistarambla.com\/wp-content\/uploads\/2017\/03\/gos.jpg","contentUrl":"https:\/\/www.revistarambla.com\/wp-content\/uploads\/2017\/03\/gos.jpg","width":1134,"height":626},{"@type":"BreadcrumbList","@id":"https:\/\/www.revistarambla.com\/imperio-averiado-con-presidente-de-ultraderecha-racista\/#breadcrumb","itemListElement":[{"@type":"ListItem","position":1,"name":"Portada","item":"https:\/\/www.revistarambla.com\/"},{"@type":"ListItem","position":2,"name":"Imperio averiado con presidente de ultraderecha racista"}]},{"@type":"WebSite","@id":"https:\/\/www.revistarambla.com\/#website","url":"https:\/\/www.revistarambla.com\/","name":"Revista Rambla Barcelona","description":"Periodismo independiente","publisher":{"@id":"https:\/\/www.revistarambla.com\/#organization"},"potentialAction":[{"@type":"SearchAction","target":{"@type":"EntryPoint","urlTemplate":"https:\/\/www.revistarambla.com\/?s={search_term_string}"},"query-input":{"@type":"PropertyValueSpecification","valueRequired":true,"valueName":"search_term_string"}}],"inLanguage":"en-GB"},{"@type":"Organization","@id":"https:\/\/www.revistarambla.com\/#organization","name":"Revista Rambla","url":"https:\/\/www.revistarambla.com\/","logo":{"@type":"ImageObject","inLanguage":"en-GB","@id":"https:\/\/www.revistarambla.com\/#\/schema\/logo\/image\/","url":"https:\/\/www.revistarambla.com\/wp-content\/uploads\/2020\/09\/banner_rambla_1900x600_BB.png","contentUrl":"https:\/\/www.revistarambla.com\/wp-content\/uploads\/2020\/09\/banner_rambla_1900x600_BB.png","width":1900,"height":600,"caption":"Revista Rambla"},"image":{"@id":"https:\/\/www.revistarambla.com\/#\/schema\/logo\/image\/"},"sameAs":["https:\/\/www.facebook.com\/revistarambla\/","https:\/\/x.com\/revistarambla","https:\/\/www.instagram.com\/revista_rambla","https:\/\/es.linkedin.com\/company\/revista-rambla"]},{"@type":"Person","@id":"https:\/\/www.revistarambla.com\/#\/schema\/person\/a146a5a2550b94981a75131180e1bd9c","name":"V\u00edctor Messeguer","sameAs":["https:\/\/www.facebook.com\/revistarambla","https:\/\/x.com\/revistarambla"]}]}},"_links":{"self":[{"href":"https:\/\/www.revistarambla.com\/en\/wp-json\/wp\/v2\/posts\/11989","targetHints":{"allow":["GET"]}}],"collection":[{"href":"https:\/\/www.revistarambla.com\/en\/wp-json\/wp\/v2\/posts"}],"about":[{"href":"https:\/\/www.revistarambla.com\/en\/wp-json\/wp\/v2\/types\/post"}],"author":[{"embeddable":true,"href":"https:\/\/www.revistarambla.com\/en\/wp-json\/wp\/v2\/users\/3"}],"replies":[{"embeddable":true,"href":"https:\/\/www.revistarambla.com\/en\/wp-json\/wp\/v2\/comments?post=11989"}],"version-history":[{"count":0,"href":"https:\/\/www.revistarambla.com\/en\/wp-json\/wp\/v2\/posts\/11989\/revisions"}],"wp:featuredmedia":[{"embeddable":true,"href":"https:\/\/www.revistarambla.com\/en\/wp-json\/wp\/v2\/media\/11990"}],"wp:attachment":[{"href":"https:\/\/www.revistarambla.com\/en\/wp-json\/wp\/v2\/media?parent=11989"}],"wp:term":[{"taxonomy":"category","embeddable":true,"href":"https:\/\/www.revistarambla.com\/en\/wp-json\/wp\/v2\/categories?post=11989"},{"taxonomy":"post_tag","embeddable":true,"href":"https:\/\/www.revistarambla.com\/en\/wp-json\/wp\/v2\/tags?post=11989"}],"curies":[{"name":"wp","href":"https:\/\/api.w.org\/{rel}","templated":true}]}}