{"id":11976,"date":"2017-03-14T10:34:21","date_gmt":"2017-03-14T09:34:21","guid":{"rendered":"https:\/\/www.revistarambla.com\/?p=11976"},"modified":"2021-12-20T19:53:45","modified_gmt":"2021-12-20T18:53:45","slug":"la-inhabilitacion-de-mas-y-la-espera-del-proceso","status":"publish","type":"post","link":"https:\/\/www.revistarambla.com\/en\/la-inhabilitacion-de-mas-y-la-espera-del-proceso\/","title":{"rendered":"La inhabilitaci\u00f3n de Mas y la espera del proceso"},"content":{"rendered":"<p style=\"text-align: left;\"><strong>Artur Mas ha sido condenado a dos a\u00f1os de inhabilitaci\u00f3n, Joana Ortega, a un a\u00f1o y nueve meses, e Irene Rigau a un a\u00f1o y seis meses, por desobediencia en relaci\u00f3n a la organizaci\u00f3n de la consulta del 9-N. Adem\u00e1s, los tres exdirigentes catalanes tendr\u00e1n que pagar 36.500, 30.\u00ad\u00ad000 y 24.000 euros de multa, respectivamente, pero han quedado absueltos del delito de prevaricaci\u00f3n. As\u00ed lo dicta la sentencia del Tribunal Superior de Just\u00edcia de Catalunya (TSJC) que se hizo p\u00fablica ayer al mediod\u00eda, y que el expresident ya anunci\u00f3 que recurrir\u00e1 al Tribunal\u00a0<\/strong><strong>Supremo y a la justicia europea, si hace falta.<\/strong><!--more--><\/p>\n<p style=\"text-align: left;\"><img decoding=\"async\" class=\"aligncenter size-full wp-image-11978\" src=\"https:\/\/www.revistarambla.com\/wp-content\/uploads\/2017\/03\/mas-02.jpg\" alt=\"\" width=\"600\" height=\"300\" srcset=\"https:\/\/www.revistarambla.com\/wp-content\/uploads\/2017\/03\/mas-02.jpg 600w, https:\/\/www.revistarambla.com\/wp-content\/uploads\/2017\/03\/mas-02-300x150.jpg 300w, https:\/\/www.revistarambla.com\/wp-content\/uploads\/2017\/03\/mas-02-500x250.jpg 500w\" sizes=\"(max-width: 600px) 100vw, 600px\" \/><\/p>\n<p style=\"text-align: left;\">El veredicto que convierte a Artur Mas en el primer presidente auton\u00f3mico condenado por desobediencia ha llegado poco m\u00e1s de un mes despu\u00e9s del juicio, y de forma paralela al fallo del Tribunal Supremo, aun pendiente, del juicio al exconseller de la Presid\u00e8ncia y actual l\u00edder del PDECat en el Congreso, Francesc Homs.<\/p>\n<p style=\"text-align: left;\">El Tribunal rechaz\u00f3 los argumentos expuestos por Mas, Ortega y Rigau, acusados de haber seguido al frente de la organizaci\u00f3n de la consulta que tuvo lugar el 9 de noviembre de 2014 despu\u00e9s de haber sido suspendida por el Tribunal Constitucional, que sosten\u00edan que la sentencia no fue clara y que tras de esta la gesti\u00f3n de la consulta qued\u00f3 a cargo de los m\u00e1s de 42.000 voluntarios. Aunque los pol\u00edticos han sido finalmente absueltos del delito de prevaricaci\u00f3n, por el que la fiscal\u00eda ped\u00eda hasta 10 a\u00f1os para Mas, el expresident se enfrenta a la pena m\u00e1xima posible por desobediencia, los dos a\u00f1os.<\/p>\n<p style=\"text-align: left;\">Los tres exdirigentes han sido inhabilitados para ejercer cargos electos, ya sean de \u00e1mbito local, auton\u00f3mico o estatal, pero mientras se entiende que Rigau, la \u00fanica con cargo p\u00fablico actualmente, puede mantener su esca\u00f1o en el Parlament, Artur Mas no podr\u00e1 presentarse a elecciones pese a que la sentencia aun no sea firme, ya que el delito de desobediencia se enmarca dentro de los delitos contra la Adminsitraci\u00f3n del Estado, y la ley electoral no permite que condenados por estos puedan ser elegibles.<\/p>\n<p style=\"text-align: left;\">Mas, Rigau y Ortega comparecieron una hora despu\u00e9s de conocerse la sentencia en la sede del PDECat, con su ya tan conocido lema de \u2018\u2019ho tornar\u00edem a fer\u2019\u2019. El expresidente catal\u00e1n declar\u00f3 que acog\u00eda el fallo con \u2018\u2019serenidad pero con disconformidad\u2019\u2019, expresando que su condena surge de \u2018\u2019simplemente haber defendido unas ideas que no gustan al Gobierno Espa\u00f1ol\u2019\u2019, y recordando que este \u2018\u2019ha desobedecido muchas sentencias del TC y no le ha pasado nada\u2019\u2019 . As\u00ed, lament\u00f3 que en el Estado Espa\u00f1ol \u2018\u2019se persigue a la gente por sus ideas\u2019\u2019 y reafirm\u00f3 su intenci\u00f3n de recurrir al TS y, si conviene, a la justicia europea.<\/p>\n<p style=\"text-align: left;\">Por su parte, el president de la Generalitat, Carles Puigdemont, compareci\u00f3 por la tarde acompa\u00f1ado por Oriol Junqueras y Ra\u00fcl Romeva y sentenci\u00f3 que la condena de la justicia espa\u00f1ola \u2018\u2019ser\u00e1 indultada por el pueblo catal\u00e1n con el refer\u00e9ndum\u2019\u2019, recordando que la sentencia, \u2018\u2019no por esperada es menos grave\u2019\u2019 ya que el proceso penal ha surgido por las acciones de \u2018\u2019unos electos que no cometieron otro crimen que permitir que los ciudadanos se expresaran.\u2019\u2019<\/p>\n<p style=\"text-align: left;\">Tras el conocimiento de la condena, las reacciones de las dem\u00e1s formaciones pol\u00edticas han sido las esperadas. Desde el PP y Ciutadanos se ha celebrado la sentencia, Xavier Garc\u00eda Albiol lo ha hecho con un \u2018\u2019quien hace la paga\u2019\u2019 y Carlos Carrizosa ha negado que en Espa\u00f1a se procesen a ciudadanos por sus ideas y ha instado a Puigdemont a convocar elecciones anticipadas. ERC, ha tachado la sentencia de \u2018\u2019indigna y antidemocr\u00e1tica\u2019\u2019 y desde la CUP, Mireia Boya, ha sentenciado que la condena supone la \u2018\u2019muerte del refer\u00e9ndum pactado\u2019\u2019, por lo que desde la formaci\u00f3n capitalista se pide empezar a buscar \u2018\u2019acuerdos para avanzar hacia un referendum unilateral\u2019\u2019 como \u00fanica salida. Desde Podem, Albano-Dante Fachin ha lamentado que la sentencia demuestra \u2018\u2019un grave problema de calidad democr\u00e1tica en nuestro pa\u00eds\u2019\u2019, y ha cargado contra Mas: \u2018\u2019Donde s\u00ed que tendr\u00eda que dar explicaciones Mas es para los grav\u00edsimos casos de corrupci\u00f3n\u2019\u2019. Y en la misma l\u00ednea ha reaccionado ICV, desde la que se ha reclamado a Mas \u2018\u2019dejar la pol\u00edtica por la corrupci\u00f3n, y no por el 9-N\u2019\u2019.<\/p>\n<p style=\"text-align: left;\">La sentencia, que ha recibido atenci\u00f3n en medios internacionales de forma inmediata, se ha hecho p\u00fablica el mismo d\u00eda que la l\u00edder de Escocia, Nicola Sturgeon, anunciava su intenci\u00f3n de convocar otro refer\u00e9ndum de independencia y que el Parlamento brit\u00e1nico aprobaba la ley que permite a Theresa May activar el Brexit. Adem\u00e1s, esta semana se la Comisi\u00f3n de Venecia del Consejo de Europa se\u00f1alaba la necesidad de que el Tribunal Constitucional sea \u2018\u2019un \u00e1rbirtro neutral\u2019\u2019, unas cr\u00edticas, por cierto, que el Gobierno Espa\u00f1ol intent\u00f3 rebajar mediante presiones.<\/p>\n<p style=\"text-align: left;\">Esta ha sido la primera vez que miembros con cargos pol\u00edticos en la Generalitat han sido condenados en el marco del proceso independentista. A la espera de sus efectos, en la mejor de las posibilidades podr\u00eda suponer un punto de inflexi\u00f3n para el recorrido para conseguir la independencia que parece tardar demasiado por algunos de sus defensores tradicionales pero cuyo impulsor y sustento, la necesidad de escuchar al pueblo como principal principio de la democracia, lleva conquistar hasta a miembros a los sectores no independentistas, bajo el inmovilismo, la falta de di\u00e1logo y estrategia y la pol\u00edtica del no del gobierno espa\u00f1ol.<\/p>\n<p style=\"text-align: left;\">La inhabilitaci\u00f3n de Mas, Ortega y Rigau no sorprende, era totalmente previsible. Pero aunque pudiera esperarse, su gravedad sigue siendo notable. Un indicio m\u00e1s de los tantos que caracterizan este sistema rancio, corto de miras, autoritario y nunca resolutivo, que a estas alturas aun no entiende o no quiere entender la diferencia entre legalidad y legitimidad.<\/p>\n<p style=\"text-align: left;\">Seguramente la inhabilitaci\u00f3n de Mas, Ortega y Rigau refuercen el independentismo, pero lo que le falta al proceso independentista no es precisamente fuerza. Mas ha anunciado que va a agotar todas las v\u00edas judiciales estatales, para llegar despu\u00e9s a la justicia europea, pero el proceso se anticipa largo y en estos momentos no hay ning\u00fan compromiso firme en el exterior.<\/p>\n<p style=\"text-align: left;\">La sentencia puede ser de utilidad si sirve para que algunos confirmen la ineficacia de la estrategia llevada a cabo hasta ahora, la necesidad de actuar de forma contundente con otros mecanismos y de rechazar este tira y afloja eterno que no lleva a ninguna parte para tomar las riendas una vez por todas y reivindicar, ahora s\u00ed, la desobediencia.<\/p>\n<p style=\"text-align: left;\">Si no es as\u00ed, cabe seguir esperando, al refer\u00e9ndum a partir de septiembre que Puigdemont ha anunciado que no va a avanzar, pero hay el riesgo de que esto sea una an\u00e9cdota m\u00e1s de este proceso que parece no avanzar, tan oportuna, adem\u00e1s, que habr\u00e1 permitido a Mas retirarse de la pol\u00edtica de la mejor forma, convirti\u00e9ndose en m\u00e1rtir, por una causa injusta, s\u00ed, pero con el cas Palau y el 3% de fondo que cuestionaban su figura pero que finalmente no habr\u00e1n tenido ning\u00fan efecto sobre su imagen y, adem\u00e1s, despu\u00e9s de haber dejado al PDECat hu\u00e9rfano, lo que no hace m\u00e1s que a\u00f1adir incerteza a la situaci\u00f3n.<\/p>","protected":false},"excerpt":{"rendered":"<p>Artur Mas ha sido condenado a dos a\u00f1os de inhabilitaci\u00f3n, Joana Ortega, a un a\u00f1o y nueve meses, e Irene Rigau a un a\u00f1o y seis meses, por desobediencia en relaci\u00f3n a la organizaci\u00f3n de la consulta del 9-N. Adem\u00e1s, los tres exdirigentes catalanes tendr\u00e1n que pagar 36.500, 30.\u00ad\u00ad000 y [&hellip;]<\/p>\n","protected":false},"author":77,"featured_media":11977,"comment_status":"open","ping_status":"open","sticky":false,"template":"","format":"standard","meta":{"footnotes":""},"categories":[3,59],"tags":[],"class_list":["post-11976","post","type-post","status-publish","format-standard","has-post-thumbnail","hentry","category-actualidad","category-catalunya"],"yoast_head":"<!-- This site is optimized with the Yoast SEO plugin v27.5 - https:\/\/yoast.com\/product\/yoast-seo-wordpress\/ -->\n<title>La inhabilitaci\u00f3n de Mas y la espera del proceso - Revista Rambla<\/title>\n<meta name=\"robots\" content=\"index, follow, max-snippet:-1, max-image-preview:large, max-video-preview:-1\" \/>\n<link rel=\"canonical\" href=\"https:\/\/www.revistarambla.com\/en\/la-inhabilitacion-de-mas-y-la-espera-del-proceso\/\" \/>\n<meta property=\"og:locale\" content=\"en_GB\" \/>\n<meta property=\"og:type\" content=\"article\" \/>\n<meta property=\"og:title\" content=\"La inhabilitaci\u00f3n de Mas y la espera del proceso - Revista Rambla\" \/>\n<meta property=\"og:description\" content=\"Artur Mas ha sido condenado a dos a\u00f1os de inhabilitaci\u00f3n, Joana Ortega, a un a\u00f1o y nueve meses, e Irene Rigau a un a\u00f1o y seis meses, por desobediencia en relaci\u00f3n a la organizaci\u00f3n de la consulta del 9-N. Adem\u00e1s, los tres exdirigentes catalanes tendr\u00e1n que pagar 36.500, 30.\u00ad\u00ad000 y [&hellip;]\" \/>\n<meta property=\"og:url\" content=\"https:\/\/www.revistarambla.com\/en\/la-inhabilitacion-de-mas-y-la-espera-del-proceso\/\" \/>\n<meta property=\"og:site_name\" content=\"Revista Rambla\" \/>\n<meta property=\"article:publisher\" content=\"https:\/\/www.facebook.com\/revistarambla\/\" \/>\n<meta property=\"article:published_time\" content=\"2017-03-14T09:34:21+00:00\" \/>\n<meta property=\"article:modified_time\" content=\"2021-12-20T18:53:45+00:00\" \/>\n<meta property=\"og:image\" content=\"https:\/\/www.revistarambla.com\/wp-content\/uploads\/2017\/03\/mas-01.jpg\" \/>\n\t<meta property=\"og:image:width\" content=\"819\" \/>\n\t<meta property=\"og:image:height\" content=\"608\" \/>\n\t<meta property=\"og:image:type\" content=\"image\/jpeg\" \/>\n<meta name=\"author\" content=\"Laia Font\" \/>\n<meta name=\"twitter:card\" content=\"summary_large_image\" \/>\n<meta name=\"twitter:creator\" content=\"@revistarambla\" \/>\n<meta name=\"twitter:site\" content=\"@revistarambla\" \/>\n<meta name=\"twitter:label1\" content=\"Written by\" \/>\n\t<meta name=\"twitter:data1\" content=\"Laia Font\" \/>\n\t<meta name=\"twitter:label2\" content=\"Estimated reading time\" \/>\n\t<meta name=\"twitter:data2\" content=\"6 minutes\" \/>\n<script type=\"application\/ld+json\" class=\"yoast-schema-graph\">{\"@context\":\"https:\\\/\\\/schema.org\",\"@graph\":[{\"@type\":\"Article\",\"@id\":\"https:\\\/\\\/www.revistarambla.com\\\/la-inhabilitacion-de-mas-y-la-espera-del-proceso\\\/#article\",\"isPartOf\":{\"@id\":\"https:\\\/\\\/www.revistarambla.com\\\/la-inhabilitacion-de-mas-y-la-espera-del-proceso\\\/\"},\"author\":{\"name\":\"Laia Font\",\"@id\":\"https:\\\/\\\/www.revistarambla.com\\\/#\\\/schema\\\/person\\\/074811fdb159459dc686aa6cb9e250e9\"},\"headline\":\"La inhabilitaci\u00f3n de Mas y la espera del proceso\",\"datePublished\":\"2017-03-14T09:34:21+00:00\",\"dateModified\":\"2021-12-20T18:53:45+00:00\",\"mainEntityOfPage\":{\"@id\":\"https:\\\/\\\/www.revistarambla.com\\\/la-inhabilitacion-de-mas-y-la-espera-del-proceso\\\/\"},\"wordCount\":1272,\"commentCount\":0,\"publisher\":{\"@id\":\"https:\\\/\\\/www.revistarambla.com\\\/#organization\"},\"image\":{\"@id\":\"https:\\\/\\\/www.revistarambla.com\\\/la-inhabilitacion-de-mas-y-la-espera-del-proceso\\\/#primaryimage\"},\"thumbnailUrl\":\"https:\\\/\\\/www.revistarambla.com\\\/wp-content\\\/uploads\\\/2017\\\/03\\\/mas-01.jpg\",\"articleSection\":[\"Actualidad\",\"Catalunya\"],\"inLanguage\":\"en-GB\",\"potentialAction\":[{\"@type\":\"CommentAction\",\"name\":\"Comment\",\"target\":[\"https:\\\/\\\/www.revistarambla.com\\\/la-inhabilitacion-de-mas-y-la-espera-del-proceso\\\/#respond\"]}]},{\"@type\":\"WebPage\",\"@id\":\"https:\\\/\\\/www.revistarambla.com\\\/la-inhabilitacion-de-mas-y-la-espera-del-proceso\\\/\",\"url\":\"https:\\\/\\\/www.revistarambla.com\\\/la-inhabilitacion-de-mas-y-la-espera-del-proceso\\\/\",\"name\":\"La inhabilitaci\u00f3n de Mas y la espera del proceso - Revista Rambla\",\"isPartOf\":{\"@id\":\"https:\\\/\\\/www.revistarambla.com\\\/#website\"},\"primaryImageOfPage\":{\"@id\":\"https:\\\/\\\/www.revistarambla.com\\\/la-inhabilitacion-de-mas-y-la-espera-del-proceso\\\/#primaryimage\"},\"image\":{\"@id\":\"https:\\\/\\\/www.revistarambla.com\\\/la-inhabilitacion-de-mas-y-la-espera-del-proceso\\\/#primaryimage\"},\"thumbnailUrl\":\"https:\\\/\\\/www.revistarambla.com\\\/wp-content\\\/uploads\\\/2017\\\/03\\\/mas-01.jpg\",\"datePublished\":\"2017-03-14T09:34:21+00:00\",\"dateModified\":\"2021-12-20T18:53:45+00:00\",\"breadcrumb\":{\"@id\":\"https:\\\/\\\/www.revistarambla.com\\\/la-inhabilitacion-de-mas-y-la-espera-del-proceso\\\/#breadcrumb\"},\"inLanguage\":\"en-GB\",\"potentialAction\":[{\"@type\":\"ReadAction\",\"target\":[\"https:\\\/\\\/www.revistarambla.com\\\/la-inhabilitacion-de-mas-y-la-espera-del-proceso\\\/\"]}]},{\"@type\":\"ImageObject\",\"inLanguage\":\"en-GB\",\"@id\":\"https:\\\/\\\/www.revistarambla.com\\\/la-inhabilitacion-de-mas-y-la-espera-del-proceso\\\/#primaryimage\",\"url\":\"https:\\\/\\\/www.revistarambla.com\\\/wp-content\\\/uploads\\\/2017\\\/03\\\/mas-01.jpg\",\"contentUrl\":\"https:\\\/\\\/www.revistarambla.com\\\/wp-content\\\/uploads\\\/2017\\\/03\\\/mas-01.jpg\",\"width\":819,\"height\":608},{\"@type\":\"BreadcrumbList\",\"@id\":\"https:\\\/\\\/www.revistarambla.com\\\/la-inhabilitacion-de-mas-y-la-espera-del-proceso\\\/#breadcrumb\",\"itemListElement\":[{\"@type\":\"ListItem\",\"position\":1,\"name\":\"Portada\",\"item\":\"https:\\\/\\\/www.revistarambla.com\\\/\"},{\"@type\":\"ListItem\",\"position\":2,\"name\":\"La inhabilitaci\u00f3n de Mas y la espera del proceso\"}]},{\"@type\":\"WebSite\",\"@id\":\"https:\\\/\\\/www.revistarambla.com\\\/#website\",\"url\":\"https:\\\/\\\/www.revistarambla.com\\\/\",\"name\":\"Revista Rambla Barcelona\",\"description\":\"Periodismo independiente\",\"publisher\":{\"@id\":\"https:\\\/\\\/www.revistarambla.com\\\/#organization\"},\"potentialAction\":[{\"@type\":\"SearchAction\",\"target\":{\"@type\":\"EntryPoint\",\"urlTemplate\":\"https:\\\/\\\/www.revistarambla.com\\\/?s={search_term_string}\"},\"query-input\":{\"@type\":\"PropertyValueSpecification\",\"valueRequired\":true,\"valueName\":\"search_term_string\"}}],\"inLanguage\":\"en-GB\"},{\"@type\":\"Organization\",\"@id\":\"https:\\\/\\\/www.revistarambla.com\\\/#organization\",\"name\":\"Revista Rambla\",\"url\":\"https:\\\/\\\/www.revistarambla.com\\\/\",\"logo\":{\"@type\":\"ImageObject\",\"inLanguage\":\"en-GB\",\"@id\":\"https:\\\/\\\/www.revistarambla.com\\\/#\\\/schema\\\/logo\\\/image\\\/\",\"url\":\"https:\\\/\\\/www.revistarambla.com\\\/wp-content\\\/uploads\\\/2020\\\/09\\\/banner_rambla_1900x600_BB.png\",\"contentUrl\":\"https:\\\/\\\/www.revistarambla.com\\\/wp-content\\\/uploads\\\/2020\\\/09\\\/banner_rambla_1900x600_BB.png\",\"width\":1900,\"height\":600,\"caption\":\"Revista Rambla\"},\"image\":{\"@id\":\"https:\\\/\\\/www.revistarambla.com\\\/#\\\/schema\\\/logo\\\/image\\\/\"},\"sameAs\":[\"https:\\\/\\\/www.facebook.com\\\/revistarambla\\\/\",\"https:\\\/\\\/x.com\\\/revistarambla\",\"https:\\\/\\\/www.instagram.com\\\/revista_rambla\",\"https:\\\/\\\/es.linkedin.com\\\/company\\\/revista-rambla\"]},{\"@type\":\"Person\",\"@id\":\"https:\\\/\\\/www.revistarambla.com\\\/#\\\/schema\\\/person\\\/074811fdb159459dc686aa6cb9e250e9\",\"name\":\"Laia Font\",\"description\":\"(Sabadell, 1995). Estudi\u00f3 Periodismo en la Universidad Aut\u00f3noma de Barcelona y escribe sobre cultura, g\u00e9nero y pol\u00edtica. Actualmente, trabaja como escritora, traductora y Community Manager \\\"freelance\\\".\",\"sameAs\":[\"https:\\\/\\\/mrmomo.es\\\/autor\\\/Laia_Font.htm\\\/\",\"https:\\\/\\\/es.linkedin.com\\\/in\\\/laiafontme\"]}]}<\/script>\n<!-- \/ Yoast SEO plugin. -->","yoast_head_json":{"title":"La inhabilitaci\u00f3n de Mas y la espera del proceso - Revista Rambla","robots":{"index":"index","follow":"follow","max-snippet":"max-snippet:-1","max-image-preview":"max-image-preview:large","max-video-preview":"max-video-preview:-1"},"canonical":"https:\/\/www.revistarambla.com\/en\/la-inhabilitacion-de-mas-y-la-espera-del-proceso\/","og_locale":"en_GB","og_type":"article","og_title":"La inhabilitaci\u00f3n de Mas y la espera del proceso - Revista Rambla","og_description":"Artur Mas ha sido condenado a dos a\u00f1os de inhabilitaci\u00f3n, Joana Ortega, a un a\u00f1o y nueve meses, e Irene Rigau a un a\u00f1o y seis meses, por desobediencia en relaci\u00f3n a la organizaci\u00f3n de la consulta del 9-N. Adem\u00e1s, los tres exdirigentes catalanes tendr\u00e1n que pagar 36.500, 30.\u00ad\u00ad000 y [&hellip;]","og_url":"https:\/\/www.revistarambla.com\/en\/la-inhabilitacion-de-mas-y-la-espera-del-proceso\/","og_site_name":"Revista Rambla","article_publisher":"https:\/\/www.facebook.com\/revistarambla\/","article_published_time":"2017-03-14T09:34:21+00:00","article_modified_time":"2021-12-20T18:53:45+00:00","og_image":[{"width":819,"height":608,"url":"https:\/\/www.revistarambla.com\/wp-content\/uploads\/2017\/03\/mas-01.jpg","type":"image\/jpeg"}],"author":"Laia Font","twitter_card":"summary_large_image","twitter_creator":"@revistarambla","twitter_site":"@revistarambla","twitter_misc":{"Written by":"Laia Font","Estimated reading time":"6 minutes"},"schema":{"@context":"https:\/\/schema.org","@graph":[{"@type":"Article","@id":"https:\/\/www.revistarambla.com\/la-inhabilitacion-de-mas-y-la-espera-del-proceso\/#article","isPartOf":{"@id":"https:\/\/www.revistarambla.com\/la-inhabilitacion-de-mas-y-la-espera-del-proceso\/"},"author":{"name":"Laia Font","@id":"https:\/\/www.revistarambla.com\/#\/schema\/person\/074811fdb159459dc686aa6cb9e250e9"},"headline":"La inhabilitaci\u00f3n de Mas y la espera del proceso","datePublished":"2017-03-14T09:34:21+00:00","dateModified":"2021-12-20T18:53:45+00:00","mainEntityOfPage":{"@id":"https:\/\/www.revistarambla.com\/la-inhabilitacion-de-mas-y-la-espera-del-proceso\/"},"wordCount":1272,"commentCount":0,"publisher":{"@id":"https:\/\/www.revistarambla.com\/#organization"},"image":{"@id":"https:\/\/www.revistarambla.com\/la-inhabilitacion-de-mas-y-la-espera-del-proceso\/#primaryimage"},"thumbnailUrl":"https:\/\/www.revistarambla.com\/wp-content\/uploads\/2017\/03\/mas-01.jpg","articleSection":["Actualidad","Catalunya"],"inLanguage":"en-GB","potentialAction":[{"@type":"CommentAction","name":"Comment","target":["https:\/\/www.revistarambla.com\/la-inhabilitacion-de-mas-y-la-espera-del-proceso\/#respond"]}]},{"@type":"WebPage","@id":"https:\/\/www.revistarambla.com\/la-inhabilitacion-de-mas-y-la-espera-del-proceso\/","url":"https:\/\/www.revistarambla.com\/la-inhabilitacion-de-mas-y-la-espera-del-proceso\/","name":"La inhabilitaci\u00f3n de Mas y la espera del proceso - Revista Rambla","isPartOf":{"@id":"https:\/\/www.revistarambla.com\/#website"},"primaryImageOfPage":{"@id":"https:\/\/www.revistarambla.com\/la-inhabilitacion-de-mas-y-la-espera-del-proceso\/#primaryimage"},"image":{"@id":"https:\/\/www.revistarambla.com\/la-inhabilitacion-de-mas-y-la-espera-del-proceso\/#primaryimage"},"thumbnailUrl":"https:\/\/www.revistarambla.com\/wp-content\/uploads\/2017\/03\/mas-01.jpg","datePublished":"2017-03-14T09:34:21+00:00","dateModified":"2021-12-20T18:53:45+00:00","breadcrumb":{"@id":"https:\/\/www.revistarambla.com\/la-inhabilitacion-de-mas-y-la-espera-del-proceso\/#breadcrumb"},"inLanguage":"en-GB","potentialAction":[{"@type":"ReadAction","target":["https:\/\/www.revistarambla.com\/la-inhabilitacion-de-mas-y-la-espera-del-proceso\/"]}]},{"@type":"ImageObject","inLanguage":"en-GB","@id":"https:\/\/www.revistarambla.com\/la-inhabilitacion-de-mas-y-la-espera-del-proceso\/#primaryimage","url":"https:\/\/www.revistarambla.com\/wp-content\/uploads\/2017\/03\/mas-01.jpg","contentUrl":"https:\/\/www.revistarambla.com\/wp-content\/uploads\/2017\/03\/mas-01.jpg","width":819,"height":608},{"@type":"BreadcrumbList","@id":"https:\/\/www.revistarambla.com\/la-inhabilitacion-de-mas-y-la-espera-del-proceso\/#breadcrumb","itemListElement":[{"@type":"ListItem","position":1,"name":"Portada","item":"https:\/\/www.revistarambla.com\/"},{"@type":"ListItem","position":2,"name":"La inhabilitaci\u00f3n de Mas y la espera del proceso"}]},{"@type":"WebSite","@id":"https:\/\/www.revistarambla.com\/#website","url":"https:\/\/www.revistarambla.com\/","name":"Revista Rambla Barcelona","description":"Periodismo independiente","publisher":{"@id":"https:\/\/www.revistarambla.com\/#organization"},"potentialAction":[{"@type":"SearchAction","target":{"@type":"EntryPoint","urlTemplate":"https:\/\/www.revistarambla.com\/?s={search_term_string}"},"query-input":{"@type":"PropertyValueSpecification","valueRequired":true,"valueName":"search_term_string"}}],"inLanguage":"en-GB"},{"@type":"Organization","@id":"https:\/\/www.revistarambla.com\/#organization","name":"Revista Rambla","url":"https:\/\/www.revistarambla.com\/","logo":{"@type":"ImageObject","inLanguage":"en-GB","@id":"https:\/\/www.revistarambla.com\/#\/schema\/logo\/image\/","url":"https:\/\/www.revistarambla.com\/wp-content\/uploads\/2020\/09\/banner_rambla_1900x600_BB.png","contentUrl":"https:\/\/www.revistarambla.com\/wp-content\/uploads\/2020\/09\/banner_rambla_1900x600_BB.png","width":1900,"height":600,"caption":"Revista Rambla"},"image":{"@id":"https:\/\/www.revistarambla.com\/#\/schema\/logo\/image\/"},"sameAs":["https:\/\/www.facebook.com\/revistarambla\/","https:\/\/x.com\/revistarambla","https:\/\/www.instagram.com\/revista_rambla","https:\/\/es.linkedin.com\/company\/revista-rambla"]},{"@type":"Person","@id":"https:\/\/www.revistarambla.com\/#\/schema\/person\/074811fdb159459dc686aa6cb9e250e9","name":"Laia Font","description":"(Sabadell, 1995). Estudi\u00f3 Periodismo en la Universidad Aut\u00f3noma de Barcelona y escribe sobre cultura, g\u00e9nero y pol\u00edtica. Actualmente, trabaja como escritora, traductora y Community Manager \"freelance\".","sameAs":["https:\/\/mrmomo.es\/autor\/Laia_Font.htm\/","https:\/\/es.linkedin.com\/in\/laiafontme"]}]}},"_links":{"self":[{"href":"https:\/\/www.revistarambla.com\/en\/wp-json\/wp\/v2\/posts\/11976","targetHints":{"allow":["GET"]}}],"collection":[{"href":"https:\/\/www.revistarambla.com\/en\/wp-json\/wp\/v2\/posts"}],"about":[{"href":"https:\/\/www.revistarambla.com\/en\/wp-json\/wp\/v2\/types\/post"}],"author":[{"embeddable":true,"href":"https:\/\/www.revistarambla.com\/en\/wp-json\/wp\/v2\/users\/77"}],"replies":[{"embeddable":true,"href":"https:\/\/www.revistarambla.com\/en\/wp-json\/wp\/v2\/comments?post=11976"}],"version-history":[{"count":0,"href":"https:\/\/www.revistarambla.com\/en\/wp-json\/wp\/v2\/posts\/11976\/revisions"}],"wp:featuredmedia":[{"embeddable":true,"href":"https:\/\/www.revistarambla.com\/en\/wp-json\/wp\/v2\/media\/11977"}],"wp:attachment":[{"href":"https:\/\/www.revistarambla.com\/en\/wp-json\/wp\/v2\/media?parent=11976"}],"wp:term":[{"taxonomy":"category","embeddable":true,"href":"https:\/\/www.revistarambla.com\/en\/wp-json\/wp\/v2\/categories?post=11976"},{"taxonomy":"post_tag","embeddable":true,"href":"https:\/\/www.revistarambla.com\/en\/wp-json\/wp\/v2\/tags?post=11976"}],"curies":[{"name":"wp","href":"https:\/\/api.w.org\/{rel}","templated":true}]}}