{"id":1196,"date":"2011-10-24T05:16:41","date_gmt":"2011-10-24T03:16:41","guid":{"rendered":"https:\/\/www.revistarambla.com\/elecciones-20n-la-cgt-hace-un-llamamiento-a-la-abstencion\/"},"modified":"2021-12-10T16:37:47","modified_gmt":"2021-12-10T15:37:47","slug":"elecciones-20n-la-cgt-hace-un-llamamiento-a-la-abstencion","status":"publish","type":"post","link":"https:\/\/www.revistarambla.com\/en\/elecciones-20n-la-cgt-hace-un-llamamiento-a-la-abstencion\/","title":{"rendered":"Elecciones 20-N: La CGT llama a la abstenci\u00f3n"},"content":{"rendered":"<p>La Confederaci\u00f3n General del Trabajo (CGT) ha presentado esta semana en Barcelona su campa\u00f1a por la abstenci\u00f3n activa y consciente, para las pr\u00f3ximas elecciones generales. El sindicato entiende la convocatoria del 20 de noviembre como una farsa, por considerar que la clase pol\u00edtica no representa en absoluto la soberan\u00eda popular. Por ello, hace un llamamiento\u00a0 a la ciudadan\u00eda en general para que <span data-scayt_word=\"manifieste\" data-scaytid=\"5\">manifieste<\/span> su rechazo al sistema imperante mediante la abstenci\u00f3n de voto, y la movilizaci\u00f3n social frente a las injusticias.<\/p>\n<p>La <span data-scayt_word=\"CGT\" data-scaytid=\"6\">CGT<\/span> ha destacado que las medidas llevadas a cabo por la clase pol\u00edtica -con la complicidad del sindicalismo <span data-scayt_word=\"institucionalizado\" data-scaytid=\"7\">institucionalizado<\/span>&#8211; para acabar con la supuesta crisis econ\u00f3mica, solo obedecen al dictado de los mercados. Dichas medidas han <span data-scayt_word=\"contribuido\" data-scaytid=\"8\">contribuido<\/span> a perjudicar todav\u00eda m\u00e1s a la clase trabajadora, y\u00a0 han llevado a la sociedad a la situaci\u00f3n actual: m\u00e1s de cinco millones de personas en paro, casi dos millones de familias con todos sus miembros sin trabajo, cientos de miles que han perdido sus viviendas, 13 millones con ingresos anuales por debajo de los 12.000 euros&#8230;<\/p>\n<p>Para la confederaci\u00f3n, las elecciones generales son una oportunidad para demostrar que la sociedad actual no cree en este sistema. Para ello abogan por la abstenci\u00f3n. Descartan otras opciones como el <em>voto en blanco<\/em>, porque supone una donaci\u00f3n de cupo parlamentario a los grupos mayoritarios, o el <em>voto nulo<\/em>\u00a0 porque aumenta las cifras de participaci\u00f3n, lo que los partidos pol\u00edticos se atribuyen como un \u00e9xito propio.<\/p>\n<p>La <span data-scayt_word=\"CGT\" data-scaytid=\"9\">CGT<\/span>, cuyo ideario se enmarca en la l\u00ednea <span data-scayt_word=\"anarcosindicalista\" data-scaytid=\"10\">anarcosindicalista<\/span> y libertaria, no participa ideol\u00f3gicamente del sistema pol\u00edtico, por considerar una falacia que en el sistema de democracia representativa la soberan\u00eda resida en el pueblo. Por ello desea crear conciencia de que existen alternativas a la democracia parlamentaria y al sistema econ\u00f3mico capitalista que, en palabras de uno de sus portavoces,\u00a0 \u00abnos est\u00e1 llevando al desastre humano\u00bb. Desde el sindicato se se\u00f1ala que no existen diferencias entre los mundos\u00a0 pol\u00edtico y el econ\u00f3mico, ya que el primero es un instrumento al servicio del segundo. Y se aboga por la creaci\u00f3n de la sociedad libertaria, que conducir\u00eda al final del capitalismo, y funcionar\u00eda mediante <span data-scayt_word=\"autogesti\u00f3n\" data-scaytid=\"11\">autogesti\u00f3n<\/span>, democracia directa, federalismo y apoyo mutuo.<\/p>\n<p>La campa\u00f1a consistir\u00e1 en una serie de textos escritos,\u00a0 actos p\u00fablicos y un <span data-scayt_word=\"video\" data-scaytid=\"13\">video<\/span> para las redes sociales, y dar\u00e1 comienzo la madrugada del 3 al 4 de noviembre. Los 60.000 d\u00edpticos y las 20.000 <span data-scayt_word=\"pegatinas\" data-scaytid=\"14\">pegatinas<\/span> y carteles que servir\u00e1n de apoyo para la difusi\u00f3n, est\u00e1n financiados en su totalidad con recursos de la propia <span data-scayt_word=\"CGT\" data-scaytid=\"12\">CGT<\/span>, sin subvenciones estatales ni bancarias.<\/p>\n<p>La confederaci\u00f3n ha organizado diversos actos en <span data-scayt_word=\"Gav\u00e0\" data-scaytid=\"15\">Gav\u00e0<\/span>, <span data-scayt_word=\"l\u2019Hospitalet\" data-scaytid=\"16\">l\u2019Hospitalet<\/span>, y Barcelona\u00a0 -y tiene previsto cerrar algunos m\u00e1s-\u00a0 y pretende que dichos actos sean una plataforma de reflexi\u00f3n abierta a todos los ciudadanos y ciudadanas, por lo que cada actividad incluir\u00e1 su posterior debate. Adem\u00e1s, en el acto del 17 de noviembre en <span data-scayt_word=\"Arc\" data-scaytid=\"17\">Arc<\/span> de <span data-scayt_word=\"Triomf\" data-scaytid=\"18\">Triomf<\/span>, se abrir\u00e1 el micr\u00f3fono a todo aqu\u00e9l que desee participar.<\/p>\n<p>Como innovaci\u00f3n, el d\u00eda de las elecciones, la <span data-scayt_word=\"CGT\" data-scaytid=\"19\">CGT<\/span> instalar\u00e1 en su sede de <span data-scayt_word=\"Via\" data-scaytid=\"20\">Via<\/span> <span data-scayt_word=\"Laietana\" data-scaytid=\"21\">Laietana<\/span> un centro de recogida de datos de los porcentajes de abstenci\u00f3n. Adem\u00e1s llevar\u00e1 a cabo el an\u00e1lisis de los resultados, del que informar\u00e1 mediante comparecencias p\u00fablicas, a fin de evitar que la \u00fanica interpretaci\u00f3n de los resultados sea la de los propios partidos pol\u00edticos.<\/p>","protected":false},"excerpt":{"rendered":"<p>La Confederaci\u00f3n General del Trabajo (CGT) ha presentado esta semana en Barcelona su campa\u00f1a por la abstenci\u00f3n activa y consciente, para las pr\u00f3ximas elecciones generales. El sindicato entiende la convocatoria del 20 de noviembre como una farsa, por considerar que la clase pol\u00edtica no representa en absoluto la soberan\u00eda popular. [&hellip;]<\/p>\n","protected":false},"author":51,"featured_media":0,"comment_status":"open","ping_status":"open","sticky":false,"template":"","format":"standard","meta":{"footnotes":""},"categories":[3,59],"tags":[],"class_list":["post-1196","post","type-post","status-publish","format-standard","hentry","category-actualidad","category-catalunya"],"yoast_head":"<!-- This site is optimized with the Yoast SEO plugin v27.5 - https:\/\/yoast.com\/product\/yoast-seo-wordpress\/ -->\n<title>Elecciones 20-N: La CGT llama a la abstenci\u00f3n - Revista Rambla<\/title>\n<meta name=\"robots\" content=\"index, follow, max-snippet:-1, max-image-preview:large, max-video-preview:-1\" \/>\n<link rel=\"canonical\" href=\"https:\/\/www.revistarambla.com\/en\/elecciones-20n-la-cgt-hace-un-llamamiento-a-la-abstencion\/\" \/>\n<meta property=\"og:locale\" content=\"en_GB\" \/>\n<meta property=\"og:type\" content=\"article\" \/>\n<meta property=\"og:title\" content=\"Elecciones 20-N: La CGT llama a la abstenci\u00f3n - Revista Rambla\" \/>\n<meta property=\"og:description\" content=\"La Confederaci\u00f3n General del Trabajo (CGT) ha presentado esta semana en Barcelona su campa\u00f1a por la abstenci\u00f3n activa y consciente, para las pr\u00f3ximas elecciones generales. El sindicato entiende la convocatoria del 20 de noviembre como una farsa, por considerar que la clase pol\u00edtica no representa en absoluto la soberan\u00eda popular. [&hellip;]\" \/>\n<meta property=\"og:url\" content=\"https:\/\/www.revistarambla.com\/en\/elecciones-20n-la-cgt-hace-un-llamamiento-a-la-abstencion\/\" \/>\n<meta property=\"og:site_name\" content=\"Revista Rambla\" \/>\n<meta property=\"article:publisher\" content=\"https:\/\/www.facebook.com\/revistarambla\/\" \/>\n<meta property=\"article:published_time\" content=\"2011-10-24T03:16:41+00:00\" \/>\n<meta property=\"article:modified_time\" content=\"2021-12-10T15:37:47+00:00\" \/>\n<meta name=\"author\" content=\"Elena Fern\u00e1ndez Mart\u00ednez\" \/>\n<meta name=\"twitter:card\" content=\"summary_large_image\" \/>\n<meta name=\"twitter:creator\" content=\"@revistarambla\" \/>\n<meta name=\"twitter:site\" content=\"@revistarambla\" \/>\n<meta name=\"twitter:label1\" content=\"Written by\" \/>\n\t<meta name=\"twitter:data1\" content=\"Elena Fern\u00e1ndez Mart\u00ednez\" \/>\n\t<meta name=\"twitter:label2\" content=\"Estimated reading time\" \/>\n\t<meta name=\"twitter:data2\" content=\"3 minutes\" \/>\n<script type=\"application\/ld+json\" class=\"yoast-schema-graph\">{\"@context\":\"https:\\\/\\\/schema.org\",\"@graph\":[{\"@type\":\"Article\",\"@id\":\"https:\\\/\\\/www.revistarambla.com\\\/elecciones-20n-la-cgt-hace-un-llamamiento-a-la-abstencion\\\/#article\",\"isPartOf\":{\"@id\":\"https:\\\/\\\/www.revistarambla.com\\\/elecciones-20n-la-cgt-hace-un-llamamiento-a-la-abstencion\\\/\"},\"author\":{\"name\":\"Elena Fern\u00e1ndez Mart\u00ednez\",\"@id\":\"https:\\\/\\\/www.revistarambla.com\\\/#\\\/schema\\\/person\\\/044b43a8aa317042559e094f7deaf33c\"},\"headline\":\"Elecciones 20-N: La CGT llama a la abstenci\u00f3n\",\"datePublished\":\"2011-10-24T03:16:41+00:00\",\"dateModified\":\"2021-12-10T15:37:47+00:00\",\"mainEntityOfPage\":{\"@id\":\"https:\\\/\\\/www.revistarambla.com\\\/elecciones-20n-la-cgt-hace-un-llamamiento-a-la-abstencion\\\/\"},\"wordCount\":601,\"commentCount\":0,\"publisher\":{\"@id\":\"https:\\\/\\\/www.revistarambla.com\\\/#organization\"},\"articleSection\":[\"Actualidad\",\"Catalunya\"],\"inLanguage\":\"en-GB\",\"potentialAction\":[{\"@type\":\"CommentAction\",\"name\":\"Comment\",\"target\":[\"https:\\\/\\\/www.revistarambla.com\\\/elecciones-20n-la-cgt-hace-un-llamamiento-a-la-abstencion\\\/#respond\"]}]},{\"@type\":\"WebPage\",\"@id\":\"https:\\\/\\\/www.revistarambla.com\\\/elecciones-20n-la-cgt-hace-un-llamamiento-a-la-abstencion\\\/\",\"url\":\"https:\\\/\\\/www.revistarambla.com\\\/elecciones-20n-la-cgt-hace-un-llamamiento-a-la-abstencion\\\/\",\"name\":\"Elecciones 20-N: La CGT llama a la abstenci\u00f3n - Revista Rambla\",\"isPartOf\":{\"@id\":\"https:\\\/\\\/www.revistarambla.com\\\/#website\"},\"datePublished\":\"2011-10-24T03:16:41+00:00\",\"dateModified\":\"2021-12-10T15:37:47+00:00\",\"breadcrumb\":{\"@id\":\"https:\\\/\\\/www.revistarambla.com\\\/elecciones-20n-la-cgt-hace-un-llamamiento-a-la-abstencion\\\/#breadcrumb\"},\"inLanguage\":\"en-GB\",\"potentialAction\":[{\"@type\":\"ReadAction\",\"target\":[\"https:\\\/\\\/www.revistarambla.com\\\/elecciones-20n-la-cgt-hace-un-llamamiento-a-la-abstencion\\\/\"]}]},{\"@type\":\"BreadcrumbList\",\"@id\":\"https:\\\/\\\/www.revistarambla.com\\\/elecciones-20n-la-cgt-hace-un-llamamiento-a-la-abstencion\\\/#breadcrumb\",\"itemListElement\":[{\"@type\":\"ListItem\",\"position\":1,\"name\":\"Portada\",\"item\":\"https:\\\/\\\/www.revistarambla.com\\\/\"},{\"@type\":\"ListItem\",\"position\":2,\"name\":\"Elecciones 20-N: La CGT llama a la abstenci\u00f3n\"}]},{\"@type\":\"WebSite\",\"@id\":\"https:\\\/\\\/www.revistarambla.com\\\/#website\",\"url\":\"https:\\\/\\\/www.revistarambla.com\\\/\",\"name\":\"Revista Rambla Barcelona\",\"description\":\"Periodismo independiente\",\"publisher\":{\"@id\":\"https:\\\/\\\/www.revistarambla.com\\\/#organization\"},\"potentialAction\":[{\"@type\":\"SearchAction\",\"target\":{\"@type\":\"EntryPoint\",\"urlTemplate\":\"https:\\\/\\\/www.revistarambla.com\\\/?s={search_term_string}\"},\"query-input\":{\"@type\":\"PropertyValueSpecification\",\"valueRequired\":true,\"valueName\":\"search_term_string\"}}],\"inLanguage\":\"en-GB\"},{\"@type\":\"Organization\",\"@id\":\"https:\\\/\\\/www.revistarambla.com\\\/#organization\",\"name\":\"Revista Rambla\",\"url\":\"https:\\\/\\\/www.revistarambla.com\\\/\",\"logo\":{\"@type\":\"ImageObject\",\"inLanguage\":\"en-GB\",\"@id\":\"https:\\\/\\\/www.revistarambla.com\\\/#\\\/schema\\\/logo\\\/image\\\/\",\"url\":\"https:\\\/\\\/www.revistarambla.com\\\/wp-content\\\/uploads\\\/2020\\\/09\\\/banner_rambla_1900x600_BB.png\",\"contentUrl\":\"https:\\\/\\\/www.revistarambla.com\\\/wp-content\\\/uploads\\\/2020\\\/09\\\/banner_rambla_1900x600_BB.png\",\"width\":1900,\"height\":600,\"caption\":\"Revista Rambla\"},\"image\":{\"@id\":\"https:\\\/\\\/www.revistarambla.com\\\/#\\\/schema\\\/logo\\\/image\\\/\"},\"sameAs\":[\"https:\\\/\\\/www.facebook.com\\\/revistarambla\\\/\",\"https:\\\/\\\/x.com\\\/revistarambla\",\"https:\\\/\\\/www.instagram.com\\\/revista_rambla\",\"https:\\\/\\\/es.linkedin.com\\\/company\\\/revista-rambla\"]},{\"@type\":\"Person\",\"@id\":\"https:\\\/\\\/www.revistarambla.com\\\/#\\\/schema\\\/person\\\/044b43a8aa317042559e094f7deaf33c\",\"name\":\"Elena Fern\u00e1ndez Mart\u00ednez\",\"description\":\"Periodista \\\/ Corresponsal Londres.\"}]}<\/script>\n<!-- \/ Yoast SEO plugin. -->","yoast_head_json":{"title":"Elecciones 20-N: La CGT llama a la abstenci\u00f3n - Revista Rambla","robots":{"index":"index","follow":"follow","max-snippet":"max-snippet:-1","max-image-preview":"max-image-preview:large","max-video-preview":"max-video-preview:-1"},"canonical":"https:\/\/www.revistarambla.com\/en\/elecciones-20n-la-cgt-hace-un-llamamiento-a-la-abstencion\/","og_locale":"en_GB","og_type":"article","og_title":"Elecciones 20-N: La CGT llama a la abstenci\u00f3n - Revista Rambla","og_description":"La Confederaci\u00f3n General del Trabajo (CGT) ha presentado esta semana en Barcelona su campa\u00f1a por la abstenci\u00f3n activa y consciente, para las pr\u00f3ximas elecciones generales. El sindicato entiende la convocatoria del 20 de noviembre como una farsa, por considerar que la clase pol\u00edtica no representa en absoluto la soberan\u00eda popular. [&hellip;]","og_url":"https:\/\/www.revistarambla.com\/en\/elecciones-20n-la-cgt-hace-un-llamamiento-a-la-abstencion\/","og_site_name":"Revista Rambla","article_publisher":"https:\/\/www.facebook.com\/revistarambla\/","article_published_time":"2011-10-24T03:16:41+00:00","article_modified_time":"2021-12-10T15:37:47+00:00","author":"Elena Fern\u00e1ndez Mart\u00ednez","twitter_card":"summary_large_image","twitter_creator":"@revistarambla","twitter_site":"@revistarambla","twitter_misc":{"Written by":"Elena Fern\u00e1ndez Mart\u00ednez","Estimated reading time":"3 minutes"},"schema":{"@context":"https:\/\/schema.org","@graph":[{"@type":"Article","@id":"https:\/\/www.revistarambla.com\/elecciones-20n-la-cgt-hace-un-llamamiento-a-la-abstencion\/#article","isPartOf":{"@id":"https:\/\/www.revistarambla.com\/elecciones-20n-la-cgt-hace-un-llamamiento-a-la-abstencion\/"},"author":{"name":"Elena Fern\u00e1ndez Mart\u00ednez","@id":"https:\/\/www.revistarambla.com\/#\/schema\/person\/044b43a8aa317042559e094f7deaf33c"},"headline":"Elecciones 20-N: La CGT llama a la abstenci\u00f3n","datePublished":"2011-10-24T03:16:41+00:00","dateModified":"2021-12-10T15:37:47+00:00","mainEntityOfPage":{"@id":"https:\/\/www.revistarambla.com\/elecciones-20n-la-cgt-hace-un-llamamiento-a-la-abstencion\/"},"wordCount":601,"commentCount":0,"publisher":{"@id":"https:\/\/www.revistarambla.com\/#organization"},"articleSection":["Actualidad","Catalunya"],"inLanguage":"en-GB","potentialAction":[{"@type":"CommentAction","name":"Comment","target":["https:\/\/www.revistarambla.com\/elecciones-20n-la-cgt-hace-un-llamamiento-a-la-abstencion\/#respond"]}]},{"@type":"WebPage","@id":"https:\/\/www.revistarambla.com\/elecciones-20n-la-cgt-hace-un-llamamiento-a-la-abstencion\/","url":"https:\/\/www.revistarambla.com\/elecciones-20n-la-cgt-hace-un-llamamiento-a-la-abstencion\/","name":"Elecciones 20-N: La CGT llama a la abstenci\u00f3n - Revista Rambla","isPartOf":{"@id":"https:\/\/www.revistarambla.com\/#website"},"datePublished":"2011-10-24T03:16:41+00:00","dateModified":"2021-12-10T15:37:47+00:00","breadcrumb":{"@id":"https:\/\/www.revistarambla.com\/elecciones-20n-la-cgt-hace-un-llamamiento-a-la-abstencion\/#breadcrumb"},"inLanguage":"en-GB","potentialAction":[{"@type":"ReadAction","target":["https:\/\/www.revistarambla.com\/elecciones-20n-la-cgt-hace-un-llamamiento-a-la-abstencion\/"]}]},{"@type":"BreadcrumbList","@id":"https:\/\/www.revistarambla.com\/elecciones-20n-la-cgt-hace-un-llamamiento-a-la-abstencion\/#breadcrumb","itemListElement":[{"@type":"ListItem","position":1,"name":"Portada","item":"https:\/\/www.revistarambla.com\/"},{"@type":"ListItem","position":2,"name":"Elecciones 20-N: La CGT llama a la abstenci\u00f3n"}]},{"@type":"WebSite","@id":"https:\/\/www.revistarambla.com\/#website","url":"https:\/\/www.revistarambla.com\/","name":"Revista Rambla Barcelona","description":"Periodismo independiente","publisher":{"@id":"https:\/\/www.revistarambla.com\/#organization"},"potentialAction":[{"@type":"SearchAction","target":{"@type":"EntryPoint","urlTemplate":"https:\/\/www.revistarambla.com\/?s={search_term_string}"},"query-input":{"@type":"PropertyValueSpecification","valueRequired":true,"valueName":"search_term_string"}}],"inLanguage":"en-GB"},{"@type":"Organization","@id":"https:\/\/www.revistarambla.com\/#organization","name":"Revista Rambla","url":"https:\/\/www.revistarambla.com\/","logo":{"@type":"ImageObject","inLanguage":"en-GB","@id":"https:\/\/www.revistarambla.com\/#\/schema\/logo\/image\/","url":"https:\/\/www.revistarambla.com\/wp-content\/uploads\/2020\/09\/banner_rambla_1900x600_BB.png","contentUrl":"https:\/\/www.revistarambla.com\/wp-content\/uploads\/2020\/09\/banner_rambla_1900x600_BB.png","width":1900,"height":600,"caption":"Revista Rambla"},"image":{"@id":"https:\/\/www.revistarambla.com\/#\/schema\/logo\/image\/"},"sameAs":["https:\/\/www.facebook.com\/revistarambla\/","https:\/\/x.com\/revistarambla","https:\/\/www.instagram.com\/revista_rambla","https:\/\/es.linkedin.com\/company\/revista-rambla"]},{"@type":"Person","@id":"https:\/\/www.revistarambla.com\/#\/schema\/person\/044b43a8aa317042559e094f7deaf33c","name":"Elena Fern\u00e1ndez Mart\u00ednez","description":"Periodista \/ Corresponsal Londres."}]}},"_links":{"self":[{"href":"https:\/\/www.revistarambla.com\/en\/wp-json\/wp\/v2\/posts\/1196","targetHints":{"allow":["GET"]}}],"collection":[{"href":"https:\/\/www.revistarambla.com\/en\/wp-json\/wp\/v2\/posts"}],"about":[{"href":"https:\/\/www.revistarambla.com\/en\/wp-json\/wp\/v2\/types\/post"}],"author":[{"embeddable":true,"href":"https:\/\/www.revistarambla.com\/en\/wp-json\/wp\/v2\/users\/51"}],"replies":[{"embeddable":true,"href":"https:\/\/www.revistarambla.com\/en\/wp-json\/wp\/v2\/comments?post=1196"}],"version-history":[{"count":0,"href":"https:\/\/www.revistarambla.com\/en\/wp-json\/wp\/v2\/posts\/1196\/revisions"}],"wp:attachment":[{"href":"https:\/\/www.revistarambla.com\/en\/wp-json\/wp\/v2\/media?parent=1196"}],"wp:term":[{"taxonomy":"category","embeddable":true,"href":"https:\/\/www.revistarambla.com\/en\/wp-json\/wp\/v2\/categories?post=1196"},{"taxonomy":"post_tag","embeddable":true,"href":"https:\/\/www.revistarambla.com\/en\/wp-json\/wp\/v2\/tags?post=1196"}],"curies":[{"name":"wp","href":"https:\/\/api.w.org\/{rel}","templated":true}]}}