{"id":11958,"date":"2017-03-14T08:10:29","date_gmt":"2017-03-14T06:10:29","guid":{"rendered":"https:\/\/www.revistarambla.com\/?p=11958"},"modified":"2021-04-02T21:07:39","modified_gmt":"2021-04-02T19:07:39","slug":"opinion-el-fascismo-fue-una-moda-javier-y-las-cercas-del-pesebre","status":"publish","type":"post","link":"https:\/\/www.revistarambla.com\/en\/opinion-el-fascismo-fue-una-moda-javier-y-las-cercas-del-pesebre\/","title":{"rendered":"El fascismo fue una moda. Javier y las cercas del pesebre"},"content":{"rendered":"<p style=\"text-align: left;\"><strong>Este escritor de la anti-memoria hist\u00f3rica por la gracia de Prisa viene a poner la guinda a su serie de desprop\u00f3sitos en forma de libro con su \u00faltima novela a gloria de su t\u00edo abuelo falangista. Cercas sale por fin del armario y cuelga la foto de su t\u00edo, alf\u00e9rez provisional, en su despacho de Barcelona.<\/strong><!--more--><\/p>\n<p style=\"text-align: left;\"><img decoding=\"async\" class=\"alignleft wp-image-11960\" src=\"https:\/\/www.revistarambla.com\/wp-content\/uploads\/2017\/03\/cercs.002.jpg\" width=\"322\" height=\"563\" srcset=\"https:\/\/www.revistarambla.com\/wp-content\/uploads\/2017\/03\/cercs.002.jpg 486w, https:\/\/www.revistarambla.com\/wp-content\/uploads\/2017\/03\/cercs.002-172x300.jpg 172w\" sizes=\"(max-width: 322px) 100vw, 322px\" \/>Cercas, ese icono de los socialistas de padres y abuelos de falange, que es puesto en los altares de la Transici\u00f3n como ejemplo del progreso democr\u00e1tico, hijo de la reconciliaci\u00f3n \u201cnacional\u201d, como el ej\u00e9rcito que nos trajo la constituci\u00f3n mon\u00e1rquica. Ese ejemplo a seguir con su pluma servicial y sus locuciones radiof\u00f3nicas propias de cura en p\u00falpito. Predicador del olvido que besa el constitucionalismo del atado y bien atado, biblia de la Espa\u00f1a de la impunidad, que le permite medrar sin parecer sospechoso a ojos del p\u00fablico incauto. Es pues Cercas mucho m\u00e1s da\u00f1ino para la verdad, la justicia y la reparaci\u00f3n que P\u00edo Moa o C\u00e9sar Vidal, porque es el hijo bueno y modosito que practica la transversalidad escorada a la derecha disfrazada del sentido com\u00fan del centrismo progre. La cara pol\u00edticamente correcta de su compa\u00f1ero de viaje en esto de darnos lecciones de historia a los republicanos rojos, que seguimos defendiendo un per\u00edodo hist\u00f3rico, primera piedra de la emancipaci\u00f3n abortada por los fusiles de los golpistas.<\/p>\n<p style=\"text-align: left;\">Tiene Cercas en Ibahernando, provincia de C\u00e1ceres y pueblo de su familia, dos picas en Flandes. Una la Casa de Cultura bautizada con su nombre y otra la calle a nombre de su t\u00edo, que el alcalde socialista de la localidad no se ha atrevido a suprimir incumpliendo la Ley de la Memoria. Esa ley que su grupo pol\u00edtico nos regal\u00f3 como bote de veneno para matar la lucha por los derechos humanos para las v\u00edctimas del franquismo. Un alcalde a veces muy sobrio.<\/p>\n<p style=\"text-align: left;\">La otra ma\u00f1ana Cercas declaraba desde los p\u00falpitos de su casa la SER, que el fascismo fue una moda de los a\u00f1os 30. As\u00ed su t\u00edo en vez de apuntarse a un club de lectura se apunt\u00f3 a Falange porque molaba levantar el brazo y llevar la camisa azul, el fondo es irrelevante. En los \u00faltimos tiempos estamos asistiendo a un peligroso movimiento muy sutil dirigido y programado, que desde posiciones no sospechosas, va sembrando la semilla de las malas hierbas que tanto nos han costado arrancar. Vuelve como un boomerang aquello de que la guerra apareci\u00f3 de la nada y que los que se enfrentaron no ten\u00edan ideolog\u00eda o que de tenerla era un hecho anecd\u00f3tico, equiparando fascismo y antifascismo pues cada uno defend\u00eda leg\u00edtimamente lo suyo. Igualar los frentes, volver a lo de la lucha entre hermanos, a lo de las dos Espa\u00f1as que eligieron reconciliarse. El que un tanto por ciento abrumador de la Espa\u00f1a leal y legal, la antifascista, fuera aniquilada, asesinada, exiliada, es una an\u00e9cdota y sacarla a colaci\u00f3n es de rencorosos. Seg\u00fan ellos no hubo claudicaci\u00f3n solo fiesta de la democracia.<\/p>\n<p style=\"text-align: left;\">Lo m\u00e1s triste es que Cercas, que siempre nos est\u00e1 dando clases de futuro denostando a los que supuestamente viven de la Memoria, no vea la viga en su propio ojo, porque su vida como escritor ha sido parasitaria de este concepto, que ha contribuido a devaluar con el mantra: hay que pasar p\u00e1gina. Para m\u00ed esta novela no es catalogable como memoria hist\u00f3rica aunque se empe\u00f1e la maquinaria publicitaria a sus pies. Se trata de un paneg\u00edrico a la gloria de su familiar de Falange muerto en el frente del Ebro a los 19 a\u00f1os, como miles de republicanos que no eligieron morir en una guerra hija del golpismo. Se trata de la novela que no se atrevi\u00f3 a escribir cuando irrumpi\u00f3 con su inefable Soldados de Salamina en nuestras vidas de la mano del bueno de S\u00e1nchez Mazas. Ahora un Cercas desinhibido ya no se siente abochornado por su familia franquista, porque como \u00e9l relata ya no es joven, est\u00e1 casado y tiene un hijo, a la vejez Falange. Quiz\u00e1 yo no pueda comprenderle porque no he tenido fascistas en mi \u00e1rbol geneal\u00f3gico.<\/p>\n<p style=\"text-align: left;\">A m\u00ed no me importa que Cercas escriba sobre el h\u00e9roe de su familia materna, desde sus \u00ednfulas burguesas caciquiles, desde las que define a su madre como patricia (sic) de su pueblo, que pierde su estatus al emigrar a Girona en 1966, cuya estaci\u00f3n describe entonces como leprosa y aldeana. Explica que su t\u00edo fue condecorado por Franco, ilustr\u00e1ndonos sobre que la medalla que recibi\u00f3 es la equivalente al coraz\u00f3n p\u00farpura estadounidense, sin comentarios. Relata que se deshicieron de la documentaci\u00f3n del tito falangista dejando a la libre interpretaci\u00f3n el motivo, como si hubiera sido fruto de la obligaci\u00f3n como tantos antifascistas que les iba la vida en la ocultaci\u00f3n de sus papeles. No creo que el franquismo despu\u00e9s de ponerle una calle al t\u00edo abuelo como h\u00e9roe de guerra les persiguiera. O tuvieron miedo de la libertad o mala conciencia. Lo que s\u00ed me importa de este \u201cmonarca de las sombras\u201d de Cercas es que ha abierto la veda a presumir de aquellos fantasmas de las familias, que rompieron el carnet de falange para hacerse el del PSOE como un triunfo de la normalidad democr\u00e1tica.<\/p>\n<p style=\"text-align: left;\">Mientras tanto sigue la terrible vara de medir con la que nos golpean a diario, donde los espectros de curas y monjas y de muertos en Paracuellos sobrevuelan sobre los cientos de miles de antifascistas represaliados y sus familias con su dedo acusador. Dedo que nos colocan en los labios para silenciarnos y quitarnos la legitimidad los mismos que durante 80 a\u00f1os honraron a los suyos en las calles y las paredes de las iglesias, mientras otros siguen buscando por las cunetas del Estado espa\u00f1ol los restos de sus familiares ca\u00eddos no por dios y su patria, sino por la libertad. Unos muertos bendecidos, sepultados y arrojadizos contra muertos mudos y desheredados sin derecho ni a la tierra que les cubre.<\/p>\n<p style=\"text-align: left;\">Se\u00f1or Cercas, el fascismo \u201cfue una moda mortal\u201d que caus\u00f3 decenas de millones de muertos en Europa y que como todas las modas vuelve una y otra vez. Espero que no se cruce nunca en su camino porque este s\u00ed que es rencoroso y no le perdonar\u00e1 sus art\u00edculos en El Pa\u00eds, porque en su inherente ignorancia no sabe que hace mucho y mucho tiempo que dej\u00f3 de ser un diario progresista.<\/p>","protected":false},"excerpt":{"rendered":"<p>Este escritor de la anti-memoria hist\u00f3rica por la gracia de Prisa viene a poner la guinda a su serie de desprop\u00f3sitos en forma de libro con su \u00faltima novela a gloria de su t\u00edo abuelo falangista. Cercas sale por fin del armario y cuelga la foto de su t\u00edo, alf\u00e9rez [&hellip;]<\/p>\n","protected":false},"author":3,"featured_media":11959,"comment_status":"open","ping_status":"open","sticky":false,"template":"","format":"standard","meta":{"footnotes":""},"categories":[72],"tags":[],"class_list":["post-11958","post","type-post","status-publish","format-standard","has-post-thumbnail","hentry","category-opinion"],"yoast_head":"<!-- This site is optimized with the Yoast SEO plugin v27.5 - https:\/\/yoast.com\/product\/yoast-seo-wordpress\/ -->\n<title>El fascismo fue una moda. Javier y las cercas del pesebre - Revista Rambla<\/title>\n<meta name=\"robots\" content=\"index, follow, max-snippet:-1, max-image-preview:large, max-video-preview:-1\" \/>\n<link rel=\"canonical\" href=\"https:\/\/www.revistarambla.com\/en\/opinion-el-fascismo-fue-una-moda-javier-y-las-cercas-del-pesebre\/\" \/>\n<meta property=\"og:locale\" content=\"en_GB\" \/>\n<meta property=\"og:type\" content=\"article\" \/>\n<meta property=\"og:title\" content=\"El fascismo fue una moda. Javier y las cercas del pesebre - Revista Rambla\" \/>\n<meta property=\"og:description\" content=\"Este escritor de la anti-memoria hist\u00f3rica por la gracia de Prisa viene a poner la guinda a su serie de desprop\u00f3sitos en forma de libro con su \u00faltima novela a gloria de su t\u00edo abuelo falangista. Cercas sale por fin del armario y cuelga la foto de su t\u00edo, alf\u00e9rez [&hellip;]\" \/>\n<meta property=\"og:url\" content=\"https:\/\/www.revistarambla.com\/en\/opinion-el-fascismo-fue-una-moda-javier-y-las-cercas-del-pesebre\/\" \/>\n<meta property=\"og:site_name\" content=\"Revista Rambla\" \/>\n<meta property=\"article:publisher\" content=\"https:\/\/www.facebook.com\/revistarambla\/\" \/>\n<meta property=\"article:author\" content=\"https:\/\/www.facebook.com\/revistarambla\" \/>\n<meta property=\"article:published_time\" content=\"2017-03-14T06:10:29+00:00\" \/>\n<meta property=\"article:modified_time\" content=\"2021-04-02T19:07:39+00:00\" \/>\n<meta property=\"og:image\" content=\"https:\/\/i1.wp.com\/www.revistarambla.com\/wp-content\/uploads\/2017\/03\/cercs.01.jpg?fit=850%2C564&ssl=1\" \/>\n\t<meta property=\"og:image:width\" content=\"850\" \/>\n\t<meta property=\"og:image:height\" content=\"564\" \/>\n\t<meta property=\"og:image:type\" content=\"image\/jpeg\" \/>\n<meta name=\"author\" content=\"Lilith Rojo\" \/>\n<meta name=\"twitter:card\" content=\"summary_large_image\" \/>\n<meta name=\"twitter:creator\" content=\"@revistarambla\" \/>\n<meta name=\"twitter:site\" content=\"@revistarambla\" \/>\n<meta name=\"twitter:label1\" content=\"Written by\" \/>\n\t<meta name=\"twitter:data1\" content=\"Lilith Rojo\" \/>\n\t<meta name=\"twitter:label2\" content=\"Estimated reading time\" \/>\n\t<meta name=\"twitter:data2\" content=\"5 minutes\" \/>\n<script type=\"application\/ld+json\" class=\"yoast-schema-graph\">{\"@context\":\"https:\\\/\\\/schema.org\",\"@graph\":[{\"@type\":\"Article\",\"@id\":\"https:\\\/\\\/www.revistarambla.com\\\/opinion-el-fascismo-fue-una-moda-javier-y-las-cercas-del-pesebre\\\/#article\",\"isPartOf\":{\"@id\":\"https:\\\/\\\/www.revistarambla.com\\\/opinion-el-fascismo-fue-una-moda-javier-y-las-cercas-del-pesebre\\\/\"},\"author\":{\"name\":\"Lilith Rojo\",\"@id\":\"https:\\\/\\\/www.revistarambla.com\\\/#\\\/schema\\\/person\\\/a146a5a2550b94981a75131180e1bd9c\"},\"headline\":\"El fascismo fue una moda. Javier y las cercas del pesebre\",\"datePublished\":\"2017-03-14T06:10:29+00:00\",\"dateModified\":\"2021-04-02T19:07:39+00:00\",\"mainEntityOfPage\":{\"@id\":\"https:\\\/\\\/www.revistarambla.com\\\/opinion-el-fascismo-fue-una-moda-javier-y-las-cercas-del-pesebre\\\/\"},\"wordCount\":1140,\"commentCount\":0,\"publisher\":{\"@id\":\"https:\\\/\\\/www.revistarambla.com\\\/#organization\"},\"image\":{\"@id\":\"https:\\\/\\\/www.revistarambla.com\\\/opinion-el-fascismo-fue-una-moda-javier-y-las-cercas-del-pesebre\\\/#primaryimage\"},\"thumbnailUrl\":\"https:\\\/\\\/www.revistarambla.com\\\/wp-content\\\/uploads\\\/2017\\\/03\\\/cercs.01.jpg\",\"articleSection\":[\"Opiniones\"],\"inLanguage\":\"en-GB\",\"potentialAction\":[{\"@type\":\"CommentAction\",\"name\":\"Comment\",\"target\":[\"https:\\\/\\\/www.revistarambla.com\\\/opinion-el-fascismo-fue-una-moda-javier-y-las-cercas-del-pesebre\\\/#respond\"]}]},{\"@type\":\"WebPage\",\"@id\":\"https:\\\/\\\/www.revistarambla.com\\\/opinion-el-fascismo-fue-una-moda-javier-y-las-cercas-del-pesebre\\\/\",\"url\":\"https:\\\/\\\/www.revistarambla.com\\\/opinion-el-fascismo-fue-una-moda-javier-y-las-cercas-del-pesebre\\\/\",\"name\":\"El fascismo fue una moda. Javier y las cercas del pesebre - Revista Rambla\",\"isPartOf\":{\"@id\":\"https:\\\/\\\/www.revistarambla.com\\\/#website\"},\"primaryImageOfPage\":{\"@id\":\"https:\\\/\\\/www.revistarambla.com\\\/opinion-el-fascismo-fue-una-moda-javier-y-las-cercas-del-pesebre\\\/#primaryimage\"},\"image\":{\"@id\":\"https:\\\/\\\/www.revistarambla.com\\\/opinion-el-fascismo-fue-una-moda-javier-y-las-cercas-del-pesebre\\\/#primaryimage\"},\"thumbnailUrl\":\"https:\\\/\\\/www.revistarambla.com\\\/wp-content\\\/uploads\\\/2017\\\/03\\\/cercs.01.jpg\",\"datePublished\":\"2017-03-14T06:10:29+00:00\",\"dateModified\":\"2021-04-02T19:07:39+00:00\",\"breadcrumb\":{\"@id\":\"https:\\\/\\\/www.revistarambla.com\\\/opinion-el-fascismo-fue-una-moda-javier-y-las-cercas-del-pesebre\\\/#breadcrumb\"},\"inLanguage\":\"en-GB\",\"potentialAction\":[{\"@type\":\"ReadAction\",\"target\":[\"https:\\\/\\\/www.revistarambla.com\\\/opinion-el-fascismo-fue-una-moda-javier-y-las-cercas-del-pesebre\\\/\"]}]},{\"@type\":\"ImageObject\",\"inLanguage\":\"en-GB\",\"@id\":\"https:\\\/\\\/www.revistarambla.com\\\/opinion-el-fascismo-fue-una-moda-javier-y-las-cercas-del-pesebre\\\/#primaryimage\",\"url\":\"https:\\\/\\\/www.revistarambla.com\\\/wp-content\\\/uploads\\\/2017\\\/03\\\/cercs.01.jpg\",\"contentUrl\":\"https:\\\/\\\/www.revistarambla.com\\\/wp-content\\\/uploads\\\/2017\\\/03\\\/cercs.01.jpg\",\"width\":850,\"height\":564},{\"@type\":\"BreadcrumbList\",\"@id\":\"https:\\\/\\\/www.revistarambla.com\\\/opinion-el-fascismo-fue-una-moda-javier-y-las-cercas-del-pesebre\\\/#breadcrumb\",\"itemListElement\":[{\"@type\":\"ListItem\",\"position\":1,\"name\":\"Portada\",\"item\":\"https:\\\/\\\/www.revistarambla.com\\\/\"},{\"@type\":\"ListItem\",\"position\":2,\"name\":\"El fascismo fue una moda. Javier y las cercas del pesebre\"}]},{\"@type\":\"WebSite\",\"@id\":\"https:\\\/\\\/www.revistarambla.com\\\/#website\",\"url\":\"https:\\\/\\\/www.revistarambla.com\\\/\",\"name\":\"Revista Rambla Barcelona\",\"description\":\"Periodismo independiente\",\"publisher\":{\"@id\":\"https:\\\/\\\/www.revistarambla.com\\\/#organization\"},\"potentialAction\":[{\"@type\":\"SearchAction\",\"target\":{\"@type\":\"EntryPoint\",\"urlTemplate\":\"https:\\\/\\\/www.revistarambla.com\\\/?s={search_term_string}\"},\"query-input\":{\"@type\":\"PropertyValueSpecification\",\"valueRequired\":true,\"valueName\":\"search_term_string\"}}],\"inLanguage\":\"en-GB\"},{\"@type\":\"Organization\",\"@id\":\"https:\\\/\\\/www.revistarambla.com\\\/#organization\",\"name\":\"Revista Rambla\",\"url\":\"https:\\\/\\\/www.revistarambla.com\\\/\",\"logo\":{\"@type\":\"ImageObject\",\"inLanguage\":\"en-GB\",\"@id\":\"https:\\\/\\\/www.revistarambla.com\\\/#\\\/schema\\\/logo\\\/image\\\/\",\"url\":\"https:\\\/\\\/www.revistarambla.com\\\/wp-content\\\/uploads\\\/2020\\\/09\\\/banner_rambla_1900x600_BB.png\",\"contentUrl\":\"https:\\\/\\\/www.revistarambla.com\\\/wp-content\\\/uploads\\\/2020\\\/09\\\/banner_rambla_1900x600_BB.png\",\"width\":1900,\"height\":600,\"caption\":\"Revista Rambla\"},\"image\":{\"@id\":\"https:\\\/\\\/www.revistarambla.com\\\/#\\\/schema\\\/logo\\\/image\\\/\"},\"sameAs\":[\"https:\\\/\\\/www.facebook.com\\\/revistarambla\\\/\",\"https:\\\/\\\/x.com\\\/revistarambla\",\"https:\\\/\\\/www.instagram.com\\\/revista_rambla\",\"https:\\\/\\\/es.linkedin.com\\\/company\\\/revista-rambla\"]},{\"@type\":\"Person\",\"@id\":\"https:\\\/\\\/www.revistarambla.com\\\/#\\\/schema\\\/person\\\/a146a5a2550b94981a75131180e1bd9c\",\"name\":\"Lilith Rojo\",\"sameAs\":[\"https:\\\/\\\/www.facebook.com\\\/revistarambla\",\"https:\\\/\\\/x.com\\\/revistarambla\"]}]}<\/script>\n<!-- \/ Yoast SEO plugin. -->","yoast_head_json":{"title":"El fascismo fue una moda. Javier y las cercas del pesebre - Revista Rambla","robots":{"index":"index","follow":"follow","max-snippet":"max-snippet:-1","max-image-preview":"max-image-preview:large","max-video-preview":"max-video-preview:-1"},"canonical":"https:\/\/www.revistarambla.com\/en\/opinion-el-fascismo-fue-una-moda-javier-y-las-cercas-del-pesebre\/","og_locale":"en_GB","og_type":"article","og_title":"El fascismo fue una moda. Javier y las cercas del pesebre - Revista Rambla","og_description":"Este escritor de la anti-memoria hist\u00f3rica por la gracia de Prisa viene a poner la guinda a su serie de desprop\u00f3sitos en forma de libro con su \u00faltima novela a gloria de su t\u00edo abuelo falangista. Cercas sale por fin del armario y cuelga la foto de su t\u00edo, alf\u00e9rez [&hellip;]","og_url":"https:\/\/www.revistarambla.com\/en\/opinion-el-fascismo-fue-una-moda-javier-y-las-cercas-del-pesebre\/","og_site_name":"Revista Rambla","article_publisher":"https:\/\/www.facebook.com\/revistarambla\/","article_author":"https:\/\/www.facebook.com\/revistarambla","article_published_time":"2017-03-14T06:10:29+00:00","article_modified_time":"2021-04-02T19:07:39+00:00","og_image":[{"width":850,"height":564,"url":"https:\/\/i1.wp.com\/www.revistarambla.com\/wp-content\/uploads\/2017\/03\/cercs.01.jpg?fit=850%2C564&ssl=1","type":"image\/jpeg"}],"author":"Lilith Rojo","twitter_card":"summary_large_image","twitter_creator":"@revistarambla","twitter_site":"@revistarambla","twitter_misc":{"Written by":"Lilith Rojo","Estimated reading time":"5 minutes"},"schema":{"@context":"https:\/\/schema.org","@graph":[{"@type":"Article","@id":"https:\/\/www.revistarambla.com\/opinion-el-fascismo-fue-una-moda-javier-y-las-cercas-del-pesebre\/#article","isPartOf":{"@id":"https:\/\/www.revistarambla.com\/opinion-el-fascismo-fue-una-moda-javier-y-las-cercas-del-pesebre\/"},"author":{"name":"Lilith Rojo","@id":"https:\/\/www.revistarambla.com\/#\/schema\/person\/a146a5a2550b94981a75131180e1bd9c"},"headline":"El fascismo fue una moda. Javier y las cercas del pesebre","datePublished":"2017-03-14T06:10:29+00:00","dateModified":"2021-04-02T19:07:39+00:00","mainEntityOfPage":{"@id":"https:\/\/www.revistarambla.com\/opinion-el-fascismo-fue-una-moda-javier-y-las-cercas-del-pesebre\/"},"wordCount":1140,"commentCount":0,"publisher":{"@id":"https:\/\/www.revistarambla.com\/#organization"},"image":{"@id":"https:\/\/www.revistarambla.com\/opinion-el-fascismo-fue-una-moda-javier-y-las-cercas-del-pesebre\/#primaryimage"},"thumbnailUrl":"https:\/\/www.revistarambla.com\/wp-content\/uploads\/2017\/03\/cercs.01.jpg","articleSection":["Opiniones"],"inLanguage":"en-GB","potentialAction":[{"@type":"CommentAction","name":"Comment","target":["https:\/\/www.revistarambla.com\/opinion-el-fascismo-fue-una-moda-javier-y-las-cercas-del-pesebre\/#respond"]}]},{"@type":"WebPage","@id":"https:\/\/www.revistarambla.com\/opinion-el-fascismo-fue-una-moda-javier-y-las-cercas-del-pesebre\/","url":"https:\/\/www.revistarambla.com\/opinion-el-fascismo-fue-una-moda-javier-y-las-cercas-del-pesebre\/","name":"El fascismo fue una moda. Javier y las cercas del pesebre - Revista Rambla","isPartOf":{"@id":"https:\/\/www.revistarambla.com\/#website"},"primaryImageOfPage":{"@id":"https:\/\/www.revistarambla.com\/opinion-el-fascismo-fue-una-moda-javier-y-las-cercas-del-pesebre\/#primaryimage"},"image":{"@id":"https:\/\/www.revistarambla.com\/opinion-el-fascismo-fue-una-moda-javier-y-las-cercas-del-pesebre\/#primaryimage"},"thumbnailUrl":"https:\/\/www.revistarambla.com\/wp-content\/uploads\/2017\/03\/cercs.01.jpg","datePublished":"2017-03-14T06:10:29+00:00","dateModified":"2021-04-02T19:07:39+00:00","breadcrumb":{"@id":"https:\/\/www.revistarambla.com\/opinion-el-fascismo-fue-una-moda-javier-y-las-cercas-del-pesebre\/#breadcrumb"},"inLanguage":"en-GB","potentialAction":[{"@type":"ReadAction","target":["https:\/\/www.revistarambla.com\/opinion-el-fascismo-fue-una-moda-javier-y-las-cercas-del-pesebre\/"]}]},{"@type":"ImageObject","inLanguage":"en-GB","@id":"https:\/\/www.revistarambla.com\/opinion-el-fascismo-fue-una-moda-javier-y-las-cercas-del-pesebre\/#primaryimage","url":"https:\/\/www.revistarambla.com\/wp-content\/uploads\/2017\/03\/cercs.01.jpg","contentUrl":"https:\/\/www.revistarambla.com\/wp-content\/uploads\/2017\/03\/cercs.01.jpg","width":850,"height":564},{"@type":"BreadcrumbList","@id":"https:\/\/www.revistarambla.com\/opinion-el-fascismo-fue-una-moda-javier-y-las-cercas-del-pesebre\/#breadcrumb","itemListElement":[{"@type":"ListItem","position":1,"name":"Portada","item":"https:\/\/www.revistarambla.com\/"},{"@type":"ListItem","position":2,"name":"El fascismo fue una moda. Javier y las cercas del pesebre"}]},{"@type":"WebSite","@id":"https:\/\/www.revistarambla.com\/#website","url":"https:\/\/www.revistarambla.com\/","name":"Revista Rambla Barcelona","description":"Periodismo independiente","publisher":{"@id":"https:\/\/www.revistarambla.com\/#organization"},"potentialAction":[{"@type":"SearchAction","target":{"@type":"EntryPoint","urlTemplate":"https:\/\/www.revistarambla.com\/?s={search_term_string}"},"query-input":{"@type":"PropertyValueSpecification","valueRequired":true,"valueName":"search_term_string"}}],"inLanguage":"en-GB"},{"@type":"Organization","@id":"https:\/\/www.revistarambla.com\/#organization","name":"Revista Rambla","url":"https:\/\/www.revistarambla.com\/","logo":{"@type":"ImageObject","inLanguage":"en-GB","@id":"https:\/\/www.revistarambla.com\/#\/schema\/logo\/image\/","url":"https:\/\/www.revistarambla.com\/wp-content\/uploads\/2020\/09\/banner_rambla_1900x600_BB.png","contentUrl":"https:\/\/www.revistarambla.com\/wp-content\/uploads\/2020\/09\/banner_rambla_1900x600_BB.png","width":1900,"height":600,"caption":"Revista Rambla"},"image":{"@id":"https:\/\/www.revistarambla.com\/#\/schema\/logo\/image\/"},"sameAs":["https:\/\/www.facebook.com\/revistarambla\/","https:\/\/x.com\/revistarambla","https:\/\/www.instagram.com\/revista_rambla","https:\/\/es.linkedin.com\/company\/revista-rambla"]},{"@type":"Person","@id":"https:\/\/www.revistarambla.com\/#\/schema\/person\/a146a5a2550b94981a75131180e1bd9c","name":"Lilith Rojo","sameAs":["https:\/\/www.facebook.com\/revistarambla","https:\/\/x.com\/revistarambla"]}]}},"_links":{"self":[{"href":"https:\/\/www.revistarambla.com\/en\/wp-json\/wp\/v2\/posts\/11958","targetHints":{"allow":["GET"]}}],"collection":[{"href":"https:\/\/www.revistarambla.com\/en\/wp-json\/wp\/v2\/posts"}],"about":[{"href":"https:\/\/www.revistarambla.com\/en\/wp-json\/wp\/v2\/types\/post"}],"author":[{"embeddable":true,"href":"https:\/\/www.revistarambla.com\/en\/wp-json\/wp\/v2\/users\/3"}],"replies":[{"embeddable":true,"href":"https:\/\/www.revistarambla.com\/en\/wp-json\/wp\/v2\/comments?post=11958"}],"version-history":[{"count":0,"href":"https:\/\/www.revistarambla.com\/en\/wp-json\/wp\/v2\/posts\/11958\/revisions"}],"wp:featuredmedia":[{"embeddable":true,"href":"https:\/\/www.revistarambla.com\/en\/wp-json\/wp\/v2\/media\/11959"}],"wp:attachment":[{"href":"https:\/\/www.revistarambla.com\/en\/wp-json\/wp\/v2\/media?parent=11958"}],"wp:term":[{"taxonomy":"category","embeddable":true,"href":"https:\/\/www.revistarambla.com\/en\/wp-json\/wp\/v2\/categories?post=11958"},{"taxonomy":"post_tag","embeddable":true,"href":"https:\/\/www.revistarambla.com\/en\/wp-json\/wp\/v2\/tags?post=11958"}],"curies":[{"name":"wp","href":"https:\/\/api.w.org\/{rel}","templated":true}]}}