{"id":11900,"date":"2017-03-10T08:56:14","date_gmt":"2017-03-10T06:56:14","guid":{"rendered":"https:\/\/www.revistarambla.com\/?p=11900"},"modified":"2021-04-02T21:12:38","modified_gmt":"2021-04-02T19:12:38","slug":"opinion-es-la-opera-una-religion","status":"publish","type":"post","link":"https:\/\/www.revistarambla.com\/en\/opinion-es-la-opera-una-religion\/","title":{"rendered":"\u00bfEs la \u00f3pera una religi\u00f3n?"},"content":{"rendered":"<p style=\"text-align: justify;\"><strong>Por medio de la presente, la Asociaci\u00f3n de Abogados Ateos (AAA)* se querella contra la Asociaci\u00f3n de Abogados Cristianos (AAC) por atentar \u00e9sta contra la m\u00e1s preclara de las se\u00f1as de identidad europea: la Parodia. Simult\u00e1neamente, recusa a las instancias judiciales que acepten el pleito que la susodicha AAC quiere levantar contra la artista conocida como Drag Sethlas (DS) so pretexto de la \u00f3pera que DS represent\u00f3 durante el Carnaval 2017.<\/strong><\/p>\n<p style=\"text-align: justify;\"><img decoding=\"async\" class=\"aligncenter size-full wp-image-11901\" src=\"https:\/\/www.revistarambla.com\/wp-content\/uploads\/2017\/03\/lasPalmas-drag-gala-2017-LQSomos.jpeg\" alt=\"\" width=\"944\" height=\"629\" srcset=\"https:\/\/www.revistarambla.com\/wp-content\/uploads\/2017\/03\/lasPalmas-drag-gala-2017-LQSomos.jpeg 944w, https:\/\/www.revistarambla.com\/wp-content\/uploads\/2017\/03\/lasPalmas-drag-gala-2017-LQSomos-300x200.jpeg 300w, https:\/\/www.revistarambla.com\/wp-content\/uploads\/2017\/03\/lasPalmas-drag-gala-2017-LQSomos-768x512.jpeg 768w, https:\/\/www.revistarambla.com\/wp-content\/uploads\/2017\/03\/lasPalmas-drag-gala-2017-LQSomos-500x333.jpeg 500w\" sizes=\"(max-width: 944px) 100vw, 944px\" \/><\/p>\n<p style=\"text-align: justify;\">Para justificar su iniciativa, la AAC esgrime un solo par\u00e1grafo de uno de los cientos de art\u00edculos que conforman el C\u00f3digo Penal, par\u00e1grafo que, por su hediondo arca\u00edsmo y por su incorrecta redacci\u00f3n -ese C\u00f3digo no define ni puede definir qu\u00e9 es \u201creligi\u00f3n\u201d-, los Abogados Ateos entendemos que es anti-constitucional y hasta delictuoso por ser motivo de esc\u00e1ndalo en un Estado aconfesional. El mentado par\u00e1grafo reza as\u00ed:<\/p>\n<p style=\"text-align: justify;\"><strong>Art\u00edc. 525. 1. Incurrir\u00e1n en la pena de multa de ocho a doce meses los que, para ofender los sentimientos de los miembros de una confesi\u00f3n religiosa, hagan p\u00fablicamente, de palabra, por escrito o mediante cualquier tipo de documento, escarnio de sus dogmas, creencias, ritos o ceremonias, o vejen, tambi\u00e9n p\u00fablicamente, a quienes los profesan o practican.<\/strong><\/p>\n<p style=\"text-align: justify;\">La palabra clave es \u201cescarnio\u201d que se define en los textos jur\u00eddicos como \u201cacci\u00f3n con prop\u00f3sito de ofender\u201d. Ahora bien, \u201cno ofende quien quiere sino quien puede\u201d y el Carnaval no quiere ni puede ofender a nadie. Al contrario, Europa ha mantenido la tradici\u00f3n carnavalesca no s\u00f3lo como una caracter\u00edstica fundamental de su identidad tolerante -sufre otras se\u00f1as menos gratas-, sino tambi\u00e9n como ocasi\u00f3n propicia para la creatividad y como v\u00e1lvula de escape para la opresi\u00f3n que sufren sus ciudadanos el resto del a\u00f1o. \u00bfEs imaginable una sociedad -europea u otra- sin Carnaval, sin m\u00e1scaras y, en general, sin Parodia?<\/p>\n<p style=\"text-align: justify;\">Dicho sea todo ello sin siquiera ir al fondo del asunto que, a nuestro leal saber y entender, consiste en que la provocaci\u00f3n de la AAC -risible en Europa- hunde sus ra\u00edces en la omnipresencia y cuasi omnipotencia del nacional-catolicismo espa\u00f1ol. La Iglesia Cat\u00f3lica ha mantenido desde 1936 su estatus de Estado dentro del Estado de manera que la vida cotidiana y, por supuesto, las manifestaciones art\u00edsticas, han sufrido gravemente su inquisici\u00f3n a golpe de procesos judiciales -antes, a sangre y fuego.<\/p>\n<p style=\"text-align: justify;\">Por nuestra parte, para presentar esta querella, la AAA se inspira en el siguiente par\u00e1grafo de ese mismo art\u00edculo del C\u00f3digo Penal, par\u00e1grafo del que desconocemos si alguna vez ha sido esgrimido en alguna sentencia judicial aunque ocasiones no han faltado, tantas son las ofensas que el neofranquismo perpetra a diario contra los no cat\u00f3licos. Este olvidado par\u00e1grafo n\u00ba 2, dicta:<\/p>\n<p style=\"text-align: justify;\"><strong>Art\u00edc. 525. 2. En las mismas penas incurrir\u00e1n los que hagan p\u00fablicamente escarnio, de palabra o por escrito, de quienes no profesan religi\u00f3n o creencia alguna.<\/strong><\/p>\n<p style=\"text-align: justify;\">La AAA desconoce si DS profesa o no profesa religi\u00f3n alguna. Ni lo sabe ni es constitucional preguntarlo. Por ende, considera in-significante a efectos legales que la fantas\u00eda que la puede sentar en el banquillo se titulara \u00a1Mi cielo yo no hago milagros! que sea lo que Dios quiera. Pero, a los efectos legales que hoy nos ocupan, los Abogados Ateos hemos comprobado que no s\u00f3lo la AAC sino tambi\u00e9n sus mentores obispales y la cuadrilla de plumillas org\u00e1nicos que les limpia la p\u00farpura han proferido numerosas ofensas contra DS. Por el momento, esta querella se dirige s\u00f3lo contra la AAC pero estamos estudiando la oportunidad de pleitear contra los susodichos mentores y cuadrillas.<\/p>\n<p style=\"text-align: justify;\">Asimismo, la AAA deplora que el Arte -pulsi\u00f3n o creencia que, evidentemente, profesa DS-, no est\u00e9 considerado como merecedor de los mismos privilegios que esos indefinidos e indefinibles \u201csentimientos religiosos\u201d. Dicho sea a prop\u00f3sito de que, en concreto, las drag queen han creado todo un g\u00e9nero art\u00edstico que, para empezar, es una parodia de los concursos de misses -esos mercados de carne femenina que monopoliza el loco Trump. Y para continuar, es una s\u00edntesis rompedora de teatro, \u00f3pera, danza, pol\u00edtica y circo. M\u00e1s no se puede pedir, independientemente de que, como ocurre con el Arte en general, unas actuaciones est\u00e9n m\u00e1s logradas que otras.<\/p>\n<p style=\"text-align: justify;\">Por todo ello, la AAA aprovecha esta querella para solicitar a la UNESCO que el arte \u201cDrag Queen\u201d sea declarado Patrimonio Cultural de la Humanidad; a efectos administrativos, puede ser etiquetado como una nueva forma de \u00d3pera heredera de la \u00f3pera c\u00f3mica -opera buffa, ballad opera, etc. En este mismo sentido, la AAA solicita a las autoridades espa\u00f1olas que sea declarado Bien de Utilidad P\u00fablica, con derecho a percibir las consiguientes subvenciones y canonj\u00edas fiscales.<\/p>\n<p style=\"text-align: justify;\">Nota:<\/p>\n<p style=\"text-align: justify;\"><strong><sup>*<\/sup>-Asociaci\u00f3n de Abogados Ateos AAA, (no confundir con la infame Triple A argentina)<\/strong><\/p>","protected":false},"excerpt":{"rendered":"<p>Por medio de la presente, la Asociaci\u00f3n de Abogados Ateos (AAA)* se querella contra la Asociaci\u00f3n de Abogados Cristianos (AAC) por atentar \u00e9sta contra la m\u00e1s preclara de las se\u00f1as de identidad europea: la Parodia. Simult\u00e1neamente, recusa a las instancias judiciales que acepten el pleito que la susodicha AAC quiere [&hellip;]<\/p>\n","protected":false},"author":3,"featured_media":11901,"comment_status":"open","ping_status":"open","sticky":false,"template":"","format":"standard","meta":{"footnotes":""},"categories":[72],"tags":[],"class_list":["post-11900","post","type-post","status-publish","format-standard","has-post-thumbnail","hentry","category-opinion"],"yoast_head":"<!-- This site is optimized with the Yoast SEO plugin v27.5 - https:\/\/yoast.com\/product\/yoast-seo-wordpress\/ -->\n<title>\u00bfEs la \u00f3pera una religi\u00f3n? - Revista Rambla<\/title>\n<meta name=\"robots\" content=\"index, follow, max-snippet:-1, max-image-preview:large, max-video-preview:-1\" \/>\n<link rel=\"canonical\" href=\"https:\/\/www.revistarambla.com\/en\/opinion-es-la-opera-una-religion\/\" \/>\n<meta property=\"og:locale\" content=\"en_GB\" \/>\n<meta property=\"og:type\" content=\"article\" \/>\n<meta property=\"og:title\" content=\"\u00bfEs la \u00f3pera una religi\u00f3n? - Revista Rambla\" \/>\n<meta property=\"og:description\" content=\"Por medio de la presente, la Asociaci\u00f3n de Abogados Ateos (AAA)* se querella contra la Asociaci\u00f3n de Abogados Cristianos (AAC) por atentar \u00e9sta contra la m\u00e1s preclara de las se\u00f1as de identidad europea: la Parodia. Simult\u00e1neamente, recusa a las instancias judiciales que acepten el pleito que la susodicha AAC quiere [&hellip;]\" \/>\n<meta property=\"og:url\" content=\"https:\/\/www.revistarambla.com\/en\/opinion-es-la-opera-una-religion\/\" \/>\n<meta property=\"og:site_name\" content=\"Revista Rambla\" \/>\n<meta property=\"article:publisher\" content=\"https:\/\/www.facebook.com\/revistarambla\/\" \/>\n<meta property=\"article:author\" content=\"https:\/\/www.facebook.com\/revistarambla\" \/>\n<meta property=\"article:published_time\" content=\"2017-03-10T06:56:14+00:00\" \/>\n<meta property=\"article:modified_time\" content=\"2021-04-02T19:12:38+00:00\" \/>\n<meta property=\"og:image\" content=\"https:\/\/i1.wp.com\/www.revistarambla.com\/wp-content\/uploads\/2017\/03\/lasPalmas-drag-gala-2017-LQSomos.jpeg?fit=944%2C629&ssl=1\" \/>\n\t<meta property=\"og:image:width\" content=\"944\" \/>\n\t<meta property=\"og:image:height\" content=\"629\" \/>\n\t<meta property=\"og:image:type\" content=\"image\/jpeg\" \/>\n<meta name=\"author\" content=\"Antonio P\u00e9rez\" \/>\n<meta name=\"twitter:card\" content=\"summary_large_image\" \/>\n<meta name=\"twitter:creator\" content=\"@revistarambla\" \/>\n<meta name=\"twitter:site\" content=\"@revistarambla\" \/>\n<meta name=\"twitter:label1\" content=\"Written by\" \/>\n\t<meta name=\"twitter:data1\" content=\"Antonio P\u00e9rez\" \/>\n\t<meta name=\"twitter:label2\" content=\"Estimated reading time\" \/>\n\t<meta name=\"twitter:data2\" content=\"4 minutes\" \/>\n<script type=\"application\/ld+json\" class=\"yoast-schema-graph\">{\"@context\":\"https:\\\/\\\/schema.org\",\"@graph\":[{\"@type\":\"Article\",\"@id\":\"https:\\\/\\\/www.revistarambla.com\\\/opinion-es-la-opera-una-religion\\\/#article\",\"isPartOf\":{\"@id\":\"https:\\\/\\\/www.revistarambla.com\\\/opinion-es-la-opera-una-religion\\\/\"},\"author\":{\"name\":\"Antonio P\u00e9rez\",\"@id\":\"https:\\\/\\\/www.revistarambla.com\\\/#\\\/schema\\\/person\\\/a146a5a2550b94981a75131180e1bd9c\"},\"headline\":\"\u00bfEs la \u00f3pera una religi\u00f3n?\",\"datePublished\":\"2017-03-10T06:56:14+00:00\",\"dateModified\":\"2021-04-02T19:12:38+00:00\",\"mainEntityOfPage\":{\"@id\":\"https:\\\/\\\/www.revistarambla.com\\\/opinion-es-la-opera-una-religion\\\/\"},\"wordCount\":842,\"commentCount\":0,\"publisher\":{\"@id\":\"https:\\\/\\\/www.revistarambla.com\\\/#organization\"},\"image\":{\"@id\":\"https:\\\/\\\/www.revistarambla.com\\\/opinion-es-la-opera-una-religion\\\/#primaryimage\"},\"thumbnailUrl\":\"https:\\\/\\\/www.revistarambla.com\\\/wp-content\\\/uploads\\\/2017\\\/03\\\/lasPalmas-drag-gala-2017-LQSomos.jpeg\",\"articleSection\":[\"Opiniones\"],\"inLanguage\":\"en-GB\",\"potentialAction\":[{\"@type\":\"CommentAction\",\"name\":\"Comment\",\"target\":[\"https:\\\/\\\/www.revistarambla.com\\\/opinion-es-la-opera-una-religion\\\/#respond\"]}]},{\"@type\":\"WebPage\",\"@id\":\"https:\\\/\\\/www.revistarambla.com\\\/opinion-es-la-opera-una-religion\\\/\",\"url\":\"https:\\\/\\\/www.revistarambla.com\\\/opinion-es-la-opera-una-religion\\\/\",\"name\":\"\u00bfEs la \u00f3pera una religi\u00f3n? - Revista Rambla\",\"isPartOf\":{\"@id\":\"https:\\\/\\\/www.revistarambla.com\\\/#website\"},\"primaryImageOfPage\":{\"@id\":\"https:\\\/\\\/www.revistarambla.com\\\/opinion-es-la-opera-una-religion\\\/#primaryimage\"},\"image\":{\"@id\":\"https:\\\/\\\/www.revistarambla.com\\\/opinion-es-la-opera-una-religion\\\/#primaryimage\"},\"thumbnailUrl\":\"https:\\\/\\\/www.revistarambla.com\\\/wp-content\\\/uploads\\\/2017\\\/03\\\/lasPalmas-drag-gala-2017-LQSomos.jpeg\",\"datePublished\":\"2017-03-10T06:56:14+00:00\",\"dateModified\":\"2021-04-02T19:12:38+00:00\",\"breadcrumb\":{\"@id\":\"https:\\\/\\\/www.revistarambla.com\\\/opinion-es-la-opera-una-religion\\\/#breadcrumb\"},\"inLanguage\":\"en-GB\",\"potentialAction\":[{\"@type\":\"ReadAction\",\"target\":[\"https:\\\/\\\/www.revistarambla.com\\\/opinion-es-la-opera-una-religion\\\/\"]}]},{\"@type\":\"ImageObject\",\"inLanguage\":\"en-GB\",\"@id\":\"https:\\\/\\\/www.revistarambla.com\\\/opinion-es-la-opera-una-religion\\\/#primaryimage\",\"url\":\"https:\\\/\\\/www.revistarambla.com\\\/wp-content\\\/uploads\\\/2017\\\/03\\\/lasPalmas-drag-gala-2017-LQSomos.jpeg\",\"contentUrl\":\"https:\\\/\\\/www.revistarambla.com\\\/wp-content\\\/uploads\\\/2017\\\/03\\\/lasPalmas-drag-gala-2017-LQSomos.jpeg\",\"width\":944,\"height\":629},{\"@type\":\"BreadcrumbList\",\"@id\":\"https:\\\/\\\/www.revistarambla.com\\\/opinion-es-la-opera-una-religion\\\/#breadcrumb\",\"itemListElement\":[{\"@type\":\"ListItem\",\"position\":1,\"name\":\"Portada\",\"item\":\"https:\\\/\\\/www.revistarambla.com\\\/\"},{\"@type\":\"ListItem\",\"position\":2,\"name\":\"\u00bfEs la \u00f3pera una religi\u00f3n?\"}]},{\"@type\":\"WebSite\",\"@id\":\"https:\\\/\\\/www.revistarambla.com\\\/#website\",\"url\":\"https:\\\/\\\/www.revistarambla.com\\\/\",\"name\":\"Revista Rambla Barcelona\",\"description\":\"Periodismo independiente\",\"publisher\":{\"@id\":\"https:\\\/\\\/www.revistarambla.com\\\/#organization\"},\"potentialAction\":[{\"@type\":\"SearchAction\",\"target\":{\"@type\":\"EntryPoint\",\"urlTemplate\":\"https:\\\/\\\/www.revistarambla.com\\\/?s={search_term_string}\"},\"query-input\":{\"@type\":\"PropertyValueSpecification\",\"valueRequired\":true,\"valueName\":\"search_term_string\"}}],\"inLanguage\":\"en-GB\"},{\"@type\":\"Organization\",\"@id\":\"https:\\\/\\\/www.revistarambla.com\\\/#organization\",\"name\":\"Revista Rambla\",\"url\":\"https:\\\/\\\/www.revistarambla.com\\\/\",\"logo\":{\"@type\":\"ImageObject\",\"inLanguage\":\"en-GB\",\"@id\":\"https:\\\/\\\/www.revistarambla.com\\\/#\\\/schema\\\/logo\\\/image\\\/\",\"url\":\"https:\\\/\\\/www.revistarambla.com\\\/wp-content\\\/uploads\\\/2020\\\/09\\\/banner_rambla_1900x600_BB.png\",\"contentUrl\":\"https:\\\/\\\/www.revistarambla.com\\\/wp-content\\\/uploads\\\/2020\\\/09\\\/banner_rambla_1900x600_BB.png\",\"width\":1900,\"height\":600,\"caption\":\"Revista Rambla\"},\"image\":{\"@id\":\"https:\\\/\\\/www.revistarambla.com\\\/#\\\/schema\\\/logo\\\/image\\\/\"},\"sameAs\":[\"https:\\\/\\\/www.facebook.com\\\/revistarambla\\\/\",\"https:\\\/\\\/x.com\\\/revistarambla\",\"https:\\\/\\\/www.instagram.com\\\/revista_rambla\",\"https:\\\/\\\/es.linkedin.com\\\/company\\\/revista-rambla\"]},{\"@type\":\"Person\",\"@id\":\"https:\\\/\\\/www.revistarambla.com\\\/#\\\/schema\\\/person\\\/a146a5a2550b94981a75131180e1bd9c\",\"name\":\"Antonio P\u00e9rez\",\"sameAs\":[\"https:\\\/\\\/www.facebook.com\\\/revistarambla\",\"https:\\\/\\\/x.com\\\/revistarambla\"]}]}<\/script>\n<!-- \/ Yoast SEO plugin. -->","yoast_head_json":{"title":"\u00bfEs la \u00f3pera una religi\u00f3n? - Revista Rambla","robots":{"index":"index","follow":"follow","max-snippet":"max-snippet:-1","max-image-preview":"max-image-preview:large","max-video-preview":"max-video-preview:-1"},"canonical":"https:\/\/www.revistarambla.com\/en\/opinion-es-la-opera-una-religion\/","og_locale":"en_GB","og_type":"article","og_title":"\u00bfEs la \u00f3pera una religi\u00f3n? - Revista Rambla","og_description":"Por medio de la presente, la Asociaci\u00f3n de Abogados Ateos (AAA)* se querella contra la Asociaci\u00f3n de Abogados Cristianos (AAC) por atentar \u00e9sta contra la m\u00e1s preclara de las se\u00f1as de identidad europea: la Parodia. Simult\u00e1neamente, recusa a las instancias judiciales que acepten el pleito que la susodicha AAC quiere [&hellip;]","og_url":"https:\/\/www.revistarambla.com\/en\/opinion-es-la-opera-una-religion\/","og_site_name":"Revista Rambla","article_publisher":"https:\/\/www.facebook.com\/revistarambla\/","article_author":"https:\/\/www.facebook.com\/revistarambla","article_published_time":"2017-03-10T06:56:14+00:00","article_modified_time":"2021-04-02T19:12:38+00:00","og_image":[{"width":944,"height":629,"url":"https:\/\/i1.wp.com\/www.revistarambla.com\/wp-content\/uploads\/2017\/03\/lasPalmas-drag-gala-2017-LQSomos.jpeg?fit=944%2C629&ssl=1","type":"image\/jpeg"}],"author":"Antonio P\u00e9rez","twitter_card":"summary_large_image","twitter_creator":"@revistarambla","twitter_site":"@revistarambla","twitter_misc":{"Written by":"Antonio P\u00e9rez","Estimated reading time":"4 minutes"},"schema":{"@context":"https:\/\/schema.org","@graph":[{"@type":"Article","@id":"https:\/\/www.revistarambla.com\/opinion-es-la-opera-una-religion\/#article","isPartOf":{"@id":"https:\/\/www.revistarambla.com\/opinion-es-la-opera-una-religion\/"},"author":{"name":"Antonio P\u00e9rez","@id":"https:\/\/www.revistarambla.com\/#\/schema\/person\/a146a5a2550b94981a75131180e1bd9c"},"headline":"\u00bfEs la \u00f3pera una religi\u00f3n?","datePublished":"2017-03-10T06:56:14+00:00","dateModified":"2021-04-02T19:12:38+00:00","mainEntityOfPage":{"@id":"https:\/\/www.revistarambla.com\/opinion-es-la-opera-una-religion\/"},"wordCount":842,"commentCount":0,"publisher":{"@id":"https:\/\/www.revistarambla.com\/#organization"},"image":{"@id":"https:\/\/www.revistarambla.com\/opinion-es-la-opera-una-religion\/#primaryimage"},"thumbnailUrl":"https:\/\/www.revistarambla.com\/wp-content\/uploads\/2017\/03\/lasPalmas-drag-gala-2017-LQSomos.jpeg","articleSection":["Opiniones"],"inLanguage":"en-GB","potentialAction":[{"@type":"CommentAction","name":"Comment","target":["https:\/\/www.revistarambla.com\/opinion-es-la-opera-una-religion\/#respond"]}]},{"@type":"WebPage","@id":"https:\/\/www.revistarambla.com\/opinion-es-la-opera-una-religion\/","url":"https:\/\/www.revistarambla.com\/opinion-es-la-opera-una-religion\/","name":"\u00bfEs la \u00f3pera una religi\u00f3n? - Revista Rambla","isPartOf":{"@id":"https:\/\/www.revistarambla.com\/#website"},"primaryImageOfPage":{"@id":"https:\/\/www.revistarambla.com\/opinion-es-la-opera-una-religion\/#primaryimage"},"image":{"@id":"https:\/\/www.revistarambla.com\/opinion-es-la-opera-una-religion\/#primaryimage"},"thumbnailUrl":"https:\/\/www.revistarambla.com\/wp-content\/uploads\/2017\/03\/lasPalmas-drag-gala-2017-LQSomos.jpeg","datePublished":"2017-03-10T06:56:14+00:00","dateModified":"2021-04-02T19:12:38+00:00","breadcrumb":{"@id":"https:\/\/www.revistarambla.com\/opinion-es-la-opera-una-religion\/#breadcrumb"},"inLanguage":"en-GB","potentialAction":[{"@type":"ReadAction","target":["https:\/\/www.revistarambla.com\/opinion-es-la-opera-una-religion\/"]}]},{"@type":"ImageObject","inLanguage":"en-GB","@id":"https:\/\/www.revistarambla.com\/opinion-es-la-opera-una-religion\/#primaryimage","url":"https:\/\/www.revistarambla.com\/wp-content\/uploads\/2017\/03\/lasPalmas-drag-gala-2017-LQSomos.jpeg","contentUrl":"https:\/\/www.revistarambla.com\/wp-content\/uploads\/2017\/03\/lasPalmas-drag-gala-2017-LQSomos.jpeg","width":944,"height":629},{"@type":"BreadcrumbList","@id":"https:\/\/www.revistarambla.com\/opinion-es-la-opera-una-religion\/#breadcrumb","itemListElement":[{"@type":"ListItem","position":1,"name":"Portada","item":"https:\/\/www.revistarambla.com\/"},{"@type":"ListItem","position":2,"name":"\u00bfEs la \u00f3pera una religi\u00f3n?"}]},{"@type":"WebSite","@id":"https:\/\/www.revistarambla.com\/#website","url":"https:\/\/www.revistarambla.com\/","name":"Revista Rambla Barcelona","description":"Periodismo independiente","publisher":{"@id":"https:\/\/www.revistarambla.com\/#organization"},"potentialAction":[{"@type":"SearchAction","target":{"@type":"EntryPoint","urlTemplate":"https:\/\/www.revistarambla.com\/?s={search_term_string}"},"query-input":{"@type":"PropertyValueSpecification","valueRequired":true,"valueName":"search_term_string"}}],"inLanguage":"en-GB"},{"@type":"Organization","@id":"https:\/\/www.revistarambla.com\/#organization","name":"Revista Rambla","url":"https:\/\/www.revistarambla.com\/","logo":{"@type":"ImageObject","inLanguage":"en-GB","@id":"https:\/\/www.revistarambla.com\/#\/schema\/logo\/image\/","url":"https:\/\/www.revistarambla.com\/wp-content\/uploads\/2020\/09\/banner_rambla_1900x600_BB.png","contentUrl":"https:\/\/www.revistarambla.com\/wp-content\/uploads\/2020\/09\/banner_rambla_1900x600_BB.png","width":1900,"height":600,"caption":"Revista Rambla"},"image":{"@id":"https:\/\/www.revistarambla.com\/#\/schema\/logo\/image\/"},"sameAs":["https:\/\/www.facebook.com\/revistarambla\/","https:\/\/x.com\/revistarambla","https:\/\/www.instagram.com\/revista_rambla","https:\/\/es.linkedin.com\/company\/revista-rambla"]},{"@type":"Person","@id":"https:\/\/www.revistarambla.com\/#\/schema\/person\/a146a5a2550b94981a75131180e1bd9c","name":"Antonio P\u00e9rez","sameAs":["https:\/\/www.facebook.com\/revistarambla","https:\/\/x.com\/revistarambla"]}]}},"_links":{"self":[{"href":"https:\/\/www.revistarambla.com\/en\/wp-json\/wp\/v2\/posts\/11900","targetHints":{"allow":["GET"]}}],"collection":[{"href":"https:\/\/www.revistarambla.com\/en\/wp-json\/wp\/v2\/posts"}],"about":[{"href":"https:\/\/www.revistarambla.com\/en\/wp-json\/wp\/v2\/types\/post"}],"author":[{"embeddable":true,"href":"https:\/\/www.revistarambla.com\/en\/wp-json\/wp\/v2\/users\/3"}],"replies":[{"embeddable":true,"href":"https:\/\/www.revistarambla.com\/en\/wp-json\/wp\/v2\/comments?post=11900"}],"version-history":[{"count":0,"href":"https:\/\/www.revistarambla.com\/en\/wp-json\/wp\/v2\/posts\/11900\/revisions"}],"wp:featuredmedia":[{"embeddable":true,"href":"https:\/\/www.revistarambla.com\/en\/wp-json\/wp\/v2\/media\/11901"}],"wp:attachment":[{"href":"https:\/\/www.revistarambla.com\/en\/wp-json\/wp\/v2\/media?parent=11900"}],"wp:term":[{"taxonomy":"category","embeddable":true,"href":"https:\/\/www.revistarambla.com\/en\/wp-json\/wp\/v2\/categories?post=11900"},{"taxonomy":"post_tag","embeddable":true,"href":"https:\/\/www.revistarambla.com\/en\/wp-json\/wp\/v2\/tags?post=11900"}],"curies":[{"name":"wp","href":"https:\/\/api.w.org\/{rel}","templated":true}]}}