{"id":1190,"date":"2011-10-14T15:09:36","date_gmt":"2011-10-14T13:09:36","guid":{"rendered":"https:\/\/www.revistarambla.com\/som-27m-medio-centenar-de-personas-abren-una-querella-criminal-contra-felip-puig\/"},"modified":"2021-12-10T16:38:38","modified_gmt":"2021-12-10T15:38:38","slug":"som-27m-medio-centenar-de-personas-abren-una-querella-criminal-contra-felip-puig","status":"publish","type":"post","link":"https:\/\/www.revistarambla.com\/en\/som-27m-medio-centenar-de-personas-abren-una-querella-criminal-contra-felip-puig\/","title":{"rendered":"&#8216;Som 27-M&#8217;: medio centenar de personas abren una querella criminal contra Felip Puig"},"content":{"rendered":"<p><img decoding=\"async\" class=\"wp-image-31507 alignright\" src=\"https:\/\/www.revistarambla.com\/wp-content\/uploads\/2011\/10\/felip_al_tsj-02-212x300.jpg\" alt=\"\" width=\"310\" height=\"439\" srcset=\"https:\/\/www.revistarambla.com\/wp-content\/uploads\/2011\/10\/felip_al_tsj-02-212x300.jpg 212w, https:\/\/www.revistarambla.com\/wp-content\/uploads\/2011\/10\/felip_al_tsj-02-724x1024.jpg 724w, https:\/\/www.revistarambla.com\/wp-content\/uploads\/2011\/10\/felip_al_tsj-02-768x1086.jpg 768w, https:\/\/www.revistarambla.com\/wp-content\/uploads\/2011\/10\/felip_al_tsj-02-1086x1536.jpg 1086w, https:\/\/www.revistarambla.com\/wp-content\/uploads\/2011\/10\/felip_al_tsj-02-1024x1448.jpg 1024w, https:\/\/www.revistarambla.com\/wp-content\/uploads\/2011\/10\/felip_al_tsj-02.jpg 1240w\" sizes=\"(max-width: 310px) 100vw, 310px\" \/>Un grupo de 56 personas que vivieron el desalojo de la acampada de <em>Pla\u00e7a<\/em> <em>Catalunya<\/em> el pasado 27 de mayo, present\u00f3 ayer una querella\u00a0 criminal colectiva contra el <em>Conseller<\/em> <em>d\u2019Interior<\/em>, Felip Puig,\u00a0 y otros altos cargos gubernamentales y policiales. El colectivo <em><span data-scayt_word=\"\u201cSom\" data-scaytid=\"10\">\u201cSom<\/span> 27 M\u201d<\/em> ha denunciado la violaci\u00f3n de derechos por parte del cuerpo de polic\u00eda de los <span data-scayt_word=\"Mossos\" data-scaytid=\"11\">Mossos<\/span> <span data-scayt_word=\"d\u2019Esquadra\" data-scaytid=\"12\">d\u2019Esquadra<\/span>, durante la retirada de la Acampada de \u201cIndignados\u201d de Barcelona. Los hechos concretos de la querella son el uso de la violencia con resultado de lesiones, la confiscaci\u00f3n y destroza de objetos, y la violaci\u00f3n de derechos elementales para el ejercicio democr\u00e1tico.<\/p>\n<p>Seg\u00fan los querellantes, estos actos son constitutivos de las siguientes infracciones penales: delito de prohibici\u00f3n o disoluci\u00f3n de reuni\u00f3n pac\u00edfica, delito de detenci\u00f3n ilegal, delito de coacciones, delito y falta de amenazas, delito y falta de da\u00f1os, delito de apropiaci\u00f3n indebida, delito de hurto, delito contra la integridad moral, falta de vejaciones injustas, delito de prevaricaci\u00f3n, y delito y falta de lesiones.<\/p>\n<p>La acci\u00f3n judicial se dirige contra cargos de los gobiernos auton\u00f3mico y municipal: el <em><span data-scayt_word=\"Conseller\" data-scaytid=\"13\">Conseller<\/span><\/em> <span data-scayt_word=\"Puig\" data-scaytid=\"14\">Puig<\/span>, responsable de Interior de la <span data-scayt_word=\"Generalitat\" data-scaytid=\"22\">Generalitat<\/span>, y <span data-scayt_word=\"Assumpta\" data-scaytid=\"23\">Assumpta<\/span> <span data-scayt_word=\"Escarp\" data-scaytid=\"24\">Escarp<\/span>, Tercera Teniente de <span data-scayt_word=\"Alcade\" data-scaytid=\"25\">Alcade<\/span> y responsable de Prevenci\u00f3n, Seguridad y <span data-scayt_word=\"Mobilidad\" data-scaytid=\"26\">Mobilidad<\/span> del Ayuntamiento de Barcelona en la fecha de los hechos.<\/p>\n<p>Los querellados de la Polic\u00eda de la <span data-scayt_word=\"Generalitat\" data-scaytid=\"31\">Generalitat<\/span>, <em><span data-scayt_word=\"Mossos\" data-scaytid=\"18\">Mossos<\/span> <span data-scayt_word=\"d\u2019Esquadra\" data-scaytid=\"19\">d\u2019Esquadra<\/span><\/em>, son: su director, <span data-scayt_word=\"Manel\" data-scaytid=\"36\">Manel<\/span> <span data-scayt_word=\"Prat\" data-scaytid=\"38\">Prat<\/span>;\u00a0 el Intendente de la Regi\u00f3n Metropolitana, <span data-scayt_word=\"Antoni\" data-scaytid=\"40\">Antoni<\/span> <span data-scayt_word=\"Antol\u00edn\" data-scaytid=\"42\">Antol\u00edn<\/span>; el alto Mando de la Brigada M\u00f3vil, David Bordas; <span data-scayt_word=\"els\" data-scaytid=\"44\">els<\/span> subinspector del <span data-scayt_word=\"Area\" data-scaytid=\"46\">Area<\/span> Regional de Recursos Operativos, y los agentes que realizaron el desalojo.<\/p>\n<p>Tras la presentaci\u00f3n de la querella en los Juzgados, el colectivo ofreci\u00f3 una rueda de prensa en la sede de la <em><span data-scayt_word=\"Federaci\u00f3\" data-scaytid=\"51\">Federaci\u00f3<\/span> <span data-scayt_word=\"d\u2019Associacions\" data-scaytid=\"52\">d\u2019Associacions<\/span> de <span data-scayt_word=\"Vehins\" data-scaytid=\"53\">Vehins<\/span> i <span data-scayt_word=\"Vehines\" data-scaytid=\"54\">Vehines<\/span> de Barcelona.<\/em> La <span data-scayt_word=\"FAVB\" data-scaytid=\"55\">FAVB<\/span> anunci\u00f3 su apoyo incondicional a los querellantes. Su portavoz defini\u00f3 la actuaci\u00f3n de los <span data-scayt_word=\"Mossos\" data-scaytid=\"48\">Mossos<\/span> el 27 de mayo como generadora de conmoci\u00f3n p\u00fablica. Adem\u00e1s resalt\u00f3 que no se trata de un episodio aislado, sino de una pauta de comportamiento de la <span data-scayt_word=\"Conseller\u00eda\" data-scaytid=\"56\">Conseller\u00eda<\/span> que, con su utilizaci\u00f3n abusiva de los recursos de la administraci\u00f3n contra el derecho de la ciudadan\u00eda a reclamar,\u00a0 est\u00e1 <span data-scayt_word=\"cohartando\" data-scaytid=\"57\">cohartando<\/span> los derechos civiles: \u201csi esta es la normalidad, nuestra democracia empieza a ser de baja entidad\u201d. En ese sentido hizo referencia a las recientes detenciones en la <span data-scayt_word=\"Ciutat\" data-scaytid=\"58\">Ciutat<\/span> de la Justicia, y reiter\u00f3 la demanda de cese o dimisi\u00f3n de\u00a0 <span data-scayt_word=\"Felip\" data-scaytid=\"49\">Felip<\/span> <span data-scayt_word=\"Puig\" data-scaytid=\"50\">Puig<\/span>, a quien\u00a0 compar\u00f3 con un <span data-scayt_word=\"\u201csheriff\" data-scaytid=\"59\">\u201csheriff<\/span> de pueblo <span data-scayt_word=\"fronterero\" data-scaytid=\"60\">fronterero<\/span> del oeste americano\u201d.<\/p>\n<p><span data-scayt_word=\"Ana\u00efs\" data-scaytid=\"61\">Ana\u00efs<\/span> <span data-scayt_word=\"Franquesa\" data-scaytid=\"62\">Franquesa<\/span>, abogada de los querellantes, explic\u00f3 que las denuncias individuales que se han presentado hasta el momento no han prosperado debido a la falta de pruebas. El hecho de de que los agentes fueran sin las preceptivas placas de identificaci\u00f3n y, en ocasiones, con el rostro cubierto, ha impedido que las denuncias se admitieran en los juzgados. Por todo ello, la comisi\u00f3n jur\u00eddica de la Acampada lleva meses trabajando en la recopilaci\u00f3n de pruebas, y en la identificaci\u00f3n de hechos constitutivos de infracci\u00f3n, as\u00ed como de sus posibles responsables, sino directos, indirectos: \u201cera necesario apuntar mejor\u201d.<\/p>\n<p>La abogada destac\u00f3 tambi\u00e9n en su intervenci\u00f3n la dureza de la situaci\u00f3n vivida por las personas afectadas, que fueron retenidas durante m\u00e1s de seis horas sin poder ir al ba\u00f1o, y sin agua, en un d\u00eda muy caluroso. Y que posteriormente fueron golpeadas al intentar detener, pac\u00edficamente, los camiones de limpieza que se llevaban sus cosas. Seg\u00fan <span data-scayt_word=\"Ana\u00efs\" data-scaytid=\"63\">Ana\u00efs<\/span> <span data-scayt_word=\"Franquesa\" data-scaytid=\"64\">Franquesa<\/span>, los agentes golpeaban a las personas sentadas en el suelo,\u00a0 gente que lloraba y suplicaba, y no tuvieron en cuenta ni la vulnerabilidad o edad de las personas ni, lo que es m\u00e1s grave, a qu\u00e9 parte del cuerpo dirig\u00edan los golpes.<\/p>\n<p>Por su parte, los portavoces del grupo \u201c<em>som<\/em><em> 27M\u201d<\/em> leyeron un escrito consensuado en el que\u00a0 denuncian que fueron v\u00edctimas de\u00a0 una agresi\u00f3n en respuesta al uso de la libertad de expresi\u00f3n y de la pr\u00e1ctica pol\u00edtica en las plazas p\u00fablicas. As\u00ed mismo destacaron que se trata de una violencia en distintos niveles: institucional, policial, econ\u00f3mica&#8230;\u00a0 En el manifiesto se hace referencia tambi\u00e9n a la desigualdad de trato entre las instituciones i las personas, ya que la fiscal\u00eda ha actuado de oficio por los hechos del parlamento, pero no por los de <span data-scayt_word=\"Pla\u00e7a\" data-scaytid=\"65\">Pla\u00e7a<\/span> <span data-scayt_word=\"Catalunya\" data-scaytid=\"66\">Catalunya<\/span>. Por \u00faltimo anuncian que no desisitir\u00e1n de la lucha por la transformacion social y\u00a0 pol\u00edtica.<\/p>\n<p>La \u00faltima intervenci\u00f3n fue la de Ramon Piquer, de la Coordinadora de associaciones contra la tortura, que expuso que de las 100.500 denuncias por torura interpuestas en lo que llevamos de s. XXI, muy pocas son investigadas, y la mayor\u00eda son archivadas por falta de pruebas.\u00a0 Denunci\u00f3 la existencia en Espa\u00f1a\u00a0 de un espacio de impunidad, avalad por las instancias pol\u00edticas, jur\u00eddicas, policiales y medi\u00e1ticas. Por \u00faltimo solicit\u00f3 alternativas al uso de la violencia como forma de gesti\u00f3n de la disidencia pol\u00edtica, y anunci\u00f3 el apoyo de la Coordinadora a los querellantes.<\/p>\n<p>Tras la rueda de prensa, \u201clos indignados\u201d se dirigieron a la <span data-scayt_word=\"Pla\u00e7a\" data-scaytid=\"15\">Pla\u00e7a<\/span> Sant <span data-scayt_word=\"Jaume\" data-scaytid=\"34\">Jaume<\/span>, donde se manifestaron pidiendo la dimisi\u00f3n de <span data-scayt_word=\"Felip\" data-scaytid=\"16\">Felip<\/span> <span data-scayt_word=\"Puig\" data-scaytid=\"17\">Puig<\/span>. Petici\u00f3n que realizaron despu\u00e9s oficialmente en la <span data-scayt_word=\"Generalitat\" data-scaytid=\"30\">Generalitat<\/span>, mediante la entrega de las firmas recogidas a tales efectos.<\/p>","protected":false},"excerpt":{"rendered":"<p>Un grupo de 56 personas que vivieron el desalojo de la acampada de Pla\u00e7a Catalunya el pasado 27 de mayo, present\u00f3 ayer una querella\u00a0 criminal colectiva contra el Conseller d\u2019Interior, Felip Puig,\u00a0 y otros altos cargos gubernamentales y policiales. El colectivo \u201cSom 27 M\u201d ha denunciado la violaci\u00f3n de derechos [&hellip;]<\/p>\n","protected":false},"author":51,"featured_media":31507,"comment_status":"open","ping_status":"open","sticky":false,"template":"","format":"standard","meta":{"footnotes":""},"categories":[3,59],"tags":[],"class_list":["post-1190","post","type-post","status-publish","format-standard","has-post-thumbnail","hentry","category-actualidad","category-catalunya"],"yoast_head":"<!-- This site is optimized with the Yoast SEO plugin v27.5 - https:\/\/yoast.com\/product\/yoast-seo-wordpress\/ -->\n<title>&#039;Som 27-M&#039;: medio centenar de personas abren una querella criminal contra Felip Puig - Revista Rambla<\/title>\n<meta name=\"robots\" content=\"index, follow, max-snippet:-1, max-image-preview:large, max-video-preview:-1\" \/>\n<link rel=\"canonical\" href=\"https:\/\/www.revistarambla.com\/en\/som-27m-medio-centenar-de-personas-abren-una-querella-criminal-contra-felip-puig\/\" \/>\n<meta property=\"og:locale\" content=\"en_GB\" \/>\n<meta property=\"og:type\" content=\"article\" \/>\n<meta property=\"og:title\" content=\"&#039;Som 27-M&#039;: medio centenar de personas abren una querella criminal contra Felip Puig - Revista Rambla\" \/>\n<meta property=\"og:description\" content=\"Un grupo de 56 personas que vivieron el desalojo de la acampada de Pla\u00e7a Catalunya el pasado 27 de mayo, present\u00f3 ayer una querella\u00a0 criminal colectiva contra el Conseller d\u2019Interior, Felip Puig,\u00a0 y otros altos cargos gubernamentales y policiales. El colectivo \u201cSom 27 M\u201d ha denunciado la violaci\u00f3n de derechos [&hellip;]\" \/>\n<meta property=\"og:url\" content=\"https:\/\/www.revistarambla.com\/en\/som-27m-medio-centenar-de-personas-abren-una-querella-criminal-contra-felip-puig\/\" \/>\n<meta property=\"og:site_name\" content=\"Revista Rambla\" \/>\n<meta property=\"article:publisher\" content=\"https:\/\/www.facebook.com\/revistarambla\/\" \/>\n<meta property=\"article:published_time\" content=\"2011-10-14T13:09:36+00:00\" \/>\n<meta property=\"article:modified_time\" content=\"2021-12-10T15:38:38+00:00\" \/>\n<meta property=\"og:image\" content=\"https:\/\/www.revistarambla.com\/wp-content\/uploads\/2011\/10\/felip_al_tsj-02.jpg\" \/>\n\t<meta property=\"og:image:width\" content=\"1240\" \/>\n\t<meta property=\"og:image:height\" content=\"1754\" \/>\n\t<meta property=\"og:image:type\" content=\"image\/jpeg\" \/>\n<meta name=\"author\" content=\"Elena Fern\u00e1ndez Mart\u00ednez\" \/>\n<meta name=\"twitter:card\" content=\"summary_large_image\" \/>\n<meta name=\"twitter:creator\" content=\"@revistarambla\" \/>\n<meta name=\"twitter:site\" content=\"@revistarambla\" \/>\n<meta name=\"twitter:label1\" content=\"Written by\" \/>\n\t<meta name=\"twitter:data1\" content=\"Elena Fern\u00e1ndez Mart\u00ednez\" \/>\n\t<meta name=\"twitter:label2\" content=\"Estimated reading time\" \/>\n\t<meta name=\"twitter:data2\" content=\"4 minutes\" \/>\n<script type=\"application\/ld+json\" class=\"yoast-schema-graph\">{\"@context\":\"https:\\\/\\\/schema.org\",\"@graph\":[{\"@type\":\"Article\",\"@id\":\"https:\\\/\\\/www.revistarambla.com\\\/som-27m-medio-centenar-de-personas-abren-una-querella-criminal-contra-felip-puig\\\/#article\",\"isPartOf\":{\"@id\":\"https:\\\/\\\/www.revistarambla.com\\\/som-27m-medio-centenar-de-personas-abren-una-querella-criminal-contra-felip-puig\\\/\"},\"author\":{\"name\":\"Elena Fern\u00e1ndez Mart\u00ednez\",\"@id\":\"https:\\\/\\\/www.revistarambla.com\\\/#\\\/schema\\\/person\\\/044b43a8aa317042559e094f7deaf33c\"},\"headline\":\"&#8216;Som 27-M&#8217;: medio centenar de personas abren una querella criminal contra Felip Puig\",\"datePublished\":\"2011-10-14T13:09:36+00:00\",\"dateModified\":\"2021-12-10T15:38:38+00:00\",\"mainEntityOfPage\":{\"@id\":\"https:\\\/\\\/www.revistarambla.com\\\/som-27m-medio-centenar-de-personas-abren-una-querella-criminal-contra-felip-puig\\\/\"},\"wordCount\":932,\"commentCount\":0,\"publisher\":{\"@id\":\"https:\\\/\\\/www.revistarambla.com\\\/#organization\"},\"image\":{\"@id\":\"https:\\\/\\\/www.revistarambla.com\\\/som-27m-medio-centenar-de-personas-abren-una-querella-criminal-contra-felip-puig\\\/#primaryimage\"},\"thumbnailUrl\":\"https:\\\/\\\/www.revistarambla.com\\\/wp-content\\\/uploads\\\/2011\\\/10\\\/felip_al_tsj-02.jpg\",\"articleSection\":[\"Actualidad\",\"Catalunya\"],\"inLanguage\":\"en-GB\",\"potentialAction\":[{\"@type\":\"CommentAction\",\"name\":\"Comment\",\"target\":[\"https:\\\/\\\/www.revistarambla.com\\\/som-27m-medio-centenar-de-personas-abren-una-querella-criminal-contra-felip-puig\\\/#respond\"]}]},{\"@type\":\"WebPage\",\"@id\":\"https:\\\/\\\/www.revistarambla.com\\\/som-27m-medio-centenar-de-personas-abren-una-querella-criminal-contra-felip-puig\\\/\",\"url\":\"https:\\\/\\\/www.revistarambla.com\\\/som-27m-medio-centenar-de-personas-abren-una-querella-criminal-contra-felip-puig\\\/\",\"name\":\"'Som 27-M': medio centenar de personas abren una querella criminal contra Felip Puig - Revista Rambla\",\"isPartOf\":{\"@id\":\"https:\\\/\\\/www.revistarambla.com\\\/#website\"},\"primaryImageOfPage\":{\"@id\":\"https:\\\/\\\/www.revistarambla.com\\\/som-27m-medio-centenar-de-personas-abren-una-querella-criminal-contra-felip-puig\\\/#primaryimage\"},\"image\":{\"@id\":\"https:\\\/\\\/www.revistarambla.com\\\/som-27m-medio-centenar-de-personas-abren-una-querella-criminal-contra-felip-puig\\\/#primaryimage\"},\"thumbnailUrl\":\"https:\\\/\\\/www.revistarambla.com\\\/wp-content\\\/uploads\\\/2011\\\/10\\\/felip_al_tsj-02.jpg\",\"datePublished\":\"2011-10-14T13:09:36+00:00\",\"dateModified\":\"2021-12-10T15:38:38+00:00\",\"breadcrumb\":{\"@id\":\"https:\\\/\\\/www.revistarambla.com\\\/som-27m-medio-centenar-de-personas-abren-una-querella-criminal-contra-felip-puig\\\/#breadcrumb\"},\"inLanguage\":\"en-GB\",\"potentialAction\":[{\"@type\":\"ReadAction\",\"target\":[\"https:\\\/\\\/www.revistarambla.com\\\/som-27m-medio-centenar-de-personas-abren-una-querella-criminal-contra-felip-puig\\\/\"]}]},{\"@type\":\"ImageObject\",\"inLanguage\":\"en-GB\",\"@id\":\"https:\\\/\\\/www.revistarambla.com\\\/som-27m-medio-centenar-de-personas-abren-una-querella-criminal-contra-felip-puig\\\/#primaryimage\",\"url\":\"https:\\\/\\\/www.revistarambla.com\\\/wp-content\\\/uploads\\\/2011\\\/10\\\/felip_al_tsj-02.jpg\",\"contentUrl\":\"https:\\\/\\\/www.revistarambla.com\\\/wp-content\\\/uploads\\\/2011\\\/10\\\/felip_al_tsj-02.jpg\",\"width\":1240,\"height\":1754},{\"@type\":\"BreadcrumbList\",\"@id\":\"https:\\\/\\\/www.revistarambla.com\\\/som-27m-medio-centenar-de-personas-abren-una-querella-criminal-contra-felip-puig\\\/#breadcrumb\",\"itemListElement\":[{\"@type\":\"ListItem\",\"position\":1,\"name\":\"Portada\",\"item\":\"https:\\\/\\\/www.revistarambla.com\\\/\"},{\"@type\":\"ListItem\",\"position\":2,\"name\":\"&#8216;Som 27-M&#8217;: medio centenar de personas abren una querella criminal contra Felip Puig\"}]},{\"@type\":\"WebSite\",\"@id\":\"https:\\\/\\\/www.revistarambla.com\\\/#website\",\"url\":\"https:\\\/\\\/www.revistarambla.com\\\/\",\"name\":\"Revista Rambla Barcelona\",\"description\":\"Periodismo independiente\",\"publisher\":{\"@id\":\"https:\\\/\\\/www.revistarambla.com\\\/#organization\"},\"potentialAction\":[{\"@type\":\"SearchAction\",\"target\":{\"@type\":\"EntryPoint\",\"urlTemplate\":\"https:\\\/\\\/www.revistarambla.com\\\/?s={search_term_string}\"},\"query-input\":{\"@type\":\"PropertyValueSpecification\",\"valueRequired\":true,\"valueName\":\"search_term_string\"}}],\"inLanguage\":\"en-GB\"},{\"@type\":\"Organization\",\"@id\":\"https:\\\/\\\/www.revistarambla.com\\\/#organization\",\"name\":\"Revista Rambla\",\"url\":\"https:\\\/\\\/www.revistarambla.com\\\/\",\"logo\":{\"@type\":\"ImageObject\",\"inLanguage\":\"en-GB\",\"@id\":\"https:\\\/\\\/www.revistarambla.com\\\/#\\\/schema\\\/logo\\\/image\\\/\",\"url\":\"https:\\\/\\\/www.revistarambla.com\\\/wp-content\\\/uploads\\\/2020\\\/09\\\/banner_rambla_1900x600_BB.png\",\"contentUrl\":\"https:\\\/\\\/www.revistarambla.com\\\/wp-content\\\/uploads\\\/2020\\\/09\\\/banner_rambla_1900x600_BB.png\",\"width\":1900,\"height\":600,\"caption\":\"Revista Rambla\"},\"image\":{\"@id\":\"https:\\\/\\\/www.revistarambla.com\\\/#\\\/schema\\\/logo\\\/image\\\/\"},\"sameAs\":[\"https:\\\/\\\/www.facebook.com\\\/revistarambla\\\/\",\"https:\\\/\\\/x.com\\\/revistarambla\",\"https:\\\/\\\/www.instagram.com\\\/revista_rambla\",\"https:\\\/\\\/es.linkedin.com\\\/company\\\/revista-rambla\"]},{\"@type\":\"Person\",\"@id\":\"https:\\\/\\\/www.revistarambla.com\\\/#\\\/schema\\\/person\\\/044b43a8aa317042559e094f7deaf33c\",\"name\":\"Elena Fern\u00e1ndez Mart\u00ednez\",\"description\":\"Periodista \\\/ Corresponsal Londres.\"}]}<\/script>\n<!-- \/ Yoast SEO plugin. -->","yoast_head_json":{"title":"'Som 27-M': medio centenar de personas abren una querella criminal contra Felip Puig - Revista Rambla","robots":{"index":"index","follow":"follow","max-snippet":"max-snippet:-1","max-image-preview":"max-image-preview:large","max-video-preview":"max-video-preview:-1"},"canonical":"https:\/\/www.revistarambla.com\/en\/som-27m-medio-centenar-de-personas-abren-una-querella-criminal-contra-felip-puig\/","og_locale":"en_GB","og_type":"article","og_title":"'Som 27-M': medio centenar de personas abren una querella criminal contra Felip Puig - Revista Rambla","og_description":"Un grupo de 56 personas que vivieron el desalojo de la acampada de Pla\u00e7a Catalunya el pasado 27 de mayo, present\u00f3 ayer una querella\u00a0 criminal colectiva contra el Conseller d\u2019Interior, Felip Puig,\u00a0 y otros altos cargos gubernamentales y policiales. El colectivo \u201cSom 27 M\u201d ha denunciado la violaci\u00f3n de derechos [&hellip;]","og_url":"https:\/\/www.revistarambla.com\/en\/som-27m-medio-centenar-de-personas-abren-una-querella-criminal-contra-felip-puig\/","og_site_name":"Revista Rambla","article_publisher":"https:\/\/www.facebook.com\/revistarambla\/","article_published_time":"2011-10-14T13:09:36+00:00","article_modified_time":"2021-12-10T15:38:38+00:00","og_image":[{"width":1240,"height":1754,"url":"https:\/\/www.revistarambla.com\/wp-content\/uploads\/2011\/10\/felip_al_tsj-02.jpg","type":"image\/jpeg"}],"author":"Elena Fern\u00e1ndez Mart\u00ednez","twitter_card":"summary_large_image","twitter_creator":"@revistarambla","twitter_site":"@revistarambla","twitter_misc":{"Written by":"Elena Fern\u00e1ndez Mart\u00ednez","Estimated reading time":"4 minutes"},"schema":{"@context":"https:\/\/schema.org","@graph":[{"@type":"Article","@id":"https:\/\/www.revistarambla.com\/som-27m-medio-centenar-de-personas-abren-una-querella-criminal-contra-felip-puig\/#article","isPartOf":{"@id":"https:\/\/www.revistarambla.com\/som-27m-medio-centenar-de-personas-abren-una-querella-criminal-contra-felip-puig\/"},"author":{"name":"Elena Fern\u00e1ndez Mart\u00ednez","@id":"https:\/\/www.revistarambla.com\/#\/schema\/person\/044b43a8aa317042559e094f7deaf33c"},"headline":"&#8216;Som 27-M&#8217;: medio centenar de personas abren una querella criminal contra Felip Puig","datePublished":"2011-10-14T13:09:36+00:00","dateModified":"2021-12-10T15:38:38+00:00","mainEntityOfPage":{"@id":"https:\/\/www.revistarambla.com\/som-27m-medio-centenar-de-personas-abren-una-querella-criminal-contra-felip-puig\/"},"wordCount":932,"commentCount":0,"publisher":{"@id":"https:\/\/www.revistarambla.com\/#organization"},"image":{"@id":"https:\/\/www.revistarambla.com\/som-27m-medio-centenar-de-personas-abren-una-querella-criminal-contra-felip-puig\/#primaryimage"},"thumbnailUrl":"https:\/\/www.revistarambla.com\/wp-content\/uploads\/2011\/10\/felip_al_tsj-02.jpg","articleSection":["Actualidad","Catalunya"],"inLanguage":"en-GB","potentialAction":[{"@type":"CommentAction","name":"Comment","target":["https:\/\/www.revistarambla.com\/som-27m-medio-centenar-de-personas-abren-una-querella-criminal-contra-felip-puig\/#respond"]}]},{"@type":"WebPage","@id":"https:\/\/www.revistarambla.com\/som-27m-medio-centenar-de-personas-abren-una-querella-criminal-contra-felip-puig\/","url":"https:\/\/www.revistarambla.com\/som-27m-medio-centenar-de-personas-abren-una-querella-criminal-contra-felip-puig\/","name":"'Som 27-M': medio centenar de personas abren una querella criminal contra Felip Puig - Revista Rambla","isPartOf":{"@id":"https:\/\/www.revistarambla.com\/#website"},"primaryImageOfPage":{"@id":"https:\/\/www.revistarambla.com\/som-27m-medio-centenar-de-personas-abren-una-querella-criminal-contra-felip-puig\/#primaryimage"},"image":{"@id":"https:\/\/www.revistarambla.com\/som-27m-medio-centenar-de-personas-abren-una-querella-criminal-contra-felip-puig\/#primaryimage"},"thumbnailUrl":"https:\/\/www.revistarambla.com\/wp-content\/uploads\/2011\/10\/felip_al_tsj-02.jpg","datePublished":"2011-10-14T13:09:36+00:00","dateModified":"2021-12-10T15:38:38+00:00","breadcrumb":{"@id":"https:\/\/www.revistarambla.com\/som-27m-medio-centenar-de-personas-abren-una-querella-criminal-contra-felip-puig\/#breadcrumb"},"inLanguage":"en-GB","potentialAction":[{"@type":"ReadAction","target":["https:\/\/www.revistarambla.com\/som-27m-medio-centenar-de-personas-abren-una-querella-criminal-contra-felip-puig\/"]}]},{"@type":"ImageObject","inLanguage":"en-GB","@id":"https:\/\/www.revistarambla.com\/som-27m-medio-centenar-de-personas-abren-una-querella-criminal-contra-felip-puig\/#primaryimage","url":"https:\/\/www.revistarambla.com\/wp-content\/uploads\/2011\/10\/felip_al_tsj-02.jpg","contentUrl":"https:\/\/www.revistarambla.com\/wp-content\/uploads\/2011\/10\/felip_al_tsj-02.jpg","width":1240,"height":1754},{"@type":"BreadcrumbList","@id":"https:\/\/www.revistarambla.com\/som-27m-medio-centenar-de-personas-abren-una-querella-criminal-contra-felip-puig\/#breadcrumb","itemListElement":[{"@type":"ListItem","position":1,"name":"Portada","item":"https:\/\/www.revistarambla.com\/"},{"@type":"ListItem","position":2,"name":"&#8216;Som 27-M&#8217;: medio centenar de personas abren una querella criminal contra Felip Puig"}]},{"@type":"WebSite","@id":"https:\/\/www.revistarambla.com\/#website","url":"https:\/\/www.revistarambla.com\/","name":"Revista Rambla Barcelona","description":"Periodismo independiente","publisher":{"@id":"https:\/\/www.revistarambla.com\/#organization"},"potentialAction":[{"@type":"SearchAction","target":{"@type":"EntryPoint","urlTemplate":"https:\/\/www.revistarambla.com\/?s={search_term_string}"},"query-input":{"@type":"PropertyValueSpecification","valueRequired":true,"valueName":"search_term_string"}}],"inLanguage":"en-GB"},{"@type":"Organization","@id":"https:\/\/www.revistarambla.com\/#organization","name":"Revista Rambla","url":"https:\/\/www.revistarambla.com\/","logo":{"@type":"ImageObject","inLanguage":"en-GB","@id":"https:\/\/www.revistarambla.com\/#\/schema\/logo\/image\/","url":"https:\/\/www.revistarambla.com\/wp-content\/uploads\/2020\/09\/banner_rambla_1900x600_BB.png","contentUrl":"https:\/\/www.revistarambla.com\/wp-content\/uploads\/2020\/09\/banner_rambla_1900x600_BB.png","width":1900,"height":600,"caption":"Revista Rambla"},"image":{"@id":"https:\/\/www.revistarambla.com\/#\/schema\/logo\/image\/"},"sameAs":["https:\/\/www.facebook.com\/revistarambla\/","https:\/\/x.com\/revistarambla","https:\/\/www.instagram.com\/revista_rambla","https:\/\/es.linkedin.com\/company\/revista-rambla"]},{"@type":"Person","@id":"https:\/\/www.revistarambla.com\/#\/schema\/person\/044b43a8aa317042559e094f7deaf33c","name":"Elena Fern\u00e1ndez Mart\u00ednez","description":"Periodista \/ Corresponsal Londres."}]}},"_links":{"self":[{"href":"https:\/\/www.revistarambla.com\/en\/wp-json\/wp\/v2\/posts\/1190","targetHints":{"allow":["GET"]}}],"collection":[{"href":"https:\/\/www.revistarambla.com\/en\/wp-json\/wp\/v2\/posts"}],"about":[{"href":"https:\/\/www.revistarambla.com\/en\/wp-json\/wp\/v2\/types\/post"}],"author":[{"embeddable":true,"href":"https:\/\/www.revistarambla.com\/en\/wp-json\/wp\/v2\/users\/51"}],"replies":[{"embeddable":true,"href":"https:\/\/www.revistarambla.com\/en\/wp-json\/wp\/v2\/comments?post=1190"}],"version-history":[{"count":0,"href":"https:\/\/www.revistarambla.com\/en\/wp-json\/wp\/v2\/posts\/1190\/revisions"}],"wp:featuredmedia":[{"embeddable":true,"href":"https:\/\/www.revistarambla.com\/en\/wp-json\/wp\/v2\/media\/31507"}],"wp:attachment":[{"href":"https:\/\/www.revistarambla.com\/en\/wp-json\/wp\/v2\/media?parent=1190"}],"wp:term":[{"taxonomy":"category","embeddable":true,"href":"https:\/\/www.revistarambla.com\/en\/wp-json\/wp\/v2\/categories?post=1190"},{"taxonomy":"post_tag","embeddable":true,"href":"https:\/\/www.revistarambla.com\/en\/wp-json\/wp\/v2\/tags?post=1190"}],"curies":[{"name":"wp","href":"https:\/\/api.w.org\/{rel}","templated":true}]}}