{"id":11893,"date":"2017-03-09T16:31:07","date_gmt":"2017-03-09T14:31:07","guid":{"rendered":"https:\/\/www.revistarambla.com\/?p=11893"},"modified":"2021-04-02T21:16:00","modified_gmt":"2021-04-02T19:16:00","slug":"comunidad-educativa-contra-la-lomce","status":"publish","type":"post","link":"https:\/\/www.revistarambla.com\/en\/comunidad-educativa-contra-la-lomce\/","title":{"rendered":"Comunidad Educativa contra la Lomce"},"content":{"rendered":"<p><strong>M\u00e1s de 2.000 personas, unas 3.000 seg\u00fan los organizadores, la mayor\u00eda estudiantes de secundaria y universitarios y profesores, se han manifestado este jueves al mediod\u00eda en Barcelona en una protesta convocada por la Plataforma Estatal por la Escuela P\u00fablica\u00a0por todas las organizaciones del Marco Unitario de la Comunidad Educativa (MUCE) contra la Lomce y los recortes en educaci\u00f3n.<\/strong><!--more--><\/p>\n<p><img decoding=\"async\" class=\"aligncenter size-full wp-image-11879\" src=\"https:\/\/www.revistarambla.com\/wp-content\/uploads\/2017\/03\/mani-02.jpg\" alt=\"\" width=\"1181\" height=\"607\" srcset=\"https:\/\/www.revistarambla.com\/wp-content\/uploads\/2017\/03\/mani-02.jpg 1181w, https:\/\/www.revistarambla.com\/wp-content\/uploads\/2017\/03\/mani-02-300x154.jpg 300w, https:\/\/www.revistarambla.com\/wp-content\/uploads\/2017\/03\/mani-02-768x395.jpg 768w, https:\/\/www.revistarambla.com\/wp-content\/uploads\/2017\/03\/mani-02-1024x526.jpg 1024w, https:\/\/www.revistarambla.com\/wp-content\/uploads\/2017\/03\/mani-02-500x257.jpg 500w\" sizes=\"(max-width: 1181px) 100vw, 1181px\" \/><\/p>\n<p>Una pancarta con el lema \u00abPor la cohesi\u00f3n social, ni la Lomce ni recortes\u00bb ha encabezado la manifestaci\u00f3n que ha salido al mediod\u00eda de la plaza Universidad y ha acabado ante la Delegaci\u00f3n del Gobierno, en la calle Mallorca. La marcha ha transcurrido sin incidencias y con un marcado tono festivo y reivindicativo.<\/p>\n<p>\u00abQueremos la derogaci\u00f3n de la Lomce porque recentralizar, privatiza y con las escuelas concertadas segrega a los alumnos por clase social\u00bb, dijo Ramon Font, portavoz nacional del sindicato USTEC-STEs. Y ha a\u00f1adido: \u00abEl proyecto social que hay detr\u00e1s de la Lomce es muy parecido al de la LEC\u00bb.<\/p>\n<p>Miguel Gonz\u00e1lez, secretario general educaci\u00f3n del sindicato CGT, considera que \u00abhay una coincidencia en el contenido ideol\u00f3gico de las dos leyes y en la aplicaci\u00f3n de los recortes\u00bb. \u00abLas dos apoyan el modelo concertado y otorgan menos poder a los consejos escolares en favor de la direcci\u00f3n de los centros\u00bb, a\u00f1adi\u00f3.<\/p>\n<p>Estudiantes, profesores y comunidad educativa han coreado consignas como \u00abni Lomce ni LEC ni ning\u00fan recorte\u00bb o \u00abde la cuna a la universidad, la escuela la queremos p\u00fablica y de calidad\u00bb. Los manifestantes tambi\u00e9n han pegado carteles reivindicativos en la sede del Consorcio de Educaci\u00f3n de la plaza Urquinaona.<\/p>","protected":false},"excerpt":{"rendered":"<p>M\u00e1s de 2.000 personas, unas 3.000 seg\u00fan los organizadores, la mayor\u00eda estudiantes de secundaria y universitarios y profesores, se han manifestado este jueves al mediod\u00eda en Barcelona en una protesta convocada por la Plataforma Estatal por la Escuela P\u00fablica\u00a0por todas las organizaciones del Marco Unitario de la Comunidad Educativa (MUCE) [&hellip;]<\/p>\n","protected":false},"author":3,"featured_media":11878,"comment_status":"open","ping_status":"open","sticky":false,"template":"","format":"standard","meta":{"footnotes":""},"categories":[3,58],"tags":[],"class_list":["post-11893","post","type-post","status-publish","format-standard","has-post-thumbnail","hentry","category-actualidad","category-estado-espanol"],"yoast_head":"<!-- This site is optimized with the Yoast SEO plugin v27.5 - https:\/\/yoast.com\/product\/yoast-seo-wordpress\/ -->\n<title>Comunidad Educativa contra la Lomce - Revista Rambla<\/title>\n<meta name=\"robots\" content=\"index, follow, max-snippet:-1, max-image-preview:large, max-video-preview:-1\" \/>\n<link rel=\"canonical\" href=\"https:\/\/www.revistarambla.com\/en\/comunidad-educativa-contra-la-lomce\/\" \/>\n<meta property=\"og:locale\" content=\"en_GB\" \/>\n<meta property=\"og:type\" content=\"article\" \/>\n<meta property=\"og:title\" content=\"Comunidad Educativa contra la Lomce - Revista Rambla\" \/>\n<meta property=\"og:description\" content=\"M\u00e1s de 2.000 personas, unas 3.000 seg\u00fan los organizadores, la mayor\u00eda estudiantes de secundaria y universitarios y profesores, se han manifestado este jueves al mediod\u00eda en Barcelona en una protesta convocada por la Plataforma Estatal por la Escuela P\u00fablica\u00a0por todas las organizaciones del Marco Unitario de la Comunidad Educativa (MUCE) [&hellip;]\" \/>\n<meta property=\"og:url\" content=\"https:\/\/www.revistarambla.com\/en\/comunidad-educativa-contra-la-lomce\/\" \/>\n<meta property=\"og:site_name\" content=\"Revista Rambla\" \/>\n<meta property=\"article:publisher\" content=\"https:\/\/www.facebook.com\/revistarambla\/\" \/>\n<meta property=\"article:author\" content=\"https:\/\/www.facebook.com\/revistarambla\" \/>\n<meta property=\"article:published_time\" content=\"2017-03-09T14:31:07+00:00\" \/>\n<meta property=\"article:modified_time\" content=\"2021-04-02T19:16:00+00:00\" \/>\n<meta property=\"og:image\" content=\"https:\/\/i2.wp.com\/www.revistarambla.com\/wp-content\/uploads\/2017\/03\/mani-01.jpg?fit=914%2C610&ssl=1\" \/>\n\t<meta property=\"og:image:width\" content=\"914\" \/>\n\t<meta property=\"og:image:height\" content=\"610\" \/>\n\t<meta property=\"og:image:type\" content=\"image\/jpeg\" \/>\n<meta name=\"author\" content=\"R@mbla\" \/>\n<meta name=\"twitter:card\" content=\"summary_large_image\" \/>\n<meta name=\"twitter:creator\" content=\"@revistarambla\" \/>\n<meta name=\"twitter:site\" content=\"@revistarambla\" \/>\n<meta name=\"twitter:label1\" content=\"Written by\" \/>\n\t<meta name=\"twitter:data1\" content=\"R@mbla\" \/>\n\t<meta name=\"twitter:label2\" content=\"Estimated reading time\" \/>\n\t<meta name=\"twitter:data2\" content=\"2 minutes\" \/>\n<script type=\"application\/ld+json\" class=\"yoast-schema-graph\">{\"@context\":\"https:\\\/\\\/schema.org\",\"@graph\":[{\"@type\":\"Article\",\"@id\":\"https:\\\/\\\/www.revistarambla.com\\\/comunidad-educativa-contra-la-lomce\\\/#article\",\"isPartOf\":{\"@id\":\"https:\\\/\\\/www.revistarambla.com\\\/comunidad-educativa-contra-la-lomce\\\/\"},\"author\":{\"name\":\"R@mbla\",\"@id\":\"https:\\\/\\\/www.revistarambla.com\\\/#\\\/schema\\\/person\\\/a146a5a2550b94981a75131180e1bd9c\"},\"headline\":\"Comunidad Educativa contra la Lomce\",\"datePublished\":\"2017-03-09T14:31:07+00:00\",\"dateModified\":\"2021-04-02T19:16:00+00:00\",\"mainEntityOfPage\":{\"@id\":\"https:\\\/\\\/www.revistarambla.com\\\/comunidad-educativa-contra-la-lomce\\\/\"},\"wordCount\":286,\"commentCount\":0,\"publisher\":{\"@id\":\"https:\\\/\\\/www.revistarambla.com\\\/#organization\"},\"image\":{\"@id\":\"https:\\\/\\\/www.revistarambla.com\\\/comunidad-educativa-contra-la-lomce\\\/#primaryimage\"},\"thumbnailUrl\":\"https:\\\/\\\/www.revistarambla.com\\\/wp-content\\\/uploads\\\/2017\\\/03\\\/mani-01.jpg\",\"articleSection\":[\"Actualidad\",\"Estado Espa\u00f1ol\"],\"inLanguage\":\"en-GB\",\"potentialAction\":[{\"@type\":\"CommentAction\",\"name\":\"Comment\",\"target\":[\"https:\\\/\\\/www.revistarambla.com\\\/comunidad-educativa-contra-la-lomce\\\/#respond\"]}]},{\"@type\":\"WebPage\",\"@id\":\"https:\\\/\\\/www.revistarambla.com\\\/comunidad-educativa-contra-la-lomce\\\/\",\"url\":\"https:\\\/\\\/www.revistarambla.com\\\/comunidad-educativa-contra-la-lomce\\\/\",\"name\":\"Comunidad Educativa contra la Lomce - Revista Rambla\",\"isPartOf\":{\"@id\":\"https:\\\/\\\/www.revistarambla.com\\\/#website\"},\"primaryImageOfPage\":{\"@id\":\"https:\\\/\\\/www.revistarambla.com\\\/comunidad-educativa-contra-la-lomce\\\/#primaryimage\"},\"image\":{\"@id\":\"https:\\\/\\\/www.revistarambla.com\\\/comunidad-educativa-contra-la-lomce\\\/#primaryimage\"},\"thumbnailUrl\":\"https:\\\/\\\/www.revistarambla.com\\\/wp-content\\\/uploads\\\/2017\\\/03\\\/mani-01.jpg\",\"datePublished\":\"2017-03-09T14:31:07+00:00\",\"dateModified\":\"2021-04-02T19:16:00+00:00\",\"breadcrumb\":{\"@id\":\"https:\\\/\\\/www.revistarambla.com\\\/comunidad-educativa-contra-la-lomce\\\/#breadcrumb\"},\"inLanguage\":\"en-GB\",\"potentialAction\":[{\"@type\":\"ReadAction\",\"target\":[\"https:\\\/\\\/www.revistarambla.com\\\/comunidad-educativa-contra-la-lomce\\\/\"]}]},{\"@type\":\"ImageObject\",\"inLanguage\":\"en-GB\",\"@id\":\"https:\\\/\\\/www.revistarambla.com\\\/comunidad-educativa-contra-la-lomce\\\/#primaryimage\",\"url\":\"https:\\\/\\\/www.revistarambla.com\\\/wp-content\\\/uploads\\\/2017\\\/03\\\/mani-01.jpg\",\"contentUrl\":\"https:\\\/\\\/www.revistarambla.com\\\/wp-content\\\/uploads\\\/2017\\\/03\\\/mani-01.jpg\",\"width\":914,\"height\":610},{\"@type\":\"BreadcrumbList\",\"@id\":\"https:\\\/\\\/www.revistarambla.com\\\/comunidad-educativa-contra-la-lomce\\\/#breadcrumb\",\"itemListElement\":[{\"@type\":\"ListItem\",\"position\":1,\"name\":\"Portada\",\"item\":\"https:\\\/\\\/www.revistarambla.com\\\/\"},{\"@type\":\"ListItem\",\"position\":2,\"name\":\"Comunidad Educativa contra la Lomce\"}]},{\"@type\":\"WebSite\",\"@id\":\"https:\\\/\\\/www.revistarambla.com\\\/#website\",\"url\":\"https:\\\/\\\/www.revistarambla.com\\\/\",\"name\":\"Revista Rambla Barcelona\",\"description\":\"Periodismo independiente\",\"publisher\":{\"@id\":\"https:\\\/\\\/www.revistarambla.com\\\/#organization\"},\"potentialAction\":[{\"@type\":\"SearchAction\",\"target\":{\"@type\":\"EntryPoint\",\"urlTemplate\":\"https:\\\/\\\/www.revistarambla.com\\\/?s={search_term_string}\"},\"query-input\":{\"@type\":\"PropertyValueSpecification\",\"valueRequired\":true,\"valueName\":\"search_term_string\"}}],\"inLanguage\":\"en-GB\"},{\"@type\":\"Organization\",\"@id\":\"https:\\\/\\\/www.revistarambla.com\\\/#organization\",\"name\":\"Revista Rambla\",\"url\":\"https:\\\/\\\/www.revistarambla.com\\\/\",\"logo\":{\"@type\":\"ImageObject\",\"inLanguage\":\"en-GB\",\"@id\":\"https:\\\/\\\/www.revistarambla.com\\\/#\\\/schema\\\/logo\\\/image\\\/\",\"url\":\"https:\\\/\\\/www.revistarambla.com\\\/wp-content\\\/uploads\\\/2020\\\/09\\\/banner_rambla_1900x600_BB.png\",\"contentUrl\":\"https:\\\/\\\/www.revistarambla.com\\\/wp-content\\\/uploads\\\/2020\\\/09\\\/banner_rambla_1900x600_BB.png\",\"width\":1900,\"height\":600,\"caption\":\"Revista Rambla\"},\"image\":{\"@id\":\"https:\\\/\\\/www.revistarambla.com\\\/#\\\/schema\\\/logo\\\/image\\\/\"},\"sameAs\":[\"https:\\\/\\\/www.facebook.com\\\/revistarambla\\\/\",\"https:\\\/\\\/x.com\\\/revistarambla\",\"https:\\\/\\\/www.instagram.com\\\/revista_rambla\",\"https:\\\/\\\/es.linkedin.com\\\/company\\\/revista-rambla\"]},{\"@type\":\"Person\",\"@id\":\"https:\\\/\\\/www.revistarambla.com\\\/#\\\/schema\\\/person\\\/a146a5a2550b94981a75131180e1bd9c\",\"name\":\"R@mbla\",\"description\":\"Este art\u00edculo ha sido redactado y\\\/o validado por el equipo de redacci\u00f3n de Revista Rambla.\",\"sameAs\":[\"https:\\\/\\\/www.revistarambla.com\\\/\",\"https:\\\/\\\/www.facebook.com\\\/revistarambla\",\"https:\\\/\\\/x.com\\\/revistarambla\"]}]}<\/script>\n<!-- \/ Yoast SEO plugin. -->","yoast_head_json":{"title":"Comunidad Educativa contra la Lomce - Revista Rambla","robots":{"index":"index","follow":"follow","max-snippet":"max-snippet:-1","max-image-preview":"max-image-preview:large","max-video-preview":"max-video-preview:-1"},"canonical":"https:\/\/www.revistarambla.com\/en\/comunidad-educativa-contra-la-lomce\/","og_locale":"en_GB","og_type":"article","og_title":"Comunidad Educativa contra la Lomce - Revista Rambla","og_description":"M\u00e1s de 2.000 personas, unas 3.000 seg\u00fan los organizadores, la mayor\u00eda estudiantes de secundaria y universitarios y profesores, se han manifestado este jueves al mediod\u00eda en Barcelona en una protesta convocada por la Plataforma Estatal por la Escuela P\u00fablica\u00a0por todas las organizaciones del Marco Unitario de la Comunidad Educativa (MUCE) [&hellip;]","og_url":"https:\/\/www.revistarambla.com\/en\/comunidad-educativa-contra-la-lomce\/","og_site_name":"Revista Rambla","article_publisher":"https:\/\/www.facebook.com\/revistarambla\/","article_author":"https:\/\/www.facebook.com\/revistarambla","article_published_time":"2017-03-09T14:31:07+00:00","article_modified_time":"2021-04-02T19:16:00+00:00","og_image":[{"width":914,"height":610,"url":"https:\/\/i2.wp.com\/www.revistarambla.com\/wp-content\/uploads\/2017\/03\/mani-01.jpg?fit=914%2C610&ssl=1","type":"image\/jpeg"}],"author":"R@mbla","twitter_card":"summary_large_image","twitter_creator":"@revistarambla","twitter_site":"@revistarambla","twitter_misc":{"Written by":"R@mbla","Estimated reading time":"2 minutes"},"schema":{"@context":"https:\/\/schema.org","@graph":[{"@type":"Article","@id":"https:\/\/www.revistarambla.com\/comunidad-educativa-contra-la-lomce\/#article","isPartOf":{"@id":"https:\/\/www.revistarambla.com\/comunidad-educativa-contra-la-lomce\/"},"author":{"name":"R@mbla","@id":"https:\/\/www.revistarambla.com\/#\/schema\/person\/a146a5a2550b94981a75131180e1bd9c"},"headline":"Comunidad Educativa contra la Lomce","datePublished":"2017-03-09T14:31:07+00:00","dateModified":"2021-04-02T19:16:00+00:00","mainEntityOfPage":{"@id":"https:\/\/www.revistarambla.com\/comunidad-educativa-contra-la-lomce\/"},"wordCount":286,"commentCount":0,"publisher":{"@id":"https:\/\/www.revistarambla.com\/#organization"},"image":{"@id":"https:\/\/www.revistarambla.com\/comunidad-educativa-contra-la-lomce\/#primaryimage"},"thumbnailUrl":"https:\/\/www.revistarambla.com\/wp-content\/uploads\/2017\/03\/mani-01.jpg","articleSection":["Actualidad","Estado Espa\u00f1ol"],"inLanguage":"en-GB","potentialAction":[{"@type":"CommentAction","name":"Comment","target":["https:\/\/www.revistarambla.com\/comunidad-educativa-contra-la-lomce\/#respond"]}]},{"@type":"WebPage","@id":"https:\/\/www.revistarambla.com\/comunidad-educativa-contra-la-lomce\/","url":"https:\/\/www.revistarambla.com\/comunidad-educativa-contra-la-lomce\/","name":"Comunidad Educativa contra la Lomce - Revista Rambla","isPartOf":{"@id":"https:\/\/www.revistarambla.com\/#website"},"primaryImageOfPage":{"@id":"https:\/\/www.revistarambla.com\/comunidad-educativa-contra-la-lomce\/#primaryimage"},"image":{"@id":"https:\/\/www.revistarambla.com\/comunidad-educativa-contra-la-lomce\/#primaryimage"},"thumbnailUrl":"https:\/\/www.revistarambla.com\/wp-content\/uploads\/2017\/03\/mani-01.jpg","datePublished":"2017-03-09T14:31:07+00:00","dateModified":"2021-04-02T19:16:00+00:00","breadcrumb":{"@id":"https:\/\/www.revistarambla.com\/comunidad-educativa-contra-la-lomce\/#breadcrumb"},"inLanguage":"en-GB","potentialAction":[{"@type":"ReadAction","target":["https:\/\/www.revistarambla.com\/comunidad-educativa-contra-la-lomce\/"]}]},{"@type":"ImageObject","inLanguage":"en-GB","@id":"https:\/\/www.revistarambla.com\/comunidad-educativa-contra-la-lomce\/#primaryimage","url":"https:\/\/www.revistarambla.com\/wp-content\/uploads\/2017\/03\/mani-01.jpg","contentUrl":"https:\/\/www.revistarambla.com\/wp-content\/uploads\/2017\/03\/mani-01.jpg","width":914,"height":610},{"@type":"BreadcrumbList","@id":"https:\/\/www.revistarambla.com\/comunidad-educativa-contra-la-lomce\/#breadcrumb","itemListElement":[{"@type":"ListItem","position":1,"name":"Portada","item":"https:\/\/www.revistarambla.com\/"},{"@type":"ListItem","position":2,"name":"Comunidad Educativa contra la Lomce"}]},{"@type":"WebSite","@id":"https:\/\/www.revistarambla.com\/#website","url":"https:\/\/www.revistarambla.com\/","name":"Revista Rambla Barcelona","description":"Periodismo independiente","publisher":{"@id":"https:\/\/www.revistarambla.com\/#organization"},"potentialAction":[{"@type":"SearchAction","target":{"@type":"EntryPoint","urlTemplate":"https:\/\/www.revistarambla.com\/?s={search_term_string}"},"query-input":{"@type":"PropertyValueSpecification","valueRequired":true,"valueName":"search_term_string"}}],"inLanguage":"en-GB"},{"@type":"Organization","@id":"https:\/\/www.revistarambla.com\/#organization","name":"Revista Rambla","url":"https:\/\/www.revistarambla.com\/","logo":{"@type":"ImageObject","inLanguage":"en-GB","@id":"https:\/\/www.revistarambla.com\/#\/schema\/logo\/image\/","url":"https:\/\/www.revistarambla.com\/wp-content\/uploads\/2020\/09\/banner_rambla_1900x600_BB.png","contentUrl":"https:\/\/www.revistarambla.com\/wp-content\/uploads\/2020\/09\/banner_rambla_1900x600_BB.png","width":1900,"height":600,"caption":"Revista Rambla"},"image":{"@id":"https:\/\/www.revistarambla.com\/#\/schema\/logo\/image\/"},"sameAs":["https:\/\/www.facebook.com\/revistarambla\/","https:\/\/x.com\/revistarambla","https:\/\/www.instagram.com\/revista_rambla","https:\/\/es.linkedin.com\/company\/revista-rambla"]},{"@type":"Person","@id":"https:\/\/www.revistarambla.com\/#\/schema\/person\/a146a5a2550b94981a75131180e1bd9c","name":"R@mbla","description":"Este art\u00edculo ha sido redactado y\/o validado por el equipo de redacci\u00f3n de Revista Rambla.","sameAs":["https:\/\/www.revistarambla.com\/","https:\/\/www.facebook.com\/revistarambla","https:\/\/x.com\/revistarambla"]}]}},"_links":{"self":[{"href":"https:\/\/www.revistarambla.com\/en\/wp-json\/wp\/v2\/posts\/11893","targetHints":{"allow":["GET"]}}],"collection":[{"href":"https:\/\/www.revistarambla.com\/en\/wp-json\/wp\/v2\/posts"}],"about":[{"href":"https:\/\/www.revistarambla.com\/en\/wp-json\/wp\/v2\/types\/post"}],"author":[{"embeddable":true,"href":"https:\/\/www.revistarambla.com\/en\/wp-json\/wp\/v2\/users\/3"}],"replies":[{"embeddable":true,"href":"https:\/\/www.revistarambla.com\/en\/wp-json\/wp\/v2\/comments?post=11893"}],"version-history":[{"count":0,"href":"https:\/\/www.revistarambla.com\/en\/wp-json\/wp\/v2\/posts\/11893\/revisions"}],"wp:featuredmedia":[{"embeddable":true,"href":"https:\/\/www.revistarambla.com\/en\/wp-json\/wp\/v2\/media\/11878"}],"wp:attachment":[{"href":"https:\/\/www.revistarambla.com\/en\/wp-json\/wp\/v2\/media?parent=11893"}],"wp:term":[{"taxonomy":"category","embeddable":true,"href":"https:\/\/www.revistarambla.com\/en\/wp-json\/wp\/v2\/categories?post=11893"},{"taxonomy":"post_tag","embeddable":true,"href":"https:\/\/www.revistarambla.com\/en\/wp-json\/wp\/v2\/tags?post=11893"}],"curies":[{"name":"wp","href":"https:\/\/api.w.org\/{rel}","templated":true}]}}