{"id":1184,"date":"2011-10-11T10:12:04","date_gmt":"2011-10-11T08:12:04","guid":{"rendered":"https:\/\/www.revistarambla.com\/coscubiela-y-ortiz-icv-denuncian-que-ciu-no-ha-presentado-los-presupuestos-de-2012\/"},"modified":"2021-12-10T16:38:59","modified_gmt":"2021-12-10T15:38:59","slug":"coscubiela-y-ortiz-icv-denuncian-que-ciu-no-ha-presentado-los-presupuestos-de-2012","status":"publish","type":"post","link":"https:\/\/www.revistarambla.com\/en\/coscubiela-y-ortiz-icv-denuncian-que-ciu-no-ha-presentado-los-presupuestos-de-2012\/","title":{"rendered":"Coscubiela y Ortiz (ICV) denuncian que CiU no ha presentado los presupuestos de 2012"},"content":{"rendered":"<p><img decoding=\"async\" class=\"wp-image-31494 alignright\" src=\"https:\/\/www.revistarambla.com\/wp-content\/uploads\/2011\/10\/1388062704336laia-ortiz-joan-coscubiela_det-300x225.jpg\" alt=\"\" width=\"376\" height=\"282\" srcset=\"https:\/\/www.revistarambla.com\/wp-content\/uploads\/2011\/10\/1388062704336laia-ortiz-joan-coscubiela_det-300x225.jpg 300w, https:\/\/www.revistarambla.com\/wp-content\/uploads\/2011\/10\/1388062704336laia-ortiz-joan-coscubiela_det.jpg 400w\" sizes=\"(max-width: 376px) 100vw, 376px\" \/>Joan Coscubiela, candidato de <em>Iniciativa per Catalunya Verds <\/em>para las pr\u00f3ximas elecciones generales, ha comparecido hoy en rueda de prensa junto a la\u00a0 vicepresidenta y portavoz de la formaci\u00f3n, Laia Ortiz. Ambos han dirigido duras cr\u00edticas al gobierno de Converg\u00e8ncia i Uni\u00f3 en sus respectivas intervenciones.<\/p>\n<p><span data-scayt_word=\"Ortiz\" data-scaytid=\"3\">Ortiz<\/span>\u00a0 ha denunciado la demora injustificada en la presentaci\u00f3n de los presupuestos generales para el\u00a0 2012 por parte del Gobierno. Seg\u00fan la portavoz, el ejecutivo ha superado la fecha l\u00edmite para la entrega, lo que supone un incumplimiento de la Ley de presupuestos y un grave impedimento para poder realizar el debate parlamentario como corresponde. Tambi\u00e9n ha remarcado que con esta actitud se deja de manifiesto el autoritarismo y despotismo de <span data-scayt_word=\"CIU\" data-scaytid=\"10\">CIU<\/span>, al que ha calificado como \u201cun gobierno prepotente que no escucha\u201d.<\/p>\n<p>Adem\u00e1s la vicepresidenta ha denunciado que <span data-scayt_word=\"CIU\" data-scaytid=\"11\">CIU<\/span> pretende esconder la verdad del presupuesto hasta el d\u00eda de las elecciones. <span data-scayt_word=\"Ortiz\" data-scaytid=\"13\">Ortiz<\/span> ha asegurado que la gente est\u00e1 harta de los recortes y que el cansancio se empieza a notar en la sociedad. Seg\u00fan la portavoz, <span data-scayt_word=\"CIU\" data-scaytid=\"12\">CIU<\/span> quiere paralizar el debate i esconder\u00a0 su hoja de ruta para el pr\u00f3ximo a\u00f1o hasta el 20-N, ya que prev\u00e9 que la l\u00ednea va a seguir siendo la de rebajar las partidas destinadas a servicios sociales: \u201cno entendemos que un gobierno pueda secuestrar unos presupuestos por intereses de su propio partido\u201d.<\/p>\n<p>Por su parte, <span data-scayt_word=\"Joan\" data-scaytid=\"14\">Joan<\/span> <span data-scayt_word=\"Coscubiela\" data-scaytid=\"15\">Coscubiela<\/span> ha valorado las pol\u00e9micas declaraciones de Duran i <span data-scayt_word=\"Lleida\" data-scaytid=\"16\">Lleida<\/span> sobre el sistema de subsidios en <span data-scayt_word=\"Andaluc\u00eda\" data-scaytid=\"17\">Andaluc\u00eda<\/span>, como una estrategia para desviar la atenci\u00f3n sobre los recortes en servicios sociales de su partido. Adem\u00e1s ha a\u00f1adido que la respuesta de Chac\u00f3n a dichas afirmaciones no es m\u00e1s que un intento de esconder la constante rebaja de grav\u00e1menes (en referencia a la desaparici\u00f3n de los impuestos de patrimonio y sucesiones) que los partidos de ambos han venido haciendo a los m\u00e1s poderosos: \u201cen la pr\u00e1ctica han estado ocho a\u00f1os <span data-scayt_word=\"vaciando\" data-scaytid=\"18\">vaciando<\/span> la caja\u201d.<\/p>\n<p>Respecto a su candidatura, <span data-scayt_word=\"Coscubiela\" data-scaytid=\"19\">Coscubiela<\/span> ha aprovechado la ocasi\u00f3n para presentar uno de los ejes de su programa electoral, coincidiendo con la semana del 15-O. En esta\u00a0 fecha hay convocada una manifestaci\u00f3n\u00a0 global para protestar por la mala gesti\u00f3n de la crisis econ\u00f3mica, y las pol\u00edticas de austeridad. Tras mencionar el clima de malestar ciudadano, el candidato ha lanzado una propuesta basada en el refuerzo de la democracia como forma de participaci\u00f3n de la ciudadan\u00eda: \u201cpasar de una democracia de cada cuatro a\u00f1os, a una democracia de cada d\u00eda, que no sea <span data-scayt_word=\"delegativa\" data-scaytid=\"20\">delegativa<\/span>, que permita una participaci\u00f3n cotidiana, d\u00eda a d\u00eda\u201d.<\/p>\n<p>La idea de <span data-scayt_word=\"ICV\" data-scaytid=\"21\">ICV<\/span> es poner en marcha mecanismos de consulta y <span data-scayt_word=\"refer\u00e9ndums\" data-scaytid=\"22\">refer\u00e9ndums<\/span> que permitan frenar aquellas medidas del gobierno que resulten <span data-scayt_word=\"indeseadas\" data-scaytid=\"23\">indeseadas<\/span>, o impulsar otras necesarias cuando la iniciativa no salga del propio ejecutivo. La propuesta pretende impedir situaciones como la vivida hace poco con la reforma del art\u00edculo 135 de la Constituci\u00f3n Espa\u00f1ola.<\/p>\n<p>Para llevar a cabo todo esto, <span data-scayt_word=\"Coscubiela\" data-scaytid=\"24\">Coscubiela<\/span> cree que ser\u00eda necesaria una nueva ley de <span data-scayt_word=\"refer\u00e9ndums\" data-scaytid=\"25\">refer\u00e9ndums<\/span> que trabaje sobre tres ejes primordiales: el establecimiento de mecanismos para que la ciudadan\u00eda pueda ser un agente activo de la democracia, la ampliaci\u00f3n de la competencia consultiva de las comunidades aut\u00f3nomas para que el gobierno central no puedan vetar su puesta en marcha, y el impulso de\u00a0 la ley de iniciativa legislativa local, ya que resulta un \u00e1mbito m\u00e1s cercano a la poblaci\u00f3n. Para ejemplificar, ha mencionado los casos de Italia y Suiza, donde se consideran los <span data-scayt_word=\"refer\u00e9ndums\" data-scaytid=\"26\">refer\u00e9ndums<\/span> de gran utilidad: \u201cnadie impugna el sistema porque no dejen construir mezquitas, es la opini\u00f3n del pueblo suizo\u201d.<\/p>\n<p><span data-scayt_word=\"Coscubiela\" data-scaytid=\"50\">Coscubiela<\/span> ha se\u00f1alado que, por ejemplo, un 62% de los catalanes\u00a0 estar\u00eda de acuerdo en incrementar los ingresos p\u00fablicos mediante la v\u00eda fiscal para evitar los recortes: \u201cla intenci\u00f3n ser\u00eda conocer la opini\u00f3n de la gente; hacia donde quiere que vayan las pol\u00edticas p\u00fablicas\u201d.<\/p>\n<p>Por \u00faltimo, \u201cel <span data-scayt_word=\"Coscu\u201d\" data-scaytid=\"28\">Coscu\u201d<\/span> (como se <span data-scayt_word=\"autodenomina\" data-scaytid=\"29\">autodenomina<\/span> en su <span data-scayt_word=\"blog\" data-scaytid=\"30\">blog<\/span>) nos ha adelantado que en pocos d\u00edas se van a poner en marcha una serie de consultas sobre su programa pol\u00edtico, a trav\u00e9s de las redes sociales.<\/p>","protected":false},"excerpt":{"rendered":"<p>Joan Coscubiela, candidato de Iniciativa per Catalunya Verds para las pr\u00f3ximas elecciones generales, ha comparecido hoy en rueda de prensa junto a la\u00a0 vicepresidenta y portavoz de la formaci\u00f3n, Laia Ortiz. Ambos han dirigido duras cr\u00edticas al gobierno de Converg\u00e8ncia i Uni\u00f3 en sus respectivas intervenciones. Ortiz\u00a0 ha denunciado la [&hellip;]<\/p>\n","protected":false},"author":51,"featured_media":31494,"comment_status":"open","ping_status":"open","sticky":false,"template":"","format":"standard","meta":{"footnotes":""},"categories":[3,59],"tags":[],"class_list":["post-1184","post","type-post","status-publish","format-standard","has-post-thumbnail","hentry","category-actualidad","category-catalunya"],"yoast_head":"<!-- This site is optimized with the Yoast SEO plugin v27.5 - https:\/\/yoast.com\/product\/yoast-seo-wordpress\/ -->\n<title>Coscubiela y Ortiz (ICV) denuncian que CiU no ha presentado los presupuestos de 2012 - Revista Rambla<\/title>\n<meta name=\"robots\" content=\"index, follow, max-snippet:-1, max-image-preview:large, max-video-preview:-1\" \/>\n<link rel=\"canonical\" href=\"https:\/\/www.revistarambla.com\/en\/coscubiela-y-ortiz-icv-denuncian-que-ciu-no-ha-presentado-los-presupuestos-de-2012\/\" \/>\n<meta property=\"og:locale\" content=\"en_GB\" \/>\n<meta property=\"og:type\" content=\"article\" \/>\n<meta property=\"og:title\" content=\"Coscubiela y Ortiz (ICV) denuncian que CiU no ha presentado los presupuestos de 2012 - Revista Rambla\" \/>\n<meta property=\"og:description\" content=\"Joan Coscubiela, candidato de Iniciativa per Catalunya Verds para las pr\u00f3ximas elecciones generales, ha comparecido hoy en rueda de prensa junto a la\u00a0 vicepresidenta y portavoz de la formaci\u00f3n, Laia Ortiz. Ambos han dirigido duras cr\u00edticas al gobierno de Converg\u00e8ncia i Uni\u00f3 en sus respectivas intervenciones. Ortiz\u00a0 ha denunciado la [&hellip;]\" \/>\n<meta property=\"og:url\" content=\"https:\/\/www.revistarambla.com\/en\/coscubiela-y-ortiz-icv-denuncian-que-ciu-no-ha-presentado-los-presupuestos-de-2012\/\" \/>\n<meta property=\"og:site_name\" content=\"Revista Rambla\" \/>\n<meta property=\"article:publisher\" content=\"https:\/\/www.facebook.com\/revistarambla\/\" \/>\n<meta property=\"article:published_time\" content=\"2011-10-11T08:12:04+00:00\" \/>\n<meta property=\"article:modified_time\" content=\"2021-12-10T15:38:59+00:00\" \/>\n<meta property=\"og:image\" content=\"https:\/\/www.revistarambla.com\/wp-content\/uploads\/2011\/10\/1388062704336laia-ortiz-joan-coscubiela_det.jpg\" \/>\n\t<meta property=\"og:image:width\" content=\"400\" \/>\n\t<meta property=\"og:image:height\" content=\"300\" \/>\n\t<meta property=\"og:image:type\" content=\"image\/jpeg\" \/>\n<meta name=\"author\" content=\"Elena Fern\u00e1ndez Mart\u00ednez\" \/>\n<meta name=\"twitter:card\" content=\"summary_large_image\" \/>\n<meta name=\"twitter:creator\" content=\"@revistarambla\" \/>\n<meta name=\"twitter:site\" content=\"@revistarambla\" \/>\n<meta name=\"twitter:label1\" content=\"Written by\" \/>\n\t<meta name=\"twitter:data1\" content=\"Elena Fern\u00e1ndez Mart\u00ednez\" \/>\n\t<meta name=\"twitter:label2\" content=\"Estimated reading time\" \/>\n\t<meta name=\"twitter:data2\" content=\"4 minutes\" \/>\n<script type=\"application\/ld+json\" class=\"yoast-schema-graph\">{\"@context\":\"https:\\\/\\\/schema.org\",\"@graph\":[{\"@type\":\"Article\",\"@id\":\"https:\\\/\\\/www.revistarambla.com\\\/coscubiela-y-ortiz-icv-denuncian-que-ciu-no-ha-presentado-los-presupuestos-de-2012\\\/#article\",\"isPartOf\":{\"@id\":\"https:\\\/\\\/www.revistarambla.com\\\/coscubiela-y-ortiz-icv-denuncian-que-ciu-no-ha-presentado-los-presupuestos-de-2012\\\/\"},\"author\":{\"name\":\"Elena Fern\u00e1ndez Mart\u00ednez\",\"@id\":\"https:\\\/\\\/www.revistarambla.com\\\/#\\\/schema\\\/person\\\/044b43a8aa317042559e094f7deaf33c\"},\"headline\":\"Coscubiela y Ortiz (ICV) denuncian que CiU no ha presentado los presupuestos de 2012\",\"datePublished\":\"2011-10-11T08:12:04+00:00\",\"dateModified\":\"2021-12-10T15:38:59+00:00\",\"mainEntityOfPage\":{\"@id\":\"https:\\\/\\\/www.revistarambla.com\\\/coscubiela-y-ortiz-icv-denuncian-que-ciu-no-ha-presentado-los-presupuestos-de-2012\\\/\"},\"wordCount\":743,\"commentCount\":0,\"publisher\":{\"@id\":\"https:\\\/\\\/www.revistarambla.com\\\/#organization\"},\"image\":{\"@id\":\"https:\\\/\\\/www.revistarambla.com\\\/coscubiela-y-ortiz-icv-denuncian-que-ciu-no-ha-presentado-los-presupuestos-de-2012\\\/#primaryimage\"},\"thumbnailUrl\":\"https:\\\/\\\/www.revistarambla.com\\\/wp-content\\\/uploads\\\/2011\\\/10\\\/1388062704336laia-ortiz-joan-coscubiela_det.jpg\",\"articleSection\":[\"Actualidad\",\"Catalunya\"],\"inLanguage\":\"en-GB\",\"potentialAction\":[{\"@type\":\"CommentAction\",\"name\":\"Comment\",\"target\":[\"https:\\\/\\\/www.revistarambla.com\\\/coscubiela-y-ortiz-icv-denuncian-que-ciu-no-ha-presentado-los-presupuestos-de-2012\\\/#respond\"]}]},{\"@type\":\"WebPage\",\"@id\":\"https:\\\/\\\/www.revistarambla.com\\\/coscubiela-y-ortiz-icv-denuncian-que-ciu-no-ha-presentado-los-presupuestos-de-2012\\\/\",\"url\":\"https:\\\/\\\/www.revistarambla.com\\\/coscubiela-y-ortiz-icv-denuncian-que-ciu-no-ha-presentado-los-presupuestos-de-2012\\\/\",\"name\":\"Coscubiela y Ortiz (ICV) denuncian que CiU no ha presentado los presupuestos de 2012 - Revista Rambla\",\"isPartOf\":{\"@id\":\"https:\\\/\\\/www.revistarambla.com\\\/#website\"},\"primaryImageOfPage\":{\"@id\":\"https:\\\/\\\/www.revistarambla.com\\\/coscubiela-y-ortiz-icv-denuncian-que-ciu-no-ha-presentado-los-presupuestos-de-2012\\\/#primaryimage\"},\"image\":{\"@id\":\"https:\\\/\\\/www.revistarambla.com\\\/coscubiela-y-ortiz-icv-denuncian-que-ciu-no-ha-presentado-los-presupuestos-de-2012\\\/#primaryimage\"},\"thumbnailUrl\":\"https:\\\/\\\/www.revistarambla.com\\\/wp-content\\\/uploads\\\/2011\\\/10\\\/1388062704336laia-ortiz-joan-coscubiela_det.jpg\",\"datePublished\":\"2011-10-11T08:12:04+00:00\",\"dateModified\":\"2021-12-10T15:38:59+00:00\",\"breadcrumb\":{\"@id\":\"https:\\\/\\\/www.revistarambla.com\\\/coscubiela-y-ortiz-icv-denuncian-que-ciu-no-ha-presentado-los-presupuestos-de-2012\\\/#breadcrumb\"},\"inLanguage\":\"en-GB\",\"potentialAction\":[{\"@type\":\"ReadAction\",\"target\":[\"https:\\\/\\\/www.revistarambla.com\\\/coscubiela-y-ortiz-icv-denuncian-que-ciu-no-ha-presentado-los-presupuestos-de-2012\\\/\"]}]},{\"@type\":\"ImageObject\",\"inLanguage\":\"en-GB\",\"@id\":\"https:\\\/\\\/www.revistarambla.com\\\/coscubiela-y-ortiz-icv-denuncian-que-ciu-no-ha-presentado-los-presupuestos-de-2012\\\/#primaryimage\",\"url\":\"https:\\\/\\\/www.revistarambla.com\\\/wp-content\\\/uploads\\\/2011\\\/10\\\/1388062704336laia-ortiz-joan-coscubiela_det.jpg\",\"contentUrl\":\"https:\\\/\\\/www.revistarambla.com\\\/wp-content\\\/uploads\\\/2011\\\/10\\\/1388062704336laia-ortiz-joan-coscubiela_det.jpg\",\"width\":400,\"height\":300},{\"@type\":\"BreadcrumbList\",\"@id\":\"https:\\\/\\\/www.revistarambla.com\\\/coscubiela-y-ortiz-icv-denuncian-que-ciu-no-ha-presentado-los-presupuestos-de-2012\\\/#breadcrumb\",\"itemListElement\":[{\"@type\":\"ListItem\",\"position\":1,\"name\":\"Portada\",\"item\":\"https:\\\/\\\/www.revistarambla.com\\\/\"},{\"@type\":\"ListItem\",\"position\":2,\"name\":\"Coscubiela y Ortiz (ICV) denuncian que CiU no ha presentado los presupuestos de 2012\"}]},{\"@type\":\"WebSite\",\"@id\":\"https:\\\/\\\/www.revistarambla.com\\\/#website\",\"url\":\"https:\\\/\\\/www.revistarambla.com\\\/\",\"name\":\"Revista Rambla Barcelona\",\"description\":\"Periodismo independiente\",\"publisher\":{\"@id\":\"https:\\\/\\\/www.revistarambla.com\\\/#organization\"},\"potentialAction\":[{\"@type\":\"SearchAction\",\"target\":{\"@type\":\"EntryPoint\",\"urlTemplate\":\"https:\\\/\\\/www.revistarambla.com\\\/?s={search_term_string}\"},\"query-input\":{\"@type\":\"PropertyValueSpecification\",\"valueRequired\":true,\"valueName\":\"search_term_string\"}}],\"inLanguage\":\"en-GB\"},{\"@type\":\"Organization\",\"@id\":\"https:\\\/\\\/www.revistarambla.com\\\/#organization\",\"name\":\"Revista Rambla\",\"url\":\"https:\\\/\\\/www.revistarambla.com\\\/\",\"logo\":{\"@type\":\"ImageObject\",\"inLanguage\":\"en-GB\",\"@id\":\"https:\\\/\\\/www.revistarambla.com\\\/#\\\/schema\\\/logo\\\/image\\\/\",\"url\":\"https:\\\/\\\/www.revistarambla.com\\\/wp-content\\\/uploads\\\/2020\\\/09\\\/banner_rambla_1900x600_BB.png\",\"contentUrl\":\"https:\\\/\\\/www.revistarambla.com\\\/wp-content\\\/uploads\\\/2020\\\/09\\\/banner_rambla_1900x600_BB.png\",\"width\":1900,\"height\":600,\"caption\":\"Revista Rambla\"},\"image\":{\"@id\":\"https:\\\/\\\/www.revistarambla.com\\\/#\\\/schema\\\/logo\\\/image\\\/\"},\"sameAs\":[\"https:\\\/\\\/www.facebook.com\\\/revistarambla\\\/\",\"https:\\\/\\\/x.com\\\/revistarambla\",\"https:\\\/\\\/www.instagram.com\\\/revista_rambla\",\"https:\\\/\\\/es.linkedin.com\\\/company\\\/revista-rambla\"]},{\"@type\":\"Person\",\"@id\":\"https:\\\/\\\/www.revistarambla.com\\\/#\\\/schema\\\/person\\\/044b43a8aa317042559e094f7deaf33c\",\"name\":\"Elena Fern\u00e1ndez Mart\u00ednez\",\"description\":\"Periodista \\\/ Corresponsal Londres.\"}]}<\/script>\n<!-- \/ Yoast SEO plugin. -->","yoast_head_json":{"title":"Coscubiela y Ortiz (ICV) denuncian que CiU no ha presentado los presupuestos de 2012 - Revista Rambla","robots":{"index":"index","follow":"follow","max-snippet":"max-snippet:-1","max-image-preview":"max-image-preview:large","max-video-preview":"max-video-preview:-1"},"canonical":"https:\/\/www.revistarambla.com\/en\/coscubiela-y-ortiz-icv-denuncian-que-ciu-no-ha-presentado-los-presupuestos-de-2012\/","og_locale":"en_GB","og_type":"article","og_title":"Coscubiela y Ortiz (ICV) denuncian que CiU no ha presentado los presupuestos de 2012 - Revista Rambla","og_description":"Joan Coscubiela, candidato de Iniciativa per Catalunya Verds para las pr\u00f3ximas elecciones generales, ha comparecido hoy en rueda de prensa junto a la\u00a0 vicepresidenta y portavoz de la formaci\u00f3n, Laia Ortiz. Ambos han dirigido duras cr\u00edticas al gobierno de Converg\u00e8ncia i Uni\u00f3 en sus respectivas intervenciones. Ortiz\u00a0 ha denunciado la [&hellip;]","og_url":"https:\/\/www.revistarambla.com\/en\/coscubiela-y-ortiz-icv-denuncian-que-ciu-no-ha-presentado-los-presupuestos-de-2012\/","og_site_name":"Revista Rambla","article_publisher":"https:\/\/www.facebook.com\/revistarambla\/","article_published_time":"2011-10-11T08:12:04+00:00","article_modified_time":"2021-12-10T15:38:59+00:00","og_image":[{"width":400,"height":300,"url":"https:\/\/www.revistarambla.com\/wp-content\/uploads\/2011\/10\/1388062704336laia-ortiz-joan-coscubiela_det.jpg","type":"image\/jpeg"}],"author":"Elena Fern\u00e1ndez Mart\u00ednez","twitter_card":"summary_large_image","twitter_creator":"@revistarambla","twitter_site":"@revistarambla","twitter_misc":{"Written by":"Elena Fern\u00e1ndez Mart\u00ednez","Estimated reading time":"4 minutes"},"schema":{"@context":"https:\/\/schema.org","@graph":[{"@type":"Article","@id":"https:\/\/www.revistarambla.com\/coscubiela-y-ortiz-icv-denuncian-que-ciu-no-ha-presentado-los-presupuestos-de-2012\/#article","isPartOf":{"@id":"https:\/\/www.revistarambla.com\/coscubiela-y-ortiz-icv-denuncian-que-ciu-no-ha-presentado-los-presupuestos-de-2012\/"},"author":{"name":"Elena Fern\u00e1ndez Mart\u00ednez","@id":"https:\/\/www.revistarambla.com\/#\/schema\/person\/044b43a8aa317042559e094f7deaf33c"},"headline":"Coscubiela y Ortiz (ICV) denuncian que CiU no ha presentado los presupuestos de 2012","datePublished":"2011-10-11T08:12:04+00:00","dateModified":"2021-12-10T15:38:59+00:00","mainEntityOfPage":{"@id":"https:\/\/www.revistarambla.com\/coscubiela-y-ortiz-icv-denuncian-que-ciu-no-ha-presentado-los-presupuestos-de-2012\/"},"wordCount":743,"commentCount":0,"publisher":{"@id":"https:\/\/www.revistarambla.com\/#organization"},"image":{"@id":"https:\/\/www.revistarambla.com\/coscubiela-y-ortiz-icv-denuncian-que-ciu-no-ha-presentado-los-presupuestos-de-2012\/#primaryimage"},"thumbnailUrl":"https:\/\/www.revistarambla.com\/wp-content\/uploads\/2011\/10\/1388062704336laia-ortiz-joan-coscubiela_det.jpg","articleSection":["Actualidad","Catalunya"],"inLanguage":"en-GB","potentialAction":[{"@type":"CommentAction","name":"Comment","target":["https:\/\/www.revistarambla.com\/coscubiela-y-ortiz-icv-denuncian-que-ciu-no-ha-presentado-los-presupuestos-de-2012\/#respond"]}]},{"@type":"WebPage","@id":"https:\/\/www.revistarambla.com\/coscubiela-y-ortiz-icv-denuncian-que-ciu-no-ha-presentado-los-presupuestos-de-2012\/","url":"https:\/\/www.revistarambla.com\/coscubiela-y-ortiz-icv-denuncian-que-ciu-no-ha-presentado-los-presupuestos-de-2012\/","name":"Coscubiela y Ortiz (ICV) denuncian que CiU no ha presentado los presupuestos de 2012 - Revista Rambla","isPartOf":{"@id":"https:\/\/www.revistarambla.com\/#website"},"primaryImageOfPage":{"@id":"https:\/\/www.revistarambla.com\/coscubiela-y-ortiz-icv-denuncian-que-ciu-no-ha-presentado-los-presupuestos-de-2012\/#primaryimage"},"image":{"@id":"https:\/\/www.revistarambla.com\/coscubiela-y-ortiz-icv-denuncian-que-ciu-no-ha-presentado-los-presupuestos-de-2012\/#primaryimage"},"thumbnailUrl":"https:\/\/www.revistarambla.com\/wp-content\/uploads\/2011\/10\/1388062704336laia-ortiz-joan-coscubiela_det.jpg","datePublished":"2011-10-11T08:12:04+00:00","dateModified":"2021-12-10T15:38:59+00:00","breadcrumb":{"@id":"https:\/\/www.revistarambla.com\/coscubiela-y-ortiz-icv-denuncian-que-ciu-no-ha-presentado-los-presupuestos-de-2012\/#breadcrumb"},"inLanguage":"en-GB","potentialAction":[{"@type":"ReadAction","target":["https:\/\/www.revistarambla.com\/coscubiela-y-ortiz-icv-denuncian-que-ciu-no-ha-presentado-los-presupuestos-de-2012\/"]}]},{"@type":"ImageObject","inLanguage":"en-GB","@id":"https:\/\/www.revistarambla.com\/coscubiela-y-ortiz-icv-denuncian-que-ciu-no-ha-presentado-los-presupuestos-de-2012\/#primaryimage","url":"https:\/\/www.revistarambla.com\/wp-content\/uploads\/2011\/10\/1388062704336laia-ortiz-joan-coscubiela_det.jpg","contentUrl":"https:\/\/www.revistarambla.com\/wp-content\/uploads\/2011\/10\/1388062704336laia-ortiz-joan-coscubiela_det.jpg","width":400,"height":300},{"@type":"BreadcrumbList","@id":"https:\/\/www.revistarambla.com\/coscubiela-y-ortiz-icv-denuncian-que-ciu-no-ha-presentado-los-presupuestos-de-2012\/#breadcrumb","itemListElement":[{"@type":"ListItem","position":1,"name":"Portada","item":"https:\/\/www.revistarambla.com\/"},{"@type":"ListItem","position":2,"name":"Coscubiela y Ortiz (ICV) denuncian que CiU no ha presentado los presupuestos de 2012"}]},{"@type":"WebSite","@id":"https:\/\/www.revistarambla.com\/#website","url":"https:\/\/www.revistarambla.com\/","name":"Revista Rambla Barcelona","description":"Periodismo independiente","publisher":{"@id":"https:\/\/www.revistarambla.com\/#organization"},"potentialAction":[{"@type":"SearchAction","target":{"@type":"EntryPoint","urlTemplate":"https:\/\/www.revistarambla.com\/?s={search_term_string}"},"query-input":{"@type":"PropertyValueSpecification","valueRequired":true,"valueName":"search_term_string"}}],"inLanguage":"en-GB"},{"@type":"Organization","@id":"https:\/\/www.revistarambla.com\/#organization","name":"Revista Rambla","url":"https:\/\/www.revistarambla.com\/","logo":{"@type":"ImageObject","inLanguage":"en-GB","@id":"https:\/\/www.revistarambla.com\/#\/schema\/logo\/image\/","url":"https:\/\/www.revistarambla.com\/wp-content\/uploads\/2020\/09\/banner_rambla_1900x600_BB.png","contentUrl":"https:\/\/www.revistarambla.com\/wp-content\/uploads\/2020\/09\/banner_rambla_1900x600_BB.png","width":1900,"height":600,"caption":"Revista Rambla"},"image":{"@id":"https:\/\/www.revistarambla.com\/#\/schema\/logo\/image\/"},"sameAs":["https:\/\/www.facebook.com\/revistarambla\/","https:\/\/x.com\/revistarambla","https:\/\/www.instagram.com\/revista_rambla","https:\/\/es.linkedin.com\/company\/revista-rambla"]},{"@type":"Person","@id":"https:\/\/www.revistarambla.com\/#\/schema\/person\/044b43a8aa317042559e094f7deaf33c","name":"Elena Fern\u00e1ndez Mart\u00ednez","description":"Periodista \/ Corresponsal Londres."}]}},"_links":{"self":[{"href":"https:\/\/www.revistarambla.com\/en\/wp-json\/wp\/v2\/posts\/1184","targetHints":{"allow":["GET"]}}],"collection":[{"href":"https:\/\/www.revistarambla.com\/en\/wp-json\/wp\/v2\/posts"}],"about":[{"href":"https:\/\/www.revistarambla.com\/en\/wp-json\/wp\/v2\/types\/post"}],"author":[{"embeddable":true,"href":"https:\/\/www.revistarambla.com\/en\/wp-json\/wp\/v2\/users\/51"}],"replies":[{"embeddable":true,"href":"https:\/\/www.revistarambla.com\/en\/wp-json\/wp\/v2\/comments?post=1184"}],"version-history":[{"count":0,"href":"https:\/\/www.revistarambla.com\/en\/wp-json\/wp\/v2\/posts\/1184\/revisions"}],"wp:featuredmedia":[{"embeddable":true,"href":"https:\/\/www.revistarambla.com\/en\/wp-json\/wp\/v2\/media\/31494"}],"wp:attachment":[{"href":"https:\/\/www.revistarambla.com\/en\/wp-json\/wp\/v2\/media?parent=1184"}],"wp:term":[{"taxonomy":"category","embeddable":true,"href":"https:\/\/www.revistarambla.com\/en\/wp-json\/wp\/v2\/categories?post=1184"},{"taxonomy":"post_tag","embeddable":true,"href":"https:\/\/www.revistarambla.com\/en\/wp-json\/wp\/v2\/tags?post=1184"}],"curies":[{"name":"wp","href":"https:\/\/api.w.org\/{rel}","templated":true}]}}