{"id":11821,"date":"2017-03-04T12:05:48","date_gmt":"2017-03-04T11:05:48","guid":{"rendered":"https:\/\/www.revistarambla.com\/?p=11821"},"modified":"2022-01-08T19:50:21","modified_gmt":"2022-01-08T18:50:21","slug":"dia-internacional-de-la-mujer","status":"publish","type":"post","link":"https:\/\/www.revistarambla.com\/en\/dia-internacional-de-la-mujer\/","title":{"rendered":"D\u00eda Internacional de las mujeres trabajadoras: Por un paro mundial de mujeres"},"content":{"rendered":"<p style=\"text-align: left;\">Cuando en 1910 Clara Zetkin propuso al 8 de marzo como D\u00eda Internacional de la Mujer durante la Segunda Conferencia Internacional de Mujeres Socialistas en Copenhague, reivindic\u00f3 la heroica lucha de las obreras que pelearon para que se reconocieran nuestros derechos como mujeres y como trabajadoras. Especialmente se refiri\u00f3 a las m\u00e1s de quince mil obreras textiles que se movilizaron en Nueva York reclamando igual trabajo, igual salario y condiciones laborales dignas, en marzo de 1908. Esta fecha que tambi\u00e9n fue el impulso para las jornadas de febrero, puntapi\u00e9 inicial de la Revoluci\u00f3n Rusa de 1917, durante muchos a\u00f1os pretendi\u00f3 ser convertida en un d\u00eda comercial de \u201cagasajos\u201d a las mujeres, especialmente desde que la Organizaci\u00f3n de las Naciones Unidas la tom\u00f3 como propia en el a\u00f1o 1975.<\/p>\n<figure id=\"attachment_11822\" aria-describedby=\"caption-attachment-11822\" style=\"width: 850px\" class=\"wp-caption aligncenter\"><a href=\"https:\/\/www.revistarambla.com\/wp-content\/uploads\/2017\/03\/IMG_7086-copia.jpg\"><img decoding=\"async\" class=\"wp-image-11822 size-full\" src=\"https:\/\/www.revistarambla.com\/wp-content\/uploads\/2017\/03\/IMG_7086-copia.jpg\" alt=\"D\u00eda Internacional de la Mujer \" width=\"850\" height=\"538\" srcset=\"https:\/\/www.revistarambla.com\/wp-content\/uploads\/2017\/03\/IMG_7086-copia.jpg 850w, https:\/\/www.revistarambla.com\/wp-content\/uploads\/2017\/03\/IMG_7086-copia-300x190.jpg 300w, https:\/\/www.revistarambla.com\/wp-content\/uploads\/2017\/03\/IMG_7086-copia-768x486.jpg 768w, https:\/\/www.revistarambla.com\/wp-content\/uploads\/2017\/03\/IMG_7086-copia-500x316.jpg 500w\" sizes=\"(max-width: 850px) 100vw, 850px\" \/><\/a><figcaption id=\"caption-attachment-11822\" class=\"wp-caption-text\">D\u00eda Internacional de la Mujer<\/figcaption><\/figure>\n<p style=\"text-align: left;\">Sin embargo, en los \u00faltimos a\u00f1os las mujeres cobramos protagonismo en las luchas de todo el mundo. Desde el 3 de junio de 2015 cuando las mujeres argentinas nos movilizamos al grito de \u201c\u00a1Ni una menos!\u201d se hicieron eco las mujeres mexicanas, las peruanas, las brasileras, las turcas y las indias que marcharon contra las violaciones y los femicidios. Tambi\u00e9n se sumaron las mujeres polacas defendiendo el derecho al aborto atacado por la jerarqu\u00eda de la Iglesia Cat\u00f3lica y las francesas salieron a la calle con un gran paro por la igualdad salarial, frente a los ajustes del gobierno de Fran\u00e7ois Hollande. A pocos d\u00edas de la asunci\u00f3n de Donald Trump, fueron las mujeres las que se lanzaron a las calles a enfrentar a ese gobierno imperialista, machista y racista.<\/p>\n<p style=\"text-align: left;\">Por la unidad de las trabajadoras para enfrentar la crisis capitalista. Actualmente, mujeres y organizaciones de m\u00e1s de 40 pa\u00edses hemos comenzado a preparar el primer paro mundial de mujeres para el pr\u00f3ximo 8 de marzo. Para el movimiento de mujeres es un desaf\u00edo muy importante demostrar el papel clave que tenemos en la reproducci\u00f3n de la vida cotidiana a trav\u00e9s del trabajo dom\u00e9stico y de cuidado, que est\u00e1 totalmente invisibilizado. Pero a su vez, como parte integrante de la clase trabajadora en nuestra mayor\u00eda jugamos un papel central en la producci\u00f3n de bienes y servicios, justamente en los puestos m\u00e1s precarizados y peores pagos, por los que somos superexplotadas. Por eso, en este contexto de m\u00faltiples violencias a trav\u00e9s de los femicidios, los golpes, la ilegalidad del aborto o la trata, tenemos que pelear tambi\u00e9n para que no seamos nosotras las que paguemos la crisis capitalista.<\/p>\n<p style=\"text-align: left;\">Este 8 de marzo, no puede ser el d\u00eda de las \u00c1ngela Merkel, las Eugenia Vidal o las Cristina Fern\u00e1ndez, todas ellas gobernantes y empresarias contra la mayor\u00eda de las mujeres. Tiene que ser el 8 de marzo de las mujeres refugiadas del pueblo sirio y de las que huyen del hambre y la guerra. Tambi\u00e9n queremos que sea el 8 de marzo de las trabajadoras docentes que salen a pelear por aumento de salario y de las ferroviarias que se organizan en el ferrocarril Sarmiento por el cupo femenino y contra la violencia machista. Por eso, reclamamos a las centrales sindicales que convoquen a un paro para enfrentar el ajuste y acompa\u00f1ar la movilizaci\u00f3n de las mujeres ese d\u00eda.<\/p>\n<p style=\"text-align: left;\">Por Bel\u00e9n y todas las que son criminalizadas por abortar, por las mujeres que defienden el derecho a decidir en sus pa\u00edses, por las j\u00f3venes que son secuestradas en las barriadas populares para las redes de trata, por las 57 mujeres argentinas v\u00edctimas de femicidios en solo 43 d\u00edas de 2017, por todas ellas llamamos a parar y a movilizarnos el 8 de marzo en todo el pa\u00eds y el mundo. Denunciamos que Macri junto con el resto de los gobiernos capitalistas son responsables de esta situaci\u00f3n. Basta de pol\u00edticas de ajuste y discriminaci\u00f3n.<\/p>\n<p style=\"text-align: left;\"><strong>Nosotras no vamos a pagar la crisis. <\/strong><\/p>\n<p style=\"text-align: left;\"><strong>Igual trabajo por igual salario <\/strong><\/p>\n<p style=\"text-align: left;\"><strong>\u00a1Ni una menos! <\/strong><\/p>\n<p style=\"text-align: left;\"><strong>Exigimos la declaraci\u00f3n inmediata de la emergencia en violencia de g\u00e9nero con presupuesto para planes de prevenci\u00f3n. <\/strong><\/p>\n<p style=\"text-align: left;\"><strong>Educaci\u00f3n sexual para decidir, anticonceptivos para no abortar, aborto legal para no morir. <\/strong><\/p>\n<p style=\"text-align: left;\"><strong>Basta de redes de trata. <\/strong><\/p>\n<p style=\"text-align: left;\"><strong>Vivas se las llevaron, vivas las queremos.\u00a0<\/strong><\/p>\n<p style=\"text-align: left;\"><strong>D\u00eda Internacional de la Mujer<\/strong><\/p>","protected":false},"excerpt":{"rendered":"<p>Cuando en 1910 Clara Zetkin propuso al 8 de marzo como D\u00eda Internacional de la Mujer durante la Segunda Conferencia Internacional de Mujeres Socialistas en Copenhague, reivindic\u00f3 la heroica lucha de las obreras que pelearon para que se reconocieran nuestros derechos como mujeres y como trabajadoras. Especialmente se refiri\u00f3 a [&hellip;]<\/p>\n","protected":false},"author":96,"featured_media":11822,"comment_status":"open","ping_status":"open","sticky":false,"template":"","format":"standard","meta":{"footnotes":""},"categories":[72],"tags":[],"class_list":["post-11821","post","type-post","status-publish","format-standard","has-post-thumbnail","hentry","category-opinion"],"yoast_head":"<!-- This site is optimized with the Yoast SEO plugin v27.5 - https:\/\/yoast.com\/product\/yoast-seo-wordpress\/ -->\n<title>D\u00eda Internacional de la Mujer, por un paro mundial de... - Revista Rambla<\/title>\n<meta name=\"description\" content=\"Cuando en 1910 Clara Zetkin propuso al 8 de marzo como D\u00eda Internacional de la Mujer durante la Segunda Conferencia Internacional de Mujeres Socialistas...\" \/>\n<meta name=\"robots\" content=\"index, follow, max-snippet:-1, max-image-preview:large, max-video-preview:-1\" \/>\n<link rel=\"canonical\" href=\"https:\/\/www.revistarambla.com\/en\/dia-internacional-de-la-mujer\/\" \/>\n<meta property=\"og:locale\" content=\"en_GB\" \/>\n<meta property=\"og:type\" content=\"article\" \/>\n<meta property=\"og:title\" content=\"D\u00eda Internacional de la Mujer, por un paro mundial de... - Revista Rambla\" \/>\n<meta property=\"og:description\" content=\"Cuando en 1910 Clara Zetkin propuso al 8 de marzo como D\u00eda Internacional de la Mujer durante la Segunda Conferencia Internacional de Mujeres Socialistas...\" \/>\n<meta property=\"og:url\" content=\"https:\/\/www.revistarambla.com\/en\/dia-internacional-de-la-mujer\/\" \/>\n<meta property=\"og:site_name\" content=\"Revista Rambla\" \/>\n<meta property=\"article:publisher\" content=\"https:\/\/www.facebook.com\/revistarambla\/\" \/>\n<meta property=\"article:author\" content=\"https:\/\/www.facebook.com\/linternacionalista\/\" \/>\n<meta property=\"article:published_time\" content=\"2017-03-04T11:05:48+00:00\" \/>\n<meta property=\"article:modified_time\" content=\"2022-01-08T18:50:21+00:00\" \/>\n<meta property=\"og:image\" content=\"https:\/\/www.revistarambla.com\/wp-content\/uploads\/2017\/03\/IMG_7086-copia.jpg\" \/>\n\t<meta property=\"og:image:width\" content=\"850\" \/>\n\t<meta property=\"og:image:height\" content=\"538\" \/>\n\t<meta property=\"og:image:type\" content=\"image\/jpeg\" \/>\n<meta name=\"author\" content=\"Lucha Internacionalista\" \/>\n<meta name=\"twitter:card\" content=\"summary_large_image\" \/>\n<meta name=\"twitter:creator\" content=\"@luchainternacio\" \/>\n<meta name=\"twitter:site\" content=\"@revistarambla\" \/>\n<meta name=\"twitter:label1\" content=\"Written by\" \/>\n\t<meta name=\"twitter:data1\" content=\"Lucha Internacionalista\" \/>\n\t<meta name=\"twitter:label2\" content=\"Estimated reading time\" \/>\n\t<meta name=\"twitter:data2\" content=\"4 minutes\" \/>\n<script type=\"application\/ld+json\" class=\"yoast-schema-graph\">{\"@context\":\"https:\\\/\\\/schema.org\",\"@graph\":[{\"@type\":\"Article\",\"@id\":\"https:\\\/\\\/www.revistarambla.com\\\/dia-internacional-de-la-mujer\\\/#article\",\"isPartOf\":{\"@id\":\"https:\\\/\\\/www.revistarambla.com\\\/dia-internacional-de-la-mujer\\\/\"},\"author\":{\"name\":\"Lucha Internacionalista\",\"@id\":\"https:\\\/\\\/www.revistarambla.com\\\/#\\\/schema\\\/person\\\/2d0daa76d289bb19174d9201fb9fe42c\"},\"headline\":\"D\u00eda Internacional de las mujeres trabajadoras: Por un paro mundial de mujeres\",\"datePublished\":\"2017-03-04T11:05:48+00:00\",\"dateModified\":\"2022-01-08T18:50:21+00:00\",\"mainEntityOfPage\":{\"@id\":\"https:\\\/\\\/www.revistarambla.com\\\/dia-internacional-de-la-mujer\\\/\"},\"wordCount\":740,\"commentCount\":0,\"publisher\":{\"@id\":\"https:\\\/\\\/www.revistarambla.com\\\/#organization\"},\"image\":{\"@id\":\"https:\\\/\\\/www.revistarambla.com\\\/dia-internacional-de-la-mujer\\\/#primaryimage\"},\"thumbnailUrl\":\"https:\\\/\\\/www.revistarambla.com\\\/wp-content\\\/uploads\\\/2017\\\/03\\\/IMG_7086-copia.jpg\",\"articleSection\":[\"Opiniones\"],\"inLanguage\":\"en-GB\",\"potentialAction\":[{\"@type\":\"CommentAction\",\"name\":\"Comment\",\"target\":[\"https:\\\/\\\/www.revistarambla.com\\\/dia-internacional-de-la-mujer\\\/#respond\"]}]},{\"@type\":\"WebPage\",\"@id\":\"https:\\\/\\\/www.revistarambla.com\\\/dia-internacional-de-la-mujer\\\/\",\"url\":\"https:\\\/\\\/www.revistarambla.com\\\/dia-internacional-de-la-mujer\\\/\",\"name\":\"D\u00eda Internacional de la Mujer, por un paro mundial de... - Revista Rambla\",\"isPartOf\":{\"@id\":\"https:\\\/\\\/www.revistarambla.com\\\/#website\"},\"primaryImageOfPage\":{\"@id\":\"https:\\\/\\\/www.revistarambla.com\\\/dia-internacional-de-la-mujer\\\/#primaryimage\"},\"image\":{\"@id\":\"https:\\\/\\\/www.revistarambla.com\\\/dia-internacional-de-la-mujer\\\/#primaryimage\"},\"thumbnailUrl\":\"https:\\\/\\\/www.revistarambla.com\\\/wp-content\\\/uploads\\\/2017\\\/03\\\/IMG_7086-copia.jpg\",\"datePublished\":\"2017-03-04T11:05:48+00:00\",\"dateModified\":\"2022-01-08T18:50:21+00:00\",\"description\":\"Cuando en 1910 Clara Zetkin propuso al 8 de marzo como D\u00eda Internacional de la Mujer durante la Segunda Conferencia Internacional de Mujeres Socialistas...\",\"breadcrumb\":{\"@id\":\"https:\\\/\\\/www.revistarambla.com\\\/dia-internacional-de-la-mujer\\\/#breadcrumb\"},\"inLanguage\":\"en-GB\",\"potentialAction\":[{\"@type\":\"ReadAction\",\"target\":[\"https:\\\/\\\/www.revistarambla.com\\\/dia-internacional-de-la-mujer\\\/\"]}]},{\"@type\":\"ImageObject\",\"inLanguage\":\"en-GB\",\"@id\":\"https:\\\/\\\/www.revistarambla.com\\\/dia-internacional-de-la-mujer\\\/#primaryimage\",\"url\":\"https:\\\/\\\/www.revistarambla.com\\\/wp-content\\\/uploads\\\/2017\\\/03\\\/IMG_7086-copia.jpg\",\"contentUrl\":\"https:\\\/\\\/www.revistarambla.com\\\/wp-content\\\/uploads\\\/2017\\\/03\\\/IMG_7086-copia.jpg\",\"width\":850,\"height\":538},{\"@type\":\"BreadcrumbList\",\"@id\":\"https:\\\/\\\/www.revistarambla.com\\\/dia-internacional-de-la-mujer\\\/#breadcrumb\",\"itemListElement\":[{\"@type\":\"ListItem\",\"position\":1,\"name\":\"Portada\",\"item\":\"https:\\\/\\\/www.revistarambla.com\\\/\"},{\"@type\":\"ListItem\",\"position\":2,\"name\":\"D\u00eda Internacional de las mujeres trabajadoras: Por un paro mundial de mujeres\"}]},{\"@type\":\"WebSite\",\"@id\":\"https:\\\/\\\/www.revistarambla.com\\\/#website\",\"url\":\"https:\\\/\\\/www.revistarambla.com\\\/\",\"name\":\"Revista Rambla Barcelona\",\"description\":\"Periodismo independiente\",\"publisher\":{\"@id\":\"https:\\\/\\\/www.revistarambla.com\\\/#organization\"},\"potentialAction\":[{\"@type\":\"SearchAction\",\"target\":{\"@type\":\"EntryPoint\",\"urlTemplate\":\"https:\\\/\\\/www.revistarambla.com\\\/?s={search_term_string}\"},\"query-input\":{\"@type\":\"PropertyValueSpecification\",\"valueRequired\":true,\"valueName\":\"search_term_string\"}}],\"inLanguage\":\"en-GB\"},{\"@type\":\"Organization\",\"@id\":\"https:\\\/\\\/www.revistarambla.com\\\/#organization\",\"name\":\"Revista Rambla\",\"url\":\"https:\\\/\\\/www.revistarambla.com\\\/\",\"logo\":{\"@type\":\"ImageObject\",\"inLanguage\":\"en-GB\",\"@id\":\"https:\\\/\\\/www.revistarambla.com\\\/#\\\/schema\\\/logo\\\/image\\\/\",\"url\":\"https:\\\/\\\/www.revistarambla.com\\\/wp-content\\\/uploads\\\/2020\\\/09\\\/banner_rambla_1900x600_BB.png\",\"contentUrl\":\"https:\\\/\\\/www.revistarambla.com\\\/wp-content\\\/uploads\\\/2020\\\/09\\\/banner_rambla_1900x600_BB.png\",\"width\":1900,\"height\":600,\"caption\":\"Revista Rambla\"},\"image\":{\"@id\":\"https:\\\/\\\/www.revistarambla.com\\\/#\\\/schema\\\/logo\\\/image\\\/\"},\"sameAs\":[\"https:\\\/\\\/www.facebook.com\\\/revistarambla\\\/\",\"https:\\\/\\\/x.com\\\/revistarambla\",\"https:\\\/\\\/www.instagram.com\\\/revista_rambla\",\"https:\\\/\\\/es.linkedin.com\\\/company\\\/revista-rambla\"]},{\"@type\":\"Person\",\"@id\":\"https:\\\/\\\/www.revistarambla.com\\\/#\\\/schema\\\/person\\\/2d0daa76d289bb19174d9201fb9fe42c\",\"name\":\"Lucha Internacionalista\",\"description\":\"Lucha Internacionalista es una organizaci\u00f3n pol\u00edtica marxista revolucionaria: trotskista. Se constituy\u00f3 en mayo de 1999 por militantes del Partido Revolucionario de los Trabajadores (PRT).\",\"sameAs\":[\"http:\\\/\\\/luchainternacionalista.org\\\/\",\"https:\\\/\\\/www.facebook.com\\\/linternacionalista\\\/\",\"https:\\\/\\\/x.com\\\/luchainternacio\"]}]}<\/script>\n<!-- \/ Yoast SEO plugin. -->","yoast_head_json":{"title":"D\u00eda Internacional de la Mujer, por un paro mundial de... - Revista Rambla","description":"Cuando en 1910 Clara Zetkin propuso al 8 de marzo como D\u00eda Internacional de la Mujer durante la Segunda Conferencia Internacional de Mujeres Socialistas...","robots":{"index":"index","follow":"follow","max-snippet":"max-snippet:-1","max-image-preview":"max-image-preview:large","max-video-preview":"max-video-preview:-1"},"canonical":"https:\/\/www.revistarambla.com\/en\/dia-internacional-de-la-mujer\/","og_locale":"en_GB","og_type":"article","og_title":"D\u00eda Internacional de la Mujer, por un paro mundial de... - Revista Rambla","og_description":"Cuando en 1910 Clara Zetkin propuso al 8 de marzo como D\u00eda Internacional de la Mujer durante la Segunda Conferencia Internacional de Mujeres Socialistas...","og_url":"https:\/\/www.revistarambla.com\/en\/dia-internacional-de-la-mujer\/","og_site_name":"Revista Rambla","article_publisher":"https:\/\/www.facebook.com\/revistarambla\/","article_author":"https:\/\/www.facebook.com\/linternacionalista\/","article_published_time":"2017-03-04T11:05:48+00:00","article_modified_time":"2022-01-08T18:50:21+00:00","og_image":[{"width":850,"height":538,"url":"https:\/\/www.revistarambla.com\/wp-content\/uploads\/2017\/03\/IMG_7086-copia.jpg","type":"image\/jpeg"}],"author":"Lucha Internacionalista","twitter_card":"summary_large_image","twitter_creator":"@luchainternacio","twitter_site":"@revistarambla","twitter_misc":{"Written by":"Lucha Internacionalista","Estimated reading time":"4 minutes"},"schema":{"@context":"https:\/\/schema.org","@graph":[{"@type":"Article","@id":"https:\/\/www.revistarambla.com\/dia-internacional-de-la-mujer\/#article","isPartOf":{"@id":"https:\/\/www.revistarambla.com\/dia-internacional-de-la-mujer\/"},"author":{"name":"Lucha Internacionalista","@id":"https:\/\/www.revistarambla.com\/#\/schema\/person\/2d0daa76d289bb19174d9201fb9fe42c"},"headline":"D\u00eda Internacional de las mujeres trabajadoras: Por un paro mundial de mujeres","datePublished":"2017-03-04T11:05:48+00:00","dateModified":"2022-01-08T18:50:21+00:00","mainEntityOfPage":{"@id":"https:\/\/www.revistarambla.com\/dia-internacional-de-la-mujer\/"},"wordCount":740,"commentCount":0,"publisher":{"@id":"https:\/\/www.revistarambla.com\/#organization"},"image":{"@id":"https:\/\/www.revistarambla.com\/dia-internacional-de-la-mujer\/#primaryimage"},"thumbnailUrl":"https:\/\/www.revistarambla.com\/wp-content\/uploads\/2017\/03\/IMG_7086-copia.jpg","articleSection":["Opiniones"],"inLanguage":"en-GB","potentialAction":[{"@type":"CommentAction","name":"Comment","target":["https:\/\/www.revistarambla.com\/dia-internacional-de-la-mujer\/#respond"]}]},{"@type":"WebPage","@id":"https:\/\/www.revistarambla.com\/dia-internacional-de-la-mujer\/","url":"https:\/\/www.revistarambla.com\/dia-internacional-de-la-mujer\/","name":"D\u00eda Internacional de la Mujer, por un paro mundial de... - Revista Rambla","isPartOf":{"@id":"https:\/\/www.revistarambla.com\/#website"},"primaryImageOfPage":{"@id":"https:\/\/www.revistarambla.com\/dia-internacional-de-la-mujer\/#primaryimage"},"image":{"@id":"https:\/\/www.revistarambla.com\/dia-internacional-de-la-mujer\/#primaryimage"},"thumbnailUrl":"https:\/\/www.revistarambla.com\/wp-content\/uploads\/2017\/03\/IMG_7086-copia.jpg","datePublished":"2017-03-04T11:05:48+00:00","dateModified":"2022-01-08T18:50:21+00:00","description":"Cuando en 1910 Clara Zetkin propuso al 8 de marzo como D\u00eda Internacional de la Mujer durante la Segunda Conferencia Internacional de Mujeres Socialistas...","breadcrumb":{"@id":"https:\/\/www.revistarambla.com\/dia-internacional-de-la-mujer\/#breadcrumb"},"inLanguage":"en-GB","potentialAction":[{"@type":"ReadAction","target":["https:\/\/www.revistarambla.com\/dia-internacional-de-la-mujer\/"]}]},{"@type":"ImageObject","inLanguage":"en-GB","@id":"https:\/\/www.revistarambla.com\/dia-internacional-de-la-mujer\/#primaryimage","url":"https:\/\/www.revistarambla.com\/wp-content\/uploads\/2017\/03\/IMG_7086-copia.jpg","contentUrl":"https:\/\/www.revistarambla.com\/wp-content\/uploads\/2017\/03\/IMG_7086-copia.jpg","width":850,"height":538},{"@type":"BreadcrumbList","@id":"https:\/\/www.revistarambla.com\/dia-internacional-de-la-mujer\/#breadcrumb","itemListElement":[{"@type":"ListItem","position":1,"name":"Portada","item":"https:\/\/www.revistarambla.com\/"},{"@type":"ListItem","position":2,"name":"D\u00eda Internacional de las mujeres trabajadoras: Por un paro mundial de mujeres"}]},{"@type":"WebSite","@id":"https:\/\/www.revistarambla.com\/#website","url":"https:\/\/www.revistarambla.com\/","name":"Revista Rambla Barcelona","description":"Periodismo independiente","publisher":{"@id":"https:\/\/www.revistarambla.com\/#organization"},"potentialAction":[{"@type":"SearchAction","target":{"@type":"EntryPoint","urlTemplate":"https:\/\/www.revistarambla.com\/?s={search_term_string}"},"query-input":{"@type":"PropertyValueSpecification","valueRequired":true,"valueName":"search_term_string"}}],"inLanguage":"en-GB"},{"@type":"Organization","@id":"https:\/\/www.revistarambla.com\/#organization","name":"Revista Rambla","url":"https:\/\/www.revistarambla.com\/","logo":{"@type":"ImageObject","inLanguage":"en-GB","@id":"https:\/\/www.revistarambla.com\/#\/schema\/logo\/image\/","url":"https:\/\/www.revistarambla.com\/wp-content\/uploads\/2020\/09\/banner_rambla_1900x600_BB.png","contentUrl":"https:\/\/www.revistarambla.com\/wp-content\/uploads\/2020\/09\/banner_rambla_1900x600_BB.png","width":1900,"height":600,"caption":"Revista Rambla"},"image":{"@id":"https:\/\/www.revistarambla.com\/#\/schema\/logo\/image\/"},"sameAs":["https:\/\/www.facebook.com\/revistarambla\/","https:\/\/x.com\/revistarambla","https:\/\/www.instagram.com\/revista_rambla","https:\/\/es.linkedin.com\/company\/revista-rambla"]},{"@type":"Person","@id":"https:\/\/www.revistarambla.com\/#\/schema\/person\/2d0daa76d289bb19174d9201fb9fe42c","name":"Lucha Internacionalista","description":"Lucha Internacionalista es una organizaci\u00f3n pol\u00edtica marxista revolucionaria: trotskista. Se constituy\u00f3 en mayo de 1999 por militantes del Partido Revolucionario de los Trabajadores (PRT).","sameAs":["http:\/\/luchainternacionalista.org\/","https:\/\/www.facebook.com\/linternacionalista\/","https:\/\/x.com\/luchainternacio"]}]}},"_links":{"self":[{"href":"https:\/\/www.revistarambla.com\/en\/wp-json\/wp\/v2\/posts\/11821","targetHints":{"allow":["GET"]}}],"collection":[{"href":"https:\/\/www.revistarambla.com\/en\/wp-json\/wp\/v2\/posts"}],"about":[{"href":"https:\/\/www.revistarambla.com\/en\/wp-json\/wp\/v2\/types\/post"}],"author":[{"embeddable":true,"href":"https:\/\/www.revistarambla.com\/en\/wp-json\/wp\/v2\/users\/96"}],"replies":[{"embeddable":true,"href":"https:\/\/www.revistarambla.com\/en\/wp-json\/wp\/v2\/comments?post=11821"}],"version-history":[{"count":0,"href":"https:\/\/www.revistarambla.com\/en\/wp-json\/wp\/v2\/posts\/11821\/revisions"}],"wp:featuredmedia":[{"embeddable":true,"href":"https:\/\/www.revistarambla.com\/en\/wp-json\/wp\/v2\/media\/11822"}],"wp:attachment":[{"href":"https:\/\/www.revistarambla.com\/en\/wp-json\/wp\/v2\/media?parent=11821"}],"wp:term":[{"taxonomy":"category","embeddable":true,"href":"https:\/\/www.revistarambla.com\/en\/wp-json\/wp\/v2\/categories?post=11821"},{"taxonomy":"post_tag","embeddable":true,"href":"https:\/\/www.revistarambla.com\/en\/wp-json\/wp\/v2\/tags?post=11821"}],"curies":[{"name":"wp","href":"https:\/\/api.w.org\/{rel}","templated":true}]}}