{"id":11696,"date":"2017-02-19T03:28:01","date_gmt":"2017-02-19T02:28:01","guid":{"rendered":"https:\/\/www.revistarambla.com\/?p=11696"},"modified":"2021-12-20T19:54:35","modified_gmt":"2021-12-20T18:54:35","slug":"barcelona-acogio-la-manifestacion-por-los-refugiados-mas-multitudinaria-de-europa","status":"publish","type":"post","link":"https:\/\/www.revistarambla.com\/en\/barcelona-acogio-la-manifestacion-por-los-refugiados-mas-multitudinaria-de-europa\/","title":{"rendered":"Barcelona acogi\u00f3 la manifestaci\u00f3n por los refugiados m\u00e1s multitudinaria de Europa"},"content":{"rendered":"<p style=\"text-align: left;\">La capital catalana se ti\u00f1\u00f3 de azul con una marea de 160.000 personas seg\u00fan la Guardia Urbana y cerca de 500.000 seg\u00fan los organizadores. Bajo el lema \u201cProu excuses. Acollim ara!\u201d los manifestantes exigieron la acogida de personas refugiadas y reformas en las pol\u00edticas del derecho al asilo.<\/p>\n<p style=\"text-align: left;\"><img decoding=\"async\" class=\"aligncenter wp-image-11698\" src=\"https:\/\/www.revistarambla.com\/wp-content\/uploads\/2017\/02\/Refugiados3-e1487467005790.jpg\" width=\"700\" height=\"469\" srcset=\"https:\/\/www.revistarambla.com\/wp-content\/uploads\/2017\/02\/Refugiados3-e1487467005790.jpg 324w, https:\/\/www.revistarambla.com\/wp-content\/uploads\/2017\/02\/Refugiados3-e1487467005790-300x201.jpg 300w\" sizes=\"(max-width: 700px) 100vw, 700px\" \/><\/p>\n<p style=\"text-align: left;\">\u201cCasa nostra, casa vostra\u201d ha culminado a lo grande su campa\u00f1a despu\u00e9s del concierto en el Palau Sant Jordi del pasado s\u00e1bado. Al grito de \u201cVolem acollir\u201d, miles de personas ocuparon ayer las calles de Barcelona, desde las cuatro de la tarde, en una manifestaci\u00f3n en apoyo a los refugiados. El \u00e9xito de la convocatoria convirti\u00f3 la manifestaci\u00f3n en la protesta m\u00e1s numerosa hasta ahora en Europa por la actual crisis de los refugiados.<\/p>\n<p style=\"text-align: left;\">Los participantes reclamaron la libre circulaci\u00f3n de personas a trav\u00e9s de una petici\u00f3n a tres bandas. En primer lugar, a los estados europeos, considerados los responsables directos de las muertes en el Mediterr\u00e1neo. En segundo lugar, al Estado, para que cumpla su compromiso en materia de acogida, ya que por el momento solo se ha acogido un 6% de lo pactado. En tercer y \u00faltimo lugar, a la Generalitat, para que deje de escudarse en la falta de competencias.<\/p>\n<p style=\"text-align: left;\">La marcha recorri\u00f3 la V\u00eda Laietana, partiendo de plaza de Urquinaona, pasando por la calle doctor Aiguader y llegando, sobre las 18:00 horas, al parque de la Barceloneta. Una vez all\u00ed, socorristas de Proactiva Open Arms, junto con actores de la Fura dels Baus, representaron un rescate de inmigrantes en el mar con el velero Astral. La jornada transcurri\u00f3 en un ambiente familiar y festivo con la participaci\u00f3n de personas de distintas edades, muchas inmigrantes, y de los m\u00e1s peque\u00f1os de la casa.<\/p>\n<p style=\"text-align: left;\">Los encargados de poner m\u00fasica al ambiente fueron los Barcelona Gipsy Balkan Orchestra, situados en el mismo escenario donde m\u00e1s tarde se celebraron los parlamentos de clausura, presentados por M\u00f3nica Terribas. Estos los protagonizaron, \u00a0sobre todo, dos personas refugiadas: Dara Ljubojevic, que lleg\u00f3 a Catalunya huyendo de la guerra de los Balcanes, y Meera M. Zaroor, una joven estudiante procedente de Siria. La joven, que lleva tres a\u00f1os en Catalu\u00f1a, fue sin duda la m\u00e1s ovacionada despu\u00e9s de contar su dura experiencia.<\/p>\n<p style=\"text-align: left;\"><img decoding=\"async\" class=\"alignleft wp-image-11699 size-full\" src=\"https:\/\/www.revistarambla.com\/wp-content\/uploads\/2017\/02\/Refugiados4-e1487467228584.jpg\" width=\"324\" height=\"485\" srcset=\"https:\/\/www.revistarambla.com\/wp-content\/uploads\/2017\/02\/Refugiados4-e1487467228584.jpg 324w, https:\/\/www.revistarambla.com\/wp-content\/uploads\/2017\/02\/Refugiados4-e1487467228584-200x300.jpg 200w\" sizes=\"(max-width: 324px) 100vw, 324px\" \/><\/p>\n<p style=\"text-align: left;\">Hasta 1.200 entidades se adhirieron a la manifestaci\u00f3n, que cont\u00f3 con el apoyo de muchos grupos sociales, sindicatos y oeneg\u00e9s como SOS Racisme, Tanquem els CIE, Stop Mare Mortum y Papeles para todos, entre muchas otras. Representantes de todas las formaciones pol\u00edticas catalanas tambi\u00e9n estuvieron presentes en la manifestaci\u00f3n, con la \u00fanica excepci\u00f3n del PPC.<\/p>\n<p style=\"text-align: left;\">Lara Costafreda y Rub\u00e9n Wagenswerg, organizadores de la campa\u00f1a, valoraron la movilizaci\u00f3n ciudadana de forma muy positiva, recordando las protestas del a\u00f1o 2003 en contra de la guerra de Irak. A la vez, quisieron destacar que sigue muriendo mucha gente en el Mediterr\u00e1neo, \u201choy mismo, mientras nosotros nos manifestamos, 400 personas han tenido que ser rescatadas\u201d.<\/p>\n<p style=\"text-align: left;\">A continuaci\u00f3n, presentamos algunos fragmentos de los parlamentos:<\/p>\n<p style=\"text-align: left;\"><strong>M\u00d2NICA TERRIBAS, PERIODISTA<\/strong><\/p>\n<p style=\"text-align: left;\">\u201cEstamos delante del Mediterr\u00e1neo donde, desde el a\u00f1o 2.000 han muerto 35.000 personas, es insoportable. Porque se produce en medio de una pasividad oficial, silencios criminales y complicidades vergonzantes. Insoportable porque era evitable, y cualquier sufrimiento evitable toma forma de crimen. Estamos aqu\u00ed, hoy en Barcelona, esta Barcelona que tambi\u00e9n fue bombardeada el a\u00f1o 38, para enviar un mensaje claro a pie de calle, a las instituciones europeas y a todo el mundo. Para manifestar nuestra voluntad de acoger, de abrir fronteras, para proteger derechos conocidos que son universales y fundamentales\u201d.<\/p>\n<p style=\"text-align: left;\">\u201cEsta manifestaci\u00f3n no va de nuestras circunstancias, sino de las suyas. Para ellos. Y tambi\u00e9n de nuestras respuestas. Estamos aqu\u00ed en contra de la indiferencia ante la inhumanidad de este momento, desde la autoexigencia permanente, para no tenernos que morir de verg\u00fcenza, porque esta crisis es un espejo, habla de nosotros y pone a prueba nuestros gobiernos y nuestra sociedad, esta manifestaci\u00f3n va de nuestra capacidad de ponernos en el lugar del otro\u201d.<\/p>\n<p style=\"text-align: left;\">\u201cLo que hemos vivido a lo largo de la historia, la huida al norte despu\u00e9s de la guerra civil, la llegada durante la dictadura y la democracia. Nos dice el fil\u00f3sofo Xavier Antich que escuchemos las voces de nuestros refugiados. Escuch\u00e9moslas, porque resuenan las historias de cada una de nuestras casas. \u00bfCu\u00e1ntas Teresa P\u00e0mias hay en estos campos de refugiados? \u00bfCu\u00e1ntos Agust\u00ed Bartra, cu\u00e1ntos Agust\u00ed Centelles, cu\u00e1ntas Maternitat d\u2019Elna, cu\u00e1ntos Pere Calders, cu\u00e1ntas Neus Catal\u00e0, cu\u00e1ntos Walter Benjamin, cu\u00e1ntos Antonio Machado?\u2019\u2019<\/p>\n<p style=\"text-align: left;\"><img decoding=\"async\" class=\"aligncenter size-full wp-image-11700\" src=\"https:\/\/www.revistarambla.com\/wp-content\/uploads\/2017\/02\/Refugiados21.jpg\" alt=\"\" width=\"1134\" height=\"756\" srcset=\"https:\/\/www.revistarambla.com\/wp-content\/uploads\/2017\/02\/Refugiados21.jpg 1134w, https:\/\/www.revistarambla.com\/wp-content\/uploads\/2017\/02\/Refugiados21-300x200.jpg 300w, https:\/\/www.revistarambla.com\/wp-content\/uploads\/2017\/02\/Refugiados21-768x512.jpg 768w, https:\/\/www.revistarambla.com\/wp-content\/uploads\/2017\/02\/Refugiados21-1024x683.jpg 1024w, https:\/\/www.revistarambla.com\/wp-content\/uploads\/2017\/02\/Refugiados21-500x333.jpg 500w\" sizes=\"(max-width: 1134px) 100vw, 1134px\" \/><\/p>\n<p style=\"text-align: left;\">\u00abProu Excuses\u00bb no es una consigna f\u00e1cil, es el agotamiento y la denuncia delante la constataci\u00f3n de la indiferencia continuada de los estados de la Uni\u00f3n Europea y la inacci\u00f3n del Estado espa\u00f1ol durante cinco a\u00f1os de crisis. Y en Catalunya, que queremos acoger, podemos hacer m\u00e1s y hacerlo mejor. Seamos exigentes y autocr\u00edticos con nosotros mismos\u201d.<\/p>\n<p style=\"text-align: left;\"><strong>JUDIT CORRAL, COORDINADORA DE CASA NOSTRA CASA VOSTRA EN BERGA<\/strong><\/p>\n<p style=\"text-align: left;\">\u201cHoy nos encontramos aqu\u00ed delante del mar, un mar que el a\u00f1o 2016 ha visto morir a m\u00e1s de 5.000 personas intentando llegar a Europa, delante la mirada indiferente de los pol\u00edticos y la impotencia de todos los voluntarios y voluntarias que han ido y que a\u00fan est\u00e1n all\u00ed. Una Europa que les niega el paso con vallas y concertinas, para asegurarse de que no pasen, no sea que nos hagan abrir los ojos y que veamos la crueldad y la injusticia de nuestra sociedad capitalista\u201d.<\/p>\n<p style=\"text-align: left;\">\u201cNo hablamos solo de la frontera Grecia-Macedonia, hablamos tambi\u00e9n de la frontera del sur, la de Ceuta y Melilla, la que tenemos aqu\u00ed, en nuestra casa. Hablamos de todas las fronteras del mundo\u201d. Hoy hemos llenado las calles, pero no es suficiente. Tenemos que continuar exigiendo a los gobiernos el cumplimiento de los acuerdos tomados. No podemos permitir que pase m\u00e1s tiempo dejando a la gente en esos campos de concentraci\u00f3n. No podemos ser c\u00f3mplices de lo que est\u00e1 pasando. Queremos que estas personas refugiadas, migrantes, sepan que estamos con ellas y que no vamos a desfallecer hasta conseguir que lleguen al pa\u00eds que m\u00e1s deseen\u201d.<\/p>\n<p style=\"text-align: left;\"><img decoding=\"async\" class=\"wp-image-11701 size-full\" src=\"https:\/\/www.revistarambla.com\/wp-content\/uploads\/2017\/02\/Refugiados14-e1487467379196.jpg\" width=\"700\" height=\"468\" srcset=\"https:\/\/www.revistarambla.com\/wp-content\/uploads\/2017\/02\/Refugiados14-e1487467379196.jpg 700w, https:\/\/www.revistarambla.com\/wp-content\/uploads\/2017\/02\/Refugiados14-e1487467379196-300x201.jpg 300w, https:\/\/www.revistarambla.com\/wp-content\/uploads\/2017\/02\/Refugiados14-e1487467379196-500x334.jpg 500w\" sizes=\"(max-width: 700px) 100vw, 700px\" \/><\/p>\n<p style=\"text-align: left;\">Simulaci\u00f3n de rescate de inmigrantes.<\/p>\n<p style=\"text-align: left;\">\u201cHace veinticinco a\u00f1os que estoy aqu\u00ed y que vivo con libertad, y con perspectivas. Y todo esto es gracias a vosotros. Os miro y veo el mismo coraz\u00f3n que se abri\u00f3 el a\u00f1o 92, que late hoy quiz\u00e1 con m\u00e1s fuerza y con m\u00e1s solidaridad. Yo no creo que entonces fuerais m\u00e1s emp\u00e1ticos y que hoy se\u00e1is diferentes. Si est\u00e1is aqu\u00ed es porque quereis abrir las fronteras, acoger en vuestras casas. La \u00fanica diferencia que veo entre los 90 y ahora es, a d\u00eda de hoy, el impedimento pol\u00edtico, la mentira que nos cuentan cada d\u00eda. Son los pol\u00edticos hip\u00f3critas que no nos permiten hacer lo que queremos, que es tan solo dar la oportunidad a las dem\u00e1s personas de vivir. \u00bfOs parece poco? Sobrevivir\u201d.<\/p>\n<p style=\"text-align: left;\"><strong>MEERA M. ZAROOR, REFUGIADA<\/strong><\/p>\n<p style=\"text-align: left;\">\u201cLo ten\u00edamos todo, pero nos faltaba la libertad, el derecho a expresarnos y a vivir como cualquier otra persona. La mayor\u00eda de gente siria son personas educadas. No necesitamos dinero, tampoco dar pena o l\u00e1stima. Lo que queremos es que se vaya el dictador y tener democracia. Solo queremos vivir como lo hac\u00e9is vosotros\u201d.<\/p>\n<p style=\"text-align: left;\">\u201cQueremos que vengan los refugiados, pero no antes de cuidar los que ya tenemos aqu\u00ed. Son personas, y no objetos. Necesitan ayuda porque est\u00e1n empezando de cero. Fueron m\u00e9dicos, ingenieros, actores, m\u00fasicos o estudiantes. Lo ten\u00edan todo antes de empezar la revoluci\u00f3n, no salimos de debajo de las piedras\u201d.<\/p>\n<p style=\"text-align: left;\">\u201cVosotros ten\u00e9is la voz que nosotros no tenemos. Queremos que se vayan el dictador y ISIS, que son dos caras de la misma moneda, porque nosotros sufrimos el terrorismo del estado de Al Assad y sufrimos el terrorismo de los terroristas, que no tienen nada que ver con la religi\u00f3n\u201d.<\/p>\n<p style=\"text-align: left;\"><img decoding=\"async\" class=\"aligncenter wp-image-11702 size-full\" src=\"https:\/\/www.revistarambla.com\/wp-content\/uploads\/2017\/02\/Refugiados11-e1487467487346.jpg\" width=\"700\" height=\"468\" srcset=\"https:\/\/www.revistarambla.com\/wp-content\/uploads\/2017\/02\/Refugiados11-e1487467487346.jpg 700w, https:\/\/www.revistarambla.com\/wp-content\/uploads\/2017\/02\/Refugiados11-e1487467487346-300x201.jpg 300w, https:\/\/www.revistarambla.com\/wp-content\/uploads\/2017\/02\/Refugiados11-e1487467487346-500x334.jpg 500w\" sizes=\"(max-width: 700px) 100vw, 700px\" \/><\/p>\n<p style=\"text-align: left;\">\u201cSomos v\u00edctimas de la guerra. Muchos de nosotros est\u00e1n muriendo para defender nuestros derechos. Cuando la gente dice \u201cvolem acollir\u201d me hace sentir feliz porque nunca pens\u00e9 que la gente pudiera estar a nuestro lado. La gente quiere ayudar, pero no todos los gobiernos. Algunos est\u00e1n acogiendo a los refugiados y poni\u00e9ndolos en malas condiciones, nos averg\u00fcenza. Queremos que nos hag\u00e1is sentir como en casa, la casa que perdimos, para olvidar el dolor que sentimos al perder la gente que quer\u00edamos, por hacernos sentir humanos otra vez\u201d.<\/p>\n<p style=\"text-align: left;\">\u201cEstoy aqu\u00ed delante de vosotros y, mientras escuch\u00e1is mi voz, la gente en Siria est\u00e1 escuchando bombas, esperando que alg\u00fan d\u00eda puedan dejar de o\u00edrlas y vivir en paz. Nos levantaremos y lucharemos por nuestro derecho, les haremos creer que nada es imposible\u201d.<\/p>\n<p style=\"text-align: left;\"><strong>RUB\u00c9N WAGENSBERG, ORGANIZADOR DE LA CAMPA\u00d1A<\/strong><\/p>\n<p style=\"text-align: left;\">\u201cExigimos a la Uni\u00f3n Europea que el dinero p\u00fablico que pagamos entre todos deje de gastarse en vallas y en seguridad para las fronteras y que se destine a recibir a las personas que necesitan refugio en Europa, y que se sancionen inmediatamente los estados que incumplan los compromisos de acogida. Estados como el espa\u00f1ol, al que reclamamos que acabe con el clima que se est\u00e1 viviendo en la frontera sur, donde este 2017 ya han muerto m\u00e1s de 30 personas. Que se establezcan v\u00edas legales y seguras para todas esas personas que necesitan entrar a nuestro estado para tener un futuro mejor, y que no tengan miedo a hacerlo\u201d.<\/p>\n<p style=\"text-align: left;\">\u201cHoy la ciudadan\u00eda, que una vez m\u00e1s ha ido por delante de las administraciones, ha comparecido para decir basta. El hecho migratorio ha sido siempre propio de este pa\u00eds, todos somos hijos de migrantes. Reconocemos la unidad en la diversidad, el pueblo de Catalunya ha ganado sus conquistas sociales y democr\u00e1ticas cuando hemos avanzado juntos. Ahora tenemos el deber y la oportunidad de hacerlo de nuevo\u201d.<\/p>\n<p style=\"text-align: left;\"><img decoding=\"async\" class=\"aligncenter wp-image-11703 size-full\" src=\"https:\/\/www.revistarambla.com\/wp-content\/uploads\/2017\/02\/Refugiados10-e1487467590260.jpg\" width=\"700\" height=\"468\" srcset=\"https:\/\/www.revistarambla.com\/wp-content\/uploads\/2017\/02\/Refugiados10-e1487467590260.jpg 700w, https:\/\/www.revistarambla.com\/wp-content\/uploads\/2017\/02\/Refugiados10-e1487467590260-300x201.jpg 300w, https:\/\/www.revistarambla.com\/wp-content\/uploads\/2017\/02\/Refugiados10-e1487467590260-500x334.jpg 500w\" sizes=\"(max-width: 700px) 100vw, 700px\" \/><\/p>\n<p style=\"text-align: left;\">\u201cExigimos un gran pacto social a favor de las personas migrantes. Un pacto que sirva como precedente contra la sombra del racismo y la xenofobia que parece apoderarse otra vez de Europa. Empezando por mejorar la vida de las personas que ya se encuentran entre nosotros, pero este pacto que proponemos a las instituciones tambi\u00e9n tiene que servir para desbloquear la situaci\u00f3n de miles de personas que esperan a las puertas de Europa. Instamos a las instituciones catalanas para hacer un frente com\u00fan. Organic\u00e9monos, que somos capaces, ciudadan\u00eda, entidades, ayuntamientos, Generalitat. Vayamos donde haga falta y lleguemos hasta donde haga falta. Tenemos en nuestras manos la dignificaci\u00f3n de las vidas de la gente migrada, y el progreso que hagamos acabar\u00e1 beneficiando el conjunto de la sociedad. Hag\u00e1moslo. Queremos acoger y tenemos que hacerlo ahora\u201d.<\/p>","protected":false},"excerpt":{"rendered":"<p>La capital catalana se ti\u00f1\u00f3 de azul con una marea de 160.000 personas seg\u00fan la Guardia Urbana y cerca de 500.000 seg\u00fan los organizadores. Bajo el lema \u201cProu excuses. Acollim ara!\u201d los manifestantes exigieron la acogida de personas refugiadas y reformas en las pol\u00edticas del derecho al asilo. \u201cCasa nostra, [&hellip;]<\/p>\n","protected":false},"author":77,"featured_media":11697,"comment_status":"open","ping_status":"open","sticky":false,"template":"","format":"standard","meta":{"footnotes":""},"categories":[3,76],"tags":[],"class_list":["post-11696","post","type-post","status-publish","format-standard","has-post-thumbnail","hentry","category-actualidad","category-barcelona"],"yoast_head":"<!-- This site is optimized with the Yoast SEO plugin v27.5 - https:\/\/yoast.com\/product\/yoast-seo-wordpress\/ -->\n<title>Barcelona acogi\u00f3 la manifestaci\u00f3n por los refugiados m\u00e1s multitudinaria de Europa - Revista Rambla<\/title>\n<meta name=\"robots\" content=\"index, follow, max-snippet:-1, max-image-preview:large, max-video-preview:-1\" \/>\n<link rel=\"canonical\" href=\"https:\/\/www.revistarambla.com\/en\/barcelona-acogio-la-manifestacion-por-los-refugiados-mas-multitudinaria-de-europa\/\" \/>\n<meta property=\"og:locale\" content=\"en_GB\" \/>\n<meta property=\"og:type\" content=\"article\" \/>\n<meta property=\"og:title\" content=\"Barcelona acogi\u00f3 la manifestaci\u00f3n por los refugiados m\u00e1s multitudinaria de Europa - Revista Rambla\" \/>\n<meta property=\"og:description\" content=\"La capital catalana se ti\u00f1\u00f3 de azul con una marea de 160.000 personas seg\u00fan la Guardia Urbana y cerca de 500.000 seg\u00fan los organizadores. Bajo el lema \u201cProu excuses. Acollim ara!\u201d los manifestantes exigieron la acogida de personas refugiadas y reformas en las pol\u00edticas del derecho al asilo. \u201cCasa nostra, [&hellip;]\" \/>\n<meta property=\"og:url\" content=\"https:\/\/www.revistarambla.com\/en\/barcelona-acogio-la-manifestacion-por-los-refugiados-mas-multitudinaria-de-europa\/\" \/>\n<meta property=\"og:site_name\" content=\"Revista Rambla\" \/>\n<meta property=\"article:publisher\" content=\"https:\/\/www.facebook.com\/revistarambla\/\" \/>\n<meta property=\"article:published_time\" content=\"2017-02-19T02:28:01+00:00\" \/>\n<meta property=\"article:modified_time\" content=\"2021-12-20T18:54:35+00:00\" \/>\n<meta property=\"og:image\" content=\"https:\/\/www.revistarambla.com\/wp-content\/uploads\/2017\/02\/Refugiados18-e1487466025340.jpg\" \/>\n\t<meta property=\"og:image:width\" content=\"700\" \/>\n\t<meta property=\"og:image:height\" content=\"467\" \/>\n\t<meta property=\"og:image:type\" content=\"image\/jpeg\" \/>\n<meta name=\"author\" content=\"Raquel Vilella&nbsp;y&nbsp;Laia Font\" \/>\n<meta name=\"twitter:card\" content=\"summary_large_image\" \/>\n<meta name=\"twitter:creator\" content=\"@revistarambla\" \/>\n<meta name=\"twitter:site\" content=\"@revistarambla\" \/>\n<meta name=\"twitter:label1\" content=\"Written by\" \/>\n\t<meta name=\"twitter:data1\" content=\"Raquel Vilella&nbsp;y&nbsp;Laia Font\" \/>\n\t<meta name=\"twitter:label2\" content=\"Estimated reading time\" \/>\n\t<meta name=\"twitter:data2\" content=\"9 minutes\" \/>\n<script type=\"application\/ld+json\" class=\"yoast-schema-graph\">{\"@context\":\"https:\\\/\\\/schema.org\",\"@graph\":[{\"@type\":\"Article\",\"@id\":\"https:\\\/\\\/www.revistarambla.com\\\/barcelona-acogio-la-manifestacion-por-los-refugiados-mas-multitudinaria-de-europa\\\/#article\",\"isPartOf\":{\"@id\":\"https:\\\/\\\/www.revistarambla.com\\\/barcelona-acogio-la-manifestacion-por-los-refugiados-mas-multitudinaria-de-europa\\\/\"},\"author\":{\"name\":\"Raquel Vilella&nbsp;y&nbsp;Laia Font\",\"@id\":\"https:\\\/\\\/www.revistarambla.com\\\/#\\\/schema\\\/person\\\/074811fdb159459dc686aa6cb9e250e9\"},\"headline\":\"Barcelona acogi\u00f3 la manifestaci\u00f3n por los refugiados m\u00e1s multitudinaria de Europa\",\"datePublished\":\"2017-02-19T02:28:01+00:00\",\"dateModified\":\"2021-12-20T18:54:35+00:00\",\"mainEntityOfPage\":{\"@id\":\"https:\\\/\\\/www.revistarambla.com\\\/barcelona-acogio-la-manifestacion-por-los-refugiados-mas-multitudinaria-de-europa\\\/\"},\"wordCount\":1855,\"commentCount\":0,\"publisher\":{\"@id\":\"https:\\\/\\\/www.revistarambla.com\\\/#organization\"},\"image\":{\"@id\":\"https:\\\/\\\/www.revistarambla.com\\\/barcelona-acogio-la-manifestacion-por-los-refugiados-mas-multitudinaria-de-europa\\\/#primaryimage\"},\"thumbnailUrl\":\"https:\\\/\\\/www.revistarambla.com\\\/wp-content\\\/uploads\\\/2017\\\/02\\\/Refugiados18-e1487466025340.jpg\",\"articleSection\":[\"Actualidad\",\"Barcelona\"],\"inLanguage\":\"en-GB\",\"potentialAction\":[{\"@type\":\"CommentAction\",\"name\":\"Comment\",\"target\":[\"https:\\\/\\\/www.revistarambla.com\\\/barcelona-acogio-la-manifestacion-por-los-refugiados-mas-multitudinaria-de-europa\\\/#respond\"]}]},{\"@type\":\"WebPage\",\"@id\":\"https:\\\/\\\/www.revistarambla.com\\\/barcelona-acogio-la-manifestacion-por-los-refugiados-mas-multitudinaria-de-europa\\\/\",\"url\":\"https:\\\/\\\/www.revistarambla.com\\\/barcelona-acogio-la-manifestacion-por-los-refugiados-mas-multitudinaria-de-europa\\\/\",\"name\":\"Barcelona acogi\u00f3 la manifestaci\u00f3n por los refugiados m\u00e1s multitudinaria de Europa - Revista Rambla\",\"isPartOf\":{\"@id\":\"https:\\\/\\\/www.revistarambla.com\\\/#website\"},\"primaryImageOfPage\":{\"@id\":\"https:\\\/\\\/www.revistarambla.com\\\/barcelona-acogio-la-manifestacion-por-los-refugiados-mas-multitudinaria-de-europa\\\/#primaryimage\"},\"image\":{\"@id\":\"https:\\\/\\\/www.revistarambla.com\\\/barcelona-acogio-la-manifestacion-por-los-refugiados-mas-multitudinaria-de-europa\\\/#primaryimage\"},\"thumbnailUrl\":\"https:\\\/\\\/www.revistarambla.com\\\/wp-content\\\/uploads\\\/2017\\\/02\\\/Refugiados18-e1487466025340.jpg\",\"datePublished\":\"2017-02-19T02:28:01+00:00\",\"dateModified\":\"2021-12-20T18:54:35+00:00\",\"breadcrumb\":{\"@id\":\"https:\\\/\\\/www.revistarambla.com\\\/barcelona-acogio-la-manifestacion-por-los-refugiados-mas-multitudinaria-de-europa\\\/#breadcrumb\"},\"inLanguage\":\"en-GB\",\"potentialAction\":[{\"@type\":\"ReadAction\",\"target\":[\"https:\\\/\\\/www.revistarambla.com\\\/barcelona-acogio-la-manifestacion-por-los-refugiados-mas-multitudinaria-de-europa\\\/\"]}]},{\"@type\":\"ImageObject\",\"inLanguage\":\"en-GB\",\"@id\":\"https:\\\/\\\/www.revistarambla.com\\\/barcelona-acogio-la-manifestacion-por-los-refugiados-mas-multitudinaria-de-europa\\\/#primaryimage\",\"url\":\"https:\\\/\\\/www.revistarambla.com\\\/wp-content\\\/uploads\\\/2017\\\/02\\\/Refugiados18-e1487466025340.jpg\",\"contentUrl\":\"https:\\\/\\\/www.revistarambla.com\\\/wp-content\\\/uploads\\\/2017\\\/02\\\/Refugiados18-e1487466025340.jpg\",\"width\":700,\"height\":467},{\"@type\":\"BreadcrumbList\",\"@id\":\"https:\\\/\\\/www.revistarambla.com\\\/barcelona-acogio-la-manifestacion-por-los-refugiados-mas-multitudinaria-de-europa\\\/#breadcrumb\",\"itemListElement\":[{\"@type\":\"ListItem\",\"position\":1,\"name\":\"Portada\",\"item\":\"https:\\\/\\\/www.revistarambla.com\\\/\"},{\"@type\":\"ListItem\",\"position\":2,\"name\":\"Barcelona acogi\u00f3 la manifestaci\u00f3n por los refugiados m\u00e1s multitudinaria de Europa\"}]},{\"@type\":\"WebSite\",\"@id\":\"https:\\\/\\\/www.revistarambla.com\\\/#website\",\"url\":\"https:\\\/\\\/www.revistarambla.com\\\/\",\"name\":\"Revista Rambla Barcelona\",\"description\":\"Periodismo independiente\",\"publisher\":{\"@id\":\"https:\\\/\\\/www.revistarambla.com\\\/#organization\"},\"potentialAction\":[{\"@type\":\"SearchAction\",\"target\":{\"@type\":\"EntryPoint\",\"urlTemplate\":\"https:\\\/\\\/www.revistarambla.com\\\/?s={search_term_string}\"},\"query-input\":{\"@type\":\"PropertyValueSpecification\",\"valueRequired\":true,\"valueName\":\"search_term_string\"}}],\"inLanguage\":\"en-GB\"},{\"@type\":\"Organization\",\"@id\":\"https:\\\/\\\/www.revistarambla.com\\\/#organization\",\"name\":\"Revista Rambla\",\"url\":\"https:\\\/\\\/www.revistarambla.com\\\/\",\"logo\":{\"@type\":\"ImageObject\",\"inLanguage\":\"en-GB\",\"@id\":\"https:\\\/\\\/www.revistarambla.com\\\/#\\\/schema\\\/logo\\\/image\\\/\",\"url\":\"https:\\\/\\\/www.revistarambla.com\\\/wp-content\\\/uploads\\\/2020\\\/09\\\/banner_rambla_1900x600_BB.png\",\"contentUrl\":\"https:\\\/\\\/www.revistarambla.com\\\/wp-content\\\/uploads\\\/2020\\\/09\\\/banner_rambla_1900x600_BB.png\",\"width\":1900,\"height\":600,\"caption\":\"Revista Rambla\"},\"image\":{\"@id\":\"https:\\\/\\\/www.revistarambla.com\\\/#\\\/schema\\\/logo\\\/image\\\/\"},\"sameAs\":[\"https:\\\/\\\/www.facebook.com\\\/revistarambla\\\/\",\"https:\\\/\\\/x.com\\\/revistarambla\",\"https:\\\/\\\/www.instagram.com\\\/revista_rambla\",\"https:\\\/\\\/es.linkedin.com\\\/company\\\/revista-rambla\"]},[{\"@type\":[\"Person\"],\"@id\":\"https:\\\/\\\/www.revistarambla.com\\\/#\\\/schema\\\/person\\\/074811fdb159459dc686aa6cb9e250e9\",\"name\":\"Raquel Vilella\",\"image\":{\"@type\":\"ImageObject\",\"@id\":\"\",\"inLanguage\":\"en_GB\",\"url\":\"https:\\\/\\\/www.revistarambla.com\\\/wp-content\\\/uploads\\\/2021\\\/01\\\/Qly_zUU7-150x150.jpg\",\"caption\":\"Raquel Vilella\"}},{\"@type\":[\"Person\"],\"@id\":\"https:\\\/\\\/www.revistarambla.com\\\/#\\\/schema\\\/person\\\/074811fdb159459dc686aa6cb9e250e9\",\"name\":\"Laia Font\",\"image\":{\"@type\":\"ImageObject\",\"@id\":\"\",\"inLanguage\":\"en_GB\",\"url\":\"https:\\\/\\\/www.revistarambla.com\\\/wp-content\\\/uploads\\\/2021\\\/12\\\/fotoAutor5e33dd2bc4ce4A33063_FotoLaiaFont.jpg\",\"caption\":\"Laia Font\"}}]]}<\/script>\n<!-- \/ Yoast SEO plugin. -->","yoast_head_json":{"title":"Barcelona acogi\u00f3 la manifestaci\u00f3n por los refugiados m\u00e1s multitudinaria de Europa - Revista Rambla","robots":{"index":"index","follow":"follow","max-snippet":"max-snippet:-1","max-image-preview":"max-image-preview:large","max-video-preview":"max-video-preview:-1"},"canonical":"https:\/\/www.revistarambla.com\/en\/barcelona-acogio-la-manifestacion-por-los-refugiados-mas-multitudinaria-de-europa\/","og_locale":"en_GB","og_type":"article","og_title":"Barcelona acogi\u00f3 la manifestaci\u00f3n por los refugiados m\u00e1s multitudinaria de Europa - Revista Rambla","og_description":"La capital catalana se ti\u00f1\u00f3 de azul con una marea de 160.000 personas seg\u00fan la Guardia Urbana y cerca de 500.000 seg\u00fan los organizadores. Bajo el lema \u201cProu excuses. Acollim ara!\u201d los manifestantes exigieron la acogida de personas refugiadas y reformas en las pol\u00edticas del derecho al asilo. \u201cCasa nostra, [&hellip;]","og_url":"https:\/\/www.revistarambla.com\/en\/barcelona-acogio-la-manifestacion-por-los-refugiados-mas-multitudinaria-de-europa\/","og_site_name":"Revista Rambla","article_publisher":"https:\/\/www.facebook.com\/revistarambla\/","article_published_time":"2017-02-19T02:28:01+00:00","article_modified_time":"2021-12-20T18:54:35+00:00","og_image":[{"width":700,"height":467,"url":"https:\/\/www.revistarambla.com\/wp-content\/uploads\/2017\/02\/Refugiados18-e1487466025340.jpg","type":"image\/jpeg"}],"author":"Raquel Vilella&nbsp;y&nbsp;Laia Font","twitter_card":"summary_large_image","twitter_creator":"@revistarambla","twitter_site":"@revistarambla","twitter_misc":{"Written by":"Raquel Vilella&nbsp;y&nbsp;Laia Font","Estimated reading time":"9 minutes"},"schema":{"@context":"https:\/\/schema.org","@graph":[{"@type":"Article","@id":"https:\/\/www.revistarambla.com\/barcelona-acogio-la-manifestacion-por-los-refugiados-mas-multitudinaria-de-europa\/#article","isPartOf":{"@id":"https:\/\/www.revistarambla.com\/barcelona-acogio-la-manifestacion-por-los-refugiados-mas-multitudinaria-de-europa\/"},"author":{"name":"Raquel Vilella&nbsp;y&nbsp;Laia Font","@id":"https:\/\/www.revistarambla.com\/#\/schema\/person\/074811fdb159459dc686aa6cb9e250e9"},"headline":"Barcelona acogi\u00f3 la manifestaci\u00f3n por los refugiados m\u00e1s multitudinaria de Europa","datePublished":"2017-02-19T02:28:01+00:00","dateModified":"2021-12-20T18:54:35+00:00","mainEntityOfPage":{"@id":"https:\/\/www.revistarambla.com\/barcelona-acogio-la-manifestacion-por-los-refugiados-mas-multitudinaria-de-europa\/"},"wordCount":1855,"commentCount":0,"publisher":{"@id":"https:\/\/www.revistarambla.com\/#organization"},"image":{"@id":"https:\/\/www.revistarambla.com\/barcelona-acogio-la-manifestacion-por-los-refugiados-mas-multitudinaria-de-europa\/#primaryimage"},"thumbnailUrl":"https:\/\/www.revistarambla.com\/wp-content\/uploads\/2017\/02\/Refugiados18-e1487466025340.jpg","articleSection":["Actualidad","Barcelona"],"inLanguage":"en-GB","potentialAction":[{"@type":"CommentAction","name":"Comment","target":["https:\/\/www.revistarambla.com\/barcelona-acogio-la-manifestacion-por-los-refugiados-mas-multitudinaria-de-europa\/#respond"]}]},{"@type":"WebPage","@id":"https:\/\/www.revistarambla.com\/barcelona-acogio-la-manifestacion-por-los-refugiados-mas-multitudinaria-de-europa\/","url":"https:\/\/www.revistarambla.com\/barcelona-acogio-la-manifestacion-por-los-refugiados-mas-multitudinaria-de-europa\/","name":"Barcelona acogi\u00f3 la manifestaci\u00f3n por los refugiados m\u00e1s multitudinaria de Europa - Revista Rambla","isPartOf":{"@id":"https:\/\/www.revistarambla.com\/#website"},"primaryImageOfPage":{"@id":"https:\/\/www.revistarambla.com\/barcelona-acogio-la-manifestacion-por-los-refugiados-mas-multitudinaria-de-europa\/#primaryimage"},"image":{"@id":"https:\/\/www.revistarambla.com\/barcelona-acogio-la-manifestacion-por-los-refugiados-mas-multitudinaria-de-europa\/#primaryimage"},"thumbnailUrl":"https:\/\/www.revistarambla.com\/wp-content\/uploads\/2017\/02\/Refugiados18-e1487466025340.jpg","datePublished":"2017-02-19T02:28:01+00:00","dateModified":"2021-12-20T18:54:35+00:00","breadcrumb":{"@id":"https:\/\/www.revistarambla.com\/barcelona-acogio-la-manifestacion-por-los-refugiados-mas-multitudinaria-de-europa\/#breadcrumb"},"inLanguage":"en-GB","potentialAction":[{"@type":"ReadAction","target":["https:\/\/www.revistarambla.com\/barcelona-acogio-la-manifestacion-por-los-refugiados-mas-multitudinaria-de-europa\/"]}]},{"@type":"ImageObject","inLanguage":"en-GB","@id":"https:\/\/www.revistarambla.com\/barcelona-acogio-la-manifestacion-por-los-refugiados-mas-multitudinaria-de-europa\/#primaryimage","url":"https:\/\/www.revistarambla.com\/wp-content\/uploads\/2017\/02\/Refugiados18-e1487466025340.jpg","contentUrl":"https:\/\/www.revistarambla.com\/wp-content\/uploads\/2017\/02\/Refugiados18-e1487466025340.jpg","width":700,"height":467},{"@type":"BreadcrumbList","@id":"https:\/\/www.revistarambla.com\/barcelona-acogio-la-manifestacion-por-los-refugiados-mas-multitudinaria-de-europa\/#breadcrumb","itemListElement":[{"@type":"ListItem","position":1,"name":"Portada","item":"https:\/\/www.revistarambla.com\/"},{"@type":"ListItem","position":2,"name":"Barcelona acogi\u00f3 la manifestaci\u00f3n por los refugiados m\u00e1s multitudinaria de Europa"}]},{"@type":"WebSite","@id":"https:\/\/www.revistarambla.com\/#website","url":"https:\/\/www.revistarambla.com\/","name":"Revista Rambla Barcelona","description":"Periodismo independiente","publisher":{"@id":"https:\/\/www.revistarambla.com\/#organization"},"potentialAction":[{"@type":"SearchAction","target":{"@type":"EntryPoint","urlTemplate":"https:\/\/www.revistarambla.com\/?s={search_term_string}"},"query-input":{"@type":"PropertyValueSpecification","valueRequired":true,"valueName":"search_term_string"}}],"inLanguage":"en-GB"},{"@type":"Organization","@id":"https:\/\/www.revistarambla.com\/#organization","name":"Revista Rambla","url":"https:\/\/www.revistarambla.com\/","logo":{"@type":"ImageObject","inLanguage":"en-GB","@id":"https:\/\/www.revistarambla.com\/#\/schema\/logo\/image\/","url":"https:\/\/www.revistarambla.com\/wp-content\/uploads\/2020\/09\/banner_rambla_1900x600_BB.png","contentUrl":"https:\/\/www.revistarambla.com\/wp-content\/uploads\/2020\/09\/banner_rambla_1900x600_BB.png","width":1900,"height":600,"caption":"Revista Rambla"},"image":{"@id":"https:\/\/www.revistarambla.com\/#\/schema\/logo\/image\/"},"sameAs":["https:\/\/www.facebook.com\/revistarambla\/","https:\/\/x.com\/revistarambla","https:\/\/www.instagram.com\/revista_rambla","https:\/\/es.linkedin.com\/company\/revista-rambla"]},[{"@type":["Person"],"@id":"https:\/\/www.revistarambla.com\/#\/schema\/person\/074811fdb159459dc686aa6cb9e250e9","name":"Raquel Vilella","image":{"@type":"ImageObject","@id":"","inLanguage":"en_GB","url":"https:\/\/www.revistarambla.com\/wp-content\/uploads\/2021\/01\/Qly_zUU7-150x150.jpg","caption":"Raquel Vilella"}},{"@type":["Person"],"@id":"https:\/\/www.revistarambla.com\/#\/schema\/person\/074811fdb159459dc686aa6cb9e250e9","name":"Laia Font","image":{"@type":"ImageObject","@id":"","inLanguage":"en_GB","url":"https:\/\/www.revistarambla.com\/wp-content\/uploads\/2021\/12\/fotoAutor5e33dd2bc4ce4A33063_FotoLaiaFont.jpg","caption":"Laia Font"}}]]}},"_links":{"self":[{"href":"https:\/\/www.revistarambla.com\/en\/wp-json\/wp\/v2\/posts\/11696","targetHints":{"allow":["GET"]}}],"collection":[{"href":"https:\/\/www.revistarambla.com\/en\/wp-json\/wp\/v2\/posts"}],"about":[{"href":"https:\/\/www.revistarambla.com\/en\/wp-json\/wp\/v2\/types\/post"}],"author":[{"embeddable":true,"href":"https:\/\/www.revistarambla.com\/en\/wp-json\/wp\/v2\/users\/77"}],"replies":[{"embeddable":true,"href":"https:\/\/www.revistarambla.com\/en\/wp-json\/wp\/v2\/comments?post=11696"}],"version-history":[{"count":0,"href":"https:\/\/www.revistarambla.com\/en\/wp-json\/wp\/v2\/posts\/11696\/revisions"}],"wp:featuredmedia":[{"embeddable":true,"href":"https:\/\/www.revistarambla.com\/en\/wp-json\/wp\/v2\/media\/11697"}],"wp:attachment":[{"href":"https:\/\/www.revistarambla.com\/en\/wp-json\/wp\/v2\/media?parent=11696"}],"wp:term":[{"taxonomy":"category","embeddable":true,"href":"https:\/\/www.revistarambla.com\/en\/wp-json\/wp\/v2\/categories?post=11696"},{"taxonomy":"post_tag","embeddable":true,"href":"https:\/\/www.revistarambla.com\/en\/wp-json\/wp\/v2\/tags?post=11696"}],"curies":[{"name":"wp","href":"https:\/\/api.w.org\/{rel}","templated":true}]}}