{"id":1160,"date":"2011-10-04T19:45:13","date_gmt":"2011-10-04T17:45:13","guid":{"rendered":"https:\/\/www.revistarambla.com\/adherencias\/"},"modified":"2023-12-29T13:45:01","modified_gmt":"2023-12-29T12:45:01","slug":"adherencias","status":"publish","type":"post","link":"https:\/\/www.revistarambla.com\/en\/adherencias\/","title":{"rendered":"Adherencias"},"content":{"rendered":"<p>He nacido para que me hagan a\u00f1icos, dice <span data-scayt_word=\"Rhoda\" data-scaytid=\"6\">Rhoda<\/span>, porque sus ojos no pueden evitarlo, con absoluta nitidez ven c\u00f3mo naufragan uno a uno todos los barcos cuyas velas el viento hench\u00eda por momentos, barcos que una vez surcaron el mar como alegres delfines, p\u00e9talos <span data-scayt_word=\"balance\u00e1ndose\" data-scaytid=\"9\">balance\u00e1ndose<\/span> en la tersa superficie de un quieto mar azul. Aqu\u00ed est\u00e1 mi barco, ah\u00ed el tuyo; mi barco naufraga, mi barco se hunde; ella lo ve. Desnuda y <span data-scayt_word=\"magullada\" data-scaytid=\"10\">magullada<\/span> aparece la vida ante <span data-scayt_word=\"Rhoda\" data-scaytid=\"7\">Rhoda<\/span>, que echa a correr aunque no sabe a d\u00f3nde ir. El bosque de hayas, la columna en el desierto; lejos, lejos. No hay a d\u00f3nde ir, dijo <span data-scayt_word=\"Bernard\" data-scaytid=\"11\">Bernard<\/span>, <span data-scayt_word=\"erguido\" data-scaytid=\"12\">erguido<\/span> en la estaci\u00f3n, y seguramente no ignoraba que los h\u00famedos ojos de <span data-scayt_word=\"Rhoda\" data-scaytid=\"8\">Rhoda<\/span> se abr\u00edan en la noche como flores solitarias; noche tras noche aguantaban con asombro y terror la visi\u00f3n de las naves naufragando en el techo de la habitaci\u00f3n, en el suelo, en la pared, en todas partes; su barco, el de <span data-scayt_word=\"Susan\" data-scaytid=\"13\">Susan<\/span>, el de <span data-scayt_word=\"Louis\" data-scaytid=\"14\">Louis<\/span>, todos. La cama flotaba suspendida.<\/p>\n<p>El crecimiento de la ola, su lento y costoso definirse, su abrirse cruel, su quebrarse lastimero y solitario contra las rocas\u2026 A veces parece que al mar le complace acoger en su regazo, igual que una madre amorosa, todas las p\u00e9rdidas que no tendremos tiempo de llorar, todos los hachazos que no podemos permitirnos sentir, todas las contusiones, todas las ruinas, todo menos esa \u00fanica cosa que tan extra\u00f1amente las comprende todas; \u00e9sa el mar nos la retorna con cada nueva marea hasta el final de nuestros d\u00edas. As\u00ed <span data-scayt_word=\"Percival\" data-scaytid=\"19\">Percival<\/span>, que muri\u00f3 pronto y lejos entre hombres desconocidos, volver\u00e1 a nosotros una y otra vez. El caballo desbocado (la vida disfrazada, su porte, su potencia) arroj\u00f3 para siempre esa sombra que como un gorri\u00f3n en la viga del techo observa por encima de nuestras cabezas, o sonr\u00ede desde lo alto de una rama como un gato antojadizo, o vela por nosotros encerrada en la p\u00e1gina del libro que leemos, bailando con las letras, <span data-scayt_word=\"muri\u00e9ndose\" data-scaytid=\"20\">muri\u00e9ndose<\/span> de risa, qui\u00e9n puede saber. Lo cierto es que algo llor\u00f3 de pena al pisar la cubierta del bajel estremecido de <span data-scayt_word=\"Rhoda\" data-scaytid=\"15\">Rhoda<\/span>, sol\u00eda detenerse en el pasillo del metro con <span data-scayt_word=\"Jinny\" data-scaytid=\"21\">Jinny<\/span>, despacio abr\u00eda una puerta en el verde prado de <span data-scayt_word=\"Susan\" data-scaytid=\"16\">Susan<\/span>, firmaba con <span data-scayt_word=\"Louise\" data-scaytid=\"22\">Louise<\/span> un grave documento, amaba con <span data-scayt_word=\"Neville\" data-scaytid=\"23\">Neville<\/span> reclinado en un div\u00e1n y se deten\u00eda siempre cuando <span data-scayt_word=\"Bernard\" data-scaytid=\"17\">Bernard<\/span>, a punto de partir de <span data-scayt_word=\"Waterloo\" data-scaytid=\"24\">Waterloo<\/span>, posaba sus ojos en las largas piernas de una desconocida pensando que tiene que haber una historia.<\/p>\n<p>La vida de la ola que \u2013quiz\u00e1 no sin alborozo\u2013 se abre el vientre contra un pu\u00f1al de roca, siempre es la misma. Al principio la negrura siempre retrocede ante la nobleza de la aurora (los ni\u00f1os juntan dos, tres palabras). Bajo la luz de esa estrella joven todo es difuso y delicado (\u00abPodr\u00edamos haber sido cualquier cosa\u00bb). La niebla a\u00fan yace perezosa en lo hondo del valle, remolonea tendida en los campos, como un fantasma <span data-scayt_word=\"infunde\" data-scaytid=\"27\">infunde<\/span> al paisaje su extra\u00f1a irrealidad. Pero es in\u00fatil. La vieja nodriza ya descubre su pecho para alimentar al animal reci\u00e9n nacido. La luz se hace m\u00e1s fuerte en la ruta del cielo (\u00abAhora hemos elegido\u00bb). Es mediod\u00eda. El sol deshace <span data-scayt_word=\"cris\u00e1lidas\" data-scaytid=\"28\">cris\u00e1lidas<\/span>, rompe cascarones. Contra un azul muy puro los cuerpos se desnudan, las cosas se moldean, adquieren forma y parecen duras, tan duras por cierto que no tarda en llegar el invierno o el verano en que orgullosas, hostiles, levantan su pu\u00f1o clamando: \u00ab<span data-scayt_word=\"M\u00edrame\" data-scaytid=\"29\">M\u00edrame<\/span>, yo prevalezco, yo paso la prueba\u00bb. As\u00ed es como se adhieren a la vida por un momento; as\u00ed es como luchan, se <span data-scayt_word=\"embisten\" data-scaytid=\"30\">embisten<\/span> y se <span data-scayt_word=\"aplastan\" data-scaytid=\"31\">aplastan<\/span> (<span data-scayt_word=\"Susan\" data-scaytid=\"18\">Susan<\/span> oculta a <span data-scayt_word=\"Jinny\" data-scaytid=\"25\">Jinny<\/span> unas manos que se han hundido demasiadas veces en la tierra; <span data-scayt_word=\"Jinny\" data-scaytid=\"26\">Jinny<\/span> esconde bajo el mantel unas u\u00f1as demasiado rojas). Y sin embargo la luz se desplaza, se inclina en el plano celeste y la tarde cae; los contornos se suavizan y todo se agota, se dispersa, se diluye. Como los guijarros que el mar ba\u00f1a en la orilla las esquinas se redondean, los v\u00e9rtices se ablandan y los rostros se limpian las arrugas adquiridas con un pa\u00f1o universal (\u00abSon solo hombres, solo mujeres\u00bb). \u00bfY acaso no mor\u00edamos por eso, por la soberbia inconsciente del principio <span data-scayt_word=\"mof\u00e1ndose\" data-scaytid=\"32\">mof\u00e1ndose<\/span> de todo como un sol meridional?<\/p>\n<p><span data-scayt_word=\"Neville\" data-scaytid=\"33\">Neville<\/span>, <span data-scayt_word=\"Susan\" data-scaytid=\"34\">Susan<\/span>, <span data-scayt_word=\"Rhoda\" data-scaytid=\"35\">Rhoda<\/span>, <span data-scayt_word=\"Louis\" data-scaytid=\"36\">Louis<\/span>, <span data-scayt_word=\"Bernard\" data-scaytid=\"37\">Bernard<\/span>, <span data-scayt_word=\"Jinny\" data-scaytid=\"38\">Jinny<\/span>. \u00ab\u00bfQu\u00e9 hab\u00e9is hecho de la vida?\u00bb Fuisteis luminarias en una noche infinita; notas sueltas entre silencios mortales; a\u00f1icos, pedazos, destellos (\u00abEstamos perdidos en los abismos del tiempo, en la oscuridad\u00bb). Nadie dir\u00e1 que os sobr\u00f3 el tiempo. Corristeis de Londres a Roma sin un minuto libre para ver a vuestros amigos, sin una tregua en el rabioso frenes\u00ed, sin un d\u00eda sin rel\u00e1mpagos y truenos. Algo resplandeciente, algo atronador os sedujo como a ni\u00f1os peque\u00f1os, os meci\u00f3 y parec\u00eda que volaseis, os abraz\u00f3 y parec\u00eda que os amase, pero un d\u00eda os abandon\u00f3 en un rinc\u00f3n a ras de suelo, donde un forcejeo espantoso (la boca se abre) destroz\u00f3 el complicado tejido que yac\u00eda <span data-scayt_word=\"inacabado\" data-scaytid=\"39\">inacabado<\/span> en vuestras rodillas gastadas, y los pedazos estallaron como las cuentas de un collar lanzado al aire, y la \u00abpulgada de luz\u00bb se derram\u00f3 de vuestra vieja copa usada.<\/p>\n<p>En <em>Las olas<\/em> hay palabras que muerden la delgada superficie del estanque que somos como peces en un r\u00edo, agitando las aguas y formando ondas, <span data-scayt_word=\"burbujeando\" data-scaytid=\"40\">burbujeando<\/span>, brincando, lanzando mensajes de un mundo que cruje por debajo y casi nunca vemos. Son las pinzas que tensan la membrana para que veamos m\u00e1s, las flechas vueltas en direcci\u00f3n al inmensurable territorio fragmentado en el que vivimos solos, sin estirpe y sin herencia. Como una r\u00e1faga de aire c\u00e1lido las palabras <span data-scayt_word=\"derriten\" data-scaytid=\"41\">derriten<\/span> la costra de hielo con la que nos <span data-scayt_word=\"insensibilizamos\" data-scaytid=\"43\">insensibilizamos<\/span> cada d\u00eda para coger el tren que nos lleve de Londres a Roma sanos y <span data-scayt_word=\"salvos\" data-scaytid=\"44\">salvos<\/span>, para que <span data-scayt_word=\"paguemos\" data-scaytid=\"45\">paguemos<\/span> nuestras <span data-scayt_word=\"facturas\" data-scaytid=\"46\">facturas<\/span> pase lo que pase y en ning\u00fan caso las bolsas de la compra se nos caigan de las manos, haciendo un estropicio a nuestros pies. S\u00ed, a veces un aire furtivo se <span data-scayt_word=\"cuela\" data-scaytid=\"47\">cuela<\/span> por alguna rendija insospechada y en cumbres ignotas nuestras nieves se <span data-scayt_word=\"derriten\" data-scaytid=\"42\">derriten<\/span>, se forman arroyos cuyo origen jam\u00e1s conoceremos y la escarcha y todo el hielo se <span data-scayt_word=\"esparcen\" data-scaytid=\"48\">esparcen<\/span>, se <span data-scayt_word=\"pierden\" data-scaytid=\"49\">pierden<\/span> en la hierba alta mientras nosotros, gastados y marchitos, perdemos inevitablemente el tren y soltamos las bolsas, sin tiempo para ver el reguero de cristales y c\u00e1scaras que ha quedado a nuestros pies.<\/p>","protected":false},"excerpt":{"rendered":"<p>He nacido para que me hagan a\u00f1icos, dice Rhoda, porque sus ojos no pueden evitarlo, con absoluta nitidez ven c\u00f3mo naufragan uno a uno todos los barcos cuyas velas el viento hench\u00eda por momentos, barcos que una vez surcaron el mar como alegres delfines, p\u00e9talos balance\u00e1ndose en la tersa superficie [&hellip;]<\/p>\n","protected":false},"author":31,"featured_media":0,"comment_status":"open","ping_status":"open","sticky":false,"template":"","format":"standard","meta":{"footnotes":""},"categories":[75],"tags":[],"class_list":["post-1160","post","type-post","status-publish","format-standard","hentry","category-letras-y-cuentos"],"yoast_head":"<!-- This site is optimized with the Yoast SEO plugin v27.5 - https:\/\/yoast.com\/product\/yoast-seo-wordpress\/ -->\n<title>Adherencias - Revista Rambla<\/title>\n<meta name=\"robots\" content=\"index, follow, max-snippet:-1, max-image-preview:large, max-video-preview:-1\" \/>\n<link rel=\"canonical\" href=\"https:\/\/www.revistarambla.com\/en\/adherencias\/\" \/>\n<meta property=\"og:locale\" content=\"en_GB\" \/>\n<meta property=\"og:type\" content=\"article\" \/>\n<meta property=\"og:title\" content=\"Adherencias - Revista Rambla\" \/>\n<meta property=\"og:description\" content=\"He nacido para que me hagan a\u00f1icos, dice Rhoda, porque sus ojos no pueden evitarlo, con absoluta nitidez ven c\u00f3mo naufragan uno a uno todos los barcos cuyas velas el viento hench\u00eda por momentos, barcos que una vez surcaron el mar como alegres delfines, p\u00e9talos balance\u00e1ndose en la tersa superficie [&hellip;]\" \/>\n<meta property=\"og:url\" content=\"https:\/\/www.revistarambla.com\/en\/adherencias\/\" \/>\n<meta property=\"og:site_name\" content=\"Revista Rambla\" \/>\n<meta property=\"article:publisher\" content=\"https:\/\/www.facebook.com\/revistarambla\/\" \/>\n<meta property=\"article:published_time\" content=\"2011-10-04T17:45:13+00:00\" \/>\n<meta property=\"article:modified_time\" content=\"2023-12-29T12:45:01+00:00\" \/>\n<meta name=\"author\" content=\"Aida M\u00edguez Barciela\" \/>\n<meta name=\"twitter:card\" content=\"summary_large_image\" \/>\n<meta name=\"twitter:creator\" content=\"@revistarambla\" \/>\n<meta name=\"twitter:site\" content=\"@revistarambla\" \/>\n<meta name=\"twitter:label1\" content=\"Written by\" \/>\n\t<meta name=\"twitter:data1\" content=\"Aida M\u00edguez Barciela\" \/>\n\t<meta name=\"twitter:label2\" content=\"Estimated reading time\" \/>\n\t<meta name=\"twitter:data2\" content=\"5 minutes\" \/>\n<script type=\"application\/ld+json\" class=\"yoast-schema-graph\">{\"@context\":\"https:\\\/\\\/schema.org\",\"@graph\":[{\"@type\":\"Article\",\"@id\":\"https:\\\/\\\/www.revistarambla.com\\\/adherencias\\\/#article\",\"isPartOf\":{\"@id\":\"https:\\\/\\\/www.revistarambla.com\\\/adherencias\\\/\"},\"author\":{\"name\":\"Aida M\u00edguez Barciela\",\"@id\":\"https:\\\/\\\/www.revistarambla.com\\\/#\\\/schema\\\/person\\\/25a0419bcd668768d91ea2aed2fa2b3f\"},\"headline\":\"Adherencias\",\"datePublished\":\"2011-10-04T17:45:13+00:00\",\"dateModified\":\"2023-12-29T12:45:01+00:00\",\"mainEntityOfPage\":{\"@id\":\"https:\\\/\\\/www.revistarambla.com\\\/adherencias\\\/\"},\"wordCount\":1131,\"commentCount\":0,\"publisher\":{\"@id\":\"https:\\\/\\\/www.revistarambla.com\\\/#organization\"},\"articleSection\":[\"Letras y Cuentos\"],\"inLanguage\":\"en-GB\",\"potentialAction\":[{\"@type\":\"CommentAction\",\"name\":\"Comment\",\"target\":[\"https:\\\/\\\/www.revistarambla.com\\\/adherencias\\\/#respond\"]}]},{\"@type\":\"WebPage\",\"@id\":\"https:\\\/\\\/www.revistarambla.com\\\/adherencias\\\/\",\"url\":\"https:\\\/\\\/www.revistarambla.com\\\/adherencias\\\/\",\"name\":\"Adherencias - Revista Rambla\",\"isPartOf\":{\"@id\":\"https:\\\/\\\/www.revistarambla.com\\\/#website\"},\"datePublished\":\"2011-10-04T17:45:13+00:00\",\"dateModified\":\"2023-12-29T12:45:01+00:00\",\"breadcrumb\":{\"@id\":\"https:\\\/\\\/www.revistarambla.com\\\/adherencias\\\/#breadcrumb\"},\"inLanguage\":\"en-GB\",\"potentialAction\":[{\"@type\":\"ReadAction\",\"target\":[\"https:\\\/\\\/www.revistarambla.com\\\/adherencias\\\/\"]}]},{\"@type\":\"BreadcrumbList\",\"@id\":\"https:\\\/\\\/www.revistarambla.com\\\/adherencias\\\/#breadcrumb\",\"itemListElement\":[{\"@type\":\"ListItem\",\"position\":1,\"name\":\"Portada\",\"item\":\"https:\\\/\\\/www.revistarambla.com\\\/\"},{\"@type\":\"ListItem\",\"position\":2,\"name\":\"Adherencias\"}]},{\"@type\":\"WebSite\",\"@id\":\"https:\\\/\\\/www.revistarambla.com\\\/#website\",\"url\":\"https:\\\/\\\/www.revistarambla.com\\\/\",\"name\":\"Revista Rambla Barcelona\",\"description\":\"Periodismo independiente\",\"publisher\":{\"@id\":\"https:\\\/\\\/www.revistarambla.com\\\/#organization\"},\"potentialAction\":[{\"@type\":\"SearchAction\",\"target\":{\"@type\":\"EntryPoint\",\"urlTemplate\":\"https:\\\/\\\/www.revistarambla.com\\\/?s={search_term_string}\"},\"query-input\":{\"@type\":\"PropertyValueSpecification\",\"valueRequired\":true,\"valueName\":\"search_term_string\"}}],\"inLanguage\":\"en-GB\"},{\"@type\":\"Organization\",\"@id\":\"https:\\\/\\\/www.revistarambla.com\\\/#organization\",\"name\":\"Revista Rambla\",\"url\":\"https:\\\/\\\/www.revistarambla.com\\\/\",\"logo\":{\"@type\":\"ImageObject\",\"inLanguage\":\"en-GB\",\"@id\":\"https:\\\/\\\/www.revistarambla.com\\\/#\\\/schema\\\/logo\\\/image\\\/\",\"url\":\"https:\\\/\\\/www.revistarambla.com\\\/wp-content\\\/uploads\\\/2020\\\/09\\\/banner_rambla_1900x600_BB.png\",\"contentUrl\":\"https:\\\/\\\/www.revistarambla.com\\\/wp-content\\\/uploads\\\/2020\\\/09\\\/banner_rambla_1900x600_BB.png\",\"width\":1900,\"height\":600,\"caption\":\"Revista Rambla\"},\"image\":{\"@id\":\"https:\\\/\\\/www.revistarambla.com\\\/#\\\/schema\\\/logo\\\/image\\\/\"},\"sameAs\":[\"https:\\\/\\\/www.facebook.com\\\/revistarambla\\\/\",\"https:\\\/\\\/x.com\\\/revistarambla\",\"https:\\\/\\\/www.instagram.com\\\/revista_rambla\",\"https:\\\/\\\/es.linkedin.com\\\/company\\\/revista-rambla\"]},{\"@type\":\"Person\",\"@id\":\"https:\\\/\\\/www.revistarambla.com\\\/#\\\/schema\\\/person\\\/25a0419bcd668768d91ea2aed2fa2b3f\",\"name\":\"Aida M\u00edguez Barciela\",\"description\":\"Doctora en Filosof\u00eda por la Universidad de Barcelona. Su trabajo de investigaci\u00f3n se centra en la hermen\u00e9utica de los textos griegos antiguos.\"}]}<\/script>\n<!-- \/ Yoast SEO plugin. -->","yoast_head_json":{"title":"Adherencias - Revista Rambla","robots":{"index":"index","follow":"follow","max-snippet":"max-snippet:-1","max-image-preview":"max-image-preview:large","max-video-preview":"max-video-preview:-1"},"canonical":"https:\/\/www.revistarambla.com\/en\/adherencias\/","og_locale":"en_GB","og_type":"article","og_title":"Adherencias - Revista Rambla","og_description":"He nacido para que me hagan a\u00f1icos, dice Rhoda, porque sus ojos no pueden evitarlo, con absoluta nitidez ven c\u00f3mo naufragan uno a uno todos los barcos cuyas velas el viento hench\u00eda por momentos, barcos que una vez surcaron el mar como alegres delfines, p\u00e9talos balance\u00e1ndose en la tersa superficie [&hellip;]","og_url":"https:\/\/www.revistarambla.com\/en\/adherencias\/","og_site_name":"Revista Rambla","article_publisher":"https:\/\/www.facebook.com\/revistarambla\/","article_published_time":"2011-10-04T17:45:13+00:00","article_modified_time":"2023-12-29T12:45:01+00:00","author":"Aida M\u00edguez Barciela","twitter_card":"summary_large_image","twitter_creator":"@revistarambla","twitter_site":"@revistarambla","twitter_misc":{"Written by":"Aida M\u00edguez Barciela","Estimated reading time":"5 minutes"},"schema":{"@context":"https:\/\/schema.org","@graph":[{"@type":"Article","@id":"https:\/\/www.revistarambla.com\/adherencias\/#article","isPartOf":{"@id":"https:\/\/www.revistarambla.com\/adherencias\/"},"author":{"name":"Aida M\u00edguez Barciela","@id":"https:\/\/www.revistarambla.com\/#\/schema\/person\/25a0419bcd668768d91ea2aed2fa2b3f"},"headline":"Adherencias","datePublished":"2011-10-04T17:45:13+00:00","dateModified":"2023-12-29T12:45:01+00:00","mainEntityOfPage":{"@id":"https:\/\/www.revistarambla.com\/adherencias\/"},"wordCount":1131,"commentCount":0,"publisher":{"@id":"https:\/\/www.revistarambla.com\/#organization"},"articleSection":["Letras y Cuentos"],"inLanguage":"en-GB","potentialAction":[{"@type":"CommentAction","name":"Comment","target":["https:\/\/www.revistarambla.com\/adherencias\/#respond"]}]},{"@type":"WebPage","@id":"https:\/\/www.revistarambla.com\/adherencias\/","url":"https:\/\/www.revistarambla.com\/adherencias\/","name":"Adherencias - Revista Rambla","isPartOf":{"@id":"https:\/\/www.revistarambla.com\/#website"},"datePublished":"2011-10-04T17:45:13+00:00","dateModified":"2023-12-29T12:45:01+00:00","breadcrumb":{"@id":"https:\/\/www.revistarambla.com\/adherencias\/#breadcrumb"},"inLanguage":"en-GB","potentialAction":[{"@type":"ReadAction","target":["https:\/\/www.revistarambla.com\/adherencias\/"]}]},{"@type":"BreadcrumbList","@id":"https:\/\/www.revistarambla.com\/adherencias\/#breadcrumb","itemListElement":[{"@type":"ListItem","position":1,"name":"Portada","item":"https:\/\/www.revistarambla.com\/"},{"@type":"ListItem","position":2,"name":"Adherencias"}]},{"@type":"WebSite","@id":"https:\/\/www.revistarambla.com\/#website","url":"https:\/\/www.revistarambla.com\/","name":"Revista Rambla Barcelona","description":"Periodismo independiente","publisher":{"@id":"https:\/\/www.revistarambla.com\/#organization"},"potentialAction":[{"@type":"SearchAction","target":{"@type":"EntryPoint","urlTemplate":"https:\/\/www.revistarambla.com\/?s={search_term_string}"},"query-input":{"@type":"PropertyValueSpecification","valueRequired":true,"valueName":"search_term_string"}}],"inLanguage":"en-GB"},{"@type":"Organization","@id":"https:\/\/www.revistarambla.com\/#organization","name":"Revista Rambla","url":"https:\/\/www.revistarambla.com\/","logo":{"@type":"ImageObject","inLanguage":"en-GB","@id":"https:\/\/www.revistarambla.com\/#\/schema\/logo\/image\/","url":"https:\/\/www.revistarambla.com\/wp-content\/uploads\/2020\/09\/banner_rambla_1900x600_BB.png","contentUrl":"https:\/\/www.revistarambla.com\/wp-content\/uploads\/2020\/09\/banner_rambla_1900x600_BB.png","width":1900,"height":600,"caption":"Revista Rambla"},"image":{"@id":"https:\/\/www.revistarambla.com\/#\/schema\/logo\/image\/"},"sameAs":["https:\/\/www.facebook.com\/revistarambla\/","https:\/\/x.com\/revistarambla","https:\/\/www.instagram.com\/revista_rambla","https:\/\/es.linkedin.com\/company\/revista-rambla"]},{"@type":"Person","@id":"https:\/\/www.revistarambla.com\/#\/schema\/person\/25a0419bcd668768d91ea2aed2fa2b3f","name":"Aida M\u00edguez Barciela","description":"Doctora en Filosof\u00eda por la Universidad de Barcelona. Su trabajo de investigaci\u00f3n se centra en la hermen\u00e9utica de los textos griegos antiguos."}]}},"_links":{"self":[{"href":"https:\/\/www.revistarambla.com\/en\/wp-json\/wp\/v2\/posts\/1160","targetHints":{"allow":["GET"]}}],"collection":[{"href":"https:\/\/www.revistarambla.com\/en\/wp-json\/wp\/v2\/posts"}],"about":[{"href":"https:\/\/www.revistarambla.com\/en\/wp-json\/wp\/v2\/types\/post"}],"author":[{"embeddable":true,"href":"https:\/\/www.revistarambla.com\/en\/wp-json\/wp\/v2\/users\/31"}],"replies":[{"embeddable":true,"href":"https:\/\/www.revistarambla.com\/en\/wp-json\/wp\/v2\/comments?post=1160"}],"version-history":[{"count":1,"href":"https:\/\/www.revistarambla.com\/en\/wp-json\/wp\/v2\/posts\/1160\/revisions"}],"predecessor-version":[{"id":57805,"href":"https:\/\/www.revistarambla.com\/en\/wp-json\/wp\/v2\/posts\/1160\/revisions\/57805"}],"wp:attachment":[{"href":"https:\/\/www.revistarambla.com\/en\/wp-json\/wp\/v2\/media?parent=1160"}],"wp:term":[{"taxonomy":"category","embeddable":true,"href":"https:\/\/www.revistarambla.com\/en\/wp-json\/wp\/v2\/categories?post=1160"},{"taxonomy":"post_tag","embeddable":true,"href":"https:\/\/www.revistarambla.com\/en\/wp-json\/wp\/v2\/tags?post=1160"}],"curies":[{"name":"wp","href":"https:\/\/api.w.org\/{rel}","templated":true}]}}