{"id":1158,"date":"2011-10-03T05:26:45","date_gmt":"2011-10-03T03:26:45","guid":{"rendered":"https:\/\/www.revistarambla.com\/contra-el-fascismo-accion-directa\/"},"modified":"2021-12-10T16:39:38","modified_gmt":"2021-12-10T15:39:38","slug":"contra-el-fascismo-accion-directa","status":"publish","type":"post","link":"https:\/\/www.revistarambla.com\/en\/contra-el-fascismo-accion-directa\/","title":{"rendered":"Contra el fascismo: acci\u00f3n directa"},"content":{"rendered":"<p>Plaza Urquinaona de Barcelona. Once y media de la ma\u00f1ana del domingo 2 de octubre. Bajo el lema \u201cno pasaran\u201d los manifestantes empiezan a caminar en direcci\u00f3n\u00a0 a la plaza Sant Jaume, donde Josep Anglada -l\u00edder de la ultraderechista Plataforma per Catalunya (PxC)- se dispone a dar un discurso media hora m\u00e1s tarde. En su mayor\u00eda son j\u00f3venes de ideolog\u00eda antifascista que se han citado a trav\u00e9s de las redes sociales.<\/p>\n<p><img decoding=\"async\" class=\"aligncenter wp-image-31424 size-full\" src=\"https:\/\/www.revistarambla.com\/wp-content\/uploads\/2011\/10\/pxc.jpg\" alt=\"\" width=\"457\" height=\"250\" srcset=\"https:\/\/www.revistarambla.com\/wp-content\/uploads\/2011\/10\/pxc.jpg 457w, https:\/\/www.revistarambla.com\/wp-content\/uploads\/2011\/10\/pxc-300x164.jpg 300w\" sizes=\"(max-width: 457px) 100vw, 457px\" \/><\/p>\n<p>A la voz de \u201calerta, alerta, alerta antifascista!\u201d o <span data-scayt_word=\"\u201caix\u00ed\" data-scaytid=\"24\">\u201caix\u00ed<\/span>, <span data-scayt_word=\"aix\u00ed\" data-scaytid=\"25\">aix\u00ed<\/span>, ni un <span data-scayt_word=\"pas\" data-scaytid=\"26\">pas<\/span> <span data-scayt_word=\"enrera\" data-scaytid=\"27\">enrera<\/span>, contra el <span data-scayt_word=\"fascisme\" data-scaytid=\"28\">fascisme<\/span> <span data-scayt_word=\"acci\u00f3\" data-scaytid=\"29\">acci\u00f3<\/span> directa!\u201d la concentraci\u00f3n recorre la calle Trafalgar, y pasa por delante del <span data-scayt_word=\"Arc\" data-scaytid=\"30\">Arc<\/span> del <span data-scayt_word=\"Triomf\" data-scaytid=\"31\">Triomf<\/span>. En el <span data-scayt_word=\"Passeig\" data-scaytid=\"32\">Passeig<\/span> de <span data-scayt_word=\"Lluis\" data-scaytid=\"33\">Lluis<\/span> <span data-scayt_word=\"Companys\" data-scaytid=\"34\">Companys<\/span>, varios furgones de los <span data-scayt_word=\"Mossos\" data-scaytid=\"35\">Mossos<\/span>\u00a0 de <span data-scayt_word=\"Esquadra\" data-scaytid=\"36\">Esquadra<\/span> circulan ya tras los manifestantes y les advierten, por los altavoces de uno de los veh\u00edculos, que la manifestaci\u00f3n no ha sido comunicada\u00a0 y pueden ser sancionados si contin\u00faan concentrados.<\/p>\n<p>A pesar del aviso, el grupo sigue avanzando y llega hasta V\u00eda Layetana. All\u00ed los <span data-scayt_word=\"antidisturbios\" data-scaytid=\"40\">antidisturbios<\/span> han formado un cord\u00f3n que impide el acercamiento a la plaza. Entonces las consignas <span data-scayt_word=\"antipoliciales\" data-scaytid=\"41\">antipoliciales<\/span> se multiplican, y otras tantas contra <span data-scayt_word=\"Anglada\" data-scaytid=\"37\">Anglada<\/span> se gritan con m\u00e1s fuerza, con la esperanza de que sean percibidas por el pol\u00edtico y sus seguidores desde donde se encuentran. Ardua tarea. Finalmente, sobre las 12:20 h. los manifestantes se retiran en bloque. No hay cargas, no hay incidentes. Una hora m\u00e1s tarde, la V\u00eda Layetana y las calles de acceso a la <span data-scayt_word=\"Pla\u00e7a\" data-scaytid=\"42\">Pla\u00e7a<\/span> Sant <span data-scayt_word=\"Jaume\" data-scaytid=\"39\">Jaume<\/span> siguen cerradas. Por la tarde habr\u00e1 una nueva manifestaci\u00f3n antifascista, aunque esta vez autorizada (como la de <span data-scayt_word=\"Anglada\" data-scaytid=\"38\">Anglada<\/span>).<\/p>","protected":false},"excerpt":{"rendered":"<p>Plaza Urquinaona de Barcelona. Once y media de la ma\u00f1ana del domingo 2 de octubre. Bajo el lema \u201cno pasaran\u201d los manifestantes empiezan a caminar en direcci\u00f3n\u00a0 a la plaza Sant Jaume, donde Josep Anglada -l\u00edder de la ultraderechista Plataforma per Catalunya (PxC)- se dispone a dar un discurso media [&hellip;]<\/p>\n","protected":false},"author":51,"featured_media":31424,"comment_status":"open","ping_status":"open","sticky":false,"template":"","format":"standard","meta":{"footnotes":""},"categories":[3,76],"tags":[],"class_list":["post-1158","post","type-post","status-publish","format-standard","has-post-thumbnail","hentry","category-actualidad","category-barcelona"],"yoast_head":"<!-- This site is optimized with the Yoast SEO plugin v27.5 - https:\/\/yoast.com\/product\/yoast-seo-wordpress\/ -->\n<title>Contra el fascismo: acci\u00f3n directa - Revista Rambla<\/title>\n<meta name=\"robots\" content=\"index, follow, max-snippet:-1, max-image-preview:large, max-video-preview:-1\" \/>\n<link rel=\"canonical\" href=\"https:\/\/www.revistarambla.com\/en\/contra-el-fascismo-accion-directa\/\" \/>\n<meta property=\"og:locale\" content=\"en_GB\" \/>\n<meta property=\"og:type\" content=\"article\" \/>\n<meta property=\"og:title\" content=\"Contra el fascismo: acci\u00f3n directa - Revista Rambla\" \/>\n<meta property=\"og:description\" content=\"Plaza Urquinaona de Barcelona. Once y media de la ma\u00f1ana del domingo 2 de octubre. Bajo el lema \u201cno pasaran\u201d los manifestantes empiezan a caminar en direcci\u00f3n\u00a0 a la plaza Sant Jaume, donde Josep Anglada -l\u00edder de la ultraderechista Plataforma per Catalunya (PxC)- se dispone a dar un discurso media [&hellip;]\" \/>\n<meta property=\"og:url\" content=\"https:\/\/www.revistarambla.com\/en\/contra-el-fascismo-accion-directa\/\" \/>\n<meta property=\"og:site_name\" content=\"Revista Rambla\" \/>\n<meta property=\"article:publisher\" content=\"https:\/\/www.facebook.com\/revistarambla\/\" \/>\n<meta property=\"article:published_time\" content=\"2011-10-03T03:26:45+00:00\" \/>\n<meta property=\"article:modified_time\" content=\"2021-12-10T15:39:38+00:00\" \/>\n<meta property=\"og:image\" content=\"https:\/\/www.revistarambla.com\/wp-content\/uploads\/2011\/10\/pxc.jpg\" \/>\n\t<meta property=\"og:image:width\" content=\"457\" \/>\n\t<meta property=\"og:image:height\" content=\"250\" \/>\n\t<meta property=\"og:image:type\" content=\"image\/jpeg\" \/>\n<meta name=\"author\" content=\"Elena Fern\u00e1ndez Mart\u00ednez\" \/>\n<meta name=\"twitter:card\" content=\"summary_large_image\" \/>\n<meta name=\"twitter:creator\" content=\"@revistarambla\" \/>\n<meta name=\"twitter:site\" content=\"@revistarambla\" \/>\n<meta name=\"twitter:label1\" content=\"Written by\" \/>\n\t<meta name=\"twitter:data1\" content=\"Elena Fern\u00e1ndez Mart\u00ednez\" \/>\n\t<meta name=\"twitter:label2\" content=\"Estimated reading time\" \/>\n\t<meta name=\"twitter:data2\" content=\"2 minutes\" \/>\n<script type=\"application\/ld+json\" class=\"yoast-schema-graph\">{\"@context\":\"https:\\\/\\\/schema.org\",\"@graph\":[{\"@type\":\"Article\",\"@id\":\"https:\\\/\\\/www.revistarambla.com\\\/contra-el-fascismo-accion-directa\\\/#article\",\"isPartOf\":{\"@id\":\"https:\\\/\\\/www.revistarambla.com\\\/contra-el-fascismo-accion-directa\\\/\"},\"author\":{\"name\":\"Elena Fern\u00e1ndez Mart\u00ednez\",\"@id\":\"https:\\\/\\\/www.revistarambla.com\\\/#\\\/schema\\\/person\\\/044b43a8aa317042559e094f7deaf33c\"},\"headline\":\"Contra el fascismo: acci\u00f3n directa\",\"datePublished\":\"2011-10-03T03:26:45+00:00\",\"dateModified\":\"2021-12-10T15:39:38+00:00\",\"mainEntityOfPage\":{\"@id\":\"https:\\\/\\\/www.revistarambla.com\\\/contra-el-fascismo-accion-directa\\\/\"},\"wordCount\":287,\"commentCount\":0,\"publisher\":{\"@id\":\"https:\\\/\\\/www.revistarambla.com\\\/#organization\"},\"image\":{\"@id\":\"https:\\\/\\\/www.revistarambla.com\\\/contra-el-fascismo-accion-directa\\\/#primaryimage\"},\"thumbnailUrl\":\"https:\\\/\\\/www.revistarambla.com\\\/wp-content\\\/uploads\\\/2011\\\/10\\\/pxc.jpg\",\"articleSection\":[\"Actualidad\",\"Barcelona\"],\"inLanguage\":\"en-GB\",\"potentialAction\":[{\"@type\":\"CommentAction\",\"name\":\"Comment\",\"target\":[\"https:\\\/\\\/www.revistarambla.com\\\/contra-el-fascismo-accion-directa\\\/#respond\"]}]},{\"@type\":\"WebPage\",\"@id\":\"https:\\\/\\\/www.revistarambla.com\\\/contra-el-fascismo-accion-directa\\\/\",\"url\":\"https:\\\/\\\/www.revistarambla.com\\\/contra-el-fascismo-accion-directa\\\/\",\"name\":\"Contra el fascismo: acci\u00f3n directa - Revista Rambla\",\"isPartOf\":{\"@id\":\"https:\\\/\\\/www.revistarambla.com\\\/#website\"},\"primaryImageOfPage\":{\"@id\":\"https:\\\/\\\/www.revistarambla.com\\\/contra-el-fascismo-accion-directa\\\/#primaryimage\"},\"image\":{\"@id\":\"https:\\\/\\\/www.revistarambla.com\\\/contra-el-fascismo-accion-directa\\\/#primaryimage\"},\"thumbnailUrl\":\"https:\\\/\\\/www.revistarambla.com\\\/wp-content\\\/uploads\\\/2011\\\/10\\\/pxc.jpg\",\"datePublished\":\"2011-10-03T03:26:45+00:00\",\"dateModified\":\"2021-12-10T15:39:38+00:00\",\"breadcrumb\":{\"@id\":\"https:\\\/\\\/www.revistarambla.com\\\/contra-el-fascismo-accion-directa\\\/#breadcrumb\"},\"inLanguage\":\"en-GB\",\"potentialAction\":[{\"@type\":\"ReadAction\",\"target\":[\"https:\\\/\\\/www.revistarambla.com\\\/contra-el-fascismo-accion-directa\\\/\"]}]},{\"@type\":\"ImageObject\",\"inLanguage\":\"en-GB\",\"@id\":\"https:\\\/\\\/www.revistarambla.com\\\/contra-el-fascismo-accion-directa\\\/#primaryimage\",\"url\":\"https:\\\/\\\/www.revistarambla.com\\\/wp-content\\\/uploads\\\/2011\\\/10\\\/pxc.jpg\",\"contentUrl\":\"https:\\\/\\\/www.revistarambla.com\\\/wp-content\\\/uploads\\\/2011\\\/10\\\/pxc.jpg\",\"width\":457,\"height\":250},{\"@type\":\"BreadcrumbList\",\"@id\":\"https:\\\/\\\/www.revistarambla.com\\\/contra-el-fascismo-accion-directa\\\/#breadcrumb\",\"itemListElement\":[{\"@type\":\"ListItem\",\"position\":1,\"name\":\"Portada\",\"item\":\"https:\\\/\\\/www.revistarambla.com\\\/\"},{\"@type\":\"ListItem\",\"position\":2,\"name\":\"Contra el fascismo: acci\u00f3n directa\"}]},{\"@type\":\"WebSite\",\"@id\":\"https:\\\/\\\/www.revistarambla.com\\\/#website\",\"url\":\"https:\\\/\\\/www.revistarambla.com\\\/\",\"name\":\"Revista Rambla Barcelona\",\"description\":\"Periodismo independiente\",\"publisher\":{\"@id\":\"https:\\\/\\\/www.revistarambla.com\\\/#organization\"},\"potentialAction\":[{\"@type\":\"SearchAction\",\"target\":{\"@type\":\"EntryPoint\",\"urlTemplate\":\"https:\\\/\\\/www.revistarambla.com\\\/?s={search_term_string}\"},\"query-input\":{\"@type\":\"PropertyValueSpecification\",\"valueRequired\":true,\"valueName\":\"search_term_string\"}}],\"inLanguage\":\"en-GB\"},{\"@type\":\"Organization\",\"@id\":\"https:\\\/\\\/www.revistarambla.com\\\/#organization\",\"name\":\"Revista Rambla\",\"url\":\"https:\\\/\\\/www.revistarambla.com\\\/\",\"logo\":{\"@type\":\"ImageObject\",\"inLanguage\":\"en-GB\",\"@id\":\"https:\\\/\\\/www.revistarambla.com\\\/#\\\/schema\\\/logo\\\/image\\\/\",\"url\":\"https:\\\/\\\/www.revistarambla.com\\\/wp-content\\\/uploads\\\/2020\\\/09\\\/banner_rambla_1900x600_BB.png\",\"contentUrl\":\"https:\\\/\\\/www.revistarambla.com\\\/wp-content\\\/uploads\\\/2020\\\/09\\\/banner_rambla_1900x600_BB.png\",\"width\":1900,\"height\":600,\"caption\":\"Revista Rambla\"},\"image\":{\"@id\":\"https:\\\/\\\/www.revistarambla.com\\\/#\\\/schema\\\/logo\\\/image\\\/\"},\"sameAs\":[\"https:\\\/\\\/www.facebook.com\\\/revistarambla\\\/\",\"https:\\\/\\\/x.com\\\/revistarambla\",\"https:\\\/\\\/www.instagram.com\\\/revista_rambla\",\"https:\\\/\\\/es.linkedin.com\\\/company\\\/revista-rambla\"]},{\"@type\":\"Person\",\"@id\":\"https:\\\/\\\/www.revistarambla.com\\\/#\\\/schema\\\/person\\\/044b43a8aa317042559e094f7deaf33c\",\"name\":\"Elena Fern\u00e1ndez Mart\u00ednez\",\"description\":\"Periodista \\\/ Corresponsal Londres.\"}]}<\/script>\n<!-- \/ Yoast SEO plugin. -->","yoast_head_json":{"title":"Contra el fascismo: acci\u00f3n directa - Revista Rambla","robots":{"index":"index","follow":"follow","max-snippet":"max-snippet:-1","max-image-preview":"max-image-preview:large","max-video-preview":"max-video-preview:-1"},"canonical":"https:\/\/www.revistarambla.com\/en\/contra-el-fascismo-accion-directa\/","og_locale":"en_GB","og_type":"article","og_title":"Contra el fascismo: acci\u00f3n directa - Revista Rambla","og_description":"Plaza Urquinaona de Barcelona. Once y media de la ma\u00f1ana del domingo 2 de octubre. Bajo el lema \u201cno pasaran\u201d los manifestantes empiezan a caminar en direcci\u00f3n\u00a0 a la plaza Sant Jaume, donde Josep Anglada -l\u00edder de la ultraderechista Plataforma per Catalunya (PxC)- se dispone a dar un discurso media [&hellip;]","og_url":"https:\/\/www.revistarambla.com\/en\/contra-el-fascismo-accion-directa\/","og_site_name":"Revista Rambla","article_publisher":"https:\/\/www.facebook.com\/revistarambla\/","article_published_time":"2011-10-03T03:26:45+00:00","article_modified_time":"2021-12-10T15:39:38+00:00","og_image":[{"width":457,"height":250,"url":"https:\/\/www.revistarambla.com\/wp-content\/uploads\/2011\/10\/pxc.jpg","type":"image\/jpeg"}],"author":"Elena Fern\u00e1ndez Mart\u00ednez","twitter_card":"summary_large_image","twitter_creator":"@revistarambla","twitter_site":"@revistarambla","twitter_misc":{"Written by":"Elena Fern\u00e1ndez Mart\u00ednez","Estimated reading time":"2 minutes"},"schema":{"@context":"https:\/\/schema.org","@graph":[{"@type":"Article","@id":"https:\/\/www.revistarambla.com\/contra-el-fascismo-accion-directa\/#article","isPartOf":{"@id":"https:\/\/www.revistarambla.com\/contra-el-fascismo-accion-directa\/"},"author":{"name":"Elena Fern\u00e1ndez Mart\u00ednez","@id":"https:\/\/www.revistarambla.com\/#\/schema\/person\/044b43a8aa317042559e094f7deaf33c"},"headline":"Contra el fascismo: acci\u00f3n directa","datePublished":"2011-10-03T03:26:45+00:00","dateModified":"2021-12-10T15:39:38+00:00","mainEntityOfPage":{"@id":"https:\/\/www.revistarambla.com\/contra-el-fascismo-accion-directa\/"},"wordCount":287,"commentCount":0,"publisher":{"@id":"https:\/\/www.revistarambla.com\/#organization"},"image":{"@id":"https:\/\/www.revistarambla.com\/contra-el-fascismo-accion-directa\/#primaryimage"},"thumbnailUrl":"https:\/\/www.revistarambla.com\/wp-content\/uploads\/2011\/10\/pxc.jpg","articleSection":["Actualidad","Barcelona"],"inLanguage":"en-GB","potentialAction":[{"@type":"CommentAction","name":"Comment","target":["https:\/\/www.revistarambla.com\/contra-el-fascismo-accion-directa\/#respond"]}]},{"@type":"WebPage","@id":"https:\/\/www.revistarambla.com\/contra-el-fascismo-accion-directa\/","url":"https:\/\/www.revistarambla.com\/contra-el-fascismo-accion-directa\/","name":"Contra el fascismo: acci\u00f3n directa - Revista Rambla","isPartOf":{"@id":"https:\/\/www.revistarambla.com\/#website"},"primaryImageOfPage":{"@id":"https:\/\/www.revistarambla.com\/contra-el-fascismo-accion-directa\/#primaryimage"},"image":{"@id":"https:\/\/www.revistarambla.com\/contra-el-fascismo-accion-directa\/#primaryimage"},"thumbnailUrl":"https:\/\/www.revistarambla.com\/wp-content\/uploads\/2011\/10\/pxc.jpg","datePublished":"2011-10-03T03:26:45+00:00","dateModified":"2021-12-10T15:39:38+00:00","breadcrumb":{"@id":"https:\/\/www.revistarambla.com\/contra-el-fascismo-accion-directa\/#breadcrumb"},"inLanguage":"en-GB","potentialAction":[{"@type":"ReadAction","target":["https:\/\/www.revistarambla.com\/contra-el-fascismo-accion-directa\/"]}]},{"@type":"ImageObject","inLanguage":"en-GB","@id":"https:\/\/www.revistarambla.com\/contra-el-fascismo-accion-directa\/#primaryimage","url":"https:\/\/www.revistarambla.com\/wp-content\/uploads\/2011\/10\/pxc.jpg","contentUrl":"https:\/\/www.revistarambla.com\/wp-content\/uploads\/2011\/10\/pxc.jpg","width":457,"height":250},{"@type":"BreadcrumbList","@id":"https:\/\/www.revistarambla.com\/contra-el-fascismo-accion-directa\/#breadcrumb","itemListElement":[{"@type":"ListItem","position":1,"name":"Portada","item":"https:\/\/www.revistarambla.com\/"},{"@type":"ListItem","position":2,"name":"Contra el fascismo: acci\u00f3n directa"}]},{"@type":"WebSite","@id":"https:\/\/www.revistarambla.com\/#website","url":"https:\/\/www.revistarambla.com\/","name":"Revista Rambla Barcelona","description":"Periodismo independiente","publisher":{"@id":"https:\/\/www.revistarambla.com\/#organization"},"potentialAction":[{"@type":"SearchAction","target":{"@type":"EntryPoint","urlTemplate":"https:\/\/www.revistarambla.com\/?s={search_term_string}"},"query-input":{"@type":"PropertyValueSpecification","valueRequired":true,"valueName":"search_term_string"}}],"inLanguage":"en-GB"},{"@type":"Organization","@id":"https:\/\/www.revistarambla.com\/#organization","name":"Revista Rambla","url":"https:\/\/www.revistarambla.com\/","logo":{"@type":"ImageObject","inLanguage":"en-GB","@id":"https:\/\/www.revistarambla.com\/#\/schema\/logo\/image\/","url":"https:\/\/www.revistarambla.com\/wp-content\/uploads\/2020\/09\/banner_rambla_1900x600_BB.png","contentUrl":"https:\/\/www.revistarambla.com\/wp-content\/uploads\/2020\/09\/banner_rambla_1900x600_BB.png","width":1900,"height":600,"caption":"Revista Rambla"},"image":{"@id":"https:\/\/www.revistarambla.com\/#\/schema\/logo\/image\/"},"sameAs":["https:\/\/www.facebook.com\/revistarambla\/","https:\/\/x.com\/revistarambla","https:\/\/www.instagram.com\/revista_rambla","https:\/\/es.linkedin.com\/company\/revista-rambla"]},{"@type":"Person","@id":"https:\/\/www.revistarambla.com\/#\/schema\/person\/044b43a8aa317042559e094f7deaf33c","name":"Elena Fern\u00e1ndez Mart\u00ednez","description":"Periodista \/ Corresponsal Londres."}]}},"_links":{"self":[{"href":"https:\/\/www.revistarambla.com\/en\/wp-json\/wp\/v2\/posts\/1158","targetHints":{"allow":["GET"]}}],"collection":[{"href":"https:\/\/www.revistarambla.com\/en\/wp-json\/wp\/v2\/posts"}],"about":[{"href":"https:\/\/www.revistarambla.com\/en\/wp-json\/wp\/v2\/types\/post"}],"author":[{"embeddable":true,"href":"https:\/\/www.revistarambla.com\/en\/wp-json\/wp\/v2\/users\/51"}],"replies":[{"embeddable":true,"href":"https:\/\/www.revistarambla.com\/en\/wp-json\/wp\/v2\/comments?post=1158"}],"version-history":[{"count":0,"href":"https:\/\/www.revistarambla.com\/en\/wp-json\/wp\/v2\/posts\/1158\/revisions"}],"wp:featuredmedia":[{"embeddable":true,"href":"https:\/\/www.revistarambla.com\/en\/wp-json\/wp\/v2\/media\/31424"}],"wp:attachment":[{"href":"https:\/\/www.revistarambla.com\/en\/wp-json\/wp\/v2\/media?parent=1158"}],"wp:term":[{"taxonomy":"category","embeddable":true,"href":"https:\/\/www.revistarambla.com\/en\/wp-json\/wp\/v2\/categories?post=1158"},{"taxonomy":"post_tag","embeddable":true,"href":"https:\/\/www.revistarambla.com\/en\/wp-json\/wp\/v2\/tags?post=1158"}],"curies":[{"name":"wp","href":"https:\/\/api.w.org\/{rel}","templated":true}]}}