{"id":1156,"date":"2011-09-30T11:21:08","date_gmt":"2011-09-30T09:21:08","guid":{"rendered":"https:\/\/www.revistarambla.com\/el-bus-combativo-recorre-barcelona\/"},"modified":"2021-12-10T16:39:54","modified_gmt":"2021-12-10T15:39:54","slug":"el-bus-combativo-recorre-barcelona","status":"publish","type":"post","link":"https:\/\/www.revistarambla.com\/en\/el-bus-combativo-recorre-barcelona\/","title":{"rendered":"El &#8216;Bus Combativo&#8217; recorre Barcelona"},"content":{"rendered":"<p>La Confederaci\u00f3n General del Trabajo (CGT) convoc\u00f3 ayer en Barcelona una serie de movilizaciones de apoyo a trabajadores en lucha. La caravana del \u201cBus Combativo\u201d\u00a0 &#8211; formada por un autob\u00fas, un peque\u00f1o cami\u00f3n provisto de altavoces, algunos utilitarios, y varias bicicletas- recorri\u00f3 la ciudad realizando paradas en puntos estrat\u00e9gicos, donde actualmente se est\u00e1n llevando a cabo reivindicaciones laborales debido a recortes p\u00fablicos, o expedientes de regulaci\u00f3n de empleo entre otros. Una manifestaci\u00f3n prevista para las 18:30 de la tarde frente al edificio de Foment del Treball Nacional \u00a0en V\u00eda Layetana, deb\u00eda servir de colof\u00f3n a la jornada de protesta.<\/p>\n<p><img decoding=\"async\" class=\"aligncenter wp-image-31417 size-full\" src=\"https:\/\/www.revistarambla.com\/wp-content\/uploads\/2011\/09\/P1040200.jpg\" alt=\"\" width=\"560\" height=\"420\" srcset=\"https:\/\/www.revistarambla.com\/wp-content\/uploads\/2011\/09\/P1040200.jpg 560w, https:\/\/www.revistarambla.com\/wp-content\/uploads\/2011\/09\/P1040200-300x225.jpg 300w\" sizes=\"(max-width: 560px) 100vw, 560px\" \/><\/p>\n<p>El punto de partida, a primera hora de la ma\u00f1ana, fue la oficina de <span data-scayt_word=\"Banesto\" data-scaytid=\"9\">Banesto<\/span> en Plaza Catalu\u00f1a, el llamado \u201cBanco <span data-scayt_word=\"Okupado\u201d\" data-scaytid=\"10\">Okupado\u201d<\/span>. De ah\u00ed el autob\u00fas parti\u00f3 hacia la Plaza <span data-scayt_word=\"Urquinaona\" data-scaytid=\"11\">Urquinaona<\/span>, donde se encuentra la sede <em>del <span data-scayt_word=\"Consorci\" data-scaytid=\"12\">Consorci<\/span> <span data-scayt_word=\"d\u2019educaci\u00f3\" data-scaytid=\"13\">d\u2019educaci\u00f3<\/span> de Barcelona<\/em>. All\u00ed el sindicato denunci\u00f3 la supresi\u00f3n de centenares de profesionales de las <span data-scayt_word=\"plantillas\" data-scaytid=\"14\">plantillas<\/span> de los centros educativos, a pesar los 21.000 nuevos alumnos del curso 2011-2012. A esta situaci\u00f3n precaria hay que a\u00f1adir los recortes presupuestarios de entre el 20% y el 35%, que se suman a los ya aplicados por el <span data-scayt_word=\"\u201ctripartit\u201d\" data-scaytid=\"19\">\u201ctripartit\u201d<\/span> con anterioridad, por lo que la rebaja puede llegar al 45%.<\/p>\n<p>La segunda parada fue en la Plaza de las Glorias,\u00a0 frente a la <em>Torre <span data-scayt_word=\"AGBAR\" data-scaytid=\"21\">AGBAR<\/span> <\/em>(<span data-scayt_word=\"Aig\u00fces\" data-scaytid=\"22\">Aig\u00fces<\/span> de Barcelona). Seg\u00fan la <span data-scayt_word=\"CGT\" data-scaytid=\"20\">CGT<\/span>, la empresa ha reforzado el n\u00famero de directivos y ha incrementado la factura a sus abonados en un 8% (al que se le sumar\u00e1 otro 8% a finales de a\u00f1o). A pesar de esto, y mediante la aplicaci\u00f3n de un ERE pactado con los sindicatos mayoritarios, \u00a0ha despedido a 200 personas \u2013el 21% de su plantilla-, y ha anunciado una reorganizaci\u00f3n interna que har\u00e1 que otras 27 sufran una disminuci\u00f3n en su salario.<\/p>\n<p>Posteriormente el Bus <span data-scayt_word=\"Combativo\" data-scaytid=\"23\">Combativo<\/span> se dirigi\u00f3 a dos de los centros sanitarios cuyo personal est\u00e1 llevando a cabo acciones para defender sus condiciones laborales del menoscabo presupuestario. El primero fue el <em>Hospital Sant <span data-scayt_word=\"Pau\" data-scaytid=\"24\">Pau<\/span>.<\/em> All\u00ed <span data-scayt_word=\"Angels\" data-scaytid=\"25\">Angels<\/span> <span data-scayt_word=\"Sabater\" data-scaytid=\"26\">Sabater<\/span> -vicepresidenta del comit\u00e9 de empresa i presidenta en funciones- anunci\u00f3 que no se firmar\u00e1 acuerdo alguno que suponga la p\u00e9rdida de ning\u00fan derecho, ni\u00a0 del personal, ni de los pacientes. En ese sentido se\u00f1al\u00f3 la unidad de los siete sindicatos que representan a los trabajadores del centro hospitalario, y pidi\u00f3 la afluencia masiva a la asamblea convocada para las <span data-scayt_word=\"14h\" data-scaytid=\"27\">14h<\/span>. del mismo d\u00eda, y la permanencia de la unidad: \u201cper favor, <span data-scayt_word=\"tots\" data-scaytid=\"28\">tots<\/span> <span data-scayt_word=\"junts\" data-scaytid=\"29\">junts<\/span>!\u201d<\/p>\n<p>En el <em>Hospital Dos de <span data-scayt_word=\"Maig\" data-scaytid=\"30\">Maig<\/span><\/em> se se\u00f1al\u00f3 por <span data-scayt_word=\"megafon\u00eda\" data-scaytid=\"31\">megafon\u00eda<\/span> que la <span data-scayt_word=\"Generalitat\" data-scaytid=\"32\">Generalitat<\/span> destina solo el 4.5% del <span data-scayt_word=\"PIB\" data-scaytid=\"33\">PIB<\/span> a sanidad p\u00fablica, siendo esta cifra la m\u00e1s baja de Europa. Por otro lado Isabel <span data-scayt_word=\"Garnika\" data-scaytid=\"34\">Garnika<\/span>, portavoz de los vecinos del barrio, declar\u00f3 que el comit\u00e9 de empresa del centro estaba dejando de lado a trabajadores y usuarios, \u00a0pactando reformas a espaldas de ambos colectivos.<\/p>\n<p>Despu\u00e9s de esto el \u201cBus\u201d se dirigi\u00f3 al <em><span data-scayt_word=\"Departament\" data-scaytid=\"38\">Departament<\/span> de <span data-scayt_word=\"Territori\" data-scaytid=\"39\">Territori<\/span> i <span data-scayt_word=\"Sostenibilitat\" data-scaytid=\"40\">Sostenibilitat<\/span><\/em>, frente a la estaci\u00f3n de <span data-scayt_word=\"Sants\" data-scaytid=\"41\">Sants<\/span>. En su interior se colgaron carteles, y se cantaron proclamas, ante la perplejidad del personal que se encontraba en la recepci\u00f3n del edificio. De ah\u00ed a la cercana sede de <span data-scayt_word=\"Comsa\" data-scaytid=\"42\">Comsa<\/span> <span data-scayt_word=\"Emte\" data-scaytid=\"44\">Emte<\/span>, empresa presidida por Jorge <span data-scayt_word=\"Miarnau\" data-scaytid=\"46\">Miarnau<\/span> y con la vicepresidencia\u00a0 de <span data-scayt_word=\"Carles\" data-scaytid=\"47\">Carles<\/span> <span data-scayt_word=\"Sumarroca\" data-scaytid=\"48\">Sumarroca<\/span>. Seg\u00fan la <span data-scayt_word=\"CNT\" data-scaytid=\"49\">CNT<\/span>, <span data-scayt_word=\"Comsa\" data-scaytid=\"43\">Comsa<\/span> <span data-scayt_word=\"Emte\" data-scaytid=\"45\">Emte<\/span> -que lleva un a\u00f1o <span data-scayt_word=\"despidiendo\" data-scaytid=\"50\">despidiendo<\/span> a trabajadores, de uno en uno y con la indemnizaci\u00f3n de 45 d\u00edas por a\u00f1o trabajado- pretende ahora despedir en bloque, pagando 20 d\u00edas por a\u00f1o, <span data-scayt_word=\"escud\u00e1ndose\" data-scaytid=\"51\">escud\u00e1ndose<\/span> en la supuesta crisis econ\u00f3mica.<\/p>\n<p>Para ir finalizando el recorrido, el Bus <span data-scayt_word=\"Combativo\" data-scaytid=\"35\">Combativo<\/span> se detuvo en el Hospital <span data-scayt_word=\"Cl\u00ednic\" data-scaytid=\"54\">Cl\u00ednic<\/span>. En su interior hubo alg\u00fan momento de tensi\u00f3n con los miembros de seguridad del centro, que finaliz\u00f3 sin incidentes. Despu\u00e9s se improvis\u00f3 una visita de apoyo a unos vecinos del <span data-scayt_word=\"Paral.lel\" data-scaytid=\"37\">Paral.lel<\/span> que hab\u00edan tomado la calle para impedir un desahucio. De esta forma festiva (con m\u00fasica y <span data-scayt_word=\"arrocito\" data-scaytid=\"56\">arrocito<\/span> popular) el Bus <span data-scayt_word=\"Combativo\" data-scaytid=\"36\"><span data-scayt_word=\"Combativo\" data-scaytid=\"66\">Combativo<\/span><\/span> dio por concluida su misi\u00f3n, ya que cuando se dirig\u00eda a las oficinas de Fomento de Construcciones y Contratas (<span data-scayt_word=\"FCC\" data-scaytid=\"57\">FCC<\/span>),\u00a0 sufri\u00f3 una aver\u00eda que lo dej\u00f3 detenido en la calle <span data-scayt_word=\"Balmes\" data-scaytid=\"58\">Balmes<\/span>. En cualquier caso, si muri\u00f3, fue en acto de servicio y con los neum\u00e1ticos puestos.<\/p>\n<p><img decoding=\"async\" class=\"aligncenter wp-image-31418 size-full\" src=\"https:\/\/www.revistarambla.com\/wp-content\/uploads\/2011\/09\/P1040198.jpg\" alt=\"\" width=\"560\" height=\"420\" srcset=\"https:\/\/www.revistarambla.com\/wp-content\/uploads\/2011\/09\/P1040198.jpg 560w, https:\/\/www.revistarambla.com\/wp-content\/uploads\/2011\/09\/P1040198-300x225.jpg 300w\" sizes=\"(max-width: 560px) 100vw, 560px\" \/><\/p>","protected":false},"excerpt":{"rendered":"<p>La Confederaci\u00f3n General del Trabajo (CGT) convoc\u00f3 ayer en Barcelona una serie de movilizaciones de apoyo a trabajadores en lucha. La caravana del \u201cBus Combativo\u201d\u00a0 &#8211; formada por un autob\u00fas, un peque\u00f1o cami\u00f3n provisto de altavoces, algunos utilitarios, y varias bicicletas- recorri\u00f3 la ciudad realizando paradas en puntos estrat\u00e9gicos, donde [&hellip;]<\/p>\n","protected":false},"author":51,"featured_media":31418,"comment_status":"open","ping_status":"open","sticky":false,"template":"","format":"standard","meta":{"footnotes":""},"categories":[3,76],"tags":[],"class_list":["post-1156","post","type-post","status-publish","format-standard","has-post-thumbnail","hentry","category-actualidad","category-barcelona"],"yoast_head":"<!-- This site is optimized with the Yoast SEO plugin v27.5 - https:\/\/yoast.com\/product\/yoast-seo-wordpress\/ -->\n<title>El &#039;Bus Combativo&#039; recorre Barcelona - Revista Rambla<\/title>\n<meta name=\"robots\" content=\"index, follow, max-snippet:-1, max-image-preview:large, max-video-preview:-1\" \/>\n<link rel=\"canonical\" href=\"https:\/\/www.revistarambla.com\/en\/el-bus-combativo-recorre-barcelona\/\" \/>\n<meta property=\"og:locale\" content=\"en_GB\" \/>\n<meta property=\"og:type\" content=\"article\" \/>\n<meta property=\"og:title\" content=\"El &#039;Bus Combativo&#039; recorre Barcelona - Revista Rambla\" \/>\n<meta property=\"og:description\" content=\"La Confederaci\u00f3n General del Trabajo (CGT) convoc\u00f3 ayer en Barcelona una serie de movilizaciones de apoyo a trabajadores en lucha. La caravana del \u201cBus Combativo\u201d\u00a0 &#8211; formada por un autob\u00fas, un peque\u00f1o cami\u00f3n provisto de altavoces, algunos utilitarios, y varias bicicletas- recorri\u00f3 la ciudad realizando paradas en puntos estrat\u00e9gicos, donde [&hellip;]\" \/>\n<meta property=\"og:url\" content=\"https:\/\/www.revistarambla.com\/en\/el-bus-combativo-recorre-barcelona\/\" \/>\n<meta property=\"og:site_name\" content=\"Revista Rambla\" \/>\n<meta property=\"article:publisher\" content=\"https:\/\/www.facebook.com\/revistarambla\/\" \/>\n<meta property=\"article:published_time\" content=\"2011-09-30T09:21:08+00:00\" \/>\n<meta property=\"article:modified_time\" content=\"2021-12-10T15:39:54+00:00\" \/>\n<meta property=\"og:image\" content=\"https:\/\/www.revistarambla.com\/wp-content\/uploads\/2011\/09\/P1040198.jpg\" \/>\n\t<meta property=\"og:image:width\" content=\"560\" \/>\n\t<meta property=\"og:image:height\" content=\"420\" \/>\n\t<meta property=\"og:image:type\" content=\"image\/jpeg\" \/>\n<meta name=\"author\" content=\"Elena Fern\u00e1ndez Mart\u00ednez\" \/>\n<meta name=\"twitter:card\" content=\"summary_large_image\" \/>\n<meta name=\"twitter:creator\" content=\"@revistarambla\" \/>\n<meta name=\"twitter:site\" content=\"@revistarambla\" \/>\n<meta name=\"twitter:label1\" content=\"Written by\" \/>\n\t<meta name=\"twitter:data1\" content=\"Elena Fern\u00e1ndez Mart\u00ednez\" \/>\n\t<meta name=\"twitter:label2\" content=\"Estimated reading time\" \/>\n\t<meta name=\"twitter:data2\" content=\"4 minutes\" \/>\n<script type=\"application\/ld+json\" class=\"yoast-schema-graph\">{\"@context\":\"https:\\\/\\\/schema.org\",\"@graph\":[{\"@type\":\"Article\",\"@id\":\"https:\\\/\\\/www.revistarambla.com\\\/el-bus-combativo-recorre-barcelona\\\/#article\",\"isPartOf\":{\"@id\":\"https:\\\/\\\/www.revistarambla.com\\\/el-bus-combativo-recorre-barcelona\\\/\"},\"author\":{\"name\":\"Elena Fern\u00e1ndez Mart\u00ednez\",\"@id\":\"https:\\\/\\\/www.revistarambla.com\\\/#\\\/schema\\\/person\\\/044b43a8aa317042559e094f7deaf33c\"},\"headline\":\"El &#8216;Bus Combativo&#8217; recorre Barcelona\",\"datePublished\":\"2011-09-30T09:21:08+00:00\",\"dateModified\":\"2021-12-10T15:39:54+00:00\",\"mainEntityOfPage\":{\"@id\":\"https:\\\/\\\/www.revistarambla.com\\\/el-bus-combativo-recorre-barcelona\\\/\"},\"wordCount\":738,\"commentCount\":0,\"publisher\":{\"@id\":\"https:\\\/\\\/www.revistarambla.com\\\/#organization\"},\"image\":{\"@id\":\"https:\\\/\\\/www.revistarambla.com\\\/el-bus-combativo-recorre-barcelona\\\/#primaryimage\"},\"thumbnailUrl\":\"https:\\\/\\\/www.revistarambla.com\\\/wp-content\\\/uploads\\\/2011\\\/09\\\/P1040198.jpg\",\"articleSection\":[\"Actualidad\",\"Barcelona\"],\"inLanguage\":\"en-GB\",\"potentialAction\":[{\"@type\":\"CommentAction\",\"name\":\"Comment\",\"target\":[\"https:\\\/\\\/www.revistarambla.com\\\/el-bus-combativo-recorre-barcelona\\\/#respond\"]}]},{\"@type\":\"WebPage\",\"@id\":\"https:\\\/\\\/www.revistarambla.com\\\/el-bus-combativo-recorre-barcelona\\\/\",\"url\":\"https:\\\/\\\/www.revistarambla.com\\\/el-bus-combativo-recorre-barcelona\\\/\",\"name\":\"El 'Bus Combativo' recorre Barcelona - Revista Rambla\",\"isPartOf\":{\"@id\":\"https:\\\/\\\/www.revistarambla.com\\\/#website\"},\"primaryImageOfPage\":{\"@id\":\"https:\\\/\\\/www.revistarambla.com\\\/el-bus-combativo-recorre-barcelona\\\/#primaryimage\"},\"image\":{\"@id\":\"https:\\\/\\\/www.revistarambla.com\\\/el-bus-combativo-recorre-barcelona\\\/#primaryimage\"},\"thumbnailUrl\":\"https:\\\/\\\/www.revistarambla.com\\\/wp-content\\\/uploads\\\/2011\\\/09\\\/P1040198.jpg\",\"datePublished\":\"2011-09-30T09:21:08+00:00\",\"dateModified\":\"2021-12-10T15:39:54+00:00\",\"breadcrumb\":{\"@id\":\"https:\\\/\\\/www.revistarambla.com\\\/el-bus-combativo-recorre-barcelona\\\/#breadcrumb\"},\"inLanguage\":\"en-GB\",\"potentialAction\":[{\"@type\":\"ReadAction\",\"target\":[\"https:\\\/\\\/www.revistarambla.com\\\/el-bus-combativo-recorre-barcelona\\\/\"]}]},{\"@type\":\"ImageObject\",\"inLanguage\":\"en-GB\",\"@id\":\"https:\\\/\\\/www.revistarambla.com\\\/el-bus-combativo-recorre-barcelona\\\/#primaryimage\",\"url\":\"https:\\\/\\\/www.revistarambla.com\\\/wp-content\\\/uploads\\\/2011\\\/09\\\/P1040198.jpg\",\"contentUrl\":\"https:\\\/\\\/www.revistarambla.com\\\/wp-content\\\/uploads\\\/2011\\\/09\\\/P1040198.jpg\",\"width\":560,\"height\":420},{\"@type\":\"BreadcrumbList\",\"@id\":\"https:\\\/\\\/www.revistarambla.com\\\/el-bus-combativo-recorre-barcelona\\\/#breadcrumb\",\"itemListElement\":[{\"@type\":\"ListItem\",\"position\":1,\"name\":\"Portada\",\"item\":\"https:\\\/\\\/www.revistarambla.com\\\/\"},{\"@type\":\"ListItem\",\"position\":2,\"name\":\"El &#8216;Bus Combativo&#8217; recorre Barcelona\"}]},{\"@type\":\"WebSite\",\"@id\":\"https:\\\/\\\/www.revistarambla.com\\\/#website\",\"url\":\"https:\\\/\\\/www.revistarambla.com\\\/\",\"name\":\"Revista Rambla Barcelona\",\"description\":\"Periodismo independiente\",\"publisher\":{\"@id\":\"https:\\\/\\\/www.revistarambla.com\\\/#organization\"},\"potentialAction\":[{\"@type\":\"SearchAction\",\"target\":{\"@type\":\"EntryPoint\",\"urlTemplate\":\"https:\\\/\\\/www.revistarambla.com\\\/?s={search_term_string}\"},\"query-input\":{\"@type\":\"PropertyValueSpecification\",\"valueRequired\":true,\"valueName\":\"search_term_string\"}}],\"inLanguage\":\"en-GB\"},{\"@type\":\"Organization\",\"@id\":\"https:\\\/\\\/www.revistarambla.com\\\/#organization\",\"name\":\"Revista Rambla\",\"url\":\"https:\\\/\\\/www.revistarambla.com\\\/\",\"logo\":{\"@type\":\"ImageObject\",\"inLanguage\":\"en-GB\",\"@id\":\"https:\\\/\\\/www.revistarambla.com\\\/#\\\/schema\\\/logo\\\/image\\\/\",\"url\":\"https:\\\/\\\/www.revistarambla.com\\\/wp-content\\\/uploads\\\/2020\\\/09\\\/banner_rambla_1900x600_BB.png\",\"contentUrl\":\"https:\\\/\\\/www.revistarambla.com\\\/wp-content\\\/uploads\\\/2020\\\/09\\\/banner_rambla_1900x600_BB.png\",\"width\":1900,\"height\":600,\"caption\":\"Revista Rambla\"},\"image\":{\"@id\":\"https:\\\/\\\/www.revistarambla.com\\\/#\\\/schema\\\/logo\\\/image\\\/\"},\"sameAs\":[\"https:\\\/\\\/www.facebook.com\\\/revistarambla\\\/\",\"https:\\\/\\\/x.com\\\/revistarambla\",\"https:\\\/\\\/www.instagram.com\\\/revista_rambla\",\"https:\\\/\\\/es.linkedin.com\\\/company\\\/revista-rambla\"]},{\"@type\":\"Person\",\"@id\":\"https:\\\/\\\/www.revistarambla.com\\\/#\\\/schema\\\/person\\\/044b43a8aa317042559e094f7deaf33c\",\"name\":\"Elena Fern\u00e1ndez Mart\u00ednez\",\"description\":\"Periodista \\\/ Corresponsal Londres.\"}]}<\/script>\n<!-- \/ Yoast SEO plugin. -->","yoast_head_json":{"title":"El 'Bus Combativo' recorre Barcelona - Revista Rambla","robots":{"index":"index","follow":"follow","max-snippet":"max-snippet:-1","max-image-preview":"max-image-preview:large","max-video-preview":"max-video-preview:-1"},"canonical":"https:\/\/www.revistarambla.com\/en\/el-bus-combativo-recorre-barcelona\/","og_locale":"en_GB","og_type":"article","og_title":"El 'Bus Combativo' recorre Barcelona - Revista Rambla","og_description":"La Confederaci\u00f3n General del Trabajo (CGT) convoc\u00f3 ayer en Barcelona una serie de movilizaciones de apoyo a trabajadores en lucha. La caravana del \u201cBus Combativo\u201d\u00a0 &#8211; formada por un autob\u00fas, un peque\u00f1o cami\u00f3n provisto de altavoces, algunos utilitarios, y varias bicicletas- recorri\u00f3 la ciudad realizando paradas en puntos estrat\u00e9gicos, donde [&hellip;]","og_url":"https:\/\/www.revistarambla.com\/en\/el-bus-combativo-recorre-barcelona\/","og_site_name":"Revista Rambla","article_publisher":"https:\/\/www.facebook.com\/revistarambla\/","article_published_time":"2011-09-30T09:21:08+00:00","article_modified_time":"2021-12-10T15:39:54+00:00","og_image":[{"width":560,"height":420,"url":"https:\/\/www.revistarambla.com\/wp-content\/uploads\/2011\/09\/P1040198.jpg","type":"image\/jpeg"}],"author":"Elena Fern\u00e1ndez Mart\u00ednez","twitter_card":"summary_large_image","twitter_creator":"@revistarambla","twitter_site":"@revistarambla","twitter_misc":{"Written by":"Elena Fern\u00e1ndez Mart\u00ednez","Estimated reading time":"4 minutes"},"schema":{"@context":"https:\/\/schema.org","@graph":[{"@type":"Article","@id":"https:\/\/www.revistarambla.com\/el-bus-combativo-recorre-barcelona\/#article","isPartOf":{"@id":"https:\/\/www.revistarambla.com\/el-bus-combativo-recorre-barcelona\/"},"author":{"name":"Elena Fern\u00e1ndez Mart\u00ednez","@id":"https:\/\/www.revistarambla.com\/#\/schema\/person\/044b43a8aa317042559e094f7deaf33c"},"headline":"El &#8216;Bus Combativo&#8217; recorre Barcelona","datePublished":"2011-09-30T09:21:08+00:00","dateModified":"2021-12-10T15:39:54+00:00","mainEntityOfPage":{"@id":"https:\/\/www.revistarambla.com\/el-bus-combativo-recorre-barcelona\/"},"wordCount":738,"commentCount":0,"publisher":{"@id":"https:\/\/www.revistarambla.com\/#organization"},"image":{"@id":"https:\/\/www.revistarambla.com\/el-bus-combativo-recorre-barcelona\/#primaryimage"},"thumbnailUrl":"https:\/\/www.revistarambla.com\/wp-content\/uploads\/2011\/09\/P1040198.jpg","articleSection":["Actualidad","Barcelona"],"inLanguage":"en-GB","potentialAction":[{"@type":"CommentAction","name":"Comment","target":["https:\/\/www.revistarambla.com\/el-bus-combativo-recorre-barcelona\/#respond"]}]},{"@type":"WebPage","@id":"https:\/\/www.revistarambla.com\/el-bus-combativo-recorre-barcelona\/","url":"https:\/\/www.revistarambla.com\/el-bus-combativo-recorre-barcelona\/","name":"El 'Bus Combativo' recorre Barcelona - Revista Rambla","isPartOf":{"@id":"https:\/\/www.revistarambla.com\/#website"},"primaryImageOfPage":{"@id":"https:\/\/www.revistarambla.com\/el-bus-combativo-recorre-barcelona\/#primaryimage"},"image":{"@id":"https:\/\/www.revistarambla.com\/el-bus-combativo-recorre-barcelona\/#primaryimage"},"thumbnailUrl":"https:\/\/www.revistarambla.com\/wp-content\/uploads\/2011\/09\/P1040198.jpg","datePublished":"2011-09-30T09:21:08+00:00","dateModified":"2021-12-10T15:39:54+00:00","breadcrumb":{"@id":"https:\/\/www.revistarambla.com\/el-bus-combativo-recorre-barcelona\/#breadcrumb"},"inLanguage":"en-GB","potentialAction":[{"@type":"ReadAction","target":["https:\/\/www.revistarambla.com\/el-bus-combativo-recorre-barcelona\/"]}]},{"@type":"ImageObject","inLanguage":"en-GB","@id":"https:\/\/www.revistarambla.com\/el-bus-combativo-recorre-barcelona\/#primaryimage","url":"https:\/\/www.revistarambla.com\/wp-content\/uploads\/2011\/09\/P1040198.jpg","contentUrl":"https:\/\/www.revistarambla.com\/wp-content\/uploads\/2011\/09\/P1040198.jpg","width":560,"height":420},{"@type":"BreadcrumbList","@id":"https:\/\/www.revistarambla.com\/el-bus-combativo-recorre-barcelona\/#breadcrumb","itemListElement":[{"@type":"ListItem","position":1,"name":"Portada","item":"https:\/\/www.revistarambla.com\/"},{"@type":"ListItem","position":2,"name":"El &#8216;Bus Combativo&#8217; recorre Barcelona"}]},{"@type":"WebSite","@id":"https:\/\/www.revistarambla.com\/#website","url":"https:\/\/www.revistarambla.com\/","name":"Revista Rambla Barcelona","description":"Periodismo independiente","publisher":{"@id":"https:\/\/www.revistarambla.com\/#organization"},"potentialAction":[{"@type":"SearchAction","target":{"@type":"EntryPoint","urlTemplate":"https:\/\/www.revistarambla.com\/?s={search_term_string}"},"query-input":{"@type":"PropertyValueSpecification","valueRequired":true,"valueName":"search_term_string"}}],"inLanguage":"en-GB"},{"@type":"Organization","@id":"https:\/\/www.revistarambla.com\/#organization","name":"Revista Rambla","url":"https:\/\/www.revistarambla.com\/","logo":{"@type":"ImageObject","inLanguage":"en-GB","@id":"https:\/\/www.revistarambla.com\/#\/schema\/logo\/image\/","url":"https:\/\/www.revistarambla.com\/wp-content\/uploads\/2020\/09\/banner_rambla_1900x600_BB.png","contentUrl":"https:\/\/www.revistarambla.com\/wp-content\/uploads\/2020\/09\/banner_rambla_1900x600_BB.png","width":1900,"height":600,"caption":"Revista Rambla"},"image":{"@id":"https:\/\/www.revistarambla.com\/#\/schema\/logo\/image\/"},"sameAs":["https:\/\/www.facebook.com\/revistarambla\/","https:\/\/x.com\/revistarambla","https:\/\/www.instagram.com\/revista_rambla","https:\/\/es.linkedin.com\/company\/revista-rambla"]},{"@type":"Person","@id":"https:\/\/www.revistarambla.com\/#\/schema\/person\/044b43a8aa317042559e094f7deaf33c","name":"Elena Fern\u00e1ndez Mart\u00ednez","description":"Periodista \/ Corresponsal Londres."}]}},"_links":{"self":[{"href":"https:\/\/www.revistarambla.com\/en\/wp-json\/wp\/v2\/posts\/1156","targetHints":{"allow":["GET"]}}],"collection":[{"href":"https:\/\/www.revistarambla.com\/en\/wp-json\/wp\/v2\/posts"}],"about":[{"href":"https:\/\/www.revistarambla.com\/en\/wp-json\/wp\/v2\/types\/post"}],"author":[{"embeddable":true,"href":"https:\/\/www.revistarambla.com\/en\/wp-json\/wp\/v2\/users\/51"}],"replies":[{"embeddable":true,"href":"https:\/\/www.revistarambla.com\/en\/wp-json\/wp\/v2\/comments?post=1156"}],"version-history":[{"count":0,"href":"https:\/\/www.revistarambla.com\/en\/wp-json\/wp\/v2\/posts\/1156\/revisions"}],"wp:featuredmedia":[{"embeddable":true,"href":"https:\/\/www.revistarambla.com\/en\/wp-json\/wp\/v2\/media\/31418"}],"wp:attachment":[{"href":"https:\/\/www.revistarambla.com\/en\/wp-json\/wp\/v2\/media?parent=1156"}],"wp:term":[{"taxonomy":"category","embeddable":true,"href":"https:\/\/www.revistarambla.com\/en\/wp-json\/wp\/v2\/categories?post=1156"},{"taxonomy":"post_tag","embeddable":true,"href":"https:\/\/www.revistarambla.com\/en\/wp-json\/wp\/v2\/tags?post=1156"}],"curies":[{"name":"wp","href":"https:\/\/api.w.org\/{rel}","templated":true}]}}