{"id":11550,"date":"2017-02-08T08:22:34","date_gmt":"2017-02-08T07:22:34","guid":{"rendered":"https:\/\/www.revistarambla.com\/?p=11550"},"modified":"2022-10-21T17:24:18","modified_gmt":"2022-10-21T15:24:18","slug":"fronteras-y-amores-en-el-tarajal","status":"publish","type":"post","link":"https:\/\/www.revistarambla.com\/en\/fronteras-y-amores-en-el-tarajal\/","title":{"rendered":"Fronteras y amores en El Tarajal"},"content":{"rendered":"<p style=\"text-align: left;\">Si la fe mueve monta\u00f1as, otros sentimientos, como el amor, no se detienen ante barreras con vocaci\u00f3n infranqueable. Fronteras como las que separan la vida y la muerte, por ejemplo. Ah\u00ed est\u00e1 para demostrarlo el rom\u00e1ntico episodio de Isabel de Segura y Juan de Marcilla, los amantes turolenses de esa ciudad que tambi\u00e9n existe, seg\u00fan afirman sus pobladores, y que este a\u00f1o se apresura a celebrar por todo lo grande el 800 aniversario del conmovedor desenlace de sus famosos enamorados. Hasta una \u00f3pera anda preparando para la ocasi\u00f3n el compositor Javier Navarrete, que en 2007 salt\u00f3 a la fama gracias a su nominaci\u00f3n al Oscar por su banda sonora al filme de Guillermo del Toro <em>El laberinto del fauno<\/em>.<\/p>\n<figure id=\"attachment_11556\" aria-describedby=\"caption-attachment-11556\" style=\"width: 800px\" class=\"wp-caption aligncenter\"><img decoding=\"async\" class=\"wp-image-11556 size-full\" src=\"https:\/\/www.revistarambla.com\/wp-content\/uploads\/2017\/02\/01-pintada-27-copia.jpg\" width=\"800\" height=\"535\" srcset=\"https:\/\/www.revistarambla.com\/wp-content\/uploads\/2017\/02\/01-pintada-27-copia.jpg 800w, https:\/\/www.revistarambla.com\/wp-content\/uploads\/2017\/02\/01-pintada-27-copia-300x201.jpg 300w, https:\/\/www.revistarambla.com\/wp-content\/uploads\/2017\/02\/01-pintada-27-copia-768x514.jpg 768w, https:\/\/www.revistarambla.com\/wp-content\/uploads\/2017\/02\/01-pintada-27-copia-500x334.jpg 500w\" sizes=\"(max-width: 800px) 100vw, 800px\" \/><figcaption id=\"caption-attachment-11556\" class=\"wp-caption-text\">Foto: Guillem Sans<\/figcaption><\/figure>\n<p style=\"text-align: left;\">Y el caso de los amantes ma\u00f1os no es ins\u00f3lito. Parecida suerte corrieron algunos siglos m\u00e1s tarde los j\u00f3venes amantes de Verona, cuya tr\u00e1gica relaci\u00f3n imposible, en medio de las disputas entre los Montesco y los Capuletos, se encarg\u00f3 de inmortalizar Shakespeare para convertirla en s\u00edmbolo indiscutible del amor. Dante Alligheri, por su parte, nos dej\u00f3 constancia de la determinaci\u00f3n del enamorado que no vacila en descender al m\u00e1s siniestro c\u00edrculo de los infiernos con tal de reencontrarse con la inmaculada pureza de su enamorada Beatriz.<\/p>\n<p style=\"text-align: left;\">Se replicar\u00e1, y no sin raz\u00f3n, que se trata de historias con inclinaci\u00f3n literaria, experiencias m\u00e1s hechas para la pluma o el reclamo tur\u00edstico, que para reflejar nuestras propias vivencias. El amor entre los comunes presentan perfiles m\u00e1s mundanos y su fuerza para superar fronteras suele tener las alas m\u00e1s cortas, por muchos encuentros felices e infelices que haya propiciado m\u00e1s de un viaje al Caribe. Y es que en la vida real los sentimientos acostumbran m\u00e1s a darse de bruces con las barreras que a superarlas con al alg\u00fan gesto po\u00e9tico.<\/p>\n<p style=\"text-align: left;\">Bien lo saben los familiares de las v\u00edctimas de El Tarajal, aquellos an\u00f3nimos 15 africanos que un 4 de febrero de 2014 murieron ahogados frente a la playa de Ceuta entre culatazos, botes de humo y balas de goma de la guardia civil. Todo su amor de padres, madres o hermanos no conmovi\u00f3 lo m\u00e1s m\u00ednimo a los responsables consulares en la camerunesa ciudad de Yaund\u00e9 que les denegaron el visado para viajar a Espa\u00f1a con el irresponsable prop\u00f3sito de identificar los cad\u00e1veres de su hijos o hermanos y la provocativa actitud de homenajear a sus muertos.<\/p>\n<p style=\"text-align: left;\">Su caso ha vuelto a ser actualidad estos d\u00edas, cuando se cumplen tres a\u00f1os de la tragedia y despu\u00e9s de que la Audiencia Provincial de C\u00e1diz haya ordenado reabrir las diligencias archivadas. Sin embargo, la ONG Caminando Fronteras ven\u00eda denunciando esta situaci\u00f3n desde hac\u00eda meses, aunque los medios serios se acuerden ahora de su historia. Ya se sabe, frente al impulso de las emociones siempre es bueno dejar pasar ese tiempo prudencial que todo lo cura. Tal vez por eso nuestras autoridades prefirieron guardar unos d\u00edas de silencio antes de informar sobre la aparici\u00f3n del peque\u00f1o Samuel y su cuerpo de cuatro a\u00f1os flotando en la costa gaditana tras naufragar hace unas semanas la patera en la que viajaba hacia la muerte.<\/p>\n<p style=\"text-align: left;\">S\u00ed, el tiempo es mejor consejero para el amor que la poes\u00eda. Todo lo acaba curando, aunque como a los protagonistas de <em>La, la land<\/em>, nos obligue a pagar un cierto peaje de melancol\u00eda. Adem\u00e1s, siempre es muy f\u00e1cil de llenar para hacer m\u00e1s llevadera nuestra espera hacia el olvido. Por ejemplo, escandaliz\u00e1ndonos ante la maldad gen\u00e9tica de Donald Trump hacia los inmigrantes, indign\u00e1ndonos frente a sus p\u00e9rfidos planes de levantar muros imposibles contra el amor.<\/p>","protected":false},"excerpt":{"rendered":"<p>Si la fe mueve monta\u00f1as, otros sentimientos, como el amor, no se detienen ante barreras con vocaci\u00f3n infranqueable. Fronteras como las que separan la vida y la muerte, por ejemplo. Ah\u00ed est\u00e1 para demostrarlo el rom\u00e1ntico episodio de Isabel de Segura y Juan de Marcilla, los amantes turolenses de esa [&hellip;]<\/p>\n","protected":false},"author":325,"featured_media":11556,"comment_status":"open","ping_status":"open","sticky":false,"template":"","format":"standard","meta":{"footnotes":""},"categories":[72],"tags":[],"class_list":["post-11550","post","type-post","status-publish","format-standard","has-post-thumbnail","hentry","category-opinion"],"yoast_head":"<!-- This site is optimized with the Yoast SEO plugin v27.5 - https:\/\/yoast.com\/product\/yoast-seo-wordpress\/ -->\n<title>Fronteras y amores en El Tarajal - Revista Rambla<\/title>\n<meta name=\"robots\" content=\"index, follow, max-snippet:-1, max-image-preview:large, max-video-preview:-1\" \/>\n<link rel=\"canonical\" href=\"https:\/\/www.revistarambla.com\/en\/fronteras-y-amores-en-el-tarajal\/\" \/>\n<meta property=\"og:locale\" content=\"en_GB\" \/>\n<meta property=\"og:type\" content=\"article\" \/>\n<meta property=\"og:title\" content=\"Fronteras y amores en El Tarajal - Revista Rambla\" \/>\n<meta property=\"og:description\" content=\"Si la fe mueve monta\u00f1as, otros sentimientos, como el amor, no se detienen ante barreras con vocaci\u00f3n infranqueable. Fronteras como las que separan la vida y la muerte, por ejemplo. Ah\u00ed est\u00e1 para demostrarlo el rom\u00e1ntico episodio de Isabel de Segura y Juan de Marcilla, los amantes turolenses de esa [&hellip;]\" \/>\n<meta property=\"og:url\" content=\"https:\/\/www.revistarambla.com\/en\/fronteras-y-amores-en-el-tarajal\/\" \/>\n<meta property=\"og:site_name\" content=\"Revista Rambla\" \/>\n<meta property=\"article:publisher\" content=\"https:\/\/www.facebook.com\/revistarambla\/\" \/>\n<meta property=\"article:author\" content=\"https:\/\/www.facebook.com\/josemanuelrambla\/\" \/>\n<meta property=\"article:published_time\" content=\"2017-02-08T07:22:34+00:00\" \/>\n<meta property=\"article:modified_time\" content=\"2022-10-21T15:24:18+00:00\" \/>\n<meta property=\"og:image\" content=\"https:\/\/www.revistarambla.com\/wp-content\/uploads\/2017\/02\/01-pintada-27-copia.jpg\" \/>\n\t<meta property=\"og:image:width\" content=\"800\" \/>\n\t<meta property=\"og:image:height\" content=\"535\" \/>\n\t<meta property=\"og:image:type\" content=\"image\/jpeg\" \/>\n<meta name=\"author\" content=\"Jos\u00e9 Manuel Rambla\" \/>\n<meta name=\"twitter:card\" content=\"summary_large_image\" \/>\n<meta name=\"twitter:creator\" content=\"@jmrambla\" \/>\n<meta name=\"twitter:site\" content=\"@revistarambla\" \/>\n<meta name=\"twitter:label1\" content=\"Written by\" \/>\n\t<meta name=\"twitter:data1\" content=\"Jos\u00e9 Manuel Rambla\" \/>\n\t<meta name=\"twitter:label2\" content=\"Estimated reading time\" \/>\n\t<meta name=\"twitter:data2\" content=\"3 minutes\" \/>\n<script type=\"application\/ld+json\" class=\"yoast-schema-graph\">{\"@context\":\"https:\\\/\\\/schema.org\",\"@graph\":[{\"@type\":\"Article\",\"@id\":\"https:\\\/\\\/www.revistarambla.com\\\/fronteras-y-amores-en-el-tarajal\\\/#article\",\"isPartOf\":{\"@id\":\"https:\\\/\\\/www.revistarambla.com\\\/fronteras-y-amores-en-el-tarajal\\\/\"},\"author\":{\"name\":\"Jos\u00e9 Manuel Rambla\",\"@id\":\"https:\\\/\\\/www.revistarambla.com\\\/#\\\/schema\\\/person\\\/f8e404c0293434eaf6a60da08d1123e3\"},\"headline\":\"Fronteras y amores en El Tarajal\",\"datePublished\":\"2017-02-08T07:22:34+00:00\",\"dateModified\":\"2022-10-21T15:24:18+00:00\",\"mainEntityOfPage\":{\"@id\":\"https:\\\/\\\/www.revistarambla.com\\\/fronteras-y-amores-en-el-tarajal\\\/\"},\"wordCount\":658,\"commentCount\":0,\"publisher\":{\"@id\":\"https:\\\/\\\/www.revistarambla.com\\\/#organization\"},\"image\":{\"@id\":\"https:\\\/\\\/www.revistarambla.com\\\/fronteras-y-amores-en-el-tarajal\\\/#primaryimage\"},\"thumbnailUrl\":\"https:\\\/\\\/www.revistarambla.com\\\/wp-content\\\/uploads\\\/2017\\\/02\\\/01-pintada-27-copia.jpg\",\"articleSection\":[\"Opiniones\"],\"inLanguage\":\"en-GB\",\"potentialAction\":[{\"@type\":\"CommentAction\",\"name\":\"Comment\",\"target\":[\"https:\\\/\\\/www.revistarambla.com\\\/fronteras-y-amores-en-el-tarajal\\\/#respond\"]}]},{\"@type\":\"WebPage\",\"@id\":\"https:\\\/\\\/www.revistarambla.com\\\/fronteras-y-amores-en-el-tarajal\\\/\",\"url\":\"https:\\\/\\\/www.revistarambla.com\\\/fronteras-y-amores-en-el-tarajal\\\/\",\"name\":\"Fronteras y amores en El Tarajal - Revista Rambla\",\"isPartOf\":{\"@id\":\"https:\\\/\\\/www.revistarambla.com\\\/#website\"},\"primaryImageOfPage\":{\"@id\":\"https:\\\/\\\/www.revistarambla.com\\\/fronteras-y-amores-en-el-tarajal\\\/#primaryimage\"},\"image\":{\"@id\":\"https:\\\/\\\/www.revistarambla.com\\\/fronteras-y-amores-en-el-tarajal\\\/#primaryimage\"},\"thumbnailUrl\":\"https:\\\/\\\/www.revistarambla.com\\\/wp-content\\\/uploads\\\/2017\\\/02\\\/01-pintada-27-copia.jpg\",\"datePublished\":\"2017-02-08T07:22:34+00:00\",\"dateModified\":\"2022-10-21T15:24:18+00:00\",\"breadcrumb\":{\"@id\":\"https:\\\/\\\/www.revistarambla.com\\\/fronteras-y-amores-en-el-tarajal\\\/#breadcrumb\"},\"inLanguage\":\"en-GB\",\"potentialAction\":[{\"@type\":\"ReadAction\",\"target\":[\"https:\\\/\\\/www.revistarambla.com\\\/fronteras-y-amores-en-el-tarajal\\\/\"]}]},{\"@type\":\"ImageObject\",\"inLanguage\":\"en-GB\",\"@id\":\"https:\\\/\\\/www.revistarambla.com\\\/fronteras-y-amores-en-el-tarajal\\\/#primaryimage\",\"url\":\"https:\\\/\\\/www.revistarambla.com\\\/wp-content\\\/uploads\\\/2017\\\/02\\\/01-pintada-27-copia.jpg\",\"contentUrl\":\"https:\\\/\\\/www.revistarambla.com\\\/wp-content\\\/uploads\\\/2017\\\/02\\\/01-pintada-27-copia.jpg\",\"width\":800,\"height\":535},{\"@type\":\"BreadcrumbList\",\"@id\":\"https:\\\/\\\/www.revistarambla.com\\\/fronteras-y-amores-en-el-tarajal\\\/#breadcrumb\",\"itemListElement\":[{\"@type\":\"ListItem\",\"position\":1,\"name\":\"Portada\",\"item\":\"https:\\\/\\\/www.revistarambla.com\\\/\"},{\"@type\":\"ListItem\",\"position\":2,\"name\":\"Fronteras y amores en El Tarajal\"}]},{\"@type\":\"WebSite\",\"@id\":\"https:\\\/\\\/www.revistarambla.com\\\/#website\",\"url\":\"https:\\\/\\\/www.revistarambla.com\\\/\",\"name\":\"Revista Rambla Barcelona\",\"description\":\"Periodismo independiente\",\"publisher\":{\"@id\":\"https:\\\/\\\/www.revistarambla.com\\\/#organization\"},\"potentialAction\":[{\"@type\":\"SearchAction\",\"target\":{\"@type\":\"EntryPoint\",\"urlTemplate\":\"https:\\\/\\\/www.revistarambla.com\\\/?s={search_term_string}\"},\"query-input\":{\"@type\":\"PropertyValueSpecification\",\"valueRequired\":true,\"valueName\":\"search_term_string\"}}],\"inLanguage\":\"en-GB\"},{\"@type\":\"Organization\",\"@id\":\"https:\\\/\\\/www.revistarambla.com\\\/#organization\",\"name\":\"Revista Rambla\",\"url\":\"https:\\\/\\\/www.revistarambla.com\\\/\",\"logo\":{\"@type\":\"ImageObject\",\"inLanguage\":\"en-GB\",\"@id\":\"https:\\\/\\\/www.revistarambla.com\\\/#\\\/schema\\\/logo\\\/image\\\/\",\"url\":\"https:\\\/\\\/www.revistarambla.com\\\/wp-content\\\/uploads\\\/2020\\\/09\\\/banner_rambla_1900x600_BB.png\",\"contentUrl\":\"https:\\\/\\\/www.revistarambla.com\\\/wp-content\\\/uploads\\\/2020\\\/09\\\/banner_rambla_1900x600_BB.png\",\"width\":1900,\"height\":600,\"caption\":\"Revista Rambla\"},\"image\":{\"@id\":\"https:\\\/\\\/www.revistarambla.com\\\/#\\\/schema\\\/logo\\\/image\\\/\"},\"sameAs\":[\"https:\\\/\\\/www.facebook.com\\\/revistarambla\\\/\",\"https:\\\/\\\/x.com\\\/revistarambla\",\"https:\\\/\\\/www.instagram.com\\\/revista_rambla\",\"https:\\\/\\\/es.linkedin.com\\\/company\\\/revista-rambla\"]},{\"@type\":\"Person\",\"@id\":\"https:\\\/\\\/www.revistarambla.com\\\/#\\\/schema\\\/person\\\/f8e404c0293434eaf6a60da08d1123e3\",\"name\":\"Jos\u00e9 Manuel Rambla\",\"description\":\"Periodista cultural y columnista.\",\"sameAs\":[\"https:\\\/\\\/aesteladodelparaiso.com\\\/\",\"https:\\\/\\\/www.facebook.com\\\/josemanuelrambla\\\/\",\"https:\\\/\\\/x.com\\\/jmrambla\"]}]}<\/script>\n<!-- \/ Yoast SEO plugin. -->","yoast_head_json":{"title":"Fronteras y amores en El Tarajal - Revista Rambla","robots":{"index":"index","follow":"follow","max-snippet":"max-snippet:-1","max-image-preview":"max-image-preview:large","max-video-preview":"max-video-preview:-1"},"canonical":"https:\/\/www.revistarambla.com\/en\/fronteras-y-amores-en-el-tarajal\/","og_locale":"en_GB","og_type":"article","og_title":"Fronteras y amores en El Tarajal - Revista Rambla","og_description":"Si la fe mueve monta\u00f1as, otros sentimientos, como el amor, no se detienen ante barreras con vocaci\u00f3n infranqueable. Fronteras como las que separan la vida y la muerte, por ejemplo. Ah\u00ed est\u00e1 para demostrarlo el rom\u00e1ntico episodio de Isabel de Segura y Juan de Marcilla, los amantes turolenses de esa [&hellip;]","og_url":"https:\/\/www.revistarambla.com\/en\/fronteras-y-amores-en-el-tarajal\/","og_site_name":"Revista Rambla","article_publisher":"https:\/\/www.facebook.com\/revistarambla\/","article_author":"https:\/\/www.facebook.com\/josemanuelrambla\/","article_published_time":"2017-02-08T07:22:34+00:00","article_modified_time":"2022-10-21T15:24:18+00:00","og_image":[{"width":800,"height":535,"url":"https:\/\/www.revistarambla.com\/wp-content\/uploads\/2017\/02\/01-pintada-27-copia.jpg","type":"image\/jpeg"}],"author":"Jos\u00e9 Manuel Rambla","twitter_card":"summary_large_image","twitter_creator":"@jmrambla","twitter_site":"@revistarambla","twitter_misc":{"Written by":"Jos\u00e9 Manuel Rambla","Estimated reading time":"3 minutes"},"schema":{"@context":"https:\/\/schema.org","@graph":[{"@type":"Article","@id":"https:\/\/www.revistarambla.com\/fronteras-y-amores-en-el-tarajal\/#article","isPartOf":{"@id":"https:\/\/www.revistarambla.com\/fronteras-y-amores-en-el-tarajal\/"},"author":{"name":"Jos\u00e9 Manuel Rambla","@id":"https:\/\/www.revistarambla.com\/#\/schema\/person\/f8e404c0293434eaf6a60da08d1123e3"},"headline":"Fronteras y amores en El Tarajal","datePublished":"2017-02-08T07:22:34+00:00","dateModified":"2022-10-21T15:24:18+00:00","mainEntityOfPage":{"@id":"https:\/\/www.revistarambla.com\/fronteras-y-amores-en-el-tarajal\/"},"wordCount":658,"commentCount":0,"publisher":{"@id":"https:\/\/www.revistarambla.com\/#organization"},"image":{"@id":"https:\/\/www.revistarambla.com\/fronteras-y-amores-en-el-tarajal\/#primaryimage"},"thumbnailUrl":"https:\/\/www.revistarambla.com\/wp-content\/uploads\/2017\/02\/01-pintada-27-copia.jpg","articleSection":["Opiniones"],"inLanguage":"en-GB","potentialAction":[{"@type":"CommentAction","name":"Comment","target":["https:\/\/www.revistarambla.com\/fronteras-y-amores-en-el-tarajal\/#respond"]}]},{"@type":"WebPage","@id":"https:\/\/www.revistarambla.com\/fronteras-y-amores-en-el-tarajal\/","url":"https:\/\/www.revistarambla.com\/fronteras-y-amores-en-el-tarajal\/","name":"Fronteras y amores en El Tarajal - Revista Rambla","isPartOf":{"@id":"https:\/\/www.revistarambla.com\/#website"},"primaryImageOfPage":{"@id":"https:\/\/www.revistarambla.com\/fronteras-y-amores-en-el-tarajal\/#primaryimage"},"image":{"@id":"https:\/\/www.revistarambla.com\/fronteras-y-amores-en-el-tarajal\/#primaryimage"},"thumbnailUrl":"https:\/\/www.revistarambla.com\/wp-content\/uploads\/2017\/02\/01-pintada-27-copia.jpg","datePublished":"2017-02-08T07:22:34+00:00","dateModified":"2022-10-21T15:24:18+00:00","breadcrumb":{"@id":"https:\/\/www.revistarambla.com\/fronteras-y-amores-en-el-tarajal\/#breadcrumb"},"inLanguage":"en-GB","potentialAction":[{"@type":"ReadAction","target":["https:\/\/www.revistarambla.com\/fronteras-y-amores-en-el-tarajal\/"]}]},{"@type":"ImageObject","inLanguage":"en-GB","@id":"https:\/\/www.revistarambla.com\/fronteras-y-amores-en-el-tarajal\/#primaryimage","url":"https:\/\/www.revistarambla.com\/wp-content\/uploads\/2017\/02\/01-pintada-27-copia.jpg","contentUrl":"https:\/\/www.revistarambla.com\/wp-content\/uploads\/2017\/02\/01-pintada-27-copia.jpg","width":800,"height":535},{"@type":"BreadcrumbList","@id":"https:\/\/www.revistarambla.com\/fronteras-y-amores-en-el-tarajal\/#breadcrumb","itemListElement":[{"@type":"ListItem","position":1,"name":"Portada","item":"https:\/\/www.revistarambla.com\/"},{"@type":"ListItem","position":2,"name":"Fronteras y amores en El Tarajal"}]},{"@type":"WebSite","@id":"https:\/\/www.revistarambla.com\/#website","url":"https:\/\/www.revistarambla.com\/","name":"Revista Rambla Barcelona","description":"Periodismo independiente","publisher":{"@id":"https:\/\/www.revistarambla.com\/#organization"},"potentialAction":[{"@type":"SearchAction","target":{"@type":"EntryPoint","urlTemplate":"https:\/\/www.revistarambla.com\/?s={search_term_string}"},"query-input":{"@type":"PropertyValueSpecification","valueRequired":true,"valueName":"search_term_string"}}],"inLanguage":"en-GB"},{"@type":"Organization","@id":"https:\/\/www.revistarambla.com\/#organization","name":"Revista Rambla","url":"https:\/\/www.revistarambla.com\/","logo":{"@type":"ImageObject","inLanguage":"en-GB","@id":"https:\/\/www.revistarambla.com\/#\/schema\/logo\/image\/","url":"https:\/\/www.revistarambla.com\/wp-content\/uploads\/2020\/09\/banner_rambla_1900x600_BB.png","contentUrl":"https:\/\/www.revistarambla.com\/wp-content\/uploads\/2020\/09\/banner_rambla_1900x600_BB.png","width":1900,"height":600,"caption":"Revista Rambla"},"image":{"@id":"https:\/\/www.revistarambla.com\/#\/schema\/logo\/image\/"},"sameAs":["https:\/\/www.facebook.com\/revistarambla\/","https:\/\/x.com\/revistarambla","https:\/\/www.instagram.com\/revista_rambla","https:\/\/es.linkedin.com\/company\/revista-rambla"]},{"@type":"Person","@id":"https:\/\/www.revistarambla.com\/#\/schema\/person\/f8e404c0293434eaf6a60da08d1123e3","name":"Jos\u00e9 Manuel Rambla","description":"Periodista cultural y columnista.","sameAs":["https:\/\/aesteladodelparaiso.com\/","https:\/\/www.facebook.com\/josemanuelrambla\/","https:\/\/x.com\/jmrambla"]}]}},"_links":{"self":[{"href":"https:\/\/www.revistarambla.com\/en\/wp-json\/wp\/v2\/posts\/11550","targetHints":{"allow":["GET"]}}],"collection":[{"href":"https:\/\/www.revistarambla.com\/en\/wp-json\/wp\/v2\/posts"}],"about":[{"href":"https:\/\/www.revistarambla.com\/en\/wp-json\/wp\/v2\/types\/post"}],"author":[{"embeddable":true,"href":"https:\/\/www.revistarambla.com\/en\/wp-json\/wp\/v2\/users\/325"}],"replies":[{"embeddable":true,"href":"https:\/\/www.revistarambla.com\/en\/wp-json\/wp\/v2\/comments?post=11550"}],"version-history":[{"count":1,"href":"https:\/\/www.revistarambla.com\/en\/wp-json\/wp\/v2\/posts\/11550\/revisions"}],"predecessor-version":[{"id":48291,"href":"https:\/\/www.revistarambla.com\/en\/wp-json\/wp\/v2\/posts\/11550\/revisions\/48291"}],"wp:featuredmedia":[{"embeddable":true,"href":"https:\/\/www.revistarambla.com\/en\/wp-json\/wp\/v2\/media\/11556"}],"wp:attachment":[{"href":"https:\/\/www.revistarambla.com\/en\/wp-json\/wp\/v2\/media?parent=11550"}],"wp:term":[{"taxonomy":"category","embeddable":true,"href":"https:\/\/www.revistarambla.com\/en\/wp-json\/wp\/v2\/categories?post=11550"},{"taxonomy":"post_tag","embeddable":true,"href":"https:\/\/www.revistarambla.com\/en\/wp-json\/wp\/v2\/tags?post=11550"}],"curies":[{"name":"wp","href":"https:\/\/api.w.org\/{rel}","templated":true}]}}