{"id":11527,"date":"2017-02-06T15:13:25","date_gmt":"2017-02-06T13:13:25","guid":{"rendered":"https:\/\/www.revistarambla.com\/?p=11527"},"modified":"2021-04-03T20:33:34","modified_gmt":"2021-04-03T18:33:34","slug":"juicio-a-mas-ortega-y-rigau-por-el-9-n","status":"publish","type":"post","link":"https:\/\/www.revistarambla.com\/en\/juicio-a-mas-ortega-y-rigau-por-el-9-n\/","title":{"rendered":"Juicio a Mas, Ortega y Rigau por el 9-N"},"content":{"rendered":"<p style=\"text-align: left;\">Artur Mas, Joana Ortega e Irene Rigau se han sentado hoy en el banquillo de los acusados juzgados por los delitos de desobediencia y prevaricaci\u00f3n en la consulta del 9-N. La fiscal\u00eda pide una pena de 10 a\u00f1os de inhabilitaci\u00f3n para Mas y 9 a\u00f1os para las exconselleras por seguir con los preparativos de la votaci\u00f3n, desobedeciendo el mandato del TC, que hab\u00eda suspendido la consulta.<\/p>\n<p style=\"text-align: left;\"><strong><img decoding=\"async\" class=\"aligncenter size-full wp-image-11529\" src=\"https:\/\/www.revistarambla.com\/wp-content\/uploads\/2017\/02\/mas-02.jpg\" alt=\"mas-02\" width=\"1134\" height=\"615\" srcset=\"https:\/\/www.revistarambla.com\/wp-content\/uploads\/2017\/02\/mas-02.jpg 1134w, https:\/\/www.revistarambla.com\/wp-content\/uploads\/2017\/02\/mas-02-300x163.jpg 300w, https:\/\/www.revistarambla.com\/wp-content\/uploads\/2017\/02\/mas-02-768x417.jpg 768w, https:\/\/www.revistarambla.com\/wp-content\/uploads\/2017\/02\/mas-02-1024x555.jpg 1024w, https:\/\/www.revistarambla.com\/wp-content\/uploads\/2017\/02\/mas-02-500x271.jpg 500w\" sizes=\"(max-width: 1134px) 100vw, 1134px\" \/><\/strong><\/p>\n<p style=\"text-align: left;\">A las ocho de la ma\u00f1ana, una hora antes de la prevista para el juicio, el presidente Carles Puigdemont ha comparecido en el Palau de la Generalitat para apoyar a los tres acusados. En esta breve declaraci\u00f3n institucional, el President ha asegurado que nunca se tendr\u00eda que haber llegado a los tribunales por el 9-N y que \u201cun pa\u00eds capaz de hacer el 9-N tiene una democracia m\u00e1s sana que un pa\u00eds que env\u00eda a los que lo hicieron posible al banquillo de los acusados\u201d.<\/p>\n<p style=\"text-align: left;\">Seguidamente, expresident y exconselleras han salido del Palau de la Generalitat hacia el TSJC acompa\u00f1ados por Carles Puigdemont, ovacionados y ante gritos de \u201cindependencia\u201d. Mas, Ortega y Rigau han manifestado una notable emoci\u00f3n ante el multitudinario apoyo de la ciudadan\u00eda, que ha decidido hacer el recorrido a pie con ellos. La Guardia Civil cifra en 40.000 las personas que se han movilizado contra el juicio. Los tres acusados tambi\u00e9n han sido arropados por un centenar de cargos electos, como Joan Tard\u00e0, Llu\u00eds Rabell, David Fern\u00e0ndez y Josep Maria Terricabras.<\/p>\n<p style=\"text-align: left;\">Una gran pancarta con el texto \u201cLove democracy\u201d ha decorado el Arc de Triomf por debajo del cual han pasado Mas, Ortega y Rigau. Ya en las puertas del TSJC, los miles de personas que han ocupado el Passeig Llu\u00eds Companys han coreado la Estaca y Els Segadors y han ondeado banderas estelades bajo los c\u00e1nticos \u201cno est\u00e1is solos\u201d, \u201cni un paso atr\u00e1s\u201d y \u201cindependencia\u201d. El ministro de Justicia, Rafael Catal\u00e1, ha calificado esta concentraci\u00f3n de \u201cnumerito impropio en una democracia\u201d, como ya lo hicieron en su momento In\u00e9s Arrimadas o Xavier Garc\u00eda Albiol.<\/p>\n<p style=\"text-align: left;\">Los tres acusados han entrado al TSJC con bastante retraso, por lo que el juicio se ha iniciado a las diez y no a las nueve. El presidente del TSJC, Jes\u00fas Mar\u00eda Barrientos, y los magistrados Carlos Ramos y Eduardo Rodr\u00edguez han sido los encargados de juzgar a Mas, Ortega y Rigau.<\/p>\n<p style=\"text-align: left;\">Durante las cuestiones previas, la defensa del presidente de PDeCAT ha vuelto a pedir, sin \u00e9xito, que Mariano Rajoy y Rafael Catal\u00e1 declaren como testigos en el juicio del 9-N. Tambi\u00e9n ha argumentado, ante la oposici\u00f3n de la fiscal\u00eda, que se ha vulnerado el derecho de defensa del expresident al no permitir que se aportara el informe de los fiscales catalanes.<\/p>\n<p style=\"text-align: left;\">Artur Mas ha sido el primero en declarar y solo ha respondido las preguntas de la defensa. A\u00fan as\u00ed, ha vivido varios momentos de tensi\u00f3n con el presidente del tribunal. Como ya predijo ayer durante un programa especial en 8TV, el expresident se ha mostrado muy tranquilo al estar \u201cconvencido de haber hecho lo correcto al poner las urnas\u201d siendo \u201cinocentes penalmente pero responsables pol\u00edticamente\u201d. El expresident ha manifestado que \u201cm\u00e1s de dos tercios del Parlament eran partidarios del derecho a decidir y de promover una consulta\u201d, por lo que, dice, \u201ccumpli\u00f3 los mandatos del Parlament que hab\u00eda escogido un estado democr\u00e1tico\u201d. El objeto final del 9-N, seg\u00fan Mas, no era otro que el de conocer la opini\u00f3n de la gente de Catalunya, \u201cno se trataba de una consulta o proceso participativo con vinculaciones legales inmediatas\u201d, por lo que, cuenta, no entendio el recurso del Gobierno ante el TC.<\/p>\n<p style=\"text-align: left;\">El presidente del PDeCAT tambi\u00e9n ha llevado su defensa diciendo que no fue advertido por el TC sobre las consecuencias legales de no suspender el 9-N. El expresident asegura que desde la Generalitat \u201cpedimos aclaraciones al tribunal y el 9 de noviembre a\u00fan no hab\u00edamos recibido ninguna respuesta\u201d. Tras ser preguntado por Barrientos sobre la apertura de los institutos el 9-N, y para terminar el interrogatorio, Artur Mas ha afirmado ser \u201cel responsable de todo\u201d.<\/p>\n<p style=\"text-align: left;\">La segunda persona en declarar ha sido la exvicepresidenta de la Generalitat, Joana Ortega. \u00c9sta ha explicado haber tenido \u201cla m\u00e1xima responsabilidad en lo que respecta al dise\u00f1o y planificaci\u00f3n del 9-N\u201d. Durante su interrogatorio se ha hecho hincapi\u00e9 en la p\u00e1gina web de registro de voluntarios, dejando claro que no se us\u00f3 ning\u00fan dato protegido ni del censo. Ortega ha denunciado que el 8 y 9 de noviembre, los servicios inform\u00e1ticos de la Generalitat recibieron un ciberataque que puso en riesgo los servicios esenciales. Tambi\u00e9n ha destacado que fueron los voluntarios quienes \u201cabrieron los locales, recibieron los votos y pasaron los datos al CTTI. Los funcionarios no hicieron nada\u201d. Coincidiendo con el expresident Mas, Joana Ortega ha explicado que \u201cpensaba que no estaba cometiendo ning\u00fan delito ni cuestionando ning\u00fan requerimiento del TC. Ni yo ni el Govern ten\u00edamos claro el alcance de la providencia del TC\u201d.<\/p>\n<p style=\"text-align: left;\">Finalmente, ha llegado el turno de la exconsellera d\u2019ensenyament, Irene Rigau. De la misma forma que los otros acusados, solo ha respondido las preguntas de la defensa. Para evitar la reiteraci\u00f3n de temas, Rigau ha afirmado compartir \u201cabsolutamente\u201d las declaraciones hechas por Mas y Ortega. Irene Rigau ha recalcado que \u201cse inform\u00f3 del uso social que se har\u00eda de los institutos, una regulaci\u00f3n creada para que los centros puedan utilizarse fuera de la actividad lectiva\u201d. Tambi\u00e9n ha negado ante el juez la existencia de una \u201ccoacci\u00f3n\u201d hacia responsables de centros educativos para abrir el 9-N. Como los dos anteriores, Rigau ha explicado no haber recibido un requerimiento con las consecuencias legales del proceso participativo.<\/p>\n<p style=\"text-align: left;\">El juicio ha conllevado un sinf\u00edn de reacciones pol\u00edticas a favor y en contra de los acusados. Albert Rivera, presidente de Ciudadanos, ha pedido \u201cno entrar al trapo del victimismo y de la \u00e9pica del oratorio barata\u201d de los independentistas catalanes. Por su parte, el secretario general de Podemos, Pablo Iglesias, ha asegurado que \u201chabla mal de nuestra democracia que se juzgue a alguien por poner las urnas\u201d. Tambi\u00e9n se ha pronunciado el n\u00famero dos de Podemos, \u00cd\u00f1igo Errej\u00f3n, publicando en sus redes sociales que \u201ccuando frente a las urnas la respuesta son tribunales o precintos, es que hace falta una revoluci\u00f3n democr\u00e1tica\u201d. En la misma l\u00ednea que los l\u00edderes de Podemos, ha hablado el portavoz del PNV en el Congreso de los Diputados, Aitor Esteban, opinando que \u201cno da la imagen de un Estado democr\u00e1tico moderno y europeo llevar al banquillo a Mas\u201d. El secretario del PSC, Miquel Iceta, se ha contenido en sus declaraciones antes del juicio aunque ha terminado con la frase: \u201cYo no veo a Artur Mas como un delincuente\u201d.<\/p>\n<p style=\"text-align: left;\">La de hoy ha sido una jornada in\u00e9dita y sin precedentes, pues nunca se hab\u00eda sentado en el banquillo de los acusados ning\u00fan presidente de una comunidad por delitos alejados de la corrupci\u00f3n. Por este motivo, no sorprenden las cifras de 343 periodistas y 70 medios, siete de ellos extranjeros.<\/p>\n<p style=\"text-align: left;\">Ma\u00f1ana a las 9:00h se proseguir\u00e1 con el juicio del 9-N, que durar\u00e1 hasta el d\u00eda 10 de febrero. Mas, Ortega i Rigau, en un art\u00edculo de opini\u00f3n publicado en varios diarios catalanes, dicen que aspiran a una sentencia absolutoria, explican que cada d\u00eda, all\u00ed donde est\u00e9n, reafirmaran \u201clos valores que tienen que perfilar una democracia europea del siglo XXI\u201d y que una futura condena no podr\u00e1 acabar con sus ideales.<\/p>\n<p style=\"text-align: left;\">[meta_gallery_slider id=\u00bb11531&#8243; autoplay=\u00bbtrue\u00bb dots=\u00bbfalse\u00bb show_title=\u00bbfalse\u00bb show_caption=\u00bbfalse\u00bb]<\/p>\n","protected":false},"excerpt":{"rendered":"<p>Artur Mas, Joana Ortega e Irene Rigau se han sentado hoy en el banquillo de los acusados juzgados por los delitos de desobediencia y prevaricaci\u00f3n en la consulta del 9-N. La fiscal\u00eda pide una pena de 10 a\u00f1os de inhabilitaci\u00f3n para Mas y 9 a\u00f1os para las exconselleras por seguir [&hellip;]<\/p>\n","protected":false},"author":3,"featured_media":11528,"comment_status":"open","ping_status":"open","sticky":false,"template":"","format":"standard","meta":{"footnotes":""},"categories":[3,59],"tags":[],"class_list":["post-11527","post","type-post","status-publish","format-standard","has-post-thumbnail","hentry","category-actualidad","category-catalunya"],"yoast_head":"<!-- This site is optimized with the Yoast SEO plugin v27.5 - https:\/\/yoast.com\/product\/yoast-seo-wordpress\/ -->\n<title>Juicio a Mas, Ortega y Rigau por el 9-N - Revista Rambla<\/title>\n<meta name=\"robots\" content=\"index, follow, max-snippet:-1, max-image-preview:large, max-video-preview:-1\" \/>\n<link rel=\"canonical\" href=\"https:\/\/www.revistarambla.com\/en\/juicio-a-mas-ortega-y-rigau-por-el-9-n\/\" \/>\n<meta property=\"og:locale\" content=\"en_GB\" \/>\n<meta property=\"og:type\" content=\"article\" \/>\n<meta property=\"og:title\" content=\"Juicio a Mas, Ortega y Rigau por el 9-N - Revista Rambla\" \/>\n<meta property=\"og:description\" content=\"Artur Mas, Joana Ortega e Irene Rigau se han sentado hoy en el banquillo de los acusados juzgados por los delitos de desobediencia y prevaricaci\u00f3n en la consulta del 9-N. La fiscal\u00eda pide una pena de 10 a\u00f1os de inhabilitaci\u00f3n para Mas y 9 a\u00f1os para las exconselleras por seguir [&hellip;]\" \/>\n<meta property=\"og:url\" content=\"https:\/\/www.revistarambla.com\/en\/juicio-a-mas-ortega-y-rigau-por-el-9-n\/\" \/>\n<meta property=\"og:site_name\" content=\"Revista Rambla\" \/>\n<meta property=\"article:publisher\" content=\"https:\/\/www.facebook.com\/revistarambla\/\" \/>\n<meta property=\"article:author\" content=\"https:\/\/www.facebook.com\/revistarambla\" \/>\n<meta property=\"article:published_time\" content=\"2017-02-06T13:13:25+00:00\" \/>\n<meta property=\"article:modified_time\" content=\"2021-04-03T18:33:34+00:00\" \/>\n<meta property=\"og:image\" content=\"https:\/\/i1.wp.com\/www.revistarambla.com\/wp-content\/uploads\/2017\/02\/mas-01.jpg?fit=1134%2C789&ssl=1\" \/>\n\t<meta property=\"og:image:width\" content=\"1134\" \/>\n\t<meta property=\"og:image:height\" content=\"789\" \/>\n\t<meta property=\"og:image:type\" content=\"image\/jpeg\" \/>\n<meta name=\"author\" content=\"Raquel Vilella\" \/>\n<meta name=\"twitter:card\" content=\"summary_large_image\" \/>\n<meta name=\"twitter:creator\" content=\"@revistarambla\" \/>\n<meta name=\"twitter:site\" content=\"@revistarambla\" \/>\n<meta name=\"twitter:label1\" content=\"Written by\" \/>\n\t<meta name=\"twitter:data1\" content=\"Raquel Vilella\" \/>\n\t<meta name=\"twitter:label2\" content=\"Estimated reading time\" \/>\n\t<meta name=\"twitter:data2\" content=\"6 minutes\" \/>\n<script type=\"application\/ld+json\" class=\"yoast-schema-graph\">{\"@context\":\"https:\\\/\\\/schema.org\",\"@graph\":[{\"@type\":\"Article\",\"@id\":\"https:\\\/\\\/www.revistarambla.com\\\/juicio-a-mas-ortega-y-rigau-por-el-9-n\\\/#article\",\"isPartOf\":{\"@id\":\"https:\\\/\\\/www.revistarambla.com\\\/juicio-a-mas-ortega-y-rigau-por-el-9-n\\\/\"},\"author\":{\"name\":\"Raquel Vilella\",\"@id\":\"https:\\\/\\\/www.revistarambla.com\\\/#\\\/schema\\\/person\\\/a146a5a2550b94981a75131180e1bd9c\"},\"headline\":\"Juicio a Mas, Ortega y Rigau por el 9-N\",\"datePublished\":\"2017-02-06T13:13:25+00:00\",\"dateModified\":\"2021-04-03T18:33:34+00:00\",\"mainEntityOfPage\":{\"@id\":\"https:\\\/\\\/www.revistarambla.com\\\/juicio-a-mas-ortega-y-rigau-por-el-9-n\\\/\"},\"wordCount\":1321,\"commentCount\":0,\"publisher\":{\"@id\":\"https:\\\/\\\/www.revistarambla.com\\\/#organization\"},\"image\":{\"@id\":\"https:\\\/\\\/www.revistarambla.com\\\/juicio-a-mas-ortega-y-rigau-por-el-9-n\\\/#primaryimage\"},\"thumbnailUrl\":\"https:\\\/\\\/www.revistarambla.com\\\/wp-content\\\/uploads\\\/2017\\\/02\\\/mas-01.jpg\",\"articleSection\":[\"Actualidad\",\"Catalunya\"],\"inLanguage\":\"en-GB\",\"potentialAction\":[{\"@type\":\"CommentAction\",\"name\":\"Comment\",\"target\":[\"https:\\\/\\\/www.revistarambla.com\\\/juicio-a-mas-ortega-y-rigau-por-el-9-n\\\/#respond\"]}]},{\"@type\":\"WebPage\",\"@id\":\"https:\\\/\\\/www.revistarambla.com\\\/juicio-a-mas-ortega-y-rigau-por-el-9-n\\\/\",\"url\":\"https:\\\/\\\/www.revistarambla.com\\\/juicio-a-mas-ortega-y-rigau-por-el-9-n\\\/\",\"name\":\"Juicio a Mas, Ortega y Rigau por el 9-N - Revista Rambla\",\"isPartOf\":{\"@id\":\"https:\\\/\\\/www.revistarambla.com\\\/#website\"},\"primaryImageOfPage\":{\"@id\":\"https:\\\/\\\/www.revistarambla.com\\\/juicio-a-mas-ortega-y-rigau-por-el-9-n\\\/#primaryimage\"},\"image\":{\"@id\":\"https:\\\/\\\/www.revistarambla.com\\\/juicio-a-mas-ortega-y-rigau-por-el-9-n\\\/#primaryimage\"},\"thumbnailUrl\":\"https:\\\/\\\/www.revistarambla.com\\\/wp-content\\\/uploads\\\/2017\\\/02\\\/mas-01.jpg\",\"datePublished\":\"2017-02-06T13:13:25+00:00\",\"dateModified\":\"2021-04-03T18:33:34+00:00\",\"breadcrumb\":{\"@id\":\"https:\\\/\\\/www.revistarambla.com\\\/juicio-a-mas-ortega-y-rigau-por-el-9-n\\\/#breadcrumb\"},\"inLanguage\":\"en-GB\",\"potentialAction\":[{\"@type\":\"ReadAction\",\"target\":[\"https:\\\/\\\/www.revistarambla.com\\\/juicio-a-mas-ortega-y-rigau-por-el-9-n\\\/\"]}]},{\"@type\":\"ImageObject\",\"inLanguage\":\"en-GB\",\"@id\":\"https:\\\/\\\/www.revistarambla.com\\\/juicio-a-mas-ortega-y-rigau-por-el-9-n\\\/#primaryimage\",\"url\":\"https:\\\/\\\/www.revistarambla.com\\\/wp-content\\\/uploads\\\/2017\\\/02\\\/mas-01.jpg\",\"contentUrl\":\"https:\\\/\\\/www.revistarambla.com\\\/wp-content\\\/uploads\\\/2017\\\/02\\\/mas-01.jpg\",\"width\":1134,\"height\":789},{\"@type\":\"BreadcrumbList\",\"@id\":\"https:\\\/\\\/www.revistarambla.com\\\/juicio-a-mas-ortega-y-rigau-por-el-9-n\\\/#breadcrumb\",\"itemListElement\":[{\"@type\":\"ListItem\",\"position\":1,\"name\":\"Portada\",\"item\":\"https:\\\/\\\/www.revistarambla.com\\\/\"},{\"@type\":\"ListItem\",\"position\":2,\"name\":\"Juicio a Mas, Ortega y Rigau por el 9-N\"}]},{\"@type\":\"WebSite\",\"@id\":\"https:\\\/\\\/www.revistarambla.com\\\/#website\",\"url\":\"https:\\\/\\\/www.revistarambla.com\\\/\",\"name\":\"Revista Rambla Barcelona\",\"description\":\"Periodismo independiente\",\"publisher\":{\"@id\":\"https:\\\/\\\/www.revistarambla.com\\\/#organization\"},\"potentialAction\":[{\"@type\":\"SearchAction\",\"target\":{\"@type\":\"EntryPoint\",\"urlTemplate\":\"https:\\\/\\\/www.revistarambla.com\\\/?s={search_term_string}\"},\"query-input\":{\"@type\":\"PropertyValueSpecification\",\"valueRequired\":true,\"valueName\":\"search_term_string\"}}],\"inLanguage\":\"en-GB\"},{\"@type\":\"Organization\",\"@id\":\"https:\\\/\\\/www.revistarambla.com\\\/#organization\",\"name\":\"Revista Rambla\",\"url\":\"https:\\\/\\\/www.revistarambla.com\\\/\",\"logo\":{\"@type\":\"ImageObject\",\"inLanguage\":\"en-GB\",\"@id\":\"https:\\\/\\\/www.revistarambla.com\\\/#\\\/schema\\\/logo\\\/image\\\/\",\"url\":\"https:\\\/\\\/www.revistarambla.com\\\/wp-content\\\/uploads\\\/2020\\\/09\\\/banner_rambla_1900x600_BB.png\",\"contentUrl\":\"https:\\\/\\\/www.revistarambla.com\\\/wp-content\\\/uploads\\\/2020\\\/09\\\/banner_rambla_1900x600_BB.png\",\"width\":1900,\"height\":600,\"caption\":\"Revista Rambla\"},\"image\":{\"@id\":\"https:\\\/\\\/www.revistarambla.com\\\/#\\\/schema\\\/logo\\\/image\\\/\"},\"sameAs\":[\"https:\\\/\\\/www.facebook.com\\\/revistarambla\\\/\",\"https:\\\/\\\/x.com\\\/revistarambla\",\"https:\\\/\\\/www.instagram.com\\\/revista_rambla\",\"https:\\\/\\\/es.linkedin.com\\\/company\\\/revista-rambla\"]},{\"@type\":\"Person\",\"@id\":\"https:\\\/\\\/www.revistarambla.com\\\/#\\\/schema\\\/person\\\/a146a5a2550b94981a75131180e1bd9c\",\"name\":\"Raquel Vilella\",\"description\":\"Periodista y profesora.\",\"sameAs\":[\"https:\\\/\\\/www.facebook.com\\\/revistarambla\",\"https:\\\/\\\/x.com\\\/revistarambla\"]}]}<\/script>\n<!-- \/ Yoast SEO plugin. -->","yoast_head_json":{"title":"Juicio a Mas, Ortega y Rigau por el 9-N - Revista Rambla","robots":{"index":"index","follow":"follow","max-snippet":"max-snippet:-1","max-image-preview":"max-image-preview:large","max-video-preview":"max-video-preview:-1"},"canonical":"https:\/\/www.revistarambla.com\/en\/juicio-a-mas-ortega-y-rigau-por-el-9-n\/","og_locale":"en_GB","og_type":"article","og_title":"Juicio a Mas, Ortega y Rigau por el 9-N - Revista Rambla","og_description":"Artur Mas, Joana Ortega e Irene Rigau se han sentado hoy en el banquillo de los acusados juzgados por los delitos de desobediencia y prevaricaci\u00f3n en la consulta del 9-N. La fiscal\u00eda pide una pena de 10 a\u00f1os de inhabilitaci\u00f3n para Mas y 9 a\u00f1os para las exconselleras por seguir [&hellip;]","og_url":"https:\/\/www.revistarambla.com\/en\/juicio-a-mas-ortega-y-rigau-por-el-9-n\/","og_site_name":"Revista Rambla","article_publisher":"https:\/\/www.facebook.com\/revistarambla\/","article_author":"https:\/\/www.facebook.com\/revistarambla","article_published_time":"2017-02-06T13:13:25+00:00","article_modified_time":"2021-04-03T18:33:34+00:00","og_image":[{"width":1134,"height":789,"url":"https:\/\/i1.wp.com\/www.revistarambla.com\/wp-content\/uploads\/2017\/02\/mas-01.jpg?fit=1134%2C789&ssl=1","type":"image\/jpeg"}],"author":"Raquel Vilella","twitter_card":"summary_large_image","twitter_creator":"@revistarambla","twitter_site":"@revistarambla","twitter_misc":{"Written by":"Raquel Vilella","Estimated reading time":"6 minutes"},"schema":{"@context":"https:\/\/schema.org","@graph":[{"@type":"Article","@id":"https:\/\/www.revistarambla.com\/juicio-a-mas-ortega-y-rigau-por-el-9-n\/#article","isPartOf":{"@id":"https:\/\/www.revistarambla.com\/juicio-a-mas-ortega-y-rigau-por-el-9-n\/"},"author":{"name":"Raquel Vilella","@id":"https:\/\/www.revistarambla.com\/#\/schema\/person\/a146a5a2550b94981a75131180e1bd9c"},"headline":"Juicio a Mas, Ortega y Rigau por el 9-N","datePublished":"2017-02-06T13:13:25+00:00","dateModified":"2021-04-03T18:33:34+00:00","mainEntityOfPage":{"@id":"https:\/\/www.revistarambla.com\/juicio-a-mas-ortega-y-rigau-por-el-9-n\/"},"wordCount":1321,"commentCount":0,"publisher":{"@id":"https:\/\/www.revistarambla.com\/#organization"},"image":{"@id":"https:\/\/www.revistarambla.com\/juicio-a-mas-ortega-y-rigau-por-el-9-n\/#primaryimage"},"thumbnailUrl":"https:\/\/www.revistarambla.com\/wp-content\/uploads\/2017\/02\/mas-01.jpg","articleSection":["Actualidad","Catalunya"],"inLanguage":"en-GB","potentialAction":[{"@type":"CommentAction","name":"Comment","target":["https:\/\/www.revistarambla.com\/juicio-a-mas-ortega-y-rigau-por-el-9-n\/#respond"]}]},{"@type":"WebPage","@id":"https:\/\/www.revistarambla.com\/juicio-a-mas-ortega-y-rigau-por-el-9-n\/","url":"https:\/\/www.revistarambla.com\/juicio-a-mas-ortega-y-rigau-por-el-9-n\/","name":"Juicio a Mas, Ortega y Rigau por el 9-N - Revista Rambla","isPartOf":{"@id":"https:\/\/www.revistarambla.com\/#website"},"primaryImageOfPage":{"@id":"https:\/\/www.revistarambla.com\/juicio-a-mas-ortega-y-rigau-por-el-9-n\/#primaryimage"},"image":{"@id":"https:\/\/www.revistarambla.com\/juicio-a-mas-ortega-y-rigau-por-el-9-n\/#primaryimage"},"thumbnailUrl":"https:\/\/www.revistarambla.com\/wp-content\/uploads\/2017\/02\/mas-01.jpg","datePublished":"2017-02-06T13:13:25+00:00","dateModified":"2021-04-03T18:33:34+00:00","breadcrumb":{"@id":"https:\/\/www.revistarambla.com\/juicio-a-mas-ortega-y-rigau-por-el-9-n\/#breadcrumb"},"inLanguage":"en-GB","potentialAction":[{"@type":"ReadAction","target":["https:\/\/www.revistarambla.com\/juicio-a-mas-ortega-y-rigau-por-el-9-n\/"]}]},{"@type":"ImageObject","inLanguage":"en-GB","@id":"https:\/\/www.revistarambla.com\/juicio-a-mas-ortega-y-rigau-por-el-9-n\/#primaryimage","url":"https:\/\/www.revistarambla.com\/wp-content\/uploads\/2017\/02\/mas-01.jpg","contentUrl":"https:\/\/www.revistarambla.com\/wp-content\/uploads\/2017\/02\/mas-01.jpg","width":1134,"height":789},{"@type":"BreadcrumbList","@id":"https:\/\/www.revistarambla.com\/juicio-a-mas-ortega-y-rigau-por-el-9-n\/#breadcrumb","itemListElement":[{"@type":"ListItem","position":1,"name":"Portada","item":"https:\/\/www.revistarambla.com\/"},{"@type":"ListItem","position":2,"name":"Juicio a Mas, Ortega y Rigau por el 9-N"}]},{"@type":"WebSite","@id":"https:\/\/www.revistarambla.com\/#website","url":"https:\/\/www.revistarambla.com\/","name":"Revista Rambla Barcelona","description":"Periodismo independiente","publisher":{"@id":"https:\/\/www.revistarambla.com\/#organization"},"potentialAction":[{"@type":"SearchAction","target":{"@type":"EntryPoint","urlTemplate":"https:\/\/www.revistarambla.com\/?s={search_term_string}"},"query-input":{"@type":"PropertyValueSpecification","valueRequired":true,"valueName":"search_term_string"}}],"inLanguage":"en-GB"},{"@type":"Organization","@id":"https:\/\/www.revistarambla.com\/#organization","name":"Revista Rambla","url":"https:\/\/www.revistarambla.com\/","logo":{"@type":"ImageObject","inLanguage":"en-GB","@id":"https:\/\/www.revistarambla.com\/#\/schema\/logo\/image\/","url":"https:\/\/www.revistarambla.com\/wp-content\/uploads\/2020\/09\/banner_rambla_1900x600_BB.png","contentUrl":"https:\/\/www.revistarambla.com\/wp-content\/uploads\/2020\/09\/banner_rambla_1900x600_BB.png","width":1900,"height":600,"caption":"Revista Rambla"},"image":{"@id":"https:\/\/www.revistarambla.com\/#\/schema\/logo\/image\/"},"sameAs":["https:\/\/www.facebook.com\/revistarambla\/","https:\/\/x.com\/revistarambla","https:\/\/www.instagram.com\/revista_rambla","https:\/\/es.linkedin.com\/company\/revista-rambla"]},{"@type":"Person","@id":"https:\/\/www.revistarambla.com\/#\/schema\/person\/a146a5a2550b94981a75131180e1bd9c","name":"Raquel Vilella","description":"Periodista y profesora.","sameAs":["https:\/\/www.facebook.com\/revistarambla","https:\/\/x.com\/revistarambla"]}]}},"_links":{"self":[{"href":"https:\/\/www.revistarambla.com\/en\/wp-json\/wp\/v2\/posts\/11527","targetHints":{"allow":["GET"]}}],"collection":[{"href":"https:\/\/www.revistarambla.com\/en\/wp-json\/wp\/v2\/posts"}],"about":[{"href":"https:\/\/www.revistarambla.com\/en\/wp-json\/wp\/v2\/types\/post"}],"author":[{"embeddable":true,"href":"https:\/\/www.revistarambla.com\/en\/wp-json\/wp\/v2\/users\/3"}],"replies":[{"embeddable":true,"href":"https:\/\/www.revistarambla.com\/en\/wp-json\/wp\/v2\/comments?post=11527"}],"version-history":[{"count":0,"href":"https:\/\/www.revistarambla.com\/en\/wp-json\/wp\/v2\/posts\/11527\/revisions"}],"wp:featuredmedia":[{"embeddable":true,"href":"https:\/\/www.revistarambla.com\/en\/wp-json\/wp\/v2\/media\/11528"}],"wp:attachment":[{"href":"https:\/\/www.revistarambla.com\/en\/wp-json\/wp\/v2\/media?parent=11527"}],"wp:term":[{"taxonomy":"category","embeddable":true,"href":"https:\/\/www.revistarambla.com\/en\/wp-json\/wp\/v2\/categories?post=11527"},{"taxonomy":"post_tag","embeddable":true,"href":"https:\/\/www.revistarambla.com\/en\/wp-json\/wp\/v2\/tags?post=11527"}],"curies":[{"name":"wp","href":"https:\/\/api.w.org\/{rel}","templated":true}]}}