{"id":1149,"date":"2011-09-25T10:31:46","date_gmt":"2011-09-25T10:31:46","guid":{"rendered":"https:\/\/www.revistarambla.com\/un-documental-y-un-proposito\/"},"modified":"2021-05-03T21:41:41","modified_gmt":"2021-05-03T19:41:41","slug":"un-documental-y-un-proposito","status":"publish","type":"post","link":"https:\/\/www.revistarambla.com\/en\/un-documental-y-un-proposito\/","title":{"rendered":"Un documental y un prop\u00f3sito"},"content":{"rendered":"<p>Conoc\u00ed a Marc Gavald\u00e1 \u00a0hace 6 a\u00f1os, cuando fui a escucharlo a una conferencia de la Universidad de Cochabamba (Bolivia).\u00a0 Medioambientologo\u00a0 y activista del decrecimiento con un\u00a0 discurso lleno de datos escalofriantes sobre el expolio\u00a0 de las multinacionales petroleras , me sedujo de inmediato.\u00a0 Compr\u00e9 sus libros y los le\u00ed mientras compon\u00edamos raps, y tom\u00e1bamos chicha.<\/p>\n<figure id=\"attachment_31392\" aria-describedby=\"caption-attachment-31392\" style=\"width: 640px\" class=\"wp-caption aligncenter\"><img decoding=\"async\" class=\"wp-image-31392 size-full\" src=\"https:\/\/www.revistarambla.com\/wp-content\/uploads\/2011\/09\/Screenshot_2021-05-03-alertamazonica.png\" alt=\"\" width=\"640\" height=\"360\" srcset=\"https:\/\/www.revistarambla.com\/wp-content\/uploads\/2011\/09\/Screenshot_2021-05-03-alertamazonica.png 640w, https:\/\/www.revistarambla.com\/wp-content\/uploads\/2011\/09\/Screenshot_2021-05-03-alertamazonica-300x169.png 300w\" sizes=\"(max-width: 640px) 100vw, 640px\" \/><figcaption id=\"caption-attachment-31392\" class=\"wp-caption-text\">Marc Gavald\u00e1.<\/figcaption><\/figure>\n<p>A\u00f1os m\u00e1s tarde le invit\u00e9 a participar en un <span data-scayt_word=\"festivalito\" data-scaytid=\"20\">festivalito<\/span> llamado Lapsus con uno de sus documentales <span data-scayt_word=\"handmade\" data-scaytid=\"21\">handmade<\/span> .\u00a0 Como siempre su discurso directo, cient\u00edfico y <span data-scayt_word=\"activista\" data-scaytid=\"19\">activista<\/span>\u00a0 estaba all\u00ed pero , a diferencia de sus libros, aquella c\u00e1mara era ca\u00f3tica y demasiado <span data-scayt_word=\"punk\" data-scaytid=\"22\">punk<\/span> para llegar a un p\u00fablico potencialmente \u00a0interesado en el tema.<\/p>\n<p>De esa carencia de lenguaje audiovisual\u00a0 sali\u00f3 la propuesta que le hice. Hab\u00edamos montado una productora,\u00a0 <span data-scayt_word=\"Perla28\" data-scaytid=\"23\">Perla28<\/span>\u00a0 y ya hac\u00eda tiempo que est\u00e1bamos grabando y ense\u00f1ando audiovisuales en barrios dif\u00edciles de Barcelona, como la <span data-scayt_word=\"Trinitat\" data-scaytid=\"24\">Trinitat<\/span> <span data-scayt_word=\"Vella\" data-scaytid=\"25\">Vella<\/span> y La Mina. Siempre atentos a los conflictos locales.<\/p>\n<p>La propuesta fue\u00a0 hacer juntos el pr\u00f3ximo Documental .\u00a0 Yo aportaba la experiencia en producir y el acceso a material bueno y \u00e9l ten\u00eda el tema y su gran experiencia en documentales de guerrilla.<\/p>\n<p>As\u00ed\u00a0 fue,\u00a0 poco tiempo despu\u00e9s me llam\u00f3 y me habl\u00f3 de <span data-scayt_word=\"Camisea\" data-scaytid=\"26\">Camisea<\/span>, una central de Gas en medio de la <span data-scayt_word=\"Amazon\u00eda\" data-scaytid=\"27\">Amazon\u00eda<\/span> peruana, que estaba considerada c\u00f3mo una de las reservas m\u00e1s importantes a nivel mundial. Lo que amenaza en convertir toda la zona de selva virgen en un enjambre de\u00a0 pozos y <span data-scayt_word=\"gasoductos\" data-scaytid=\"28\">gasoductos<\/span>,\u00a0 al r\u00edo <span data-scayt_word=\"Urubamaba\" data-scaytid=\"29\">Urubamaba<\/span> en una autopista de botes de carga y\u00a0 al Per\u00fa en el Pa\u00eds m\u00e1s exportador de gas de toda Am\u00e9rica <span data-scayt_word=\"L\u00e1tina\" data-scaytid=\"30\">L\u00e1tina<\/span>\u00a0 con los precios m\u00e1s bajos .\u00a0 Luego me habl\u00f3 de <span data-scayt_word=\"Bagua\" data-scaytid=\"31\">Bagua<\/span> , de la matanza del 2009 ,\u00a0 d\u00f3nde <span data-scayt_word=\"Alan\" data-scaytid=\"32\">Alan<\/span> Garc\u00eda envi\u00f3 al ej\u00e9rcito para reprimir a la poblaci\u00f3n Amaz\u00f3nica, levantada para defender los derechos sobre sus tierras ancestrales, invadidas y contaminadas por las petroleras, \u00a0y\u00a0 que se defendieron de los ataques gubernamentales con palos y piedras. \u00a0Tambi\u00e9n o\u00ed por primera vez el nombre de Alberto <span data-scayt_word=\"Pizango\" data-scaytid=\"33\">Pizango<\/span> , presidente de <span data-scayt_word=\"AIDESEP\" data-scaytid=\"34\">AIDESEP<\/span> , exiliado forzosamente a Nicaragua acusado de instigar a los <span data-scayt_word=\"Achuar\" data-scaytid=\"35\">Achuar<\/span> para enfrentarse violentamente al ej\u00e9rcito nacional.\u00a0 Y el de \u00a0<span data-scayt_word=\"Lily\" data-scaytid=\"36\">Lily<\/span> la torre , abogada veterana con la que luego compartimos horas de conversaciones apasionantes \u00a0en su casa de Lima.<\/p>\n<p>Le dije que s\u00ed , sin dudar, que adelante y as\u00ed empezamos a reunirnos peri\u00f3dicamente para\u00a0 hilvanar toda la trama de gui\u00f3n , producci\u00f3n y financiaci\u00f3n que requer\u00eda el proyecto.<\/p>\n<p>Al equipo se uni\u00f3 <span data-scayt_word=\"Jordi\" data-scaytid=\"37\">Jordi<\/span> Salvador, un amante de los documentales , que aportaba claridad discursiva al documental\u00a0 y un ojo de fot\u00f3grafo necesario para garantizar la calidad de la imagen .\u00a0 Durante casi a\u00f1o y medio estuvimos <span data-scayt_word=\"dale\" data-scaytid=\"38\">dale<\/span> que <span data-scayt_word=\"dale\" data-scaytid=\"39\">dale<\/span>.<\/p>\n<p>Como siempre , y m\u00e1s en documentales de \u00e9ste tipo, el problema de la financiaci\u00f3n era grande.\u00a0 Casi ninguna empresa o productora quiere\u00a0 aportar dinero a un documental de denuncia donde nombres como <span data-scayt_word=\"Repsol\" data-scaytid=\"42\">Repsol<\/span> o <span data-scayt_word=\"Shell\" data-scaytid=\"43\">Shell<\/span> iban a salir <span data-scayt_word=\"malparadas\" data-scaytid=\"44\">malparadas<\/span>.\u00a0 Y si exist\u00eda alguna, \u00a0la maldita crisis no ayudaba. Por lo que recurrimos a dos m\u00e9todos, m\u00e1s \u00a0acordes a nuestro esp\u00edritu <span data-scayt_word=\"participativo\" data-scaytid=\"45\">participativo<\/span> y popular:<\/p>\n<p>. A) eventos presenciales y <span data-scayt_word=\"experienciales\" data-scaytid=\"48\">experienciales<\/span> , basados normalmente comidas populares\u00a0 a precios bajos y mostrar documentales y exposiciones sobre la tem\u00e1tica y B) Utilizar el incipiente movimiento <span data-scayt_word=\"crowdfunding\" data-scaytid=\"49\">crowdfunding<\/span> basado en la <span data-scayt_word=\"microfinanciaci\u00f3n\" data-scaytid=\"50\">microfinanciaci\u00f3n<\/span> por <span data-scayt_word=\"internet\" data-scaytid=\"51\">internet<\/span> a trav\u00e9s \u00a0plataforma <span data-scayt_word=\"Verkami\" data-scaytid=\"52\">Verkami<\/span>, con dos objetivos , el de recolecci\u00f3n de fondos y el de <span data-scayt_word=\"publicitar\" data-scaytid=\"53\">publicitar<\/span> nuestro proyecto y por lo tanto de la problem\u00e1tica existente.<\/p>\n<p>El \u00e9xito de \u00e9ste m\u00e9todo fue rotundo, y se consigui\u00f3 casi doblar la primera propuesta de 3.500 euros que s\u00f3lo cubr\u00eda pasajes de avi\u00f3n y manutenci\u00f3n de dos personas.<\/p>\n<p>120 <span data-scayt_word=\"micromecenas\" data-scaytid=\"60\">micromecenas<\/span> y dos <span data-scayt_word=\"Ong\" data-scaytid=\"61\">Ong<\/span> <span data-scayt_word=\"aportaon\" data-scaytid=\"62\">aportaon<\/span> fondos necesarios\u00a0 para que finalmente <span data-scayt_word=\"fueramos\" data-scaytid=\"63\">fueramos<\/span> tres personas a Per\u00fa y <span data-scayt_word=\"pudi\u00e9ramos\" data-scaytid=\"64\">pudi\u00e9ramos<\/span> cubrir las tareas de producci\u00f3n ,\u00a0 realizaci\u00f3n, grabaci\u00f3n de audio y <span data-scayt_word=\"video\" data-scaytid=\"65\">video<\/span>,\u00a0\u00a0 con las garant\u00edas y la ganas necesarias .<\/p>\n<p>Entre Junio y Agosto \u00a0de 2011, un equipo de tres <span data-scayt_word=\"documentalistas\" data-scaytid=\"67\">documentalistas<\/span> y una lista de contactos que han resultado vitales y espectaculares por su aportaci\u00f3n informativa, hemos grabado m\u00e1s de 40 horas de im\u00e1genes , entrevistas, seguimientos,\u00a0 pozos de gas\u00a0 y un largo etc\u00e9tera .<\/p>\n<p>Nuestro trabajo en constante progreso se puede seguir en el <span data-scayt_word=\"Blog\" data-scaytid=\"68\">Blog<\/span> <a href=\"http:\/\/www.alertamazonica.wordpress.com\/\"><span data-scayt_word=\"www.alertamazonica.wordpress.com\" data-scaytid=\"66\">www.alertamazonica.wordpress.com<\/span><\/a>, y pronto pensamos en dar de alta una <span data-scayt_word=\"web\" data-scaytid=\"69\">web<\/span> en la que poder ir depositando el material que no quepa en el documental. Entrevistas sobretodo que por lo comprimido del tiempo comercial no cabr\u00e1n el un documental de 52 minutos pero que por su importancia queremos que se <span data-scayt_word=\"visualice\" data-scaytid=\"70\">visualice<\/span> en un soporte <span data-scayt_word=\"Web\" data-scaytid=\"71\">Web<\/span>.<\/p>\n<p>Ahora nos encontramos en el arduo y m\u00e1gico proceso de Edici\u00f3n y creemos que lo tendremos antes\u00a0 de Enero de 2011.<\/p>\n<p>Ese encuentro en <span data-scayt_word=\"Bol\u00edvia\" data-scaytid=\"74\">Bol\u00edvia<\/span>, pues , inici\u00f3 algo que hoy se est\u00e1 cumpliendo, pese a que nada es f\u00e1cil no dejo de pensar en que\u00a0 cuando uno tiene un prop\u00f3sito, la suficiente \u00a0tenacidad\u00a0 por cumplir los sue\u00f1os, la militancia intelectual\u00a0 y\u00a0 la imaginaci\u00f3n necesaria \u00a0es capaz de tirar adelante\u00a0 el m\u00e1s ut\u00f3pico de los proyectos.<\/p>","protected":false},"excerpt":{"rendered":"<p>Conoc\u00ed a Marc Gavald\u00e1 \u00a0hace 6 a\u00f1os, cuando fui a escucharlo a una conferencia de la Universidad de Cochabamba (Bolivia).\u00a0 Medioambientologo\u00a0 y activista del decrecimiento con un\u00a0 discurso lleno de datos escalofriantes sobre el expolio\u00a0 de las multinacionales petroleras , me sedujo de inmediato.\u00a0 Compr\u00e9 sus libros y los le\u00ed [&hellip;]<\/p>\n","protected":false},"author":1,"featured_media":31392,"comment_status":"open","ping_status":"open","sticky":false,"template":"","format":"standard","meta":{"footnotes":""},"categories":[4],"tags":[],"class_list":["post-1149","post","type-post","status-publish","format-standard","has-post-thumbnail","hentry","category-cultura"],"yoast_head":"<!-- This site is optimized with the Yoast SEO plugin v27.5 - https:\/\/yoast.com\/product\/yoast-seo-wordpress\/ -->\n<title>Un documental y un prop\u00f3sito - Revista Rambla<\/title>\n<meta name=\"robots\" content=\"index, follow, max-snippet:-1, max-image-preview:large, max-video-preview:-1\" \/>\n<link rel=\"canonical\" href=\"https:\/\/www.revistarambla.com\/en\/un-documental-y-un-proposito\/\" \/>\n<meta property=\"og:locale\" content=\"en_GB\" \/>\n<meta property=\"og:type\" content=\"article\" \/>\n<meta property=\"og:title\" content=\"Un documental y un prop\u00f3sito - Revista Rambla\" \/>\n<meta property=\"og:description\" content=\"Conoc\u00ed a Marc Gavald\u00e1 \u00a0hace 6 a\u00f1os, cuando fui a escucharlo a una conferencia de la Universidad de Cochabamba (Bolivia).\u00a0 Medioambientologo\u00a0 y activista del decrecimiento con un\u00a0 discurso lleno de datos escalofriantes sobre el expolio\u00a0 de las multinacionales petroleras , me sedujo de inmediato.\u00a0 Compr\u00e9 sus libros y los le\u00ed [&hellip;]\" \/>\n<meta property=\"og:url\" content=\"https:\/\/www.revistarambla.com\/en\/un-documental-y-un-proposito\/\" \/>\n<meta property=\"og:site_name\" content=\"Revista Rambla\" \/>\n<meta property=\"article:publisher\" content=\"https:\/\/www.facebook.com\/revistarambla\/\" \/>\n<meta property=\"article:published_time\" content=\"2011-09-25T10:31:46+00:00\" \/>\n<meta property=\"article:modified_time\" content=\"2021-05-03T19:41:41+00:00\" \/>\n<meta property=\"og:image\" content=\"https:\/\/i0.wp.com\/www.revistarambla.com\/wp-content\/uploads\/2011\/09\/Screenshot_2021-05-03-alertamazonica.png?fit=640%2C360&ssl=1\" \/>\n\t<meta property=\"og:image:width\" content=\"640\" \/>\n\t<meta property=\"og:image:height\" content=\"360\" \/>\n\t<meta property=\"og:image:type\" content=\"image\/png\" \/>\n<meta name=\"author\" content=\"Eduard Alter\" \/>\n<meta name=\"twitter:card\" content=\"summary_large_image\" \/>\n<meta name=\"twitter:creator\" content=\"@revistarambla\" \/>\n<meta name=\"twitter:site\" content=\"@revistarambla\" \/>\n<meta name=\"twitter:label1\" content=\"Written by\" \/>\n\t<meta name=\"twitter:data1\" content=\"Eduard Alter\" \/>\n\t<meta name=\"twitter:label2\" content=\"Estimated reading time\" \/>\n\t<meta name=\"twitter:data2\" content=\"4 minutes\" \/>\n<script type=\"application\/ld+json\" class=\"yoast-schema-graph\">{\"@context\":\"https:\\\/\\\/schema.org\",\"@graph\":[{\"@type\":\"Article\",\"@id\":\"https:\\\/\\\/www.revistarambla.com\\\/un-documental-y-un-proposito\\\/#article\",\"isPartOf\":{\"@id\":\"https:\\\/\\\/www.revistarambla.com\\\/un-documental-y-un-proposito\\\/\"},\"author\":{\"name\":\"Eduard Alter\",\"@id\":\"https:\\\/\\\/www.revistarambla.com\\\/#\\\/schema\\\/person\\\/4a5652fc8c82df1f8593002d038cd79e\"},\"headline\":\"Un documental y un prop\u00f3sito\",\"datePublished\":\"2011-09-25T10:31:46+00:00\",\"dateModified\":\"2021-05-03T19:41:41+00:00\",\"mainEntityOfPage\":{\"@id\":\"https:\\\/\\\/www.revistarambla.com\\\/un-documental-y-un-proposito\\\/\"},\"wordCount\":888,\"commentCount\":0,\"publisher\":{\"@id\":\"https:\\\/\\\/www.revistarambla.com\\\/#organization\"},\"image\":{\"@id\":\"https:\\\/\\\/www.revistarambla.com\\\/un-documental-y-un-proposito\\\/#primaryimage\"},\"thumbnailUrl\":\"https:\\\/\\\/www.revistarambla.com\\\/wp-content\\\/uploads\\\/2011\\\/09\\\/Screenshot_2021-05-03-alertamazonica.png\",\"articleSection\":[\"Cultura\"],\"inLanguage\":\"en-GB\",\"potentialAction\":[{\"@type\":\"CommentAction\",\"name\":\"Comment\",\"target\":[\"https:\\\/\\\/www.revistarambla.com\\\/un-documental-y-un-proposito\\\/#respond\"]}]},{\"@type\":\"WebPage\",\"@id\":\"https:\\\/\\\/www.revistarambla.com\\\/un-documental-y-un-proposito\\\/\",\"url\":\"https:\\\/\\\/www.revistarambla.com\\\/un-documental-y-un-proposito\\\/\",\"name\":\"Un documental y un prop\u00f3sito - Revista Rambla\",\"isPartOf\":{\"@id\":\"https:\\\/\\\/www.revistarambla.com\\\/#website\"},\"primaryImageOfPage\":{\"@id\":\"https:\\\/\\\/www.revistarambla.com\\\/un-documental-y-un-proposito\\\/#primaryimage\"},\"image\":{\"@id\":\"https:\\\/\\\/www.revistarambla.com\\\/un-documental-y-un-proposito\\\/#primaryimage\"},\"thumbnailUrl\":\"https:\\\/\\\/www.revistarambla.com\\\/wp-content\\\/uploads\\\/2011\\\/09\\\/Screenshot_2021-05-03-alertamazonica.png\",\"datePublished\":\"2011-09-25T10:31:46+00:00\",\"dateModified\":\"2021-05-03T19:41:41+00:00\",\"breadcrumb\":{\"@id\":\"https:\\\/\\\/www.revistarambla.com\\\/un-documental-y-un-proposito\\\/#breadcrumb\"},\"inLanguage\":\"en-GB\",\"potentialAction\":[{\"@type\":\"ReadAction\",\"target\":[\"https:\\\/\\\/www.revistarambla.com\\\/un-documental-y-un-proposito\\\/\"]}]},{\"@type\":\"ImageObject\",\"inLanguage\":\"en-GB\",\"@id\":\"https:\\\/\\\/www.revistarambla.com\\\/un-documental-y-un-proposito\\\/#primaryimage\",\"url\":\"https:\\\/\\\/www.revistarambla.com\\\/wp-content\\\/uploads\\\/2011\\\/09\\\/Screenshot_2021-05-03-alertamazonica.png\",\"contentUrl\":\"https:\\\/\\\/www.revistarambla.com\\\/wp-content\\\/uploads\\\/2011\\\/09\\\/Screenshot_2021-05-03-alertamazonica.png\",\"width\":640,\"height\":360},{\"@type\":\"BreadcrumbList\",\"@id\":\"https:\\\/\\\/www.revistarambla.com\\\/un-documental-y-un-proposito\\\/#breadcrumb\",\"itemListElement\":[{\"@type\":\"ListItem\",\"position\":1,\"name\":\"Portada\",\"item\":\"https:\\\/\\\/www.revistarambla.com\\\/\"},{\"@type\":\"ListItem\",\"position\":2,\"name\":\"Un documental y un prop\u00f3sito\"}]},{\"@type\":\"WebSite\",\"@id\":\"https:\\\/\\\/www.revistarambla.com\\\/#website\",\"url\":\"https:\\\/\\\/www.revistarambla.com\\\/\",\"name\":\"Revista Rambla Barcelona\",\"description\":\"Periodismo independiente\",\"publisher\":{\"@id\":\"https:\\\/\\\/www.revistarambla.com\\\/#organization\"},\"potentialAction\":[{\"@type\":\"SearchAction\",\"target\":{\"@type\":\"EntryPoint\",\"urlTemplate\":\"https:\\\/\\\/www.revistarambla.com\\\/?s={search_term_string}\"},\"query-input\":{\"@type\":\"PropertyValueSpecification\",\"valueRequired\":true,\"valueName\":\"search_term_string\"}}],\"inLanguage\":\"en-GB\"},{\"@type\":\"Organization\",\"@id\":\"https:\\\/\\\/www.revistarambla.com\\\/#organization\",\"name\":\"Revista Rambla\",\"url\":\"https:\\\/\\\/www.revistarambla.com\\\/\",\"logo\":{\"@type\":\"ImageObject\",\"inLanguage\":\"en-GB\",\"@id\":\"https:\\\/\\\/www.revistarambla.com\\\/#\\\/schema\\\/logo\\\/image\\\/\",\"url\":\"https:\\\/\\\/www.revistarambla.com\\\/wp-content\\\/uploads\\\/2020\\\/09\\\/banner_rambla_1900x600_BB.png\",\"contentUrl\":\"https:\\\/\\\/www.revistarambla.com\\\/wp-content\\\/uploads\\\/2020\\\/09\\\/banner_rambla_1900x600_BB.png\",\"width\":1900,\"height\":600,\"caption\":\"Revista Rambla\"},\"image\":{\"@id\":\"https:\\\/\\\/www.revistarambla.com\\\/#\\\/schema\\\/logo\\\/image\\\/\"},\"sameAs\":[\"https:\\\/\\\/www.facebook.com\\\/revistarambla\\\/\",\"https:\\\/\\\/x.com\\\/revistarambla\",\"https:\\\/\\\/www.instagram.com\\\/revista_rambla\",\"https:\\\/\\\/es.linkedin.com\\\/company\\\/revista-rambla\"]},{\"@type\":\"Person\",\"@id\":\"https:\\\/\\\/www.revistarambla.com\\\/#\\\/schema\\\/person\\\/4a5652fc8c82df1f8593002d038cd79e\",\"name\":\"Eduard Alter\"}]}<\/script>\n<!-- \/ Yoast SEO plugin. -->","yoast_head_json":{"title":"Un documental y un prop\u00f3sito - Revista Rambla","robots":{"index":"index","follow":"follow","max-snippet":"max-snippet:-1","max-image-preview":"max-image-preview:large","max-video-preview":"max-video-preview:-1"},"canonical":"https:\/\/www.revistarambla.com\/en\/un-documental-y-un-proposito\/","og_locale":"en_GB","og_type":"article","og_title":"Un documental y un prop\u00f3sito - Revista Rambla","og_description":"Conoc\u00ed a Marc Gavald\u00e1 \u00a0hace 6 a\u00f1os, cuando fui a escucharlo a una conferencia de la Universidad de Cochabamba (Bolivia).\u00a0 Medioambientologo\u00a0 y activista del decrecimiento con un\u00a0 discurso lleno de datos escalofriantes sobre el expolio\u00a0 de las multinacionales petroleras , me sedujo de inmediato.\u00a0 Compr\u00e9 sus libros y los le\u00ed [&hellip;]","og_url":"https:\/\/www.revistarambla.com\/en\/un-documental-y-un-proposito\/","og_site_name":"Revista Rambla","article_publisher":"https:\/\/www.facebook.com\/revistarambla\/","article_published_time":"2011-09-25T10:31:46+00:00","article_modified_time":"2021-05-03T19:41:41+00:00","og_image":[{"width":640,"height":360,"url":"https:\/\/i0.wp.com\/www.revistarambla.com\/wp-content\/uploads\/2011\/09\/Screenshot_2021-05-03-alertamazonica.png?fit=640%2C360&ssl=1","type":"image\/png"}],"author":"Eduard Alter","twitter_card":"summary_large_image","twitter_creator":"@revistarambla","twitter_site":"@revistarambla","twitter_misc":{"Written by":"Eduard Alter","Estimated reading time":"4 minutes"},"schema":{"@context":"https:\/\/schema.org","@graph":[{"@type":"Article","@id":"https:\/\/www.revistarambla.com\/un-documental-y-un-proposito\/#article","isPartOf":{"@id":"https:\/\/www.revistarambla.com\/un-documental-y-un-proposito\/"},"author":{"name":"Eduard Alter","@id":"https:\/\/www.revistarambla.com\/#\/schema\/person\/4a5652fc8c82df1f8593002d038cd79e"},"headline":"Un documental y un prop\u00f3sito","datePublished":"2011-09-25T10:31:46+00:00","dateModified":"2021-05-03T19:41:41+00:00","mainEntityOfPage":{"@id":"https:\/\/www.revistarambla.com\/un-documental-y-un-proposito\/"},"wordCount":888,"commentCount":0,"publisher":{"@id":"https:\/\/www.revistarambla.com\/#organization"},"image":{"@id":"https:\/\/www.revistarambla.com\/un-documental-y-un-proposito\/#primaryimage"},"thumbnailUrl":"https:\/\/www.revistarambla.com\/wp-content\/uploads\/2011\/09\/Screenshot_2021-05-03-alertamazonica.png","articleSection":["Cultura"],"inLanguage":"en-GB","potentialAction":[{"@type":"CommentAction","name":"Comment","target":["https:\/\/www.revistarambla.com\/un-documental-y-un-proposito\/#respond"]}]},{"@type":"WebPage","@id":"https:\/\/www.revistarambla.com\/un-documental-y-un-proposito\/","url":"https:\/\/www.revistarambla.com\/un-documental-y-un-proposito\/","name":"Un documental y un prop\u00f3sito - Revista Rambla","isPartOf":{"@id":"https:\/\/www.revistarambla.com\/#website"},"primaryImageOfPage":{"@id":"https:\/\/www.revistarambla.com\/un-documental-y-un-proposito\/#primaryimage"},"image":{"@id":"https:\/\/www.revistarambla.com\/un-documental-y-un-proposito\/#primaryimage"},"thumbnailUrl":"https:\/\/www.revistarambla.com\/wp-content\/uploads\/2011\/09\/Screenshot_2021-05-03-alertamazonica.png","datePublished":"2011-09-25T10:31:46+00:00","dateModified":"2021-05-03T19:41:41+00:00","breadcrumb":{"@id":"https:\/\/www.revistarambla.com\/un-documental-y-un-proposito\/#breadcrumb"},"inLanguage":"en-GB","potentialAction":[{"@type":"ReadAction","target":["https:\/\/www.revistarambla.com\/un-documental-y-un-proposito\/"]}]},{"@type":"ImageObject","inLanguage":"en-GB","@id":"https:\/\/www.revistarambla.com\/un-documental-y-un-proposito\/#primaryimage","url":"https:\/\/www.revistarambla.com\/wp-content\/uploads\/2011\/09\/Screenshot_2021-05-03-alertamazonica.png","contentUrl":"https:\/\/www.revistarambla.com\/wp-content\/uploads\/2011\/09\/Screenshot_2021-05-03-alertamazonica.png","width":640,"height":360},{"@type":"BreadcrumbList","@id":"https:\/\/www.revistarambla.com\/un-documental-y-un-proposito\/#breadcrumb","itemListElement":[{"@type":"ListItem","position":1,"name":"Portada","item":"https:\/\/www.revistarambla.com\/"},{"@type":"ListItem","position":2,"name":"Un documental y un prop\u00f3sito"}]},{"@type":"WebSite","@id":"https:\/\/www.revistarambla.com\/#website","url":"https:\/\/www.revistarambla.com\/","name":"Revista Rambla Barcelona","description":"Periodismo independiente","publisher":{"@id":"https:\/\/www.revistarambla.com\/#organization"},"potentialAction":[{"@type":"SearchAction","target":{"@type":"EntryPoint","urlTemplate":"https:\/\/www.revistarambla.com\/?s={search_term_string}"},"query-input":{"@type":"PropertyValueSpecification","valueRequired":true,"valueName":"search_term_string"}}],"inLanguage":"en-GB"},{"@type":"Organization","@id":"https:\/\/www.revistarambla.com\/#organization","name":"Revista Rambla","url":"https:\/\/www.revistarambla.com\/","logo":{"@type":"ImageObject","inLanguage":"en-GB","@id":"https:\/\/www.revistarambla.com\/#\/schema\/logo\/image\/","url":"https:\/\/www.revistarambla.com\/wp-content\/uploads\/2020\/09\/banner_rambla_1900x600_BB.png","contentUrl":"https:\/\/www.revistarambla.com\/wp-content\/uploads\/2020\/09\/banner_rambla_1900x600_BB.png","width":1900,"height":600,"caption":"Revista Rambla"},"image":{"@id":"https:\/\/www.revistarambla.com\/#\/schema\/logo\/image\/"},"sameAs":["https:\/\/www.facebook.com\/revistarambla\/","https:\/\/x.com\/revistarambla","https:\/\/www.instagram.com\/revista_rambla","https:\/\/es.linkedin.com\/company\/revista-rambla"]},{"@type":"Person","@id":"https:\/\/www.revistarambla.com\/#\/schema\/person\/4a5652fc8c82df1f8593002d038cd79e","name":"Eduard Alter"}]}},"_links":{"self":[{"href":"https:\/\/www.revistarambla.com\/en\/wp-json\/wp\/v2\/posts\/1149","targetHints":{"allow":["GET"]}}],"collection":[{"href":"https:\/\/www.revistarambla.com\/en\/wp-json\/wp\/v2\/posts"}],"about":[{"href":"https:\/\/www.revistarambla.com\/en\/wp-json\/wp\/v2\/types\/post"}],"author":[{"embeddable":true,"href":"https:\/\/www.revistarambla.com\/en\/wp-json\/wp\/v2\/users\/1"}],"replies":[{"embeddable":true,"href":"https:\/\/www.revistarambla.com\/en\/wp-json\/wp\/v2\/comments?post=1149"}],"version-history":[{"count":0,"href":"https:\/\/www.revistarambla.com\/en\/wp-json\/wp\/v2\/posts\/1149\/revisions"}],"wp:featuredmedia":[{"embeddable":true,"href":"https:\/\/www.revistarambla.com\/en\/wp-json\/wp\/v2\/media\/31392"}],"wp:attachment":[{"href":"https:\/\/www.revistarambla.com\/en\/wp-json\/wp\/v2\/media?parent=1149"}],"wp:term":[{"taxonomy":"category","embeddable":true,"href":"https:\/\/www.revistarambla.com\/en\/wp-json\/wp\/v2\/categories?post=1149"},{"taxonomy":"post_tag","embeddable":true,"href":"https:\/\/www.revistarambla.com\/en\/wp-json\/wp\/v2\/tags?post=1149"}],"curies":[{"name":"wp","href":"https:\/\/api.w.org\/{rel}","templated":true}]}}