{"id":11456,"date":"2017-01-30T09:03:04","date_gmt":"2017-01-30T07:03:04","guid":{"rendered":"https:\/\/www.revistarambla.com\/?p=11456"},"modified":"2021-04-03T20:44:19","modified_gmt":"2021-04-03T18:44:19","slug":"quien-puede-matar-a-un-perro","status":"publish","type":"post","link":"https:\/\/www.revistarambla.com\/en\/quien-puede-matar-a-un-perro\/","title":{"rendered":"\u00bfQui\u00e9n puede matar a un perro?"},"content":{"rendered":"<p style=\"text-align: left;\">Una de las frases m\u00e1s conocidas de Ghandi equidistaba la calidad de una sociedad o civilizaci\u00f3n con el trato que sus pertenecientes dispensaban a los animales. Todav\u00eda hoy se suceden demasiados casos en nuestro pa\u00eds en que perros mueren o enferman irremediablemente a causa de la comida envenenada que algunas personas dejan en los parques donde los llevamos a jugar.<\/p>\n<p style=\"text-align: left;\"><img decoding=\"async\" class=\"aligncenter size-full wp-image-11458\" src=\"https:\/\/www.revistarambla.com\/wp-content\/uploads\/2017\/01\/perros-02.jpg\" alt=\"perros-02\" width=\"900\" height=\"411\" srcset=\"https:\/\/www.revistarambla.com\/wp-content\/uploads\/2017\/01\/perros-02.jpg 900w, https:\/\/www.revistarambla.com\/wp-content\/uploads\/2017\/01\/perros-02-300x137.jpg 300w, https:\/\/www.revistarambla.com\/wp-content\/uploads\/2017\/01\/perros-02-768x351.jpg 768w, https:\/\/www.revistarambla.com\/wp-content\/uploads\/2017\/01\/perros-02-500x228.jpg 500w\" sizes=\"(max-width: 900px) 100vw, 900px\" \/><\/p>\n<p style=\"text-align: left;\">Revista Rambla ha tenido la oportunidad de charlar con Maria Pifarr\u00e9, especialista del Centre Veterinari del Barri Llat\u00ed (Santa Coloma de Gramanet) que, a lo largo de m\u00e1s de veinte a\u00f1os, se ha topado con m\u00faltiples casos de envenenamiento a perros. Su centro ha atendido decenas de casos de esta \u00edndole, que, arugumenta, se producen de forma c\u00edclica, pero, lamentablemente, constante en el tiempo, sin visos de disminuiir a corto o medio plazo.<\/p>\n<p style=\"text-align: left;\">Mar\u00eda, no sin cierta emoci\u00f3n, inicia la conversaci\u00f3n recordando un caso especialmente dram\u00e1tico con una rotweiller de 5 a\u00f1os, Luna, cuya due\u00f1a llev\u00f3 a la cl\u00ednica dado que, a las pocas horas de volver de su paseo, hab\u00eda empezado a tambalearse y a sacar espuma por la boca. Se le hicieron al animal todos los an\u00e1lisis y pruebas pertinentes, y se le mantuvo en observaci\u00f3n toda la noche. Pero, desgraciadamente, Luna no sobrevivi\u00f3 al envenenamiento, engrosando las filas de la muerte m\u00e1s cruel y gratuita que se puede producir a un animal. Cualquier persona que tiene, o ha tenido, mascota puede dar fe de lo traum\u00e1tico que puede llegar a ser perder a tu fiel compa\u00f1ero en tan breve espacio de tiempo y de forma tan injusta.<\/p>\n<p style=\"text-align: left;\">Casos como el de Luna demuestran lo importante que resulta denunciar estas pr\u00e1cticas a la polic\u00eda para que podamos acabar con ellas. Maria, desde su perspectiva puramente profesional, nos aconseja, de igual modo, que, si vemos que nuestro perro ha comido algo en el parque, estemos muy atentos a cualquier s\u00edntoma de malestar tales como: tambaleos, quejas constantes, sacar espuma por la boca o sangrados, v\u00f3mitos&#8230; ya que en estos casos el tiempo es oro y existe alta posibilidad de salvaci\u00f3n si se act\u00faa r\u00e1pidamente.<\/p>\n<p style=\"text-align: left;\">Los sitios m\u00e1s propensos a envenenamiento de nuestras mascotas son, obviamente, aquellos que m\u00e1s frecuentan los perros: parques, paseos o, b\u00e1sicamente, donde haya c\u00e9sped.<\/p>\n<p style=\"text-align: left;\"><strong>\u00bfQuien puede matar a un perro?<\/strong><\/p>\n<p style=\"text-align: left;\">Frecuentemente, el perfil de persona que es capaz de dejar alimentos, ya sean envenenados o, en otras ocasiones, con clavos para perros corresponde al de alguien con una plausible falta de empat\u00eda. Es decir, alguien que presenta s\u00edntomas de psicopat\u00eda. \u00bfRecuerdan a aquel ni\u00f1o al que de peque\u00f1o le gustaba arrancarles la cabeza a las ranas? \u00bfO aquel otro que mataba a pedradas a los gatos? Exacto, ese es el perf\u00edl.<\/p>\n<figure id=\"attachment_11459\" aria-describedby=\"caption-attachment-11459\" style=\"width: 322px\" class=\"wp-caption alignright\"><img decoding=\"async\" class=\"wp-image-11459\" src=\"https:\/\/www.revistarambla.com\/wp-content\/uploads\/2017\/01\/veterinarioa-016.jpg\" alt=\"veterinarioa-016\" width=\"322\" height=\"538\" srcset=\"https:\/\/www.revistarambla.com\/wp-content\/uploads\/2017\/01\/veterinarioa-016.jpg 539w, https:\/\/www.revistarambla.com\/wp-content\/uploads\/2017\/01\/veterinarioa-016-180x300.jpg 180w, https:\/\/www.revistarambla.com\/wp-content\/uploads\/2017\/01\/veterinarioa-016-500x835.jpg 500w\" sizes=\"(max-width: 322px) 100vw, 322px\" \/><figcaption id=\"caption-attachment-11459\" class=\"wp-caption-text\">Veterinaria Maria Pifarr\u00e9<\/figcaption><\/figure>\n<p style=\"text-align: left;\">No se debe confundir, sin embargo, la crueldad infantil, muchas veces producida por una curiosidad en ciernes, con estos comportamientos. La diferencia principal radica en que, una vez aleccionados correctamente, cualquier ni\u00f1o \u00abnormal\u00bb abandonar\u00e1 esas pr\u00e1cticas.<\/p>\n<p style=\"text-align: left;\">Asimismo, estas personas con presuntas psicopat\u00edas desarrolladas no aparentan ser conscientes (o s\u00ed) de que el trozo de salchicha destinado al perro puede ir a parar al est\u00f3mago de un ni\u00f1o inquieto.<\/p>\n<p style=\"text-align: left;\">Para Mar\u00eda, la mejor manera de evitar que se sucedan estas situaciones radica en una mejora de la educaci\u00f3n y una mayor inculcaci\u00f3n de empat\u00eda, sensibilidad y amor hacia todos los seres vivos. Y, en este aspecto, fomentar este esp\u00edritu de respeto y cari\u00f1o debe empezar desde la m\u00e1s tierna infancia. Un ni\u00f1o bueno, en el sentido m\u00e1s amplio del t\u00e9rmino, y concienciado, dar\u00e1 como fruto un hombre bueno y concienciado&#8230; que formar\u00e1 parte de una sociedad de calidad.<\/p>\n<p style=\"text-align: left;\">Unido a la educaci\u00f3n, es necesaria una revisi\u00f3n legislativa exhaustiva.<\/p>\n<p style=\"text-align: left;\">Mar\u00eda nos indica, apesadumbrada, que, desde 1976 no se ha producido una modificaci\u00f3n profunda y \u00fatil de las leyes relativas al maltrato animal. Aunque, recientemente, se est\u00e1 en camino (la reforma del art\u00edculo 337 del C\u00f3digo Penal, que tipifica como delitos ciertos actos de violencia contra los animales, es un ejemplo) envenenar a nuestras mascotas no cuesta al infractor, en la pr\u00e1ctica, m\u00e1s que una simple multa (que, salvo excepciones, no suele exceder los 300\u20ac) y antecedentes penales (las penas no superan los dieciocho meses de c\u00e1rcel, en el caso m\u00e1s grave, por lo que alguien sin antecedentes jam\u00e1s ingresar\u00e1 en prisi\u00f3n por estos delitos). Demasiado leve sigue pareciendo la justicia frente a la violencia ejercida contra seres, m\u00e1s que com\u00fanmente, indefensos.<\/p>\n<p style=\"text-align: left;\">Por otro lado, no existe una ley unificada a nivel estatal sobre los supuestos de maltrato. Se siguen utilizando leyes auton\u00f3micas, que provocan que la legalidad o ilegalidad de determinadas acciones contra los animales var\u00eden en funci\u00f3n de la comunidad aut\u00f3noma donde se llevan a cabo. As\u00ed, por ejemplo, la mutilaci\u00f3n est\u00e9tica de los perros (orejas y rabo) es ilegal s\u00f3lo en siete de las diecisietes comunidades (Andaluc\u00eda, Arag\u00f3n, Catalunya, Comunidad Valenciana, Madrid, Murcia y Navarra).<\/p>\n<p style=\"text-align: left;\">Si bien, es cierto que en octubre de 2015, Espa\u00f1a firm\u00f3 el Convenio Europeo de Protecci\u00f3n de los Animales de Compa\u00f1\u00eda. Tan s\u00f3lo 28 a\u00f1os despu\u00e9s de que se publicarse en Estrasburgo\u00a0(1987) y cuya anexi\u00f3n fuese voluntaria para los pa\u00edses miembros de la Comunidad Europea. Un proceso lento, pero, quiz\u00e1, seguro, para la creaci\u00f3n, por fin, de una ley estatal, m\u00ednimamente coherente, en materia de violencia animal.<\/p>\n<p style=\"text-align: left;\">Espa\u00f1a es un pa\u00eds extremadamente violento para con sus animales. La mal llamada tradici\u00f3n y el odio y rabia interna que se vierte hacia \u00e9stos nos muestra como derivamos las frustraciones hacia la crueldad con el m\u00e1s d\u00e9bil. La cosificaci\u00f3n de los animales, a m\u00e1s mansos, m\u00e1s \u00abmachacados\u00bb, es un fiel reflejo de las dificultades que tenemos para avanzar como sociedad.<\/p>\n<p style=\"text-align: left;\">La situaci\u00f3n que vive, por ejemplo, la tauromaqu\u00eda, con su eterna lucha entre partidarios y contrarios (que responde a furibundas luchas pol\u00edticas, econ\u00f3micas, \u00abhumanas\u00bb, fundamentadas en aspectos que, a menudo, no tienen nada que ver con los animales) y la p\u00e9sima e insuficiente legislaci\u00f3n que se toma desde los diferentes y sucesivos gobiernos es un claro ejemplo del camino que debemos seguir labrando, y cavando, para considerarnos, propiamente, como seres \u00abcivilizados\u00bb.<\/p>\n<p style=\"text-align: left;\">La entrevista llega a su fin y, tras despedirnos de Mar\u00eda Pifarr\u00e9, mientras escuchamos alg\u00fan apagado lamento (quien sabe si de otro animal confuso y dolorido, con s\u00edntomas de envenenamiento), no podemos evitar que una suerte de parafraseo de Helen Lovejoy acuda a nuestra mente:<\/p>\n<p style=\"text-align: left;\"><strong>\u00ab\u00bfEs que nadie va a pensar en los animales?\u00bb.<\/strong><\/p>","protected":false},"excerpt":{"rendered":"<p>Una de las frases m\u00e1s conocidas de Ghandi equidistaba la calidad de una sociedad o civilizaci\u00f3n con el trato que sus pertenecientes dispensaban a los animales. Todav\u00eda hoy se suceden demasiados casos en nuestro pa\u00eds en que perros mueren o enferman irremediablemente a causa de la comida envenenada que algunas [&hellip;]<\/p>\n","protected":false},"author":3,"featured_media":11457,"comment_status":"open","ping_status":"open","sticky":false,"template":"","format":"standard","meta":{"footnotes":""},"categories":[3,76],"tags":[],"class_list":["post-11456","post","type-post","status-publish","format-standard","has-post-thumbnail","hentry","category-actualidad","category-barcelona"],"yoast_head":"<!-- This site is optimized with the Yoast SEO plugin v27.5 - https:\/\/yoast.com\/product\/yoast-seo-wordpress\/ -->\n<title>\u00bfQui\u00e9n puede matar a un perro? - Revista Rambla<\/title>\n<meta name=\"robots\" content=\"index, follow, max-snippet:-1, max-image-preview:large, max-video-preview:-1\" \/>\n<link rel=\"canonical\" href=\"https:\/\/www.revistarambla.com\/en\/quien-puede-matar-a-un-perro\/\" \/>\n<meta property=\"og:locale\" content=\"en_GB\" \/>\n<meta property=\"og:type\" content=\"article\" \/>\n<meta property=\"og:title\" content=\"\u00bfQui\u00e9n puede matar a un perro? - Revista Rambla\" \/>\n<meta property=\"og:description\" content=\"Una de las frases m\u00e1s conocidas de Ghandi equidistaba la calidad de una sociedad o civilizaci\u00f3n con el trato que sus pertenecientes dispensaban a los animales. Todav\u00eda hoy se suceden demasiados casos en nuestro pa\u00eds en que perros mueren o enferman irremediablemente a causa de la comida envenenada que algunas [&hellip;]\" \/>\n<meta property=\"og:url\" content=\"https:\/\/www.revistarambla.com\/en\/quien-puede-matar-a-un-perro\/\" \/>\n<meta property=\"og:site_name\" content=\"Revista Rambla\" \/>\n<meta property=\"article:publisher\" content=\"https:\/\/www.facebook.com\/revistarambla\/\" \/>\n<meta property=\"article:author\" content=\"https:\/\/www.facebook.com\/revistarambla\" \/>\n<meta property=\"article:published_time\" content=\"2017-01-30T07:03:04+00:00\" \/>\n<meta property=\"article:modified_time\" content=\"2021-04-03T18:44:19+00:00\" \/>\n<meta property=\"og:image\" content=\"https:\/\/i0.wp.com\/www.revistarambla.com\/wp-content\/uploads\/2017\/01\/perros-01.jpg?fit=898%2C599&ssl=1\" \/>\n\t<meta property=\"og:image:width\" content=\"898\" \/>\n\t<meta property=\"og:image:height\" content=\"599\" \/>\n\t<meta property=\"og:image:type\" content=\"image\/jpeg\" \/>\n<meta name=\"author\" content=\"Alexandra Orrico Montemar\" \/>\n<meta name=\"twitter:card\" content=\"summary_large_image\" \/>\n<meta name=\"twitter:creator\" content=\"@revistarambla\" \/>\n<meta name=\"twitter:site\" content=\"@revistarambla\" \/>\n<meta name=\"twitter:label1\" content=\"Written by\" \/>\n\t<meta name=\"twitter:data1\" content=\"Alexandra Orrico Montemar\" \/>\n\t<meta name=\"twitter:label2\" content=\"Estimated reading time\" \/>\n\t<meta name=\"twitter:data2\" content=\"6 minutes\" \/>\n<script type=\"application\/ld+json\" class=\"yoast-schema-graph\">{\"@context\":\"https:\\\/\\\/schema.org\",\"@graph\":[{\"@type\":\"Article\",\"@id\":\"https:\\\/\\\/www.revistarambla.com\\\/quien-puede-matar-a-un-perro\\\/#article\",\"isPartOf\":{\"@id\":\"https:\\\/\\\/www.revistarambla.com\\\/quien-puede-matar-a-un-perro\\\/\"},\"author\":{\"name\":\"Alexandra Orrico Montemar\",\"@id\":\"https:\\\/\\\/www.revistarambla.com\\\/#\\\/schema\\\/person\\\/a146a5a2550b94981a75131180e1bd9c\"},\"headline\":\"\u00bfQui\u00e9n puede matar a un perro?\",\"datePublished\":\"2017-01-30T07:03:04+00:00\",\"dateModified\":\"2021-04-03T18:44:19+00:00\",\"mainEntityOfPage\":{\"@id\":\"https:\\\/\\\/www.revistarambla.com\\\/quien-puede-matar-a-un-perro\\\/\"},\"wordCount\":1168,\"commentCount\":0,\"publisher\":{\"@id\":\"https:\\\/\\\/www.revistarambla.com\\\/#organization\"},\"image\":{\"@id\":\"https:\\\/\\\/www.revistarambla.com\\\/quien-puede-matar-a-un-perro\\\/#primaryimage\"},\"thumbnailUrl\":\"https:\\\/\\\/www.revistarambla.com\\\/wp-content\\\/uploads\\\/2017\\\/01\\\/perros-01.jpg\",\"articleSection\":[\"Actualidad\",\"Barcelona\"],\"inLanguage\":\"en-GB\",\"potentialAction\":[{\"@type\":\"CommentAction\",\"name\":\"Comment\",\"target\":[\"https:\\\/\\\/www.revistarambla.com\\\/quien-puede-matar-a-un-perro\\\/#respond\"]}]},{\"@type\":\"WebPage\",\"@id\":\"https:\\\/\\\/www.revistarambla.com\\\/quien-puede-matar-a-un-perro\\\/\",\"url\":\"https:\\\/\\\/www.revistarambla.com\\\/quien-puede-matar-a-un-perro\\\/\",\"name\":\"\u00bfQui\u00e9n puede matar a un perro? - Revista Rambla\",\"isPartOf\":{\"@id\":\"https:\\\/\\\/www.revistarambla.com\\\/#website\"},\"primaryImageOfPage\":{\"@id\":\"https:\\\/\\\/www.revistarambla.com\\\/quien-puede-matar-a-un-perro\\\/#primaryimage\"},\"image\":{\"@id\":\"https:\\\/\\\/www.revistarambla.com\\\/quien-puede-matar-a-un-perro\\\/#primaryimage\"},\"thumbnailUrl\":\"https:\\\/\\\/www.revistarambla.com\\\/wp-content\\\/uploads\\\/2017\\\/01\\\/perros-01.jpg\",\"datePublished\":\"2017-01-30T07:03:04+00:00\",\"dateModified\":\"2021-04-03T18:44:19+00:00\",\"breadcrumb\":{\"@id\":\"https:\\\/\\\/www.revistarambla.com\\\/quien-puede-matar-a-un-perro\\\/#breadcrumb\"},\"inLanguage\":\"en-GB\",\"potentialAction\":[{\"@type\":\"ReadAction\",\"target\":[\"https:\\\/\\\/www.revistarambla.com\\\/quien-puede-matar-a-un-perro\\\/\"]}]},{\"@type\":\"ImageObject\",\"inLanguage\":\"en-GB\",\"@id\":\"https:\\\/\\\/www.revistarambla.com\\\/quien-puede-matar-a-un-perro\\\/#primaryimage\",\"url\":\"https:\\\/\\\/www.revistarambla.com\\\/wp-content\\\/uploads\\\/2017\\\/01\\\/perros-01.jpg\",\"contentUrl\":\"https:\\\/\\\/www.revistarambla.com\\\/wp-content\\\/uploads\\\/2017\\\/01\\\/perros-01.jpg\",\"width\":898,\"height\":599},{\"@type\":\"BreadcrumbList\",\"@id\":\"https:\\\/\\\/www.revistarambla.com\\\/quien-puede-matar-a-un-perro\\\/#breadcrumb\",\"itemListElement\":[{\"@type\":\"ListItem\",\"position\":1,\"name\":\"Portada\",\"item\":\"https:\\\/\\\/www.revistarambla.com\\\/\"},{\"@type\":\"ListItem\",\"position\":2,\"name\":\"\u00bfQui\u00e9n puede matar a un perro?\"}]},{\"@type\":\"WebSite\",\"@id\":\"https:\\\/\\\/www.revistarambla.com\\\/#website\",\"url\":\"https:\\\/\\\/www.revistarambla.com\\\/\",\"name\":\"Revista Rambla Barcelona\",\"description\":\"Periodismo independiente\",\"publisher\":{\"@id\":\"https:\\\/\\\/www.revistarambla.com\\\/#organization\"},\"potentialAction\":[{\"@type\":\"SearchAction\",\"target\":{\"@type\":\"EntryPoint\",\"urlTemplate\":\"https:\\\/\\\/www.revistarambla.com\\\/?s={search_term_string}\"},\"query-input\":{\"@type\":\"PropertyValueSpecification\",\"valueRequired\":true,\"valueName\":\"search_term_string\"}}],\"inLanguage\":\"en-GB\"},{\"@type\":\"Organization\",\"@id\":\"https:\\\/\\\/www.revistarambla.com\\\/#organization\",\"name\":\"Revista Rambla\",\"url\":\"https:\\\/\\\/www.revistarambla.com\\\/\",\"logo\":{\"@type\":\"ImageObject\",\"inLanguage\":\"en-GB\",\"@id\":\"https:\\\/\\\/www.revistarambla.com\\\/#\\\/schema\\\/logo\\\/image\\\/\",\"url\":\"https:\\\/\\\/www.revistarambla.com\\\/wp-content\\\/uploads\\\/2020\\\/09\\\/banner_rambla_1900x600_BB.png\",\"contentUrl\":\"https:\\\/\\\/www.revistarambla.com\\\/wp-content\\\/uploads\\\/2020\\\/09\\\/banner_rambla_1900x600_BB.png\",\"width\":1900,\"height\":600,\"caption\":\"Revista Rambla\"},\"image\":{\"@id\":\"https:\\\/\\\/www.revistarambla.com\\\/#\\\/schema\\\/logo\\\/image\\\/\"},\"sameAs\":[\"https:\\\/\\\/www.facebook.com\\\/revistarambla\\\/\",\"https:\\\/\\\/x.com\\\/revistarambla\",\"https:\\\/\\\/www.instagram.com\\\/revista_rambla\",\"https:\\\/\\\/es.linkedin.com\\\/company\\\/revista-rambla\"]},{\"@type\":\"Person\",\"@id\":\"https:\\\/\\\/www.revistarambla.com\\\/#\\\/schema\\\/person\\\/a146a5a2550b94981a75131180e1bd9c\",\"name\":\"Alexandra Orrico Montemar\",\"sameAs\":[\"https:\\\/\\\/www.facebook.com\\\/revistarambla\",\"https:\\\/\\\/x.com\\\/revistarambla\"]}]}<\/script>\n<!-- \/ Yoast SEO plugin. -->","yoast_head_json":{"title":"\u00bfQui\u00e9n puede matar a un perro? - Revista Rambla","robots":{"index":"index","follow":"follow","max-snippet":"max-snippet:-1","max-image-preview":"max-image-preview:large","max-video-preview":"max-video-preview:-1"},"canonical":"https:\/\/www.revistarambla.com\/en\/quien-puede-matar-a-un-perro\/","og_locale":"en_GB","og_type":"article","og_title":"\u00bfQui\u00e9n puede matar a un perro? - Revista Rambla","og_description":"Una de las frases m\u00e1s conocidas de Ghandi equidistaba la calidad de una sociedad o civilizaci\u00f3n con el trato que sus pertenecientes dispensaban a los animales. Todav\u00eda hoy se suceden demasiados casos en nuestro pa\u00eds en que perros mueren o enferman irremediablemente a causa de la comida envenenada que algunas [&hellip;]","og_url":"https:\/\/www.revistarambla.com\/en\/quien-puede-matar-a-un-perro\/","og_site_name":"Revista Rambla","article_publisher":"https:\/\/www.facebook.com\/revistarambla\/","article_author":"https:\/\/www.facebook.com\/revistarambla","article_published_time":"2017-01-30T07:03:04+00:00","article_modified_time":"2021-04-03T18:44:19+00:00","og_image":[{"width":898,"height":599,"url":"https:\/\/i0.wp.com\/www.revistarambla.com\/wp-content\/uploads\/2017\/01\/perros-01.jpg?fit=898%2C599&ssl=1","type":"image\/jpeg"}],"author":"Alexandra Orrico Montemar","twitter_card":"summary_large_image","twitter_creator":"@revistarambla","twitter_site":"@revistarambla","twitter_misc":{"Written by":"Alexandra Orrico Montemar","Estimated reading time":"6 minutes"},"schema":{"@context":"https:\/\/schema.org","@graph":[{"@type":"Article","@id":"https:\/\/www.revistarambla.com\/quien-puede-matar-a-un-perro\/#article","isPartOf":{"@id":"https:\/\/www.revistarambla.com\/quien-puede-matar-a-un-perro\/"},"author":{"name":"Alexandra Orrico Montemar","@id":"https:\/\/www.revistarambla.com\/#\/schema\/person\/a146a5a2550b94981a75131180e1bd9c"},"headline":"\u00bfQui\u00e9n puede matar a un perro?","datePublished":"2017-01-30T07:03:04+00:00","dateModified":"2021-04-03T18:44:19+00:00","mainEntityOfPage":{"@id":"https:\/\/www.revistarambla.com\/quien-puede-matar-a-un-perro\/"},"wordCount":1168,"commentCount":0,"publisher":{"@id":"https:\/\/www.revistarambla.com\/#organization"},"image":{"@id":"https:\/\/www.revistarambla.com\/quien-puede-matar-a-un-perro\/#primaryimage"},"thumbnailUrl":"https:\/\/www.revistarambla.com\/wp-content\/uploads\/2017\/01\/perros-01.jpg","articleSection":["Actualidad","Barcelona"],"inLanguage":"en-GB","potentialAction":[{"@type":"CommentAction","name":"Comment","target":["https:\/\/www.revistarambla.com\/quien-puede-matar-a-un-perro\/#respond"]}]},{"@type":"WebPage","@id":"https:\/\/www.revistarambla.com\/quien-puede-matar-a-un-perro\/","url":"https:\/\/www.revistarambla.com\/quien-puede-matar-a-un-perro\/","name":"\u00bfQui\u00e9n puede matar a un perro? - Revista Rambla","isPartOf":{"@id":"https:\/\/www.revistarambla.com\/#website"},"primaryImageOfPage":{"@id":"https:\/\/www.revistarambla.com\/quien-puede-matar-a-un-perro\/#primaryimage"},"image":{"@id":"https:\/\/www.revistarambla.com\/quien-puede-matar-a-un-perro\/#primaryimage"},"thumbnailUrl":"https:\/\/www.revistarambla.com\/wp-content\/uploads\/2017\/01\/perros-01.jpg","datePublished":"2017-01-30T07:03:04+00:00","dateModified":"2021-04-03T18:44:19+00:00","breadcrumb":{"@id":"https:\/\/www.revistarambla.com\/quien-puede-matar-a-un-perro\/#breadcrumb"},"inLanguage":"en-GB","potentialAction":[{"@type":"ReadAction","target":["https:\/\/www.revistarambla.com\/quien-puede-matar-a-un-perro\/"]}]},{"@type":"ImageObject","inLanguage":"en-GB","@id":"https:\/\/www.revistarambla.com\/quien-puede-matar-a-un-perro\/#primaryimage","url":"https:\/\/www.revistarambla.com\/wp-content\/uploads\/2017\/01\/perros-01.jpg","contentUrl":"https:\/\/www.revistarambla.com\/wp-content\/uploads\/2017\/01\/perros-01.jpg","width":898,"height":599},{"@type":"BreadcrumbList","@id":"https:\/\/www.revistarambla.com\/quien-puede-matar-a-un-perro\/#breadcrumb","itemListElement":[{"@type":"ListItem","position":1,"name":"Portada","item":"https:\/\/www.revistarambla.com\/"},{"@type":"ListItem","position":2,"name":"\u00bfQui\u00e9n puede matar a un perro?"}]},{"@type":"WebSite","@id":"https:\/\/www.revistarambla.com\/#website","url":"https:\/\/www.revistarambla.com\/","name":"Revista Rambla Barcelona","description":"Periodismo independiente","publisher":{"@id":"https:\/\/www.revistarambla.com\/#organization"},"potentialAction":[{"@type":"SearchAction","target":{"@type":"EntryPoint","urlTemplate":"https:\/\/www.revistarambla.com\/?s={search_term_string}"},"query-input":{"@type":"PropertyValueSpecification","valueRequired":true,"valueName":"search_term_string"}}],"inLanguage":"en-GB"},{"@type":"Organization","@id":"https:\/\/www.revistarambla.com\/#organization","name":"Revista Rambla","url":"https:\/\/www.revistarambla.com\/","logo":{"@type":"ImageObject","inLanguage":"en-GB","@id":"https:\/\/www.revistarambla.com\/#\/schema\/logo\/image\/","url":"https:\/\/www.revistarambla.com\/wp-content\/uploads\/2020\/09\/banner_rambla_1900x600_BB.png","contentUrl":"https:\/\/www.revistarambla.com\/wp-content\/uploads\/2020\/09\/banner_rambla_1900x600_BB.png","width":1900,"height":600,"caption":"Revista Rambla"},"image":{"@id":"https:\/\/www.revistarambla.com\/#\/schema\/logo\/image\/"},"sameAs":["https:\/\/www.facebook.com\/revistarambla\/","https:\/\/x.com\/revistarambla","https:\/\/www.instagram.com\/revista_rambla","https:\/\/es.linkedin.com\/company\/revista-rambla"]},{"@type":"Person","@id":"https:\/\/www.revistarambla.com\/#\/schema\/person\/a146a5a2550b94981a75131180e1bd9c","name":"Alexandra Orrico Montemar","sameAs":["https:\/\/www.facebook.com\/revistarambla","https:\/\/x.com\/revistarambla"]}]}},"_links":{"self":[{"href":"https:\/\/www.revistarambla.com\/en\/wp-json\/wp\/v2\/posts\/11456","targetHints":{"allow":["GET"]}}],"collection":[{"href":"https:\/\/www.revistarambla.com\/en\/wp-json\/wp\/v2\/posts"}],"about":[{"href":"https:\/\/www.revistarambla.com\/en\/wp-json\/wp\/v2\/types\/post"}],"author":[{"embeddable":true,"href":"https:\/\/www.revistarambla.com\/en\/wp-json\/wp\/v2\/users\/3"}],"replies":[{"embeddable":true,"href":"https:\/\/www.revistarambla.com\/en\/wp-json\/wp\/v2\/comments?post=11456"}],"version-history":[{"count":0,"href":"https:\/\/www.revistarambla.com\/en\/wp-json\/wp\/v2\/posts\/11456\/revisions"}],"wp:featuredmedia":[{"embeddable":true,"href":"https:\/\/www.revistarambla.com\/en\/wp-json\/wp\/v2\/media\/11457"}],"wp:attachment":[{"href":"https:\/\/www.revistarambla.com\/en\/wp-json\/wp\/v2\/media?parent=11456"}],"wp:term":[{"taxonomy":"category","embeddable":true,"href":"https:\/\/www.revistarambla.com\/en\/wp-json\/wp\/v2\/categories?post=11456"},{"taxonomy":"post_tag","embeddable":true,"href":"https:\/\/www.revistarambla.com\/en\/wp-json\/wp\/v2\/tags?post=11456"}],"curies":[{"name":"wp","href":"https:\/\/api.w.org\/{rel}","templated":true}]}}