{"id":11386,"date":"2017-01-24T10:00:24","date_gmt":"2017-01-24T09:00:24","guid":{"rendered":"https:\/\/www.revistarambla.com\/?p=11386"},"modified":"2022-10-21T17:35:20","modified_gmt":"2022-10-21T15:35:20","slug":"patrimonio-de-la-humanidad","status":"publish","type":"post","link":"https:\/\/www.revistarambla.com\/en\/patrimonio-de-la-humanidad\/","title":{"rendered":"Patrimonio de la Humanidad"},"content":{"rendered":"<p style=\"text-align: left;\">Valencia, como Par\u00eds, fue una fiesta. Y no era para menos. La noticia llegaba de Addis Abeba y corr\u00eda por el Cap i Casal con m\u00e1s fuerza que la riu\u00e0 del 57: la Unesco declaraba a las Fallas todo un Patrimonio Inmaterial de la Humanidad. As\u00ed que, por fin, nuestra at\u00e1vica fiesta del fuego alcanzaba la misma categor\u00eda que la cerveza belga, el merengue dominicano, la cultura charra mexicana o la rumba cubana, de luto esta \u00faltima por la muerte de Fidel e imposibilitada por ello de dar rienda suelta a la alegr\u00eda como en las calles valencianas. O si se prefiere, a la altura del Misterio de Elx, el Tribunal de las Aguas o la Mare de Deu de la Salut de Algemes\u00ed, patrimonios patrios anteriormente admitido que, en cualquier caso, dif\u00edcilmente est\u00e1n tan arraigados en el ADN de esta tierra de las flores, de la luz y del amor como la algarab\u00eda que envuelve a nuestras fiestas de Sant Josep.<\/p>\n<p style=\"text-align: left;\"><img decoding=\"async\" class=\"aligncenter wp-image-11387\" src=\"https:\/\/www.revistarambla.com\/wp-content\/uploads\/2017\/01\/rabla-01.jpg\" alt=\"rabla-01\" width=\"800\" height=\"602\" srcset=\"https:\/\/www.revistarambla.com\/wp-content\/uploads\/2017\/01\/rabla-01.jpg 1134w, https:\/\/www.revistarambla.com\/wp-content\/uploads\/2017\/01\/rabla-01-300x226.jpg 300w, https:\/\/www.revistarambla.com\/wp-content\/uploads\/2017\/01\/rabla-01-768x578.jpg 768w, https:\/\/www.revistarambla.com\/wp-content\/uploads\/2017\/01\/rabla-01-1024x771.jpg 1024w, https:\/\/www.revistarambla.com\/wp-content\/uploads\/2017\/01\/rabla-01-500x377.jpg 500w, https:\/\/www.revistarambla.com\/wp-content\/uploads\/2017\/01\/rabla-01-140x105.jpg 140w, https:\/\/www.revistarambla.com\/wp-content\/uploads\/2017\/01\/rabla-01-678x509.jpg 678w, https:\/\/www.revistarambla.com\/wp-content\/uploads\/2017\/01\/rabla-01-326x245.jpg 326w, https:\/\/www.revistarambla.com\/wp-content\/uploads\/2017\/01\/rabla-01-80x60.jpg 80w\" sizes=\"(max-width: 800px) 100vw, 800px\" \/>El reconocimiento de la Unesco se suma al otro hito reciente de nuestra historia universal. Me refiero, claro, a la confirmaci\u00f3n del emoticono de la paella que desde el pasado verano se pasea con luz propia por los intangibles espacios del WhatsApp. Y no considero anecd\u00f3tica la vinculaci\u00f3n de estas menciones pues, en definitiva, ambas distinciones nos confirman como referentes incuestionables de lo inmaterial, lo intangible, del reino vaporoso de lo intangible. Se trata de una particularidad muy valenciana y explica en gran medida nuestra pasi\u00f3n por la masclet\u00e0, ese espect\u00e1culo atronador que inevitablemente acaba evapor\u00e1ndose con el humo de la p\u00f3lvora, sin dejar m\u00e1s huella f\u00edsica que el rastro quemado de la explosi\u00f3n en las calzadas.<\/p>\n<p style=\"text-align: left;\">Por eso no me extra\u00f1ar\u00eda que, animados por la buena racha, algunos se animen a promover nuevas candidaturas para la Unesco. Por ejemplo, la de declarar tambi\u00e9n a Rita Barber\u00e1 Patrimonio Inmaterial de la Humanidad. La inmaterialidad evitar\u00eda as\u00ed la pol\u00e9mica abierta por la proposici\u00f3n de dedicarle una plaza o una calle a la exalcaldesa de Espa\u00f1a, contentando de este modo tanto a tirios deseosos de beatificarla como a los troyanos inc\u00f3modos con la perspectiva de un homenaje f\u00edsico aqu\u00ed en la tierra.<\/p>\n<p style=\"text-align: left;\">Al fin y al cabo, algo tan poco tangible como la humareda de la masclet\u00e0 es buena parte de ese et\u00e9reo legado de la exlideresa expulsada del PP y hoy resucitada por los mismos que ayer la negaban: esa holograf\u00eda triunfalista hecha de Formula 1 y maquetas de Calatrava, construida en el cielo mientras Rita, desde el privatizado balc\u00f3n del ayuntamiento, se apresuraba a negar a pie de suelo la f\u00edsica corporeidad del Cabanyal o a las v\u00edctimas del metro.<\/p>\n<p style=\"text-align: left;\">En cualquier caso, hoy debemos de estar satisfechos con la distinci\u00f3n a las Fallas de la Unesco. Patrimonio de la Humanidad.<\/p>\n<p style=\"text-align: left;\">Hasta hace poco los valencianos ve\u00edamos con resignaci\u00f3n como desde el poder y sus allegados solo se prestaba atenci\u00f3n a la primera parte de este binomio, el patrimonio. El patrimonio ajeno, se entiende. El patrimonio colectivo, se sobreentiende. Fue as\u00ed como se repartieron fondos, se distribuyeron mordidas y se intercambiaron tajadas a costa de las arcas p\u00fablicas y las decencias c\u00edvicas. Tambi\u00e9n en esto Valencia alcanz\u00f3 fama mundial. Pero en este caso por motivos bien materiales diestramente, gestionados a la perfecci\u00f3n por Correa, el Bigotes, Rus o el Yonki del Dinero de turno.<\/p>\n<p style=\"text-align: left;\">Ahora la Unesco con el acuerdo de Addis Abeba no solo equipara el patrimonio de nuestras fiestas josefinas al yoga de la India o los Veinticuatro Periodos Solares de la cultura china. Tambi\u00e9n nos permite recuperar aquel complemento perdido de la Humanidad que durante tanto tiempo qued\u00f3 el olvido mientras algunos se llevaban nuestro patrimonio. Bienvenido sea, aunque sea inmaterial.<\/p>","protected":false},"excerpt":{"rendered":"<p>Valencia, como Par\u00eds, fue una fiesta. Y no era para menos. La noticia llegaba de Addis Abeba y corr\u00eda por el Cap i Casal con m\u00e1s fuerza que la riu\u00e0 del 57: la Unesco declaraba a las Fallas todo un Patrimonio Inmaterial de la Humanidad. As\u00ed que, por fin, nuestra [&hellip;]<\/p>\n","protected":false},"author":325,"featured_media":11387,"comment_status":"open","ping_status":"open","sticky":false,"template":"","format":"standard","meta":{"footnotes":""},"categories":[3,58],"tags":[],"class_list":["post-11386","post","type-post","status-publish","format-standard","has-post-thumbnail","hentry","category-actualidad","category-estado-espanol"],"yoast_head":"<!-- This site is optimized with the Yoast SEO plugin v27.5 - https:\/\/yoast.com\/product\/yoast-seo-wordpress\/ -->\n<title>Patrimonio de la Humanidad - Revista Rambla<\/title>\n<meta name=\"robots\" content=\"index, follow, max-snippet:-1, max-image-preview:large, max-video-preview:-1\" \/>\n<link rel=\"canonical\" href=\"https:\/\/www.revistarambla.com\/en\/patrimonio-de-la-humanidad\/\" \/>\n<meta property=\"og:locale\" content=\"en_GB\" \/>\n<meta property=\"og:type\" content=\"article\" \/>\n<meta property=\"og:title\" content=\"Patrimonio de la Humanidad - Revista Rambla\" \/>\n<meta property=\"og:description\" content=\"Valencia, como Par\u00eds, fue una fiesta. Y no era para menos. La noticia llegaba de Addis Abeba y corr\u00eda por el Cap i Casal con m\u00e1s fuerza que la riu\u00e0 del 57: la Unesco declaraba a las Fallas todo un Patrimonio Inmaterial de la Humanidad. As\u00ed que, por fin, nuestra [&hellip;]\" \/>\n<meta property=\"og:url\" content=\"https:\/\/www.revistarambla.com\/en\/patrimonio-de-la-humanidad\/\" \/>\n<meta property=\"og:site_name\" content=\"Revista Rambla\" \/>\n<meta property=\"article:publisher\" content=\"https:\/\/www.facebook.com\/revistarambla\/\" \/>\n<meta property=\"article:author\" content=\"https:\/\/www.facebook.com\/josemanuelrambla\/\" \/>\n<meta property=\"article:published_time\" content=\"2017-01-24T09:00:24+00:00\" \/>\n<meta property=\"article:modified_time\" content=\"2022-10-21T15:35:20+00:00\" \/>\n<meta property=\"og:image\" content=\"https:\/\/www.revistarambla.com\/wp-content\/uploads\/2017\/01\/rabla-01.jpg\" \/>\n\t<meta property=\"og:image:width\" content=\"1134\" \/>\n\t<meta property=\"og:image:height\" content=\"854\" \/>\n\t<meta property=\"og:image:type\" content=\"image\/jpeg\" \/>\n<meta name=\"author\" content=\"Jos\u00e9 Manuel Rambla\" \/>\n<meta name=\"twitter:card\" content=\"summary_large_image\" \/>\n<meta name=\"twitter:creator\" content=\"@jmrambla\" \/>\n<meta name=\"twitter:site\" content=\"@revistarambla\" \/>\n<meta name=\"twitter:label1\" content=\"Written by\" \/>\n\t<meta name=\"twitter:data1\" content=\"Jos\u00e9 Manuel Rambla\" \/>\n\t<meta name=\"twitter:label2\" content=\"Estimated reading time\" \/>\n\t<meta name=\"twitter:data2\" content=\"3 minutes\" \/>\n<script type=\"application\/ld+json\" class=\"yoast-schema-graph\">{\"@context\":\"https:\\\/\\\/schema.org\",\"@graph\":[{\"@type\":\"Article\",\"@id\":\"https:\\\/\\\/www.revistarambla.com\\\/patrimonio-de-la-humanidad\\\/#article\",\"isPartOf\":{\"@id\":\"https:\\\/\\\/www.revistarambla.com\\\/patrimonio-de-la-humanidad\\\/\"},\"author\":{\"name\":\"Jos\u00e9 Manuel Rambla\",\"@id\":\"https:\\\/\\\/www.revistarambla.com\\\/#\\\/schema\\\/person\\\/f8e404c0293434eaf6a60da08d1123e3\"},\"headline\":\"Patrimonio de la Humanidad\",\"datePublished\":\"2017-01-24T09:00:24+00:00\",\"dateModified\":\"2022-10-21T15:35:20+00:00\",\"mainEntityOfPage\":{\"@id\":\"https:\\\/\\\/www.revistarambla.com\\\/patrimonio-de-la-humanidad\\\/\"},\"wordCount\":660,\"commentCount\":0,\"publisher\":{\"@id\":\"https:\\\/\\\/www.revistarambla.com\\\/#organization\"},\"image\":{\"@id\":\"https:\\\/\\\/www.revistarambla.com\\\/patrimonio-de-la-humanidad\\\/#primaryimage\"},\"thumbnailUrl\":\"https:\\\/\\\/www.revistarambla.com\\\/wp-content\\\/uploads\\\/2017\\\/01\\\/rabla-01.jpg\",\"articleSection\":[\"Actualidad\",\"Estado Espa\u00f1ol\"],\"inLanguage\":\"en-GB\",\"potentialAction\":[{\"@type\":\"CommentAction\",\"name\":\"Comment\",\"target\":[\"https:\\\/\\\/www.revistarambla.com\\\/patrimonio-de-la-humanidad\\\/#respond\"]}]},{\"@type\":\"WebPage\",\"@id\":\"https:\\\/\\\/www.revistarambla.com\\\/patrimonio-de-la-humanidad\\\/\",\"url\":\"https:\\\/\\\/www.revistarambla.com\\\/patrimonio-de-la-humanidad\\\/\",\"name\":\"Patrimonio de la Humanidad - Revista Rambla\",\"isPartOf\":{\"@id\":\"https:\\\/\\\/www.revistarambla.com\\\/#website\"},\"primaryImageOfPage\":{\"@id\":\"https:\\\/\\\/www.revistarambla.com\\\/patrimonio-de-la-humanidad\\\/#primaryimage\"},\"image\":{\"@id\":\"https:\\\/\\\/www.revistarambla.com\\\/patrimonio-de-la-humanidad\\\/#primaryimage\"},\"thumbnailUrl\":\"https:\\\/\\\/www.revistarambla.com\\\/wp-content\\\/uploads\\\/2017\\\/01\\\/rabla-01.jpg\",\"datePublished\":\"2017-01-24T09:00:24+00:00\",\"dateModified\":\"2022-10-21T15:35:20+00:00\",\"breadcrumb\":{\"@id\":\"https:\\\/\\\/www.revistarambla.com\\\/patrimonio-de-la-humanidad\\\/#breadcrumb\"},\"inLanguage\":\"en-GB\",\"potentialAction\":[{\"@type\":\"ReadAction\",\"target\":[\"https:\\\/\\\/www.revistarambla.com\\\/patrimonio-de-la-humanidad\\\/\"]}]},{\"@type\":\"ImageObject\",\"inLanguage\":\"en-GB\",\"@id\":\"https:\\\/\\\/www.revistarambla.com\\\/patrimonio-de-la-humanidad\\\/#primaryimage\",\"url\":\"https:\\\/\\\/www.revistarambla.com\\\/wp-content\\\/uploads\\\/2017\\\/01\\\/rabla-01.jpg\",\"contentUrl\":\"https:\\\/\\\/www.revistarambla.com\\\/wp-content\\\/uploads\\\/2017\\\/01\\\/rabla-01.jpg\",\"width\":1134,\"height\":854},{\"@type\":\"BreadcrumbList\",\"@id\":\"https:\\\/\\\/www.revistarambla.com\\\/patrimonio-de-la-humanidad\\\/#breadcrumb\",\"itemListElement\":[{\"@type\":\"ListItem\",\"position\":1,\"name\":\"Portada\",\"item\":\"https:\\\/\\\/www.revistarambla.com\\\/\"},{\"@type\":\"ListItem\",\"position\":2,\"name\":\"Patrimonio de la Humanidad\"}]},{\"@type\":\"WebSite\",\"@id\":\"https:\\\/\\\/www.revistarambla.com\\\/#website\",\"url\":\"https:\\\/\\\/www.revistarambla.com\\\/\",\"name\":\"Revista Rambla Barcelona\",\"description\":\"Periodismo independiente\",\"publisher\":{\"@id\":\"https:\\\/\\\/www.revistarambla.com\\\/#organization\"},\"potentialAction\":[{\"@type\":\"SearchAction\",\"target\":{\"@type\":\"EntryPoint\",\"urlTemplate\":\"https:\\\/\\\/www.revistarambla.com\\\/?s={search_term_string}\"},\"query-input\":{\"@type\":\"PropertyValueSpecification\",\"valueRequired\":true,\"valueName\":\"search_term_string\"}}],\"inLanguage\":\"en-GB\"},{\"@type\":\"Organization\",\"@id\":\"https:\\\/\\\/www.revistarambla.com\\\/#organization\",\"name\":\"Revista Rambla\",\"url\":\"https:\\\/\\\/www.revistarambla.com\\\/\",\"logo\":{\"@type\":\"ImageObject\",\"inLanguage\":\"en-GB\",\"@id\":\"https:\\\/\\\/www.revistarambla.com\\\/#\\\/schema\\\/logo\\\/image\\\/\",\"url\":\"https:\\\/\\\/www.revistarambla.com\\\/wp-content\\\/uploads\\\/2020\\\/09\\\/banner_rambla_1900x600_BB.png\",\"contentUrl\":\"https:\\\/\\\/www.revistarambla.com\\\/wp-content\\\/uploads\\\/2020\\\/09\\\/banner_rambla_1900x600_BB.png\",\"width\":1900,\"height\":600,\"caption\":\"Revista Rambla\"},\"image\":{\"@id\":\"https:\\\/\\\/www.revistarambla.com\\\/#\\\/schema\\\/logo\\\/image\\\/\"},\"sameAs\":[\"https:\\\/\\\/www.facebook.com\\\/revistarambla\\\/\",\"https:\\\/\\\/x.com\\\/revistarambla\",\"https:\\\/\\\/www.instagram.com\\\/revista_rambla\",\"https:\\\/\\\/es.linkedin.com\\\/company\\\/revista-rambla\"]},{\"@type\":\"Person\",\"@id\":\"https:\\\/\\\/www.revistarambla.com\\\/#\\\/schema\\\/person\\\/f8e404c0293434eaf6a60da08d1123e3\",\"name\":\"Jos\u00e9 Manuel Rambla\",\"description\":\"Periodista cultural y columnista.\",\"sameAs\":[\"https:\\\/\\\/aesteladodelparaiso.com\\\/\",\"https:\\\/\\\/www.facebook.com\\\/josemanuelrambla\\\/\",\"https:\\\/\\\/x.com\\\/jmrambla\"]}]}<\/script>\n<!-- \/ Yoast SEO plugin. -->","yoast_head_json":{"title":"Patrimonio de la Humanidad - Revista Rambla","robots":{"index":"index","follow":"follow","max-snippet":"max-snippet:-1","max-image-preview":"max-image-preview:large","max-video-preview":"max-video-preview:-1"},"canonical":"https:\/\/www.revistarambla.com\/en\/patrimonio-de-la-humanidad\/","og_locale":"en_GB","og_type":"article","og_title":"Patrimonio de la Humanidad - Revista Rambla","og_description":"Valencia, como Par\u00eds, fue una fiesta. Y no era para menos. La noticia llegaba de Addis Abeba y corr\u00eda por el Cap i Casal con m\u00e1s fuerza que la riu\u00e0 del 57: la Unesco declaraba a las Fallas todo un Patrimonio Inmaterial de la Humanidad. As\u00ed que, por fin, nuestra [&hellip;]","og_url":"https:\/\/www.revistarambla.com\/en\/patrimonio-de-la-humanidad\/","og_site_name":"Revista Rambla","article_publisher":"https:\/\/www.facebook.com\/revistarambla\/","article_author":"https:\/\/www.facebook.com\/josemanuelrambla\/","article_published_time":"2017-01-24T09:00:24+00:00","article_modified_time":"2022-10-21T15:35:20+00:00","og_image":[{"width":1134,"height":854,"url":"https:\/\/www.revistarambla.com\/wp-content\/uploads\/2017\/01\/rabla-01.jpg","type":"image\/jpeg"}],"author":"Jos\u00e9 Manuel Rambla","twitter_card":"summary_large_image","twitter_creator":"@jmrambla","twitter_site":"@revistarambla","twitter_misc":{"Written by":"Jos\u00e9 Manuel Rambla","Estimated reading time":"3 minutes"},"schema":{"@context":"https:\/\/schema.org","@graph":[{"@type":"Article","@id":"https:\/\/www.revistarambla.com\/patrimonio-de-la-humanidad\/#article","isPartOf":{"@id":"https:\/\/www.revistarambla.com\/patrimonio-de-la-humanidad\/"},"author":{"name":"Jos\u00e9 Manuel Rambla","@id":"https:\/\/www.revistarambla.com\/#\/schema\/person\/f8e404c0293434eaf6a60da08d1123e3"},"headline":"Patrimonio de la Humanidad","datePublished":"2017-01-24T09:00:24+00:00","dateModified":"2022-10-21T15:35:20+00:00","mainEntityOfPage":{"@id":"https:\/\/www.revistarambla.com\/patrimonio-de-la-humanidad\/"},"wordCount":660,"commentCount":0,"publisher":{"@id":"https:\/\/www.revistarambla.com\/#organization"},"image":{"@id":"https:\/\/www.revistarambla.com\/patrimonio-de-la-humanidad\/#primaryimage"},"thumbnailUrl":"https:\/\/www.revistarambla.com\/wp-content\/uploads\/2017\/01\/rabla-01.jpg","articleSection":["Actualidad","Estado Espa\u00f1ol"],"inLanguage":"en-GB","potentialAction":[{"@type":"CommentAction","name":"Comment","target":["https:\/\/www.revistarambla.com\/patrimonio-de-la-humanidad\/#respond"]}]},{"@type":"WebPage","@id":"https:\/\/www.revistarambla.com\/patrimonio-de-la-humanidad\/","url":"https:\/\/www.revistarambla.com\/patrimonio-de-la-humanidad\/","name":"Patrimonio de la Humanidad - Revista Rambla","isPartOf":{"@id":"https:\/\/www.revistarambla.com\/#website"},"primaryImageOfPage":{"@id":"https:\/\/www.revistarambla.com\/patrimonio-de-la-humanidad\/#primaryimage"},"image":{"@id":"https:\/\/www.revistarambla.com\/patrimonio-de-la-humanidad\/#primaryimage"},"thumbnailUrl":"https:\/\/www.revistarambla.com\/wp-content\/uploads\/2017\/01\/rabla-01.jpg","datePublished":"2017-01-24T09:00:24+00:00","dateModified":"2022-10-21T15:35:20+00:00","breadcrumb":{"@id":"https:\/\/www.revistarambla.com\/patrimonio-de-la-humanidad\/#breadcrumb"},"inLanguage":"en-GB","potentialAction":[{"@type":"ReadAction","target":["https:\/\/www.revistarambla.com\/patrimonio-de-la-humanidad\/"]}]},{"@type":"ImageObject","inLanguage":"en-GB","@id":"https:\/\/www.revistarambla.com\/patrimonio-de-la-humanidad\/#primaryimage","url":"https:\/\/www.revistarambla.com\/wp-content\/uploads\/2017\/01\/rabla-01.jpg","contentUrl":"https:\/\/www.revistarambla.com\/wp-content\/uploads\/2017\/01\/rabla-01.jpg","width":1134,"height":854},{"@type":"BreadcrumbList","@id":"https:\/\/www.revistarambla.com\/patrimonio-de-la-humanidad\/#breadcrumb","itemListElement":[{"@type":"ListItem","position":1,"name":"Portada","item":"https:\/\/www.revistarambla.com\/"},{"@type":"ListItem","position":2,"name":"Patrimonio de la Humanidad"}]},{"@type":"WebSite","@id":"https:\/\/www.revistarambla.com\/#website","url":"https:\/\/www.revistarambla.com\/","name":"Revista Rambla Barcelona","description":"Periodismo independiente","publisher":{"@id":"https:\/\/www.revistarambla.com\/#organization"},"potentialAction":[{"@type":"SearchAction","target":{"@type":"EntryPoint","urlTemplate":"https:\/\/www.revistarambla.com\/?s={search_term_string}"},"query-input":{"@type":"PropertyValueSpecification","valueRequired":true,"valueName":"search_term_string"}}],"inLanguage":"en-GB"},{"@type":"Organization","@id":"https:\/\/www.revistarambla.com\/#organization","name":"Revista Rambla","url":"https:\/\/www.revistarambla.com\/","logo":{"@type":"ImageObject","inLanguage":"en-GB","@id":"https:\/\/www.revistarambla.com\/#\/schema\/logo\/image\/","url":"https:\/\/www.revistarambla.com\/wp-content\/uploads\/2020\/09\/banner_rambla_1900x600_BB.png","contentUrl":"https:\/\/www.revistarambla.com\/wp-content\/uploads\/2020\/09\/banner_rambla_1900x600_BB.png","width":1900,"height":600,"caption":"Revista Rambla"},"image":{"@id":"https:\/\/www.revistarambla.com\/#\/schema\/logo\/image\/"},"sameAs":["https:\/\/www.facebook.com\/revistarambla\/","https:\/\/x.com\/revistarambla","https:\/\/www.instagram.com\/revista_rambla","https:\/\/es.linkedin.com\/company\/revista-rambla"]},{"@type":"Person","@id":"https:\/\/www.revistarambla.com\/#\/schema\/person\/f8e404c0293434eaf6a60da08d1123e3","name":"Jos\u00e9 Manuel Rambla","description":"Periodista cultural y columnista.","sameAs":["https:\/\/aesteladodelparaiso.com\/","https:\/\/www.facebook.com\/josemanuelrambla\/","https:\/\/x.com\/jmrambla"]}]}},"_links":{"self":[{"href":"https:\/\/www.revistarambla.com\/en\/wp-json\/wp\/v2\/posts\/11386","targetHints":{"allow":["GET"]}}],"collection":[{"href":"https:\/\/www.revistarambla.com\/en\/wp-json\/wp\/v2\/posts"}],"about":[{"href":"https:\/\/www.revistarambla.com\/en\/wp-json\/wp\/v2\/types\/post"}],"author":[{"embeddable":true,"href":"https:\/\/www.revistarambla.com\/en\/wp-json\/wp\/v2\/users\/325"}],"replies":[{"embeddable":true,"href":"https:\/\/www.revistarambla.com\/en\/wp-json\/wp\/v2\/comments?post=11386"}],"version-history":[{"count":1,"href":"https:\/\/www.revistarambla.com\/en\/wp-json\/wp\/v2\/posts\/11386\/revisions"}],"predecessor-version":[{"id":48343,"href":"https:\/\/www.revistarambla.com\/en\/wp-json\/wp\/v2\/posts\/11386\/revisions\/48343"}],"wp:featuredmedia":[{"embeddable":true,"href":"https:\/\/www.revistarambla.com\/en\/wp-json\/wp\/v2\/media\/11387"}],"wp:attachment":[{"href":"https:\/\/www.revistarambla.com\/en\/wp-json\/wp\/v2\/media?parent=11386"}],"wp:term":[{"taxonomy":"category","embeddable":true,"href":"https:\/\/www.revistarambla.com\/en\/wp-json\/wp\/v2\/categories?post=11386"},{"taxonomy":"post_tag","embeddable":true,"href":"https:\/\/www.revistarambla.com\/en\/wp-json\/wp\/v2\/tags?post=11386"}],"curies":[{"name":"wp","href":"https:\/\/api.w.org\/{rel}","templated":true}]}}