{"id":1127,"date":"2011-09-20T03:26:53","date_gmt":"2011-09-20T03:26:53","guid":{"rendered":"https:\/\/www.revistarambla.com\/sanchez-camacho-se-cuadra-ciu-es-un-gobierno-debil-sin-suficiente-fuerza-parlamentaria\/"},"modified":"2021-05-03T17:55:38","modified_gmt":"2021-05-03T15:55:38","slug":"sanchez-camacho-se-cuadra-ciu-es-un-gobierno-debil-sin-suficiente-fuerza-parlamentaria","status":"publish","type":"post","link":"https:\/\/www.revistarambla.com\/en\/sanchez-camacho-se-cuadra-ciu-es-un-gobierno-debil-sin-suficiente-fuerza-parlamentaria\/","title":{"rendered":"S\u00e1nchez-Camacho se cuadra: \u00abCiU es un gobierno d\u00e9bil sin suficiente fuerza parlamentaria\u00bb"},"content":{"rendered":"<p>La presidenta del Partido Popular de Catalunya (PPC), Al\u00edcia S\u00e1nchez-Camacho, record\u00f3 al actual Govern de la Generalitat de Catalunya la conveniencia de cumplir los acuerdos alcanzados en materia de presupuestos y ocupaci\u00f3n. \u201c<em>Queremos avisar a Converg\u00e8ncia i Uni\u00f3 (CiU): hay muchas leyes pendientes y son un gobierno d\u00e9bil que no cuenta con la suficiente fuerza parlamentaria para impulsar las reformas legislativas necesarias<\/em>\u201d, advirti\u00f3 S\u00e1nchez-Camacho, reivindicando la relevancia que el PPC posee en la escena pol\u00edtica de Catalunya.<\/p>\n<p><img decoding=\"async\" class=\"aligncenter\" src=\"https:\/\/www.revistarambla.com\/wp-content\/uploads\/2011\/09\/alicia%202.jpg\" alt=\"alt\" width=\"550\" height=\"314\" \/><\/p>\n<p>La <em><span data-scayt_word=\"lideresa\" data-scaytid=\"17\">lideresa<\/span> <\/em>de los populares catalanes, <span data-scayt_word=\"Al\u00edcia\" data-scaytid=\"18\">Al\u00edcia<\/span> <span data-scayt_word=\"S\u00e1nchez-Camacho\" data-scaytid=\"19\">S\u00e1nchez-Camacho<\/span>, se present\u00f3 ante los medios con un discurso compacto, bien aprendido, centrado en transmitir que el PP se gobierna desde la responsabilidad, la credibilidad y por el inter\u00e9s com\u00fan de los catalanes, que no es otro que la creaci\u00f3n de empleo; en particular, entre los j\u00f3venes, los aut\u00f3nomos y las peque\u00f1as y medianas empresas. La presidenta del <span data-scayt_word=\"PPC\" data-scaytid=\"21\">PPC<\/span> no se desvi\u00f3 ni un \u00e1pice de esta l\u00ednea argumentativa. Ni tan siquiera cuando, a preguntas de los medios, se le refirieron asuntos como las corridas de toros y la inmersi\u00f3n ling\u00fc\u00edstica en catal\u00e1n. <span data-scayt_word=\"S\u00e1nchez-Camacho\" data-scaytid=\"20\">S\u00e1nchez-Camacho<\/span> no <span data-scayt_word=\"rehuy\u00f3\" data-scaytid=\"43\">rehuy\u00f3<\/span> los envites pero los despach\u00f3 como qui\u00e9n no quiere la cosa -remiti\u00e9ndose a la posici\u00f3n de sobras conocida de su formaci\u00f3n-, para regresar de nuevo a la principal l\u00ednea argumentativa: aqu\u00e9llo que realmente interesa a los catalanes es la creaci\u00f3n de empleo, y s\u00f3lo el <span data-scayt_word=\"PPC\" data-scaytid=\"22\">PPC<\/span> sabe c\u00f3mo <img decoding=\"async\" class=\"alignright  wp-image-1125\" style=\"width: 246px; height: 398px; margin-left: 12px; margin-right: 12px; float: right;\" src=\"https:\/\/www.revistarambla.com\/wp-content\/uploads\/2011\/09\/alicia%204.jpg\" alt=\"alt\" width=\"220\" height=\"356\" \/>acometer tan crucial tarea. Con las elecciones generales en el horizonte, el Partido Popular se siente vencedor por <span data-scayt_word=\"incomparecencia\" data-scaytid=\"45\">incomparecencia<\/span> del adversario. Y desde la sede popular se evitan proclamas que perjudicar\u00edan sus intereses electorales en <span data-scayt_word=\"Catalunya\" data-scaytid=\"42\">Catalunya<\/span>, movilizando a un electorado socialista que, m\u00e1s que <span data-scayt_word=\"grogui\" data-scaytid=\"47\">grogui<\/span>, se encuentra besando la tarima.<\/p>\n<p>Sin embargo, en una lectura catalana, a la <em><span data-scayt_word=\"lideresa\" data-scaytid=\"49\">lideresa<\/span> <\/em>le conviene hacerse valer frente a <span data-scayt_word=\"CiU\" data-scaytid=\"50\">CiU<\/span>; los mejores resultados electorales del PP en <span data-scayt_word=\"Catalunya\" data-scaytid=\"53\">Catalunya<\/span>, su rehabilitaci\u00f3n como protagonista y muleta predilecta del <span data-scayt_word=\"Govern\" data-scaytid=\"55\">Govern<\/span>, se lo permiten con creces. \u201c<em>Esperamos que, en lo que queda de a\u00f1o, <span data-scayt_word=\"CiU\" data-scaytid=\"51\">CiU<\/span> cumpla los acuerdos suscritos. Creemos que un partido serio se caracteriza por respetar los acuerdos alcanzados con otras fuerzas pol\u00edticas<\/em>\u201d, explic\u00f3 <span data-scayt_word=\"S\u00e1nchez-Camacho\" data-scaytid=\"59\">S\u00e1nchez-Camacho<\/span>, y advirti\u00f3 que \u201c<em>no hemos visto, por parte del <span data-scayt_word=\"Govern\" data-scaytid=\"56\">Govern<\/span> de la <span data-scayt_word=\"Generalitat\" data-scaytid=\"60\">Generalitat<\/span>, voluntad de cumplir nuestro acuerdo sobre los Presupuestos\u201d<\/em>. Desde luego estas palabras ser\u00edan todo un <em><span data-scayt_word=\"tour\" data-scaytid=\"61\">tour<\/span> de <span data-scayt_word=\"force\" data-scaytid=\"62\">force<\/span><\/em> al <span data-scayt_word=\"Govern\" data-scaytid=\"57\">Govern<\/span> de Mas, sino fuera porque se enmarcan en la caracter\u00edstica l\u00edrica de una campa\u00f1a electoral. \u201c<em>Especialmente, todav\u00eda se deben poner en marcha los mecanismos de seguimiento para la ocupaci\u00f3n, que es fundamental para reducir el paro a la mitad. Por tanto, exigiremos al <span data-scayt_word=\"Govern\" data-scaytid=\"58\">Govern<\/span> la reforma del servicio de ocupaci\u00f3n de <span data-scayt_word=\"Catalunya\" data-scaytid=\"54\">Catalunya<\/span>, la reforma de la formaci\u00f3n profesional y la reuni\u00f3n de la comisi\u00f3n bipartita formada por <span data-scayt_word=\"CiU\" data-scaytid=\"52\">CiU<\/span> y PP para el cumplimiento de estos acuerdos<\/em>\u201d.<\/p>\n<p>Cuestionada sobre la inmersi\u00f3n ling\u00fc\u00edstica en catal\u00e1n, <span data-scayt_word=\"S\u00e1nchez-Camacho\" data-scaytid=\"63\">S\u00e1nchez-Camacho<\/span> juzg\u00f3 que es un modelo \u201c<em>claramente perfectible<\/em>\u201d. Y que, como siempre ha defendido el Partido Popular, \u201c<em>se debe garantizar que el castellano sea tambi\u00e9n lengua <span data-scayt_word=\"vehicular\" data-scaytid=\"69\">vehicular<\/span> junto con el catal\u00e1n<\/em>\u201d. Y en lo referente a las corridas de toros -la de las fiestas de la <span data-scayt_word=\"Merc\u00e8\" data-scaytid=\"70\">Merc\u00e8<\/span> deber\u00eda ser la \u00faltima en <span data-scayt_word=\"Catalunya\" data-scaytid=\"65\">Catalunya<\/span> antes de su prohibici\u00f3n-, <span data-scayt_word=\"Al\u00edcia\" data-scaytid=\"66\">Al\u00edcia<\/span> <span data-scayt_word=\"S\u00e1nchez-Camacho\" data-scaytid=\"64\">S\u00e1nchez-Camacho<\/span> elev\u00f3 a condici\u00f3n de negociaci\u00f3n con <span data-scayt_word=\"CiU\" data-scaytid=\"67\">CiU<\/span> el \u201c<em>establecimiento de una moratoria porque, en estos momentos de una crisis <span data-scayt_word=\"grav\u00edsima\" data-scaytid=\"71\">grav\u00edsima<\/span>, no consideramos oportuno que se paguen unas indemnizaciones millonarias a los propietarios de las plazas de toros, mientras se piden sacrificios en sanidad y educaci\u00f3n a la sociedad catalana<\/em>\u201d.\u00a0 La <em><span data-scayt_word=\"lideresa\" data-scaytid=\"68\">lideresa<\/span><\/em> confirm\u00f3 su presencia en esta \u00faltima corrida de toros en Barcelona para mostrar su apoyo y porque, en su opini\u00f3n, es \u201c<em>la expresi\u00f3n de la defensa de la libertad y el compromiso<\/em>\u201d.<\/p>","protected":false},"excerpt":{"rendered":"<p>La presidenta del Partido Popular de Catalunya (PPC), Al\u00edcia S\u00e1nchez-Camacho, record\u00f3 al actual Govern de la Generalitat de Catalunya la conveniencia de cumplir los acuerdos alcanzados en materia de presupuestos y ocupaci\u00f3n. \u201cQueremos avisar a Converg\u00e8ncia i Uni\u00f3 (CiU): hay muchas leyes pendientes y son un gobierno d\u00e9bil que no [&hellip;]<\/p>\n","protected":false},"author":1,"featured_media":0,"comment_status":"open","ping_status":"open","sticky":false,"template":"","format":"standard","meta":{"footnotes":""},"categories":[3,59],"tags":[],"class_list":["post-1127","post","type-post","status-publish","format-standard","hentry","category-actualidad","category-catalunya"],"yoast_head":"<!-- This site is optimized with the Yoast SEO plugin v27.5 - https:\/\/yoast.com\/product\/yoast-seo-wordpress\/ -->\n<title>S\u00e1nchez-Camacho se cuadra: &quot;CiU es un gobierno d\u00e9bil sin suficiente fuerza parlamentaria&quot; - Revista Rambla<\/title>\n<meta name=\"robots\" content=\"index, follow, max-snippet:-1, max-image-preview:large, max-video-preview:-1\" \/>\n<link rel=\"canonical\" href=\"https:\/\/www.revistarambla.com\/en\/sanchez-camacho-se-cuadra-ciu-es-un-gobierno-debil-sin-suficiente-fuerza-parlamentaria\/\" \/>\n<meta property=\"og:locale\" content=\"en_GB\" \/>\n<meta property=\"og:type\" content=\"article\" \/>\n<meta property=\"og:title\" content=\"S\u00e1nchez-Camacho se cuadra: &quot;CiU es un gobierno d\u00e9bil sin suficiente fuerza parlamentaria&quot; - Revista Rambla\" \/>\n<meta property=\"og:description\" content=\"La presidenta del Partido Popular de Catalunya (PPC), Al\u00edcia S\u00e1nchez-Camacho, record\u00f3 al actual Govern de la Generalitat de Catalunya la conveniencia de cumplir los acuerdos alcanzados en materia de presupuestos y ocupaci\u00f3n. \u201cQueremos avisar a Converg\u00e8ncia i Uni\u00f3 (CiU): hay muchas leyes pendientes y son un gobierno d\u00e9bil que no [&hellip;]\" \/>\n<meta property=\"og:url\" content=\"https:\/\/www.revistarambla.com\/en\/sanchez-camacho-se-cuadra-ciu-es-un-gobierno-debil-sin-suficiente-fuerza-parlamentaria\/\" \/>\n<meta property=\"og:site_name\" content=\"Revista Rambla\" \/>\n<meta property=\"article:publisher\" content=\"https:\/\/www.facebook.com\/revistarambla\/\" \/>\n<meta property=\"article:published_time\" content=\"2011-09-20T03:26:53+00:00\" \/>\n<meta property=\"article:modified_time\" content=\"2021-05-03T15:55:38+00:00\" \/>\n<meta property=\"og:image\" content=\"https:\/\/i2.wp.com\/www.revistarambla.com\/wp-content\/uploads\/2011\/09\/alicia%2010.jpg?fit=250%2C173&ssl=1\" \/>\n\t<meta property=\"og:image:width\" content=\"250\" \/>\n\t<meta property=\"og:image:height\" content=\"173\" \/>\n\t<meta property=\"og:image:type\" content=\"image\/jpeg\" \/>\n<meta name=\"author\" content=\"Jordi Navarro\" \/>\n<meta name=\"twitter:card\" content=\"summary_large_image\" \/>\n<meta name=\"twitter:creator\" content=\"@revistarambla\" \/>\n<meta name=\"twitter:site\" content=\"@revistarambla\" \/>\n<meta name=\"twitter:label1\" content=\"Written by\" \/>\n\t<meta name=\"twitter:data1\" content=\"Jordi Navarro\" \/>\n\t<meta name=\"twitter:label2\" content=\"Estimated reading time\" \/>\n\t<meta name=\"twitter:data2\" content=\"4 minutes\" \/>\n<script type=\"application\/ld+json\" class=\"yoast-schema-graph\">{\"@context\":\"https:\\\/\\\/schema.org\",\"@graph\":[{\"@type\":\"Article\",\"@id\":\"https:\\\/\\\/www.revistarambla.com\\\/sanchez-camacho-se-cuadra-ciu-es-un-gobierno-debil-sin-suficiente-fuerza-parlamentaria\\\/#article\",\"isPartOf\":{\"@id\":\"https:\\\/\\\/www.revistarambla.com\\\/sanchez-camacho-se-cuadra-ciu-es-un-gobierno-debil-sin-suficiente-fuerza-parlamentaria\\\/\"},\"author\":{\"name\":\"Jordi Navarro\",\"@id\":\"https:\\\/\\\/www.revistarambla.com\\\/#\\\/schema\\\/person\\\/4a5652fc8c82df1f8593002d038cd79e\"},\"headline\":\"S\u00e1nchez-Camacho se cuadra: \u00abCiU es un gobierno d\u00e9bil sin suficiente fuerza parlamentaria\u00bb\",\"datePublished\":\"2011-09-20T03:26:53+00:00\",\"dateModified\":\"2021-05-03T15:55:38+00:00\",\"mainEntityOfPage\":{\"@id\":\"https:\\\/\\\/www.revistarambla.com\\\/sanchez-camacho-se-cuadra-ciu-es-un-gobierno-debil-sin-suficiente-fuerza-parlamentaria\\\/\"},\"wordCount\":680,\"commentCount\":0,\"publisher\":{\"@id\":\"https:\\\/\\\/www.revistarambla.com\\\/#organization\"},\"image\":{\"@id\":\"https:\\\/\\\/www.revistarambla.com\\\/sanchez-camacho-se-cuadra-ciu-es-un-gobierno-debil-sin-suficiente-fuerza-parlamentaria\\\/#primaryimage\"},\"thumbnailUrl\":\"https:\\\/\\\/www.revistarambla.com\\\/wp-content\\\/uploads\\\/2011\\\/09\\\/alicia%202.jpg\",\"articleSection\":[\"Actualidad\",\"Catalunya\"],\"inLanguage\":\"en-GB\",\"potentialAction\":[{\"@type\":\"CommentAction\",\"name\":\"Comment\",\"target\":[\"https:\\\/\\\/www.revistarambla.com\\\/sanchez-camacho-se-cuadra-ciu-es-un-gobierno-debil-sin-suficiente-fuerza-parlamentaria\\\/#respond\"]}]},{\"@type\":\"WebPage\",\"@id\":\"https:\\\/\\\/www.revistarambla.com\\\/sanchez-camacho-se-cuadra-ciu-es-un-gobierno-debil-sin-suficiente-fuerza-parlamentaria\\\/\",\"url\":\"https:\\\/\\\/www.revistarambla.com\\\/sanchez-camacho-se-cuadra-ciu-es-un-gobierno-debil-sin-suficiente-fuerza-parlamentaria\\\/\",\"name\":\"S\u00e1nchez-Camacho se cuadra: \\\"CiU es un gobierno d\u00e9bil sin suficiente fuerza parlamentaria\\\" - Revista Rambla\",\"isPartOf\":{\"@id\":\"https:\\\/\\\/www.revistarambla.com\\\/#website\"},\"primaryImageOfPage\":{\"@id\":\"https:\\\/\\\/www.revistarambla.com\\\/sanchez-camacho-se-cuadra-ciu-es-un-gobierno-debil-sin-suficiente-fuerza-parlamentaria\\\/#primaryimage\"},\"image\":{\"@id\":\"https:\\\/\\\/www.revistarambla.com\\\/sanchez-camacho-se-cuadra-ciu-es-un-gobierno-debil-sin-suficiente-fuerza-parlamentaria\\\/#primaryimage\"},\"thumbnailUrl\":\"https:\\\/\\\/www.revistarambla.com\\\/wp-content\\\/uploads\\\/2011\\\/09\\\/alicia%202.jpg\",\"datePublished\":\"2011-09-20T03:26:53+00:00\",\"dateModified\":\"2021-05-03T15:55:38+00:00\",\"breadcrumb\":{\"@id\":\"https:\\\/\\\/www.revistarambla.com\\\/sanchez-camacho-se-cuadra-ciu-es-un-gobierno-debil-sin-suficiente-fuerza-parlamentaria\\\/#breadcrumb\"},\"inLanguage\":\"en-GB\",\"potentialAction\":[{\"@type\":\"ReadAction\",\"target\":[\"https:\\\/\\\/www.revistarambla.com\\\/sanchez-camacho-se-cuadra-ciu-es-un-gobierno-debil-sin-suficiente-fuerza-parlamentaria\\\/\"]}]},{\"@type\":\"ImageObject\",\"inLanguage\":\"en-GB\",\"@id\":\"https:\\\/\\\/www.revistarambla.com\\\/sanchez-camacho-se-cuadra-ciu-es-un-gobierno-debil-sin-suficiente-fuerza-parlamentaria\\\/#primaryimage\",\"url\":\"https:\\\/\\\/www.revistarambla.com\\\/wp-content\\\/uploads\\\/2011\\\/09\\\/alicia%202.jpg\",\"contentUrl\":\"https:\\\/\\\/www.revistarambla.com\\\/wp-content\\\/uploads\\\/2011\\\/09\\\/alicia%202.jpg\"},{\"@type\":\"BreadcrumbList\",\"@id\":\"https:\\\/\\\/www.revistarambla.com\\\/sanchez-camacho-se-cuadra-ciu-es-un-gobierno-debil-sin-suficiente-fuerza-parlamentaria\\\/#breadcrumb\",\"itemListElement\":[{\"@type\":\"ListItem\",\"position\":1,\"name\":\"Portada\",\"item\":\"https:\\\/\\\/www.revistarambla.com\\\/\"},{\"@type\":\"ListItem\",\"position\":2,\"name\":\"S\u00e1nchez-Camacho se cuadra: \u00abCiU es un gobierno d\u00e9bil sin suficiente fuerza parlamentaria\u00bb\"}]},{\"@type\":\"WebSite\",\"@id\":\"https:\\\/\\\/www.revistarambla.com\\\/#website\",\"url\":\"https:\\\/\\\/www.revistarambla.com\\\/\",\"name\":\"Revista Rambla Barcelona\",\"description\":\"Periodismo independiente\",\"publisher\":{\"@id\":\"https:\\\/\\\/www.revistarambla.com\\\/#organization\"},\"potentialAction\":[{\"@type\":\"SearchAction\",\"target\":{\"@type\":\"EntryPoint\",\"urlTemplate\":\"https:\\\/\\\/www.revistarambla.com\\\/?s={search_term_string}\"},\"query-input\":{\"@type\":\"PropertyValueSpecification\",\"valueRequired\":true,\"valueName\":\"search_term_string\"}}],\"inLanguage\":\"en-GB\"},{\"@type\":\"Organization\",\"@id\":\"https:\\\/\\\/www.revistarambla.com\\\/#organization\",\"name\":\"Revista Rambla\",\"url\":\"https:\\\/\\\/www.revistarambla.com\\\/\",\"logo\":{\"@type\":\"ImageObject\",\"inLanguage\":\"en-GB\",\"@id\":\"https:\\\/\\\/www.revistarambla.com\\\/#\\\/schema\\\/logo\\\/image\\\/\",\"url\":\"https:\\\/\\\/www.revistarambla.com\\\/wp-content\\\/uploads\\\/2020\\\/09\\\/banner_rambla_1900x600_BB.png\",\"contentUrl\":\"https:\\\/\\\/www.revistarambla.com\\\/wp-content\\\/uploads\\\/2020\\\/09\\\/banner_rambla_1900x600_BB.png\",\"width\":1900,\"height\":600,\"caption\":\"Revista Rambla\"},\"image\":{\"@id\":\"https:\\\/\\\/www.revistarambla.com\\\/#\\\/schema\\\/logo\\\/image\\\/\"},\"sameAs\":[\"https:\\\/\\\/www.facebook.com\\\/revistarambla\\\/\",\"https:\\\/\\\/x.com\\\/revistarambla\",\"https:\\\/\\\/www.instagram.com\\\/revista_rambla\",\"https:\\\/\\\/es.linkedin.com\\\/company\\\/revista-rambla\"]},{\"@type\":\"Person\",\"@id\":\"https:\\\/\\\/www.revistarambla.com\\\/#\\\/schema\\\/person\\\/4a5652fc8c82df1f8593002d038cd79e\",\"name\":\"Jordi Navarro\"}]}<\/script>\n<!-- \/ Yoast SEO plugin. -->","yoast_head_json":{"title":"S\u00e1nchez-Camacho se cuadra: \"CiU es un gobierno d\u00e9bil sin suficiente fuerza parlamentaria\" - Revista Rambla","robots":{"index":"index","follow":"follow","max-snippet":"max-snippet:-1","max-image-preview":"max-image-preview:large","max-video-preview":"max-video-preview:-1"},"canonical":"https:\/\/www.revistarambla.com\/en\/sanchez-camacho-se-cuadra-ciu-es-un-gobierno-debil-sin-suficiente-fuerza-parlamentaria\/","og_locale":"en_GB","og_type":"article","og_title":"S\u00e1nchez-Camacho se cuadra: \"CiU es un gobierno d\u00e9bil sin suficiente fuerza parlamentaria\" - Revista Rambla","og_description":"La presidenta del Partido Popular de Catalunya (PPC), Al\u00edcia S\u00e1nchez-Camacho, record\u00f3 al actual Govern de la Generalitat de Catalunya la conveniencia de cumplir los acuerdos alcanzados en materia de presupuestos y ocupaci\u00f3n. \u201cQueremos avisar a Converg\u00e8ncia i Uni\u00f3 (CiU): hay muchas leyes pendientes y son un gobierno d\u00e9bil que no [&hellip;]","og_url":"https:\/\/www.revistarambla.com\/en\/sanchez-camacho-se-cuadra-ciu-es-un-gobierno-debil-sin-suficiente-fuerza-parlamentaria\/","og_site_name":"Revista Rambla","article_publisher":"https:\/\/www.facebook.com\/revistarambla\/","article_published_time":"2011-09-20T03:26:53+00:00","article_modified_time":"2021-05-03T15:55:38+00:00","og_image":[{"width":250,"height":173,"url":"https:\/\/i2.wp.com\/www.revistarambla.com\/wp-content\/uploads\/2011\/09\/alicia 10.jpg?fit=250%2C173&ssl=1","type":"image\/jpeg"}],"author":"Jordi Navarro","twitter_card":"summary_large_image","twitter_creator":"@revistarambla","twitter_site":"@revistarambla","twitter_misc":{"Written by":"Jordi Navarro","Estimated reading time":"4 minutes"},"schema":{"@context":"https:\/\/schema.org","@graph":[{"@type":"Article","@id":"https:\/\/www.revistarambla.com\/sanchez-camacho-se-cuadra-ciu-es-un-gobierno-debil-sin-suficiente-fuerza-parlamentaria\/#article","isPartOf":{"@id":"https:\/\/www.revistarambla.com\/sanchez-camacho-se-cuadra-ciu-es-un-gobierno-debil-sin-suficiente-fuerza-parlamentaria\/"},"author":{"name":"Jordi Navarro","@id":"https:\/\/www.revistarambla.com\/#\/schema\/person\/4a5652fc8c82df1f8593002d038cd79e"},"headline":"S\u00e1nchez-Camacho se cuadra: \u00abCiU es un gobierno d\u00e9bil sin suficiente fuerza parlamentaria\u00bb","datePublished":"2011-09-20T03:26:53+00:00","dateModified":"2021-05-03T15:55:38+00:00","mainEntityOfPage":{"@id":"https:\/\/www.revistarambla.com\/sanchez-camacho-se-cuadra-ciu-es-un-gobierno-debil-sin-suficiente-fuerza-parlamentaria\/"},"wordCount":680,"commentCount":0,"publisher":{"@id":"https:\/\/www.revistarambla.com\/#organization"},"image":{"@id":"https:\/\/www.revistarambla.com\/sanchez-camacho-se-cuadra-ciu-es-un-gobierno-debil-sin-suficiente-fuerza-parlamentaria\/#primaryimage"},"thumbnailUrl":"https:\/\/www.revistarambla.com\/wp-content\/uploads\/2011\/09\/alicia%202.jpg","articleSection":["Actualidad","Catalunya"],"inLanguage":"en-GB","potentialAction":[{"@type":"CommentAction","name":"Comment","target":["https:\/\/www.revistarambla.com\/sanchez-camacho-se-cuadra-ciu-es-un-gobierno-debil-sin-suficiente-fuerza-parlamentaria\/#respond"]}]},{"@type":"WebPage","@id":"https:\/\/www.revistarambla.com\/sanchez-camacho-se-cuadra-ciu-es-un-gobierno-debil-sin-suficiente-fuerza-parlamentaria\/","url":"https:\/\/www.revistarambla.com\/sanchez-camacho-se-cuadra-ciu-es-un-gobierno-debil-sin-suficiente-fuerza-parlamentaria\/","name":"S\u00e1nchez-Camacho se cuadra: \"CiU es un gobierno d\u00e9bil sin suficiente fuerza parlamentaria\" - Revista Rambla","isPartOf":{"@id":"https:\/\/www.revistarambla.com\/#website"},"primaryImageOfPage":{"@id":"https:\/\/www.revistarambla.com\/sanchez-camacho-se-cuadra-ciu-es-un-gobierno-debil-sin-suficiente-fuerza-parlamentaria\/#primaryimage"},"image":{"@id":"https:\/\/www.revistarambla.com\/sanchez-camacho-se-cuadra-ciu-es-un-gobierno-debil-sin-suficiente-fuerza-parlamentaria\/#primaryimage"},"thumbnailUrl":"https:\/\/www.revistarambla.com\/wp-content\/uploads\/2011\/09\/alicia%202.jpg","datePublished":"2011-09-20T03:26:53+00:00","dateModified":"2021-05-03T15:55:38+00:00","breadcrumb":{"@id":"https:\/\/www.revistarambla.com\/sanchez-camacho-se-cuadra-ciu-es-un-gobierno-debil-sin-suficiente-fuerza-parlamentaria\/#breadcrumb"},"inLanguage":"en-GB","potentialAction":[{"@type":"ReadAction","target":["https:\/\/www.revistarambla.com\/sanchez-camacho-se-cuadra-ciu-es-un-gobierno-debil-sin-suficiente-fuerza-parlamentaria\/"]}]},{"@type":"ImageObject","inLanguage":"en-GB","@id":"https:\/\/www.revistarambla.com\/sanchez-camacho-se-cuadra-ciu-es-un-gobierno-debil-sin-suficiente-fuerza-parlamentaria\/#primaryimage","url":"https:\/\/www.revistarambla.com\/wp-content\/uploads\/2011\/09\/alicia%202.jpg","contentUrl":"https:\/\/www.revistarambla.com\/wp-content\/uploads\/2011\/09\/alicia%202.jpg"},{"@type":"BreadcrumbList","@id":"https:\/\/www.revistarambla.com\/sanchez-camacho-se-cuadra-ciu-es-un-gobierno-debil-sin-suficiente-fuerza-parlamentaria\/#breadcrumb","itemListElement":[{"@type":"ListItem","position":1,"name":"Portada","item":"https:\/\/www.revistarambla.com\/"},{"@type":"ListItem","position":2,"name":"S\u00e1nchez-Camacho se cuadra: \u00abCiU es un gobierno d\u00e9bil sin suficiente fuerza parlamentaria\u00bb"}]},{"@type":"WebSite","@id":"https:\/\/www.revistarambla.com\/#website","url":"https:\/\/www.revistarambla.com\/","name":"Revista Rambla Barcelona","description":"Periodismo independiente","publisher":{"@id":"https:\/\/www.revistarambla.com\/#organization"},"potentialAction":[{"@type":"SearchAction","target":{"@type":"EntryPoint","urlTemplate":"https:\/\/www.revistarambla.com\/?s={search_term_string}"},"query-input":{"@type":"PropertyValueSpecification","valueRequired":true,"valueName":"search_term_string"}}],"inLanguage":"en-GB"},{"@type":"Organization","@id":"https:\/\/www.revistarambla.com\/#organization","name":"Revista Rambla","url":"https:\/\/www.revistarambla.com\/","logo":{"@type":"ImageObject","inLanguage":"en-GB","@id":"https:\/\/www.revistarambla.com\/#\/schema\/logo\/image\/","url":"https:\/\/www.revistarambla.com\/wp-content\/uploads\/2020\/09\/banner_rambla_1900x600_BB.png","contentUrl":"https:\/\/www.revistarambla.com\/wp-content\/uploads\/2020\/09\/banner_rambla_1900x600_BB.png","width":1900,"height":600,"caption":"Revista Rambla"},"image":{"@id":"https:\/\/www.revistarambla.com\/#\/schema\/logo\/image\/"},"sameAs":["https:\/\/www.facebook.com\/revistarambla\/","https:\/\/x.com\/revistarambla","https:\/\/www.instagram.com\/revista_rambla","https:\/\/es.linkedin.com\/company\/revista-rambla"]},{"@type":"Person","@id":"https:\/\/www.revistarambla.com\/#\/schema\/person\/4a5652fc8c82df1f8593002d038cd79e","name":"Jordi Navarro"}]}},"_links":{"self":[{"href":"https:\/\/www.revistarambla.com\/en\/wp-json\/wp\/v2\/posts\/1127","targetHints":{"allow":["GET"]}}],"collection":[{"href":"https:\/\/www.revistarambla.com\/en\/wp-json\/wp\/v2\/posts"}],"about":[{"href":"https:\/\/www.revistarambla.com\/en\/wp-json\/wp\/v2\/types\/post"}],"author":[{"embeddable":true,"href":"https:\/\/www.revistarambla.com\/en\/wp-json\/wp\/v2\/users\/1"}],"replies":[{"embeddable":true,"href":"https:\/\/www.revistarambla.com\/en\/wp-json\/wp\/v2\/comments?post=1127"}],"version-history":[{"count":0,"href":"https:\/\/www.revistarambla.com\/en\/wp-json\/wp\/v2\/posts\/1127\/revisions"}],"wp:attachment":[{"href":"https:\/\/www.revistarambla.com\/en\/wp-json\/wp\/v2\/media?parent=1127"}],"wp:term":[{"taxonomy":"category","embeddable":true,"href":"https:\/\/www.revistarambla.com\/en\/wp-json\/wp\/v2\/categories?post=1127"},{"taxonomy":"post_tag","embeddable":true,"href":"https:\/\/www.revistarambla.com\/en\/wp-json\/wp\/v2\/tags?post=1127"}],"curies":[{"name":"wp","href":"https:\/\/api.w.org\/{rel}","templated":true}]}}