{"id":1113,"date":"2011-09-13T14:27:32","date_gmt":"2011-09-13T14:27:32","guid":{"rendered":"https:\/\/www.revistarambla.com\/concentracion-en-defensa-de-la-inmersion-lingueistica-en-catalan\/"},"modified":"2021-05-02T21:25:35","modified_gmt":"2021-05-02T19:25:35","slug":"concentracion-en-defensa-de-la-inmersion-lingueistica-en-catalan","status":"publish","type":"post","link":"https:\/\/www.revistarambla.com\/en\/concentracion-en-defensa-de-la-inmersion-lingueistica-en-catalan\/","title":{"rendered":"Concentraci\u00f3n en defensa de la inmersi\u00f3n ling\u00fc\u00edstica en catal\u00e1n"},"content":{"rendered":"<p>La interlocutoria del Tribunal Superior de Justicia de Catalunya (TSJC) conminando a que la lengua castellana sea considerada -junto a la catalana- lengua vehicular en las escuelas de Catalunya, ha supuesto una defensa firme de la inmersi\u00f3n ling\u00fc\u00edstica en catal\u00e1n, a cargo de diversas entidades c\u00edvicas y educativas bajo la iniciativa de SomEscola. Concentraciones frente los ayuntamientos de las ciudades y pueblos de Catalunya apoyan el modelo educativo vigente.<\/p>\n<p>\u00bfEst\u00e1 realmente perseguido el castellano en Catalunya? \u00bfExiste una imposici\u00f3n del catal\u00e1n sobre el castellano? \u00bfViven los castellanoparlantes como forajidos, ocultos en la clandestinidad? Y por contra, \u00bfes posible hacer vida normal durante 24 horas en Barcelona \u00fanicamente en lengua catalana? Son estas preguntas absurdas; quiz\u00e1 a alguien les interese, por ejemplo en Buenos Aires o M\u00e9xico D.F., pero no por ello restan incongruencia. Resultan cuestiones sin sentido, impulsadas principalmente por cierto <a href=\"http:\/\/manueldelgadoruiz.blogspot.com\/2011\/09\/el-sindrome-serbio-articulo-publicado.html\">nacionalismo espa\u00f1ol de corte filoserbio<\/a>, que desde el propio lugar de los presuntos hechos -nos referimos a Catalunya- se hacen complicadas de refutar, precisamente, por la falta de realidad que comportan; \u00bfa qu\u00e9 huelen las nubes? \u201c\u00a1Y yo qu\u00e9 s\u00e9!\u201d.<\/p>\n<p>Treinta a\u00f1os de educaci\u00f3n bajo el modelo de inmersi\u00f3n ling\u00fc\u00edstica han permitido que, en la actualidad, m\u00e1s personas que nunca en la historia de Catalunya hablen y entiendan la lengua catalana. En n\u00fameros absolutos, no hay discusi\u00f3n posible. Hay qui\u00e9n piensa que la inmersi\u00f3n ling\u00fc\u00edstica ha beneficiado a generaciones descendientes de inmigrantes castellanoparlantes, pero se equivocan por cortos de miras: \u00bfcu\u00e1ntas madres y padres de habla catalana desconocen la gram\u00e1tica b\u00e1sica de su propia lengua? Crecieron en un r\u00e9gimen espa\u00f1olista y uniformizador, que elimin\u00f3 de las escuelas toda referencia a su lengua materna; fueron sujetos pasivos de la inmersi\u00f3n ling\u00fc\u00edstica en el idioma del imperio nacionalcat\u00f3lico. Algunas formaciones pol\u00edticas (secundadas por medios de comunicaci\u00f3n afines) que buscan el beneficio electoral -con grandes r\u00e9ditos en el Estado Espa\u00f1ol- atisbando el terror de la \u201camenaza separatista\u201d y el sentimiento xen\u00f3fobo (la cuesti\u00f3n econ\u00f3mica no les diferenciar\u00eda en absoluto de los conservadores catalanes), defienden el biling\u00fcismo radical entre el catal\u00e1n y el castellano, que tanto \u00e9xito -para sus intereses- ha obtenido en el Pa\u00eds Valenci\u00e0. Se les podr\u00eda objetar, no obstante, que la realidad catalana se aproxima m\u00e1s a la disglosia con predominio hegem\u00f3nico del castellano que al biling\u00fcismo que promueven.<\/p>\n<p>La Pla\u00e7a de Sant Jaume, en Barcelona, concentr\u00f3 a unos pocos de miles de personas bajo la convocatoria de SomEscola. Asistieron personas de todas las edades. La plaza, en un primer momento, estaba tomada en su flanco derecho -cercano a la Via Laietana- por las banderas de las <a href=\"http:\/\/www.jnc.cat\/\">Joventuts Nacionalistes de Catalunya<\/a>(JNC); en su parte central, por una gran pancarta -de alrededor de 15 metros- de la <a href=\"http:\/\/barcelona.cup.cat\/\">Candidatura de Unitat Popular<\/a>(CUP); y en su flanco izquierdo, cerca de la desembocadura al carrer Ferran, por las banderas de <a href=\"http:\/\/www.esquerra.cat\/\">Esquerra Republicana de Catalunya<\/a>(ERC). Tambi\u00e9n se observ\u00f3 alguna solitaria bandera de <a href=\"http:\/\/www.solidaritatcatalana.cat\/\">Solidaritat Catalana per la Independ\u00e8ncia<\/a>(SI) y un peque\u00f1o grup\u00fasculo de banderas de <a href=\"http:\/\/revoltaglobal.cat\/\">Revolta Global<\/a>. El <a href=\"http:\/\/www.sindicatdestudiants.net\/index.php?option=com_content&amp;view=article&amp;id=342:no-a-la-segregacio-dels-estudiants-en-linies-lingueistiques-la-sentencia-del-tsjc-es-antidemocratica-i-reaccionaria&amp;catid=31&amp;Itemid=78\">Sindicat <\/a><a href=\"http:\/\/www.sindicatdestudiants.net\/index.php?option=com_content&amp;view=article&amp;id=342:no-a-la-segregacio-dels-estudiants-en-linies-lingueistiques-la-sentencia-del-tsjc-es-antidemocratica-i-reaccionaria&amp;catid=31&amp;Itemid=78\">d&#8217;Estudiants<\/a>reparti\u00f3 panfletos, as\u00ed como el <a href=\"http:\/\/www.sindicat.net\/\">sindicato USTEC<\/a>. \u00bfD\u00f3nde estaban el Partit dels Socialistes de Catalunya (PSC) y la gente de Iniciativa per Catalunya-Els Verds? Ciertamente, en alg\u00fan lugar poco visible&#8230; No como <a href=\"http:\/\/ca.wikipedia.org\/wiki\/Oriol_Pujol_i_Ferrusola\">Oriol Pujol<\/a>, que por alguna raz\u00f3n se encontraba junto a las banderas de ERC, lo cu\u00e1l oblig\u00f3 que, al poco de dar inicio la concentraci\u00f3n, las banderas de JNC y las republicanas se entremezclaran; eso s\u00ed, bajo un clamor un\u00e1nime de \u201cIn-Inde-Independ\u00e8ncia!!\u201d.<\/p>\n<p>Francesc, vecino del barrio de Horta y simpatizante de las CUP -de hecho, sosten\u00eda en su mano un extremo de la pancarta de esta formaci\u00f3n pol\u00edtica-, juzgaba que en el Estado Espa\u00f1ol \u201cni se nos quiere, ni se nos respeta [a los catalanes]\u201d. Francesc, de padres catalanoparlantes. cursaba sexto de primaria cuando se iniciaron las primeras clases de catal\u00e1n en la escuela. \u201cHe venido a defender el catal\u00e1n, que es nuestra lengua, y para decir basta al atropello de estos espa\u00f1oles integristas que tienen muy malas entra\u00f1as y muy mala fe\u201d, afirmaba, m\u00e1s entusiasta que enfadado, Roc Lloren\u00e7, un hombre que pasaba los sesenta a\u00f1os. A pocos metros de \u00e9l, Isabel y Rosa charlaban amistosamente. \u201c\u00bfQue por qu\u00e9 hemos venido? Por las mismas razones que hace veinte y hace treinta a\u00f1os: a luchar por el catal\u00e1n. Defendemos el modelo de inmersi\u00f3n ling\u00fc\u00edstica, que se ha demostrado que no ha creado conflictos y ha proporcionado condiciones de igualdad de oportunidades, aumentando la cohesi\u00f3n social. Es un modelo con las m\u00e1ximas garant\u00edas\u201d, explica Isabel, que remata: \u201cYo tengo un hijo de 35 a\u00f1os, que cuando era peque\u00f1o, le preguntaban \u201c\u00bfA qu\u00e9 juegas?\u201d y \u00e9l respond\u00eda \u201cA manifestaciones\u201d. \u00a1Imag\u00ednate si he ido a manifestaciones!\u201d. Errante entre la multitud, un hombre con cara de andar perdido (quiz\u00e1s por la miop\u00eda), al ser preguntado sobre por qu\u00e9 hab\u00eda asistido a la manifestaci\u00f3n, dej\u00f3 ir un desconcertante: \u201c\u00bfQu\u00e9 me importa a m\u00ed el catal\u00e1n o el castellano? Lo que me interesa es que la plusval\u00eda se reparta entre el pueblo trabajador, y no se la lleven los Millets de turno\u201d. Y s\u00ed, su respuesta fue en catal\u00e1n.<\/p>\n","protected":false},"excerpt":{"rendered":"<p>La interlocutoria del Tribunal Superior de Justicia de Catalunya (TSJC) conminando a que la lengua castellana sea considerada -junto a la catalana- lengua vehicular en las escuelas de Catalunya, ha supuesto una defensa firme de la inmersi\u00f3n ling\u00fc\u00edstica en catal\u00e1n, a cargo de diversas entidades c\u00edvicas y educativas bajo la [&hellip;]<\/p>\n","protected":false},"author":1,"featured_media":0,"comment_status":"open","ping_status":"open","sticky":false,"template":"","format":"standard","meta":{"footnotes":""},"categories":[3,59],"tags":[],"class_list":["post-1113","post","type-post","status-publish","format-standard","hentry","category-actualidad","category-catalunya"],"yoast_head":"<!-- This site is optimized with the Yoast SEO plugin v27.5 - https:\/\/yoast.com\/product\/yoast-seo-wordpress\/ -->\n<title>Concentraci\u00f3n en defensa de la inmersi\u00f3n ling\u00fc\u00edstica en catal\u00e1n - Revista Rambla<\/title>\n<meta name=\"robots\" content=\"index, follow, max-snippet:-1, max-image-preview:large, max-video-preview:-1\" \/>\n<link rel=\"canonical\" href=\"https:\/\/www.revistarambla.com\/en\/concentracion-en-defensa-de-la-inmersion-lingueistica-en-catalan\/\" \/>\n<meta property=\"og:locale\" content=\"en_GB\" \/>\n<meta property=\"og:type\" content=\"article\" \/>\n<meta property=\"og:title\" content=\"Concentraci\u00f3n en defensa de la inmersi\u00f3n ling\u00fc\u00edstica en catal\u00e1n - Revista Rambla\" \/>\n<meta property=\"og:description\" content=\"La interlocutoria del Tribunal Superior de Justicia de Catalunya (TSJC) conminando a que la lengua castellana sea considerada -junto a la catalana- lengua vehicular en las escuelas de Catalunya, ha supuesto una defensa firme de la inmersi\u00f3n ling\u00fc\u00edstica en catal\u00e1n, a cargo de diversas entidades c\u00edvicas y educativas bajo la [&hellip;]\" \/>\n<meta property=\"og:url\" content=\"https:\/\/www.revistarambla.com\/en\/concentracion-en-defensa-de-la-inmersion-lingueistica-en-catalan\/\" \/>\n<meta property=\"og:site_name\" content=\"Revista Rambla\" \/>\n<meta property=\"article:publisher\" content=\"https:\/\/www.facebook.com\/revistarambla\/\" \/>\n<meta property=\"article:published_time\" content=\"2011-09-13T14:27:32+00:00\" \/>\n<meta property=\"article:modified_time\" content=\"2021-05-02T19:25:35+00:00\" \/>\n<meta name=\"author\" content=\"Jordi Navarro\" \/>\n<meta name=\"twitter:card\" content=\"summary_large_image\" \/>\n<meta name=\"twitter:creator\" content=\"@revistarambla\" \/>\n<meta name=\"twitter:site\" content=\"@revistarambla\" \/>\n<meta name=\"twitter:label1\" content=\"Written by\" \/>\n\t<meta name=\"twitter:data1\" content=\"Jordi Navarro\" \/>\n\t<meta name=\"twitter:label2\" content=\"Estimated reading time\" \/>\n\t<meta name=\"twitter:data2\" content=\"4 minutes\" \/>\n<script type=\"application\/ld+json\" class=\"yoast-schema-graph\">{\"@context\":\"https:\\\/\\\/schema.org\",\"@graph\":[{\"@type\":\"Article\",\"@id\":\"https:\\\/\\\/www.revistarambla.com\\\/concentracion-en-defensa-de-la-inmersion-lingueistica-en-catalan\\\/#article\",\"isPartOf\":{\"@id\":\"https:\\\/\\\/www.revistarambla.com\\\/concentracion-en-defensa-de-la-inmersion-lingueistica-en-catalan\\\/\"},\"author\":{\"name\":\"Jordi Navarro\",\"@id\":\"https:\\\/\\\/www.revistarambla.com\\\/#\\\/schema\\\/person\\\/4a5652fc8c82df1f8593002d038cd79e\"},\"headline\":\"Concentraci\u00f3n en defensa de la inmersi\u00f3n ling\u00fc\u00edstica en catal\u00e1n\",\"datePublished\":\"2011-09-13T14:27:32+00:00\",\"dateModified\":\"2021-05-02T19:25:35+00:00\",\"mainEntityOfPage\":{\"@id\":\"https:\\\/\\\/www.revistarambla.com\\\/concentracion-en-defensa-de-la-inmersion-lingueistica-en-catalan\\\/\"},\"wordCount\":935,\"commentCount\":0,\"publisher\":{\"@id\":\"https:\\\/\\\/www.revistarambla.com\\\/#organization\"},\"articleSection\":[\"Actualidad\",\"Catalunya\"],\"inLanguage\":\"en-GB\",\"potentialAction\":[{\"@type\":\"CommentAction\",\"name\":\"Comment\",\"target\":[\"https:\\\/\\\/www.revistarambla.com\\\/concentracion-en-defensa-de-la-inmersion-lingueistica-en-catalan\\\/#respond\"]}]},{\"@type\":\"WebPage\",\"@id\":\"https:\\\/\\\/www.revistarambla.com\\\/concentracion-en-defensa-de-la-inmersion-lingueistica-en-catalan\\\/\",\"url\":\"https:\\\/\\\/www.revistarambla.com\\\/concentracion-en-defensa-de-la-inmersion-lingueistica-en-catalan\\\/\",\"name\":\"Concentraci\u00f3n en defensa de la inmersi\u00f3n ling\u00fc\u00edstica en catal\u00e1n - Revista Rambla\",\"isPartOf\":{\"@id\":\"https:\\\/\\\/www.revistarambla.com\\\/#website\"},\"datePublished\":\"2011-09-13T14:27:32+00:00\",\"dateModified\":\"2021-05-02T19:25:35+00:00\",\"breadcrumb\":{\"@id\":\"https:\\\/\\\/www.revistarambla.com\\\/concentracion-en-defensa-de-la-inmersion-lingueistica-en-catalan\\\/#breadcrumb\"},\"inLanguage\":\"en-GB\",\"potentialAction\":[{\"@type\":\"ReadAction\",\"target\":[\"https:\\\/\\\/www.revistarambla.com\\\/concentracion-en-defensa-de-la-inmersion-lingueistica-en-catalan\\\/\"]}]},{\"@type\":\"BreadcrumbList\",\"@id\":\"https:\\\/\\\/www.revistarambla.com\\\/concentracion-en-defensa-de-la-inmersion-lingueistica-en-catalan\\\/#breadcrumb\",\"itemListElement\":[{\"@type\":\"ListItem\",\"position\":1,\"name\":\"Portada\",\"item\":\"https:\\\/\\\/www.revistarambla.com\\\/\"},{\"@type\":\"ListItem\",\"position\":2,\"name\":\"Concentraci\u00f3n en defensa de la inmersi\u00f3n ling\u00fc\u00edstica en catal\u00e1n\"}]},{\"@type\":\"WebSite\",\"@id\":\"https:\\\/\\\/www.revistarambla.com\\\/#website\",\"url\":\"https:\\\/\\\/www.revistarambla.com\\\/\",\"name\":\"Revista Rambla Barcelona\",\"description\":\"Periodismo independiente\",\"publisher\":{\"@id\":\"https:\\\/\\\/www.revistarambla.com\\\/#organization\"},\"potentialAction\":[{\"@type\":\"SearchAction\",\"target\":{\"@type\":\"EntryPoint\",\"urlTemplate\":\"https:\\\/\\\/www.revistarambla.com\\\/?s={search_term_string}\"},\"query-input\":{\"@type\":\"PropertyValueSpecification\",\"valueRequired\":true,\"valueName\":\"search_term_string\"}}],\"inLanguage\":\"en-GB\"},{\"@type\":\"Organization\",\"@id\":\"https:\\\/\\\/www.revistarambla.com\\\/#organization\",\"name\":\"Revista Rambla\",\"url\":\"https:\\\/\\\/www.revistarambla.com\\\/\",\"logo\":{\"@type\":\"ImageObject\",\"inLanguage\":\"en-GB\",\"@id\":\"https:\\\/\\\/www.revistarambla.com\\\/#\\\/schema\\\/logo\\\/image\\\/\",\"url\":\"https:\\\/\\\/www.revistarambla.com\\\/wp-content\\\/uploads\\\/2020\\\/09\\\/banner_rambla_1900x600_BB.png\",\"contentUrl\":\"https:\\\/\\\/www.revistarambla.com\\\/wp-content\\\/uploads\\\/2020\\\/09\\\/banner_rambla_1900x600_BB.png\",\"width\":1900,\"height\":600,\"caption\":\"Revista Rambla\"},\"image\":{\"@id\":\"https:\\\/\\\/www.revistarambla.com\\\/#\\\/schema\\\/logo\\\/image\\\/\"},\"sameAs\":[\"https:\\\/\\\/www.facebook.com\\\/revistarambla\\\/\",\"https:\\\/\\\/x.com\\\/revistarambla\",\"https:\\\/\\\/www.instagram.com\\\/revista_rambla\",\"https:\\\/\\\/es.linkedin.com\\\/company\\\/revista-rambla\"]},{\"@type\":\"Person\",\"@id\":\"https:\\\/\\\/www.revistarambla.com\\\/#\\\/schema\\\/person\\\/4a5652fc8c82df1f8593002d038cd79e\",\"name\":\"Jordi Navarro\"}]}<\/script>\n<!-- \/ Yoast SEO plugin. -->","yoast_head_json":{"title":"Concentraci\u00f3n en defensa de la inmersi\u00f3n ling\u00fc\u00edstica en catal\u00e1n - Revista Rambla","robots":{"index":"index","follow":"follow","max-snippet":"max-snippet:-1","max-image-preview":"max-image-preview:large","max-video-preview":"max-video-preview:-1"},"canonical":"https:\/\/www.revistarambla.com\/en\/concentracion-en-defensa-de-la-inmersion-lingueistica-en-catalan\/","og_locale":"en_GB","og_type":"article","og_title":"Concentraci\u00f3n en defensa de la inmersi\u00f3n ling\u00fc\u00edstica en catal\u00e1n - Revista Rambla","og_description":"La interlocutoria del Tribunal Superior de Justicia de Catalunya (TSJC) conminando a que la lengua castellana sea considerada -junto a la catalana- lengua vehicular en las escuelas de Catalunya, ha supuesto una defensa firme de la inmersi\u00f3n ling\u00fc\u00edstica en catal\u00e1n, a cargo de diversas entidades c\u00edvicas y educativas bajo la [&hellip;]","og_url":"https:\/\/www.revistarambla.com\/en\/concentracion-en-defensa-de-la-inmersion-lingueistica-en-catalan\/","og_site_name":"Revista Rambla","article_publisher":"https:\/\/www.facebook.com\/revistarambla\/","article_published_time":"2011-09-13T14:27:32+00:00","article_modified_time":"2021-05-02T19:25:35+00:00","author":"Jordi Navarro","twitter_card":"summary_large_image","twitter_creator":"@revistarambla","twitter_site":"@revistarambla","twitter_misc":{"Written by":"Jordi Navarro","Estimated reading time":"4 minutes"},"schema":{"@context":"https:\/\/schema.org","@graph":[{"@type":"Article","@id":"https:\/\/www.revistarambla.com\/concentracion-en-defensa-de-la-inmersion-lingueistica-en-catalan\/#article","isPartOf":{"@id":"https:\/\/www.revistarambla.com\/concentracion-en-defensa-de-la-inmersion-lingueistica-en-catalan\/"},"author":{"name":"Jordi Navarro","@id":"https:\/\/www.revistarambla.com\/#\/schema\/person\/4a5652fc8c82df1f8593002d038cd79e"},"headline":"Concentraci\u00f3n en defensa de la inmersi\u00f3n ling\u00fc\u00edstica en catal\u00e1n","datePublished":"2011-09-13T14:27:32+00:00","dateModified":"2021-05-02T19:25:35+00:00","mainEntityOfPage":{"@id":"https:\/\/www.revistarambla.com\/concentracion-en-defensa-de-la-inmersion-lingueistica-en-catalan\/"},"wordCount":935,"commentCount":0,"publisher":{"@id":"https:\/\/www.revistarambla.com\/#organization"},"articleSection":["Actualidad","Catalunya"],"inLanguage":"en-GB","potentialAction":[{"@type":"CommentAction","name":"Comment","target":["https:\/\/www.revistarambla.com\/concentracion-en-defensa-de-la-inmersion-lingueistica-en-catalan\/#respond"]}]},{"@type":"WebPage","@id":"https:\/\/www.revistarambla.com\/concentracion-en-defensa-de-la-inmersion-lingueistica-en-catalan\/","url":"https:\/\/www.revistarambla.com\/concentracion-en-defensa-de-la-inmersion-lingueistica-en-catalan\/","name":"Concentraci\u00f3n en defensa de la inmersi\u00f3n ling\u00fc\u00edstica en catal\u00e1n - Revista Rambla","isPartOf":{"@id":"https:\/\/www.revistarambla.com\/#website"},"datePublished":"2011-09-13T14:27:32+00:00","dateModified":"2021-05-02T19:25:35+00:00","breadcrumb":{"@id":"https:\/\/www.revistarambla.com\/concentracion-en-defensa-de-la-inmersion-lingueistica-en-catalan\/#breadcrumb"},"inLanguage":"en-GB","potentialAction":[{"@type":"ReadAction","target":["https:\/\/www.revistarambla.com\/concentracion-en-defensa-de-la-inmersion-lingueistica-en-catalan\/"]}]},{"@type":"BreadcrumbList","@id":"https:\/\/www.revistarambla.com\/concentracion-en-defensa-de-la-inmersion-lingueistica-en-catalan\/#breadcrumb","itemListElement":[{"@type":"ListItem","position":1,"name":"Portada","item":"https:\/\/www.revistarambla.com\/"},{"@type":"ListItem","position":2,"name":"Concentraci\u00f3n en defensa de la inmersi\u00f3n ling\u00fc\u00edstica en catal\u00e1n"}]},{"@type":"WebSite","@id":"https:\/\/www.revistarambla.com\/#website","url":"https:\/\/www.revistarambla.com\/","name":"Revista Rambla Barcelona","description":"Periodismo independiente","publisher":{"@id":"https:\/\/www.revistarambla.com\/#organization"},"potentialAction":[{"@type":"SearchAction","target":{"@type":"EntryPoint","urlTemplate":"https:\/\/www.revistarambla.com\/?s={search_term_string}"},"query-input":{"@type":"PropertyValueSpecification","valueRequired":true,"valueName":"search_term_string"}}],"inLanguage":"en-GB"},{"@type":"Organization","@id":"https:\/\/www.revistarambla.com\/#organization","name":"Revista Rambla","url":"https:\/\/www.revistarambla.com\/","logo":{"@type":"ImageObject","inLanguage":"en-GB","@id":"https:\/\/www.revistarambla.com\/#\/schema\/logo\/image\/","url":"https:\/\/www.revistarambla.com\/wp-content\/uploads\/2020\/09\/banner_rambla_1900x600_BB.png","contentUrl":"https:\/\/www.revistarambla.com\/wp-content\/uploads\/2020\/09\/banner_rambla_1900x600_BB.png","width":1900,"height":600,"caption":"Revista Rambla"},"image":{"@id":"https:\/\/www.revistarambla.com\/#\/schema\/logo\/image\/"},"sameAs":["https:\/\/www.facebook.com\/revistarambla\/","https:\/\/x.com\/revistarambla","https:\/\/www.instagram.com\/revista_rambla","https:\/\/es.linkedin.com\/company\/revista-rambla"]},{"@type":"Person","@id":"https:\/\/www.revistarambla.com\/#\/schema\/person\/4a5652fc8c82df1f8593002d038cd79e","name":"Jordi Navarro"}]}},"_links":{"self":[{"href":"https:\/\/www.revistarambla.com\/en\/wp-json\/wp\/v2\/posts\/1113","targetHints":{"allow":["GET"]}}],"collection":[{"href":"https:\/\/www.revistarambla.com\/en\/wp-json\/wp\/v2\/posts"}],"about":[{"href":"https:\/\/www.revistarambla.com\/en\/wp-json\/wp\/v2\/types\/post"}],"author":[{"embeddable":true,"href":"https:\/\/www.revistarambla.com\/en\/wp-json\/wp\/v2\/users\/1"}],"replies":[{"embeddable":true,"href":"https:\/\/www.revistarambla.com\/en\/wp-json\/wp\/v2\/comments?post=1113"}],"version-history":[{"count":0,"href":"https:\/\/www.revistarambla.com\/en\/wp-json\/wp\/v2\/posts\/1113\/revisions"}],"wp:attachment":[{"href":"https:\/\/www.revistarambla.com\/en\/wp-json\/wp\/v2\/media?parent=1113"}],"wp:term":[{"taxonomy":"category","embeddable":true,"href":"https:\/\/www.revistarambla.com\/en\/wp-json\/wp\/v2\/categories?post=1113"},{"taxonomy":"post_tag","embeddable":true,"href":"https:\/\/www.revistarambla.com\/en\/wp-json\/wp\/v2\/tags?post=1113"}],"curies":[{"name":"wp","href":"https:\/\/api.w.org\/{rel}","templated":true}]}}