{"id":1112,"date":"2011-09-12T14:46:31","date_gmt":"2011-09-12T14:46:31","guid":{"rendered":"https:\/\/www.revistarambla.com\/ridao-gracias-a-ciu-el-pp-ha-dejado-de-ser-excentrico-para-ocupar-el-epicentro-de-la-politica-catalana\/"},"modified":"2021-05-02T21:23:26","modified_gmt":"2021-05-02T19:23:26","slug":"ridao-gracias-a-ciu-el-pp-ha-dejado-de-ser-excentrico-para-ocupar-el-epicentro-de-la-politica-catalana","status":"publish","type":"post","link":"https:\/\/www.revistarambla.com\/en\/ridao-gracias-a-ciu-el-pp-ha-dejado-de-ser-excentrico-para-ocupar-el-epicentro-de-la-politica-catalana\/","title":{"rendered":"Joan Ridao: \u00abGracias a CiU, el PP ha dejado de ser exc\u00e9ntrico para ocupar el epicentro de la pol\u00edtica catalana\u00bb"},"content":{"rendered":"<p><img decoding=\"async\" class=\"size-medium wp-image-31331 alignright\" src=\"https:\/\/www.revistarambla.com\/wp-content\/uploads\/2011\/09\/Joan_Ridao-240x300.jpg\" alt=\"\" width=\"240\" height=\"300\" srcset=\"https:\/\/www.revistarambla.com\/wp-content\/uploads\/2011\/09\/Joan_Ridao-240x300.jpg 240w, https:\/\/www.revistarambla.com\/wp-content\/uploads\/2011\/09\/Joan_Ridao.jpg 525w\" sizes=\"(max-width: 240px) 100vw, 240px\" \/>Joan Ridao -el todav\u00eda secretario general de Esquerra Republicana de Catalunya y portavoz de esta formaci\u00f3n en el Congreso de Diputados- cr\u00edtico la pol\u00edtica de \u201cpeix al cove re-escalfat\u201d, que seg\u00fan su opini\u00f3n, el govern de la Generalitat est\u00e1 llevando a cabo al pactar con un PP \u201cal que ha situado en la normalidad pol\u00edtica catalana, a pesar de haber recurrido el Estatut y de sus gestos anticatalanistas y en ocasiones xen\u00f3fobos\u201d.<\/p>\n<p>Con un porte adusto que contrastaba con la tonalidad clara de su traje, Joan Ridao compareci\u00f3 ante los medios con un discurso articulado entorno a tres ejes: el inicio de un curso escolar marcado por los recortes presupuestarios y el ataque a la inmersi\u00f3n ling\u00fc\u00edstica en catal\u00e1n; la Iniciativa de Ley Popular \u201c<a href=\"http:\/\/www.televisiosensefronteres.cat\/\">Televisi\u00f3<\/a><a href=\"http:\/\/www.televisiosensefronteres.cat\/\"> sense <\/a><a href=\"http:\/\/www.televisiosensefronteres.cat\/\">fronteres<\/a>\u201d, avalada por m\u00e1s de 650.000 firmas, que promueve la reciprocidad de emisi\u00f3n de TV3 y Canal 9 en el Pa\u00eds Valenci\u00e0 y Catalunya, respectivamente; y, por \u00faltimo, la reimplantaci\u00f3n del impuesto sobre patrimonio que el gobierno de Zapatero ha impulsado a instancias del candidato socialista, Alfredo P\u00e9rez Rubalcaba. Estos tres puntos, al cabo, resultaron los personajes circunstanciales que transitaron por el escenario principal, que no fue otro que el pacto de gobierno entre Converg\u00e8ncia i Uni\u00f3 (CiU) y el Partido Popular (PP). Joan Ridao se mostr\u00f3 extremadamente severo e implacable con el acuerdo entre las derechas catalana y espa\u00f1ola. \u201cGracias a CiU, el PP ha dejado de ser un partido exc\u00e9ntrico para pasar a ocupar el epicentro de la pol\u00edtica catalana\u201d, se lament\u00f3 Ridao.<\/p>\n<p>Tras mencionar c\u00f3mo este nuevo curso escolar debe hacer frente al tijeretazo presupuestario del 10%, Ridao se centr\u00f3 en la cuesti\u00f3n de la inmersi\u00f3n ling\u00fc\u00edstica y en la voluntad uniformizadora que, seg\u00fan ERC, el PP pretende implantar en Catalunya. \u201cLo que aqu\u00ed est\u00e1 en juego no es si la derecha espa\u00f1ola puede tolerar que el Parlament apruebe una ley que garantice que el catal\u00e1n es la lengua vehicular, sino el modelo de Estado. Es un problema de mentalidad supremacista de la lengua\u201d, asever\u00f3 Ridao, para quien el Partido Popular considera que \u201chay lenguas que sirven para ir por el mundo, como el castellano, y otras lenguas que son para estar en casa, en zapatillas y con el albornoz puesto\u201d. Seg\u00fan el secretario general de ERC, el PP busca la divisi\u00f3n de Catalunya en dos comunidades, con el af\u00e1n \u00faltimo de castellanizarla, \u201cque es lo que llevan pretendiendo desde hace 300 a\u00f1os\u201d.<\/p>\n<p>\u201cLa \u00fanica forma de compensar el desequilibro de las cuentas p\u00fablicas no puede ser \u00fanicamente los recortes en gasto social. Tambi\u00e9n es necesario ver el cap\u00edtulo de ingresos. Se trata de ser austeros en el gasto, pero tambi\u00e9n de aumentar los ingresos\u201d. En este sentido, Ridao record\u00f3 que la presi\u00f3n fiscal espa\u00f1ola se sit\u00faa en el 31%, unos diez puntos por debajo de la media europea. Joan Ridao sit\u00fao en el centro de la diana recaudatoria a las grandes empresas a trav\u00e9s del impuesto de sociedades y del IRPF a los profesionales con grandes beneficios, denunciando adem\u00e1s el 23% del PIB que se calcula que representa el fraude fiscal. \u201cY sobretodo hemos de atacar a las grandes fortunas y patrimonios, porque el sistema fiscal espa\u00f1ol recae b\u00e1sicamente sobre los hombros de los peque\u00f1os ahorradores, los pensionistas y asalariados, que concretamente pagan el 38% de los impuestos, mientras que las rentas no llegan al 20%\u201d. Y concluy\u00f3: \u201cEs el mundo al rev\u00e9s\u201d. Para Joan Ridao, la supresi\u00f3n del impuesto sobre el Patrimonio fue un error, pero alerta sobre las intenciones del PSOE en la propuesta de volver a implantarlo: \u201cSe pretende estatalizar este impuesto. Rubalcaba propone restituir el impuesto sobre patrimonio, pero resulta que \u00e9ste es un impuesto cedido al 100% a las comunidades aut\u00f3nomas. Y Rubalcaba busca quedarse con el impuesto y, sobretodo, con la recaudaci\u00f3n\u201d. Al llegar a esta cuesti\u00f3n, Ridao volvi\u00f3 sobre CiU y su acuerdo de estabilidad con el PP, al manifestar que si bien Duran i Lleida no apoya el impuesto sobre Patrimonio \u201cporque defiende los intereses de las rentas altas y de los m\u00e1s ricos\u201d, al menos el portavoz de CiU en el Congreso deber\u00eda dar un paso adelante para reclamar que el impuesto sobre patrimonio contin\u00fae transferido al 100% a las comunidades aut\u00f3nomas.<\/p>","protected":false},"excerpt":{"rendered":"<p>Joan Ridao -el todav\u00eda secretario general de Esquerra Republicana de Catalunya y portavoz de esta formaci\u00f3n en el Congreso de Diputados- cr\u00edtico la pol\u00edtica de \u201cpeix al cove re-escalfat\u201d, que seg\u00fan su opini\u00f3n, el govern de la Generalitat est\u00e1 llevando a cabo al pactar con un PP \u201cal que ha [&hellip;]<\/p>\n","protected":false},"author":1,"featured_media":31331,"comment_status":"open","ping_status":"open","sticky":false,"template":"","format":"standard","meta":{"footnotes":""},"categories":[3,59],"tags":[],"class_list":["post-1112","post","type-post","status-publish","format-standard","has-post-thumbnail","hentry","category-actualidad","category-catalunya"],"yoast_head":"<!-- This site is optimized with the Yoast SEO plugin v27.5 - https:\/\/yoast.com\/product\/yoast-seo-wordpress\/ -->\n<title>Joan Ridao: &quot;Gracias a CiU, el PP ha dejado de ser exc\u00e9ntrico para ocupar el epicentro de la pol\u00edtica catalana&quot; - Revista Rambla<\/title>\n<meta name=\"robots\" content=\"index, follow, max-snippet:-1, max-image-preview:large, max-video-preview:-1\" \/>\n<link rel=\"canonical\" href=\"https:\/\/www.revistarambla.com\/en\/ridao-gracias-a-ciu-el-pp-ha-dejado-de-ser-excentrico-para-ocupar-el-epicentro-de-la-politica-catalana\/\" \/>\n<meta property=\"og:locale\" content=\"en_GB\" \/>\n<meta property=\"og:type\" content=\"article\" \/>\n<meta property=\"og:title\" content=\"Joan Ridao: &quot;Gracias a CiU, el PP ha dejado de ser exc\u00e9ntrico para ocupar el epicentro de la pol\u00edtica catalana&quot; - Revista Rambla\" \/>\n<meta property=\"og:description\" content=\"Joan Ridao -el todav\u00eda secretario general de Esquerra Republicana de Catalunya y portavoz de esta formaci\u00f3n en el Congreso de Diputados- cr\u00edtico la pol\u00edtica de \u201cpeix al cove re-escalfat\u201d, que seg\u00fan su opini\u00f3n, el govern de la Generalitat est\u00e1 llevando a cabo al pactar con un PP \u201cal que ha [&hellip;]\" \/>\n<meta property=\"og:url\" content=\"https:\/\/www.revistarambla.com\/en\/ridao-gracias-a-ciu-el-pp-ha-dejado-de-ser-excentrico-para-ocupar-el-epicentro-de-la-politica-catalana\/\" \/>\n<meta property=\"og:site_name\" content=\"Revista Rambla\" \/>\n<meta property=\"article:publisher\" content=\"https:\/\/www.facebook.com\/revistarambla\/\" \/>\n<meta property=\"article:published_time\" content=\"2011-09-12T14:46:31+00:00\" \/>\n<meta property=\"article:modified_time\" content=\"2021-05-02T19:23:26+00:00\" \/>\n<meta property=\"og:image\" content=\"https:\/\/i2.wp.com\/www.revistarambla.com\/wp-content\/uploads\/2011\/09\/Joan_Ridao.jpg?fit=525%2C655&ssl=1\" \/>\n\t<meta property=\"og:image:width\" content=\"525\" \/>\n\t<meta property=\"og:image:height\" content=\"655\" \/>\n\t<meta property=\"og:image:type\" content=\"image\/jpeg\" \/>\n<meta name=\"author\" content=\"Jordi Navarro\" \/>\n<meta name=\"twitter:card\" content=\"summary_large_image\" \/>\n<meta name=\"twitter:creator\" content=\"@revistarambla\" \/>\n<meta name=\"twitter:site\" content=\"@revistarambla\" \/>\n<meta name=\"twitter:label1\" content=\"Written by\" \/>\n\t<meta name=\"twitter:data1\" content=\"Jordi Navarro\" \/>\n\t<meta name=\"twitter:label2\" content=\"Estimated reading time\" \/>\n\t<meta name=\"twitter:data2\" content=\"4 minutes\" \/>\n<script type=\"application\/ld+json\" class=\"yoast-schema-graph\">{\"@context\":\"https:\\\/\\\/schema.org\",\"@graph\":[{\"@type\":\"Article\",\"@id\":\"https:\\\/\\\/www.revistarambla.com\\\/ridao-gracias-a-ciu-el-pp-ha-dejado-de-ser-excentrico-para-ocupar-el-epicentro-de-la-politica-catalana\\\/#article\",\"isPartOf\":{\"@id\":\"https:\\\/\\\/www.revistarambla.com\\\/ridao-gracias-a-ciu-el-pp-ha-dejado-de-ser-excentrico-para-ocupar-el-epicentro-de-la-politica-catalana\\\/\"},\"author\":{\"name\":\"Jordi Navarro\",\"@id\":\"https:\\\/\\\/www.revistarambla.com\\\/#\\\/schema\\\/person\\\/4a5652fc8c82df1f8593002d038cd79e\"},\"headline\":\"Joan Ridao: \u00abGracias a CiU, el PP ha dejado de ser exc\u00e9ntrico para ocupar el epicentro de la pol\u00edtica catalana\u00bb\",\"datePublished\":\"2011-09-12T14:46:31+00:00\",\"dateModified\":\"2021-05-02T19:23:26+00:00\",\"mainEntityOfPage\":{\"@id\":\"https:\\\/\\\/www.revistarambla.com\\\/ridao-gracias-a-ciu-el-pp-ha-dejado-de-ser-excentrico-para-ocupar-el-epicentro-de-la-politica-catalana\\\/\"},\"wordCount\":766,\"commentCount\":0,\"publisher\":{\"@id\":\"https:\\\/\\\/www.revistarambla.com\\\/#organization\"},\"image\":{\"@id\":\"https:\\\/\\\/www.revistarambla.com\\\/ridao-gracias-a-ciu-el-pp-ha-dejado-de-ser-excentrico-para-ocupar-el-epicentro-de-la-politica-catalana\\\/#primaryimage\"},\"thumbnailUrl\":\"https:\\\/\\\/www.revistarambla.com\\\/wp-content\\\/uploads\\\/2011\\\/09\\\/Joan_Ridao.jpg\",\"articleSection\":[\"Actualidad\",\"Catalunya\"],\"inLanguage\":\"en-GB\",\"potentialAction\":[{\"@type\":\"CommentAction\",\"name\":\"Comment\",\"target\":[\"https:\\\/\\\/www.revistarambla.com\\\/ridao-gracias-a-ciu-el-pp-ha-dejado-de-ser-excentrico-para-ocupar-el-epicentro-de-la-politica-catalana\\\/#respond\"]}]},{\"@type\":\"WebPage\",\"@id\":\"https:\\\/\\\/www.revistarambla.com\\\/ridao-gracias-a-ciu-el-pp-ha-dejado-de-ser-excentrico-para-ocupar-el-epicentro-de-la-politica-catalana\\\/\",\"url\":\"https:\\\/\\\/www.revistarambla.com\\\/ridao-gracias-a-ciu-el-pp-ha-dejado-de-ser-excentrico-para-ocupar-el-epicentro-de-la-politica-catalana\\\/\",\"name\":\"Joan Ridao: \\\"Gracias a CiU, el PP ha dejado de ser exc\u00e9ntrico para ocupar el epicentro de la pol\u00edtica catalana\\\" - Revista Rambla\",\"isPartOf\":{\"@id\":\"https:\\\/\\\/www.revistarambla.com\\\/#website\"},\"primaryImageOfPage\":{\"@id\":\"https:\\\/\\\/www.revistarambla.com\\\/ridao-gracias-a-ciu-el-pp-ha-dejado-de-ser-excentrico-para-ocupar-el-epicentro-de-la-politica-catalana\\\/#primaryimage\"},\"image\":{\"@id\":\"https:\\\/\\\/www.revistarambla.com\\\/ridao-gracias-a-ciu-el-pp-ha-dejado-de-ser-excentrico-para-ocupar-el-epicentro-de-la-politica-catalana\\\/#primaryimage\"},\"thumbnailUrl\":\"https:\\\/\\\/www.revistarambla.com\\\/wp-content\\\/uploads\\\/2011\\\/09\\\/Joan_Ridao.jpg\",\"datePublished\":\"2011-09-12T14:46:31+00:00\",\"dateModified\":\"2021-05-02T19:23:26+00:00\",\"breadcrumb\":{\"@id\":\"https:\\\/\\\/www.revistarambla.com\\\/ridao-gracias-a-ciu-el-pp-ha-dejado-de-ser-excentrico-para-ocupar-el-epicentro-de-la-politica-catalana\\\/#breadcrumb\"},\"inLanguage\":\"en-GB\",\"potentialAction\":[{\"@type\":\"ReadAction\",\"target\":[\"https:\\\/\\\/www.revistarambla.com\\\/ridao-gracias-a-ciu-el-pp-ha-dejado-de-ser-excentrico-para-ocupar-el-epicentro-de-la-politica-catalana\\\/\"]}]},{\"@type\":\"ImageObject\",\"inLanguage\":\"en-GB\",\"@id\":\"https:\\\/\\\/www.revistarambla.com\\\/ridao-gracias-a-ciu-el-pp-ha-dejado-de-ser-excentrico-para-ocupar-el-epicentro-de-la-politica-catalana\\\/#primaryimage\",\"url\":\"https:\\\/\\\/www.revistarambla.com\\\/wp-content\\\/uploads\\\/2011\\\/09\\\/Joan_Ridao.jpg\",\"contentUrl\":\"https:\\\/\\\/www.revistarambla.com\\\/wp-content\\\/uploads\\\/2011\\\/09\\\/Joan_Ridao.jpg\",\"width\":525,\"height\":655},{\"@type\":\"BreadcrumbList\",\"@id\":\"https:\\\/\\\/www.revistarambla.com\\\/ridao-gracias-a-ciu-el-pp-ha-dejado-de-ser-excentrico-para-ocupar-el-epicentro-de-la-politica-catalana\\\/#breadcrumb\",\"itemListElement\":[{\"@type\":\"ListItem\",\"position\":1,\"name\":\"Portada\",\"item\":\"https:\\\/\\\/www.revistarambla.com\\\/\"},{\"@type\":\"ListItem\",\"position\":2,\"name\":\"Joan Ridao: \u00abGracias a CiU, el PP ha dejado de ser exc\u00e9ntrico para ocupar el epicentro de la pol\u00edtica catalana\u00bb\"}]},{\"@type\":\"WebSite\",\"@id\":\"https:\\\/\\\/www.revistarambla.com\\\/#website\",\"url\":\"https:\\\/\\\/www.revistarambla.com\\\/\",\"name\":\"Revista Rambla Barcelona\",\"description\":\"Periodismo independiente\",\"publisher\":{\"@id\":\"https:\\\/\\\/www.revistarambla.com\\\/#organization\"},\"potentialAction\":[{\"@type\":\"SearchAction\",\"target\":{\"@type\":\"EntryPoint\",\"urlTemplate\":\"https:\\\/\\\/www.revistarambla.com\\\/?s={search_term_string}\"},\"query-input\":{\"@type\":\"PropertyValueSpecification\",\"valueRequired\":true,\"valueName\":\"search_term_string\"}}],\"inLanguage\":\"en-GB\"},{\"@type\":\"Organization\",\"@id\":\"https:\\\/\\\/www.revistarambla.com\\\/#organization\",\"name\":\"Revista Rambla\",\"url\":\"https:\\\/\\\/www.revistarambla.com\\\/\",\"logo\":{\"@type\":\"ImageObject\",\"inLanguage\":\"en-GB\",\"@id\":\"https:\\\/\\\/www.revistarambla.com\\\/#\\\/schema\\\/logo\\\/image\\\/\",\"url\":\"https:\\\/\\\/www.revistarambla.com\\\/wp-content\\\/uploads\\\/2020\\\/09\\\/banner_rambla_1900x600_BB.png\",\"contentUrl\":\"https:\\\/\\\/www.revistarambla.com\\\/wp-content\\\/uploads\\\/2020\\\/09\\\/banner_rambla_1900x600_BB.png\",\"width\":1900,\"height\":600,\"caption\":\"Revista Rambla\"},\"image\":{\"@id\":\"https:\\\/\\\/www.revistarambla.com\\\/#\\\/schema\\\/logo\\\/image\\\/\"},\"sameAs\":[\"https:\\\/\\\/www.facebook.com\\\/revistarambla\\\/\",\"https:\\\/\\\/x.com\\\/revistarambla\",\"https:\\\/\\\/www.instagram.com\\\/revista_rambla\",\"https:\\\/\\\/es.linkedin.com\\\/company\\\/revista-rambla\"]},{\"@type\":\"Person\",\"@id\":\"https:\\\/\\\/www.revistarambla.com\\\/#\\\/schema\\\/person\\\/4a5652fc8c82df1f8593002d038cd79e\",\"name\":\"Jordi Navarro\"}]}<\/script>\n<!-- \/ Yoast SEO plugin. -->","yoast_head_json":{"title":"Joan Ridao: \"Gracias a CiU, el PP ha dejado de ser exc\u00e9ntrico para ocupar el epicentro de la pol\u00edtica catalana\" - Revista Rambla","robots":{"index":"index","follow":"follow","max-snippet":"max-snippet:-1","max-image-preview":"max-image-preview:large","max-video-preview":"max-video-preview:-1"},"canonical":"https:\/\/www.revistarambla.com\/en\/ridao-gracias-a-ciu-el-pp-ha-dejado-de-ser-excentrico-para-ocupar-el-epicentro-de-la-politica-catalana\/","og_locale":"en_GB","og_type":"article","og_title":"Joan Ridao: \"Gracias a CiU, el PP ha dejado de ser exc\u00e9ntrico para ocupar el epicentro de la pol\u00edtica catalana\" - Revista Rambla","og_description":"Joan Ridao -el todav\u00eda secretario general de Esquerra Republicana de Catalunya y portavoz de esta formaci\u00f3n en el Congreso de Diputados- cr\u00edtico la pol\u00edtica de \u201cpeix al cove re-escalfat\u201d, que seg\u00fan su opini\u00f3n, el govern de la Generalitat est\u00e1 llevando a cabo al pactar con un PP \u201cal que ha [&hellip;]","og_url":"https:\/\/www.revistarambla.com\/en\/ridao-gracias-a-ciu-el-pp-ha-dejado-de-ser-excentrico-para-ocupar-el-epicentro-de-la-politica-catalana\/","og_site_name":"Revista Rambla","article_publisher":"https:\/\/www.facebook.com\/revistarambla\/","article_published_time":"2011-09-12T14:46:31+00:00","article_modified_time":"2021-05-02T19:23:26+00:00","og_image":[{"width":525,"height":655,"url":"https:\/\/i2.wp.com\/www.revistarambla.com\/wp-content\/uploads\/2011\/09\/Joan_Ridao.jpg?fit=525%2C655&ssl=1","type":"image\/jpeg"}],"author":"Jordi Navarro","twitter_card":"summary_large_image","twitter_creator":"@revistarambla","twitter_site":"@revistarambla","twitter_misc":{"Written by":"Jordi Navarro","Estimated reading time":"4 minutes"},"schema":{"@context":"https:\/\/schema.org","@graph":[{"@type":"Article","@id":"https:\/\/www.revistarambla.com\/ridao-gracias-a-ciu-el-pp-ha-dejado-de-ser-excentrico-para-ocupar-el-epicentro-de-la-politica-catalana\/#article","isPartOf":{"@id":"https:\/\/www.revistarambla.com\/ridao-gracias-a-ciu-el-pp-ha-dejado-de-ser-excentrico-para-ocupar-el-epicentro-de-la-politica-catalana\/"},"author":{"name":"Jordi Navarro","@id":"https:\/\/www.revistarambla.com\/#\/schema\/person\/4a5652fc8c82df1f8593002d038cd79e"},"headline":"Joan Ridao: \u00abGracias a CiU, el PP ha dejado de ser exc\u00e9ntrico para ocupar el epicentro de la pol\u00edtica catalana\u00bb","datePublished":"2011-09-12T14:46:31+00:00","dateModified":"2021-05-02T19:23:26+00:00","mainEntityOfPage":{"@id":"https:\/\/www.revistarambla.com\/ridao-gracias-a-ciu-el-pp-ha-dejado-de-ser-excentrico-para-ocupar-el-epicentro-de-la-politica-catalana\/"},"wordCount":766,"commentCount":0,"publisher":{"@id":"https:\/\/www.revistarambla.com\/#organization"},"image":{"@id":"https:\/\/www.revistarambla.com\/ridao-gracias-a-ciu-el-pp-ha-dejado-de-ser-excentrico-para-ocupar-el-epicentro-de-la-politica-catalana\/#primaryimage"},"thumbnailUrl":"https:\/\/www.revistarambla.com\/wp-content\/uploads\/2011\/09\/Joan_Ridao.jpg","articleSection":["Actualidad","Catalunya"],"inLanguage":"en-GB","potentialAction":[{"@type":"CommentAction","name":"Comment","target":["https:\/\/www.revistarambla.com\/ridao-gracias-a-ciu-el-pp-ha-dejado-de-ser-excentrico-para-ocupar-el-epicentro-de-la-politica-catalana\/#respond"]}]},{"@type":"WebPage","@id":"https:\/\/www.revistarambla.com\/ridao-gracias-a-ciu-el-pp-ha-dejado-de-ser-excentrico-para-ocupar-el-epicentro-de-la-politica-catalana\/","url":"https:\/\/www.revistarambla.com\/ridao-gracias-a-ciu-el-pp-ha-dejado-de-ser-excentrico-para-ocupar-el-epicentro-de-la-politica-catalana\/","name":"Joan Ridao: \"Gracias a CiU, el PP ha dejado de ser exc\u00e9ntrico para ocupar el epicentro de la pol\u00edtica catalana\" - Revista Rambla","isPartOf":{"@id":"https:\/\/www.revistarambla.com\/#website"},"primaryImageOfPage":{"@id":"https:\/\/www.revistarambla.com\/ridao-gracias-a-ciu-el-pp-ha-dejado-de-ser-excentrico-para-ocupar-el-epicentro-de-la-politica-catalana\/#primaryimage"},"image":{"@id":"https:\/\/www.revistarambla.com\/ridao-gracias-a-ciu-el-pp-ha-dejado-de-ser-excentrico-para-ocupar-el-epicentro-de-la-politica-catalana\/#primaryimage"},"thumbnailUrl":"https:\/\/www.revistarambla.com\/wp-content\/uploads\/2011\/09\/Joan_Ridao.jpg","datePublished":"2011-09-12T14:46:31+00:00","dateModified":"2021-05-02T19:23:26+00:00","breadcrumb":{"@id":"https:\/\/www.revistarambla.com\/ridao-gracias-a-ciu-el-pp-ha-dejado-de-ser-excentrico-para-ocupar-el-epicentro-de-la-politica-catalana\/#breadcrumb"},"inLanguage":"en-GB","potentialAction":[{"@type":"ReadAction","target":["https:\/\/www.revistarambla.com\/ridao-gracias-a-ciu-el-pp-ha-dejado-de-ser-excentrico-para-ocupar-el-epicentro-de-la-politica-catalana\/"]}]},{"@type":"ImageObject","inLanguage":"en-GB","@id":"https:\/\/www.revistarambla.com\/ridao-gracias-a-ciu-el-pp-ha-dejado-de-ser-excentrico-para-ocupar-el-epicentro-de-la-politica-catalana\/#primaryimage","url":"https:\/\/www.revistarambla.com\/wp-content\/uploads\/2011\/09\/Joan_Ridao.jpg","contentUrl":"https:\/\/www.revistarambla.com\/wp-content\/uploads\/2011\/09\/Joan_Ridao.jpg","width":525,"height":655},{"@type":"BreadcrumbList","@id":"https:\/\/www.revistarambla.com\/ridao-gracias-a-ciu-el-pp-ha-dejado-de-ser-excentrico-para-ocupar-el-epicentro-de-la-politica-catalana\/#breadcrumb","itemListElement":[{"@type":"ListItem","position":1,"name":"Portada","item":"https:\/\/www.revistarambla.com\/"},{"@type":"ListItem","position":2,"name":"Joan Ridao: \u00abGracias a CiU, el PP ha dejado de ser exc\u00e9ntrico para ocupar el epicentro de la pol\u00edtica catalana\u00bb"}]},{"@type":"WebSite","@id":"https:\/\/www.revistarambla.com\/#website","url":"https:\/\/www.revistarambla.com\/","name":"Revista Rambla Barcelona","description":"Periodismo independiente","publisher":{"@id":"https:\/\/www.revistarambla.com\/#organization"},"potentialAction":[{"@type":"SearchAction","target":{"@type":"EntryPoint","urlTemplate":"https:\/\/www.revistarambla.com\/?s={search_term_string}"},"query-input":{"@type":"PropertyValueSpecification","valueRequired":true,"valueName":"search_term_string"}}],"inLanguage":"en-GB"},{"@type":"Organization","@id":"https:\/\/www.revistarambla.com\/#organization","name":"Revista Rambla","url":"https:\/\/www.revistarambla.com\/","logo":{"@type":"ImageObject","inLanguage":"en-GB","@id":"https:\/\/www.revistarambla.com\/#\/schema\/logo\/image\/","url":"https:\/\/www.revistarambla.com\/wp-content\/uploads\/2020\/09\/banner_rambla_1900x600_BB.png","contentUrl":"https:\/\/www.revistarambla.com\/wp-content\/uploads\/2020\/09\/banner_rambla_1900x600_BB.png","width":1900,"height":600,"caption":"Revista Rambla"},"image":{"@id":"https:\/\/www.revistarambla.com\/#\/schema\/logo\/image\/"},"sameAs":["https:\/\/www.facebook.com\/revistarambla\/","https:\/\/x.com\/revistarambla","https:\/\/www.instagram.com\/revista_rambla","https:\/\/es.linkedin.com\/company\/revista-rambla"]},{"@type":"Person","@id":"https:\/\/www.revistarambla.com\/#\/schema\/person\/4a5652fc8c82df1f8593002d038cd79e","name":"Jordi Navarro"}]}},"_links":{"self":[{"href":"https:\/\/www.revistarambla.com\/en\/wp-json\/wp\/v2\/posts\/1112","targetHints":{"allow":["GET"]}}],"collection":[{"href":"https:\/\/www.revistarambla.com\/en\/wp-json\/wp\/v2\/posts"}],"about":[{"href":"https:\/\/www.revistarambla.com\/en\/wp-json\/wp\/v2\/types\/post"}],"author":[{"embeddable":true,"href":"https:\/\/www.revistarambla.com\/en\/wp-json\/wp\/v2\/users\/1"}],"replies":[{"embeddable":true,"href":"https:\/\/www.revistarambla.com\/en\/wp-json\/wp\/v2\/comments?post=1112"}],"version-history":[{"count":0,"href":"https:\/\/www.revistarambla.com\/en\/wp-json\/wp\/v2\/posts\/1112\/revisions"}],"wp:featuredmedia":[{"embeddable":true,"href":"https:\/\/www.revistarambla.com\/en\/wp-json\/wp\/v2\/media\/31331"}],"wp:attachment":[{"href":"https:\/\/www.revistarambla.com\/en\/wp-json\/wp\/v2\/media?parent=1112"}],"wp:term":[{"taxonomy":"category","embeddable":true,"href":"https:\/\/www.revistarambla.com\/en\/wp-json\/wp\/v2\/categories?post=1112"},{"taxonomy":"post_tag","embeddable":true,"href":"https:\/\/www.revistarambla.com\/en\/wp-json\/wp\/v2\/tags?post=1112"}],"curies":[{"name":"wp","href":"https:\/\/api.w.org\/{rel}","templated":true}]}}