{"id":1106,"date":"2011-09-01T10:48:42","date_gmt":"2011-09-01T08:48:42","guid":{"rendered":"https:\/\/www.revistarambla.com\/victor-nubla-en-mi-musica-hay-un-10-de-inspiracion-y-un-90-de-transpiracion\/"},"modified":"2021-12-08T20:48:35","modified_gmt":"2021-12-08T19:48:35","slug":"victor-nubla-en-mi-musica-hay-un-10-de-inspiracion-y-un-90-de-transpiracion","status":"publish","type":"post","link":"https:\/\/www.revistarambla.com\/en\/victor-nubla-en-mi-musica-hay-un-10-de-inspiracion-y-un-90-de-transpiracion\/","title":{"rendered":"V\u00edctor Nubla: \u00abEn mi m\u00fasica hay un 10% de inspiraci\u00f3n y un 90% de transpiraci\u00f3n\u00bb"},"content":{"rendered":"<p><img decoding=\"async\" class=\"size-medium wp-image-22734 alignright\" src=\"https:\/\/www.revistarambla.com\/wp-content\/uploads\/2020\/04\/nubla01-300x176.jpg\" alt=\"\" width=\"300\" height=\"176\" srcset=\"https:\/\/www.revistarambla.com\/wp-content\/uploads\/2020\/04\/nubla01-300x176.jpg 300w, https:\/\/www.revistarambla.com\/wp-content\/uploads\/2020\/04\/nubla01-650x380.jpg 650w, https:\/\/www.revistarambla.com\/wp-content\/uploads\/2020\/04\/nubla01-458x268.jpg 458w, https:\/\/www.revistarambla.com\/wp-content\/uploads\/2020\/04\/nubla01-678x399.jpg 678w, https:\/\/www.revistarambla.com\/wp-content\/uploads\/2020\/04\/nubla01.jpg 682w\" sizes=\"(max-width: 300px) 100vw, 300px\" \/>\u201cDos hombres verdes\u201d es la en\u00e9sima reinvenci\u00f3n creativa de Victor Nubla, un artista inquieto y vers\u00e1til al que resulta est\u00e9ril encasillar en alg\u00fan estilo y al que el t\u00f3pico adjetivo \u2018camale\u00f3nico\u2019 le queda inanimado. A\u00fan as\u00ed, lo suyo es la electroac\u00fastica con alma punk y as\u00ed lo ha plasmado en este disco que firma junto a LT Caramel. Del nuevo lanzamiento y de todo un poco hablamos y divagamos en una conversaci\u00f3n te\u00f1ida de iron\u00eda, humor, surrealismo y alguna que otra interrupci\u00f3n canina.<\/p>\n<p><strong>\u00bfC\u00f3mo surge la idea del nuevo disco y qu\u00e9 enfoque quer\u00edas darle?<\/strong><\/p>\n<p>\u201cYo trabajo mucho con Philippe Blanchard, conocido como LT Caramel, y desde hace muchos a\u00f1os. Es un artista que se dedica, sobre todo, a la electroac\u00fastica, muy radical, y yo en cambio estoy metido en muchas historias: improvisaci\u00f3n, rock\u2026pero tambi\u00e9n he hecho electroac\u00fastica y sali\u00f3 la oportunidad de trabajar juntos. Vino la oferta del sello de Mosc\u00fa que fue decisiva para que empez\u00e1ramos esto y estuvimos trabajando un par de semanas. Lo hicimos todo con mucha libertad y tampoco sab\u00edamos muy bien cu\u00e1l ser\u00eda el resultado\u201d.<\/p>\n<p><strong>\u00bfEso de \u201cDos hombres verdes\u201d hace referencia al hecho de que sois conscientes que lo que hac\u00e9is es raro, extravagante o, como m\u00ednimo, peculiar?<\/strong><\/p>\n<p>\u201cEso sale de una lista de t\u00edtulos. LT Caramel, por cuestiones de trabajo, tiene mucha relaci\u00f3n con Espa\u00f1a, sobre todo con Madrid, y el castellano no es que lo domine pero s\u00ed sabe jugar con las palabras. \u2018Dos hombres verdes\u2019 sali\u00f3 de una lista de nombres, es una combinaci\u00f3n imposible. En todo caso ser\u00eda hombrecitos verdes\u201d.<\/p>\n<p><strong>M\u00e1s raro que un perro verde\u2026<\/strong><\/p>\n<p>\u201cNo s\u00e9 por qu\u00e9 la humanidad tiene esa man\u00eda de que todo lo raro es verde: los habitantes de Marte, los perros verdes son raros\u2026\u201d.<\/p>\n<p><strong>Los sem\u00e1foros y los ecologistas son la excepci\u00f3n\u2026<\/strong><\/p>\n<p>\u201cS\u00ed, pero tambi\u00e9n hay la expresi\u00f3n \u2018me est\u00e1s poniendo verde, viejos verdes\u2019\u2026lo verde es algo extra\u00f1o adem\u00e1s de polis\u00e9mico\u201d.<\/p>\n<p><strong>\u00bfCon qu\u00e9 argumento contestar\u00edas a alguien que despu\u00e9s de escuchar este disco llegara a la conclusi\u00f3n que son s\u00f3lo ruidos?<\/strong><\/p>\n<p>\u201cQue consulte la palabra \u2018electroac\u00fastica\u2019 en la Wikipedia. Tambi\u00e9n puede mirar Pierre Schaeffer, el tratado de los objetos sonoros, eso es anterior a cuando hab\u00edan nacido tus padres. Por otro lado, que busque en la Wikipedia la palabra \u2018punk\u2019 y relacione ambas cosas. LT Caramel y yo, por la edad que tenemos, somos la primera generaci\u00f3n del punk y de lo que era la m\u00fasica industrial en Europa. Siempre hemos trabajado con estas cosas situacionistas y muy poco acad\u00e9micas y ortodoxas. Pero la electroac\u00fastica ocupa estanter\u00edas en las tiendas de discos de los pa\u00edses civilizados\u201d.<\/p>\n<p><strong>Lo que es evidente es que tienes un planteamiento de la m\u00fasica totalmente opuesto al convencional. \u00bfTe gusta romper con esa f\u00f3rmula est\u00e1ndard o m\u00e1s enfocada a lo comercial?<\/strong><\/p>\n<p>\u201cYo hago todo tipo de m\u00fasica. A ver, una m\u00fasica no es comercial si no da beneficios, hay discos aparentemente comerciales que han sido grandes fracasos industriales y han llevado a la ruina a compa\u00f1\u00edas discogr\u00e1ficas enteras. Yo no pienso en t\u00e9rminos industriales porque no tengo una discogr\u00e1fica detr\u00e1s, yo pienso en t\u00e9rminos art\u00edsticos. Puedo hacer cosas que gusten a m\u00e1s o menos gente pero teniendo en cuenta la cantidad de gente que hay en el mundo y la cantidad de mercados paralelos, la m\u00fasica electroac\u00fastica o experimental que hago le puede gustar a millones de personas y otros tantos millones pueden pensar que estoy atentando contra su dignidad moral. Es una cuesti\u00f3n de informaci\u00f3n\u201d.<\/p>\n<p><strong>O de educaci\u00f3n\u2026<\/strong><\/p>\n<p>\u201cLa educaci\u00f3n se entiende que es algo que pasa a ciertas edades y cuando uno se hace adulto se supone que recibe informaci\u00f3n, ya no educaci\u00f3n\u2026\u201d<\/p>\n<p><strong>\u00bfY no se puede reeducar?<\/strong><\/p>\n<p>\u201cLos adultos se est\u00e1n deseducando permanentemente. La educaci\u00f3n te permite saber cuando te est\u00e1n vendiendo un tru\u00f1o y cuando no\u201d.<\/p>\n<p><strong>\u00bfEn cualquier caso pones l\u00edmites a la experimentaci\u00f3n? \u00bfEs algo similar a lo de Dal\u00ed y su concepto de escritura autom\u00e1tica o realmente van surgiendo ideas geniales que luego hay que trabajar duramente para darles sentido y coherencia?<\/strong><\/p>\n<p>\u201cDal\u00ed dec\u00eda que \u00e9l utilizaba el m\u00e9todo paranoico-cr\u00edtico, tienes que entrar en una especie de locura, de trance, para poder tener ese tipo de iluminaciones. Pero detr\u00e1s hay mucho trabajo\u201d.<\/p>\n<p><strong>Un 10% de inspiraci\u00f3n y un 90% de trabajo\u2026<\/strong><\/p>\n<p>\u201cUn 10% de inspiraci\u00f3n y un 90% de transpiraci\u00f3n. Seguramente todo esto es una leyenda y se lo ha inventado alguien de la Wikipedia\u201d.<\/p>\n<p><strong>Cambiando de tema, \u00bfqu\u00e9 balance haces de las tres d\u00e9cadas largas con Macromassa?<\/strong><\/p>\n<p>\u201cEs mucho tiempo, hace mucho tiempo de todo. Hemos hecho una p\u00e1gina web en la que se explica toda la historia, hemos hecho un poadcast con todos los discos, todos los in\u00e9ditos, grabaciones secretos, conciertos\u2026Tenemos millones de fans e incluso tesis doctorales sobre la banda\u201d.<\/p>\n<p><strong>\u00bfTe interesa algo de la m\u00fasica actual?<\/strong><\/p>\n<p>\u201cS\u00ed, me gusta de todo. Trabajo con m\u00fasicos de todas las generaciones y edades, estoy muy conectado. Dirijo el LEM y estamos programando permanentemente artistas de todo el mundo\u201d.<\/p>\n<p><strong>Pues es loable y poco habitual, teniendo en cuenta la tendencia de ciertos m\u00fasicos a encasillarse y aislarse en la m\u00fasica de su generaci\u00f3n\u2026<\/strong><\/p>\n<p>\u201cTambi\u00e9n pasa con ciertos mel\u00f3manos que por ejemplo dicen \u2018yo s\u00f3lo escucho m\u00fasica de los 80 porque despu\u00e9s no se hizo nada m\u00e1s\u2019. No es mi caso, yo trabajo con gente de distintas generaciones. Yo estoy bastante al d\u00eda\u201d.<\/p>\n<p><strong>\u00bfNo tienes la sensaci\u00f3n de que hay mucha m\u00fasica ahora?<\/strong><\/p>\n<p>\u201cEst\u00e1 pasando como en los 80, los 90 o los 2000, siempre ha habido mucha m\u00fasica, lo que pasa es que a veces es visible y a veces no\u201d.<\/p>\n<p><strong>\u00bfQu\u00e9 tienes planeado para el futuro?<\/strong><\/p>\n<p>\u201cAhora hemos hecho una preestrena de una \u00f3pera que hemos hecho en Pasadena para una cantante americana, Kate Conklin y m\u00fasica Javier Navarrete, acabo de publicar un libro sobre la percepci\u00f3n del mundo a trav\u00e9s de los sentidos, y con Macromassa empezaremos temporada en oto\u00f1o, con muchos conciertos como por ejemplo en el Mercat de M\u00fasica de Vic\u201d.<\/p>","protected":false},"excerpt":{"rendered":"<p>\u201cDos hombres verdes\u201d es la en\u00e9sima reinvenci\u00f3n creativa de Victor Nubla, un artista inquieto y vers\u00e1til al que resulta est\u00e9ril encasillar en alg\u00fan estilo y al que el t\u00f3pico adjetivo \u2018camale\u00f3nico\u2019 le queda inanimado. A\u00fan as\u00ed, lo suyo es la electroac\u00fastica con alma punk y as\u00ed lo ha plasmado en [&hellip;]<\/p>\n","protected":false},"author":40,"featured_media":22734,"comment_status":"open","ping_status":"open","sticky":false,"template":"","format":"standard","meta":{"footnotes":""},"categories":[4,65],"tags":[],"class_list":["post-1106","post","type-post","status-publish","format-standard","has-post-thumbnail","hentry","category-cultura","category-musica"],"yoast_head":"<!-- This site is optimized with the Yoast SEO plugin v27.5 - https:\/\/yoast.com\/product\/yoast-seo-wordpress\/ -->\n<title>V\u00edctor Nubla: &quot;En mi m\u00fasica hay un 10% de inspiraci\u00f3n y un 90% de transpiraci\u00f3n&quot; - Revista Rambla<\/title>\n<meta name=\"robots\" content=\"index, follow, max-snippet:-1, max-image-preview:large, max-video-preview:-1\" \/>\n<link rel=\"canonical\" href=\"https:\/\/www.revistarambla.com\/en\/victor-nubla-en-mi-musica-hay-un-10-de-inspiracion-y-un-90-de-transpiracion\/\" \/>\n<meta property=\"og:locale\" content=\"en_GB\" \/>\n<meta property=\"og:type\" content=\"article\" \/>\n<meta property=\"og:title\" content=\"V\u00edctor Nubla: &quot;En mi m\u00fasica hay un 10% de inspiraci\u00f3n y un 90% de transpiraci\u00f3n&quot; - Revista Rambla\" \/>\n<meta property=\"og:description\" content=\"\u201cDos hombres verdes\u201d es la en\u00e9sima reinvenci\u00f3n creativa de Victor Nubla, un artista inquieto y vers\u00e1til al que resulta est\u00e9ril encasillar en alg\u00fan estilo y al que el t\u00f3pico adjetivo \u2018camale\u00f3nico\u2019 le queda inanimado. A\u00fan as\u00ed, lo suyo es la electroac\u00fastica con alma punk y as\u00ed lo ha plasmado en [&hellip;]\" \/>\n<meta property=\"og:url\" content=\"https:\/\/www.revistarambla.com\/en\/victor-nubla-en-mi-musica-hay-un-10-de-inspiracion-y-un-90-de-transpiracion\/\" \/>\n<meta property=\"og:site_name\" content=\"Revista Rambla\" \/>\n<meta property=\"article:publisher\" content=\"https:\/\/www.facebook.com\/revistarambla\/\" \/>\n<meta property=\"article:author\" content=\"https:\/\/www.facebook.com\/carles.batalla.7\" \/>\n<meta property=\"article:published_time\" content=\"2011-09-01T08:48:42+00:00\" \/>\n<meta property=\"article:modified_time\" content=\"2021-12-08T19:48:35+00:00\" \/>\n<meta property=\"og:image\" content=\"https:\/\/www.revistarambla.com\/wp-content\/uploads\/2020\/04\/nubla01.jpg\" \/>\n\t<meta property=\"og:image:width\" content=\"682\" \/>\n\t<meta property=\"og:image:height\" content=\"399\" \/>\n\t<meta property=\"og:image:type\" content=\"image\/jpeg\" \/>\n<meta name=\"author\" content=\"Carles Batalla\" \/>\n<meta name=\"twitter:card\" content=\"summary_large_image\" \/>\n<meta name=\"twitter:creator\" content=\"@batallacarles\" \/>\n<meta name=\"twitter:site\" content=\"@revistarambla\" \/>\n<meta name=\"twitter:label1\" content=\"Written by\" \/>\n\t<meta name=\"twitter:data1\" content=\"Carles Batalla\" \/>\n\t<meta name=\"twitter:label2\" content=\"Estimated reading time\" \/>\n\t<meta name=\"twitter:data2\" content=\"5 minutes\" \/>\n<script type=\"application\/ld+json\" class=\"yoast-schema-graph\">{\"@context\":\"https:\\\/\\\/schema.org\",\"@graph\":[{\"@type\":\"Article\",\"@id\":\"https:\\\/\\\/www.revistarambla.com\\\/victor-nubla-en-mi-musica-hay-un-10-de-inspiracion-y-un-90-de-transpiracion\\\/#article\",\"isPartOf\":{\"@id\":\"https:\\\/\\\/www.revistarambla.com\\\/victor-nubla-en-mi-musica-hay-un-10-de-inspiracion-y-un-90-de-transpiracion\\\/\"},\"author\":{\"name\":\"Carles Batalla\",\"@id\":\"https:\\\/\\\/www.revistarambla.com\\\/#\\\/schema\\\/person\\\/6929729dc40824a1c398a961398e6d97\"},\"headline\":\"V\u00edctor Nubla: \u00abEn mi m\u00fasica hay un 10% de inspiraci\u00f3n y un 90% de transpiraci\u00f3n\u00bb\",\"datePublished\":\"2011-09-01T08:48:42+00:00\",\"dateModified\":\"2021-12-08T19:48:35+00:00\",\"mainEntityOfPage\":{\"@id\":\"https:\\\/\\\/www.revistarambla.com\\\/victor-nubla-en-mi-musica-hay-un-10-de-inspiracion-y-un-90-de-transpiracion\\\/\"},\"wordCount\":1118,\"commentCount\":1,\"publisher\":{\"@id\":\"https:\\\/\\\/www.revistarambla.com\\\/#organization\"},\"image\":{\"@id\":\"https:\\\/\\\/www.revistarambla.com\\\/victor-nubla-en-mi-musica-hay-un-10-de-inspiracion-y-un-90-de-transpiracion\\\/#primaryimage\"},\"thumbnailUrl\":\"https:\\\/\\\/www.revistarambla.com\\\/wp-content\\\/uploads\\\/2020\\\/04\\\/nubla01.jpg\",\"articleSection\":[\"Cultura\",\"M\u00fasica\"],\"inLanguage\":\"en-GB\",\"potentialAction\":[{\"@type\":\"CommentAction\",\"name\":\"Comment\",\"target\":[\"https:\\\/\\\/www.revistarambla.com\\\/victor-nubla-en-mi-musica-hay-un-10-de-inspiracion-y-un-90-de-transpiracion\\\/#respond\"]}]},{\"@type\":\"WebPage\",\"@id\":\"https:\\\/\\\/www.revistarambla.com\\\/victor-nubla-en-mi-musica-hay-un-10-de-inspiracion-y-un-90-de-transpiracion\\\/\",\"url\":\"https:\\\/\\\/www.revistarambla.com\\\/victor-nubla-en-mi-musica-hay-un-10-de-inspiracion-y-un-90-de-transpiracion\\\/\",\"name\":\"V\u00edctor Nubla: \\\"En mi m\u00fasica hay un 10% de inspiraci\u00f3n y un 90% de transpiraci\u00f3n\\\" - Revista Rambla\",\"isPartOf\":{\"@id\":\"https:\\\/\\\/www.revistarambla.com\\\/#website\"},\"primaryImageOfPage\":{\"@id\":\"https:\\\/\\\/www.revistarambla.com\\\/victor-nubla-en-mi-musica-hay-un-10-de-inspiracion-y-un-90-de-transpiracion\\\/#primaryimage\"},\"image\":{\"@id\":\"https:\\\/\\\/www.revistarambla.com\\\/victor-nubla-en-mi-musica-hay-un-10-de-inspiracion-y-un-90-de-transpiracion\\\/#primaryimage\"},\"thumbnailUrl\":\"https:\\\/\\\/www.revistarambla.com\\\/wp-content\\\/uploads\\\/2020\\\/04\\\/nubla01.jpg\",\"datePublished\":\"2011-09-01T08:48:42+00:00\",\"dateModified\":\"2021-12-08T19:48:35+00:00\",\"breadcrumb\":{\"@id\":\"https:\\\/\\\/www.revistarambla.com\\\/victor-nubla-en-mi-musica-hay-un-10-de-inspiracion-y-un-90-de-transpiracion\\\/#breadcrumb\"},\"inLanguage\":\"en-GB\",\"potentialAction\":[{\"@type\":\"ReadAction\",\"target\":[\"https:\\\/\\\/www.revistarambla.com\\\/victor-nubla-en-mi-musica-hay-un-10-de-inspiracion-y-un-90-de-transpiracion\\\/\"]}]},{\"@type\":\"ImageObject\",\"inLanguage\":\"en-GB\",\"@id\":\"https:\\\/\\\/www.revistarambla.com\\\/victor-nubla-en-mi-musica-hay-un-10-de-inspiracion-y-un-90-de-transpiracion\\\/#primaryimage\",\"url\":\"https:\\\/\\\/www.revistarambla.com\\\/wp-content\\\/uploads\\\/2020\\\/04\\\/nubla01.jpg\",\"contentUrl\":\"https:\\\/\\\/www.revistarambla.com\\\/wp-content\\\/uploads\\\/2020\\\/04\\\/nubla01.jpg\",\"width\":682,\"height\":399},{\"@type\":\"BreadcrumbList\",\"@id\":\"https:\\\/\\\/www.revistarambla.com\\\/victor-nubla-en-mi-musica-hay-un-10-de-inspiracion-y-un-90-de-transpiracion\\\/#breadcrumb\",\"itemListElement\":[{\"@type\":\"ListItem\",\"position\":1,\"name\":\"Portada\",\"item\":\"https:\\\/\\\/www.revistarambla.com\\\/\"},{\"@type\":\"ListItem\",\"position\":2,\"name\":\"V\u00edctor Nubla: \u00abEn mi m\u00fasica hay un 10% de inspiraci\u00f3n y un 90% de transpiraci\u00f3n\u00bb\"}]},{\"@type\":\"WebSite\",\"@id\":\"https:\\\/\\\/www.revistarambla.com\\\/#website\",\"url\":\"https:\\\/\\\/www.revistarambla.com\\\/\",\"name\":\"Revista Rambla Barcelona\",\"description\":\"Periodismo independiente\",\"publisher\":{\"@id\":\"https:\\\/\\\/www.revistarambla.com\\\/#organization\"},\"potentialAction\":[{\"@type\":\"SearchAction\",\"target\":{\"@type\":\"EntryPoint\",\"urlTemplate\":\"https:\\\/\\\/www.revistarambla.com\\\/?s={search_term_string}\"},\"query-input\":{\"@type\":\"PropertyValueSpecification\",\"valueRequired\":true,\"valueName\":\"search_term_string\"}}],\"inLanguage\":\"en-GB\"},{\"@type\":\"Organization\",\"@id\":\"https:\\\/\\\/www.revistarambla.com\\\/#organization\",\"name\":\"Revista Rambla\",\"url\":\"https:\\\/\\\/www.revistarambla.com\\\/\",\"logo\":{\"@type\":\"ImageObject\",\"inLanguage\":\"en-GB\",\"@id\":\"https:\\\/\\\/www.revistarambla.com\\\/#\\\/schema\\\/logo\\\/image\\\/\",\"url\":\"https:\\\/\\\/www.revistarambla.com\\\/wp-content\\\/uploads\\\/2020\\\/09\\\/banner_rambla_1900x600_BB.png\",\"contentUrl\":\"https:\\\/\\\/www.revistarambla.com\\\/wp-content\\\/uploads\\\/2020\\\/09\\\/banner_rambla_1900x600_BB.png\",\"width\":1900,\"height\":600,\"caption\":\"Revista Rambla\"},\"image\":{\"@id\":\"https:\\\/\\\/www.revistarambla.com\\\/#\\\/schema\\\/logo\\\/image\\\/\"},\"sameAs\":[\"https:\\\/\\\/www.facebook.com\\\/revistarambla\\\/\",\"https:\\\/\\\/x.com\\\/revistarambla\",\"https:\\\/\\\/www.instagram.com\\\/revista_rambla\",\"https:\\\/\\\/es.linkedin.com\\\/company\\\/revista-rambla\"]},{\"@type\":\"Person\",\"@id\":\"https:\\\/\\\/www.revistarambla.com\\\/#\\\/schema\\\/person\\\/6929729dc40824a1c398a961398e6d97\",\"name\":\"Carles Batalla\",\"description\":\"Periodista y poeta.\",\"sameAs\":[\"https:\\\/\\\/www.facebook.com\\\/carles.batalla.7\",\"https:\\\/\\\/x.com\\\/batallacarles\"]}]}<\/script>\n<!-- \/ Yoast SEO plugin. -->","yoast_head_json":{"title":"V\u00edctor Nubla: \"En mi m\u00fasica hay un 10% de inspiraci\u00f3n y un 90% de transpiraci\u00f3n\" - Revista Rambla","robots":{"index":"index","follow":"follow","max-snippet":"max-snippet:-1","max-image-preview":"max-image-preview:large","max-video-preview":"max-video-preview:-1"},"canonical":"https:\/\/www.revistarambla.com\/en\/victor-nubla-en-mi-musica-hay-un-10-de-inspiracion-y-un-90-de-transpiracion\/","og_locale":"en_GB","og_type":"article","og_title":"V\u00edctor Nubla: \"En mi m\u00fasica hay un 10% de inspiraci\u00f3n y un 90% de transpiraci\u00f3n\" - Revista Rambla","og_description":"\u201cDos hombres verdes\u201d es la en\u00e9sima reinvenci\u00f3n creativa de Victor Nubla, un artista inquieto y vers\u00e1til al que resulta est\u00e9ril encasillar en alg\u00fan estilo y al que el t\u00f3pico adjetivo \u2018camale\u00f3nico\u2019 le queda inanimado. A\u00fan as\u00ed, lo suyo es la electroac\u00fastica con alma punk y as\u00ed lo ha plasmado en [&hellip;]","og_url":"https:\/\/www.revistarambla.com\/en\/victor-nubla-en-mi-musica-hay-un-10-de-inspiracion-y-un-90-de-transpiracion\/","og_site_name":"Revista Rambla","article_publisher":"https:\/\/www.facebook.com\/revistarambla\/","article_author":"https:\/\/www.facebook.com\/carles.batalla.7","article_published_time":"2011-09-01T08:48:42+00:00","article_modified_time":"2021-12-08T19:48:35+00:00","og_image":[{"width":682,"height":399,"url":"https:\/\/www.revistarambla.com\/wp-content\/uploads\/2020\/04\/nubla01.jpg","type":"image\/jpeg"}],"author":"Carles Batalla","twitter_card":"summary_large_image","twitter_creator":"@batallacarles","twitter_site":"@revistarambla","twitter_misc":{"Written by":"Carles Batalla","Estimated reading time":"5 minutes"},"schema":{"@context":"https:\/\/schema.org","@graph":[{"@type":"Article","@id":"https:\/\/www.revistarambla.com\/victor-nubla-en-mi-musica-hay-un-10-de-inspiracion-y-un-90-de-transpiracion\/#article","isPartOf":{"@id":"https:\/\/www.revistarambla.com\/victor-nubla-en-mi-musica-hay-un-10-de-inspiracion-y-un-90-de-transpiracion\/"},"author":{"name":"Carles Batalla","@id":"https:\/\/www.revistarambla.com\/#\/schema\/person\/6929729dc40824a1c398a961398e6d97"},"headline":"V\u00edctor Nubla: \u00abEn mi m\u00fasica hay un 10% de inspiraci\u00f3n y un 90% de transpiraci\u00f3n\u00bb","datePublished":"2011-09-01T08:48:42+00:00","dateModified":"2021-12-08T19:48:35+00:00","mainEntityOfPage":{"@id":"https:\/\/www.revistarambla.com\/victor-nubla-en-mi-musica-hay-un-10-de-inspiracion-y-un-90-de-transpiracion\/"},"wordCount":1118,"commentCount":1,"publisher":{"@id":"https:\/\/www.revistarambla.com\/#organization"},"image":{"@id":"https:\/\/www.revistarambla.com\/victor-nubla-en-mi-musica-hay-un-10-de-inspiracion-y-un-90-de-transpiracion\/#primaryimage"},"thumbnailUrl":"https:\/\/www.revistarambla.com\/wp-content\/uploads\/2020\/04\/nubla01.jpg","articleSection":["Cultura","M\u00fasica"],"inLanguage":"en-GB","potentialAction":[{"@type":"CommentAction","name":"Comment","target":["https:\/\/www.revistarambla.com\/victor-nubla-en-mi-musica-hay-un-10-de-inspiracion-y-un-90-de-transpiracion\/#respond"]}]},{"@type":"WebPage","@id":"https:\/\/www.revistarambla.com\/victor-nubla-en-mi-musica-hay-un-10-de-inspiracion-y-un-90-de-transpiracion\/","url":"https:\/\/www.revistarambla.com\/victor-nubla-en-mi-musica-hay-un-10-de-inspiracion-y-un-90-de-transpiracion\/","name":"V\u00edctor Nubla: \"En mi m\u00fasica hay un 10% de inspiraci\u00f3n y un 90% de transpiraci\u00f3n\" - Revista Rambla","isPartOf":{"@id":"https:\/\/www.revistarambla.com\/#website"},"primaryImageOfPage":{"@id":"https:\/\/www.revistarambla.com\/victor-nubla-en-mi-musica-hay-un-10-de-inspiracion-y-un-90-de-transpiracion\/#primaryimage"},"image":{"@id":"https:\/\/www.revistarambla.com\/victor-nubla-en-mi-musica-hay-un-10-de-inspiracion-y-un-90-de-transpiracion\/#primaryimage"},"thumbnailUrl":"https:\/\/www.revistarambla.com\/wp-content\/uploads\/2020\/04\/nubla01.jpg","datePublished":"2011-09-01T08:48:42+00:00","dateModified":"2021-12-08T19:48:35+00:00","breadcrumb":{"@id":"https:\/\/www.revistarambla.com\/victor-nubla-en-mi-musica-hay-un-10-de-inspiracion-y-un-90-de-transpiracion\/#breadcrumb"},"inLanguage":"en-GB","potentialAction":[{"@type":"ReadAction","target":["https:\/\/www.revistarambla.com\/victor-nubla-en-mi-musica-hay-un-10-de-inspiracion-y-un-90-de-transpiracion\/"]}]},{"@type":"ImageObject","inLanguage":"en-GB","@id":"https:\/\/www.revistarambla.com\/victor-nubla-en-mi-musica-hay-un-10-de-inspiracion-y-un-90-de-transpiracion\/#primaryimage","url":"https:\/\/www.revistarambla.com\/wp-content\/uploads\/2020\/04\/nubla01.jpg","contentUrl":"https:\/\/www.revistarambla.com\/wp-content\/uploads\/2020\/04\/nubla01.jpg","width":682,"height":399},{"@type":"BreadcrumbList","@id":"https:\/\/www.revistarambla.com\/victor-nubla-en-mi-musica-hay-un-10-de-inspiracion-y-un-90-de-transpiracion\/#breadcrumb","itemListElement":[{"@type":"ListItem","position":1,"name":"Portada","item":"https:\/\/www.revistarambla.com\/"},{"@type":"ListItem","position":2,"name":"V\u00edctor Nubla: \u00abEn mi m\u00fasica hay un 10% de inspiraci\u00f3n y un 90% de transpiraci\u00f3n\u00bb"}]},{"@type":"WebSite","@id":"https:\/\/www.revistarambla.com\/#website","url":"https:\/\/www.revistarambla.com\/","name":"Revista Rambla Barcelona","description":"Periodismo independiente","publisher":{"@id":"https:\/\/www.revistarambla.com\/#organization"},"potentialAction":[{"@type":"SearchAction","target":{"@type":"EntryPoint","urlTemplate":"https:\/\/www.revistarambla.com\/?s={search_term_string}"},"query-input":{"@type":"PropertyValueSpecification","valueRequired":true,"valueName":"search_term_string"}}],"inLanguage":"en-GB"},{"@type":"Organization","@id":"https:\/\/www.revistarambla.com\/#organization","name":"Revista Rambla","url":"https:\/\/www.revistarambla.com\/","logo":{"@type":"ImageObject","inLanguage":"en-GB","@id":"https:\/\/www.revistarambla.com\/#\/schema\/logo\/image\/","url":"https:\/\/www.revistarambla.com\/wp-content\/uploads\/2020\/09\/banner_rambla_1900x600_BB.png","contentUrl":"https:\/\/www.revistarambla.com\/wp-content\/uploads\/2020\/09\/banner_rambla_1900x600_BB.png","width":1900,"height":600,"caption":"Revista Rambla"},"image":{"@id":"https:\/\/www.revistarambla.com\/#\/schema\/logo\/image\/"},"sameAs":["https:\/\/www.facebook.com\/revistarambla\/","https:\/\/x.com\/revistarambla","https:\/\/www.instagram.com\/revista_rambla","https:\/\/es.linkedin.com\/company\/revista-rambla"]},{"@type":"Person","@id":"https:\/\/www.revistarambla.com\/#\/schema\/person\/6929729dc40824a1c398a961398e6d97","name":"Carles Batalla","description":"Periodista y poeta.","sameAs":["https:\/\/www.facebook.com\/carles.batalla.7","https:\/\/x.com\/batallacarles"]}]}},"_links":{"self":[{"href":"https:\/\/www.revistarambla.com\/en\/wp-json\/wp\/v2\/posts\/1106","targetHints":{"allow":["GET"]}}],"collection":[{"href":"https:\/\/www.revistarambla.com\/en\/wp-json\/wp\/v2\/posts"}],"about":[{"href":"https:\/\/www.revistarambla.com\/en\/wp-json\/wp\/v2\/types\/post"}],"author":[{"embeddable":true,"href":"https:\/\/www.revistarambla.com\/en\/wp-json\/wp\/v2\/users\/40"}],"replies":[{"embeddable":true,"href":"https:\/\/www.revistarambla.com\/en\/wp-json\/wp\/v2\/comments?post=1106"}],"version-history":[{"count":0,"href":"https:\/\/www.revistarambla.com\/en\/wp-json\/wp\/v2\/posts\/1106\/revisions"}],"wp:featuredmedia":[{"embeddable":true,"href":"https:\/\/www.revistarambla.com\/en\/wp-json\/wp\/v2\/media\/22734"}],"wp:attachment":[{"href":"https:\/\/www.revistarambla.com\/en\/wp-json\/wp\/v2\/media?parent=1106"}],"wp:term":[{"taxonomy":"category","embeddable":true,"href":"https:\/\/www.revistarambla.com\/en\/wp-json\/wp\/v2\/categories?post=1106"},{"taxonomy":"post_tag","embeddable":true,"href":"https:\/\/www.revistarambla.com\/en\/wp-json\/wp\/v2\/tags?post=1106"}],"curies":[{"name":"wp","href":"https:\/\/api.w.org\/{rel}","templated":true}]}}