{"id":1105,"date":"2011-08-31T10:26:53","date_gmt":"2011-08-31T10:26:53","guid":{"rendered":"https:\/\/www.revistarambla.com\/josep-lluis-i-facerias-recuerdo-y-homenaje\/"},"modified":"2021-05-02T20:53:46","modified_gmt":"2021-05-02T18:53:46","slug":"josep-lluis-i-facerias-recuerdo-y-homenaje","status":"publish","type":"post","link":"https:\/\/www.revistarambla.com\/en\/josep-lluis-i-facerias-recuerdo-y-homenaje\/","title":{"rendered":"Josep Llu\u00eds Facer\u00edas: recuerdo y homenaje"},"content":{"rendered":"<p><img decoding=\"async\" class=\"size-medium wp-image-31314 alignright\" src=\"https:\/\/www.revistarambla.com\/wp-content\/uploads\/2011\/08\/Facerias-300x221.jpg\" alt=\"\" width=\"300\" height=\"221\" srcset=\"https:\/\/www.revistarambla.com\/wp-content\/uploads\/2011\/08\/Facerias-300x221.jpg 300w, https:\/\/www.revistarambla.com\/wp-content\/uploads\/2011\/08\/Facerias.jpg 620w\" sizes=\"(max-width: 300px) 100vw, 300px\" \/>El 30 de agosto se cumplieron 54 a\u00f1os de la emboscada perpetrada por la polic\u00eda del r\u00e9gimen fascista de Francisco Franco, que puso fin a la vida de un aut\u00e9ntico h\u00e9roe de la clase obrera: Josep Llu\u00eds i Facerias. En el lugar donde Facerias exhal\u00f3 el \u00faltimo aliento, herido de muerte en el actual Pla de las Mares de la Pla\u00e7a de Maig -confluencia neur\u00e1lgica entre el Passeig Dr. Pi i Molist, carrer Verdum y Passeig d&#8217;Urrutia, en lo que hoy es el distrito de Nou Barris-, se realiz\u00f3 un homenaje a este maquis urbano, que cont\u00f3 con la presencia del historiador y poeta Ferran Aisa.<\/p>\n<h3>El homenaje<\/h3>\n<p>Cerca de setenta personas asistieron en Nou Barris a la ofrenda floral en memoria de Josep Llu\u00eds i Facerias; en ninguna otra ocasi\u00f3n tanta gente se hab\u00eda dado cita para recordar a Facer\u00edas y su lucha libertaria. Este a\u00f1o la convocatoria la firmaban conjuntamente la <a href=\"http:\/\/trobadaalternativa9barris.blogspot.com\/\">Trobada Alternativa de Nou Barris<\/a> y la <a href=\"http:\/\/cupnoubarris.wordpress.com\/\">CUP-Nou Barris<\/a>, lo que hab\u00eda levantado ciertas suspicacias: \u00bfera de recibo que un partido pol\u00edtico reivindicase la figura de un anarquista? Parte de los presentes en el acto juzgaron que no (\u201cFacer\u00edas luch\u00f3 contra el fascismo y ahora luchar\u00eda contra la democracia burguesa\u201d), y se hicieron escuchar -en muchos momentos- por encima del historiador Ferran Aisa, que, entre gritos de \u201c\u00a1Se lucha o se vota!\u201d o \u201cSindicats i partits, s\u00f3n els nostres enemics\u201d, trataba de narrar los avatares de la vida y obra de Facerias. Fue una aut\u00e9ntico desprop\u00f3sito contar con la presencia de Aisa, que tanto y tan bien ha investigado y escrito sobre el movimiento libertario (autor de libros imprescindibles como \u201cLa cultura anarquista a Catalunya\u201d), y no aprovechar para escucharle con la atenci\u00f3n necesaria. Si bien la sangre ni se asom\u00f3 al r\u00edo, se vivieron momentos de tensi\u00f3n dignos de una pel\u00edcula de Ken Loach.<\/p>\n<p>Antes de la intervenci\u00f3n de Aisa, Joan Marc, miembro de la CUP-Nou Barris, realiz\u00f3 una breve presentaci\u00f3n que, en esencia, iba dirigida en tres sentidos: el deber \u00e9tico y militante de recordar a las personas que entregaron su vida luchando contra la opresi\u00f3n fascista; el recuerdo de Facer\u00edas como acto de reafirmaci\u00f3n de las luchas de hoy en d\u00eda; y, por \u00faltimo, la denuncia de los gestores del post-franquismo en el Distrito de Nou Barris, donde a\u00fan pueden verse las placas del Ministerio de la Vivienda -con el yugo y las flechas falangistas- y pasear por la pla\u00e7a de Virrei Amat o la avinguda Borb\u00f3. Resulta llamativo el criterio seguido por el <a href=\"http:\/\/www.bcn.es\/nomenclator\/\">nomencl\u00e1tor de Barcelona<\/a> para asignar o rechazar las denominaciones de la v\u00eda p\u00fablica. El caso m\u00e1s conocido en Nou Barris: la ponencia del nomencl\u00e1tor deneg\u00f3 que la pla\u00e7a de Llucmajor, donde se erige la estatua de la Rep\u00fablica, pasara a llamarse precisamente Pla\u00e7a de la Rep\u00fablica. Del mismo modo, el hecho que Josep Llu\u00eds i Facerias, uno de los maquis m\u00e1s destacados del per\u00edodo de posguerra, perdiera la vida en manos de la polic\u00eda franquista en lo que hoy es el distrito de Nou Barris -y sea dicho de paso, en un lugar altamente transitado y concurrido-, no parece raz\u00f3n de peso suficiente para que la ponencia del nomencl\u00e1tor reconozca la memoria de Facerias bautizando con su nombre la plaza donde muri\u00f3 asesinado.<\/p>\n<p>Una vez acabado el acto, Josep Gargant\u00e9 -afiliado a la <a href=\"http:\/\/www.cgtbarcelona.org\/\">Confederaci\u00f3n General de Trabajo<\/a> (CGT) en la secci\u00f3n de Transportes Metropolitanos, miembro de la CUP y de la Trobada Alternativa de Nou Barris- quitaba hierro a la controversia surgida durante el recuerdo a Facerias, explicando que en la CUP de Nou Barris hay independentistas, anarquistas, comunistas, etc\u00e9tera. Las CUP no son precisamente una organizaci\u00f3n homog\u00e9nea y monol\u00edtica; m\u00e1s todav\u00eda: \u201cCada CUP es un universo\u201d, sentenciaba otro miembro de la formaci\u00f3n de Nou Barris. Por su parte, Gargant\u00e9 achacaba las discrepancias a un problema de coordinaci\u00f3n entre las distintas sensibilidades y posturas ideol\u00f3gicas en el momento de convocar y difundir el acto. Cuestionado sobre si el a\u00f1o que viene lo plantear\u00edan de igual modo, Gargant\u00e9 opin\u00f3 que se podr\u00eda convocar una ofrenda popular, sin siglas de ning\u00fan partido pol\u00edtico, con el fin de no herir susceptibilidades<\/p>\n<h3>Convicciones<\/h3>\n<p>\u00abLos hombres de tiempos pasados ten\u00edan convicciones; nosotros, los modernos, no tenemos m\u00e1s que opiniones, y para construir una catedral g\u00f3tica se necesita algo m\u00e1s que una opini\u00f3n\u00bb.Heinrich Heine<\/p>\n<p>Con tan s\u00f3lo diecinueve a\u00f1os y hecho prisionero por el bando nacional, Josep Llu\u00eds i Facerias (Barcelona, 1920), perdida la guerra despu\u00e9s de combatir en la columna de Ascaso durante tres a\u00f1os en el frente de Arag\u00f3n, perdi\u00f3 tambi\u00e9n a su compa\u00f1era y a la hija de ambos, a causa de los bombardeos que la aviaci\u00f3n fascista lanz\u00f3 sobre las masas de refugiados que enfilaban el exilio hacia Francia. Este suceso, terrible en la vida de cualquier persona, no signific\u00f3 para Facer\u00edas una ca\u00edda del caballo, como ocurri\u00f3 con Saulo al descubrir a su dios; m\u00e1s bien, se tradujo en una consolidaci\u00f3n de sus convicciones. Con anterioridad al alzamiento fascista y a la revoluci\u00f3n social que le hizo frente, \u201cFace\u201d ya formaba parte del Sindicato de la Madera de la CNT as\u00ed como de las Juventudes Libertarias del Poble Sec, de cuyo barrio era vecino. Tras pasar por diversos campos de concentraci\u00f3n en territorio espa\u00f1ol (Vitoria, Zaragoza, etc), se vio cumpliendo el servicio militar en las filas del ej\u00e9rcito vencedor en la Unidad de Transportes Militares de Barcelona. Cabe presumir que fue en aquel per\u00edodo en el que sus convicciones libertarias maduraron bajo el sol del desgarro provocado por el criminal acto de guerra, que se llev\u00f3, entre otras muchas v\u00edctimas inocentes, las vidas de su mujer y su hija. En 1945, cumplidas las obligaciones del servicio militar, Facerias se afili\u00f3 al Sindicato de Industrias Gr\u00e1ficas de la CNT.<\/p>\n<p>Sin embargo, a pesar de esta afiliaci\u00f3n sindical, nuestro hombre se gan\u00f3 la vida, primero, como camarero y m\u00e1s tarde como cajero, en \u201cLa Rotonda\u201d del Tibidabo, un restaurante frecuentado por la burgues\u00eda de la \u00e9poca, y donde trabajaba su hermano Bonaventura. Al respecto, en el libro \u201cLa Barcelona Rebelde. Gu\u00eda de una ciudad silenciada\u201d (editorial Octaedro), se explica la sensata postura de Facerias en relaci\u00f3n a las propinas con que los adinerados clientes del restaurante obsequiaban a los trabajadores. Facerias las rechazaba, puesto que consideraba que eran, a trav\u00e9s de la caridad de ra\u00edz cristiana, un complemento indigno a un salario insuficiente y que su aceptaci\u00f3n era un gesto servil. Entend\u00e1monos: el problema no eran las propinas, sino el salario.<\/p>\n<p>\u201cFace\u201d -tambi\u00e9n llamado Petronio a causa de su elegancia natural, finos gestos y buen aspecto- se enrol\u00f3 en 1946 en los \u201cGrupos de Defensa\u201d de la zona centro de Barcelona. La resistencia deb\u00eda estar organizada; el bando aliado, que hab\u00eda derrotado al fascismo alem\u00e1n e italiano, no tardar\u00eda en liberar al estado espa\u00f1ol trayendo consigo la democracia&#8230; Aquel mismo a\u00f1o, nuestro hombre es detenido por la brigada pol\u00edtico-social y encarcelado en la Modelo hasta el a\u00f1o siguiente. En 1947, una vez recuperada la libertad, Josep Llu\u00eds i Facerias forma su grupo guerrillero, con hombres como Guillermo Ganuza Navarro, C\u00e9sar Saborit y Antonio Franquesa. Y es entonces cuando empieza la acci\u00f3n de verdad, inaugurada con un atraco a la Hispano-Olivetti, al que siguieron expropiaciones a joyer\u00edas, bancos (el Vizcaya, el Bilbao, el P\u00e9rez L\u00f3pez, el Banco Espa\u00f1ol de Cr\u00e9dito, etc), meubl\u00e9s de la zona &#8216;noble&#8217; de Barcelona (como \u201cLa Casita Blanca\u201d) y f\u00e1bricas (Autom\u00f3viles Eucort, ICANSA, etc): la mayor parte de los botines era enviada a la CNT en el exilio. Tambi\u00e9n llevaron a cabo ataques frontales a las fuerzas de seguridad, como el tiroteo a la Comisar\u00eda de Gr\u00e0cia en Travessera de Dalt, e intr\u00e9pidas operaciones en la carretera de l&#8217;Arrabassada para apoderarse de documentaci\u00f3n que falsificar. En ocasiones puntuales, formando algo as\u00ed como un All-Star Maquis, nuestro hombre colabor\u00f3 con Quico Sabat\u00e9 (en la colocaci\u00f3n de artefactos en los consulados favorables al ingreso de Espa\u00f1a en la ONU) o con Wenceslao Orive (una expropiaci\u00f3n realizada en el Banco Popular de la calle Embajadores de Madrid, para financiar un atentado contra Francisco Franco que nunca tuvo lugar).<\/p>\n<h3>La delaci\u00f3n: muerte en Nou Barris<\/h3>\n<p>En oto\u00f1o de 1951 tres miembros del grupo de Facerias son detenidos, y el cerco sobre la cabeza de nuestro hombre se estrecha peligrosamente. En el barrio del Carmelo, \u201cFace\u201d consigue escapar tras liquidar a un agente de la pol\u00edtico-social y herir a otros nueve. La polic\u00eda acordon\u00f3 pr\u00e1cticamente todo el barrio en su busca. A principios de 1952, marcha a Francia y seis meses despu\u00e9s, a Italia, donde ser\u00eda uno de los impulsores de los Grupos Anarquistas de Acci\u00f3n Proletaria. En 1953, la CNT en el exilio franc\u00e9s hab\u00eda desautorizado la lucha armada, desautorizando as\u00ed a estos hombres que arriesgaban su integridad por mantener viva la lucha contra el r\u00e9gimen de Franco. A pesar de esta decisi\u00f3n de la organizaci\u00f3n, Facerias decide regresar a Barcelona a preservar la resistencia. En compa\u00f1\u00eda del italiano Goliardo Fiaschi y de Luis Agust\u00edn Vicente, \u201cEl Metralla\u201d, cada cual con su\u00a0 mochila y su bicicleta, parten de Toulouse hacia el Tibidabo: 400 kil\u00f3metros, que se dicen pronto. Despu\u00e9s de este tour anarcociclista, \u201cEl Metralla\u201d es detenido en Sabadell y, dos d\u00edas despu\u00e9s, el 29 de agosto, Fiaschi cae en una emboscada cuando regresaba a la caba\u00f1a del bosque de Sant Medir donde se ocultaban \u00e9l y Facerias.<\/p>\n<p>El 30 de agosto Josep Llu\u00eds i Facerias, sin saber nada de lo ocurrido a sus compa\u00f1eros, acude sobre las 11 de la mana\u00f1a a una cita en el cruce del passeig Pi i Molist, el de Urrutia y el de Verdum, a escasos 200 metros del Instituto Mental de la Santa Creu (proyectado por el Dr. Pi i Molist). La persona con la que hab\u00eda concertado la cita no aparece; en su lugar, desde las ventanas de la colindante calle Nilo, armas autom\u00e1ticas hacen blanco sobre nuestro hombre. Herido en el tobillo, \u201cFace\u201d, el maquis elegante, se desliza hacia un terrapl\u00e9n y antes de tener ni siquiera tiempo a sacar su Walter P-38 9mm especial, nueve disparos terminan con su vida.<\/p>","protected":false},"excerpt":{"rendered":"<p>Cerca de setenta personas asistieron en Nou Barris a la ofrenda floral en memoria de Josep Llu\u00eds i Facerias; en ninguna otra ocasi\u00f3n tanta gente se hab\u00eda dado cita para recordar a Facer\u00edas y su lucha libertaria. Este a\u00f1o la convocatoria la firmaban conjuntamente<\/p>","protected":false},"author":1,"featured_media":31314,"comment_status":"open","ping_status":"open","sticky":false,"template":"","format":"standard","meta":{"footnotes":""},"categories":[4],"tags":[],"class_list":["post-1105","post","type-post","status-publish","format-standard","has-post-thumbnail","hentry","category-cultura"],"yoast_head":"<!-- This site is optimized with the Yoast SEO plugin v27.5 - https:\/\/yoast.com\/product\/yoast-seo-wordpress\/ -->\n<title>Josep Llu\u00eds Facer\u00edas: recuerdo y homenaje - Revista Rambla<\/title>\n<meta name=\"robots\" content=\"index, follow, max-snippet:-1, max-image-preview:large, max-video-preview:-1\" \/>\n<link rel=\"canonical\" href=\"https:\/\/www.revistarambla.com\/en\/josep-lluis-i-facerias-recuerdo-y-homenaje\/\" \/>\n<meta property=\"og:locale\" content=\"en_GB\" \/>\n<meta property=\"og:type\" content=\"article\" \/>\n<meta property=\"og:title\" content=\"Josep Llu\u00eds Facer\u00edas: recuerdo y homenaje - Revista Rambla\" \/>\n<meta property=\"og:description\" content=\"Cerca de setenta personas asistieron en Nou Barris a la ofrenda floral en memoria de Josep Llu\u00eds i Facerias; en ninguna otra ocasi\u00f3n tanta gente se hab\u00eda dado cita para recordar a Facer\u00edas y su lucha libertaria. Este a\u00f1o la convocatoria la firmaban conjuntamente\" \/>\n<meta property=\"og:url\" content=\"https:\/\/www.revistarambla.com\/en\/josep-lluis-i-facerias-recuerdo-y-homenaje\/\" \/>\n<meta property=\"og:site_name\" content=\"Revista Rambla\" \/>\n<meta property=\"article:publisher\" content=\"https:\/\/www.facebook.com\/revistarambla\/\" \/>\n<meta property=\"article:published_time\" content=\"2011-08-31T10:26:53+00:00\" \/>\n<meta property=\"article:modified_time\" content=\"2021-05-02T18:53:46+00:00\" \/>\n<meta property=\"og:image\" content=\"https:\/\/i2.wp.com\/www.revistarambla.com\/wp-content\/uploads\/2011\/08\/Facerias.jpg?fit=620%2C456&ssl=1\" \/>\n\t<meta property=\"og:image:width\" content=\"620\" \/>\n\t<meta property=\"og:image:height\" content=\"456\" \/>\n\t<meta property=\"og:image:type\" content=\"image\/jpeg\" \/>\n<meta name=\"author\" content=\"Jordi Navarro\" \/>\n<meta name=\"twitter:card\" content=\"summary_large_image\" \/>\n<meta name=\"twitter:creator\" content=\"@revistarambla\" \/>\n<meta name=\"twitter:site\" content=\"@revistarambla\" \/>\n<meta name=\"twitter:label1\" content=\"Written by\" \/>\n\t<meta name=\"twitter:data1\" content=\"Jordi Navarro\" \/>\n\t<meta name=\"twitter:label2\" content=\"Estimated reading time\" \/>\n\t<meta name=\"twitter:data2\" content=\"8 minutes\" \/>\n<script type=\"application\/ld+json\" class=\"yoast-schema-graph\">{\"@context\":\"https:\\\/\\\/schema.org\",\"@graph\":[{\"@type\":\"Article\",\"@id\":\"https:\\\/\\\/www.revistarambla.com\\\/josep-lluis-i-facerias-recuerdo-y-homenaje\\\/#article\",\"isPartOf\":{\"@id\":\"https:\\\/\\\/www.revistarambla.com\\\/josep-lluis-i-facerias-recuerdo-y-homenaje\\\/\"},\"author\":{\"name\":\"Jordi Navarro\",\"@id\":\"https:\\\/\\\/www.revistarambla.com\\\/#\\\/schema\\\/person\\\/4a5652fc8c82df1f8593002d038cd79e\"},\"headline\":\"Josep Llu\u00eds Facer\u00edas: recuerdo y homenaje\",\"datePublished\":\"2011-08-31T10:26:53+00:00\",\"dateModified\":\"2021-05-02T18:53:46+00:00\",\"mainEntityOfPage\":{\"@id\":\"https:\\\/\\\/www.revistarambla.com\\\/josep-lluis-i-facerias-recuerdo-y-homenaje\\\/\"},\"wordCount\":1824,\"commentCount\":0,\"publisher\":{\"@id\":\"https:\\\/\\\/www.revistarambla.com\\\/#organization\"},\"image\":{\"@id\":\"https:\\\/\\\/www.revistarambla.com\\\/josep-lluis-i-facerias-recuerdo-y-homenaje\\\/#primaryimage\"},\"thumbnailUrl\":\"https:\\\/\\\/www.revistarambla.com\\\/wp-content\\\/uploads\\\/2011\\\/08\\\/Facerias.jpg\",\"articleSection\":[\"Cultura\"],\"inLanguage\":\"en-GB\",\"potentialAction\":[{\"@type\":\"CommentAction\",\"name\":\"Comment\",\"target\":[\"https:\\\/\\\/www.revistarambla.com\\\/josep-lluis-i-facerias-recuerdo-y-homenaje\\\/#respond\"]}]},{\"@type\":\"WebPage\",\"@id\":\"https:\\\/\\\/www.revistarambla.com\\\/josep-lluis-i-facerias-recuerdo-y-homenaje\\\/\",\"url\":\"https:\\\/\\\/www.revistarambla.com\\\/josep-lluis-i-facerias-recuerdo-y-homenaje\\\/\",\"name\":\"Josep Llu\u00eds Facer\u00edas: recuerdo y homenaje - Revista Rambla\",\"isPartOf\":{\"@id\":\"https:\\\/\\\/www.revistarambla.com\\\/#website\"},\"primaryImageOfPage\":{\"@id\":\"https:\\\/\\\/www.revistarambla.com\\\/josep-lluis-i-facerias-recuerdo-y-homenaje\\\/#primaryimage\"},\"image\":{\"@id\":\"https:\\\/\\\/www.revistarambla.com\\\/josep-lluis-i-facerias-recuerdo-y-homenaje\\\/#primaryimage\"},\"thumbnailUrl\":\"https:\\\/\\\/www.revistarambla.com\\\/wp-content\\\/uploads\\\/2011\\\/08\\\/Facerias.jpg\",\"datePublished\":\"2011-08-31T10:26:53+00:00\",\"dateModified\":\"2021-05-02T18:53:46+00:00\",\"breadcrumb\":{\"@id\":\"https:\\\/\\\/www.revistarambla.com\\\/josep-lluis-i-facerias-recuerdo-y-homenaje\\\/#breadcrumb\"},\"inLanguage\":\"en-GB\",\"potentialAction\":[{\"@type\":\"ReadAction\",\"target\":[\"https:\\\/\\\/www.revistarambla.com\\\/josep-lluis-i-facerias-recuerdo-y-homenaje\\\/\"]}]},{\"@type\":\"ImageObject\",\"inLanguage\":\"en-GB\",\"@id\":\"https:\\\/\\\/www.revistarambla.com\\\/josep-lluis-i-facerias-recuerdo-y-homenaje\\\/#primaryimage\",\"url\":\"https:\\\/\\\/www.revistarambla.com\\\/wp-content\\\/uploads\\\/2011\\\/08\\\/Facerias.jpg\",\"contentUrl\":\"https:\\\/\\\/www.revistarambla.com\\\/wp-content\\\/uploads\\\/2011\\\/08\\\/Facerias.jpg\",\"width\":620,\"height\":456},{\"@type\":\"BreadcrumbList\",\"@id\":\"https:\\\/\\\/www.revistarambla.com\\\/josep-lluis-i-facerias-recuerdo-y-homenaje\\\/#breadcrumb\",\"itemListElement\":[{\"@type\":\"ListItem\",\"position\":1,\"name\":\"Portada\",\"item\":\"https:\\\/\\\/www.revistarambla.com\\\/\"},{\"@type\":\"ListItem\",\"position\":2,\"name\":\"Josep Llu\u00eds Facer\u00edas: recuerdo y homenaje\"}]},{\"@type\":\"WebSite\",\"@id\":\"https:\\\/\\\/www.revistarambla.com\\\/#website\",\"url\":\"https:\\\/\\\/www.revistarambla.com\\\/\",\"name\":\"Revista Rambla Barcelona\",\"description\":\"Periodismo independiente\",\"publisher\":{\"@id\":\"https:\\\/\\\/www.revistarambla.com\\\/#organization\"},\"potentialAction\":[{\"@type\":\"SearchAction\",\"target\":{\"@type\":\"EntryPoint\",\"urlTemplate\":\"https:\\\/\\\/www.revistarambla.com\\\/?s={search_term_string}\"},\"query-input\":{\"@type\":\"PropertyValueSpecification\",\"valueRequired\":true,\"valueName\":\"search_term_string\"}}],\"inLanguage\":\"en-GB\"},{\"@type\":\"Organization\",\"@id\":\"https:\\\/\\\/www.revistarambla.com\\\/#organization\",\"name\":\"Revista Rambla\",\"url\":\"https:\\\/\\\/www.revistarambla.com\\\/\",\"logo\":{\"@type\":\"ImageObject\",\"inLanguage\":\"en-GB\",\"@id\":\"https:\\\/\\\/www.revistarambla.com\\\/#\\\/schema\\\/logo\\\/image\\\/\",\"url\":\"https:\\\/\\\/www.revistarambla.com\\\/wp-content\\\/uploads\\\/2020\\\/09\\\/banner_rambla_1900x600_BB.png\",\"contentUrl\":\"https:\\\/\\\/www.revistarambla.com\\\/wp-content\\\/uploads\\\/2020\\\/09\\\/banner_rambla_1900x600_BB.png\",\"width\":1900,\"height\":600,\"caption\":\"Revista Rambla\"},\"image\":{\"@id\":\"https:\\\/\\\/www.revistarambla.com\\\/#\\\/schema\\\/logo\\\/image\\\/\"},\"sameAs\":[\"https:\\\/\\\/www.facebook.com\\\/revistarambla\\\/\",\"https:\\\/\\\/x.com\\\/revistarambla\",\"https:\\\/\\\/www.instagram.com\\\/revista_rambla\",\"https:\\\/\\\/es.linkedin.com\\\/company\\\/revista-rambla\"]},{\"@type\":\"Person\",\"@id\":\"https:\\\/\\\/www.revistarambla.com\\\/#\\\/schema\\\/person\\\/4a5652fc8c82df1f8593002d038cd79e\",\"name\":\"Jordi Navarro\"}]}<\/script>\n<!-- \/ Yoast SEO plugin. -->","yoast_head_json":{"title":"Josep Llu\u00eds Facer\u00edas: recuerdo y homenaje - Revista Rambla","robots":{"index":"index","follow":"follow","max-snippet":"max-snippet:-1","max-image-preview":"max-image-preview:large","max-video-preview":"max-video-preview:-1"},"canonical":"https:\/\/www.revistarambla.com\/en\/josep-lluis-i-facerias-recuerdo-y-homenaje\/","og_locale":"en_GB","og_type":"article","og_title":"Josep Llu\u00eds Facer\u00edas: recuerdo y homenaje - Revista Rambla","og_description":"Cerca de setenta personas asistieron en Nou Barris a la ofrenda floral en memoria de Josep Llu\u00eds i Facerias; en ninguna otra ocasi\u00f3n tanta gente se hab\u00eda dado cita para recordar a Facer\u00edas y su lucha libertaria. Este a\u00f1o la convocatoria la firmaban conjuntamente","og_url":"https:\/\/www.revistarambla.com\/en\/josep-lluis-i-facerias-recuerdo-y-homenaje\/","og_site_name":"Revista Rambla","article_publisher":"https:\/\/www.facebook.com\/revistarambla\/","article_published_time":"2011-08-31T10:26:53+00:00","article_modified_time":"2021-05-02T18:53:46+00:00","og_image":[{"width":620,"height":456,"url":"https:\/\/i2.wp.com\/www.revistarambla.com\/wp-content\/uploads\/2011\/08\/Facerias.jpg?fit=620%2C456&ssl=1","type":"image\/jpeg"}],"author":"Jordi Navarro","twitter_card":"summary_large_image","twitter_creator":"@revistarambla","twitter_site":"@revistarambla","twitter_misc":{"Written by":"Jordi Navarro","Estimated reading time":"8 minutes"},"schema":{"@context":"https:\/\/schema.org","@graph":[{"@type":"Article","@id":"https:\/\/www.revistarambla.com\/josep-lluis-i-facerias-recuerdo-y-homenaje\/#article","isPartOf":{"@id":"https:\/\/www.revistarambla.com\/josep-lluis-i-facerias-recuerdo-y-homenaje\/"},"author":{"name":"Jordi Navarro","@id":"https:\/\/www.revistarambla.com\/#\/schema\/person\/4a5652fc8c82df1f8593002d038cd79e"},"headline":"Josep Llu\u00eds Facer\u00edas: recuerdo y homenaje","datePublished":"2011-08-31T10:26:53+00:00","dateModified":"2021-05-02T18:53:46+00:00","mainEntityOfPage":{"@id":"https:\/\/www.revistarambla.com\/josep-lluis-i-facerias-recuerdo-y-homenaje\/"},"wordCount":1824,"commentCount":0,"publisher":{"@id":"https:\/\/www.revistarambla.com\/#organization"},"image":{"@id":"https:\/\/www.revistarambla.com\/josep-lluis-i-facerias-recuerdo-y-homenaje\/#primaryimage"},"thumbnailUrl":"https:\/\/www.revistarambla.com\/wp-content\/uploads\/2011\/08\/Facerias.jpg","articleSection":["Cultura"],"inLanguage":"en-GB","potentialAction":[{"@type":"CommentAction","name":"Comment","target":["https:\/\/www.revistarambla.com\/josep-lluis-i-facerias-recuerdo-y-homenaje\/#respond"]}]},{"@type":"WebPage","@id":"https:\/\/www.revistarambla.com\/josep-lluis-i-facerias-recuerdo-y-homenaje\/","url":"https:\/\/www.revistarambla.com\/josep-lluis-i-facerias-recuerdo-y-homenaje\/","name":"Josep Llu\u00eds Facer\u00edas: recuerdo y homenaje - Revista Rambla","isPartOf":{"@id":"https:\/\/www.revistarambla.com\/#website"},"primaryImageOfPage":{"@id":"https:\/\/www.revistarambla.com\/josep-lluis-i-facerias-recuerdo-y-homenaje\/#primaryimage"},"image":{"@id":"https:\/\/www.revistarambla.com\/josep-lluis-i-facerias-recuerdo-y-homenaje\/#primaryimage"},"thumbnailUrl":"https:\/\/www.revistarambla.com\/wp-content\/uploads\/2011\/08\/Facerias.jpg","datePublished":"2011-08-31T10:26:53+00:00","dateModified":"2021-05-02T18:53:46+00:00","breadcrumb":{"@id":"https:\/\/www.revistarambla.com\/josep-lluis-i-facerias-recuerdo-y-homenaje\/#breadcrumb"},"inLanguage":"en-GB","potentialAction":[{"@type":"ReadAction","target":["https:\/\/www.revistarambla.com\/josep-lluis-i-facerias-recuerdo-y-homenaje\/"]}]},{"@type":"ImageObject","inLanguage":"en-GB","@id":"https:\/\/www.revistarambla.com\/josep-lluis-i-facerias-recuerdo-y-homenaje\/#primaryimage","url":"https:\/\/www.revistarambla.com\/wp-content\/uploads\/2011\/08\/Facerias.jpg","contentUrl":"https:\/\/www.revistarambla.com\/wp-content\/uploads\/2011\/08\/Facerias.jpg","width":620,"height":456},{"@type":"BreadcrumbList","@id":"https:\/\/www.revistarambla.com\/josep-lluis-i-facerias-recuerdo-y-homenaje\/#breadcrumb","itemListElement":[{"@type":"ListItem","position":1,"name":"Portada","item":"https:\/\/www.revistarambla.com\/"},{"@type":"ListItem","position":2,"name":"Josep Llu\u00eds Facer\u00edas: recuerdo y homenaje"}]},{"@type":"WebSite","@id":"https:\/\/www.revistarambla.com\/#website","url":"https:\/\/www.revistarambla.com\/","name":"Revista Rambla Barcelona","description":"Periodismo independiente","publisher":{"@id":"https:\/\/www.revistarambla.com\/#organization"},"potentialAction":[{"@type":"SearchAction","target":{"@type":"EntryPoint","urlTemplate":"https:\/\/www.revistarambla.com\/?s={search_term_string}"},"query-input":{"@type":"PropertyValueSpecification","valueRequired":true,"valueName":"search_term_string"}}],"inLanguage":"en-GB"},{"@type":"Organization","@id":"https:\/\/www.revistarambla.com\/#organization","name":"Revista Rambla","url":"https:\/\/www.revistarambla.com\/","logo":{"@type":"ImageObject","inLanguage":"en-GB","@id":"https:\/\/www.revistarambla.com\/#\/schema\/logo\/image\/","url":"https:\/\/www.revistarambla.com\/wp-content\/uploads\/2020\/09\/banner_rambla_1900x600_BB.png","contentUrl":"https:\/\/www.revistarambla.com\/wp-content\/uploads\/2020\/09\/banner_rambla_1900x600_BB.png","width":1900,"height":600,"caption":"Revista Rambla"},"image":{"@id":"https:\/\/www.revistarambla.com\/#\/schema\/logo\/image\/"},"sameAs":["https:\/\/www.facebook.com\/revistarambla\/","https:\/\/x.com\/revistarambla","https:\/\/www.instagram.com\/revista_rambla","https:\/\/es.linkedin.com\/company\/revista-rambla"]},{"@type":"Person","@id":"https:\/\/www.revistarambla.com\/#\/schema\/person\/4a5652fc8c82df1f8593002d038cd79e","name":"Jordi Navarro"}]}},"_links":{"self":[{"href":"https:\/\/www.revistarambla.com\/en\/wp-json\/wp\/v2\/posts\/1105","targetHints":{"allow":["GET"]}}],"collection":[{"href":"https:\/\/www.revistarambla.com\/en\/wp-json\/wp\/v2\/posts"}],"about":[{"href":"https:\/\/www.revistarambla.com\/en\/wp-json\/wp\/v2\/types\/post"}],"author":[{"embeddable":true,"href":"https:\/\/www.revistarambla.com\/en\/wp-json\/wp\/v2\/users\/1"}],"replies":[{"embeddable":true,"href":"https:\/\/www.revistarambla.com\/en\/wp-json\/wp\/v2\/comments?post=1105"}],"version-history":[{"count":0,"href":"https:\/\/www.revistarambla.com\/en\/wp-json\/wp\/v2\/posts\/1105\/revisions"}],"wp:featuredmedia":[{"embeddable":true,"href":"https:\/\/www.revistarambla.com\/en\/wp-json\/wp\/v2\/media\/31314"}],"wp:attachment":[{"href":"https:\/\/www.revistarambla.com\/en\/wp-json\/wp\/v2\/media?parent=1105"}],"wp:term":[{"taxonomy":"category","embeddable":true,"href":"https:\/\/www.revistarambla.com\/en\/wp-json\/wp\/v2\/categories?post=1105"},{"taxonomy":"post_tag","embeddable":true,"href":"https:\/\/www.revistarambla.com\/en\/wp-json\/wp\/v2\/tags?post=1105"}],"curies":[{"name":"wp","href":"https:\/\/api.w.org\/{rel}","templated":true}]}}