{"id":11019,"date":"2016-12-16T05:19:10","date_gmt":"2016-12-16T03:19:10","guid":{"rendered":"https:\/\/www.revistarambla.com\/?p=11019"},"modified":"2021-04-06T13:30:51","modified_gmt":"2021-04-06T11:30:51","slug":"camil-ros-ganaremos-en-la-calle-y-cuando-toque-en-las-urnas","status":"publish","type":"post","link":"https:\/\/www.revistarambla.com\/en\/camil-ros-ganaremos-en-la-calle-y-cuando-toque-en-las-urnas\/","title":{"rendered":"Camil Ros: \u2018\u2019Ganaremos en la calle y cuando toque, en las urnas\u2019\u2019"},"content":{"rendered":"<p style=\"text-align: left;\">Manifestaciones por todo el pa\u00eds. Voces al alza, pasos firmes, contundentes. Gritos y protestas. Un objetivo: ser o\u00eddo. Para CCOO ser o\u00eddo es un s\u00edmbolo, una obligaci\u00f3n, una necesidad. Ser o\u00eddo, escuchado, atendido, convencido. Ser o\u00eddo es s\u00edmbolo de avance, continuidad. Ser o\u00eddo es una forma de progreso.<\/p>\n<p style=\"text-align: left;\"><img decoding=\"async\" class=\"aligncenter size-full wp-image-11021\" src=\"https:\/\/www.revistarambla.com\/wp-content\/uploads\/2016\/12\/ccoo-02.jpg\" alt=\"ccoo-02\" width=\"1134\" height=\"711\" srcset=\"https:\/\/www.revistarambla.com\/wp-content\/uploads\/2016\/12\/ccoo-02.jpg 1134w, https:\/\/www.revistarambla.com\/wp-content\/uploads\/2016\/12\/ccoo-02-300x188.jpg 300w, https:\/\/www.revistarambla.com\/wp-content\/uploads\/2016\/12\/ccoo-02-768x482.jpg 768w, https:\/\/www.revistarambla.com\/wp-content\/uploads\/2016\/12\/ccoo-02-1024x642.jpg 1024w, https:\/\/www.revistarambla.com\/wp-content\/uploads\/2016\/12\/ccoo-02-500x313.jpg 500w\" sizes=\"(max-width: 1134px) 100vw, 1134px\" \/><\/p>\n<p style=\"text-align: left;\">Ante la atenta mirada de un Gobierno de derechas, de un Gobierno del PP. El pueblo se alza, se manifiesta ante unas medidas que no las han aprobado, que no les benefician. Se alzan contra quienes les quieren quitar sus derechos. Hoy el pueblo se revela. \u2018\u2019Hoy empieza una bola de nieve\u2019\u2019 como dec\u00eda Joan Carles Gallego antes de salir a la calle y empezar con la protesta. Le esperaba la primera de muchas manifestaciones y solo importaba el objetivo. Hoy: ocupaci\u00f3n, salarios y pensiones.<\/p>\n<p style=\"text-align: left;\">La hora ha llegado, se tiene que empezar con buen pie y reconocer los errores, reconocer que parec\u00eda que estuvi\u00e9ramos muertos, que no nos hemos hecho o\u00edr lo suficiente, es hora de volver a empezar y gritar que seguimos aqu\u00ed y que vamos a ganar. Esta vez la batalla era para recuperar los derechos de quienes han trabajado para levantar el pa\u00eds, nuestros jubilados. Es d\u00eda de que la sociedad se levante con ilusi\u00f3n, que las s\u00e1banas no se les peguen a quienes cada d\u00eda hacen un poco para que el pa\u00eds vuelva a vivir, que los trabajadores vayan al trabajo con unas condiciones m\u00ednimas, b\u00e1sicas; que se derrogue la reforma laboral y devuelvan las condiciones de trabajo. Porque una ocupaci\u00f3n digna es poder vivir de tu trabajo, que no haya empleo sumergido, pero sobretodo, es poder decir que trabajas.<\/p>\n<p style=\"text-align: left;\">Los sindicatos son necesarios para ello y, por eso, CCOO (Comisiones Obreras) y UGT (Uni\u00f3n General de Trabajadores) han organizado una manifestaci\u00f3n conjunta para reivindicar las pensiones, como dec\u00eda Antonia Pascual, secretaria socioecon\u00f3mica de CCOO, \u2018\u2019El problema de las pensiones no es la sostenibilidad, es la gesti\u00f3n\u2019\u2019 La gesti\u00f3n de un gobierno que no vela por el bienestar econ\u00f3mico de los mayores.<\/p>\n<p style=\"text-align: left;\">Aunque las pensiones sean un punto importante sobre el que reivindicar, no son el \u00fanico para este d\u00eda, Pensiones compartir\u00e1 escenario con Ocupaci\u00f3n y Salarios. Tres temas tan diferentes y tan unidos. Unidos por la reforma laboral de la anterior legislatura, en el Gobierno de Mariano Rajoy.<\/p>\n<p style=\"text-align: left;\">A trav\u00e9s de \u2018\u2019la gran movilizaci\u00f3n a nivel estatal\u2019\u2019 como dec\u00eda en la rueda de prensa Joan Carles Gallego, secretario general de UGT, se volver\u00e1 a hacer ruido, a molestar, \u2018\u2019ganaremos en la calle y cuando toque en las urnas\u2019\u2019. A \u00e9sta, la que empieza solo unos momentos m\u00e1s tarde, han asistido entidades como Miquel Iceta, del PSC (Partit dels Socialistes de Catalunya) o Ana Figueres de JxS (Junts pel s\u00ed) como dec\u00eda Joan Carles Gallego, secretario general de CCOO.<\/p>\n<p style=\"text-align: left;\">\u2018\u2019Nos han bloqueado la negociaci\u00f3n colectiva con la reforma laboral\u2019\u2019 sentenciaba con una voz grave y segura Montse Romero. El gobierno ha quitado la negociaci\u00f3n colectiva, durante los \u00faltimos a\u00f1os han intentado callar a la gente, callar a la poblaci\u00f3n, que no reclamen sus derechos y que lo acepten que eso no es lo que les beneficia. Han intentado quitar la \u00fanica forma ciudadana de reclamar derechos: los sindicatos. Pero ahora es hora de salir a la calle y luchar por un salario digno, donde tener 2 o 3 trabajos no sea una realidad, donde las condiciones laborales mejoren a\u00f1o a a\u00f1o y no empeoren legislatura a legislatura, donde exista una jornada laboral digna y no de 2 o 3 horas para generar multiempleo.<\/p>\n<p style=\"text-align: left;\">Esa es la fuerza a la que se enfrenta el gobierno, la fuerza de la gente que sale a la calle d\u00eda tras d\u00eda y que lucha por los derechos y por los que lucharon por conseguirlos, sus padres, sus abuelos. Es gente fuerte que no permitir\u00e1 que nadie les intimide. Que nadie les quite lo que ha costado sudor y esfuerzo conseguir. Porque es necesario seguir avanzando y lo hay que demostrar.<\/p>\n<p style=\"text-align: left;\">Este era el ambiente fuerte, seguro, reivindicativo que se palpaba en una sala de prensa abarrotada, donde las palabras se un\u00edan para crear fuerza, para llegar a la manifestaci\u00f3n convencidos de que la lucha sin descanso ganar\u00eda, de que los objetivos eran claros y era hora de hacerse notar. Hacerse notar con paso firme y velar por aquello en lo que se cree.<\/p>","protected":false},"excerpt":{"rendered":"<p>Manifestaciones por todo el pa\u00eds. Voces al alza, pasos firmes, contundentes. Gritos y protestas. Un objetivo: ser o\u00eddo. Para CCOO ser o\u00eddo es un s\u00edmbolo, una obligaci\u00f3n, una necesidad. Ser o\u00eddo, escuchado, atendido, convencido. Ser o\u00eddo es s\u00edmbolo de avance, continuidad. Ser o\u00eddo es una forma de progreso. Ante la [&hellip;]<\/p>\n","protected":false},"author":3,"featured_media":11020,"comment_status":"open","ping_status":"open","sticky":false,"template":"","format":"standard","meta":{"footnotes":""},"categories":[3,59],"tags":[],"class_list":["post-11019","post","type-post","status-publish","format-standard","has-post-thumbnail","hentry","category-actualidad","category-catalunya"],"yoast_head":"<!-- This site is optimized with the Yoast SEO plugin v27.5 - https:\/\/yoast.com\/product\/yoast-seo-wordpress\/ -->\n<title>Camil Ros: \u2018\u2019Ganaremos en la calle y cuando toque, en las urnas\u2019\u2019 - Revista Rambla<\/title>\n<meta name=\"robots\" content=\"index, follow, max-snippet:-1, max-image-preview:large, max-video-preview:-1\" \/>\n<link rel=\"canonical\" href=\"https:\/\/www.revistarambla.com\/en\/camil-ros-ganaremos-en-la-calle-y-cuando-toque-en-las-urnas\/\" \/>\n<meta property=\"og:locale\" content=\"en_GB\" \/>\n<meta property=\"og:type\" content=\"article\" \/>\n<meta property=\"og:title\" content=\"Camil Ros: \u2018\u2019Ganaremos en la calle y cuando toque, en las urnas\u2019\u2019 - Revista Rambla\" \/>\n<meta property=\"og:description\" content=\"Manifestaciones por todo el pa\u00eds. Voces al alza, pasos firmes, contundentes. Gritos y protestas. Un objetivo: ser o\u00eddo. Para CCOO ser o\u00eddo es un s\u00edmbolo, una obligaci\u00f3n, una necesidad. Ser o\u00eddo, escuchado, atendido, convencido. Ser o\u00eddo es s\u00edmbolo de avance, continuidad. Ser o\u00eddo es una forma de progreso. Ante la [&hellip;]\" \/>\n<meta property=\"og:url\" content=\"https:\/\/www.revistarambla.com\/en\/camil-ros-ganaremos-en-la-calle-y-cuando-toque-en-las-urnas\/\" \/>\n<meta property=\"og:site_name\" content=\"Revista Rambla\" \/>\n<meta property=\"article:publisher\" content=\"https:\/\/www.facebook.com\/revistarambla\/\" \/>\n<meta property=\"article:author\" content=\"https:\/\/www.facebook.com\/revistarambla\" \/>\n<meta property=\"article:published_time\" content=\"2016-12-16T03:19:10+00:00\" \/>\n<meta property=\"article:modified_time\" content=\"2021-04-06T11:30:51+00:00\" \/>\n<meta property=\"og:image\" content=\"https:\/\/i0.wp.com\/www.revistarambla.com\/wp-content\/uploads\/2016\/12\/ccoo-01.jpg?fit=992%2C634&ssl=1\" \/>\n\t<meta property=\"og:image:width\" content=\"992\" \/>\n\t<meta property=\"og:image:height\" content=\"634\" \/>\n\t<meta property=\"og:image:type\" content=\"image\/jpeg\" \/>\n<meta name=\"author\" content=\"Sara Pons\" \/>\n<meta name=\"twitter:card\" content=\"summary_large_image\" \/>\n<meta name=\"twitter:creator\" content=\"@revistarambla\" \/>\n<meta name=\"twitter:site\" content=\"@revistarambla\" \/>\n<meta name=\"twitter:label1\" content=\"Written by\" \/>\n\t<meta name=\"twitter:data1\" content=\"Sara Pons\" \/>\n\t<meta name=\"twitter:label2\" content=\"Estimated reading time\" \/>\n\t<meta name=\"twitter:data2\" content=\"4 minutes\" \/>\n<script type=\"application\/ld+json\" class=\"yoast-schema-graph\">{\"@context\":\"https:\\\/\\\/schema.org\",\"@graph\":[{\"@type\":\"Article\",\"@id\":\"https:\\\/\\\/www.revistarambla.com\\\/camil-ros-ganaremos-en-la-calle-y-cuando-toque-en-las-urnas\\\/#article\",\"isPartOf\":{\"@id\":\"https:\\\/\\\/www.revistarambla.com\\\/camil-ros-ganaremos-en-la-calle-y-cuando-toque-en-las-urnas\\\/\"},\"author\":{\"name\":\"Sara Pons\",\"@id\":\"https:\\\/\\\/www.revistarambla.com\\\/#\\\/schema\\\/person\\\/a146a5a2550b94981a75131180e1bd9c\"},\"headline\":\"Camil Ros: \u2018\u2019Ganaremos en la calle y cuando toque, en las urnas\u2019\u2019\",\"datePublished\":\"2016-12-16T03:19:10+00:00\",\"dateModified\":\"2021-04-06T11:30:51+00:00\",\"mainEntityOfPage\":{\"@id\":\"https:\\\/\\\/www.revistarambla.com\\\/camil-ros-ganaremos-en-la-calle-y-cuando-toque-en-las-urnas\\\/\"},\"wordCount\":778,\"commentCount\":0,\"publisher\":{\"@id\":\"https:\\\/\\\/www.revistarambla.com\\\/#organization\"},\"image\":{\"@id\":\"https:\\\/\\\/www.revistarambla.com\\\/camil-ros-ganaremos-en-la-calle-y-cuando-toque-en-las-urnas\\\/#primaryimage\"},\"thumbnailUrl\":\"https:\\\/\\\/www.revistarambla.com\\\/wp-content\\\/uploads\\\/2016\\\/12\\\/ccoo-01.jpg\",\"articleSection\":[\"Actualidad\",\"Catalunya\"],\"inLanguage\":\"en-GB\",\"potentialAction\":[{\"@type\":\"CommentAction\",\"name\":\"Comment\",\"target\":[\"https:\\\/\\\/www.revistarambla.com\\\/camil-ros-ganaremos-en-la-calle-y-cuando-toque-en-las-urnas\\\/#respond\"]}]},{\"@type\":\"WebPage\",\"@id\":\"https:\\\/\\\/www.revistarambla.com\\\/camil-ros-ganaremos-en-la-calle-y-cuando-toque-en-las-urnas\\\/\",\"url\":\"https:\\\/\\\/www.revistarambla.com\\\/camil-ros-ganaremos-en-la-calle-y-cuando-toque-en-las-urnas\\\/\",\"name\":\"Camil Ros: \u2018\u2019Ganaremos en la calle y cuando toque, en las urnas\u2019\u2019 - Revista Rambla\",\"isPartOf\":{\"@id\":\"https:\\\/\\\/www.revistarambla.com\\\/#website\"},\"primaryImageOfPage\":{\"@id\":\"https:\\\/\\\/www.revistarambla.com\\\/camil-ros-ganaremos-en-la-calle-y-cuando-toque-en-las-urnas\\\/#primaryimage\"},\"image\":{\"@id\":\"https:\\\/\\\/www.revistarambla.com\\\/camil-ros-ganaremos-en-la-calle-y-cuando-toque-en-las-urnas\\\/#primaryimage\"},\"thumbnailUrl\":\"https:\\\/\\\/www.revistarambla.com\\\/wp-content\\\/uploads\\\/2016\\\/12\\\/ccoo-01.jpg\",\"datePublished\":\"2016-12-16T03:19:10+00:00\",\"dateModified\":\"2021-04-06T11:30:51+00:00\",\"breadcrumb\":{\"@id\":\"https:\\\/\\\/www.revistarambla.com\\\/camil-ros-ganaremos-en-la-calle-y-cuando-toque-en-las-urnas\\\/#breadcrumb\"},\"inLanguage\":\"en-GB\",\"potentialAction\":[{\"@type\":\"ReadAction\",\"target\":[\"https:\\\/\\\/www.revistarambla.com\\\/camil-ros-ganaremos-en-la-calle-y-cuando-toque-en-las-urnas\\\/\"]}]},{\"@type\":\"ImageObject\",\"inLanguage\":\"en-GB\",\"@id\":\"https:\\\/\\\/www.revistarambla.com\\\/camil-ros-ganaremos-en-la-calle-y-cuando-toque-en-las-urnas\\\/#primaryimage\",\"url\":\"https:\\\/\\\/www.revistarambla.com\\\/wp-content\\\/uploads\\\/2016\\\/12\\\/ccoo-01.jpg\",\"contentUrl\":\"https:\\\/\\\/www.revistarambla.com\\\/wp-content\\\/uploads\\\/2016\\\/12\\\/ccoo-01.jpg\",\"width\":992,\"height\":634},{\"@type\":\"BreadcrumbList\",\"@id\":\"https:\\\/\\\/www.revistarambla.com\\\/camil-ros-ganaremos-en-la-calle-y-cuando-toque-en-las-urnas\\\/#breadcrumb\",\"itemListElement\":[{\"@type\":\"ListItem\",\"position\":1,\"name\":\"Portada\",\"item\":\"https:\\\/\\\/www.revistarambla.com\\\/\"},{\"@type\":\"ListItem\",\"position\":2,\"name\":\"Camil Ros: \u2018\u2019Ganaremos en la calle y cuando toque, en las urnas\u2019\u2019\"}]},{\"@type\":\"WebSite\",\"@id\":\"https:\\\/\\\/www.revistarambla.com\\\/#website\",\"url\":\"https:\\\/\\\/www.revistarambla.com\\\/\",\"name\":\"Revista Rambla Barcelona\",\"description\":\"Periodismo independiente\",\"publisher\":{\"@id\":\"https:\\\/\\\/www.revistarambla.com\\\/#organization\"},\"potentialAction\":[{\"@type\":\"SearchAction\",\"target\":{\"@type\":\"EntryPoint\",\"urlTemplate\":\"https:\\\/\\\/www.revistarambla.com\\\/?s={search_term_string}\"},\"query-input\":{\"@type\":\"PropertyValueSpecification\",\"valueRequired\":true,\"valueName\":\"search_term_string\"}}],\"inLanguage\":\"en-GB\"},{\"@type\":\"Organization\",\"@id\":\"https:\\\/\\\/www.revistarambla.com\\\/#organization\",\"name\":\"Revista Rambla\",\"url\":\"https:\\\/\\\/www.revistarambla.com\\\/\",\"logo\":{\"@type\":\"ImageObject\",\"inLanguage\":\"en-GB\",\"@id\":\"https:\\\/\\\/www.revistarambla.com\\\/#\\\/schema\\\/logo\\\/image\\\/\",\"url\":\"https:\\\/\\\/www.revistarambla.com\\\/wp-content\\\/uploads\\\/2020\\\/09\\\/banner_rambla_1900x600_BB.png\",\"contentUrl\":\"https:\\\/\\\/www.revistarambla.com\\\/wp-content\\\/uploads\\\/2020\\\/09\\\/banner_rambla_1900x600_BB.png\",\"width\":1900,\"height\":600,\"caption\":\"Revista Rambla\"},\"image\":{\"@id\":\"https:\\\/\\\/www.revistarambla.com\\\/#\\\/schema\\\/logo\\\/image\\\/\"},\"sameAs\":[\"https:\\\/\\\/www.facebook.com\\\/revistarambla\\\/\",\"https:\\\/\\\/x.com\\\/revistarambla\",\"https:\\\/\\\/www.instagram.com\\\/revista_rambla\",\"https:\\\/\\\/es.linkedin.com\\\/company\\\/revista-rambla\"]},{\"@type\":\"Person\",\"@id\":\"https:\\\/\\\/www.revistarambla.com\\\/#\\\/schema\\\/person\\\/a146a5a2550b94981a75131180e1bd9c\",\"name\":\"Sara Pons\",\"sameAs\":[\"https:\\\/\\\/www.facebook.com\\\/revistarambla\",\"https:\\\/\\\/x.com\\\/revistarambla\"]}]}<\/script>\n<!-- \/ Yoast SEO plugin. -->","yoast_head_json":{"title":"Camil Ros: \u2018\u2019Ganaremos en la calle y cuando toque, en las urnas\u2019\u2019 - Revista Rambla","robots":{"index":"index","follow":"follow","max-snippet":"max-snippet:-1","max-image-preview":"max-image-preview:large","max-video-preview":"max-video-preview:-1"},"canonical":"https:\/\/www.revistarambla.com\/en\/camil-ros-ganaremos-en-la-calle-y-cuando-toque-en-las-urnas\/","og_locale":"en_GB","og_type":"article","og_title":"Camil Ros: \u2018\u2019Ganaremos en la calle y cuando toque, en las urnas\u2019\u2019 - Revista Rambla","og_description":"Manifestaciones por todo el pa\u00eds. Voces al alza, pasos firmes, contundentes. Gritos y protestas. Un objetivo: ser o\u00eddo. Para CCOO ser o\u00eddo es un s\u00edmbolo, una obligaci\u00f3n, una necesidad. Ser o\u00eddo, escuchado, atendido, convencido. Ser o\u00eddo es s\u00edmbolo de avance, continuidad. Ser o\u00eddo es una forma de progreso. Ante la [&hellip;]","og_url":"https:\/\/www.revistarambla.com\/en\/camil-ros-ganaremos-en-la-calle-y-cuando-toque-en-las-urnas\/","og_site_name":"Revista Rambla","article_publisher":"https:\/\/www.facebook.com\/revistarambla\/","article_author":"https:\/\/www.facebook.com\/revistarambla","article_published_time":"2016-12-16T03:19:10+00:00","article_modified_time":"2021-04-06T11:30:51+00:00","og_image":[{"width":992,"height":634,"url":"https:\/\/i0.wp.com\/www.revistarambla.com\/wp-content\/uploads\/2016\/12\/ccoo-01.jpg?fit=992%2C634&ssl=1","type":"image\/jpeg"}],"author":"Sara Pons","twitter_card":"summary_large_image","twitter_creator":"@revistarambla","twitter_site":"@revistarambla","twitter_misc":{"Written by":"Sara Pons","Estimated reading time":"4 minutes"},"schema":{"@context":"https:\/\/schema.org","@graph":[{"@type":"Article","@id":"https:\/\/www.revistarambla.com\/camil-ros-ganaremos-en-la-calle-y-cuando-toque-en-las-urnas\/#article","isPartOf":{"@id":"https:\/\/www.revistarambla.com\/camil-ros-ganaremos-en-la-calle-y-cuando-toque-en-las-urnas\/"},"author":{"name":"Sara Pons","@id":"https:\/\/www.revistarambla.com\/#\/schema\/person\/a146a5a2550b94981a75131180e1bd9c"},"headline":"Camil Ros: \u2018\u2019Ganaremos en la calle y cuando toque, en las urnas\u2019\u2019","datePublished":"2016-12-16T03:19:10+00:00","dateModified":"2021-04-06T11:30:51+00:00","mainEntityOfPage":{"@id":"https:\/\/www.revistarambla.com\/camil-ros-ganaremos-en-la-calle-y-cuando-toque-en-las-urnas\/"},"wordCount":778,"commentCount":0,"publisher":{"@id":"https:\/\/www.revistarambla.com\/#organization"},"image":{"@id":"https:\/\/www.revistarambla.com\/camil-ros-ganaremos-en-la-calle-y-cuando-toque-en-las-urnas\/#primaryimage"},"thumbnailUrl":"https:\/\/www.revistarambla.com\/wp-content\/uploads\/2016\/12\/ccoo-01.jpg","articleSection":["Actualidad","Catalunya"],"inLanguage":"en-GB","potentialAction":[{"@type":"CommentAction","name":"Comment","target":["https:\/\/www.revistarambla.com\/camil-ros-ganaremos-en-la-calle-y-cuando-toque-en-las-urnas\/#respond"]}]},{"@type":"WebPage","@id":"https:\/\/www.revistarambla.com\/camil-ros-ganaremos-en-la-calle-y-cuando-toque-en-las-urnas\/","url":"https:\/\/www.revistarambla.com\/camil-ros-ganaremos-en-la-calle-y-cuando-toque-en-las-urnas\/","name":"Camil Ros: \u2018\u2019Ganaremos en la calle y cuando toque, en las urnas\u2019\u2019 - Revista Rambla","isPartOf":{"@id":"https:\/\/www.revistarambla.com\/#website"},"primaryImageOfPage":{"@id":"https:\/\/www.revistarambla.com\/camil-ros-ganaremos-en-la-calle-y-cuando-toque-en-las-urnas\/#primaryimage"},"image":{"@id":"https:\/\/www.revistarambla.com\/camil-ros-ganaremos-en-la-calle-y-cuando-toque-en-las-urnas\/#primaryimage"},"thumbnailUrl":"https:\/\/www.revistarambla.com\/wp-content\/uploads\/2016\/12\/ccoo-01.jpg","datePublished":"2016-12-16T03:19:10+00:00","dateModified":"2021-04-06T11:30:51+00:00","breadcrumb":{"@id":"https:\/\/www.revistarambla.com\/camil-ros-ganaremos-en-la-calle-y-cuando-toque-en-las-urnas\/#breadcrumb"},"inLanguage":"en-GB","potentialAction":[{"@type":"ReadAction","target":["https:\/\/www.revistarambla.com\/camil-ros-ganaremos-en-la-calle-y-cuando-toque-en-las-urnas\/"]}]},{"@type":"ImageObject","inLanguage":"en-GB","@id":"https:\/\/www.revistarambla.com\/camil-ros-ganaremos-en-la-calle-y-cuando-toque-en-las-urnas\/#primaryimage","url":"https:\/\/www.revistarambla.com\/wp-content\/uploads\/2016\/12\/ccoo-01.jpg","contentUrl":"https:\/\/www.revistarambla.com\/wp-content\/uploads\/2016\/12\/ccoo-01.jpg","width":992,"height":634},{"@type":"BreadcrumbList","@id":"https:\/\/www.revistarambla.com\/camil-ros-ganaremos-en-la-calle-y-cuando-toque-en-las-urnas\/#breadcrumb","itemListElement":[{"@type":"ListItem","position":1,"name":"Portada","item":"https:\/\/www.revistarambla.com\/"},{"@type":"ListItem","position":2,"name":"Camil Ros: \u2018\u2019Ganaremos en la calle y cuando toque, en las urnas\u2019\u2019"}]},{"@type":"WebSite","@id":"https:\/\/www.revistarambla.com\/#website","url":"https:\/\/www.revistarambla.com\/","name":"Revista Rambla Barcelona","description":"Periodismo independiente","publisher":{"@id":"https:\/\/www.revistarambla.com\/#organization"},"potentialAction":[{"@type":"SearchAction","target":{"@type":"EntryPoint","urlTemplate":"https:\/\/www.revistarambla.com\/?s={search_term_string}"},"query-input":{"@type":"PropertyValueSpecification","valueRequired":true,"valueName":"search_term_string"}}],"inLanguage":"en-GB"},{"@type":"Organization","@id":"https:\/\/www.revistarambla.com\/#organization","name":"Revista Rambla","url":"https:\/\/www.revistarambla.com\/","logo":{"@type":"ImageObject","inLanguage":"en-GB","@id":"https:\/\/www.revistarambla.com\/#\/schema\/logo\/image\/","url":"https:\/\/www.revistarambla.com\/wp-content\/uploads\/2020\/09\/banner_rambla_1900x600_BB.png","contentUrl":"https:\/\/www.revistarambla.com\/wp-content\/uploads\/2020\/09\/banner_rambla_1900x600_BB.png","width":1900,"height":600,"caption":"Revista Rambla"},"image":{"@id":"https:\/\/www.revistarambla.com\/#\/schema\/logo\/image\/"},"sameAs":["https:\/\/www.facebook.com\/revistarambla\/","https:\/\/x.com\/revistarambla","https:\/\/www.instagram.com\/revista_rambla","https:\/\/es.linkedin.com\/company\/revista-rambla"]},{"@type":"Person","@id":"https:\/\/www.revistarambla.com\/#\/schema\/person\/a146a5a2550b94981a75131180e1bd9c","name":"Sara Pons","sameAs":["https:\/\/www.facebook.com\/revistarambla","https:\/\/x.com\/revistarambla"]}]}},"_links":{"self":[{"href":"https:\/\/www.revistarambla.com\/en\/wp-json\/wp\/v2\/posts\/11019","targetHints":{"allow":["GET"]}}],"collection":[{"href":"https:\/\/www.revistarambla.com\/en\/wp-json\/wp\/v2\/posts"}],"about":[{"href":"https:\/\/www.revistarambla.com\/en\/wp-json\/wp\/v2\/types\/post"}],"author":[{"embeddable":true,"href":"https:\/\/www.revistarambla.com\/en\/wp-json\/wp\/v2\/users\/3"}],"replies":[{"embeddable":true,"href":"https:\/\/www.revistarambla.com\/en\/wp-json\/wp\/v2\/comments?post=11019"}],"version-history":[{"count":0,"href":"https:\/\/www.revistarambla.com\/en\/wp-json\/wp\/v2\/posts\/11019\/revisions"}],"wp:featuredmedia":[{"embeddable":true,"href":"https:\/\/www.revistarambla.com\/en\/wp-json\/wp\/v2\/media\/11020"}],"wp:attachment":[{"href":"https:\/\/www.revistarambla.com\/en\/wp-json\/wp\/v2\/media?parent=11019"}],"wp:term":[{"taxonomy":"category","embeddable":true,"href":"https:\/\/www.revistarambla.com\/en\/wp-json\/wp\/v2\/categories?post=11019"},{"taxonomy":"post_tag","embeddable":true,"href":"https:\/\/www.revistarambla.com\/en\/wp-json\/wp\/v2\/tags?post=11019"}],"curies":[{"name":"wp","href":"https:\/\/api.w.org\/{rel}","templated":true}]}}