{"id":11014,"date":"2016-12-15T23:19:53","date_gmt":"2016-12-15T21:19:53","guid":{"rendered":"https:\/\/www.revistarambla.com\/?p=11014"},"modified":"2021-04-06T13:32:27","modified_gmt":"2021-04-06T11:32:27","slug":"si-la-presidenta-del-parlament-es-juzgada-con-ella-se-estara-juzgando-todo-un-pueblo","status":"publish","type":"post","link":"https:\/\/www.revistarambla.com\/en\/si-la-presidenta-del-parlament-es-juzgada-con-ella-se-estara-juzgando-todo-un-pueblo\/","title":{"rendered":"\u00abSi la presidenta del Parlament es juzgada, con ella se estar\u00e1 juzgando todo un pueblo\u00bb"},"content":{"rendered":"<p style=\"text-align: left;\">La plaza Sant Jaume, coraz\u00f3n pol\u00edtico de Catalu\u00f1a y de Barcelona, estaba rebosante durante el acto de apoyo que las entidades y los partidos soberanistas han hecho a las ocho de la tarde en apoyo a la presidenta del Parlament de Cataluya, que ma\u00f1ana declara ante el Tribunal Superior de Justicia de Cataluya (TSJC).<\/p>\n<p style=\"text-align: left;\">Se le imputa un presunto delito de desobediencia y prevaricaci\u00f3n por haber permitido que los parlamentarios votaran el 27 de julio las conclusiones de la comisi\u00f3n de estudio del proceso constituyente.<\/p>\n<p style=\"text-align: left;\"><img decoding=\"async\" class=\"aligncenter size-full wp-image-11016\" src=\"https:\/\/www.revistarambla.com\/wp-content\/uploads\/2016\/12\/forcadell-02.jpg\" alt=\"forcadell-02\" width=\"1134\" height=\"437\" srcset=\"https:\/\/www.revistarambla.com\/wp-content\/uploads\/2016\/12\/forcadell-02.jpg 1134w, https:\/\/www.revistarambla.com\/wp-content\/uploads\/2016\/12\/forcadell-02-300x116.jpg 300w, https:\/\/www.revistarambla.com\/wp-content\/uploads\/2016\/12\/forcadell-02-768x296.jpg 768w, https:\/\/www.revistarambla.com\/wp-content\/uploads\/2016\/12\/forcadell-02-1024x395.jpg 1024w, https:\/\/www.revistarambla.com\/wp-content\/uploads\/2016\/12\/forcadell-02-500x193.jpg 500w\" sizes=\"(max-width: 1134px) 100vw, 1134px\" \/><\/p>\n<p style=\"text-align: left;\">En todo el pa\u00eds se ha repetido la escena de Barcelona. Las asociaciones c\u00edvicas han llamado al pueblo de Cataluya a concentrarse ante los respectivos ayuntamientos y leer un manifiesto (que adjuntamos con esta noticia) com\u00fan impulsado por el ANC, \u00d2mnium Cultural, la AMI y la Asociaci\u00f3n Catalana de Municipios.<\/p>\n<p style=\"text-align: left;\">Ada Colau, ha encabezado la protesta en la capital catalana, donde tambi\u00e9n participan numerosos cargos electos, representantes de partidos, entidades sociales y sindicatos.<\/p>\n<p style=\"text-align: left;\">Colau tambi\u00e9n ha sido la encargada de leer el manifiesto, el cual apela a la declaraci\u00f3n de soberan\u00eda del Parlamento del 23 de enero de 2013, cuando se proclam\u00f3 que el \u00abel pueblo de Cataluya tiene, por razones de legitimidad democr\u00e1tica, car\u00e1cter de sujeto pol\u00edtico y soberano \u00ab. El texto exige a Espa\u00f1a que \u00abdeje de comprometer los tribunales en una tarea que, en democracia, les es impropia\u00bb y le insta a \u00ababandonar para siempre la judicializaci\u00f3n\u00bb.<\/p>\n<p style=\"text-align: left;\">\u00abSi la presidenta del Parlamento es juzgada, con ella se estar\u00e1 juzgando todo un pueblo\u00bb, expres\u00f3 Colau durante la lectura del manifiesto. La alcaldesa tambi\u00e9n ha hablado del refer\u00e9ndum como herramienta de consenso para abordar debates de futuro y ha clamado contra \u00ablos que piden di\u00e1logo pero mantienen la judicializaci\u00f3n\u00bb. \u00abTodos con la presidenta del Parlament, Carme Forcadell\u00bb, concluy\u00f3.<\/p>\n<p style=\"text-align: left;\">A la concentraci\u00f3n no han faltado los presidentes de las entidades soberanistas, ANC, Jordi S\u00e0nchez, y \u00d2mnium Cultural, Jordi Cuixart. Entre los representantes del Gobierno ha asistido el vicepresidente, Oriol Junqueras y consejero de Empresa y Trabajo, Jordi Baiget y Dolores Bassa. A su lado, numerosos cargos electos y representantes de partidos soberanistas favorables al derecho a decidir, como Xavier Trias y Jordi Turull (PDECat), Eul\u00e0lia Reguant y Mireia Boya (CUP), Marta Ribas (ICV), Albano Dante hecho (Podemos), David Companyon (EUiA) y Antoni Castell\u00e0 (Dem\u00f3cratas). Tambi\u00e9n han participado los secretarios generales de los sndicats CCOO y UGT, Joan Carles Gallego y Camil Ros. Todos ellos han subido al escenario entre grandes aplausos y gritos de \u00abindependencia\u00bb y \u00abunidad\u00bb.<\/p>\n<p style=\"text-align: left;\">El mensaje del manifiesto apoya Forcadell pero tambi\u00e9n a todos los cargos electos perseguidos por la justicia espa\u00f1ola por su papel en el proceso de independencia. \u00abExpresamos nuestro apoyo a todos los cargos electos e institucionales que est\u00e1n amenazados por la Fiscal\u00eda General y la Abogac\u00eda del Estado, en m\u00e1s de 400 expedientes judiciales, por haber ejercido leg\u00edtimamente las funciones de representaci\u00f3n del pueblo que las urnas les conferir \u00ab, clama el texto, que tambi\u00e9n invita al Estado a\u00bb respetar \u00abel debate sobre la relaci\u00f3n entre Cataluya-Espa\u00f1a y\u00bb participar \u00ab.<\/p>\n<p style=\"text-align: left;\">En declaraciones tras la concentraci\u00f3n, Cuixart ha celebrado que el \u00abpueblo de Catalu\u00f1a\u00bb haya salido a manifestarse \u00aben apoyo a la democracia y las instituciones, frente a una situaci\u00f3n del todo antidemocr\u00e1tica\u00bb y pidi\u00f3 \u00abserenidad\u00bb en la ciudadan\u00eda, \u00abunidad\u00bb a los partidos y \u00ablealtad\u00bb a todas las fuerzas pol\u00edticas en el Parlamento.<\/p>\n<p style=\"text-align: left;\">\u00abEl Estado ha actuado como el rey que va desnudo del vestido de democracia\u00bb, ha criticado S\u00e1nchez, recordando que, al mismo tiempo que se juzga a Forcadell, se archiva la querella contra Fern\u00e1ndez D\u00edaz y el ex director de Antifraude. El presidente del ANC ha dejado claro que con concentraciones como las de hoy Cataluya ha dicho \u00abbasta\u00bb, y ha hecho un llamamiento a la unidad, con la que -dijo- \u00abeste pa\u00eds es imparable\u00bb. \u00abGanaremos la batalla de la democracia como ganaremos la batalla de la libertad\u00bb, concluy\u00f3.<\/p>\n<p><img decoding=\"async\" class=\"size-full wp-image-11017 alignleft\" src=\"https:\/\/www.revistarambla.com\/wp-content\/uploads\/2016\/12\/forcadell-03.jpg\" alt=\"forcadell-03\" width=\"1087\" height=\"539\" srcset=\"https:\/\/www.revistarambla.com\/wp-content\/uploads\/2016\/12\/forcadell-03.jpg 1087w, https:\/\/www.revistarambla.com\/wp-content\/uploads\/2016\/12\/forcadell-03-300x149.jpg 300w, https:\/\/www.revistarambla.com\/wp-content\/uploads\/2016\/12\/forcadell-03-768x381.jpg 768w, https:\/\/www.revistarambla.com\/wp-content\/uploads\/2016\/12\/forcadell-03-1024x508.jpg 1024w, https:\/\/www.revistarambla.com\/wp-content\/uploads\/2016\/12\/forcadell-03-500x248.jpg 500w\" sizes=\"(max-width: 1087px) 100vw, 1087px\" \/><\/p>","protected":false},"excerpt":{"rendered":"<p>La plaza Sant Jaume, coraz\u00f3n pol\u00edtico de Catalu\u00f1a y de Barcelona, estaba rebosante durante el acto de apoyo que las entidades y los partidos soberanistas han hecho a las ocho de la tarde en apoyo a la presidenta del Parlament de Cataluya, que ma\u00f1ana declara ante el Tribunal Superior de [&hellip;]<\/p>\n","protected":false},"author":3,"featured_media":11015,"comment_status":"open","ping_status":"open","sticky":false,"template":"","format":"standard","meta":{"footnotes":""},"categories":[3,59],"tags":[],"class_list":["post-11014","post","type-post","status-publish","format-standard","has-post-thumbnail","hentry","category-actualidad","category-catalunya"],"yoast_head":"<!-- This site is optimized with the Yoast SEO plugin v27.5 - https:\/\/yoast.com\/product\/yoast-seo-wordpress\/ -->\n<title>&quot;Si la presidenta del Parlament es juzgada, con ella se estar\u00e1 juzgando todo un pueblo&quot; - Revista Rambla<\/title>\n<meta name=\"robots\" content=\"index, follow, max-snippet:-1, max-image-preview:large, max-video-preview:-1\" \/>\n<link rel=\"canonical\" href=\"https:\/\/www.revistarambla.com\/en\/si-la-presidenta-del-parlament-es-juzgada-con-ella-se-estara-juzgando-todo-un-pueblo\/\" \/>\n<meta property=\"og:locale\" content=\"en_GB\" \/>\n<meta property=\"og:type\" content=\"article\" \/>\n<meta property=\"og:title\" content=\"&quot;Si la presidenta del Parlament es juzgada, con ella se estar\u00e1 juzgando todo un pueblo&quot; - Revista Rambla\" \/>\n<meta property=\"og:description\" content=\"La plaza Sant Jaume, coraz\u00f3n pol\u00edtico de Catalu\u00f1a y de Barcelona, estaba rebosante durante el acto de apoyo que las entidades y los partidos soberanistas han hecho a las ocho de la tarde en apoyo a la presidenta del Parlament de Cataluya, que ma\u00f1ana declara ante el Tribunal Superior de [&hellip;]\" \/>\n<meta property=\"og:url\" content=\"https:\/\/www.revistarambla.com\/en\/si-la-presidenta-del-parlament-es-juzgada-con-ella-se-estara-juzgando-todo-un-pueblo\/\" \/>\n<meta property=\"og:site_name\" content=\"Revista Rambla\" \/>\n<meta property=\"article:publisher\" content=\"https:\/\/www.facebook.com\/revistarambla\/\" \/>\n<meta property=\"article:author\" content=\"https:\/\/www.facebook.com\/revistarambla\" \/>\n<meta property=\"article:published_time\" content=\"2016-12-15T21:19:53+00:00\" \/>\n<meta property=\"article:modified_time\" content=\"2021-04-06T11:32:27+00:00\" \/>\n<meta property=\"og:image\" content=\"https:\/\/i2.wp.com\/www.revistarambla.com\/wp-content\/uploads\/2016\/12\/forcadell-01.jpg?fit=1087%2C635&ssl=1\" \/>\n\t<meta property=\"og:image:width\" content=\"1087\" \/>\n\t<meta property=\"og:image:height\" content=\"635\" \/>\n\t<meta property=\"og:image:type\" content=\"image\/jpeg\" \/>\n<meta name=\"author\" content=\"R@mbla\" \/>\n<meta name=\"twitter:card\" content=\"summary_large_image\" \/>\n<meta name=\"twitter:creator\" content=\"@revistarambla\" \/>\n<meta name=\"twitter:site\" content=\"@revistarambla\" \/>\n<meta name=\"twitter:label1\" content=\"Written by\" \/>\n\t<meta name=\"twitter:data1\" content=\"R@mbla\" \/>\n\t<meta name=\"twitter:label2\" content=\"Estimated reading time\" \/>\n\t<meta name=\"twitter:data2\" content=\"4 minutes\" \/>\n<script type=\"application\/ld+json\" class=\"yoast-schema-graph\">{\"@context\":\"https:\\\/\\\/schema.org\",\"@graph\":[{\"@type\":\"Article\",\"@id\":\"https:\\\/\\\/www.revistarambla.com\\\/si-la-presidenta-del-parlament-es-juzgada-con-ella-se-estara-juzgando-todo-un-pueblo\\\/#article\",\"isPartOf\":{\"@id\":\"https:\\\/\\\/www.revistarambla.com\\\/si-la-presidenta-del-parlament-es-juzgada-con-ella-se-estara-juzgando-todo-un-pueblo\\\/\"},\"author\":{\"name\":\"R@mbla\",\"@id\":\"https:\\\/\\\/www.revistarambla.com\\\/#\\\/schema\\\/person\\\/a146a5a2550b94981a75131180e1bd9c\"},\"headline\":\"\u00abSi la presidenta del Parlament es juzgada, con ella se estar\u00e1 juzgando todo un pueblo\u00bb\",\"datePublished\":\"2016-12-15T21:19:53+00:00\",\"dateModified\":\"2021-04-06T11:32:27+00:00\",\"mainEntityOfPage\":{\"@id\":\"https:\\\/\\\/www.revistarambla.com\\\/si-la-presidenta-del-parlament-es-juzgada-con-ella-se-estara-juzgando-todo-un-pueblo\\\/\"},\"wordCount\":699,\"commentCount\":0,\"publisher\":{\"@id\":\"https:\\\/\\\/www.revistarambla.com\\\/#organization\"},\"image\":{\"@id\":\"https:\\\/\\\/www.revistarambla.com\\\/si-la-presidenta-del-parlament-es-juzgada-con-ella-se-estara-juzgando-todo-un-pueblo\\\/#primaryimage\"},\"thumbnailUrl\":\"https:\\\/\\\/www.revistarambla.com\\\/wp-content\\\/uploads\\\/2016\\\/12\\\/forcadell-01.jpg\",\"articleSection\":[\"Actualidad\",\"Catalunya\"],\"inLanguage\":\"en-GB\",\"potentialAction\":[{\"@type\":\"CommentAction\",\"name\":\"Comment\",\"target\":[\"https:\\\/\\\/www.revistarambla.com\\\/si-la-presidenta-del-parlament-es-juzgada-con-ella-se-estara-juzgando-todo-un-pueblo\\\/#respond\"]}]},{\"@type\":\"WebPage\",\"@id\":\"https:\\\/\\\/www.revistarambla.com\\\/si-la-presidenta-del-parlament-es-juzgada-con-ella-se-estara-juzgando-todo-un-pueblo\\\/\",\"url\":\"https:\\\/\\\/www.revistarambla.com\\\/si-la-presidenta-del-parlament-es-juzgada-con-ella-se-estara-juzgando-todo-un-pueblo\\\/\",\"name\":\"\\\"Si la presidenta del Parlament es juzgada, con ella se estar\u00e1 juzgando todo un pueblo\\\" - Revista Rambla\",\"isPartOf\":{\"@id\":\"https:\\\/\\\/www.revistarambla.com\\\/#website\"},\"primaryImageOfPage\":{\"@id\":\"https:\\\/\\\/www.revistarambla.com\\\/si-la-presidenta-del-parlament-es-juzgada-con-ella-se-estara-juzgando-todo-un-pueblo\\\/#primaryimage\"},\"image\":{\"@id\":\"https:\\\/\\\/www.revistarambla.com\\\/si-la-presidenta-del-parlament-es-juzgada-con-ella-se-estara-juzgando-todo-un-pueblo\\\/#primaryimage\"},\"thumbnailUrl\":\"https:\\\/\\\/www.revistarambla.com\\\/wp-content\\\/uploads\\\/2016\\\/12\\\/forcadell-01.jpg\",\"datePublished\":\"2016-12-15T21:19:53+00:00\",\"dateModified\":\"2021-04-06T11:32:27+00:00\",\"breadcrumb\":{\"@id\":\"https:\\\/\\\/www.revistarambla.com\\\/si-la-presidenta-del-parlament-es-juzgada-con-ella-se-estara-juzgando-todo-un-pueblo\\\/#breadcrumb\"},\"inLanguage\":\"en-GB\",\"potentialAction\":[{\"@type\":\"ReadAction\",\"target\":[\"https:\\\/\\\/www.revistarambla.com\\\/si-la-presidenta-del-parlament-es-juzgada-con-ella-se-estara-juzgando-todo-un-pueblo\\\/\"]}]},{\"@type\":\"ImageObject\",\"inLanguage\":\"en-GB\",\"@id\":\"https:\\\/\\\/www.revistarambla.com\\\/si-la-presidenta-del-parlament-es-juzgada-con-ella-se-estara-juzgando-todo-un-pueblo\\\/#primaryimage\",\"url\":\"https:\\\/\\\/www.revistarambla.com\\\/wp-content\\\/uploads\\\/2016\\\/12\\\/forcadell-01.jpg\",\"contentUrl\":\"https:\\\/\\\/www.revistarambla.com\\\/wp-content\\\/uploads\\\/2016\\\/12\\\/forcadell-01.jpg\",\"width\":1087,\"height\":635},{\"@type\":\"BreadcrumbList\",\"@id\":\"https:\\\/\\\/www.revistarambla.com\\\/si-la-presidenta-del-parlament-es-juzgada-con-ella-se-estara-juzgando-todo-un-pueblo\\\/#breadcrumb\",\"itemListElement\":[{\"@type\":\"ListItem\",\"position\":1,\"name\":\"Portada\",\"item\":\"https:\\\/\\\/www.revistarambla.com\\\/\"},{\"@type\":\"ListItem\",\"position\":2,\"name\":\"\u00abSi la presidenta del Parlament es juzgada, con ella se estar\u00e1 juzgando todo un pueblo\u00bb\"}]},{\"@type\":\"WebSite\",\"@id\":\"https:\\\/\\\/www.revistarambla.com\\\/#website\",\"url\":\"https:\\\/\\\/www.revistarambla.com\\\/\",\"name\":\"Revista Rambla Barcelona\",\"description\":\"Periodismo independiente\",\"publisher\":{\"@id\":\"https:\\\/\\\/www.revistarambla.com\\\/#organization\"},\"potentialAction\":[{\"@type\":\"SearchAction\",\"target\":{\"@type\":\"EntryPoint\",\"urlTemplate\":\"https:\\\/\\\/www.revistarambla.com\\\/?s={search_term_string}\"},\"query-input\":{\"@type\":\"PropertyValueSpecification\",\"valueRequired\":true,\"valueName\":\"search_term_string\"}}],\"inLanguage\":\"en-GB\"},{\"@type\":\"Organization\",\"@id\":\"https:\\\/\\\/www.revistarambla.com\\\/#organization\",\"name\":\"Revista Rambla\",\"url\":\"https:\\\/\\\/www.revistarambla.com\\\/\",\"logo\":{\"@type\":\"ImageObject\",\"inLanguage\":\"en-GB\",\"@id\":\"https:\\\/\\\/www.revistarambla.com\\\/#\\\/schema\\\/logo\\\/image\\\/\",\"url\":\"https:\\\/\\\/www.revistarambla.com\\\/wp-content\\\/uploads\\\/2020\\\/09\\\/banner_rambla_1900x600_BB.png\",\"contentUrl\":\"https:\\\/\\\/www.revistarambla.com\\\/wp-content\\\/uploads\\\/2020\\\/09\\\/banner_rambla_1900x600_BB.png\",\"width\":1900,\"height\":600,\"caption\":\"Revista Rambla\"},\"image\":{\"@id\":\"https:\\\/\\\/www.revistarambla.com\\\/#\\\/schema\\\/logo\\\/image\\\/\"},\"sameAs\":[\"https:\\\/\\\/www.facebook.com\\\/revistarambla\\\/\",\"https:\\\/\\\/x.com\\\/revistarambla\",\"https:\\\/\\\/www.instagram.com\\\/revista_rambla\",\"https:\\\/\\\/es.linkedin.com\\\/company\\\/revista-rambla\"]},{\"@type\":\"Person\",\"@id\":\"https:\\\/\\\/www.revistarambla.com\\\/#\\\/schema\\\/person\\\/a146a5a2550b94981a75131180e1bd9c\",\"name\":\"R@mbla\",\"description\":\"Este art\u00edculo ha sido redactado y\\\/o validado por el equipo de redacci\u00f3n de Revista Rambla.\",\"sameAs\":[\"https:\\\/\\\/www.revistarambla.com\\\/\",\"https:\\\/\\\/www.facebook.com\\\/revistarambla\",\"https:\\\/\\\/x.com\\\/revistarambla\"]}]}<\/script>\n<!-- \/ Yoast SEO plugin. -->","yoast_head_json":{"title":"\"Si la presidenta del Parlament es juzgada, con ella se estar\u00e1 juzgando todo un pueblo\" - Revista Rambla","robots":{"index":"index","follow":"follow","max-snippet":"max-snippet:-1","max-image-preview":"max-image-preview:large","max-video-preview":"max-video-preview:-1"},"canonical":"https:\/\/www.revistarambla.com\/en\/si-la-presidenta-del-parlament-es-juzgada-con-ella-se-estara-juzgando-todo-un-pueblo\/","og_locale":"en_GB","og_type":"article","og_title":"\"Si la presidenta del Parlament es juzgada, con ella se estar\u00e1 juzgando todo un pueblo\" - Revista Rambla","og_description":"La plaza Sant Jaume, coraz\u00f3n pol\u00edtico de Catalu\u00f1a y de Barcelona, estaba rebosante durante el acto de apoyo que las entidades y los partidos soberanistas han hecho a las ocho de la tarde en apoyo a la presidenta del Parlament de Cataluya, que ma\u00f1ana declara ante el Tribunal Superior de [&hellip;]","og_url":"https:\/\/www.revistarambla.com\/en\/si-la-presidenta-del-parlament-es-juzgada-con-ella-se-estara-juzgando-todo-un-pueblo\/","og_site_name":"Revista Rambla","article_publisher":"https:\/\/www.facebook.com\/revistarambla\/","article_author":"https:\/\/www.facebook.com\/revistarambla","article_published_time":"2016-12-15T21:19:53+00:00","article_modified_time":"2021-04-06T11:32:27+00:00","og_image":[{"width":1087,"height":635,"url":"https:\/\/i2.wp.com\/www.revistarambla.com\/wp-content\/uploads\/2016\/12\/forcadell-01.jpg?fit=1087%2C635&ssl=1","type":"image\/jpeg"}],"author":"R@mbla","twitter_card":"summary_large_image","twitter_creator":"@revistarambla","twitter_site":"@revistarambla","twitter_misc":{"Written by":"R@mbla","Estimated reading time":"4 minutes"},"schema":{"@context":"https:\/\/schema.org","@graph":[{"@type":"Article","@id":"https:\/\/www.revistarambla.com\/si-la-presidenta-del-parlament-es-juzgada-con-ella-se-estara-juzgando-todo-un-pueblo\/#article","isPartOf":{"@id":"https:\/\/www.revistarambla.com\/si-la-presidenta-del-parlament-es-juzgada-con-ella-se-estara-juzgando-todo-un-pueblo\/"},"author":{"name":"R@mbla","@id":"https:\/\/www.revistarambla.com\/#\/schema\/person\/a146a5a2550b94981a75131180e1bd9c"},"headline":"\u00abSi la presidenta del Parlament es juzgada, con ella se estar\u00e1 juzgando todo un pueblo\u00bb","datePublished":"2016-12-15T21:19:53+00:00","dateModified":"2021-04-06T11:32:27+00:00","mainEntityOfPage":{"@id":"https:\/\/www.revistarambla.com\/si-la-presidenta-del-parlament-es-juzgada-con-ella-se-estara-juzgando-todo-un-pueblo\/"},"wordCount":699,"commentCount":0,"publisher":{"@id":"https:\/\/www.revistarambla.com\/#organization"},"image":{"@id":"https:\/\/www.revistarambla.com\/si-la-presidenta-del-parlament-es-juzgada-con-ella-se-estara-juzgando-todo-un-pueblo\/#primaryimage"},"thumbnailUrl":"https:\/\/www.revistarambla.com\/wp-content\/uploads\/2016\/12\/forcadell-01.jpg","articleSection":["Actualidad","Catalunya"],"inLanguage":"en-GB","potentialAction":[{"@type":"CommentAction","name":"Comment","target":["https:\/\/www.revistarambla.com\/si-la-presidenta-del-parlament-es-juzgada-con-ella-se-estara-juzgando-todo-un-pueblo\/#respond"]}]},{"@type":"WebPage","@id":"https:\/\/www.revistarambla.com\/si-la-presidenta-del-parlament-es-juzgada-con-ella-se-estara-juzgando-todo-un-pueblo\/","url":"https:\/\/www.revistarambla.com\/si-la-presidenta-del-parlament-es-juzgada-con-ella-se-estara-juzgando-todo-un-pueblo\/","name":"\"Si la presidenta del Parlament es juzgada, con ella se estar\u00e1 juzgando todo un pueblo\" - Revista Rambla","isPartOf":{"@id":"https:\/\/www.revistarambla.com\/#website"},"primaryImageOfPage":{"@id":"https:\/\/www.revistarambla.com\/si-la-presidenta-del-parlament-es-juzgada-con-ella-se-estara-juzgando-todo-un-pueblo\/#primaryimage"},"image":{"@id":"https:\/\/www.revistarambla.com\/si-la-presidenta-del-parlament-es-juzgada-con-ella-se-estara-juzgando-todo-un-pueblo\/#primaryimage"},"thumbnailUrl":"https:\/\/www.revistarambla.com\/wp-content\/uploads\/2016\/12\/forcadell-01.jpg","datePublished":"2016-12-15T21:19:53+00:00","dateModified":"2021-04-06T11:32:27+00:00","breadcrumb":{"@id":"https:\/\/www.revistarambla.com\/si-la-presidenta-del-parlament-es-juzgada-con-ella-se-estara-juzgando-todo-un-pueblo\/#breadcrumb"},"inLanguage":"en-GB","potentialAction":[{"@type":"ReadAction","target":["https:\/\/www.revistarambla.com\/si-la-presidenta-del-parlament-es-juzgada-con-ella-se-estara-juzgando-todo-un-pueblo\/"]}]},{"@type":"ImageObject","inLanguage":"en-GB","@id":"https:\/\/www.revistarambla.com\/si-la-presidenta-del-parlament-es-juzgada-con-ella-se-estara-juzgando-todo-un-pueblo\/#primaryimage","url":"https:\/\/www.revistarambla.com\/wp-content\/uploads\/2016\/12\/forcadell-01.jpg","contentUrl":"https:\/\/www.revistarambla.com\/wp-content\/uploads\/2016\/12\/forcadell-01.jpg","width":1087,"height":635},{"@type":"BreadcrumbList","@id":"https:\/\/www.revistarambla.com\/si-la-presidenta-del-parlament-es-juzgada-con-ella-se-estara-juzgando-todo-un-pueblo\/#breadcrumb","itemListElement":[{"@type":"ListItem","position":1,"name":"Portada","item":"https:\/\/www.revistarambla.com\/"},{"@type":"ListItem","position":2,"name":"\u00abSi la presidenta del Parlament es juzgada, con ella se estar\u00e1 juzgando todo un pueblo\u00bb"}]},{"@type":"WebSite","@id":"https:\/\/www.revistarambla.com\/#website","url":"https:\/\/www.revistarambla.com\/","name":"Revista Rambla Barcelona","description":"Periodismo independiente","publisher":{"@id":"https:\/\/www.revistarambla.com\/#organization"},"potentialAction":[{"@type":"SearchAction","target":{"@type":"EntryPoint","urlTemplate":"https:\/\/www.revistarambla.com\/?s={search_term_string}"},"query-input":{"@type":"PropertyValueSpecification","valueRequired":true,"valueName":"search_term_string"}}],"inLanguage":"en-GB"},{"@type":"Organization","@id":"https:\/\/www.revistarambla.com\/#organization","name":"Revista Rambla","url":"https:\/\/www.revistarambla.com\/","logo":{"@type":"ImageObject","inLanguage":"en-GB","@id":"https:\/\/www.revistarambla.com\/#\/schema\/logo\/image\/","url":"https:\/\/www.revistarambla.com\/wp-content\/uploads\/2020\/09\/banner_rambla_1900x600_BB.png","contentUrl":"https:\/\/www.revistarambla.com\/wp-content\/uploads\/2020\/09\/banner_rambla_1900x600_BB.png","width":1900,"height":600,"caption":"Revista Rambla"},"image":{"@id":"https:\/\/www.revistarambla.com\/#\/schema\/logo\/image\/"},"sameAs":["https:\/\/www.facebook.com\/revistarambla\/","https:\/\/x.com\/revistarambla","https:\/\/www.instagram.com\/revista_rambla","https:\/\/es.linkedin.com\/company\/revista-rambla"]},{"@type":"Person","@id":"https:\/\/www.revistarambla.com\/#\/schema\/person\/a146a5a2550b94981a75131180e1bd9c","name":"R@mbla","description":"Este art\u00edculo ha sido redactado y\/o validado por el equipo de redacci\u00f3n de Revista Rambla.","sameAs":["https:\/\/www.revistarambla.com\/","https:\/\/www.facebook.com\/revistarambla","https:\/\/x.com\/revistarambla"]}]}},"_links":{"self":[{"href":"https:\/\/www.revistarambla.com\/en\/wp-json\/wp\/v2\/posts\/11014","targetHints":{"allow":["GET"]}}],"collection":[{"href":"https:\/\/www.revistarambla.com\/en\/wp-json\/wp\/v2\/posts"}],"about":[{"href":"https:\/\/www.revistarambla.com\/en\/wp-json\/wp\/v2\/types\/post"}],"author":[{"embeddable":true,"href":"https:\/\/www.revistarambla.com\/en\/wp-json\/wp\/v2\/users\/3"}],"replies":[{"embeddable":true,"href":"https:\/\/www.revistarambla.com\/en\/wp-json\/wp\/v2\/comments?post=11014"}],"version-history":[{"count":0,"href":"https:\/\/www.revistarambla.com\/en\/wp-json\/wp\/v2\/posts\/11014\/revisions"}],"wp:featuredmedia":[{"embeddable":true,"href":"https:\/\/www.revistarambla.com\/en\/wp-json\/wp\/v2\/media\/11015"}],"wp:attachment":[{"href":"https:\/\/www.revistarambla.com\/en\/wp-json\/wp\/v2\/media?parent=11014"}],"wp:term":[{"taxonomy":"category","embeddable":true,"href":"https:\/\/www.revistarambla.com\/en\/wp-json\/wp\/v2\/categories?post=11014"},{"taxonomy":"post_tag","embeddable":true,"href":"https:\/\/www.revistarambla.com\/en\/wp-json\/wp\/v2\/tags?post=11014"}],"curies":[{"name":"wp","href":"https:\/\/api.w.org\/{rel}","templated":true}]}}