{"id":1101,"date":"2011-08-24T10:29:20","date_gmt":"2011-08-24T10:29:20","guid":{"rendered":"https:\/\/www.revistarambla.com\/antes-de-la-entrega-de-premios\/"},"modified":"2021-05-02T20:43:51","modified_gmt":"2021-05-02T18:43:51","slug":"antes-de-la-entrega-de-premios","status":"publish","type":"post","link":"https:\/\/www.revistarambla.com\/en\/antes-de-la-entrega-de-premios\/","title":{"rendered":"Antes de la entrega de premios"},"content":{"rendered":"<p>La calle Valladolid, con su recreaci\u00f3n del \u201cNautilus\u201d de Julio Verne, ha sido la que se ha coronado como primer premio de la Festa Major de Sants, en un concurso en el que este a\u00f1o han participado catorce calles. La <em><strong><a href=\"https:\/\/www.revistarambla.com\/en\/\">Revista Rambla<\/a><\/strong><\/em> habla con Josep Rafel -miembro de la Federaci\u00f3 d&#8217;Associacions i Comissions de Carrers de la Festa Major de Sants- junto con el jurado encargado de decidir los galardones.<\/p>\n<p><img decoding=\"async\" class=\"aligncenter wp-image-31307 size-full\" src=\"https:\/\/www.revistarambla.com\/wp-content\/uploads\/2011\/08\/780_008_4394512_4fbd8e1629489889da491a406c3ef24d.jpg\" alt=\"\" width=\"1000\" height=\"563\" srcset=\"https:\/\/www.revistarambla.com\/wp-content\/uploads\/2011\/08\/780_008_4394512_4fbd8e1629489889da491a406c3ef24d.jpg 1000w, https:\/\/www.revistarambla.com\/wp-content\/uploads\/2011\/08\/780_008_4394512_4fbd8e1629489889da491a406c3ef24d-300x169.jpg 300w, https:\/\/www.revistarambla.com\/wp-content\/uploads\/2011\/08\/780_008_4394512_4fbd8e1629489889da491a406c3ef24d-768x432.jpg 768w\" sizes=\"(max-width: 1000px) 100vw, 1000px\" \/><\/p>\n<p>Por primera vez, el jurado encargado de premiar las mejores calles ornamentadas de la <a href=\"http:\/\/www.festamajordesants.net\/\">Festa Major de Sants<\/a> ha estado formado por personas que no son vecinas de Sants. Excepto el secretario, el periodista\u00a0 Albert Torras, \u201cque sienta acta, y tiene voz pero no voto\u201d, apunta Josep Rafel, que ha ejercido de gu\u00eda del jurado a lo largo de las catorce calles concursantes. La idea de &#8216;importar&#8217; el jurado allende las fronteras de Sants persegu\u00eda un criterio fundamental: que las personas encargadas de decidir sobre la val\u00eda de las ornamentaciones no se encontraran contaminadas con prejuicios adquiridos; en las palabras de Josep Rafel: \u201cquer\u00edamos evitar el compadreo\u201d. El otro criterio es que dispusieran de conocimientos especializados en lo referente a decoraci\u00f3n, dise\u00f1o, o bien en aspectos de car\u00e1cter m\u00e1s sociales y participativos. Bajo estas premisas, los miembros encargados de decidir este a\u00f1o el concurso de la Festa Major de Sants han sido N\u00faria Garrido y Maria Bola\u00f1os, estudiantes de Bau Escuela Superior de Dise\u00f1o; Marta Herrera, estudiante de Eina Escola de Disseny i Art; Evelio G\u00f3mez, profesor de dise\u00f1o; Jordi Morell, miembro de la Federaci\u00f3 d&#8217;Entitats del Clot i Camp de l&#8217;Arpa; y Miquel \u00c0ngel Arag\u00f3n, del Consell d&#8217;Associacions de Barcelona (CAB). Ante tal composici\u00f3n del jurado, pareciera que un tercer criterio hubiera estado presente: el de la llamada paridad entre hombres y mujeres. \u201cNo ha sido algo buscado\u201d, sentencia Josep Rafel.<\/p>\n<p>A las tres j\u00f3venes estudiantes les gustar\u00eda repetir experiencia. \u201cEs la fiesta transformada en arte\u201d, resuelve Maria Bola\u00f1os, vecina del Poble Nou. Cada miembro del tribunal portaba consigo una ficha sobre los aspectos que deb\u00eda puntuar de cada calle engalanada: la idea creativa, la portalada, la iluminaci\u00f3n -si bien este fue un punto menor-, la cubierta, el material (tanto si era reciclado, como reutilizado; es decir, si se hab\u00eda aprovechado material de otras participaciones anteriores), etc. Al paso del jurado por cada calle, esperaba un portavoz encargado de explicar a los miembros la idea de la tem\u00e1tica y el trabajo realizado; es decir, de &#8216;vender&#8217; el producto. A la pregunta sobre qu\u00e9 discurso les hab\u00eda impactado m\u00e1s, las tres estudiantes consens\u00faan r\u00e1pidamente: el de Amadeu, un joven de 21 a\u00f1os, de la calle Valladolid, donde adem\u00e1s de portavoz es el presidente de la comisi\u00f3n de calle. \u201cNo s\u00e9, se le vio que lo viv\u00eda mucho, por c\u00f3mo lo explic\u00f3&#8230;\u201d. \u00bfAs\u00ed que la calle Valladolid debe ser favorita? Silencio en el jurado.<\/p>\n<p>\u201cTambi\u00e9n es importante que hayan participado los vecinos, la gente joven, la m\u00e1s mayor\u201d, a\u00f1ade Miquel \u00c0ngel Arag\u00f3n, del CAB. Tambi\u00e9n apunta, en relaci\u00f3n a los portavoces de cada calle, c\u00f3mo algunas personas hablan de un trabajo colectivo y otras parecen individualizarlo -quiz\u00e1 sin poner la menor intenci\u00f3n-, bien apropi\u00e1ndoselo, bien releg\u00e1ndolo a los m\u00e9ritos de otra persona. Jordi Morell, de la Federaci\u00f3 d&#8217;Entitats del Clot i Camp de l&#8217;Arpa, cuestionado sobre las diferencias entre la organizaci\u00f3n de las fiestas en, por ejemplo, el Clot y las de Sants, valora como un hecho clave que las fiestas en el Clot son impulsadas a trav\u00e9s de entidades mientras que -sin dejar de ser entidades- en Sants cada calle cuenta con una comisi\u00f3n de fiestas. \u00bfVentajas e inconvenientes? Seg\u00fan Morell, a quien se nota que le interesa esta cuesti\u00f3n, las fiestas impulsadas a trav\u00e9s de entidades tienen una posici\u00f3n m\u00e1s d\u00e9bil en las negociaciones con el Ayuntamiento (y frente las quejas de los propios vecinos) que la comisi\u00f3n de fiestas de una calle, si bien una entidad -en principio- contar\u00e1 con una transversalidad que le har\u00e1 m\u00e1s representativa de un barrio. En todo caso, Morell comparte que \u201cme gusta estar aqu\u00ed, porque as\u00ed puedo aprender sobre c\u00f3mo organizan las fiestas en Sants\u201d. Sin duda, una buena escuela.<\/p>\n<h3>Catorce premiados pero un solo ganador<\/h3>\n<p>Una &#8216;colla&#8217; sardanista danzaba frente la fachada exterior de la Casa del Mig, en el Parc de l&#8217;Espanya Industrial, al tiempo que en la otra fachada, la m\u00e1s pr\u00f3xima al parque, las sillas preparadas para el evento de la entrega de premios se iban ocupando, en gran n\u00famero, por ancianas y ancianos. Las pe\u00f1as de las calles concursantes se distribu\u00edan alrededor de esta zona de asiento, cantando y dotando -sin aparente esfuerzo- a tan insigne momento de la chanza y el cachondeo popular. El acto cont\u00f3 con el bronceado julioiglesias de Alberto Fern\u00e1ndez D\u00edaz, presidente del Grupo Municipal del Partido Popular de Catalunya, y con el estilo casual sport del ex alcalde Barcelona, Jordi Hereu, que luc\u00eda polo azul y pantal\u00f3n (casi) sobaquero. Las chanzas y las bromas populares, la gresca, de las pe\u00f1as no iban dirigidas a nadie en particular: si el Regidor de Sants, el Sr. Jordi Mart\u00ed, terminaba su discurso con un \u201cVisca Catalunya!\u201d, algunos pe\u00f1istas apostillaban \u201c\u00a1Y viva Fuentealbilla!\u201d, arrancando risas entre los alrededores; o cuando el presidente de la Federaci\u00f3 d&#8217;Associacions i Comissions de Carrers de la Festa Major de Sants, el Sr. Ramon Tort, pon\u00eda punto final a su locuci\u00f3n, los pe\u00f1istas, entre aplausos, lo aclamaban a voz en grito: \u201c\u00a1Rabo, rabo!\u201d. Fiestas populares: o se entienden o no hay nada que explicar.<\/p>\n<p>En efecto: la calle Valladolid con su &#8216;Nautilus&#8217; logr\u00f3 el primer premio del concurso, con un total de 617 puntos; un vecino de esta calle afirmaba que se alegraba \u201csobretodo por los chavales, que se lo han currado\u201d. En segundo lugar, con 585,5 puntos, la Pla\u00e7a de la Farga, que hab\u00eda recreado un aeropuerto, con su torre de control, su facturaci\u00f3n, sus pantallas de llegadas y salidas, su arco de seguridad, sus nubes, su avi\u00f3n e incluso sus guardias civiles. En tercer lugar, Alcolea de Baix, que sum\u00f3 578,5 puntos, y que se acercaron a recoger el premio con una figura de Eduard Punset convertido en un santo redentor sobre un carrito de la compra.<\/p>\n<p>No deja de ser digno de menci\u00f3n que el primer y el segundo premio de la Festa Major de Sants compartan, en la tem\u00e1tica, la apropiaci\u00f3n popular de lugares claustrof\u00f3bicos, donde la libertad de movimientos es entre escasa y nula. La resignificaci\u00f3n festiva y l\u00facida de estos espacios -ya sea a trav\u00e9s del homenaje \u00e9pico o la nueva interpretaci\u00f3n caricaturesca y liberadora- gracias a la creatividad y al trabajo colectivo, recuerda el verdadero sentido carnavalesco de las chanzas, el jolgorio y la inversi\u00f3n de papeles entre lo oficialmente elevado y su opuesto, que, en toda fiesta popular que as\u00ed se considere, deber\u00edan estar presentes.<\/p>","protected":false},"excerpt":{"rendered":"<p>La calle Valladolid, con su recreaci\u00f3n del \u201cNautilus\u201d de Julio Verne, ha sido la que se ha coronado como primer premio de la Festa Major de Sants, en un concurso en el que este a\u00f1o han participado catorce calles. La Revista Rambla habla con Josep Rafel -miembro de la Federaci\u00f3 [&hellip;]<\/p>\n","protected":false},"author":1,"featured_media":31307,"comment_status":"open","ping_status":"open","sticky":false,"template":"","format":"standard","meta":{"footnotes":""},"categories":[3,76],"tags":[],"class_list":["post-1101","post","type-post","status-publish","format-standard","has-post-thumbnail","hentry","category-actualidad","category-barcelona"],"yoast_head":"<!-- This site is optimized with the Yoast SEO plugin v27.5 - https:\/\/yoast.com\/product\/yoast-seo-wordpress\/ -->\n<title>Antes de la entrega de premios - Revista Rambla<\/title>\n<meta name=\"robots\" content=\"index, follow, max-snippet:-1, max-image-preview:large, max-video-preview:-1\" \/>\n<link rel=\"canonical\" href=\"https:\/\/www.revistarambla.com\/en\/antes-de-la-entrega-de-premios\/\" \/>\n<meta property=\"og:locale\" content=\"en_GB\" \/>\n<meta property=\"og:type\" content=\"article\" \/>\n<meta property=\"og:title\" content=\"Antes de la entrega de premios - Revista Rambla\" \/>\n<meta property=\"og:description\" content=\"La calle Valladolid, con su recreaci\u00f3n del \u201cNautilus\u201d de Julio Verne, ha sido la que se ha coronado como primer premio de la Festa Major de Sants, en un concurso en el que este a\u00f1o han participado catorce calles. La Revista Rambla habla con Josep Rafel -miembro de la Federaci\u00f3 [&hellip;]\" \/>\n<meta property=\"og:url\" content=\"https:\/\/www.revistarambla.com\/en\/antes-de-la-entrega-de-premios\/\" \/>\n<meta property=\"og:site_name\" content=\"Revista Rambla\" \/>\n<meta property=\"article:publisher\" content=\"https:\/\/www.facebook.com\/revistarambla\/\" \/>\n<meta property=\"article:published_time\" content=\"2011-08-24T10:29:20+00:00\" \/>\n<meta property=\"article:modified_time\" content=\"2021-05-02T18:43:51+00:00\" \/>\n<meta property=\"og:image\" content=\"https:\/\/i2.wp.com\/www.revistarambla.com\/wp-content\/uploads\/2011\/08\/780_008_4394512_4fbd8e1629489889da491a406c3ef24d.jpg?fit=1000%2C563&ssl=1\" \/>\n\t<meta property=\"og:image:width\" content=\"1000\" \/>\n\t<meta property=\"og:image:height\" content=\"563\" \/>\n\t<meta property=\"og:image:type\" content=\"image\/jpeg\" \/>\n<meta name=\"author\" content=\"Jordi Navarro\" \/>\n<meta name=\"twitter:card\" content=\"summary_large_image\" \/>\n<meta name=\"twitter:creator\" content=\"@revistarambla\" \/>\n<meta name=\"twitter:site\" content=\"@revistarambla\" \/>\n<meta name=\"twitter:label1\" content=\"Written by\" \/>\n\t<meta name=\"twitter:data1\" content=\"Jordi Navarro\" \/>\n\t<meta name=\"twitter:label2\" content=\"Estimated reading time\" \/>\n\t<meta name=\"twitter:data2\" content=\"6 minutes\" \/>\n<script type=\"application\/ld+json\" class=\"yoast-schema-graph\">{\"@context\":\"https:\\\/\\\/schema.org\",\"@graph\":[{\"@type\":\"Article\",\"@id\":\"https:\\\/\\\/www.revistarambla.com\\\/antes-de-la-entrega-de-premios\\\/#article\",\"isPartOf\":{\"@id\":\"https:\\\/\\\/www.revistarambla.com\\\/antes-de-la-entrega-de-premios\\\/\"},\"author\":{\"name\":\"Jordi Navarro\",\"@id\":\"https:\\\/\\\/www.revistarambla.com\\\/#\\\/schema\\\/person\\\/4a5652fc8c82df1f8593002d038cd79e\"},\"headline\":\"Antes de la entrega de premios\",\"datePublished\":\"2011-08-24T10:29:20+00:00\",\"dateModified\":\"2021-05-02T18:43:51+00:00\",\"mainEntityOfPage\":{\"@id\":\"https:\\\/\\\/www.revistarambla.com\\\/antes-de-la-entrega-de-premios\\\/\"},\"wordCount\":1227,\"commentCount\":0,\"publisher\":{\"@id\":\"https:\\\/\\\/www.revistarambla.com\\\/#organization\"},\"image\":{\"@id\":\"https:\\\/\\\/www.revistarambla.com\\\/antes-de-la-entrega-de-premios\\\/#primaryimage\"},\"thumbnailUrl\":\"https:\\\/\\\/www.revistarambla.com\\\/wp-content\\\/uploads\\\/2011\\\/08\\\/780_008_4394512_4fbd8e1629489889da491a406c3ef24d.jpg\",\"articleSection\":[\"Actualidad\",\"Barcelona\"],\"inLanguage\":\"en-GB\",\"potentialAction\":[{\"@type\":\"CommentAction\",\"name\":\"Comment\",\"target\":[\"https:\\\/\\\/www.revistarambla.com\\\/antes-de-la-entrega-de-premios\\\/#respond\"]}]},{\"@type\":\"WebPage\",\"@id\":\"https:\\\/\\\/www.revistarambla.com\\\/antes-de-la-entrega-de-premios\\\/\",\"url\":\"https:\\\/\\\/www.revistarambla.com\\\/antes-de-la-entrega-de-premios\\\/\",\"name\":\"Antes de la entrega de premios - Revista Rambla\",\"isPartOf\":{\"@id\":\"https:\\\/\\\/www.revistarambla.com\\\/#website\"},\"primaryImageOfPage\":{\"@id\":\"https:\\\/\\\/www.revistarambla.com\\\/antes-de-la-entrega-de-premios\\\/#primaryimage\"},\"image\":{\"@id\":\"https:\\\/\\\/www.revistarambla.com\\\/antes-de-la-entrega-de-premios\\\/#primaryimage\"},\"thumbnailUrl\":\"https:\\\/\\\/www.revistarambla.com\\\/wp-content\\\/uploads\\\/2011\\\/08\\\/780_008_4394512_4fbd8e1629489889da491a406c3ef24d.jpg\",\"datePublished\":\"2011-08-24T10:29:20+00:00\",\"dateModified\":\"2021-05-02T18:43:51+00:00\",\"breadcrumb\":{\"@id\":\"https:\\\/\\\/www.revistarambla.com\\\/antes-de-la-entrega-de-premios\\\/#breadcrumb\"},\"inLanguage\":\"en-GB\",\"potentialAction\":[{\"@type\":\"ReadAction\",\"target\":[\"https:\\\/\\\/www.revistarambla.com\\\/antes-de-la-entrega-de-premios\\\/\"]}]},{\"@type\":\"ImageObject\",\"inLanguage\":\"en-GB\",\"@id\":\"https:\\\/\\\/www.revistarambla.com\\\/antes-de-la-entrega-de-premios\\\/#primaryimage\",\"url\":\"https:\\\/\\\/www.revistarambla.com\\\/wp-content\\\/uploads\\\/2011\\\/08\\\/780_008_4394512_4fbd8e1629489889da491a406c3ef24d.jpg\",\"contentUrl\":\"https:\\\/\\\/www.revistarambla.com\\\/wp-content\\\/uploads\\\/2011\\\/08\\\/780_008_4394512_4fbd8e1629489889da491a406c3ef24d.jpg\",\"width\":1000,\"height\":563},{\"@type\":\"BreadcrumbList\",\"@id\":\"https:\\\/\\\/www.revistarambla.com\\\/antes-de-la-entrega-de-premios\\\/#breadcrumb\",\"itemListElement\":[{\"@type\":\"ListItem\",\"position\":1,\"name\":\"Portada\",\"item\":\"https:\\\/\\\/www.revistarambla.com\\\/\"},{\"@type\":\"ListItem\",\"position\":2,\"name\":\"Antes de la entrega de premios\"}]},{\"@type\":\"WebSite\",\"@id\":\"https:\\\/\\\/www.revistarambla.com\\\/#website\",\"url\":\"https:\\\/\\\/www.revistarambla.com\\\/\",\"name\":\"Revista Rambla Barcelona\",\"description\":\"Periodismo independiente\",\"publisher\":{\"@id\":\"https:\\\/\\\/www.revistarambla.com\\\/#organization\"},\"potentialAction\":[{\"@type\":\"SearchAction\",\"target\":{\"@type\":\"EntryPoint\",\"urlTemplate\":\"https:\\\/\\\/www.revistarambla.com\\\/?s={search_term_string}\"},\"query-input\":{\"@type\":\"PropertyValueSpecification\",\"valueRequired\":true,\"valueName\":\"search_term_string\"}}],\"inLanguage\":\"en-GB\"},{\"@type\":\"Organization\",\"@id\":\"https:\\\/\\\/www.revistarambla.com\\\/#organization\",\"name\":\"Revista Rambla\",\"url\":\"https:\\\/\\\/www.revistarambla.com\\\/\",\"logo\":{\"@type\":\"ImageObject\",\"inLanguage\":\"en-GB\",\"@id\":\"https:\\\/\\\/www.revistarambla.com\\\/#\\\/schema\\\/logo\\\/image\\\/\",\"url\":\"https:\\\/\\\/www.revistarambla.com\\\/wp-content\\\/uploads\\\/2020\\\/09\\\/banner_rambla_1900x600_BB.png\",\"contentUrl\":\"https:\\\/\\\/www.revistarambla.com\\\/wp-content\\\/uploads\\\/2020\\\/09\\\/banner_rambla_1900x600_BB.png\",\"width\":1900,\"height\":600,\"caption\":\"Revista Rambla\"},\"image\":{\"@id\":\"https:\\\/\\\/www.revistarambla.com\\\/#\\\/schema\\\/logo\\\/image\\\/\"},\"sameAs\":[\"https:\\\/\\\/www.facebook.com\\\/revistarambla\\\/\",\"https:\\\/\\\/x.com\\\/revistarambla\",\"https:\\\/\\\/www.instagram.com\\\/revista_rambla\",\"https:\\\/\\\/es.linkedin.com\\\/company\\\/revista-rambla\"]},{\"@type\":\"Person\",\"@id\":\"https:\\\/\\\/www.revistarambla.com\\\/#\\\/schema\\\/person\\\/4a5652fc8c82df1f8593002d038cd79e\",\"name\":\"Jordi Navarro\"}]}<\/script>\n<!-- \/ Yoast SEO plugin. -->","yoast_head_json":{"title":"Antes de la entrega de premios - Revista Rambla","robots":{"index":"index","follow":"follow","max-snippet":"max-snippet:-1","max-image-preview":"max-image-preview:large","max-video-preview":"max-video-preview:-1"},"canonical":"https:\/\/www.revistarambla.com\/en\/antes-de-la-entrega-de-premios\/","og_locale":"en_GB","og_type":"article","og_title":"Antes de la entrega de premios - Revista Rambla","og_description":"La calle Valladolid, con su recreaci\u00f3n del \u201cNautilus\u201d de Julio Verne, ha sido la que se ha coronado como primer premio de la Festa Major de Sants, en un concurso en el que este a\u00f1o han participado catorce calles. La Revista Rambla habla con Josep Rafel -miembro de la Federaci\u00f3 [&hellip;]","og_url":"https:\/\/www.revistarambla.com\/en\/antes-de-la-entrega-de-premios\/","og_site_name":"Revista Rambla","article_publisher":"https:\/\/www.facebook.com\/revistarambla\/","article_published_time":"2011-08-24T10:29:20+00:00","article_modified_time":"2021-05-02T18:43:51+00:00","og_image":[{"width":1000,"height":563,"url":"https:\/\/i2.wp.com\/www.revistarambla.com\/wp-content\/uploads\/2011\/08\/780_008_4394512_4fbd8e1629489889da491a406c3ef24d.jpg?fit=1000%2C563&ssl=1","type":"image\/jpeg"}],"author":"Jordi Navarro","twitter_card":"summary_large_image","twitter_creator":"@revistarambla","twitter_site":"@revistarambla","twitter_misc":{"Written by":"Jordi Navarro","Estimated reading time":"6 minutes"},"schema":{"@context":"https:\/\/schema.org","@graph":[{"@type":"Article","@id":"https:\/\/www.revistarambla.com\/antes-de-la-entrega-de-premios\/#article","isPartOf":{"@id":"https:\/\/www.revistarambla.com\/antes-de-la-entrega-de-premios\/"},"author":{"name":"Jordi Navarro","@id":"https:\/\/www.revistarambla.com\/#\/schema\/person\/4a5652fc8c82df1f8593002d038cd79e"},"headline":"Antes de la entrega de premios","datePublished":"2011-08-24T10:29:20+00:00","dateModified":"2021-05-02T18:43:51+00:00","mainEntityOfPage":{"@id":"https:\/\/www.revistarambla.com\/antes-de-la-entrega-de-premios\/"},"wordCount":1227,"commentCount":0,"publisher":{"@id":"https:\/\/www.revistarambla.com\/#organization"},"image":{"@id":"https:\/\/www.revistarambla.com\/antes-de-la-entrega-de-premios\/#primaryimage"},"thumbnailUrl":"https:\/\/www.revistarambla.com\/wp-content\/uploads\/2011\/08\/780_008_4394512_4fbd8e1629489889da491a406c3ef24d.jpg","articleSection":["Actualidad","Barcelona"],"inLanguage":"en-GB","potentialAction":[{"@type":"CommentAction","name":"Comment","target":["https:\/\/www.revistarambla.com\/antes-de-la-entrega-de-premios\/#respond"]}]},{"@type":"WebPage","@id":"https:\/\/www.revistarambla.com\/antes-de-la-entrega-de-premios\/","url":"https:\/\/www.revistarambla.com\/antes-de-la-entrega-de-premios\/","name":"Antes de la entrega de premios - Revista Rambla","isPartOf":{"@id":"https:\/\/www.revistarambla.com\/#website"},"primaryImageOfPage":{"@id":"https:\/\/www.revistarambla.com\/antes-de-la-entrega-de-premios\/#primaryimage"},"image":{"@id":"https:\/\/www.revistarambla.com\/antes-de-la-entrega-de-premios\/#primaryimage"},"thumbnailUrl":"https:\/\/www.revistarambla.com\/wp-content\/uploads\/2011\/08\/780_008_4394512_4fbd8e1629489889da491a406c3ef24d.jpg","datePublished":"2011-08-24T10:29:20+00:00","dateModified":"2021-05-02T18:43:51+00:00","breadcrumb":{"@id":"https:\/\/www.revistarambla.com\/antes-de-la-entrega-de-premios\/#breadcrumb"},"inLanguage":"en-GB","potentialAction":[{"@type":"ReadAction","target":["https:\/\/www.revistarambla.com\/antes-de-la-entrega-de-premios\/"]}]},{"@type":"ImageObject","inLanguage":"en-GB","@id":"https:\/\/www.revistarambla.com\/antes-de-la-entrega-de-premios\/#primaryimage","url":"https:\/\/www.revistarambla.com\/wp-content\/uploads\/2011\/08\/780_008_4394512_4fbd8e1629489889da491a406c3ef24d.jpg","contentUrl":"https:\/\/www.revistarambla.com\/wp-content\/uploads\/2011\/08\/780_008_4394512_4fbd8e1629489889da491a406c3ef24d.jpg","width":1000,"height":563},{"@type":"BreadcrumbList","@id":"https:\/\/www.revistarambla.com\/antes-de-la-entrega-de-premios\/#breadcrumb","itemListElement":[{"@type":"ListItem","position":1,"name":"Portada","item":"https:\/\/www.revistarambla.com\/"},{"@type":"ListItem","position":2,"name":"Antes de la entrega de premios"}]},{"@type":"WebSite","@id":"https:\/\/www.revistarambla.com\/#website","url":"https:\/\/www.revistarambla.com\/","name":"Revista Rambla Barcelona","description":"Periodismo independiente","publisher":{"@id":"https:\/\/www.revistarambla.com\/#organization"},"potentialAction":[{"@type":"SearchAction","target":{"@type":"EntryPoint","urlTemplate":"https:\/\/www.revistarambla.com\/?s={search_term_string}"},"query-input":{"@type":"PropertyValueSpecification","valueRequired":true,"valueName":"search_term_string"}}],"inLanguage":"en-GB"},{"@type":"Organization","@id":"https:\/\/www.revistarambla.com\/#organization","name":"Revista Rambla","url":"https:\/\/www.revistarambla.com\/","logo":{"@type":"ImageObject","inLanguage":"en-GB","@id":"https:\/\/www.revistarambla.com\/#\/schema\/logo\/image\/","url":"https:\/\/www.revistarambla.com\/wp-content\/uploads\/2020\/09\/banner_rambla_1900x600_BB.png","contentUrl":"https:\/\/www.revistarambla.com\/wp-content\/uploads\/2020\/09\/banner_rambla_1900x600_BB.png","width":1900,"height":600,"caption":"Revista Rambla"},"image":{"@id":"https:\/\/www.revistarambla.com\/#\/schema\/logo\/image\/"},"sameAs":["https:\/\/www.facebook.com\/revistarambla\/","https:\/\/x.com\/revistarambla","https:\/\/www.instagram.com\/revista_rambla","https:\/\/es.linkedin.com\/company\/revista-rambla"]},{"@type":"Person","@id":"https:\/\/www.revistarambla.com\/#\/schema\/person\/4a5652fc8c82df1f8593002d038cd79e","name":"Jordi Navarro"}]}},"_links":{"self":[{"href":"https:\/\/www.revistarambla.com\/en\/wp-json\/wp\/v2\/posts\/1101","targetHints":{"allow":["GET"]}}],"collection":[{"href":"https:\/\/www.revistarambla.com\/en\/wp-json\/wp\/v2\/posts"}],"about":[{"href":"https:\/\/www.revistarambla.com\/en\/wp-json\/wp\/v2\/types\/post"}],"author":[{"embeddable":true,"href":"https:\/\/www.revistarambla.com\/en\/wp-json\/wp\/v2\/users\/1"}],"replies":[{"embeddable":true,"href":"https:\/\/www.revistarambla.com\/en\/wp-json\/wp\/v2\/comments?post=1101"}],"version-history":[{"count":0,"href":"https:\/\/www.revistarambla.com\/en\/wp-json\/wp\/v2\/posts\/1101\/revisions"}],"wp:featuredmedia":[{"embeddable":true,"href":"https:\/\/www.revistarambla.com\/en\/wp-json\/wp\/v2\/media\/31307"}],"wp:attachment":[{"href":"https:\/\/www.revistarambla.com\/en\/wp-json\/wp\/v2\/media?parent=1101"}],"wp:term":[{"taxonomy":"category","embeddable":true,"href":"https:\/\/www.revistarambla.com\/en\/wp-json\/wp\/v2\/categories?post=1101"},{"taxonomy":"post_tag","embeddable":true,"href":"https:\/\/www.revistarambla.com\/en\/wp-json\/wp\/v2\/tags?post=1101"}],"curies":[{"name":"wp","href":"https:\/\/api.w.org\/{rel}","templated":true}]}}