{"id":1100,"date":"2011-08-24T09:05:23","date_gmt":"2011-08-24T09:05:23","guid":{"rendered":"https:\/\/www.revistarambla.com\/progres-fue-una-fiesta\/"},"modified":"2021-05-02T20:38:18","modified_gmt":"2021-05-02T18:38:18","slug":"progres-fue-una-fiesta","status":"publish","type":"post","link":"https:\/\/www.revistarambla.com\/en\/progres-fue-una-fiesta\/","title":{"rendered":"Progr\u00e9s fues una fiesta"},"content":{"rendered":"<p>El cielo intergal\u00e1ctico de la calle Progr\u00e9s, a pesar de ser de un fr\u00edo azul cobalto, produc\u00eda un efecto invernadero que aumentaba -todav\u00eda m\u00e1s- la sensaci\u00f3n de bochorno que se respiraba en Barcelona. Para colmo, no soplaba ni una pizca de aire: lo que vendr\u00eda siendo un verano normal en la capital catalana, aunque este a\u00f1o el gui\u00f3n haya cambiado un poco. Indiferentes o resignados frente el sofoco, algunos turistas se fotografiaban junto a las rocas espaciales y las aeronaves que poblaban Progr\u00e9s, el tramo m\u00e1s largo de las calles decoradas de la Festa Major de Gr\u00e0cia y que les ha valido el quinto lugar en el concurso de ornamentaci\u00f3n. Pero era la fant\u00e1stica portalada, reconocida en un merecedor primer premio, la que con sus extraterrestres verdes y su fuente de agua -con chorro incluido, debajo del cual deb\u00edan pasar los transe\u00fantes- arrancaba el mayor n\u00famero de fotograf\u00edas.<\/p>\n<p>En el escenario realizaban la prueba de sonido los Poca Broma, contentos porque aquella noche actuaban en la calle Progr\u00e9s, con la que mantienen lazos afectivos y junto a los grupos <a href=\"http:\/\/www.myspace.com\/igitaia\">Igitaia<\/a> y <a href=\"http:\/\/www.myspace.com\/alertaoficial\">Alerta<\/a>, con los que el buen rollo es la nota dominante. Sin embargo, no hay felicidad completa: tocar\u00edan con el limitador de sonido impuesto por el Ayuntamiento de Barcelona. Durante la prueba de sonido, la m\u00fasica contundente y combativa -con limitador incluido- de Poca Broma atronaba en Progr\u00e9s; un joven con camisa a cuadros y peinado classic bourgeois -al m\u00e1s puro estilo Sandro Rosell- se tapaba los o\u00eddos, mientras quiz\u00e1 buscaba a la juventud de Benedicto XVI. Al bajar del escenario, Adri\u00e0, el bater\u00eda de Poca Broma, confiesa: \u201cHe so\u00f1ado toda mi vida con tocar en las fiestas de Gr\u00e0cia y me estreno esta noche\u201d. El resto de miembros de Poca Broma ya saben lo que es tocar en la calle Progr\u00e9s -y en el Casal de Joves de Fontana-, pero lo hicieron con otro bater\u00eda, Dani, que a d\u00eda de hoy es el cantante de Igitai.<\/p>\n<p>Precisamente, que la semilla de Poca Broma se cultivara en la tierra f\u00e9rtil de la calle Progr\u00e9s, se explica gracias a los abuelos de Dani, predispuestos a tener la casa siempre llena de juventud y donde Poca Broma pod\u00eda ensayar lejos de la dictadura de precios y horarios que mandan en los locales de ensayo. \u201cLa calle Progr\u00e9s es un punto de encuentro\u201d, explica Pau, que considera que el frecuentar y estrechar lazos con esta calle les ha llevado a conocer personas de muchas entidades de Gr\u00e0cia. Y a\u00f1ade que no \u00fanicamente les ha permitido formar parte del tejido asociativo del barrio, sino tambi\u00e9n un aprendizaje: <a href=\"https:\/\/www.revistarambla.com\/en\/meses-de-trabajo-culminan-en-las-fiestas-de-gracia\/\">tal y como explic\u00f3 Merc\u00e8<\/a>, la juventud participa muy activamente en la toma de decisiones de la calle Progr\u00e9s, de un modo asambleario e inclusivo, lo que supone, tal y como explica Pau- una teor\u00eda y unas pr\u00e1cticas alejadas del mundo jerarquizado y de la divisi\u00f3n del trabajo dominantes.<\/p>\n<p>Era una gran noche para Adri\u00e0, pero sin duda tambi\u00e9n para el resto de los Poca Broma. En tan se\u00f1alado concierto estrenar\u00edan un elemento de merchandising imprescindible para cualquier grupo que se precie: las camisetas de Poca Broma, que lucir\u00e1n un verso de su canci\u00f3n \u201cVict\u00f2ria\u201d: \u201chem buidat les esgl\u00e9sies i les hem fet casals populars\u201d (\u201chemos vaciado las iglesias y las hemos hecho centros populares\u201d). Una frase muy oportuna coincidiendo con la visita del Papa. \u201cD\u2019entrada no s\u00f3c partidari \/ de la viol\u00e8ncia \/ per\u00f2 cremar l\u2019Escola de Chicago \/ \u00e9s leg\u00edtima defensa\u201d (\u201cDe entrada no soy partidario de la violencia, pero quemar la Escula de Chicago es leg\u00edtima defensa\u201d), dicen en \u201cL&#8217;escola de Chicago\u201d, otra canci\u00f3n. Si hablamos de m\u00fasica combativa, \u00bfes sencillo encontrar la inspiraci\u00f3n en estos tiempos chungos que corren? \u201cS\u00ed, estamos muy agradecidos al FMI\u201d, responde ir\u00f3nicamente Pau.<\/p>\n<p>Los Poca Broma andan enfrascados en tratar de producirse un disco. Con este fin, han organizado una comida fraternal, donde alg\u00fan dinero consiguieron. Pero el dinero nunca es el valor \u00faltimo: cuentan c\u00f3mo actuaron sin esperar gratificaci\u00f3n econ\u00f3mica en un marat\u00f3n de conciertos para el Esplai Sant Cebri\u00e0, pero cu\u00e1l ser\u00eda su sorpresa cuando la gente del esplai les entreg\u00f3 un mont\u00f3n de chapas de Poca Broma a modo de regalo, que ya forman parte del merchandising del grupo. \u201cAunque no te paguen con dinero, hay un mont\u00f3n de maneras de colaborar\u201d, zanja Pau. El limitador de sonido es una minucia, una molestia insignificante que en gran medida persigue el af\u00e1n recaudatorio; otra dimensi\u00f3n, sin duda muy distinta, tiene el cresp\u00f3n negro en la estelada en recuerdo y homenaje de qui\u00e9n ya no est\u00e1 entre los asistentes.La calle Progr\u00e9s est\u00e1 a punto para la fiesta.<\/p>","protected":false},"excerpt":{"rendered":"<p>Adri\u00e0 -bater\u00eda-, Pau -guitarra- y Enric -cantante-, miembros de Poca Broma, grupo de m\u00fasica que, junto a Igitaia y Alerta, actuaron el pasado 19 de agosto en la calle Progr\u00e9s, durante la Festa Major de Gr\u00e0cia<\/p>","protected":false},"author":1,"featured_media":279,"comment_status":"open","ping_status":"open","sticky":false,"template":"","format":"standard","meta":{"footnotes":""},"categories":[4,65],"tags":[],"class_list":["post-1100","post","type-post","status-publish","format-standard","has-post-thumbnail","hentry","category-cultura","category-musica"],"yoast_head":"<!-- This site is optimized with the Yoast SEO plugin v27.5 - https:\/\/yoast.com\/product\/yoast-seo-wordpress\/ -->\n<title>Progr\u00e9s fues una fiesta - Revista Rambla<\/title>\n<meta name=\"robots\" content=\"index, follow, max-snippet:-1, max-image-preview:large, max-video-preview:-1\" \/>\n<link rel=\"canonical\" href=\"https:\/\/www.revistarambla.com\/en\/progres-fue-una-fiesta\/\" \/>\n<meta property=\"og:locale\" content=\"en_GB\" \/>\n<meta property=\"og:type\" content=\"article\" \/>\n<meta property=\"og:title\" content=\"Progr\u00e9s fues una fiesta - Revista Rambla\" \/>\n<meta property=\"og:description\" content=\"Adri\u00e0 -bater\u00eda-, Pau -guitarra- y Enric -cantante-, miembros de Poca Broma, grupo de m\u00fasica que, junto a Igitaia y Alerta, actuaron el pasado 19 de agosto en la calle Progr\u00e9s, durante la Festa Major de Gr\u00e0cia\" \/>\n<meta property=\"og:url\" content=\"https:\/\/www.revistarambla.com\/en\/progres-fue-una-fiesta\/\" \/>\n<meta property=\"og:site_name\" content=\"Revista Rambla\" \/>\n<meta property=\"article:publisher\" content=\"https:\/\/www.facebook.com\/revistarambla\/\" \/>\n<meta property=\"article:published_time\" content=\"2011-08-24T09:05:23+00:00\" \/>\n<meta property=\"article:modified_time\" content=\"2021-05-02T18:38:18+00:00\" \/>\n<meta property=\"og:image\" content=\"https:\/\/i2.wp.com\/www.revistarambla.com\/wp-content\/uploads\/2010\/08\/gracia002.jpg?fit=500%2C274&ssl=1\" \/>\n\t<meta property=\"og:image:width\" content=\"500\" \/>\n\t<meta property=\"og:image:height\" content=\"274\" \/>\n\t<meta property=\"og:image:type\" content=\"image\/jpeg\" \/>\n<meta name=\"author\" content=\"Jordi Navarro\" \/>\n<meta name=\"twitter:card\" content=\"summary_large_image\" \/>\n<meta name=\"twitter:creator\" content=\"@revistarambla\" \/>\n<meta name=\"twitter:site\" content=\"@revistarambla\" \/>\n<meta name=\"twitter:label1\" content=\"Written by\" \/>\n\t<meta name=\"twitter:data1\" content=\"Jordi Navarro\" \/>\n\t<meta name=\"twitter:label2\" content=\"Estimated reading time\" \/>\n\t<meta name=\"twitter:data2\" content=\"4 minutes\" \/>\n<script type=\"application\/ld+json\" class=\"yoast-schema-graph\">{\"@context\":\"https:\\\/\\\/schema.org\",\"@graph\":[{\"@type\":\"Article\",\"@id\":\"https:\\\/\\\/www.revistarambla.com\\\/progres-fue-una-fiesta\\\/#article\",\"isPartOf\":{\"@id\":\"https:\\\/\\\/www.revistarambla.com\\\/progres-fue-una-fiesta\\\/\"},\"author\":{\"name\":\"Jordi Navarro\",\"@id\":\"https:\\\/\\\/www.revistarambla.com\\\/#\\\/schema\\\/person\\\/4a5652fc8c82df1f8593002d038cd79e\"},\"headline\":\"Progr\u00e9s fues una fiesta\",\"datePublished\":\"2011-08-24T09:05:23+00:00\",\"dateModified\":\"2021-05-02T18:38:18+00:00\",\"mainEntityOfPage\":{\"@id\":\"https:\\\/\\\/www.revistarambla.com\\\/progres-fue-una-fiesta\\\/\"},\"wordCount\":848,\"commentCount\":0,\"publisher\":{\"@id\":\"https:\\\/\\\/www.revistarambla.com\\\/#organization\"},\"image\":{\"@id\":\"https:\\\/\\\/www.revistarambla.com\\\/progres-fue-una-fiesta\\\/#primaryimage\"},\"thumbnailUrl\":\"https:\\\/\\\/www.revistarambla.com\\\/wp-content\\\/uploads\\\/2010\\\/08\\\/gracia002.jpg\",\"articleSection\":[\"Cultura\",\"M\u00fasica\"],\"inLanguage\":\"en-GB\",\"potentialAction\":[{\"@type\":\"CommentAction\",\"name\":\"Comment\",\"target\":[\"https:\\\/\\\/www.revistarambla.com\\\/progres-fue-una-fiesta\\\/#respond\"]}]},{\"@type\":\"WebPage\",\"@id\":\"https:\\\/\\\/www.revistarambla.com\\\/progres-fue-una-fiesta\\\/\",\"url\":\"https:\\\/\\\/www.revistarambla.com\\\/progres-fue-una-fiesta\\\/\",\"name\":\"Progr\u00e9s fues una fiesta - Revista Rambla\",\"isPartOf\":{\"@id\":\"https:\\\/\\\/www.revistarambla.com\\\/#website\"},\"primaryImageOfPage\":{\"@id\":\"https:\\\/\\\/www.revistarambla.com\\\/progres-fue-una-fiesta\\\/#primaryimage\"},\"image\":{\"@id\":\"https:\\\/\\\/www.revistarambla.com\\\/progres-fue-una-fiesta\\\/#primaryimage\"},\"thumbnailUrl\":\"https:\\\/\\\/www.revistarambla.com\\\/wp-content\\\/uploads\\\/2010\\\/08\\\/gracia002.jpg\",\"datePublished\":\"2011-08-24T09:05:23+00:00\",\"dateModified\":\"2021-05-02T18:38:18+00:00\",\"breadcrumb\":{\"@id\":\"https:\\\/\\\/www.revistarambla.com\\\/progres-fue-una-fiesta\\\/#breadcrumb\"},\"inLanguage\":\"en-GB\",\"potentialAction\":[{\"@type\":\"ReadAction\",\"target\":[\"https:\\\/\\\/www.revistarambla.com\\\/progres-fue-una-fiesta\\\/\"]}]},{\"@type\":\"ImageObject\",\"inLanguage\":\"en-GB\",\"@id\":\"https:\\\/\\\/www.revistarambla.com\\\/progres-fue-una-fiesta\\\/#primaryimage\",\"url\":\"https:\\\/\\\/www.revistarambla.com\\\/wp-content\\\/uploads\\\/2010\\\/08\\\/gracia002.jpg\",\"contentUrl\":\"https:\\\/\\\/www.revistarambla.com\\\/wp-content\\\/uploads\\\/2010\\\/08\\\/gracia002.jpg\",\"width\":500,\"height\":274,\"caption\":\"alt\"},{\"@type\":\"BreadcrumbList\",\"@id\":\"https:\\\/\\\/www.revistarambla.com\\\/progres-fue-una-fiesta\\\/#breadcrumb\",\"itemListElement\":[{\"@type\":\"ListItem\",\"position\":1,\"name\":\"Portada\",\"item\":\"https:\\\/\\\/www.revistarambla.com\\\/\"},{\"@type\":\"ListItem\",\"position\":2,\"name\":\"Progr\u00e9s fues una fiesta\"}]},{\"@type\":\"WebSite\",\"@id\":\"https:\\\/\\\/www.revistarambla.com\\\/#website\",\"url\":\"https:\\\/\\\/www.revistarambla.com\\\/\",\"name\":\"Revista Rambla Barcelona\",\"description\":\"Periodismo independiente\",\"publisher\":{\"@id\":\"https:\\\/\\\/www.revistarambla.com\\\/#organization\"},\"potentialAction\":[{\"@type\":\"SearchAction\",\"target\":{\"@type\":\"EntryPoint\",\"urlTemplate\":\"https:\\\/\\\/www.revistarambla.com\\\/?s={search_term_string}\"},\"query-input\":{\"@type\":\"PropertyValueSpecification\",\"valueRequired\":true,\"valueName\":\"search_term_string\"}}],\"inLanguage\":\"en-GB\"},{\"@type\":\"Organization\",\"@id\":\"https:\\\/\\\/www.revistarambla.com\\\/#organization\",\"name\":\"Revista Rambla\",\"url\":\"https:\\\/\\\/www.revistarambla.com\\\/\",\"logo\":{\"@type\":\"ImageObject\",\"inLanguage\":\"en-GB\",\"@id\":\"https:\\\/\\\/www.revistarambla.com\\\/#\\\/schema\\\/logo\\\/image\\\/\",\"url\":\"https:\\\/\\\/www.revistarambla.com\\\/wp-content\\\/uploads\\\/2020\\\/09\\\/banner_rambla_1900x600_BB.png\",\"contentUrl\":\"https:\\\/\\\/www.revistarambla.com\\\/wp-content\\\/uploads\\\/2020\\\/09\\\/banner_rambla_1900x600_BB.png\",\"width\":1900,\"height\":600,\"caption\":\"Revista Rambla\"},\"image\":{\"@id\":\"https:\\\/\\\/www.revistarambla.com\\\/#\\\/schema\\\/logo\\\/image\\\/\"},\"sameAs\":[\"https:\\\/\\\/www.facebook.com\\\/revistarambla\\\/\",\"https:\\\/\\\/x.com\\\/revistarambla\",\"https:\\\/\\\/www.instagram.com\\\/revista_rambla\",\"https:\\\/\\\/es.linkedin.com\\\/company\\\/revista-rambla\"]},{\"@type\":\"Person\",\"@id\":\"https:\\\/\\\/www.revistarambla.com\\\/#\\\/schema\\\/person\\\/4a5652fc8c82df1f8593002d038cd79e\",\"name\":\"Jordi Navarro\"}]}<\/script>\n<!-- \/ Yoast SEO plugin. -->","yoast_head_json":{"title":"Progr\u00e9s fues una fiesta - Revista Rambla","robots":{"index":"index","follow":"follow","max-snippet":"max-snippet:-1","max-image-preview":"max-image-preview:large","max-video-preview":"max-video-preview:-1"},"canonical":"https:\/\/www.revistarambla.com\/en\/progres-fue-una-fiesta\/","og_locale":"en_GB","og_type":"article","og_title":"Progr\u00e9s fues una fiesta - Revista Rambla","og_description":"Adri\u00e0 -bater\u00eda-, Pau -guitarra- y Enric -cantante-, miembros de Poca Broma, grupo de m\u00fasica que, junto a Igitaia y Alerta, actuaron el pasado 19 de agosto en la calle Progr\u00e9s, durante la Festa Major de Gr\u00e0cia","og_url":"https:\/\/www.revistarambla.com\/en\/progres-fue-una-fiesta\/","og_site_name":"Revista Rambla","article_publisher":"https:\/\/www.facebook.com\/revistarambla\/","article_published_time":"2011-08-24T09:05:23+00:00","article_modified_time":"2021-05-02T18:38:18+00:00","og_image":[{"width":500,"height":274,"url":"https:\/\/i2.wp.com\/www.revistarambla.com\/wp-content\/uploads\/2010\/08\/gracia002.jpg?fit=500%2C274&ssl=1","type":"image\/jpeg"}],"author":"Jordi Navarro","twitter_card":"summary_large_image","twitter_creator":"@revistarambla","twitter_site":"@revistarambla","twitter_misc":{"Written by":"Jordi Navarro","Estimated reading time":"4 minutes"},"schema":{"@context":"https:\/\/schema.org","@graph":[{"@type":"Article","@id":"https:\/\/www.revistarambla.com\/progres-fue-una-fiesta\/#article","isPartOf":{"@id":"https:\/\/www.revistarambla.com\/progres-fue-una-fiesta\/"},"author":{"name":"Jordi Navarro","@id":"https:\/\/www.revistarambla.com\/#\/schema\/person\/4a5652fc8c82df1f8593002d038cd79e"},"headline":"Progr\u00e9s fues una fiesta","datePublished":"2011-08-24T09:05:23+00:00","dateModified":"2021-05-02T18:38:18+00:00","mainEntityOfPage":{"@id":"https:\/\/www.revistarambla.com\/progres-fue-una-fiesta\/"},"wordCount":848,"commentCount":0,"publisher":{"@id":"https:\/\/www.revistarambla.com\/#organization"},"image":{"@id":"https:\/\/www.revistarambla.com\/progres-fue-una-fiesta\/#primaryimage"},"thumbnailUrl":"https:\/\/www.revistarambla.com\/wp-content\/uploads\/2010\/08\/gracia002.jpg","articleSection":["Cultura","M\u00fasica"],"inLanguage":"en-GB","potentialAction":[{"@type":"CommentAction","name":"Comment","target":["https:\/\/www.revistarambla.com\/progres-fue-una-fiesta\/#respond"]}]},{"@type":"WebPage","@id":"https:\/\/www.revistarambla.com\/progres-fue-una-fiesta\/","url":"https:\/\/www.revistarambla.com\/progres-fue-una-fiesta\/","name":"Progr\u00e9s fues una fiesta - Revista Rambla","isPartOf":{"@id":"https:\/\/www.revistarambla.com\/#website"},"primaryImageOfPage":{"@id":"https:\/\/www.revistarambla.com\/progres-fue-una-fiesta\/#primaryimage"},"image":{"@id":"https:\/\/www.revistarambla.com\/progres-fue-una-fiesta\/#primaryimage"},"thumbnailUrl":"https:\/\/www.revistarambla.com\/wp-content\/uploads\/2010\/08\/gracia002.jpg","datePublished":"2011-08-24T09:05:23+00:00","dateModified":"2021-05-02T18:38:18+00:00","breadcrumb":{"@id":"https:\/\/www.revistarambla.com\/progres-fue-una-fiesta\/#breadcrumb"},"inLanguage":"en-GB","potentialAction":[{"@type":"ReadAction","target":["https:\/\/www.revistarambla.com\/progres-fue-una-fiesta\/"]}]},{"@type":"ImageObject","inLanguage":"en-GB","@id":"https:\/\/www.revistarambla.com\/progres-fue-una-fiesta\/#primaryimage","url":"https:\/\/www.revistarambla.com\/wp-content\/uploads\/2010\/08\/gracia002.jpg","contentUrl":"https:\/\/www.revistarambla.com\/wp-content\/uploads\/2010\/08\/gracia002.jpg","width":500,"height":274,"caption":"alt"},{"@type":"BreadcrumbList","@id":"https:\/\/www.revistarambla.com\/progres-fue-una-fiesta\/#breadcrumb","itemListElement":[{"@type":"ListItem","position":1,"name":"Portada","item":"https:\/\/www.revistarambla.com\/"},{"@type":"ListItem","position":2,"name":"Progr\u00e9s fues una fiesta"}]},{"@type":"WebSite","@id":"https:\/\/www.revistarambla.com\/#website","url":"https:\/\/www.revistarambla.com\/","name":"Revista Rambla Barcelona","description":"Periodismo independiente","publisher":{"@id":"https:\/\/www.revistarambla.com\/#organization"},"potentialAction":[{"@type":"SearchAction","target":{"@type":"EntryPoint","urlTemplate":"https:\/\/www.revistarambla.com\/?s={search_term_string}"},"query-input":{"@type":"PropertyValueSpecification","valueRequired":true,"valueName":"search_term_string"}}],"inLanguage":"en-GB"},{"@type":"Organization","@id":"https:\/\/www.revistarambla.com\/#organization","name":"Revista Rambla","url":"https:\/\/www.revistarambla.com\/","logo":{"@type":"ImageObject","inLanguage":"en-GB","@id":"https:\/\/www.revistarambla.com\/#\/schema\/logo\/image\/","url":"https:\/\/www.revistarambla.com\/wp-content\/uploads\/2020\/09\/banner_rambla_1900x600_BB.png","contentUrl":"https:\/\/www.revistarambla.com\/wp-content\/uploads\/2020\/09\/banner_rambla_1900x600_BB.png","width":1900,"height":600,"caption":"Revista Rambla"},"image":{"@id":"https:\/\/www.revistarambla.com\/#\/schema\/logo\/image\/"},"sameAs":["https:\/\/www.facebook.com\/revistarambla\/","https:\/\/x.com\/revistarambla","https:\/\/www.instagram.com\/revista_rambla","https:\/\/es.linkedin.com\/company\/revista-rambla"]},{"@type":"Person","@id":"https:\/\/www.revistarambla.com\/#\/schema\/person\/4a5652fc8c82df1f8593002d038cd79e","name":"Jordi Navarro"}]}},"_links":{"self":[{"href":"https:\/\/www.revistarambla.com\/en\/wp-json\/wp\/v2\/posts\/1100","targetHints":{"allow":["GET"]}}],"collection":[{"href":"https:\/\/www.revistarambla.com\/en\/wp-json\/wp\/v2\/posts"}],"about":[{"href":"https:\/\/www.revistarambla.com\/en\/wp-json\/wp\/v2\/types\/post"}],"author":[{"embeddable":true,"href":"https:\/\/www.revistarambla.com\/en\/wp-json\/wp\/v2\/users\/1"}],"replies":[{"embeddable":true,"href":"https:\/\/www.revistarambla.com\/en\/wp-json\/wp\/v2\/comments?post=1100"}],"version-history":[{"count":0,"href":"https:\/\/www.revistarambla.com\/en\/wp-json\/wp\/v2\/posts\/1100\/revisions"}],"wp:featuredmedia":[{"embeddable":true,"href":"https:\/\/www.revistarambla.com\/en\/wp-json\/wp\/v2\/media\/279"}],"wp:attachment":[{"href":"https:\/\/www.revistarambla.com\/en\/wp-json\/wp\/v2\/media?parent=1100"}],"wp:term":[{"taxonomy":"category","embeddable":true,"href":"https:\/\/www.revistarambla.com\/en\/wp-json\/wp\/v2\/categories?post=1100"},{"taxonomy":"post_tag","embeddable":true,"href":"https:\/\/www.revistarambla.com\/en\/wp-json\/wp\/v2\/tags?post=1100"}],"curies":[{"name":"wp","href":"https:\/\/api.w.org\/{rel}","templated":true}]}}