{"id":1098,"date":"2011-08-19T12:18:50","date_gmt":"2011-08-19T12:18:50","guid":{"rendered":"https:\/\/www.revistarambla.com\/icomo-vivir-sobre-la-miseria-y-los-miserables\/"},"modified":"2021-05-02T20:33:10","modified_gmt":"2021-05-02T18:33:10","slug":"icomo-vivir-sobre-la-miseria-y-los-miserables","status":"publish","type":"post","link":"https:\/\/www.revistarambla.com\/en\/icomo-vivir-sobre-la-miseria-y-los-miserables\/","title":{"rendered":"\u00bfC\u00f3mo vivir? Sobre la miseria y los miserables"},"content":{"rendered":"<p>Algo menos de medio millar de personas se concentraron en la Pla\u00e7a de Sant Jaume m\u00e9s convergent de la hist\u00f2ria, para protestar sobre la chapuza que ha dejado a cerca de 35.000 familias -se calcula que entre 110.000 y 80.000 personas- sin los ingresos proporcionados (426 euros) por la Renta M\u00ednima de Inserci\u00f3n (RMI).<\/p>\n<p><a href=\"https:\/\/www.revistarambla.com\/wp-content\/uploads\/2011\/08\/rebajas1.jpg\"><img decoding=\"async\" class=\"alignright\" src=\"https:\/\/www.revistarambla.com\/wp-content\/uploads\/2011\/08\/rebajas1.jpg\" alt=\"renta m\u00ednima de inserci\u00f3n\" width=\"250\" height=\"196\" \/><\/a>Muy poca gente en la Pla\u00e7a de Sant Jaume para la gravedad del asunto, aunque la presente fuera muy ruidosa. Pedro, junto a su pareja, reci\u00e9n llegados de vacaciones (\u201cVolvimos ayer mismo\u201d), no ten\u00eda ning\u00fan g\u00e9nero de dudas: \u201cEste es un gobierno fuerte con los d\u00e9biles y d\u00e9bil con los fuertes\u201d. Y remachaba: \u201cNo vengo por m\u00ed, sino por toda la gente que est\u00e1 subsistiendo con poco m\u00e1s que nada y a la que le est\u00e1n haciendo pagar la crisis\u201d. Poco antes de las 18 horas -que marcaban el inicio de la protesta convocada por la Assemblea d&#8217;Aturats\/des de Barcelona-, un avispero de micr\u00f3fonos y c\u00e1maras rodeaban a Eva Granados, diputada del PSC y portavoz de la Comisi\u00f3n Benestar i Fam\u00edlia y a Joan Tard\u00e0, diputado de Esquerra Republicana de Catalunya (ERC). Ambos se posicionaron en contra de la medida tomada por el Departament d&#8217;Empresa i Ocupaci\u00f3.<\/p>\n<p>Alrededor de 40.000 personas con derecho a cobrar la Renta M\u00ednima de Inserci\u00f3n segu\u00edan sin haber percibido la cantidad del mes de agosto. \u00bfC\u00f3mo vivir? La justificaci\u00f3n del conseller Mena sobre que la medida aplicada sin previo aviso -cambiar el modo de pago de transferencia a cheque bancario a domicilio-, persegu\u00eda detectar el cobro fraudulento de esta ayuda, no fue bien recibida entre los concentrados en Pla\u00e7a de Sant Jaume: \u201c\u00a1Nos llaman estafadores por 400 euros! \u00a1No tienen verg\u00fcenza!\u201d, clamaba una mujer, que fijando la vista en el Palau de la Generalitat, sentenci\u00f3 con amargura: \u201cNo se asoma el hijo****, estar\u00e1 de vacaciones\u201d.<\/p>\n<p>La ley de \u201cMesures fiscals i financeres\u201d, en su art\u00edculo 62, endurece las condiciones para recibir la prestaci\u00f3n de la Renta M\u00ednima de Inserci\u00f3n: supresi\u00f3n de la actualizaci\u00f3n anual con el IPC previsto, limitaci\u00f3n a 60 mensualidades la percepci\u00f3n de esta renta, ampliaci\u00f3n del periodo de residencia para poder solicitar la RMI de un a\u00f1o a dos, etc\u00e9tera. Respecto a la cuesti\u00f3n del tiempo de residencia, se ha filtrado que el 42% de sospechosos de cometer fraude son personas \u201cinmigrantes\u201d, que significar\u00eda que en el arte de la picaresca todav\u00eda ganan los \u201caut\u00f3ctonos\u201d (l\u00e1stima que este triunfo quede relegado en los discursos xen\u00f3fobos).<\/p>\n<p>Los trabajadores sociales son los agentes que pueden dar testimonio de las dificultades que ha comportado este cambio en el cobro de la RMI: \u201cHan venido mujeres verdaderamente desesperadas, que s\u00f3lo contaban con este ingreso para salir adelante con sus familias. Piensa que muchas de ellas han cambiado de domicilio y no han recibido ning\u00fan tipo de informaci\u00f3n. Y si pasan 15 d\u00edas y no han dado se\u00f1ales de vida, se les corta la ayuda y han de volver a tramitarla\u201d, explica una trabajadora del <a href=\"http:\/\/www.llocdeladona.org\/\">Lloc de la Dona<\/a>, una fundaci\u00f3n privada de atenci\u00f3n social. Entre tanto, el \u00adgobierno neo-convergente -que tambi\u00e9n responde al nombre del govern dels millors- sigue con su gesti\u00f3n de la crisis, que marca la diferencia que dista entre vivir en la miseria y ser un miserable.<\/p>","protected":false},"excerpt":{"rendered":"<p>Algo menos de medio millar de personas se concentraron en la Pla\u00e7a de Sant Jaume m\u00e9s convergent de la hist\u00f2ria, para protestar sobre la chapuza que ha dejado a cerca de 35.000 familias -se calcula que entre 110.000 y 80.000 personas- sin los ingresos proporcionados (426 euros) por la Renta [&hellip;]<\/p>\n","protected":false},"author":1,"featured_media":0,"comment_status":"open","ping_status":"open","sticky":false,"template":"","format":"standard","meta":{"footnotes":""},"categories":[3,76],"tags":[],"class_list":["post-1098","post","type-post","status-publish","format-standard","hentry","category-actualidad","category-barcelona"],"yoast_head":"<!-- This site is optimized with the Yoast SEO plugin v27.5 - https:\/\/yoast.com\/product\/yoast-seo-wordpress\/ -->\n<title>Sobre la renta m\u00ednima de inserci\u00f3n - Revista Rambla<\/title>\n<meta name=\"description\" content=\"La chapuza que ha dejado a cerca de 35.000 familias -entre 110.000 y 80.000 personas- sin los ingresos (426 euros) de la Renta M\u00ednima de Inserci\u00f3n.\" \/>\n<meta name=\"robots\" content=\"index, follow, max-snippet:-1, max-image-preview:large, max-video-preview:-1\" \/>\n<link rel=\"canonical\" href=\"https:\/\/www.revistarambla.com\/en\/icomo-vivir-sobre-la-miseria-y-los-miserables\/\" \/>\n<meta property=\"og:locale\" content=\"en_GB\" \/>\n<meta property=\"og:type\" content=\"article\" \/>\n<meta property=\"og:title\" content=\"Sobre la renta m\u00ednima de inserci\u00f3n - Revista Rambla\" \/>\n<meta property=\"og:description\" content=\"La chapuza que ha dejado a cerca de 35.000 familias -entre 110.000 y 80.000 personas- sin los ingresos (426 euros) de la Renta M\u00ednima de Inserci\u00f3n.\" \/>\n<meta property=\"og:url\" content=\"https:\/\/www.revistarambla.com\/en\/icomo-vivir-sobre-la-miseria-y-los-miserables\/\" \/>\n<meta property=\"og:site_name\" content=\"Revista Rambla\" \/>\n<meta property=\"article:publisher\" content=\"https:\/\/www.facebook.com\/revistarambla\/\" \/>\n<meta property=\"article:published_time\" content=\"2011-08-19T12:18:50+00:00\" \/>\n<meta property=\"article:modified_time\" content=\"2021-05-02T18:33:10+00:00\" \/>\n<meta property=\"og:image\" content=\"https:\/\/i0.wp.com\/www.revistarambla.com\/wp-content\/uploads\/2011\/08\/rebajas1.jpg?fit=250%2C196&ssl=1\" \/>\n\t<meta property=\"og:image:width\" content=\"250\" \/>\n\t<meta property=\"og:image:height\" content=\"196\" \/>\n\t<meta property=\"og:image:type\" content=\"image\/jpeg\" \/>\n<meta name=\"author\" content=\"Jordi Navarro\" \/>\n<meta name=\"twitter:card\" content=\"summary_large_image\" \/>\n<meta name=\"twitter:creator\" content=\"@revistarambla\" \/>\n<meta name=\"twitter:site\" content=\"@revistarambla\" \/>\n<meta name=\"twitter:label1\" content=\"Written by\" \/>\n\t<meta name=\"twitter:data1\" content=\"Jordi Navarro\" \/>\n\t<meta name=\"twitter:label2\" content=\"Estimated reading time\" \/>\n\t<meta name=\"twitter:data2\" content=\"3 minutes\" \/>\n<script type=\"application\/ld+json\" class=\"yoast-schema-graph\">{\"@context\":\"https:\\\/\\\/schema.org\",\"@graph\":[{\"@type\":\"Article\",\"@id\":\"https:\\\/\\\/www.revistarambla.com\\\/icomo-vivir-sobre-la-miseria-y-los-miserables\\\/#article\",\"isPartOf\":{\"@id\":\"https:\\\/\\\/www.revistarambla.com\\\/icomo-vivir-sobre-la-miseria-y-los-miserables\\\/\"},\"author\":{\"name\":\"Jordi Navarro\",\"@id\":\"https:\\\/\\\/www.revistarambla.com\\\/#\\\/schema\\\/person\\\/4a5652fc8c82df1f8593002d038cd79e\"},\"headline\":\"\u00bfC\u00f3mo vivir? Sobre la miseria y los miserables\",\"datePublished\":\"2011-08-19T12:18:50+00:00\",\"dateModified\":\"2021-05-02T18:33:10+00:00\",\"mainEntityOfPage\":{\"@id\":\"https:\\\/\\\/www.revistarambla.com\\\/icomo-vivir-sobre-la-miseria-y-los-miserables\\\/\"},\"wordCount\":591,\"commentCount\":0,\"publisher\":{\"@id\":\"https:\\\/\\\/www.revistarambla.com\\\/#organization\"},\"image\":{\"@id\":\"https:\\\/\\\/www.revistarambla.com\\\/icomo-vivir-sobre-la-miseria-y-los-miserables\\\/#primaryimage\"},\"thumbnailUrl\":\"https:\\\/\\\/www.revistarambla.com\\\/wp-content\\\/uploads\\\/2011\\\/08\\\/rebajas1.jpg\",\"articleSection\":[\"Actualidad\",\"Barcelona\"],\"inLanguage\":\"en-GB\",\"potentialAction\":[{\"@type\":\"CommentAction\",\"name\":\"Comment\",\"target\":[\"https:\\\/\\\/www.revistarambla.com\\\/icomo-vivir-sobre-la-miseria-y-los-miserables\\\/#respond\"]}]},{\"@type\":\"WebPage\",\"@id\":\"https:\\\/\\\/www.revistarambla.com\\\/icomo-vivir-sobre-la-miseria-y-los-miserables\\\/\",\"url\":\"https:\\\/\\\/www.revistarambla.com\\\/icomo-vivir-sobre-la-miseria-y-los-miserables\\\/\",\"name\":\"Sobre la renta m\u00ednima de inserci\u00f3n - Revista Rambla\",\"isPartOf\":{\"@id\":\"https:\\\/\\\/www.revistarambla.com\\\/#website\"},\"primaryImageOfPage\":{\"@id\":\"https:\\\/\\\/www.revistarambla.com\\\/icomo-vivir-sobre-la-miseria-y-los-miserables\\\/#primaryimage\"},\"image\":{\"@id\":\"https:\\\/\\\/www.revistarambla.com\\\/icomo-vivir-sobre-la-miseria-y-los-miserables\\\/#primaryimage\"},\"thumbnailUrl\":\"https:\\\/\\\/www.revistarambla.com\\\/wp-content\\\/uploads\\\/2011\\\/08\\\/rebajas1.jpg\",\"datePublished\":\"2011-08-19T12:18:50+00:00\",\"dateModified\":\"2021-05-02T18:33:10+00:00\",\"description\":\"La chapuza que ha dejado a cerca de 35.000 familias -entre 110.000 y 80.000 personas- sin los ingresos (426 euros) de la Renta M\u00ednima de Inserci\u00f3n.\",\"breadcrumb\":{\"@id\":\"https:\\\/\\\/www.revistarambla.com\\\/icomo-vivir-sobre-la-miseria-y-los-miserables\\\/#breadcrumb\"},\"inLanguage\":\"en-GB\",\"potentialAction\":[{\"@type\":\"ReadAction\",\"target\":[\"https:\\\/\\\/www.revistarambla.com\\\/icomo-vivir-sobre-la-miseria-y-los-miserables\\\/\"]}]},{\"@type\":\"ImageObject\",\"inLanguage\":\"en-GB\",\"@id\":\"https:\\\/\\\/www.revistarambla.com\\\/icomo-vivir-sobre-la-miseria-y-los-miserables\\\/#primaryimage\",\"url\":\"https:\\\/\\\/www.revistarambla.com\\\/wp-content\\\/uploads\\\/2011\\\/08\\\/rebajas1.jpg\",\"contentUrl\":\"https:\\\/\\\/www.revistarambla.com\\\/wp-content\\\/uploads\\\/2011\\\/08\\\/rebajas1.jpg\"},{\"@type\":\"BreadcrumbList\",\"@id\":\"https:\\\/\\\/www.revistarambla.com\\\/icomo-vivir-sobre-la-miseria-y-los-miserables\\\/#breadcrumb\",\"itemListElement\":[{\"@type\":\"ListItem\",\"position\":1,\"name\":\"Portada\",\"item\":\"https:\\\/\\\/www.revistarambla.com\\\/\"},{\"@type\":\"ListItem\",\"position\":2,\"name\":\"\u00bfC\u00f3mo vivir? Sobre la miseria y los miserables\"}]},{\"@type\":\"WebSite\",\"@id\":\"https:\\\/\\\/www.revistarambla.com\\\/#website\",\"url\":\"https:\\\/\\\/www.revistarambla.com\\\/\",\"name\":\"Revista Rambla Barcelona\",\"description\":\"Periodismo independiente\",\"publisher\":{\"@id\":\"https:\\\/\\\/www.revistarambla.com\\\/#organization\"},\"potentialAction\":[{\"@type\":\"SearchAction\",\"target\":{\"@type\":\"EntryPoint\",\"urlTemplate\":\"https:\\\/\\\/www.revistarambla.com\\\/?s={search_term_string}\"},\"query-input\":{\"@type\":\"PropertyValueSpecification\",\"valueRequired\":true,\"valueName\":\"search_term_string\"}}],\"inLanguage\":\"en-GB\"},{\"@type\":\"Organization\",\"@id\":\"https:\\\/\\\/www.revistarambla.com\\\/#organization\",\"name\":\"Revista Rambla\",\"url\":\"https:\\\/\\\/www.revistarambla.com\\\/\",\"logo\":{\"@type\":\"ImageObject\",\"inLanguage\":\"en-GB\",\"@id\":\"https:\\\/\\\/www.revistarambla.com\\\/#\\\/schema\\\/logo\\\/image\\\/\",\"url\":\"https:\\\/\\\/www.revistarambla.com\\\/wp-content\\\/uploads\\\/2020\\\/09\\\/banner_rambla_1900x600_BB.png\",\"contentUrl\":\"https:\\\/\\\/www.revistarambla.com\\\/wp-content\\\/uploads\\\/2020\\\/09\\\/banner_rambla_1900x600_BB.png\",\"width\":1900,\"height\":600,\"caption\":\"Revista Rambla\"},\"image\":{\"@id\":\"https:\\\/\\\/www.revistarambla.com\\\/#\\\/schema\\\/logo\\\/image\\\/\"},\"sameAs\":[\"https:\\\/\\\/www.facebook.com\\\/revistarambla\\\/\",\"https:\\\/\\\/x.com\\\/revistarambla\",\"https:\\\/\\\/www.instagram.com\\\/revista_rambla\",\"https:\\\/\\\/es.linkedin.com\\\/company\\\/revista-rambla\"]},{\"@type\":\"Person\",\"@id\":\"https:\\\/\\\/www.revistarambla.com\\\/#\\\/schema\\\/person\\\/4a5652fc8c82df1f8593002d038cd79e\",\"name\":\"Jordi Navarro\"}]}<\/script>\n<!-- \/ Yoast SEO plugin. -->","yoast_head_json":{"title":"Sobre la renta m\u00ednima de inserci\u00f3n - Revista Rambla","description":"La chapuza que ha dejado a cerca de 35.000 familias -entre 110.000 y 80.000 personas- sin los ingresos (426 euros) de la Renta M\u00ednima de Inserci\u00f3n.","robots":{"index":"index","follow":"follow","max-snippet":"max-snippet:-1","max-image-preview":"max-image-preview:large","max-video-preview":"max-video-preview:-1"},"canonical":"https:\/\/www.revistarambla.com\/en\/icomo-vivir-sobre-la-miseria-y-los-miserables\/","og_locale":"en_GB","og_type":"article","og_title":"Sobre la renta m\u00ednima de inserci\u00f3n - Revista Rambla","og_description":"La chapuza que ha dejado a cerca de 35.000 familias -entre 110.000 y 80.000 personas- sin los ingresos (426 euros) de la Renta M\u00ednima de Inserci\u00f3n.","og_url":"https:\/\/www.revistarambla.com\/en\/icomo-vivir-sobre-la-miseria-y-los-miserables\/","og_site_name":"Revista Rambla","article_publisher":"https:\/\/www.facebook.com\/revistarambla\/","article_published_time":"2011-08-19T12:18:50+00:00","article_modified_time":"2021-05-02T18:33:10+00:00","og_image":[{"width":250,"height":196,"url":"https:\/\/i0.wp.com\/www.revistarambla.com\/wp-content\/uploads\/2011\/08\/rebajas1.jpg?fit=250%2C196&ssl=1","type":"image\/jpeg"}],"author":"Jordi Navarro","twitter_card":"summary_large_image","twitter_creator":"@revistarambla","twitter_site":"@revistarambla","twitter_misc":{"Written by":"Jordi Navarro","Estimated reading time":"3 minutes"},"schema":{"@context":"https:\/\/schema.org","@graph":[{"@type":"Article","@id":"https:\/\/www.revistarambla.com\/icomo-vivir-sobre-la-miseria-y-los-miserables\/#article","isPartOf":{"@id":"https:\/\/www.revistarambla.com\/icomo-vivir-sobre-la-miseria-y-los-miserables\/"},"author":{"name":"Jordi Navarro","@id":"https:\/\/www.revistarambla.com\/#\/schema\/person\/4a5652fc8c82df1f8593002d038cd79e"},"headline":"\u00bfC\u00f3mo vivir? Sobre la miseria y los miserables","datePublished":"2011-08-19T12:18:50+00:00","dateModified":"2021-05-02T18:33:10+00:00","mainEntityOfPage":{"@id":"https:\/\/www.revistarambla.com\/icomo-vivir-sobre-la-miseria-y-los-miserables\/"},"wordCount":591,"commentCount":0,"publisher":{"@id":"https:\/\/www.revistarambla.com\/#organization"},"image":{"@id":"https:\/\/www.revistarambla.com\/icomo-vivir-sobre-la-miseria-y-los-miserables\/#primaryimage"},"thumbnailUrl":"https:\/\/www.revistarambla.com\/wp-content\/uploads\/2011\/08\/rebajas1.jpg","articleSection":["Actualidad","Barcelona"],"inLanguage":"en-GB","potentialAction":[{"@type":"CommentAction","name":"Comment","target":["https:\/\/www.revistarambla.com\/icomo-vivir-sobre-la-miseria-y-los-miserables\/#respond"]}]},{"@type":"WebPage","@id":"https:\/\/www.revistarambla.com\/icomo-vivir-sobre-la-miseria-y-los-miserables\/","url":"https:\/\/www.revistarambla.com\/icomo-vivir-sobre-la-miseria-y-los-miserables\/","name":"Sobre la renta m\u00ednima de inserci\u00f3n - Revista Rambla","isPartOf":{"@id":"https:\/\/www.revistarambla.com\/#website"},"primaryImageOfPage":{"@id":"https:\/\/www.revistarambla.com\/icomo-vivir-sobre-la-miseria-y-los-miserables\/#primaryimage"},"image":{"@id":"https:\/\/www.revistarambla.com\/icomo-vivir-sobre-la-miseria-y-los-miserables\/#primaryimage"},"thumbnailUrl":"https:\/\/www.revistarambla.com\/wp-content\/uploads\/2011\/08\/rebajas1.jpg","datePublished":"2011-08-19T12:18:50+00:00","dateModified":"2021-05-02T18:33:10+00:00","description":"La chapuza que ha dejado a cerca de 35.000 familias -entre 110.000 y 80.000 personas- sin los ingresos (426 euros) de la Renta M\u00ednima de Inserci\u00f3n.","breadcrumb":{"@id":"https:\/\/www.revistarambla.com\/icomo-vivir-sobre-la-miseria-y-los-miserables\/#breadcrumb"},"inLanguage":"en-GB","potentialAction":[{"@type":"ReadAction","target":["https:\/\/www.revistarambla.com\/icomo-vivir-sobre-la-miseria-y-los-miserables\/"]}]},{"@type":"ImageObject","inLanguage":"en-GB","@id":"https:\/\/www.revistarambla.com\/icomo-vivir-sobre-la-miseria-y-los-miserables\/#primaryimage","url":"https:\/\/www.revistarambla.com\/wp-content\/uploads\/2011\/08\/rebajas1.jpg","contentUrl":"https:\/\/www.revistarambla.com\/wp-content\/uploads\/2011\/08\/rebajas1.jpg"},{"@type":"BreadcrumbList","@id":"https:\/\/www.revistarambla.com\/icomo-vivir-sobre-la-miseria-y-los-miserables\/#breadcrumb","itemListElement":[{"@type":"ListItem","position":1,"name":"Portada","item":"https:\/\/www.revistarambla.com\/"},{"@type":"ListItem","position":2,"name":"\u00bfC\u00f3mo vivir? Sobre la miseria y los miserables"}]},{"@type":"WebSite","@id":"https:\/\/www.revistarambla.com\/#website","url":"https:\/\/www.revistarambla.com\/","name":"Revista Rambla Barcelona","description":"Periodismo independiente","publisher":{"@id":"https:\/\/www.revistarambla.com\/#organization"},"potentialAction":[{"@type":"SearchAction","target":{"@type":"EntryPoint","urlTemplate":"https:\/\/www.revistarambla.com\/?s={search_term_string}"},"query-input":{"@type":"PropertyValueSpecification","valueRequired":true,"valueName":"search_term_string"}}],"inLanguage":"en-GB"},{"@type":"Organization","@id":"https:\/\/www.revistarambla.com\/#organization","name":"Revista Rambla","url":"https:\/\/www.revistarambla.com\/","logo":{"@type":"ImageObject","inLanguage":"en-GB","@id":"https:\/\/www.revistarambla.com\/#\/schema\/logo\/image\/","url":"https:\/\/www.revistarambla.com\/wp-content\/uploads\/2020\/09\/banner_rambla_1900x600_BB.png","contentUrl":"https:\/\/www.revistarambla.com\/wp-content\/uploads\/2020\/09\/banner_rambla_1900x600_BB.png","width":1900,"height":600,"caption":"Revista Rambla"},"image":{"@id":"https:\/\/www.revistarambla.com\/#\/schema\/logo\/image\/"},"sameAs":["https:\/\/www.facebook.com\/revistarambla\/","https:\/\/x.com\/revistarambla","https:\/\/www.instagram.com\/revista_rambla","https:\/\/es.linkedin.com\/company\/revista-rambla"]},{"@type":"Person","@id":"https:\/\/www.revistarambla.com\/#\/schema\/person\/4a5652fc8c82df1f8593002d038cd79e","name":"Jordi Navarro"}]}},"_links":{"self":[{"href":"https:\/\/www.revistarambla.com\/en\/wp-json\/wp\/v2\/posts\/1098","targetHints":{"allow":["GET"]}}],"collection":[{"href":"https:\/\/www.revistarambla.com\/en\/wp-json\/wp\/v2\/posts"}],"about":[{"href":"https:\/\/www.revistarambla.com\/en\/wp-json\/wp\/v2\/types\/post"}],"author":[{"embeddable":true,"href":"https:\/\/www.revistarambla.com\/en\/wp-json\/wp\/v2\/users\/1"}],"replies":[{"embeddable":true,"href":"https:\/\/www.revistarambla.com\/en\/wp-json\/wp\/v2\/comments?post=1098"}],"version-history":[{"count":0,"href":"https:\/\/www.revistarambla.com\/en\/wp-json\/wp\/v2\/posts\/1098\/revisions"}],"wp:attachment":[{"href":"https:\/\/www.revistarambla.com\/en\/wp-json\/wp\/v2\/media?parent=1098"}],"wp:term":[{"taxonomy":"category","embeddable":true,"href":"https:\/\/www.revistarambla.com\/en\/wp-json\/wp\/v2\/categories?post=1098"},{"taxonomy":"post_tag","embeddable":true,"href":"https:\/\/www.revistarambla.com\/en\/wp-json\/wp\/v2\/tags?post=1098"}],"curies":[{"name":"wp","href":"https:\/\/api.w.org\/{rel}","templated":true}]}}