{"id":1094,"date":"2011-08-14T11:06:05","date_gmt":"2011-08-14T11:06:05","guid":{"rendered":"https:\/\/www.revistarambla.com\/meses-de-trabajo-culminan-en-las-fiestas-de-gracia\/"},"modified":"2021-05-02T20:23:58","modified_gmt":"2021-05-02T18:23:58","slug":"meses-de-trabajo-culminan-en-las-fiestas-de-gracia","status":"publish","type":"post","link":"https:\/\/www.revistarambla.com\/en\/meses-de-trabajo-culminan-en-las-fiestas-de-gracia\/","title":{"rendered":"Meses de trabajo culminan en las fiestas de Gr\u00e0cia"},"content":{"rendered":"<p><img decoding=\"async\" class=\"wp-image-3792 alignright\" src=\"https:\/\/www.revistarambla.com\/wp-content\/uploads\/2013\/08\/fiestas_gracia_01-300x199.jpg\" alt=\"alt\" width=\"317\" height=\"210\" srcset=\"https:\/\/www.revistarambla.com\/wp-content\/uploads\/2013\/08\/fiestas_gracia_01-300x199.jpg 300w, https:\/\/www.revistarambla.com\/wp-content\/uploads\/2013\/08\/fiestas_gracia_01-500x331.jpg 500w, https:\/\/www.revistarambla.com\/wp-content\/uploads\/2013\/08\/fiestas_gracia_01-678x452.jpg 678w, https:\/\/www.revistarambla.com\/wp-content\/uploads\/2013\/08\/fiestas_gracia_01.jpg 682w\" sizes=\"(max-width: 317px) 100vw, 317px\" \/>Como cada a\u00f1o, el 15 de agosto se da inicio a <a href=\"http:\/\/www.festamajordegracia.cat\/\">las fiestas de Gr\u00e0cia<\/a>, con sus calles, estrechas y encantadoras, engalanadas con las m\u00e1s diversas tem\u00e1ticas impulsadas por la creatividad y realizadas con el trabajo de sus vecinos. Sin duda, esta ornamentaci\u00f3n de la v\u00eda p\u00fablica es uno de los rasgos caracter\u00edsticos, sino el que m\u00e1s, de estas fiestas, depositarias de un arraigo social que las ha encumbrado por derecho propio como las fiestas populares m\u00e1s emblem\u00e1ticas de la ciudad de Barcelona, motivo de orgullo entre la vecindad de Gr\u00e0cia y de admiraci\u00f3n para el resto del mundo.<\/p>\n<p>A pocos d\u00edas para el inicio de la fiesta mayor de <span data-scayt_word=\"Gr\u00e0cia\" data-scaytid=\"6\">Gr\u00e0cia<\/span>, las diecinueve calles que este a\u00f1o participan en el concurso de ornamentaci\u00f3n se encuentran, en mayor o menor grado, bajo el estado de agitaci\u00f3n propio de los trabajos que encaran su recta final. En la calle <span data-scayt_word=\"Joan\" data-scaytid=\"9\">Joan<\/span> <span data-scayt_word=\"Blanques\" data-scaytid=\"23\">Blanques<\/span> el ritmo <span data-scayt_word=\"palpita\" data-scaytid=\"36\">palpita<\/span> fraccionado, en tantas partes como la calle. Tal y como nos cuenta\u00a0 <span data-scayt_word=\"Enric\" data-scaytid=\"40\">Enric<\/span>, miembro de la junta de <span data-scayt_word=\"Joan\" data-scaytid=\"10\">Joan<\/span> <span data-scayt_word=\"Blaques\" data-scaytid=\"43\">Blaques<\/span> de <span data-scayt_word=\"Baix\" data-scaytid=\"44\">Baix<\/span>, \u201c<em>antes \u00e9ramos <span data-scayt_word=\"Joan\" data-scaytid=\"11\">Joan<\/span> <span data-scayt_word=\"Blanques\" data-scaytid=\"24\">Blanques<\/span> de <span data-scayt_word=\"Baix\" data-scaytid=\"45\">Baix<\/span> y <span data-scayt_word=\"Joan\" data-scaytid=\"12\">Joan<\/span> <span data-scayt_word=\"Blanques\" data-scaytid=\"25\">Blanques<\/span> de <span data-scayt_word=\"Dalt\" data-scaytid=\"51\">Dalt<\/span>, pero ahora tambi\u00e9n participa la parte de <span data-scayt_word=\"Joan\" data-scaytid=\"13\">Joan<\/span> <span data-scayt_word=\"Blanques\" data-scaytid=\"26\">Blanques<\/span> que queda entre Ram\u00f3n y <span data-scayt_word=\"Cajal\" data-scaytid=\"54\">Cajal<\/span> y la <span data-scayt_word=\"Travessera\" data-scaytid=\"55\">Travessera<\/span> de <\/em><span data-scayt_word=\"Gr\u00e0cia\u201d\" data-scaytid=\"56\"><em>Gr\u00e0cia<\/em>\u201d<\/span>. Es decir, que ahora <span data-scayt_word=\"Joan\" data-scaytid=\"14\">Joan<\/span> <span data-scayt_word=\"Blanques\" data-scaytid=\"27\">Blanques<\/span> de <span data-scayt_word=\"Baix\" data-scaytid=\"46\">Baix<\/span> deber\u00eda pasar a ser <span data-scayt_word=\"Joan\" data-scaytid=\"15\">Joan<\/span> <span data-scayt_word=\"Blanques\" data-scaytid=\"28\">Blanques<\/span> del <span data-scayt_word=\"Mig\" data-scaytid=\"57\">Mig<\/span>&#8230; \u201c<em>Con buen criterio, esta nueva parte ha decidido ser <span data-scayt_word=\"Joan\" data-scaytid=\"16\">Joan<\/span> <span data-scayt_word=\"Blanques\" data-scaytid=\"29\">Blanques<\/span> de <span data-scayt_word=\"Baix\" data-scaytid=\"47\">Baix<\/span> de <span data-scayt_word=\"Tot\u201d\" data-scaytid=\"58\">Tot\u201d<\/span><\/em>, responde sonriente <span data-scayt_word=\"Enric\" data-scaytid=\"41\">Enric<\/span><em>. <\/em>De tal modo que la calle <span data-scayt_word=\"Joan\" data-scaytid=\"17\">Joan<\/span> <span data-scayt_word=\"Blanques\" data-scaytid=\"30\">Blanques<\/span> ser\u00e1 este a\u00f1o la que contar\u00e1 con mayor n\u00famero de tramos <span data-scayt_word=\"ornamentados\" data-scaytid=\"59\">ornamentados<\/span> en las fiestas. <span data-scayt_word=\"N\u00faria\" data-scaytid=\"60\">N\u00faria<\/span>, tambi\u00e9n miembro de la junta de <span data-scayt_word=\"Joan\" data-scaytid=\"18\">Joan<\/span> <span data-scayt_word=\"Blanques\" data-scaytid=\"31\">Blanques<\/span> de <span data-scayt_word=\"Baix\" data-scaytid=\"48\">Baix<\/span>, pinta una cafetera de cart\u00f3n, que m\u00e1s de uno, si la viera por la ma\u00f1ana temprano, pondr\u00eda sin dudar en el fuego: hasta tal punto es el realismo conseguido. Aut\u00e9ntico virtuosismo. La tem\u00e1tica escogida por el tramo de esta calle es la recreaci\u00f3n de una plantaci\u00f3n de caf\u00e9. El argumento decorativo, seg\u00fan explica <span data-scayt_word=\"N\u00faria\" data-scaytid=\"61\">N\u00faria<\/span>, se elige por votaci\u00f3n hacia el mes de noviembre. Y se <span data-scayt_word=\"comienzan\" data-scaytid=\"63\">comienzan<\/span> a organizar reuniones, que aumentan en asiduidad en abril, cuando pr\u00e1cticamente el local se abre todas las tardes. Pero no todo es trabajo: al largo de\u00a0 todo el a\u00f1o, celebran una comida mensual. En el tramo de <span data-scayt_word=\"Joan\" data-scaytid=\"19\">Joan<\/span> <span data-scayt_word=\"Blanques\" data-scaytid=\"32\">Blanques<\/span> de <span data-scayt_word=\"Baix\" data-scaytid=\"49\">Baix<\/span> <span data-scayt_word=\"cuentan\" data-scaytid=\"65\">cuentan<\/span> con alrededor de una docena de personas que forman el n\u00facleo duro de trabajo; no obstante, cuando se acerca la fecha del 15 de agosto aparecen colaboradores que echan un cable para que todo est\u00e9 a punto. \u201c<em>No s\u00f3lo colaboran vecinos, tambi\u00e9n lo hacen residentes de otras calles\u201d, <\/em>aclara <span data-scayt_word=\"N\u00faria\" data-scaytid=\"62\">N\u00faria<\/span>.<\/p>\n<p>En <span data-scayt_word=\"Joan\" data-scaytid=\"20\">Joan<\/span> <span data-scayt_word=\"Blanques\" data-scaytid=\"33\">Blanques<\/span> de <span data-scayt_word=\"Dalt\" data-scaytid=\"52\">Dalt<\/span>, Reis, la presidenta de este tramo de la calle, nos observa que las reuniones <span data-scayt_word=\"comienzan\" data-scaytid=\"64\">comienzan<\/span> en febrero y \u201c<em>lo fuerte, en abril\u201d; <\/em>tambi\u00e9n organizan comidas y venden loter\u00eda para lograr <span data-scayt_word=\"financiaci\u00f3n.La\" data-scaytid=\"1\">financiaci\u00f3n.La<\/span> decoraci\u00f3n se encuentra en un estado m\u00e1s avanzado que en el tramo de <span data-scayt_word=\"Joan\" data-scaytid=\"21\">Joan<\/span> <span data-scayt_word=\"Blanques\" data-scaytid=\"34\">Blanques<\/span> de <span data-scayt_word=\"Baix\" data-scaytid=\"50\">Baix<\/span>: si bien todav\u00eda a medio vestir, esta parte de la calle presenta guirnaldas de vivos colores y todo en ella apunta a una fiesta, a una fiesta bonita de veras. Este a\u00f1o la inspiraci\u00f3n de la tem\u00e1tica ha sido precisamente aquella famosa canci\u00f3n de La Trinca, que dice: <span data-scayt_word=\"\u201cAaaaaalegria\" data-scaytid=\"68\">\u201cAaaaaalegria<\/span>! Que <span data-scayt_word=\"\u00e9s\" data-scaytid=\"69\">\u00e9s<\/span> festa <span data-scayt_word=\"Major\u201d\" data-scaytid=\"70\">Major\u201d<\/span>. Esta idea hay que <span data-scayt_word=\"atribu\u00edrsela\" data-scaytid=\"71\">atribu\u00edrsela<\/span> a <span data-scayt_word=\"Ricard\" data-scaytid=\"72\">Ricard<\/span> <span data-scayt_word=\"Estruch\" data-scaytid=\"73\">Estruch<\/span>, que es el creativo al que se le ocurri\u00f3 que, en estos tiempos de problemas y angustias, era oportuno reivindicar el valor de la fiesta.<\/p>\n<p>En <span data-scayt_word=\"Verdi\" data-scaytid=\"74\">Verdi<\/span> de <span data-scayt_word=\"Dalt\" data-scaytid=\"53\">Dalt<\/span>, el esqueleto de un nav\u00edo de l\u00ednea aparece varado en la portalada de la calle. Y unas figuras con piel de papel de peri\u00f3dico, que s\u00f3lo <span data-scayt_word=\"cuentan\" data-scaytid=\"66\">cuentan<\/span> con la mitad de su cintura hacia arriba, reciben a los peatones. Un poco m\u00e1s adelante, un docena de colas de pez se amontonan esperando su lugar. Aqu\u00ed la tem\u00e1tica gira entorno a la figura m\u00edtica de las sirenas, que seducen y atraen a los marineros hacia las rocas, su perdici\u00f3n. Anna, que colabora en armar la decoraci\u00f3n, nos explica que el n\u00facleo duro son alrededor de una decena de personas, si bien tambi\u00e9n <span data-scayt_word=\"cuentan\" data-scaytid=\"67\">cuentan<\/span> con colaboradores puntuales. \u201c<em>La tem\u00e1tica la escogemos por votaci\u00f3n, pero tampoco te pienses que surgen muchas propuestas<\/em>\u201d, confiesa.<\/p>\n<p>En la calle <span data-scayt_word=\"Progr\u00e9s\" data-scaytid=\"75\">Progr\u00e9s<\/span>, entre naves espaciales a medio terminar (aqu\u00ed la tem\u00e1tica es el espacio <span data-scayt_word=\"intergal\u00e1ctico\" data-scaytid=\"78\">intergal\u00e1ctico<\/span>), <span data-scayt_word=\"Merc\u00e8\" data-scaytid=\"79\">Merc\u00e8<\/span> explica orgullosa que alrededor de medio centenar de j\u00f3venes colaboran en la decoraci\u00f3n. Otras calles tienen a gente mayor, pero en la calle <span data-scayt_word=\"Progr\u00e9s\" data-scaytid=\"76\">Progr\u00e9s<\/span> la juventud es la nota predominante. \u201c<em>Quiz\u00e1 sea la raz\u00f3n por la que nunca nos dan un premio; pasamos por ser muy <span data-scayt_word=\"reivindicativos\" data-scaytid=\"81\">reivindicativos<\/span> y eso no les gusta\u201d<\/em>, y a\u00f1ade \u201c<em>Por eso nos gustar\u00eda que el concurso lo decidiera un jurado popular\u201d. <\/em>Cuando <span data-scayt_word=\"Merc\u00e8\" data-scaytid=\"80\">Merc\u00e8<\/span>, que hered\u00f3 de su padre la pasi\u00f3n por estas fiestas,\u00a0 muestra el local de la junta -un patio lleno de naves espaciales y otros artilugios, con un cobertizo al final-, encontramos a <span data-scayt_word=\"Pau\" data-scaytid=\"82\">Pau<\/span> y a <span data-scayt_word=\"Enric\" data-scaytid=\"42\">Enric<\/span>, miembros de <a href=\"http:\/\/pocabroma.cat\/\">Poca Broma<\/a> y vecinos de <span data-scayt_word=\"Nou\" data-scaytid=\"83\">Nou<\/span> <span data-scayt_word=\"Barris\" data-scaytid=\"85\">Barris<\/span> y <span data-scayt_word=\"Poble\" data-scaytid=\"86\">Poble<\/span> <span data-scayt_word=\"Nou\" data-scaytid=\"84\">Nou<\/span>, respectivamente. <em>\u201cHace tres a\u00f1os que vengo a echar una mano con la decoraci\u00f3n. Antes ensay\u00e1bamos aqu\u00ed, en el local\u201d, <\/em>explica <span data-scayt_word=\"Enric.El\" data-scaytid=\"2\">Enric.El<\/span> pr\u00f3ximo 19 de agosto Poca Broma act\u00faa en la calle <span data-scayt_word=\"Progr\u00e9s\" data-scaytid=\"77\">Progr\u00e9s<\/span>, junto a Alerta y <span data-scayt_word=\"Igitaia\" data-scaytid=\"87\">Igitaia<\/span>.<\/p>\n<p>Escribe <span data-scayt_word=\"Mijail\" data-scaytid=\"88\">Mijail<\/span> <span data-scayt_word=\"Bajtin\" data-scaytid=\"89\">Bajtin<\/span> en su \u201cLa cultura popular en la Edad Media y en el Renacimiento\u201d, que \u201c<em>el pueblo ha sido favorecido por derechos y libertades provenientes de las im\u00e1genes c\u00f3micas de la fiesta y en las cuales encarnaba su propio esp\u00edritu cr\u00edtico, su desconfianza ante la verdad oficial, sus mejores esperanzas y aspiraciones<\/em>\u201d. La cultura burguesa y sus instituciones han tratado de pervertir y desnaturalizar estas fiestas -pensemos en el ejemplo del carnaval, convertido en una r\u00faa oficial y as\u00e9ptica, donde nada queda que merezca el regocijo carnavalesco en su aut\u00e9ntica acepci\u00f3n. Sin embargo, a despecho de estas instituciones, las vecinas y los vecinos de <span data-scayt_word=\"Gr\u00e0cia\" data-scaytid=\"7\">Gr\u00e0cia<\/span>, a la cabeza de otras fiestas de barrio impulsadas por la <span data-scayt_word=\"autogesti\u00f3n\" data-scaytid=\"91\">autogesti\u00f3n<\/span>, la voluntad y la cooperaci\u00f3n colectiva, a\u00fan conservan aquello que, tambi\u00e9n <span data-scayt_word=\"Bajtin\" data-scaytid=\"90\">Bajtin<\/span>, identifica con las formas de la fiesta popular: \u201c<em>la victoria de la profusi\u00f3n universal de los bienes materiales, de la libertad y la igualdad y la fraternidad<\/em>\u201d. Bona festa <span data-scayt_word=\"major\" data-scaytid=\"98\">major!<\/span><\/p>","protected":false},"excerpt":{"rendered":"<p>Como cada a\u00f1o, el 15 de agosto se da inicio a las fiestas de Gr\u00e0cia, con sus calles, estrechas y encantadoras, engalanadas con las m\u00e1s diversas tem\u00e1ticas impulsadas por la creatividad y realizadas con el trabajo de sus vecinos. Sin duda, esta ornamentaci\u00f3n de la v\u00eda p\u00fablica es uno de [&hellip;]<\/p>\n","protected":false},"author":1,"featured_media":0,"comment_status":"open","ping_status":"open","sticky":false,"template":"","format":"standard","meta":{"footnotes":""},"categories":[3,76],"tags":[],"class_list":["post-1094","post","type-post","status-publish","format-standard","hentry","category-actualidad","category-barcelona"],"yoast_head":"<!-- This site is optimized with the Yoast SEO plugin v27.5 - https:\/\/yoast.com\/product\/yoast-seo-wordpress\/ -->\n<title>Meses de trabajo culminan en las fiestas de Gr\u00e0cia - Revista Rambla<\/title>\n<meta name=\"robots\" content=\"index, follow, max-snippet:-1, max-image-preview:large, max-video-preview:-1\" \/>\n<link rel=\"canonical\" href=\"https:\/\/www.revistarambla.com\/en\/meses-de-trabajo-culminan-en-las-fiestas-de-gracia\/\" \/>\n<meta property=\"og:locale\" content=\"en_GB\" \/>\n<meta property=\"og:type\" content=\"article\" \/>\n<meta property=\"og:title\" content=\"Meses de trabajo culminan en las fiestas de Gr\u00e0cia - Revista Rambla\" \/>\n<meta property=\"og:description\" content=\"Como cada a\u00f1o, el 15 de agosto se da inicio a las fiestas de Gr\u00e0cia, con sus calles, estrechas y encantadoras, engalanadas con las m\u00e1s diversas tem\u00e1ticas impulsadas por la creatividad y realizadas con el trabajo de sus vecinos. Sin duda, esta ornamentaci\u00f3n de la v\u00eda p\u00fablica es uno de [&hellip;]\" \/>\n<meta property=\"og:url\" content=\"https:\/\/www.revistarambla.com\/en\/meses-de-trabajo-culminan-en-las-fiestas-de-gracia\/\" \/>\n<meta property=\"og:site_name\" content=\"Revista Rambla\" \/>\n<meta property=\"article:publisher\" content=\"https:\/\/www.facebook.com\/revistarambla\/\" \/>\n<meta property=\"article:published_time\" content=\"2011-08-14T11:06:05+00:00\" \/>\n<meta property=\"article:modified_time\" content=\"2021-05-02T18:23:58+00:00\" \/>\n<meta property=\"og:image\" content=\"https:\/\/i1.wp.com\/www.revistarambla.com\/wp-content\/uploads\/2013\/08\/fiestas_gracia_01.jpg?fit=682%2C452&ssl=1\" \/>\n\t<meta property=\"og:image:width\" content=\"682\" \/>\n\t<meta property=\"og:image:height\" content=\"452\" \/>\n\t<meta property=\"og:image:type\" content=\"image\/jpeg\" \/>\n<meta name=\"author\" content=\"Jordi Navarro\" \/>\n<meta name=\"twitter:card\" content=\"summary_large_image\" \/>\n<meta name=\"twitter:creator\" content=\"@revistarambla\" \/>\n<meta name=\"twitter:site\" content=\"@revistarambla\" \/>\n<meta name=\"twitter:label1\" content=\"Written by\" \/>\n\t<meta name=\"twitter:data1\" content=\"Jordi Navarro\" \/>\n\t<meta name=\"twitter:label2\" content=\"Estimated reading time\" \/>\n\t<meta name=\"twitter:data2\" content=\"5 minutes\" \/>\n<script type=\"application\/ld+json\" class=\"yoast-schema-graph\">{\"@context\":\"https:\\\/\\\/schema.org\",\"@graph\":[{\"@type\":\"Article\",\"@id\":\"https:\\\/\\\/www.revistarambla.com\\\/meses-de-trabajo-culminan-en-las-fiestas-de-gracia\\\/#article\",\"isPartOf\":{\"@id\":\"https:\\\/\\\/www.revistarambla.com\\\/meses-de-trabajo-culminan-en-las-fiestas-de-gracia\\\/\"},\"author\":{\"name\":\"Jordi Navarro\",\"@id\":\"https:\\\/\\\/www.revistarambla.com\\\/#\\\/schema\\\/person\\\/4a5652fc8c82df1f8593002d038cd79e\"},\"headline\":\"Meses de trabajo culminan en las fiestas de Gr\u00e0cia\",\"datePublished\":\"2011-08-14T11:06:05+00:00\",\"dateModified\":\"2021-05-02T18:23:58+00:00\",\"mainEntityOfPage\":{\"@id\":\"https:\\\/\\\/www.revistarambla.com\\\/meses-de-trabajo-culminan-en-las-fiestas-de-gracia\\\/\"},\"wordCount\":1132,\"commentCount\":1,\"publisher\":{\"@id\":\"https:\\\/\\\/www.revistarambla.com\\\/#organization\"},\"image\":{\"@id\":\"https:\\\/\\\/www.revistarambla.com\\\/meses-de-trabajo-culminan-en-las-fiestas-de-gracia\\\/#primaryimage\"},\"thumbnailUrl\":\"https:\\\/\\\/www.revistarambla.com\\\/wp-content\\\/uploads\\\/2013\\\/08\\\/fiestas_gracia_01-300x199.jpg\",\"articleSection\":[\"Actualidad\",\"Barcelona\"],\"inLanguage\":\"en-GB\",\"potentialAction\":[{\"@type\":\"CommentAction\",\"name\":\"Comment\",\"target\":[\"https:\\\/\\\/www.revistarambla.com\\\/meses-de-trabajo-culminan-en-las-fiestas-de-gracia\\\/#respond\"]}]},{\"@type\":\"WebPage\",\"@id\":\"https:\\\/\\\/www.revistarambla.com\\\/meses-de-trabajo-culminan-en-las-fiestas-de-gracia\\\/\",\"url\":\"https:\\\/\\\/www.revistarambla.com\\\/meses-de-trabajo-culminan-en-las-fiestas-de-gracia\\\/\",\"name\":\"Meses de trabajo culminan en las fiestas de Gr\u00e0cia - Revista Rambla\",\"isPartOf\":{\"@id\":\"https:\\\/\\\/www.revistarambla.com\\\/#website\"},\"primaryImageOfPage\":{\"@id\":\"https:\\\/\\\/www.revistarambla.com\\\/meses-de-trabajo-culminan-en-las-fiestas-de-gracia\\\/#primaryimage\"},\"image\":{\"@id\":\"https:\\\/\\\/www.revistarambla.com\\\/meses-de-trabajo-culminan-en-las-fiestas-de-gracia\\\/#primaryimage\"},\"thumbnailUrl\":\"https:\\\/\\\/www.revistarambla.com\\\/wp-content\\\/uploads\\\/2013\\\/08\\\/fiestas_gracia_01-300x199.jpg\",\"datePublished\":\"2011-08-14T11:06:05+00:00\",\"dateModified\":\"2021-05-02T18:23:58+00:00\",\"breadcrumb\":{\"@id\":\"https:\\\/\\\/www.revistarambla.com\\\/meses-de-trabajo-culminan-en-las-fiestas-de-gracia\\\/#breadcrumb\"},\"inLanguage\":\"en-GB\",\"potentialAction\":[{\"@type\":\"ReadAction\",\"target\":[\"https:\\\/\\\/www.revistarambla.com\\\/meses-de-trabajo-culminan-en-las-fiestas-de-gracia\\\/\"]}]},{\"@type\":\"ImageObject\",\"inLanguage\":\"en-GB\",\"@id\":\"https:\\\/\\\/www.revistarambla.com\\\/meses-de-trabajo-culminan-en-las-fiestas-de-gracia\\\/#primaryimage\",\"url\":\"https:\\\/\\\/www.revistarambla.com\\\/wp-content\\\/uploads\\\/2013\\\/08\\\/fiestas_gracia_01-300x199.jpg\",\"contentUrl\":\"https:\\\/\\\/www.revistarambla.com\\\/wp-content\\\/uploads\\\/2013\\\/08\\\/fiestas_gracia_01-300x199.jpg\"},{\"@type\":\"BreadcrumbList\",\"@id\":\"https:\\\/\\\/www.revistarambla.com\\\/meses-de-trabajo-culminan-en-las-fiestas-de-gracia\\\/#breadcrumb\",\"itemListElement\":[{\"@type\":\"ListItem\",\"position\":1,\"name\":\"Portada\",\"item\":\"https:\\\/\\\/www.revistarambla.com\\\/\"},{\"@type\":\"ListItem\",\"position\":2,\"name\":\"Meses de trabajo culminan en las fiestas de Gr\u00e0cia\"}]},{\"@type\":\"WebSite\",\"@id\":\"https:\\\/\\\/www.revistarambla.com\\\/#website\",\"url\":\"https:\\\/\\\/www.revistarambla.com\\\/\",\"name\":\"Revista Rambla Barcelona\",\"description\":\"Periodismo independiente\",\"publisher\":{\"@id\":\"https:\\\/\\\/www.revistarambla.com\\\/#organization\"},\"potentialAction\":[{\"@type\":\"SearchAction\",\"target\":{\"@type\":\"EntryPoint\",\"urlTemplate\":\"https:\\\/\\\/www.revistarambla.com\\\/?s={search_term_string}\"},\"query-input\":{\"@type\":\"PropertyValueSpecification\",\"valueRequired\":true,\"valueName\":\"search_term_string\"}}],\"inLanguage\":\"en-GB\"},{\"@type\":\"Organization\",\"@id\":\"https:\\\/\\\/www.revistarambla.com\\\/#organization\",\"name\":\"Revista Rambla\",\"url\":\"https:\\\/\\\/www.revistarambla.com\\\/\",\"logo\":{\"@type\":\"ImageObject\",\"inLanguage\":\"en-GB\",\"@id\":\"https:\\\/\\\/www.revistarambla.com\\\/#\\\/schema\\\/logo\\\/image\\\/\",\"url\":\"https:\\\/\\\/www.revistarambla.com\\\/wp-content\\\/uploads\\\/2020\\\/09\\\/banner_rambla_1900x600_BB.png\",\"contentUrl\":\"https:\\\/\\\/www.revistarambla.com\\\/wp-content\\\/uploads\\\/2020\\\/09\\\/banner_rambla_1900x600_BB.png\",\"width\":1900,\"height\":600,\"caption\":\"Revista Rambla\"},\"image\":{\"@id\":\"https:\\\/\\\/www.revistarambla.com\\\/#\\\/schema\\\/logo\\\/image\\\/\"},\"sameAs\":[\"https:\\\/\\\/www.facebook.com\\\/revistarambla\\\/\",\"https:\\\/\\\/x.com\\\/revistarambla\",\"https:\\\/\\\/www.instagram.com\\\/revista_rambla\",\"https:\\\/\\\/es.linkedin.com\\\/company\\\/revista-rambla\"]},{\"@type\":\"Person\",\"@id\":\"https:\\\/\\\/www.revistarambla.com\\\/#\\\/schema\\\/person\\\/4a5652fc8c82df1f8593002d038cd79e\",\"name\":\"Jordi Navarro\"}]}<\/script>\n<!-- \/ Yoast SEO plugin. -->","yoast_head_json":{"title":"Meses de trabajo culminan en las fiestas de Gr\u00e0cia - Revista Rambla","robots":{"index":"index","follow":"follow","max-snippet":"max-snippet:-1","max-image-preview":"max-image-preview:large","max-video-preview":"max-video-preview:-1"},"canonical":"https:\/\/www.revistarambla.com\/en\/meses-de-trabajo-culminan-en-las-fiestas-de-gracia\/","og_locale":"en_GB","og_type":"article","og_title":"Meses de trabajo culminan en las fiestas de Gr\u00e0cia - Revista Rambla","og_description":"Como cada a\u00f1o, el 15 de agosto se da inicio a las fiestas de Gr\u00e0cia, con sus calles, estrechas y encantadoras, engalanadas con las m\u00e1s diversas tem\u00e1ticas impulsadas por la creatividad y realizadas con el trabajo de sus vecinos. Sin duda, esta ornamentaci\u00f3n de la v\u00eda p\u00fablica es uno de [&hellip;]","og_url":"https:\/\/www.revistarambla.com\/en\/meses-de-trabajo-culminan-en-las-fiestas-de-gracia\/","og_site_name":"Revista Rambla","article_publisher":"https:\/\/www.facebook.com\/revistarambla\/","article_published_time":"2011-08-14T11:06:05+00:00","article_modified_time":"2021-05-02T18:23:58+00:00","og_image":[{"width":682,"height":452,"url":"https:\/\/i1.wp.com\/www.revistarambla.com\/wp-content\/uploads\/2013\/08\/fiestas_gracia_01.jpg?fit=682%2C452&ssl=1","type":"image\/jpeg"}],"author":"Jordi Navarro","twitter_card":"summary_large_image","twitter_creator":"@revistarambla","twitter_site":"@revistarambla","twitter_misc":{"Written by":"Jordi Navarro","Estimated reading time":"5 minutes"},"schema":{"@context":"https:\/\/schema.org","@graph":[{"@type":"Article","@id":"https:\/\/www.revistarambla.com\/meses-de-trabajo-culminan-en-las-fiestas-de-gracia\/#article","isPartOf":{"@id":"https:\/\/www.revistarambla.com\/meses-de-trabajo-culminan-en-las-fiestas-de-gracia\/"},"author":{"name":"Jordi Navarro","@id":"https:\/\/www.revistarambla.com\/#\/schema\/person\/4a5652fc8c82df1f8593002d038cd79e"},"headline":"Meses de trabajo culminan en las fiestas de Gr\u00e0cia","datePublished":"2011-08-14T11:06:05+00:00","dateModified":"2021-05-02T18:23:58+00:00","mainEntityOfPage":{"@id":"https:\/\/www.revistarambla.com\/meses-de-trabajo-culminan-en-las-fiestas-de-gracia\/"},"wordCount":1132,"commentCount":1,"publisher":{"@id":"https:\/\/www.revistarambla.com\/#organization"},"image":{"@id":"https:\/\/www.revistarambla.com\/meses-de-trabajo-culminan-en-las-fiestas-de-gracia\/#primaryimage"},"thumbnailUrl":"https:\/\/www.revistarambla.com\/wp-content\/uploads\/2013\/08\/fiestas_gracia_01-300x199.jpg","articleSection":["Actualidad","Barcelona"],"inLanguage":"en-GB","potentialAction":[{"@type":"CommentAction","name":"Comment","target":["https:\/\/www.revistarambla.com\/meses-de-trabajo-culminan-en-las-fiestas-de-gracia\/#respond"]}]},{"@type":"WebPage","@id":"https:\/\/www.revistarambla.com\/meses-de-trabajo-culminan-en-las-fiestas-de-gracia\/","url":"https:\/\/www.revistarambla.com\/meses-de-trabajo-culminan-en-las-fiestas-de-gracia\/","name":"Meses de trabajo culminan en las fiestas de Gr\u00e0cia - Revista Rambla","isPartOf":{"@id":"https:\/\/www.revistarambla.com\/#website"},"primaryImageOfPage":{"@id":"https:\/\/www.revistarambla.com\/meses-de-trabajo-culminan-en-las-fiestas-de-gracia\/#primaryimage"},"image":{"@id":"https:\/\/www.revistarambla.com\/meses-de-trabajo-culminan-en-las-fiestas-de-gracia\/#primaryimage"},"thumbnailUrl":"https:\/\/www.revistarambla.com\/wp-content\/uploads\/2013\/08\/fiestas_gracia_01-300x199.jpg","datePublished":"2011-08-14T11:06:05+00:00","dateModified":"2021-05-02T18:23:58+00:00","breadcrumb":{"@id":"https:\/\/www.revistarambla.com\/meses-de-trabajo-culminan-en-las-fiestas-de-gracia\/#breadcrumb"},"inLanguage":"en-GB","potentialAction":[{"@type":"ReadAction","target":["https:\/\/www.revistarambla.com\/meses-de-trabajo-culminan-en-las-fiestas-de-gracia\/"]}]},{"@type":"ImageObject","inLanguage":"en-GB","@id":"https:\/\/www.revistarambla.com\/meses-de-trabajo-culminan-en-las-fiestas-de-gracia\/#primaryimage","url":"https:\/\/www.revistarambla.com\/wp-content\/uploads\/2013\/08\/fiestas_gracia_01-300x199.jpg","contentUrl":"https:\/\/www.revistarambla.com\/wp-content\/uploads\/2013\/08\/fiestas_gracia_01-300x199.jpg"},{"@type":"BreadcrumbList","@id":"https:\/\/www.revistarambla.com\/meses-de-trabajo-culminan-en-las-fiestas-de-gracia\/#breadcrumb","itemListElement":[{"@type":"ListItem","position":1,"name":"Portada","item":"https:\/\/www.revistarambla.com\/"},{"@type":"ListItem","position":2,"name":"Meses de trabajo culminan en las fiestas de Gr\u00e0cia"}]},{"@type":"WebSite","@id":"https:\/\/www.revistarambla.com\/#website","url":"https:\/\/www.revistarambla.com\/","name":"Revista Rambla Barcelona","description":"Periodismo independiente","publisher":{"@id":"https:\/\/www.revistarambla.com\/#organization"},"potentialAction":[{"@type":"SearchAction","target":{"@type":"EntryPoint","urlTemplate":"https:\/\/www.revistarambla.com\/?s={search_term_string}"},"query-input":{"@type":"PropertyValueSpecification","valueRequired":true,"valueName":"search_term_string"}}],"inLanguage":"en-GB"},{"@type":"Organization","@id":"https:\/\/www.revistarambla.com\/#organization","name":"Revista Rambla","url":"https:\/\/www.revistarambla.com\/","logo":{"@type":"ImageObject","inLanguage":"en-GB","@id":"https:\/\/www.revistarambla.com\/#\/schema\/logo\/image\/","url":"https:\/\/www.revistarambla.com\/wp-content\/uploads\/2020\/09\/banner_rambla_1900x600_BB.png","contentUrl":"https:\/\/www.revistarambla.com\/wp-content\/uploads\/2020\/09\/banner_rambla_1900x600_BB.png","width":1900,"height":600,"caption":"Revista Rambla"},"image":{"@id":"https:\/\/www.revistarambla.com\/#\/schema\/logo\/image\/"},"sameAs":["https:\/\/www.facebook.com\/revistarambla\/","https:\/\/x.com\/revistarambla","https:\/\/www.instagram.com\/revista_rambla","https:\/\/es.linkedin.com\/company\/revista-rambla"]},{"@type":"Person","@id":"https:\/\/www.revistarambla.com\/#\/schema\/person\/4a5652fc8c82df1f8593002d038cd79e","name":"Jordi Navarro"}]}},"_links":{"self":[{"href":"https:\/\/www.revistarambla.com\/en\/wp-json\/wp\/v2\/posts\/1094","targetHints":{"allow":["GET"]}}],"collection":[{"href":"https:\/\/www.revistarambla.com\/en\/wp-json\/wp\/v2\/posts"}],"about":[{"href":"https:\/\/www.revistarambla.com\/en\/wp-json\/wp\/v2\/types\/post"}],"author":[{"embeddable":true,"href":"https:\/\/www.revistarambla.com\/en\/wp-json\/wp\/v2\/users\/1"}],"replies":[{"embeddable":true,"href":"https:\/\/www.revistarambla.com\/en\/wp-json\/wp\/v2\/comments?post=1094"}],"version-history":[{"count":0,"href":"https:\/\/www.revistarambla.com\/en\/wp-json\/wp\/v2\/posts\/1094\/revisions"}],"wp:attachment":[{"href":"https:\/\/www.revistarambla.com\/en\/wp-json\/wp\/v2\/media?parent=1094"}],"wp:term":[{"taxonomy":"category","embeddable":true,"href":"https:\/\/www.revistarambla.com\/en\/wp-json\/wp\/v2\/categories?post=1094"},{"taxonomy":"post_tag","embeddable":true,"href":"https:\/\/www.revistarambla.com\/en\/wp-json\/wp\/v2\/tags?post=1094"}],"curies":[{"name":"wp","href":"https:\/\/api.w.org\/{rel}","templated":true}]}}