{"id":1091,"date":"2011-08-09T14:52:04","date_gmt":"2011-08-09T12:52:04","guid":{"rendered":"https:\/\/www.revistarambla.com\/le-petit-ramon-todo-el-mundo-deberia-hacer-musica-es-el-ejercicio-mas-completo\/"},"modified":"2021-12-08T20:48:50","modified_gmt":"2021-12-08T19:48:50","slug":"le-petit-ramon-todo-el-mundo-deberia-hacer-musica-es-el-ejercicio-mas-completo","status":"publish","type":"post","link":"https:\/\/www.revistarambla.com\/en\/le-petit-ramon-todo-el-mundo-deberia-hacer-musica-es-el-ejercicio-mas-completo\/","title":{"rendered":"Le Petit Ramon: \u00abTodo el mundo deber\u00eda hacer m\u00fasica, es el ejercicio m\u00e1s completo\u00bb"},"content":{"rendered":"<p>M\u00fasico de vocaci\u00f3n y arquitecto de profesi\u00f3n, Ramon Faura a\u00fana la genialidad del artista en su abstracci\u00f3n m\u00e1s demente con la complicidad del artesano que pule y comparte sus obras. La \u00faltima, \u201cBrou\u201d (\u201cCaldo\u201d), segunda producci\u00f3n en formato de tr\u00edo junto a las percusiones de Xavi Tasies y al cello de Elvira, que sorprende por su s\u00edntesis de folk, pop, rock, blues y dem\u00e1s condimentos. El embarazo de Elvira obliga a la banda a tomarse un par\u00e9ntesis pero antes les podremos ver el 21 de agosto en las Fiestas de Gr\u00e0cia y el 17 de septiembre en el Mercat de M\u00fasica Viva de Vic. Mientras esperamos su reaparici\u00f3n, podemos degustar los shows ac\u00fasticos en solitario de Ramon o sumergirnos en su flamante proyecto, Macho, rock and roll salvaje en estado primigenio.<\/p>\n<p><img decoding=\"async\" class=\"aligncenter wp-image-31283 size-full\" src=\"https:\/\/www.revistarambla.com\/wp-content\/uploads\/2011\/08\/le-petit-ramon.jpg\" alt=\"\" width=\"672\" height=\"341\" srcset=\"https:\/\/www.revistarambla.com\/wp-content\/uploads\/2011\/08\/le-petit-ramon.jpg 672w, https:\/\/www.revistarambla.com\/wp-content\/uploads\/2011\/08\/le-petit-ramon-300x152.jpg 300w\" sizes=\"(max-width: 672px) 100vw, 672px\" \/><\/p>\n<p><strong>\u00bfPor qu\u00e9 decides titular el disco de esa manera, tiene un significado concreto? \u00bfQuer\u00edas transmitir la idea de que hay muchos ingredientes distintos que enriquecen ese caldo?<\/strong><\/p>\n<p>\u201cComo siempre me pasa con los t\u00edtulos y con las letras, nunca tengo una idea previa, no es que quiera transmitir algo y busque la palabra sino que dejo que sea lo que se me ocurra y si soy capaz de descubrir un sentido, pues me la quedo. En este caso ven\u00eda de la letra de una canci\u00f3n que dice \u201cnunca hace fr\u00edo cuando tu coraz\u00f3n <span data-scayt_word=\"hierve\" data-scaytid=\"9\">hierve<\/span> como el caldo\u201d y cogimos el verso como t\u00edtulo. Pero era muy largo y lo acortamos. Nos gust\u00f3 porque transmit\u00eda el proceso de este \u00faltimo disco en el que hemos aglutinado m\u00e1s influencias y referencias. Y al ser este disco m\u00e1s negro que los anteriores, negro de m\u00fasica negra, no de m\u00fasica g\u00f3tica, al tener ese componente <span data-scayt_word=\"blues\" data-scaytid=\"36\">blues<\/span> o m\u00e1s de tradici\u00f3n negra, pues me pareci\u00f3 bien como mezcla, como caldo, sea un trozo de jam\u00f3n o de patata\u201d.<\/p>\n<p><strong>La base es de <span data-scayt_word=\"rock\" data-scaytid=\"32\">rock<\/span>, pero tambi\u00e9n hay elementos de <span data-scayt_word=\"blues\" data-scaytid=\"37\">blues<\/span>, <span data-scayt_word=\"folk\" data-scaytid=\"27\">folk<\/span>, <span data-scayt_word=\"psicodelia\" data-scaytid=\"47\">psicodelia<\/span> y otros que escapan a cualquier <span data-scayt_word=\"categoria\" data-scaytid=\"48\">categoria<\/span> o definici\u00f3n. \u00bfPodemos encontrar algo m\u00e1s?<\/strong><\/p>\n<p>\u201cMe gustan muchas cosas pero lo que m\u00e1s me marca al hacer m\u00fasica <span data-scayt_word=\"\u00e9s\" data-scaytid=\"49\">\u00e9s<\/span> el periodo que va entre 1964 i 1977, y b\u00e1sicamente es de ra\u00edz negra, <span data-scayt_word=\"rhythm\u2019n\u2019\" data-scaytid=\"50\">rhythm\u2019n\u2019<\/span> <span data-scayt_word=\"blues\" data-scaytid=\"38\">blues<\/span>. Me gusta mucho el <span data-scayt_word=\"blues\" data-scaytid=\"39\">blues<\/span> rural negro de los a\u00f1os 30 pero me he empapado m\u00e1s del <span data-scayt_word=\"recocinado\" data-scaytid=\"51\">recocinado<\/span> que hacen los ingleses en los 60, desde los <span data-scayt_word=\"Stones\" data-scaytid=\"52\">Stones<\/span> a <span data-scayt_word=\"The\" data-scaytid=\"55\">The<\/span> <span data-scayt_word=\"Animals\" data-scaytid=\"61\">Animals<\/span>, y toda la derivaci\u00f3n <span data-scayt_word=\"psicod\u00e9lica\" data-scaytid=\"62\">psicod\u00e9lica<\/span> de los <span data-scayt_word=\"Pretty\" data-scaytid=\"63\">Pretty<\/span> <span data-scayt_word=\"Things\" data-scaytid=\"65\">Things<\/span> y los <span data-scayt_word=\"Beatles\" data-scaytid=\"67\">Beatles<\/span>, el <span data-scayt_word=\"folk-blues\" data-scaytid=\"71\">folk-blues<\/span> como <span data-scayt_word=\"JB\" data-scaytid=\"72\">JB<\/span> <span data-scayt_word=\"Lenoir\" data-scaytid=\"73\">Lenoir<\/span> o Son <span data-scayt_word=\"House...Y\" data-scaytid=\"1\">House&#8230;Y<\/span> eso define cada vez m\u00e1s el sonido que hacemos\u201d.<\/p>\n<p><strong>En cualquier caso, \u00bfqu\u00e9 diferencia el nuevo trabajo del anterior? <\/strong><\/p>\n<p>\u201cDe actitud es muy similar porque hay cierta <span data-scayt_word=\"immediatez\" data-scaytid=\"74\">immediatez<\/span> a la hora de grabar e intentar capturar la parte m\u00e1s improvisada de la m\u00fasica pero en el anterior, quiz\u00e1s porque era la primera vez que lo hac\u00edamos como tr\u00edo y est\u00e1bamos descubriendo posibilidades, hay m\u00e1s espacio para evoluciones instrumentales, temas m\u00e1s largos, es m\u00e1s <span data-scayt_word=\"\u201cpsicod\u00e9lico\u201d\" data-scaytid=\"75\">\u201cpsicod\u00e9lico\u201d<\/span> porque hay m\u00e1s pasajes, cambios, <span data-scayt_word=\"atmosferas...En\" data-scaytid=\"2\">atmosferas&#8230;En<\/span> cambio este \u00faltimo es m\u00e1s <span data-scayt_word=\"immediato\" data-scaytid=\"76\">immediato<\/span> en cuanto a estructuras, son m\u00e1s sencillas y compactas, hay pocas evoluciones instrumentales, es mucho m\u00e1s de voces y m\u00e1s fren\u00e9tico. El anterior es m\u00e1s tranquilo, de texturas y de ambientes y este \u00faltimo es m\u00e1s <span data-scayt_word=\"rockero\u201d\" data-scaytid=\"77\">rockero\u201d<\/span>.<\/p>\n<p><strong>Es ya tu tercer disco con <span data-scayt_word=\"Bankrobber\" data-scaytid=\"78\">Bankrobber<\/span>. \u00bfC\u00f3mo te has encontrado con ellos?<\/strong><\/p>\n<p>\u201cMuy bien, perfecto por todo pero lo m\u00e1s importante es que hay un di\u00e1logo constante a la hora de hacer los discos. Que la discogr\u00e1fica no sea alguien con quien <span data-scayt_word=\"tengas\" data-scaytid=\"79\">tengas<\/span> que negociar sino alguien con quien hablas tranquilamente tomando una cerveza, que te ayuda a seleccionar los temas cuando t\u00fa no lo tienes muy <span data-scayt_word=\"claro...es\" data-scaytid=\"3\">claro&#8230;es<\/span> impagable\u201d.<\/p>\n<p><strong>Hay una versi\u00f3n de <span data-scayt_word=\"Willie\" data-scaytid=\"80\">Willie<\/span> <span data-scayt_word=\"Dixon\" data-scaytid=\"81\">Dixon<\/span>. \u00bfPor qu\u00e9 la elegiste?<\/strong><\/p>\n<p>\u201cEso fue un poco casualidad y surgi\u00f3 en uno de los conciertos que hago solo. Hice esta versi\u00f3n que conoc\u00eda a trav\u00e9s de <span data-scayt_word=\"Bo\" data-scaytid=\"83\">Bo<\/span> <span data-scayt_word=\"Diddley\" data-scaytid=\"84\">Diddley<\/span> y hace tiempo me <span data-scayt_word=\"sugirireron\" data-scaytid=\"85\">sugirireron<\/span> que la grabara pero lo intent\u00e9 y no funcionaba. Pero un d\u00eda lo prob\u00e9, me entusiasm\u00f3, <span data-scayt_word=\"traduc\u00ed\" data-scaytid=\"86\">traduc\u00ed<\/span> la letra y ya est\u00e1\u201d.<\/p>\n<p><strong>Hace tres meses que el disco est\u00e1 en el mercado. \u00bfQu\u00e9 tal lo ha recibido el p\u00fablico, a nivel de comentarios en los conciertos y en los <span data-scayt_word=\"blogs\" data-scaytid=\"87\">blogs<\/span>?<\/strong><\/p>\n<p>\u201cA nivel de comentarios muy bien, en las redes sociales y en los conciertos pues muy bien, siempre teniendo en cuenta que estamos dentro de un circuito marginal. Pero notas mucha euforia de la gente con el disco, y me ha pasado bastante m\u00e1s que con los discos anteriores. A nivel de p\u00fablico es una de las veces en las que he notado m\u00e1s respuesta por parte del p\u00fablico\u201d.<\/p>\n<p><strong>Me gustar\u00eda saber la cuota de improvisaci\u00f3n que tiene el nuevo \u00e1lbum. \u00bfTrabajaste con un gui\u00f3n preestablecido?<\/strong><\/p>\n<p>\u201cNo ten\u00eda un gui\u00f3n inicial r\u00edgido pero intent\u00e9 no grabar ninguna canci\u00f3n sin antes haberla montado con el tr\u00edo, excepto un par de canciones, la versi\u00f3n de <span data-scayt_word=\"Dixon\" data-scaytid=\"82\">Dixon<\/span> y la <span data-scayt_word=\"\u2018Blues\" data-scaytid=\"88\">\u2018Blues<\/span> de la <span data-scayt_word=\"vedella\u2019\" data-scaytid=\"89\">vedella\u2019<\/span>, que es totalmente improvisada y luego la complet\u00e9\u201d.<\/p>\n<p><strong>La mayor\u00eda de los \u201creferentes obligatorios\u201d que citas son americanos (<span data-scayt_word=\"Captain\" data-scaytid=\"90\">Captain<\/span> <span data-scayt_word=\"Beefheart\" data-scaytid=\"92\">Beefheart<\/span>, <span data-scayt_word=\"The\" data-scaytid=\"56\">The<\/span> <span data-scayt_word=\"Byrds\" data-scaytid=\"94\">Byrds<\/span>, <span data-scayt_word=\"Howlin\" data-scaytid=\"95\">Howlin<\/span> <span data-scayt_word=\"Wolf\" data-scaytid=\"96\">Wolf<\/span>, <span data-scayt_word=\"The\" data-scaytid=\"57\">The<\/span> <span data-scayt_word=\"Seeds\" data-scaytid=\"97\">Seeds<\/span> o <span data-scayt_word=\"Heavy\" data-scaytid=\"98\">Heavy<\/span> <span data-scayt_word=\"Trash\" data-scaytid=\"99\">Trash<\/span>). \u00bfEso significa que tu sonido es m\u00e1s americano que brit\u00e1nico, en el sentido que est\u00e1s m\u00e1s cerca del <span data-scayt_word=\"rock\" data-scaytid=\"33\">rock<\/span> que del <span data-scayt_word=\"pop\" data-scaytid=\"29\">pop<\/span>? <\/strong><\/p>\n<p>\u201cS\u00ed, pero hay un tipo de m\u00fasica inglesa que tambi\u00e9n es muy <span data-scayt_word=\"rockera\" data-scaytid=\"100\">rockera<\/span> y es la que m\u00e1s me ha marcado: <span data-scayt_word=\"Beatles\" data-scaytid=\"68\">Beatles<\/span>, <span data-scayt_word=\"The\" data-scaytid=\"58\">The<\/span> <span data-scayt_word=\"Who\" data-scaytid=\"102\">Who<\/span>, <span data-scayt_word=\"Rolling\" data-scaytid=\"103\">Rolling<\/span> <span data-scayt_word=\"Stones\" data-scaytid=\"53\">Stones<\/span>, <span data-scayt_word=\"Pretty\" data-scaytid=\"64\">Pretty<\/span> <span data-scayt_word=\"Things\" data-scaytid=\"66\">Things<\/span>&#8230; pero seguramente hay ese punto americano que de cara al tr\u00edo me influye m\u00e1s. Pero al hablar de punto americano no me refiero a Los \u00c1ngeles y a algo grandilocuente, pienso m\u00e1s en cosas m\u00e1s californianas y m\u00e1s <span data-scayt_word=\"hippies\" data-scaytid=\"104\">hippies<\/span>, ese estilo m\u00e1s \u201cdejado\u201d, incluso cuando los <span data-scayt_word=\"Stones\" data-scaytid=\"54\">Stones<\/span> juegan a eso hacen acentos americanos, o <span data-scayt_word=\"Captain\" data-scaytid=\"91\">Captain<\/span> <span data-scayt_word=\"Beefheart\" data-scaytid=\"93\">Beefheart<\/span> haciendo cosas raras. Es m\u00e1s americano por ese punto m\u00e1s improvisado, pero no de improvisar musicalmente sino del hecho que de repente hay mucha gente en la habitaci\u00f3n, vamos a tocar una canci\u00f3n y la grabamos\u201d.<\/p>\n<p><strong>\u00bfQu\u00e9 aportan <span data-scayt_word=\"Xavi\" data-scaytid=\"19\">Xavi<\/span> y <span data-scayt_word=\"Elvira\" data-scaytid=\"24\">Elvira<\/span> a tu sonido?<\/strong><\/p>\n<p>\u201cEl hecho de que toquen instrumentos que no son t\u00edpicos de la m\u00fasica que hacemos te obliga a trabajar mucho los arreglos. Si todo guitarrista tiene una tendencia plasta a los solos pues en este caso yo no puedo hacerlo con una base de caj\u00f3n y contrabajo. <span data-scayt_word=\"Xavi\" data-scaytid=\"20\">Xavi<\/span> aporta cuestiones r\u00edtmicas de procedencia latina que a m\u00ed se me escapan y <span data-scayt_word=\"Elvira\" data-scaytid=\"25\">Elvira<\/span>, aparte de utilizar el <span data-scayt_word=\"chelo\" data-scaytid=\"105\">chelo<\/span> como contrabajo, el hecho de frasear con el arco, produce una especie de segunda voz muy humana\u201d.<\/p>\n<p><strong>\u00bfC\u00f3mo ves la escena musical catalana actual? Hay m\u00e1s variedad y abundancia que nunca&#8230;<\/strong><\/p>\n<p>\u201cEst\u00e1 muy bien, me parece que, en cuanto a la m\u00fasica el\u00e9ctrica o <span data-scayt_word=\"rockera\" data-scaytid=\"101\">rockera<\/span>, es de los mejores momentos, o como m\u00ednimo hay muchas cosas. Lo \u00fanico que puede pasar es que, como tampoco hay mucha salida laboral real, porque casi nadie puede vivir de eso excepto tres o cuatro casos, la cosa se diluya. El problema es que cuando una realidad musical catalana no se alimenta econ\u00f3micamente corre el riesgo de ser <span data-scayt_word=\"instrumentalizada\" data-scaytid=\"106\">instrumentalizada<\/span> pol\u00edticamente desde las instituciones, que esto no acabe como el <span data-scayt_word=\"rock\" data-scaytid=\"34\">rock<\/span> catal\u00e1n segunda parte. Creo que hay suficiente valor musical y art\u00edstico como para que esto sea el centro de atenci\u00f3n y para que esto sea lo que se promocione\u201d.<\/p>\n<p><strong>\u00bfY qu\u00e9 opinas de la crisis de la industria, de las nuevas tecnolog\u00edas, los derechos de autor, las descargas&#8230;? <\/strong><\/p>\n<p>\u201cEn un sitio tan peque\u00f1o como <span data-scayt_word=\"Catalunya\" data-scaytid=\"107\">Catalunya<\/span> los efectos negativos de este fen\u00f3meno se notan todav\u00eda m\u00e1s y, en cierta forma, esa manera de entender la m\u00fasica, que un artista saca un disco, hace conciertos y la gente paga, creo que est\u00e1 condenada a desaparecer. El disco se convierte en una reliquia con la que puedes <span data-scayt_word=\"sacralizar\" data-scaytid=\"109\">sacralizar<\/span> la imagen del artista-genio-estrella, cuando esto deja de tener valor comercial porque lo puedes descargar de Internet, desaparece tambi\u00e9n esa diferencia radical entre el artista-genio que hay que venerar y el p\u00fablico que lo venera. Y cada vez hay menos diferencia entre el artista y los que lo miran hasta el punto en que a veces en los conciertos la gente no deja de hablar y no hay respeto hacia el artista. S\u00ed que existe la veneraci\u00f3n de la fama, pero la idea antigua de unos <span data-scayt_word=\"Beatles\" data-scaytid=\"69\">Beatles<\/span> y la gente gritando pues desaparecer\u00e1. Llegar\u00e1 un momento en el que no se har\u00e1 para cobrar. Siempre habr\u00e1 <span data-scayt_word=\"Shakiras\" data-scaytid=\"110\">Shakiras<\/span> y dem\u00e1s productos, pero yo hablo de la m\u00fasica que <span data-scayt_word=\"commueve\" data-scaytid=\"111\">commueve<\/span> y transmite cosas, ser\u00e1 como los gitanos, en los que la familia toca, o como el siglo <span data-scayt_word=\"XIX\" data-scaytid=\"112\">XIX<\/span> en el que la ni\u00f1a tocaba y todo el mundo escuchaba <span data-scayt_word=\"Chopin\" data-scaytid=\"113\">Chopin<\/span> gracias a la ni\u00f1a tocando en el sal\u00f3n de casa: el que escucha y el que lo hace es el mismo grupo social. Todo lo que explican de que las descargas favorecen que la gente conozca m\u00e1s m\u00fasica y vaya a conciertos, lo dudo mucho, porque cuando algo no vale dinero, pierde valor\u201d.<\/p>\n<p><strong>\u00bfNo crees que los adquieren ahora m\u00e1s importancia?<\/strong><\/p>\n<p>\u201cYo no me lo creo porque la grabaci\u00f3n es un campo suficientemente espec\u00edfico como para innovar, aunque sea para capturar una supuesta alma de directo. Pero eso es dinero y muchas horas de trabajo, y si nadie te lo paga, llega un punto en el que no lo haces. Cuando lo has hecho muchas veces y no hay un beneficio econ\u00f3mico, pues tienes otras cosas que hacer. Lo de las grabaciones desaparecer\u00e1 y como artefacto <span data-scayt_word=\"promocional\" data-scaytid=\"114\">promocional<\/span> continuar\u00e1. Pero es diferente un <span data-scayt_word=\"Michelangelo\" data-scaytid=\"115\">Michelangelo<\/span> que un anuncio de <span data-scayt_word=\"Volkswagen\" data-scaytid=\"116\">Volkswagen<\/span>, es diferente cuando la obra de arte es un fin en s\u00ed misma que cuando es un artefacto publicitario. Y eso ya est\u00e1 pasando en la m\u00fasica: cosas muy\u00a0 brillantes en la primera escucha pero que en la cuarta ya te lo sabes todo y ya no te interesa. Y de cara a los conciertos, si sabes que la m\u00fasica no vale nada porque te la <span data-scayt_word=\"descargas...Cuando\" data-scaytid=\"4\">descargas&#8230;Cuando<\/span> yo era peque\u00f1o conseguir un disco de <span data-scayt_word=\"The\" data-scaytid=\"59\">The<\/span> <span data-scayt_word=\"Hollies\" data-scaytid=\"117\">Hollies<\/span> era una aventura porque no se editaba aqu\u00ed, consegu\u00edas una edici\u00f3n en la calle <span data-scayt_word=\"Tallers\" data-scaytid=\"118\">Tallers<\/span> y te costaba un <span data-scayt_word=\"dineral...Ahora\" data-scaytid=\"5\">dineral&#8230;Ahora<\/span> la gente joven se descarga m\u00fasica y a veces ni conoce el autor, porque son <span data-scayt_word=\"mp3\" data-scaytid=\"119\">mp3<\/span> sueltos de canciones. El <span data-scayt_word=\"mp3\" data-scaytid=\"120\">mp3<\/span>, al ser tan virtual, potencia m\u00e1s este consumo. Si no saben qui\u00e9n es el autor, es probable que si el artista viene a tocar en su ciudad, pues ni se enteren\u201d.<\/p>\n<p><strong>Antes la gente ten\u00eda m\u00e1s paciencia a la hora de escuchar un disco, se lo compraba, lo escuchaba minuciosamente de la primera canci\u00f3n a la \u00faltima, lo <span data-scayt_word=\"memorizaba\" data-scaytid=\"122\">memorizaba<\/span> y se quedaba con los temas que m\u00e1s le gustaban. Con las descargas, funcionamos m\u00e1s por la primera impresi\u00f3n, si algo no nos entra a la primera, lo desechamos y nos descargamos otra cosa&#8230;<\/strong><\/p>\n<p>\u201cLa forma de consumir m\u00fasica ha cambiado. Cuando yo era peque\u00f1o, comprarme un disco de <span data-scayt_word=\"The\" data-scaytid=\"60\">The<\/span> <span data-scayt_word=\"Beatles\" data-scaytid=\"70\">Beatles<\/span> me costaba dos <span data-scayt_word=\"semanadas\" data-scaytid=\"123\">semanadas<\/span>, y cuando lo ten\u00edas lo escuchabas 50.000 veces. Cuando eres mayor y tienes m\u00e1s dinero pasa menos, pero cuando puedes descargar los discos&#8230;<\/p>\n<p><strong>Acumulas y no profundizas.<\/strong><\/p>\n<p>\u201cS\u00ed, cuando algo ya no cuesta dinero, ya no lo valoras. El hecho de tener un <span data-scayt_word=\"vinilo\" data-scaytid=\"124\">vinilo<\/span> con una portada te permite situar mucho m\u00e1s la m\u00fasica que est\u00e1s escuchando, <span data-scayt_word=\"proque\" data-scaytid=\"125\">proque<\/span> la m\u00fasica es abstracci\u00f3n pura. Y el <span data-scayt_word=\"mp3\" data-scaytid=\"121\">mp3<\/span> es tan fantasmag\u00f3rico que todav\u00eda dificulta m\u00e1s esa especie de implicaci\u00f3n emocional y acaba siendo algo que se vive de forma m\u00e1s externa y fr\u00edvola, no en el sentido moral sino en el de implicaci\u00f3n\u201d.<\/p>\n<p><strong>Adem\u00e1s, da la sensaci\u00f3n que hemos pasado de un extremo a otro: hace unas d\u00e9cadas s\u00f3lo algunos eran o pod\u00edan ser artistas y los medios <\/strong><strong>de comunicaci\u00f3n as\u00ed te lo inculcaban mientras que ahora parece que cualquiera puede ser m\u00fasico con s\u00f3lo colgar sus canciones en Internet y abrirse una cuenta en <span data-scayt_word=\"myspace\" data-scaytid=\"126\">myspace<\/span>. De una concepci\u00f3n excesivamente objetiva al todo vale, dos extremos igual de negativos&#8230;<\/strong><\/p>\n<p>\u201cA m\u00ed no me parece mal porque siempre ha sido as\u00ed, te vas a una fiesta, un t\u00edo tiene una guitarra, la saca y toca algo, lo hace mal pero es tu amigo y le tienes cari\u00f1o&#8230; Yo creo que todo el mundo puede hacer m\u00fasica, es m\u00e1s, creo que todo el mundo deber\u00eda hacer m\u00fasica porque es el ejercicio m\u00e1s completo: por temas de coordinaci\u00f3n corporal, por pensamiento abstracto, por temas matem\u00e1ticos de tiempo, por sentido de la <span data-scayt_word=\"disciplina...Creo\" data-scaytid=\"6\">disciplina&#8230;Creo<\/span> que Espa\u00f1a y <span data-scayt_word=\"Catalunya\" data-scaytid=\"108\">Catalunya<\/span> son pa\u00edses no musicales, a diferencia de Francia o Alemania, donde un ni\u00f1o de siete a\u00f1os toca el piano o el viol\u00edn de puta madre. Lo que pasa es que los nuevos medios permiten que todo el mundo <span data-scayt_word=\"cuelgue\" data-scaytid=\"127\">cuelgue<\/span> su canci\u00f3n en Internet. Por eso el directo me interesa en el sentido de ver si despu\u00e9s suenan igual de bien: todos podemos hacer la <span data-scayt_word=\"pirula\" data-scaytid=\"128\">pirula<\/span> con el <span data-scayt_word=\"ProTools\" data-scaytid=\"129\">ProTools<\/span> pero despu\u00e9s hay m\u00fasicos y no m\u00fasicos. Es diferente cantar una canci\u00f3n un domingo ante la familia que tocar un instrumento ocho horas al d\u00eda, reflexionando sobre qu\u00e9 significa hacer m\u00fasica, si la m\u00fasica es tu centro vital o no, es un tema de implicaci\u00f3n personal\u201d.<\/p>\n<p><strong>Por \u00faltimo, una curiosidad: \u00bfves alg\u00fan tipo de relaci\u00f3n entre la m\u00fasica y la arquitectura? \u00bfTe dejas influir por la arquitectura cuando compones y viceversa?<\/strong><\/p>\n<p>\u201cHay influencias objetivas, una es la abstracci\u00f3n pura, es imposible hacer una m\u00fasica figurativa o descriptiva y la arquitectura lo mismo, aunque despu\u00e9s puedas hacer construcciones te\u00f3ricas. Y en ambos casos la matem\u00e1tica es algo fundamental a nivel del comp\u00e1s y la tonalidad, igual que la dimensi\u00f3n del espacio. Tienen mucha relaci\u00f3n porque son artes muy vinculadas a un uso social. Tienen mucho que ver y hay muchos arquitectos que han acabado haciendo m\u00fasico como Pere Riera, que est\u00e1 con La Plateria, Pink Floyd, Sanjosex. Yo creo que es as\u00ed porque hay ese punto de locura, de abstracci\u00f3n pura. Cuando pintas un cuadro o haces una novela puedes ser figurativo pero la m\u00fasica y la arquitectura son tan <span data-scayt_word=\"abstractas...a\" data-scaytid=\"7\">abstractas&#8230;a<\/span> veces despu\u00e9s de estar trabajando todo el d\u00eda en una cosa o la otra, es dif\u00edcil comentarlo con alguien\u201d.<\/p>","protected":false},"excerpt":{"rendered":"<p>M\u00fasico de vocaci\u00f3n y arquitecto de profesi\u00f3n, Ramon Faura a\u00fana la genialidad del artista en su abstracci\u00f3n m\u00e1s demente con la complicidad del artesano que pule y comparte sus obras. La \u00faltima, \u201cBrou\u201d (\u201cCaldo\u201d), segunda producci\u00f3n en formato de tr\u00edo junto a las percusiones de Xavi Tasies y al cello [&hellip;]<\/p>\n","protected":false},"author":40,"featured_media":31283,"comment_status":"open","ping_status":"open","sticky":false,"template":"","format":"standard","meta":{"footnotes":""},"categories":[4,65],"tags":[],"class_list":["post-1091","post","type-post","status-publish","format-standard","has-post-thumbnail","hentry","category-cultura","category-musica"],"yoast_head":"<!-- This site is optimized with the Yoast SEO plugin v27.5 - https:\/\/yoast.com\/product\/yoast-seo-wordpress\/ -->\n<title>Le Petit Ramon: &quot;Todo el mundo deber\u00eda hacer m\u00fasica, es el ejercicio m\u00e1s completo&quot; - Revista Rambla<\/title>\n<meta name=\"robots\" content=\"index, follow, max-snippet:-1, max-image-preview:large, max-video-preview:-1\" \/>\n<link rel=\"canonical\" href=\"https:\/\/www.revistarambla.com\/en\/le-petit-ramon-todo-el-mundo-deberia-hacer-musica-es-el-ejercicio-mas-completo\/\" \/>\n<meta property=\"og:locale\" content=\"en_GB\" \/>\n<meta property=\"og:type\" content=\"article\" \/>\n<meta property=\"og:title\" content=\"Le Petit Ramon: &quot;Todo el mundo deber\u00eda hacer m\u00fasica, es el ejercicio m\u00e1s completo&quot; - Revista Rambla\" \/>\n<meta property=\"og:description\" content=\"M\u00fasico de vocaci\u00f3n y arquitecto de profesi\u00f3n, Ramon Faura a\u00fana la genialidad del artista en su abstracci\u00f3n m\u00e1s demente con la complicidad del artesano que pule y comparte sus obras. La \u00faltima, \u201cBrou\u201d (\u201cCaldo\u201d), segunda producci\u00f3n en formato de tr\u00edo junto a las percusiones de Xavi Tasies y al cello [&hellip;]\" \/>\n<meta property=\"og:url\" content=\"https:\/\/www.revistarambla.com\/en\/le-petit-ramon-todo-el-mundo-deberia-hacer-musica-es-el-ejercicio-mas-completo\/\" \/>\n<meta property=\"og:site_name\" content=\"Revista Rambla\" \/>\n<meta property=\"article:publisher\" content=\"https:\/\/www.facebook.com\/revistarambla\/\" \/>\n<meta property=\"article:author\" content=\"https:\/\/www.facebook.com\/carles.batalla.7\" \/>\n<meta property=\"article:published_time\" content=\"2011-08-09T12:52:04+00:00\" \/>\n<meta property=\"article:modified_time\" content=\"2021-12-08T19:48:50+00:00\" \/>\n<meta property=\"og:image\" content=\"https:\/\/www.revistarambla.com\/wp-content\/uploads\/2011\/08\/le-petit-ramon.jpg\" \/>\n\t<meta property=\"og:image:width\" content=\"672\" \/>\n\t<meta property=\"og:image:height\" content=\"341\" \/>\n\t<meta property=\"og:image:type\" content=\"image\/jpeg\" \/>\n<meta name=\"author\" content=\"Carles Batalla\" \/>\n<meta name=\"twitter:card\" content=\"summary_large_image\" \/>\n<meta name=\"twitter:creator\" content=\"@batallacarles\" \/>\n<meta name=\"twitter:site\" content=\"@revistarambla\" \/>\n<meta name=\"twitter:label1\" content=\"Written by\" \/>\n\t<meta name=\"twitter:data1\" content=\"Carles Batalla\" \/>\n\t<meta name=\"twitter:label2\" content=\"Estimated reading time\" \/>\n\t<meta name=\"twitter:data2\" content=\"11 minutes\" \/>\n<script type=\"application\/ld+json\" class=\"yoast-schema-graph\">{\"@context\":\"https:\\\/\\\/schema.org\",\"@graph\":[{\"@type\":\"Article\",\"@id\":\"https:\\\/\\\/www.revistarambla.com\\\/le-petit-ramon-todo-el-mundo-deberia-hacer-musica-es-el-ejercicio-mas-completo\\\/#article\",\"isPartOf\":{\"@id\":\"https:\\\/\\\/www.revistarambla.com\\\/le-petit-ramon-todo-el-mundo-deberia-hacer-musica-es-el-ejercicio-mas-completo\\\/\"},\"author\":{\"name\":\"Carles Batalla\",\"@id\":\"https:\\\/\\\/www.revistarambla.com\\\/#\\\/schema\\\/person\\\/6929729dc40824a1c398a961398e6d97\"},\"headline\":\"Le Petit Ramon: \u00abTodo el mundo deber\u00eda hacer m\u00fasica, es el ejercicio m\u00e1s completo\u00bb\",\"datePublished\":\"2011-08-09T12:52:04+00:00\",\"dateModified\":\"2021-12-08T19:48:50+00:00\",\"mainEntityOfPage\":{\"@id\":\"https:\\\/\\\/www.revistarambla.com\\\/le-petit-ramon-todo-el-mundo-deberia-hacer-musica-es-el-ejercicio-mas-completo\\\/\"},\"wordCount\":2570,\"commentCount\":0,\"publisher\":{\"@id\":\"https:\\\/\\\/www.revistarambla.com\\\/#organization\"},\"image\":{\"@id\":\"https:\\\/\\\/www.revistarambla.com\\\/le-petit-ramon-todo-el-mundo-deberia-hacer-musica-es-el-ejercicio-mas-completo\\\/#primaryimage\"},\"thumbnailUrl\":\"https:\\\/\\\/www.revistarambla.com\\\/wp-content\\\/uploads\\\/2011\\\/08\\\/le-petit-ramon.jpg\",\"articleSection\":[\"Cultura\",\"M\u00fasica\"],\"inLanguage\":\"en-GB\",\"potentialAction\":[{\"@type\":\"CommentAction\",\"name\":\"Comment\",\"target\":[\"https:\\\/\\\/www.revistarambla.com\\\/le-petit-ramon-todo-el-mundo-deberia-hacer-musica-es-el-ejercicio-mas-completo\\\/#respond\"]}]},{\"@type\":\"WebPage\",\"@id\":\"https:\\\/\\\/www.revistarambla.com\\\/le-petit-ramon-todo-el-mundo-deberia-hacer-musica-es-el-ejercicio-mas-completo\\\/\",\"url\":\"https:\\\/\\\/www.revistarambla.com\\\/le-petit-ramon-todo-el-mundo-deberia-hacer-musica-es-el-ejercicio-mas-completo\\\/\",\"name\":\"Le Petit Ramon: \\\"Todo el mundo deber\u00eda hacer m\u00fasica, es el ejercicio m\u00e1s completo\\\" - Revista Rambla\",\"isPartOf\":{\"@id\":\"https:\\\/\\\/www.revistarambla.com\\\/#website\"},\"primaryImageOfPage\":{\"@id\":\"https:\\\/\\\/www.revistarambla.com\\\/le-petit-ramon-todo-el-mundo-deberia-hacer-musica-es-el-ejercicio-mas-completo\\\/#primaryimage\"},\"image\":{\"@id\":\"https:\\\/\\\/www.revistarambla.com\\\/le-petit-ramon-todo-el-mundo-deberia-hacer-musica-es-el-ejercicio-mas-completo\\\/#primaryimage\"},\"thumbnailUrl\":\"https:\\\/\\\/www.revistarambla.com\\\/wp-content\\\/uploads\\\/2011\\\/08\\\/le-petit-ramon.jpg\",\"datePublished\":\"2011-08-09T12:52:04+00:00\",\"dateModified\":\"2021-12-08T19:48:50+00:00\",\"breadcrumb\":{\"@id\":\"https:\\\/\\\/www.revistarambla.com\\\/le-petit-ramon-todo-el-mundo-deberia-hacer-musica-es-el-ejercicio-mas-completo\\\/#breadcrumb\"},\"inLanguage\":\"en-GB\",\"potentialAction\":[{\"@type\":\"ReadAction\",\"target\":[\"https:\\\/\\\/www.revistarambla.com\\\/le-petit-ramon-todo-el-mundo-deberia-hacer-musica-es-el-ejercicio-mas-completo\\\/\"]}]},{\"@type\":\"ImageObject\",\"inLanguage\":\"en-GB\",\"@id\":\"https:\\\/\\\/www.revistarambla.com\\\/le-petit-ramon-todo-el-mundo-deberia-hacer-musica-es-el-ejercicio-mas-completo\\\/#primaryimage\",\"url\":\"https:\\\/\\\/www.revistarambla.com\\\/wp-content\\\/uploads\\\/2011\\\/08\\\/le-petit-ramon.jpg\",\"contentUrl\":\"https:\\\/\\\/www.revistarambla.com\\\/wp-content\\\/uploads\\\/2011\\\/08\\\/le-petit-ramon.jpg\",\"width\":672,\"height\":341},{\"@type\":\"BreadcrumbList\",\"@id\":\"https:\\\/\\\/www.revistarambla.com\\\/le-petit-ramon-todo-el-mundo-deberia-hacer-musica-es-el-ejercicio-mas-completo\\\/#breadcrumb\",\"itemListElement\":[{\"@type\":\"ListItem\",\"position\":1,\"name\":\"Portada\",\"item\":\"https:\\\/\\\/www.revistarambla.com\\\/\"},{\"@type\":\"ListItem\",\"position\":2,\"name\":\"Le Petit Ramon: \u00abTodo el mundo deber\u00eda hacer m\u00fasica, es el ejercicio m\u00e1s completo\u00bb\"}]},{\"@type\":\"WebSite\",\"@id\":\"https:\\\/\\\/www.revistarambla.com\\\/#website\",\"url\":\"https:\\\/\\\/www.revistarambla.com\\\/\",\"name\":\"Revista Rambla Barcelona\",\"description\":\"Periodismo independiente\",\"publisher\":{\"@id\":\"https:\\\/\\\/www.revistarambla.com\\\/#organization\"},\"potentialAction\":[{\"@type\":\"SearchAction\",\"target\":{\"@type\":\"EntryPoint\",\"urlTemplate\":\"https:\\\/\\\/www.revistarambla.com\\\/?s={search_term_string}\"},\"query-input\":{\"@type\":\"PropertyValueSpecification\",\"valueRequired\":true,\"valueName\":\"search_term_string\"}}],\"inLanguage\":\"en-GB\"},{\"@type\":\"Organization\",\"@id\":\"https:\\\/\\\/www.revistarambla.com\\\/#organization\",\"name\":\"Revista Rambla\",\"url\":\"https:\\\/\\\/www.revistarambla.com\\\/\",\"logo\":{\"@type\":\"ImageObject\",\"inLanguage\":\"en-GB\",\"@id\":\"https:\\\/\\\/www.revistarambla.com\\\/#\\\/schema\\\/logo\\\/image\\\/\",\"url\":\"https:\\\/\\\/www.revistarambla.com\\\/wp-content\\\/uploads\\\/2020\\\/09\\\/banner_rambla_1900x600_BB.png\",\"contentUrl\":\"https:\\\/\\\/www.revistarambla.com\\\/wp-content\\\/uploads\\\/2020\\\/09\\\/banner_rambla_1900x600_BB.png\",\"width\":1900,\"height\":600,\"caption\":\"Revista Rambla\"},\"image\":{\"@id\":\"https:\\\/\\\/www.revistarambla.com\\\/#\\\/schema\\\/logo\\\/image\\\/\"},\"sameAs\":[\"https:\\\/\\\/www.facebook.com\\\/revistarambla\\\/\",\"https:\\\/\\\/x.com\\\/revistarambla\",\"https:\\\/\\\/www.instagram.com\\\/revista_rambla\",\"https:\\\/\\\/es.linkedin.com\\\/company\\\/revista-rambla\"]},{\"@type\":\"Person\",\"@id\":\"https:\\\/\\\/www.revistarambla.com\\\/#\\\/schema\\\/person\\\/6929729dc40824a1c398a961398e6d97\",\"name\":\"Carles Batalla\",\"description\":\"Periodista y poeta.\",\"sameAs\":[\"https:\\\/\\\/www.facebook.com\\\/carles.batalla.7\",\"https:\\\/\\\/x.com\\\/batallacarles\"]}]}<\/script>\n<!-- \/ Yoast SEO plugin. -->","yoast_head_json":{"title":"Le Petit Ramon: \"Todo el mundo deber\u00eda hacer m\u00fasica, es el ejercicio m\u00e1s completo\" - Revista Rambla","robots":{"index":"index","follow":"follow","max-snippet":"max-snippet:-1","max-image-preview":"max-image-preview:large","max-video-preview":"max-video-preview:-1"},"canonical":"https:\/\/www.revistarambla.com\/en\/le-petit-ramon-todo-el-mundo-deberia-hacer-musica-es-el-ejercicio-mas-completo\/","og_locale":"en_GB","og_type":"article","og_title":"Le Petit Ramon: \"Todo el mundo deber\u00eda hacer m\u00fasica, es el ejercicio m\u00e1s completo\" - Revista Rambla","og_description":"M\u00fasico de vocaci\u00f3n y arquitecto de profesi\u00f3n, Ramon Faura a\u00fana la genialidad del artista en su abstracci\u00f3n m\u00e1s demente con la complicidad del artesano que pule y comparte sus obras. La \u00faltima, \u201cBrou\u201d (\u201cCaldo\u201d), segunda producci\u00f3n en formato de tr\u00edo junto a las percusiones de Xavi Tasies y al cello [&hellip;]","og_url":"https:\/\/www.revistarambla.com\/en\/le-petit-ramon-todo-el-mundo-deberia-hacer-musica-es-el-ejercicio-mas-completo\/","og_site_name":"Revista Rambla","article_publisher":"https:\/\/www.facebook.com\/revistarambla\/","article_author":"https:\/\/www.facebook.com\/carles.batalla.7","article_published_time":"2011-08-09T12:52:04+00:00","article_modified_time":"2021-12-08T19:48:50+00:00","og_image":[{"width":672,"height":341,"url":"https:\/\/www.revistarambla.com\/wp-content\/uploads\/2011\/08\/le-petit-ramon.jpg","type":"image\/jpeg"}],"author":"Carles Batalla","twitter_card":"summary_large_image","twitter_creator":"@batallacarles","twitter_site":"@revistarambla","twitter_misc":{"Written by":"Carles Batalla","Estimated reading time":"11 minutes"},"schema":{"@context":"https:\/\/schema.org","@graph":[{"@type":"Article","@id":"https:\/\/www.revistarambla.com\/le-petit-ramon-todo-el-mundo-deberia-hacer-musica-es-el-ejercicio-mas-completo\/#article","isPartOf":{"@id":"https:\/\/www.revistarambla.com\/le-petit-ramon-todo-el-mundo-deberia-hacer-musica-es-el-ejercicio-mas-completo\/"},"author":{"name":"Carles Batalla","@id":"https:\/\/www.revistarambla.com\/#\/schema\/person\/6929729dc40824a1c398a961398e6d97"},"headline":"Le Petit Ramon: \u00abTodo el mundo deber\u00eda hacer m\u00fasica, es el ejercicio m\u00e1s completo\u00bb","datePublished":"2011-08-09T12:52:04+00:00","dateModified":"2021-12-08T19:48:50+00:00","mainEntityOfPage":{"@id":"https:\/\/www.revistarambla.com\/le-petit-ramon-todo-el-mundo-deberia-hacer-musica-es-el-ejercicio-mas-completo\/"},"wordCount":2570,"commentCount":0,"publisher":{"@id":"https:\/\/www.revistarambla.com\/#organization"},"image":{"@id":"https:\/\/www.revistarambla.com\/le-petit-ramon-todo-el-mundo-deberia-hacer-musica-es-el-ejercicio-mas-completo\/#primaryimage"},"thumbnailUrl":"https:\/\/www.revistarambla.com\/wp-content\/uploads\/2011\/08\/le-petit-ramon.jpg","articleSection":["Cultura","M\u00fasica"],"inLanguage":"en-GB","potentialAction":[{"@type":"CommentAction","name":"Comment","target":["https:\/\/www.revistarambla.com\/le-petit-ramon-todo-el-mundo-deberia-hacer-musica-es-el-ejercicio-mas-completo\/#respond"]}]},{"@type":"WebPage","@id":"https:\/\/www.revistarambla.com\/le-petit-ramon-todo-el-mundo-deberia-hacer-musica-es-el-ejercicio-mas-completo\/","url":"https:\/\/www.revistarambla.com\/le-petit-ramon-todo-el-mundo-deberia-hacer-musica-es-el-ejercicio-mas-completo\/","name":"Le Petit Ramon: \"Todo el mundo deber\u00eda hacer m\u00fasica, es el ejercicio m\u00e1s completo\" - Revista Rambla","isPartOf":{"@id":"https:\/\/www.revistarambla.com\/#website"},"primaryImageOfPage":{"@id":"https:\/\/www.revistarambla.com\/le-petit-ramon-todo-el-mundo-deberia-hacer-musica-es-el-ejercicio-mas-completo\/#primaryimage"},"image":{"@id":"https:\/\/www.revistarambla.com\/le-petit-ramon-todo-el-mundo-deberia-hacer-musica-es-el-ejercicio-mas-completo\/#primaryimage"},"thumbnailUrl":"https:\/\/www.revistarambla.com\/wp-content\/uploads\/2011\/08\/le-petit-ramon.jpg","datePublished":"2011-08-09T12:52:04+00:00","dateModified":"2021-12-08T19:48:50+00:00","breadcrumb":{"@id":"https:\/\/www.revistarambla.com\/le-petit-ramon-todo-el-mundo-deberia-hacer-musica-es-el-ejercicio-mas-completo\/#breadcrumb"},"inLanguage":"en-GB","potentialAction":[{"@type":"ReadAction","target":["https:\/\/www.revistarambla.com\/le-petit-ramon-todo-el-mundo-deberia-hacer-musica-es-el-ejercicio-mas-completo\/"]}]},{"@type":"ImageObject","inLanguage":"en-GB","@id":"https:\/\/www.revistarambla.com\/le-petit-ramon-todo-el-mundo-deberia-hacer-musica-es-el-ejercicio-mas-completo\/#primaryimage","url":"https:\/\/www.revistarambla.com\/wp-content\/uploads\/2011\/08\/le-petit-ramon.jpg","contentUrl":"https:\/\/www.revistarambla.com\/wp-content\/uploads\/2011\/08\/le-petit-ramon.jpg","width":672,"height":341},{"@type":"BreadcrumbList","@id":"https:\/\/www.revistarambla.com\/le-petit-ramon-todo-el-mundo-deberia-hacer-musica-es-el-ejercicio-mas-completo\/#breadcrumb","itemListElement":[{"@type":"ListItem","position":1,"name":"Portada","item":"https:\/\/www.revistarambla.com\/"},{"@type":"ListItem","position":2,"name":"Le Petit Ramon: \u00abTodo el mundo deber\u00eda hacer m\u00fasica, es el ejercicio m\u00e1s completo\u00bb"}]},{"@type":"WebSite","@id":"https:\/\/www.revistarambla.com\/#website","url":"https:\/\/www.revistarambla.com\/","name":"Revista Rambla Barcelona","description":"Periodismo independiente","publisher":{"@id":"https:\/\/www.revistarambla.com\/#organization"},"potentialAction":[{"@type":"SearchAction","target":{"@type":"EntryPoint","urlTemplate":"https:\/\/www.revistarambla.com\/?s={search_term_string}"},"query-input":{"@type":"PropertyValueSpecification","valueRequired":true,"valueName":"search_term_string"}}],"inLanguage":"en-GB"},{"@type":"Organization","@id":"https:\/\/www.revistarambla.com\/#organization","name":"Revista Rambla","url":"https:\/\/www.revistarambla.com\/","logo":{"@type":"ImageObject","inLanguage":"en-GB","@id":"https:\/\/www.revistarambla.com\/#\/schema\/logo\/image\/","url":"https:\/\/www.revistarambla.com\/wp-content\/uploads\/2020\/09\/banner_rambla_1900x600_BB.png","contentUrl":"https:\/\/www.revistarambla.com\/wp-content\/uploads\/2020\/09\/banner_rambla_1900x600_BB.png","width":1900,"height":600,"caption":"Revista Rambla"},"image":{"@id":"https:\/\/www.revistarambla.com\/#\/schema\/logo\/image\/"},"sameAs":["https:\/\/www.facebook.com\/revistarambla\/","https:\/\/x.com\/revistarambla","https:\/\/www.instagram.com\/revista_rambla","https:\/\/es.linkedin.com\/company\/revista-rambla"]},{"@type":"Person","@id":"https:\/\/www.revistarambla.com\/#\/schema\/person\/6929729dc40824a1c398a961398e6d97","name":"Carles Batalla","description":"Periodista y poeta.","sameAs":["https:\/\/www.facebook.com\/carles.batalla.7","https:\/\/x.com\/batallacarles"]}]}},"_links":{"self":[{"href":"https:\/\/www.revistarambla.com\/en\/wp-json\/wp\/v2\/posts\/1091","targetHints":{"allow":["GET"]}}],"collection":[{"href":"https:\/\/www.revistarambla.com\/en\/wp-json\/wp\/v2\/posts"}],"about":[{"href":"https:\/\/www.revistarambla.com\/en\/wp-json\/wp\/v2\/types\/post"}],"author":[{"embeddable":true,"href":"https:\/\/www.revistarambla.com\/en\/wp-json\/wp\/v2\/users\/40"}],"replies":[{"embeddable":true,"href":"https:\/\/www.revistarambla.com\/en\/wp-json\/wp\/v2\/comments?post=1091"}],"version-history":[{"count":0,"href":"https:\/\/www.revistarambla.com\/en\/wp-json\/wp\/v2\/posts\/1091\/revisions"}],"wp:featuredmedia":[{"embeddable":true,"href":"https:\/\/www.revistarambla.com\/en\/wp-json\/wp\/v2\/media\/31283"}],"wp:attachment":[{"href":"https:\/\/www.revistarambla.com\/en\/wp-json\/wp\/v2\/media?parent=1091"}],"wp:term":[{"taxonomy":"category","embeddable":true,"href":"https:\/\/www.revistarambla.com\/en\/wp-json\/wp\/v2\/categories?post=1091"},{"taxonomy":"post_tag","embeddable":true,"href":"https:\/\/www.revistarambla.com\/en\/wp-json\/wp\/v2\/tags?post=1091"}],"curies":[{"name":"wp","href":"https:\/\/api.w.org\/{rel}","templated":true}]}}