{"id":10897,"date":"2016-12-08T19:54:26","date_gmt":"2016-12-08T17:54:26","guid":{"rendered":"https:\/\/www.revistarambla.com\/?p=10897"},"modified":"2021-04-06T13:48:56","modified_gmt":"2021-04-06T11:48:56","slug":"paterson-de-jim-jarmusch-la-poesia-de-la-cotidiano","status":"publish","type":"post","link":"https:\/\/www.revistarambla.com\/en\/paterson-de-jim-jarmusch-la-poesia-de-la-cotidiano\/","title":{"rendered":"Paterson de Jim Jarmusch. La poes\u00eda de lo cotidiano"},"content":{"rendered":"<p style=\"text-align: left;\">Viendo Paterson uno se confunde, no sabe si venerar la poes\u00eda de Rod Padget o la del propio Jim Jarmusch. Y es que sin duda su oda a la poes\u00eda de lo cotidiano se convierte en un film po\u00e9tico, en poes\u00eda, en s\u00ed mismo.<\/p>\n<p style=\"text-align: left;\"><img decoding=\"async\" class=\"aligncenter wp-image-10899 size-full\" src=\"https:\/\/www.revistarambla.com\/wp-content\/uploads\/2016\/12\/paterson.jpg\" alt=\"paterson\" width=\"460\" height=\"274\" srcset=\"https:\/\/www.revistarambla.com\/wp-content\/uploads\/2016\/12\/paterson.jpg 460w, https:\/\/www.revistarambla.com\/wp-content\/uploads\/2016\/12\/paterson-300x179.jpg 300w\" sizes=\"(max-width: 460px) 100vw, 460px\" \/><\/p>\n<p style=\"text-align: left;\">Siendo un film aparentemente menor,\u00a0Paterson\u00a0se convierte en una genialidad que avanza a medida que avanza el transcurso de la pel\u00edcula y el paso de los d\u00edas tras verla. La cosa mas anodina del mundo, la rutina de unos personajes en vez de resultar aburrida,\u00a0Jarmusch\u00a0la transforma en poes\u00eda, como tantos poetas de la Escuela de New York a la que tanto venera hicieran y siguen haciendo.<\/p>\n<p style=\"text-align: left;\">En cuestion de dos horas vemos una semana de la vida de Paterson (Adam Driver). Se despierta casi siempre a la misma hora, desayuna, y va al trabajo. Paterson es conductor de autobuses, all\u00ed contempla a sus pasajeros y a veces pone la oreja en las conversaciones que mantienen, pero sin intervenir, inspir\u00e1ndose. Tras eso, vuelve a casa, comparte el d\u00eda con su novia y sale a pasear a su perro Marvin -todo un robaescenas- parando siempre en el mismo bar. As\u00ed cada d\u00eda. Y as\u00ed lo filma\u00a0Jarmusch.<\/p>\n<p style=\"text-align: left;\">Nada de especial, incluso podr\u00eda resultar aburrido, pero Paterson cada d\u00eda roba un tiempo a la monoton\u00eda para crear poemas que recoge en su \u00abcuaderno secreto\u00bb. Estos poemas escasas veces riman pero son poes\u00eda real, de la de verdad. Con ayuda de los poemas recitados (obra en realidad de Rod Padgett), unos actores\u00a0(Adam Driver\u00a0y\u00a0Golshifteh Farahani) en estado de gracia y el mimo por cuidar cada detalle del film,\u00a0Jarmusch\u00a0hace magia, la magia del cine y su magia.<\/p>\n<p style=\"text-align: left;\">Cada paseo en autobus, cada par de gemelos con los que se encuentra\u00a0Paterson\u00a0son inspiradores, agradables de ver.\u00a0Jarmusch\u00a0filma con completa sencillez, pero con tanto afecto esta rutina que no resulta raro al espectador que esa rutina, que \u00e9l tambi\u00e9n vive a diario, sea fruto de inspiraci\u00f3n.\u00a0Jarmusch\u00a0se aleja de enumerar grandes figuras de la poes\u00eda menos conocida que hacen las delicias a los mas modernos de la sala, solo presenta la rutina como se presenta y le extrae toda la magia, toda la l\u00edrica y la rima. Sin \u00e1nimo de ser pretencioso, ni ambicioso, ni pedante, solo con ganas de contar lo que cualquiera puede vivir a diario\u00a0Jarmusch\u00a0ofrece una peque\u00f1a gran joya que, \u00bfadivinan qu\u00e9 es? Poes\u00eda.<\/p>","protected":false},"excerpt":{"rendered":"<p>Viendo Paterson uno se confunde, no sabe si venerar la poes\u00eda de Rod Padget o la del propio Jim Jarmusch. Y es que sin duda su oda a la poes\u00eda de lo cotidiano se convierte en un film po\u00e9tico, en poes\u00eda, en s\u00ed mismo. Siendo un film aparentemente menor,\u00a0Paterson\u00a0se convierte [&hellip;]<\/p>\n","protected":false},"author":3,"featured_media":10898,"comment_status":"open","ping_status":"open","sticky":false,"template":"","format":"standard","meta":{"footnotes":""},"categories":[61,4],"tags":[],"class_list":["post-10897","post","type-post","status-publish","format-standard","has-post-thumbnail","hentry","category-cine","category-cultura"],"yoast_head":"<!-- This site is optimized with the Yoast SEO plugin v27.5 - https:\/\/yoast.com\/product\/yoast-seo-wordpress\/ -->\n<title>Paterson de Jim Jarmusch. La poes\u00eda de lo cotidiano - Revista Rambla<\/title>\n<meta name=\"robots\" content=\"index, follow, max-snippet:-1, max-image-preview:large, max-video-preview:-1\" \/>\n<link rel=\"canonical\" href=\"https:\/\/www.revistarambla.com\/en\/paterson-de-jim-jarmusch-la-poesia-de-la-cotidiano\/\" \/>\n<meta property=\"og:locale\" content=\"en_GB\" \/>\n<meta property=\"og:type\" content=\"article\" \/>\n<meta property=\"og:title\" content=\"Paterson de Jim Jarmusch. La poes\u00eda de lo cotidiano - Revista Rambla\" \/>\n<meta property=\"og:description\" content=\"Viendo Paterson uno se confunde, no sabe si venerar la poes\u00eda de Rod Padget o la del propio Jim Jarmusch. Y es que sin duda su oda a la poes\u00eda de lo cotidiano se convierte en un film po\u00e9tico, en poes\u00eda, en s\u00ed mismo. Siendo un film aparentemente menor,\u00a0Paterson\u00a0se convierte [&hellip;]\" \/>\n<meta property=\"og:url\" content=\"https:\/\/www.revistarambla.com\/en\/paterson-de-jim-jarmusch-la-poesia-de-la-cotidiano\/\" \/>\n<meta property=\"og:site_name\" content=\"Revista Rambla\" \/>\n<meta property=\"article:publisher\" content=\"https:\/\/www.facebook.com\/revistarambla\/\" \/>\n<meta property=\"article:author\" content=\"https:\/\/www.facebook.com\/revistarambla\" \/>\n<meta property=\"article:published_time\" content=\"2016-12-08T17:54:26+00:00\" \/>\n<meta property=\"article:modified_time\" content=\"2021-04-06T11:48:56+00:00\" \/>\n<meta property=\"og:image\" content=\"https:\/\/i2.wp.com\/www.revistarambla.com\/wp-content\/uploads\/2016\/12\/paterson1.jpg?fit=620%2C413&ssl=1\" \/>\n\t<meta property=\"og:image:width\" content=\"620\" \/>\n\t<meta property=\"og:image:height\" content=\"413\" \/>\n\t<meta property=\"og:image:type\" content=\"image\/jpeg\" \/>\n<meta name=\"author\" content=\"Joan Col\u00e1s\" \/>\n<meta name=\"twitter:card\" content=\"summary_large_image\" \/>\n<meta name=\"twitter:creator\" content=\"@revistarambla\" \/>\n<meta name=\"twitter:site\" content=\"@revistarambla\" \/>\n<meta name=\"twitter:label1\" content=\"Written by\" \/>\n\t<meta name=\"twitter:data1\" content=\"Joan Col\u00e1s\" \/>\n\t<meta name=\"twitter:label2\" content=\"Estimated reading time\" \/>\n\t<meta name=\"twitter:data2\" content=\"2 minutes\" \/>\n<script type=\"application\/ld+json\" class=\"yoast-schema-graph\">{\"@context\":\"https:\\\/\\\/schema.org\",\"@graph\":[{\"@type\":\"Article\",\"@id\":\"https:\\\/\\\/www.revistarambla.com\\\/paterson-de-jim-jarmusch-la-poesia-de-la-cotidiano\\\/#article\",\"isPartOf\":{\"@id\":\"https:\\\/\\\/www.revistarambla.com\\\/paterson-de-jim-jarmusch-la-poesia-de-la-cotidiano\\\/\"},\"author\":{\"name\":\"Joan Col\u00e1s\",\"@id\":\"https:\\\/\\\/www.revistarambla.com\\\/#\\\/schema\\\/person\\\/a146a5a2550b94981a75131180e1bd9c\"},\"headline\":\"Paterson de Jim Jarmusch. La poes\u00eda de lo cotidiano\",\"datePublished\":\"2016-12-08T17:54:26+00:00\",\"dateModified\":\"2021-04-06T11:48:56+00:00\",\"mainEntityOfPage\":{\"@id\":\"https:\\\/\\\/www.revistarambla.com\\\/paterson-de-jim-jarmusch-la-poesia-de-la-cotidiano\\\/\"},\"wordCount\":436,\"commentCount\":0,\"publisher\":{\"@id\":\"https:\\\/\\\/www.revistarambla.com\\\/#organization\"},\"image\":{\"@id\":\"https:\\\/\\\/www.revistarambla.com\\\/paterson-de-jim-jarmusch-la-poesia-de-la-cotidiano\\\/#primaryimage\"},\"thumbnailUrl\":\"https:\\\/\\\/www.revistarambla.com\\\/wp-content\\\/uploads\\\/2016\\\/12\\\/paterson1.jpg\",\"articleSection\":[\"Cine &amp; Series\",\"Cultura\"],\"inLanguage\":\"en-GB\",\"potentialAction\":[{\"@type\":\"CommentAction\",\"name\":\"Comment\",\"target\":[\"https:\\\/\\\/www.revistarambla.com\\\/paterson-de-jim-jarmusch-la-poesia-de-la-cotidiano\\\/#respond\"]}]},{\"@type\":\"WebPage\",\"@id\":\"https:\\\/\\\/www.revistarambla.com\\\/paterson-de-jim-jarmusch-la-poesia-de-la-cotidiano\\\/\",\"url\":\"https:\\\/\\\/www.revistarambla.com\\\/paterson-de-jim-jarmusch-la-poesia-de-la-cotidiano\\\/\",\"name\":\"Paterson de Jim Jarmusch. La poes\u00eda de lo cotidiano - Revista Rambla\",\"isPartOf\":{\"@id\":\"https:\\\/\\\/www.revistarambla.com\\\/#website\"},\"primaryImageOfPage\":{\"@id\":\"https:\\\/\\\/www.revistarambla.com\\\/paterson-de-jim-jarmusch-la-poesia-de-la-cotidiano\\\/#primaryimage\"},\"image\":{\"@id\":\"https:\\\/\\\/www.revistarambla.com\\\/paterson-de-jim-jarmusch-la-poesia-de-la-cotidiano\\\/#primaryimage\"},\"thumbnailUrl\":\"https:\\\/\\\/www.revistarambla.com\\\/wp-content\\\/uploads\\\/2016\\\/12\\\/paterson1.jpg\",\"datePublished\":\"2016-12-08T17:54:26+00:00\",\"dateModified\":\"2021-04-06T11:48:56+00:00\",\"breadcrumb\":{\"@id\":\"https:\\\/\\\/www.revistarambla.com\\\/paterson-de-jim-jarmusch-la-poesia-de-la-cotidiano\\\/#breadcrumb\"},\"inLanguage\":\"en-GB\",\"potentialAction\":[{\"@type\":\"ReadAction\",\"target\":[\"https:\\\/\\\/www.revistarambla.com\\\/paterson-de-jim-jarmusch-la-poesia-de-la-cotidiano\\\/\"]}]},{\"@type\":\"ImageObject\",\"inLanguage\":\"en-GB\",\"@id\":\"https:\\\/\\\/www.revistarambla.com\\\/paterson-de-jim-jarmusch-la-poesia-de-la-cotidiano\\\/#primaryimage\",\"url\":\"https:\\\/\\\/www.revistarambla.com\\\/wp-content\\\/uploads\\\/2016\\\/12\\\/paterson1.jpg\",\"contentUrl\":\"https:\\\/\\\/www.revistarambla.com\\\/wp-content\\\/uploads\\\/2016\\\/12\\\/paterson1.jpg\",\"width\":620,\"height\":413},{\"@type\":\"BreadcrumbList\",\"@id\":\"https:\\\/\\\/www.revistarambla.com\\\/paterson-de-jim-jarmusch-la-poesia-de-la-cotidiano\\\/#breadcrumb\",\"itemListElement\":[{\"@type\":\"ListItem\",\"position\":1,\"name\":\"Portada\",\"item\":\"https:\\\/\\\/www.revistarambla.com\\\/\"},{\"@type\":\"ListItem\",\"position\":2,\"name\":\"Paterson de Jim Jarmusch. La poes\u00eda de lo cotidiano\"}]},{\"@type\":\"WebSite\",\"@id\":\"https:\\\/\\\/www.revistarambla.com\\\/#website\",\"url\":\"https:\\\/\\\/www.revistarambla.com\\\/\",\"name\":\"Revista Rambla Barcelona\",\"description\":\"Periodismo independiente\",\"publisher\":{\"@id\":\"https:\\\/\\\/www.revistarambla.com\\\/#organization\"},\"potentialAction\":[{\"@type\":\"SearchAction\",\"target\":{\"@type\":\"EntryPoint\",\"urlTemplate\":\"https:\\\/\\\/www.revistarambla.com\\\/?s={search_term_string}\"},\"query-input\":{\"@type\":\"PropertyValueSpecification\",\"valueRequired\":true,\"valueName\":\"search_term_string\"}}],\"inLanguage\":\"en-GB\"},{\"@type\":\"Organization\",\"@id\":\"https:\\\/\\\/www.revistarambla.com\\\/#organization\",\"name\":\"Revista Rambla\",\"url\":\"https:\\\/\\\/www.revistarambla.com\\\/\",\"logo\":{\"@type\":\"ImageObject\",\"inLanguage\":\"en-GB\",\"@id\":\"https:\\\/\\\/www.revistarambla.com\\\/#\\\/schema\\\/logo\\\/image\\\/\",\"url\":\"https:\\\/\\\/www.revistarambla.com\\\/wp-content\\\/uploads\\\/2020\\\/09\\\/banner_rambla_1900x600_BB.png\",\"contentUrl\":\"https:\\\/\\\/www.revistarambla.com\\\/wp-content\\\/uploads\\\/2020\\\/09\\\/banner_rambla_1900x600_BB.png\",\"width\":1900,\"height\":600,\"caption\":\"Revista Rambla\"},\"image\":{\"@id\":\"https:\\\/\\\/www.revistarambla.com\\\/#\\\/schema\\\/logo\\\/image\\\/\"},\"sameAs\":[\"https:\\\/\\\/www.facebook.com\\\/revistarambla\\\/\",\"https:\\\/\\\/x.com\\\/revistarambla\",\"https:\\\/\\\/www.instagram.com\\\/revista_rambla\",\"https:\\\/\\\/es.linkedin.com\\\/company\\\/revista-rambla\"]},{\"@type\":\"Person\",\"@id\":\"https:\\\/\\\/www.revistarambla.com\\\/#\\\/schema\\\/person\\\/a146a5a2550b94981a75131180e1bd9c\",\"name\":\"Joan Col\u00e1s\",\"description\":\"Periodista.\",\"sameAs\":[\"filmsandmoreculture.blogspot.com\",\"https:\\\/\\\/www.facebook.com\\\/revistarambla\",\"https:\\\/\\\/x.com\\\/revistarambla\"]}]}<\/script>\n<!-- \/ Yoast SEO plugin. -->","yoast_head_json":{"title":"Paterson de Jim Jarmusch. La poes\u00eda de lo cotidiano - Revista Rambla","robots":{"index":"index","follow":"follow","max-snippet":"max-snippet:-1","max-image-preview":"max-image-preview:large","max-video-preview":"max-video-preview:-1"},"canonical":"https:\/\/www.revistarambla.com\/en\/paterson-de-jim-jarmusch-la-poesia-de-la-cotidiano\/","og_locale":"en_GB","og_type":"article","og_title":"Paterson de Jim Jarmusch. La poes\u00eda de lo cotidiano - Revista Rambla","og_description":"Viendo Paterson uno se confunde, no sabe si venerar la poes\u00eda de Rod Padget o la del propio Jim Jarmusch. Y es que sin duda su oda a la poes\u00eda de lo cotidiano se convierte en un film po\u00e9tico, en poes\u00eda, en s\u00ed mismo. Siendo un film aparentemente menor,\u00a0Paterson\u00a0se convierte [&hellip;]","og_url":"https:\/\/www.revistarambla.com\/en\/paterson-de-jim-jarmusch-la-poesia-de-la-cotidiano\/","og_site_name":"Revista Rambla","article_publisher":"https:\/\/www.facebook.com\/revistarambla\/","article_author":"https:\/\/www.facebook.com\/revistarambla","article_published_time":"2016-12-08T17:54:26+00:00","article_modified_time":"2021-04-06T11:48:56+00:00","og_image":[{"width":620,"height":413,"url":"https:\/\/i2.wp.com\/www.revistarambla.com\/wp-content\/uploads\/2016\/12\/paterson1.jpg?fit=620%2C413&ssl=1","type":"image\/jpeg"}],"author":"Joan Col\u00e1s","twitter_card":"summary_large_image","twitter_creator":"@revistarambla","twitter_site":"@revistarambla","twitter_misc":{"Written by":"Joan Col\u00e1s","Estimated reading time":"2 minutes"},"schema":{"@context":"https:\/\/schema.org","@graph":[{"@type":"Article","@id":"https:\/\/www.revistarambla.com\/paterson-de-jim-jarmusch-la-poesia-de-la-cotidiano\/#article","isPartOf":{"@id":"https:\/\/www.revistarambla.com\/paterson-de-jim-jarmusch-la-poesia-de-la-cotidiano\/"},"author":{"name":"Joan Col\u00e1s","@id":"https:\/\/www.revistarambla.com\/#\/schema\/person\/a146a5a2550b94981a75131180e1bd9c"},"headline":"Paterson de Jim Jarmusch. La poes\u00eda de lo cotidiano","datePublished":"2016-12-08T17:54:26+00:00","dateModified":"2021-04-06T11:48:56+00:00","mainEntityOfPage":{"@id":"https:\/\/www.revistarambla.com\/paterson-de-jim-jarmusch-la-poesia-de-la-cotidiano\/"},"wordCount":436,"commentCount":0,"publisher":{"@id":"https:\/\/www.revistarambla.com\/#organization"},"image":{"@id":"https:\/\/www.revistarambla.com\/paterson-de-jim-jarmusch-la-poesia-de-la-cotidiano\/#primaryimage"},"thumbnailUrl":"https:\/\/www.revistarambla.com\/wp-content\/uploads\/2016\/12\/paterson1.jpg","articleSection":["Cine &amp; Series","Cultura"],"inLanguage":"en-GB","potentialAction":[{"@type":"CommentAction","name":"Comment","target":["https:\/\/www.revistarambla.com\/paterson-de-jim-jarmusch-la-poesia-de-la-cotidiano\/#respond"]}]},{"@type":"WebPage","@id":"https:\/\/www.revistarambla.com\/paterson-de-jim-jarmusch-la-poesia-de-la-cotidiano\/","url":"https:\/\/www.revistarambla.com\/paterson-de-jim-jarmusch-la-poesia-de-la-cotidiano\/","name":"Paterson de Jim Jarmusch. La poes\u00eda de lo cotidiano - Revista Rambla","isPartOf":{"@id":"https:\/\/www.revistarambla.com\/#website"},"primaryImageOfPage":{"@id":"https:\/\/www.revistarambla.com\/paterson-de-jim-jarmusch-la-poesia-de-la-cotidiano\/#primaryimage"},"image":{"@id":"https:\/\/www.revistarambla.com\/paterson-de-jim-jarmusch-la-poesia-de-la-cotidiano\/#primaryimage"},"thumbnailUrl":"https:\/\/www.revistarambla.com\/wp-content\/uploads\/2016\/12\/paterson1.jpg","datePublished":"2016-12-08T17:54:26+00:00","dateModified":"2021-04-06T11:48:56+00:00","breadcrumb":{"@id":"https:\/\/www.revistarambla.com\/paterson-de-jim-jarmusch-la-poesia-de-la-cotidiano\/#breadcrumb"},"inLanguage":"en-GB","potentialAction":[{"@type":"ReadAction","target":["https:\/\/www.revistarambla.com\/paterson-de-jim-jarmusch-la-poesia-de-la-cotidiano\/"]}]},{"@type":"ImageObject","inLanguage":"en-GB","@id":"https:\/\/www.revistarambla.com\/paterson-de-jim-jarmusch-la-poesia-de-la-cotidiano\/#primaryimage","url":"https:\/\/www.revistarambla.com\/wp-content\/uploads\/2016\/12\/paterson1.jpg","contentUrl":"https:\/\/www.revistarambla.com\/wp-content\/uploads\/2016\/12\/paterson1.jpg","width":620,"height":413},{"@type":"BreadcrumbList","@id":"https:\/\/www.revistarambla.com\/paterson-de-jim-jarmusch-la-poesia-de-la-cotidiano\/#breadcrumb","itemListElement":[{"@type":"ListItem","position":1,"name":"Portada","item":"https:\/\/www.revistarambla.com\/"},{"@type":"ListItem","position":2,"name":"Paterson de Jim Jarmusch. La poes\u00eda de lo cotidiano"}]},{"@type":"WebSite","@id":"https:\/\/www.revistarambla.com\/#website","url":"https:\/\/www.revistarambla.com\/","name":"Revista Rambla Barcelona","description":"Periodismo independiente","publisher":{"@id":"https:\/\/www.revistarambla.com\/#organization"},"potentialAction":[{"@type":"SearchAction","target":{"@type":"EntryPoint","urlTemplate":"https:\/\/www.revistarambla.com\/?s={search_term_string}"},"query-input":{"@type":"PropertyValueSpecification","valueRequired":true,"valueName":"search_term_string"}}],"inLanguage":"en-GB"},{"@type":"Organization","@id":"https:\/\/www.revistarambla.com\/#organization","name":"Revista Rambla","url":"https:\/\/www.revistarambla.com\/","logo":{"@type":"ImageObject","inLanguage":"en-GB","@id":"https:\/\/www.revistarambla.com\/#\/schema\/logo\/image\/","url":"https:\/\/www.revistarambla.com\/wp-content\/uploads\/2020\/09\/banner_rambla_1900x600_BB.png","contentUrl":"https:\/\/www.revistarambla.com\/wp-content\/uploads\/2020\/09\/banner_rambla_1900x600_BB.png","width":1900,"height":600,"caption":"Revista Rambla"},"image":{"@id":"https:\/\/www.revistarambla.com\/#\/schema\/logo\/image\/"},"sameAs":["https:\/\/www.facebook.com\/revistarambla\/","https:\/\/x.com\/revistarambla","https:\/\/www.instagram.com\/revista_rambla","https:\/\/es.linkedin.com\/company\/revista-rambla"]},{"@type":"Person","@id":"https:\/\/www.revistarambla.com\/#\/schema\/person\/a146a5a2550b94981a75131180e1bd9c","name":"Joan Col\u00e1s","description":"Periodista.","sameAs":["filmsandmoreculture.blogspot.com","https:\/\/www.facebook.com\/revistarambla","https:\/\/x.com\/revistarambla"]}]}},"_links":{"self":[{"href":"https:\/\/www.revistarambla.com\/en\/wp-json\/wp\/v2\/posts\/10897","targetHints":{"allow":["GET"]}}],"collection":[{"href":"https:\/\/www.revistarambla.com\/en\/wp-json\/wp\/v2\/posts"}],"about":[{"href":"https:\/\/www.revistarambla.com\/en\/wp-json\/wp\/v2\/types\/post"}],"author":[{"embeddable":true,"href":"https:\/\/www.revistarambla.com\/en\/wp-json\/wp\/v2\/users\/3"}],"replies":[{"embeddable":true,"href":"https:\/\/www.revistarambla.com\/en\/wp-json\/wp\/v2\/comments?post=10897"}],"version-history":[{"count":0,"href":"https:\/\/www.revistarambla.com\/en\/wp-json\/wp\/v2\/posts\/10897\/revisions"}],"wp:featuredmedia":[{"embeddable":true,"href":"https:\/\/www.revistarambla.com\/en\/wp-json\/wp\/v2\/media\/10898"}],"wp:attachment":[{"href":"https:\/\/www.revistarambla.com\/en\/wp-json\/wp\/v2\/media?parent=10897"}],"wp:term":[{"taxonomy":"category","embeddable":true,"href":"https:\/\/www.revistarambla.com\/en\/wp-json\/wp\/v2\/categories?post=10897"},{"taxonomy":"post_tag","embeddable":true,"href":"https:\/\/www.revistarambla.com\/en\/wp-json\/wp\/v2\/tags?post=10897"}],"curies":[{"name":"wp","href":"https:\/\/api.w.org\/{rel}","templated":true}]}}