{"id":10798,"date":"2016-11-30T08:02:19","date_gmt":"2016-11-30T06:02:19","guid":{"rendered":"https:\/\/www.revistarambla.com\/?p=10798"},"modified":"2021-04-06T13:56:56","modified_gmt":"2021-04-06T11:56:56","slug":"guantanamo-contra-todo-derecho-y-humanidad","status":"publish","type":"post","link":"https:\/\/www.revistarambla.com\/en\/guantanamo-contra-todo-derecho-y-humanidad\/","title":{"rendered":"Guant\u00e1namo: Contra todo derecho y humanidad"},"content":{"rendered":"<p style=\"text-align: left;\"><img decoding=\"async\" class=\"aligncenter size-full wp-image-10800\" src=\"https:\/\/www.revistarambla.com\/wp-content\/uploads\/2016\/11\/guantanamo-02.jpg\" alt=\"guantanamo-02\" width=\"960\" height=\"540\" srcset=\"https:\/\/www.revistarambla.com\/wp-content\/uploads\/2016\/11\/guantanamo-02.jpg 960w, https:\/\/www.revistarambla.com\/wp-content\/uploads\/2016\/11\/guantanamo-02-300x169.jpg 300w, https:\/\/www.revistarambla.com\/wp-content\/uploads\/2016\/11\/guantanamo-02-768x432.jpg 768w, https:\/\/www.revistarambla.com\/wp-content\/uploads\/2016\/11\/guantanamo-02-500x281.jpg 500w, https:\/\/www.revistarambla.com\/wp-content\/uploads\/2016\/11\/guantanamo-02-678x381.jpg 678w\" sizes=\"(max-width: 960px) 100vw, 960px\" \/><\/p>\n<p style=\"text-align: left;\">Guant\u00e1namo es el nombre de la localidad donde se levanta la base que Estados Unidos controla en suelo cubano desde hace 90 a\u00f1os. El primer contingente de 680\u00a0 prisioneros lleg\u00f3 a esa base el 11 de enero de 2002. Desde entonces, los prisioneros han permanecido detenidos en calidad de \u00abcombatientes il\u00edcitos\u00bb, lo que seg\u00fan Washington le permite deso\u00edr el contenido de la Convenci\u00f3n de Ginebra, de 1949, sobre la detenci\u00f3n y tratamiento de los prisioneros de guerra.<\/p>\n<p style=\"text-align: left;\">La desesperante situaci\u00f3n de los presos de Guant\u00e1namo intentaron apoyarla en el marco de la pol\u00edtica exterior que emprendi\u00f3 George W. Bush. Necesitaba un\u00a0<em>casus belli<\/em>\u00a0que le lleg\u00f3 con los\u00a0 ataques terroristas a las Torres Gemelas de Nueva York y al Pent\u00e1gono. Hoy nadie duda de que entonces los arsenales de armas as\u00ed como la industria pesada norteamericana estuvieran preparados para la \u201creconstrucci\u00f3n\u201d de un pa\u00eds de Oriente Medio que antes tendr\u00edan que invadir. De hecho se bombardearon instalaciones claves en Iraq previamente seleccionadas para ser \u201creconstruidas\u201d por el club de los socios de la familia Bush. Fue la puesta en escena de una cruzada de invasi\u00f3n, cambio de reg\u00edmenes, ocupaci\u00f3n e imposici\u00f3n de la democracia liberal, tal como lo entend\u00edan Bush y los halcones de la Casa Blanca en su d\u00eda, y hoy amenaza con imponerse por el siniestro equipo de gobierno que anuncia el Presidente Trump.<\/p>\n<p style=\"text-align: left;\">Los reclusos en Guant\u00e1namo nunca fueron tratados como \u00abprisioneros de guerra\u00bb, porque implicar\u00eda protecci\u00f3n y respeto a sus derechos. Tampoco como \u00abdelincuentes\u00bb o \u00abcriminales\u00bb, lo que representaba el derecho a un r\u00e1pido y justo juicio frente a un jurado imparcial, adem\u00e1s de un abogado que los defendiera. Las pocas im\u00e1genes que conocimos del campo consternaron a la opini\u00f3n mundial. Se los vio llegar con los ojos tapados, los pies encadenados, maniatados, y en permanentemente posici\u00f3n de rodillas. Y en un evidente estado de confusi\u00f3n, desorientaci\u00f3n y anonadamiento producto de las drogas con las que fueron tratados, seg\u00fan confesi\u00f3n de algunos pocos liberados, de alg\u00fan capell\u00e1n militar y por la denuncia de Amnist\u00eda Internacional, entre otras organizaciones. Tambi\u00e9n la gran prensa norteamericana denunci\u00f3 este terror, empezando por <em>The New York Times<\/em>, que lo llam\u00f3 \u00abEl esc\u00e1ndalo en Guant\u00e1namo\u00bb<\/p>\n<p style=\"text-align: left;\">Entre los presos tambi\u00e9n se produjeron m\u00e1s de 50 intentos de suicidio, y algunos de los liberados permanecen con secuencias mentales y f\u00edsicas irreparables.<\/p>\n<p style=\"text-align: left;\">La Federaci\u00f3n Internacional de los Derechos Humanos denunci\u00f3 que el gobierno de Estados Unidos se ha negado a considerar a estos presos como prisioneros de guerra y no les ha sido imputado crimen alguno. Estados Unidos est\u00e1 vinculado por la normativa internacional en materia de derechos humanos y por la ley humanitaria internacional, en particular el Pacto Internacional de Derechos Civiles y Pol\u00edticos y el Tercer Convenio de Ginebra, que ha ratificado en ambos casos.<\/p>\n<p style=\"text-align: left;\">El\u00a0 Alto Comisionado de las Naciones Unidas para los Derechos Humanos determin\u00f3 que los presos de Guant\u00e1namo tienen derecho a ser protegidos por esos instrumentos jur\u00eddicos. El Convenio de Ginebra exige que los presos sean tratados sin crueldad. Pero, \u00abLas apretadas jaulas met\u00e1licas recalentadas por el sol tropical de la base de Guant\u00e1namo parecen ser de otra \u00e9poca m\u00e1s brutal\u00bb, escribi\u00f3 un periodista ingl\u00e9s. \u00abEs una especie de GULAG caribe\u00f1o y causar\u00eda inquietud si fuera de cualquier otro pa\u00eds\u00bb. Todos son musulmanes. Los presos no saben d\u00f3nde est\u00e1n. Los est\u00e1n interrogando las fuerzas armadas y los servicios de inteligencia yanquis al mando del general Miller que fue enviado a Bagdad para endurecer los sistemas de interrogatorio \u201ccomo hacemos en Guant\u00e1namo con gran eficacia\u201d. Recordemos el espanto de las torturas en la prisi\u00f3n militar norteamericana de\u00a0Abu Ghraib, en Iraq y denunciada por una cadena de televisi\u00f3n en 2004. Su nombre,\u00a0<em>Camp redemption<\/em>.<\/p>\n<p style=\"text-align: left;\">La Convenci\u00f3n de Ginebra dice que los prisioneros de guerra no tienen que someterse a la interrogaci\u00f3n. Pero\u00a0 Estados Unidos considera que sacarles informaci\u00f3n era crucial para la \u201cguerra contra el terrorismo\u201d.<\/p>\n<p style=\"text-align: left;\">\u00bfNo es el deber de toda la gente de conciencia oponerse a los cr\u00edmenes que se cometen en Guant\u00e1namo? Esa fue la promesa que hizo el Presidente Obama desde la campa\u00f1a que le llev\u00f3 a su primera elecci\u00f3n y que volvi\u00f3 a repetir en la segunda. Pero los poderes f\u00e1cticos, los lobbies y la entra\u00f1a que mueve y lleva a la presidencia de Estados Unidos de un tipo como Donald Trump, ha impuesto que hombres sin ser juzgados todav\u00eda sigan en ese infierno de Guant\u00e1namo, desde aquel nefasto 11 de enero de 2002. Y nosotros debemos que considerarnos heridos en esa tortura que padecen seres humanos en prisiones clandestinas, centros de tortura en pa\u00edses sin garant\u00edas jur\u00eddicas manipuladas por agencias incontrolables de Estados Unidos.<\/p>\n<p style=\"text-align: left;\"><strong>Nota: Jos\u00e9 Carlos Garc\u00eda\u00a0Fajardo <\/strong>es Profesor Em\u00e9rito de la Universidad Complutense de Madrid (UCM). Director del Centro de Colaboraciones Solidarias (CCS)<strong>. <\/strong>Twitter: @GarciaFajardoJC<\/p>","protected":false},"excerpt":{"rendered":"<p>La Federaci\u00f3n Internacional de los Derechos Humanos denunci\u00f3 que el gobierno de Estados Unidos se ha negado a considerar a los presos de Guant\u00e1namo como prisioneros de guerra y no les ha sido imputado crimen alguno<\/p>","protected":false},"author":3,"featured_media":10799,"comment_status":"open","ping_status":"open","sticky":false,"template":"","format":"standard","meta":{"footnotes":""},"categories":[3,57],"tags":[],"class_list":["post-10798","post","type-post","status-publish","format-standard","has-post-thumbnail","hentry","category-actualidad","category-global"],"yoast_head":"<!-- This site is optimized with the Yoast SEO plugin v27.5 - https:\/\/yoast.com\/product\/yoast-seo-wordpress\/ -->\n<title>Guant\u00e1namo: Contra todo derecho y humanidad - Revista Rambla<\/title>\n<meta name=\"robots\" content=\"index, follow, max-snippet:-1, max-image-preview:large, max-video-preview:-1\" \/>\n<link rel=\"canonical\" href=\"https:\/\/www.revistarambla.com\/en\/guantanamo-contra-todo-derecho-y-humanidad\/\" \/>\n<meta property=\"og:locale\" content=\"en_GB\" \/>\n<meta property=\"og:type\" content=\"article\" \/>\n<meta property=\"og:title\" content=\"Guant\u00e1namo: Contra todo derecho y humanidad - Revista Rambla\" \/>\n<meta property=\"og:description\" content=\"La Federaci\u00f3n Internacional de los Derechos Humanos denunci\u00f3 que el gobierno de Estados Unidos se ha negado a considerar a los presos de Guant\u00e1namo como prisioneros de guerra y no les ha sido imputado crimen alguno\" \/>\n<meta property=\"og:url\" content=\"https:\/\/www.revistarambla.com\/en\/guantanamo-contra-todo-derecho-y-humanidad\/\" \/>\n<meta property=\"og:site_name\" content=\"Revista Rambla\" \/>\n<meta property=\"article:publisher\" content=\"https:\/\/www.facebook.com\/revistarambla\/\" \/>\n<meta property=\"article:author\" content=\"https:\/\/www.facebook.com\/revistarambla\" \/>\n<meta property=\"article:published_time\" content=\"2016-11-30T06:02:19+00:00\" \/>\n<meta property=\"article:modified_time\" content=\"2021-04-06T11:56:56+00:00\" \/>\n<meta property=\"og:image\" content=\"https:\/\/i2.wp.com\/www.revistarambla.com\/wp-content\/uploads\/2016\/11\/guantanamo-01.jpg?fit=700%2C466&ssl=1\" \/>\n\t<meta property=\"og:image:width\" content=\"700\" \/>\n\t<meta property=\"og:image:height\" content=\"466\" \/>\n\t<meta property=\"og:image:type\" content=\"image\/jpeg\" \/>\n<meta name=\"author\" content=\"Jos\u00e9 Carlos Garc\u00eda Fajardo\" \/>\n<meta name=\"twitter:card\" content=\"summary_large_image\" \/>\n<meta name=\"twitter:creator\" content=\"@revistarambla\" \/>\n<meta name=\"twitter:site\" content=\"@revistarambla\" \/>\n<meta name=\"twitter:label1\" content=\"Written by\" \/>\n\t<meta name=\"twitter:data1\" content=\"Jos\u00e9 Carlos Garc\u00eda Fajardo\" \/>\n\t<meta name=\"twitter:label2\" content=\"Estimated reading time\" \/>\n\t<meta name=\"twitter:data2\" content=\"4 minutes\" \/>\n<script type=\"application\/ld+json\" class=\"yoast-schema-graph\">{\"@context\":\"https:\\\/\\\/schema.org\",\"@graph\":[{\"@type\":\"Article\",\"@id\":\"https:\\\/\\\/www.revistarambla.com\\\/guantanamo-contra-todo-derecho-y-humanidad\\\/#article\",\"isPartOf\":{\"@id\":\"https:\\\/\\\/www.revistarambla.com\\\/guantanamo-contra-todo-derecho-y-humanidad\\\/\"},\"author\":{\"name\":\"Jos\u00e9 Carlos Garc\u00eda Fajardo\",\"@id\":\"https:\\\/\\\/www.revistarambla.com\\\/#\\\/schema\\\/person\\\/a146a5a2550b94981a75131180e1bd9c\"},\"headline\":\"Guant\u00e1namo: Contra todo derecho y humanidad\",\"datePublished\":\"2016-11-30T06:02:19+00:00\",\"dateModified\":\"2021-04-06T11:56:56+00:00\",\"mainEntityOfPage\":{\"@id\":\"https:\\\/\\\/www.revistarambla.com\\\/guantanamo-contra-todo-derecho-y-humanidad\\\/\"},\"wordCount\":866,\"commentCount\":0,\"publisher\":{\"@id\":\"https:\\\/\\\/www.revistarambla.com\\\/#organization\"},\"image\":{\"@id\":\"https:\\\/\\\/www.revistarambla.com\\\/guantanamo-contra-todo-derecho-y-humanidad\\\/#primaryimage\"},\"thumbnailUrl\":\"https:\\\/\\\/www.revistarambla.com\\\/wp-content\\\/uploads\\\/2016\\\/11\\\/guantanamo-01.jpg\",\"articleSection\":[\"Actualidad\",\"Global\"],\"inLanguage\":\"en-GB\",\"potentialAction\":[{\"@type\":\"CommentAction\",\"name\":\"Comment\",\"target\":[\"https:\\\/\\\/www.revistarambla.com\\\/guantanamo-contra-todo-derecho-y-humanidad\\\/#respond\"]}]},{\"@type\":\"WebPage\",\"@id\":\"https:\\\/\\\/www.revistarambla.com\\\/guantanamo-contra-todo-derecho-y-humanidad\\\/\",\"url\":\"https:\\\/\\\/www.revistarambla.com\\\/guantanamo-contra-todo-derecho-y-humanidad\\\/\",\"name\":\"Guant\u00e1namo: Contra todo derecho y humanidad - Revista Rambla\",\"isPartOf\":{\"@id\":\"https:\\\/\\\/www.revistarambla.com\\\/#website\"},\"primaryImageOfPage\":{\"@id\":\"https:\\\/\\\/www.revistarambla.com\\\/guantanamo-contra-todo-derecho-y-humanidad\\\/#primaryimage\"},\"image\":{\"@id\":\"https:\\\/\\\/www.revistarambla.com\\\/guantanamo-contra-todo-derecho-y-humanidad\\\/#primaryimage\"},\"thumbnailUrl\":\"https:\\\/\\\/www.revistarambla.com\\\/wp-content\\\/uploads\\\/2016\\\/11\\\/guantanamo-01.jpg\",\"datePublished\":\"2016-11-30T06:02:19+00:00\",\"dateModified\":\"2021-04-06T11:56:56+00:00\",\"breadcrumb\":{\"@id\":\"https:\\\/\\\/www.revistarambla.com\\\/guantanamo-contra-todo-derecho-y-humanidad\\\/#breadcrumb\"},\"inLanguage\":\"en-GB\",\"potentialAction\":[{\"@type\":\"ReadAction\",\"target\":[\"https:\\\/\\\/www.revistarambla.com\\\/guantanamo-contra-todo-derecho-y-humanidad\\\/\"]}]},{\"@type\":\"ImageObject\",\"inLanguage\":\"en-GB\",\"@id\":\"https:\\\/\\\/www.revistarambla.com\\\/guantanamo-contra-todo-derecho-y-humanidad\\\/#primaryimage\",\"url\":\"https:\\\/\\\/www.revistarambla.com\\\/wp-content\\\/uploads\\\/2016\\\/11\\\/guantanamo-01.jpg\",\"contentUrl\":\"https:\\\/\\\/www.revistarambla.com\\\/wp-content\\\/uploads\\\/2016\\\/11\\\/guantanamo-01.jpg\",\"width\":700,\"height\":466},{\"@type\":\"BreadcrumbList\",\"@id\":\"https:\\\/\\\/www.revistarambla.com\\\/guantanamo-contra-todo-derecho-y-humanidad\\\/#breadcrumb\",\"itemListElement\":[{\"@type\":\"ListItem\",\"position\":1,\"name\":\"Portada\",\"item\":\"https:\\\/\\\/www.revistarambla.com\\\/\"},{\"@type\":\"ListItem\",\"position\":2,\"name\":\"Guant\u00e1namo: Contra todo derecho y humanidad\"}]},{\"@type\":\"WebSite\",\"@id\":\"https:\\\/\\\/www.revistarambla.com\\\/#website\",\"url\":\"https:\\\/\\\/www.revistarambla.com\\\/\",\"name\":\"Revista Rambla Barcelona\",\"description\":\"Periodismo independiente\",\"publisher\":{\"@id\":\"https:\\\/\\\/www.revistarambla.com\\\/#organization\"},\"potentialAction\":[{\"@type\":\"SearchAction\",\"target\":{\"@type\":\"EntryPoint\",\"urlTemplate\":\"https:\\\/\\\/www.revistarambla.com\\\/?s={search_term_string}\"},\"query-input\":{\"@type\":\"PropertyValueSpecification\",\"valueRequired\":true,\"valueName\":\"search_term_string\"}}],\"inLanguage\":\"en-GB\"},{\"@type\":\"Organization\",\"@id\":\"https:\\\/\\\/www.revistarambla.com\\\/#organization\",\"name\":\"Revista Rambla\",\"url\":\"https:\\\/\\\/www.revistarambla.com\\\/\",\"logo\":{\"@type\":\"ImageObject\",\"inLanguage\":\"en-GB\",\"@id\":\"https:\\\/\\\/www.revistarambla.com\\\/#\\\/schema\\\/logo\\\/image\\\/\",\"url\":\"https:\\\/\\\/www.revistarambla.com\\\/wp-content\\\/uploads\\\/2020\\\/09\\\/banner_rambla_1900x600_BB.png\",\"contentUrl\":\"https:\\\/\\\/www.revistarambla.com\\\/wp-content\\\/uploads\\\/2020\\\/09\\\/banner_rambla_1900x600_BB.png\",\"width\":1900,\"height\":600,\"caption\":\"Revista Rambla\"},\"image\":{\"@id\":\"https:\\\/\\\/www.revistarambla.com\\\/#\\\/schema\\\/logo\\\/image\\\/\"},\"sameAs\":[\"https:\\\/\\\/www.facebook.com\\\/revistarambla\\\/\",\"https:\\\/\\\/x.com\\\/revistarambla\",\"https:\\\/\\\/www.instagram.com\\\/revista_rambla\",\"https:\\\/\\\/es.linkedin.com\\\/company\\\/revista-rambla\"]},{\"@type\":\"Person\",\"@id\":\"https:\\\/\\\/www.revistarambla.com\\\/#\\\/schema\\\/person\\\/a146a5a2550b94981a75131180e1bd9c\",\"name\":\"Jos\u00e9 Carlos Garc\u00eda Fajardo\",\"sameAs\":[\"https:\\\/\\\/www.facebook.com\\\/revistarambla\",\"https:\\\/\\\/x.com\\\/revistarambla\"]}]}<\/script>\n<!-- \/ Yoast SEO plugin. -->","yoast_head_json":{"title":"Guant\u00e1namo: Contra todo derecho y humanidad - Revista Rambla","robots":{"index":"index","follow":"follow","max-snippet":"max-snippet:-1","max-image-preview":"max-image-preview:large","max-video-preview":"max-video-preview:-1"},"canonical":"https:\/\/www.revistarambla.com\/en\/guantanamo-contra-todo-derecho-y-humanidad\/","og_locale":"en_GB","og_type":"article","og_title":"Guant\u00e1namo: Contra todo derecho y humanidad - Revista Rambla","og_description":"La Federaci\u00f3n Internacional de los Derechos Humanos denunci\u00f3 que el gobierno de Estados Unidos se ha negado a considerar a los presos de Guant\u00e1namo como prisioneros de guerra y no les ha sido imputado crimen alguno","og_url":"https:\/\/www.revistarambla.com\/en\/guantanamo-contra-todo-derecho-y-humanidad\/","og_site_name":"Revista Rambla","article_publisher":"https:\/\/www.facebook.com\/revistarambla\/","article_author":"https:\/\/www.facebook.com\/revistarambla","article_published_time":"2016-11-30T06:02:19+00:00","article_modified_time":"2021-04-06T11:56:56+00:00","og_image":[{"width":700,"height":466,"url":"https:\/\/i2.wp.com\/www.revistarambla.com\/wp-content\/uploads\/2016\/11\/guantanamo-01.jpg?fit=700%2C466&ssl=1","type":"image\/jpeg"}],"author":"Jos\u00e9 Carlos Garc\u00eda Fajardo","twitter_card":"summary_large_image","twitter_creator":"@revistarambla","twitter_site":"@revistarambla","twitter_misc":{"Written by":"Jos\u00e9 Carlos Garc\u00eda Fajardo","Estimated reading time":"4 minutes"},"schema":{"@context":"https:\/\/schema.org","@graph":[{"@type":"Article","@id":"https:\/\/www.revistarambla.com\/guantanamo-contra-todo-derecho-y-humanidad\/#article","isPartOf":{"@id":"https:\/\/www.revistarambla.com\/guantanamo-contra-todo-derecho-y-humanidad\/"},"author":{"name":"Jos\u00e9 Carlos Garc\u00eda Fajardo","@id":"https:\/\/www.revistarambla.com\/#\/schema\/person\/a146a5a2550b94981a75131180e1bd9c"},"headline":"Guant\u00e1namo: Contra todo derecho y humanidad","datePublished":"2016-11-30T06:02:19+00:00","dateModified":"2021-04-06T11:56:56+00:00","mainEntityOfPage":{"@id":"https:\/\/www.revistarambla.com\/guantanamo-contra-todo-derecho-y-humanidad\/"},"wordCount":866,"commentCount":0,"publisher":{"@id":"https:\/\/www.revistarambla.com\/#organization"},"image":{"@id":"https:\/\/www.revistarambla.com\/guantanamo-contra-todo-derecho-y-humanidad\/#primaryimage"},"thumbnailUrl":"https:\/\/www.revistarambla.com\/wp-content\/uploads\/2016\/11\/guantanamo-01.jpg","articleSection":["Actualidad","Global"],"inLanguage":"en-GB","potentialAction":[{"@type":"CommentAction","name":"Comment","target":["https:\/\/www.revistarambla.com\/guantanamo-contra-todo-derecho-y-humanidad\/#respond"]}]},{"@type":"WebPage","@id":"https:\/\/www.revistarambla.com\/guantanamo-contra-todo-derecho-y-humanidad\/","url":"https:\/\/www.revistarambla.com\/guantanamo-contra-todo-derecho-y-humanidad\/","name":"Guant\u00e1namo: Contra todo derecho y humanidad - Revista Rambla","isPartOf":{"@id":"https:\/\/www.revistarambla.com\/#website"},"primaryImageOfPage":{"@id":"https:\/\/www.revistarambla.com\/guantanamo-contra-todo-derecho-y-humanidad\/#primaryimage"},"image":{"@id":"https:\/\/www.revistarambla.com\/guantanamo-contra-todo-derecho-y-humanidad\/#primaryimage"},"thumbnailUrl":"https:\/\/www.revistarambla.com\/wp-content\/uploads\/2016\/11\/guantanamo-01.jpg","datePublished":"2016-11-30T06:02:19+00:00","dateModified":"2021-04-06T11:56:56+00:00","breadcrumb":{"@id":"https:\/\/www.revistarambla.com\/guantanamo-contra-todo-derecho-y-humanidad\/#breadcrumb"},"inLanguage":"en-GB","potentialAction":[{"@type":"ReadAction","target":["https:\/\/www.revistarambla.com\/guantanamo-contra-todo-derecho-y-humanidad\/"]}]},{"@type":"ImageObject","inLanguage":"en-GB","@id":"https:\/\/www.revistarambla.com\/guantanamo-contra-todo-derecho-y-humanidad\/#primaryimage","url":"https:\/\/www.revistarambla.com\/wp-content\/uploads\/2016\/11\/guantanamo-01.jpg","contentUrl":"https:\/\/www.revistarambla.com\/wp-content\/uploads\/2016\/11\/guantanamo-01.jpg","width":700,"height":466},{"@type":"BreadcrumbList","@id":"https:\/\/www.revistarambla.com\/guantanamo-contra-todo-derecho-y-humanidad\/#breadcrumb","itemListElement":[{"@type":"ListItem","position":1,"name":"Portada","item":"https:\/\/www.revistarambla.com\/"},{"@type":"ListItem","position":2,"name":"Guant\u00e1namo: Contra todo derecho y humanidad"}]},{"@type":"WebSite","@id":"https:\/\/www.revistarambla.com\/#website","url":"https:\/\/www.revistarambla.com\/","name":"Revista Rambla Barcelona","description":"Periodismo independiente","publisher":{"@id":"https:\/\/www.revistarambla.com\/#organization"},"potentialAction":[{"@type":"SearchAction","target":{"@type":"EntryPoint","urlTemplate":"https:\/\/www.revistarambla.com\/?s={search_term_string}"},"query-input":{"@type":"PropertyValueSpecification","valueRequired":true,"valueName":"search_term_string"}}],"inLanguage":"en-GB"},{"@type":"Organization","@id":"https:\/\/www.revistarambla.com\/#organization","name":"Revista Rambla","url":"https:\/\/www.revistarambla.com\/","logo":{"@type":"ImageObject","inLanguage":"en-GB","@id":"https:\/\/www.revistarambla.com\/#\/schema\/logo\/image\/","url":"https:\/\/www.revistarambla.com\/wp-content\/uploads\/2020\/09\/banner_rambla_1900x600_BB.png","contentUrl":"https:\/\/www.revistarambla.com\/wp-content\/uploads\/2020\/09\/banner_rambla_1900x600_BB.png","width":1900,"height":600,"caption":"Revista Rambla"},"image":{"@id":"https:\/\/www.revistarambla.com\/#\/schema\/logo\/image\/"},"sameAs":["https:\/\/www.facebook.com\/revistarambla\/","https:\/\/x.com\/revistarambla","https:\/\/www.instagram.com\/revista_rambla","https:\/\/es.linkedin.com\/company\/revista-rambla"]},{"@type":"Person","@id":"https:\/\/www.revistarambla.com\/#\/schema\/person\/a146a5a2550b94981a75131180e1bd9c","name":"Jos\u00e9 Carlos Garc\u00eda Fajardo","sameAs":["https:\/\/www.facebook.com\/revistarambla","https:\/\/x.com\/revistarambla"]}]}},"_links":{"self":[{"href":"https:\/\/www.revistarambla.com\/en\/wp-json\/wp\/v2\/posts\/10798","targetHints":{"allow":["GET"]}}],"collection":[{"href":"https:\/\/www.revistarambla.com\/en\/wp-json\/wp\/v2\/posts"}],"about":[{"href":"https:\/\/www.revistarambla.com\/en\/wp-json\/wp\/v2\/types\/post"}],"author":[{"embeddable":true,"href":"https:\/\/www.revistarambla.com\/en\/wp-json\/wp\/v2\/users\/3"}],"replies":[{"embeddable":true,"href":"https:\/\/www.revistarambla.com\/en\/wp-json\/wp\/v2\/comments?post=10798"}],"version-history":[{"count":0,"href":"https:\/\/www.revistarambla.com\/en\/wp-json\/wp\/v2\/posts\/10798\/revisions"}],"wp:featuredmedia":[{"embeddable":true,"href":"https:\/\/www.revistarambla.com\/en\/wp-json\/wp\/v2\/media\/10799"}],"wp:attachment":[{"href":"https:\/\/www.revistarambla.com\/en\/wp-json\/wp\/v2\/media?parent=10798"}],"wp:term":[{"taxonomy":"category","embeddable":true,"href":"https:\/\/www.revistarambla.com\/en\/wp-json\/wp\/v2\/categories?post=10798"},{"taxonomy":"post_tag","embeddable":true,"href":"https:\/\/www.revistarambla.com\/en\/wp-json\/wp\/v2\/tags?post=10798"}],"curies":[{"name":"wp","href":"https:\/\/api.w.org\/{rel}","templated":true}]}}