{"id":10762,"date":"2016-11-26T13:58:10","date_gmt":"2016-11-26T11:58:10","guid":{"rendered":"https:\/\/www.revistarambla.com\/?p=10762"},"modified":"2021-04-06T14:03:38","modified_gmt":"2021-04-06T12:03:38","slug":"hasta-siempre-comandante","status":"publish","type":"post","link":"https:\/\/www.revistarambla.com\/en\/hasta-siempre-comandante\/","title":{"rendered":"Muere Fidel Castro \u00a1Hasta siempre, Comandante!"},"content":{"rendered":"<p><a href=\"https:\/\/www.revistarambla.com\/wp-content\/uploads\/2016\/11\/fidel-01.jpg\"><img decoding=\"async\" class=\"aligncenter wp-image-10765 size-full\" src=\"https:\/\/www.revistarambla.com\/wp-content\/uploads\/2016\/11\/fidel-01.jpg\" alt=\"revoluci\u00f3n cubana\" width=\"980\" height=\"692\" srcset=\"https:\/\/www.revistarambla.com\/wp-content\/uploads\/2016\/11\/fidel-01.jpg 980w, https:\/\/www.revistarambla.com\/wp-content\/uploads\/2016\/11\/fidel-01-300x212.jpg 300w, https:\/\/www.revistarambla.com\/wp-content\/uploads\/2016\/11\/fidel-01-768x542.jpg 768w, https:\/\/www.revistarambla.com\/wp-content\/uploads\/2016\/11\/fidel-01-500x353.jpg 500w\" sizes=\"(max-width: 980px) 100vw, 980px\" \/><\/a><\/p>\n<p><a href=\"https:\/\/es.wikipedia.org\/wiki\/Fidel_Castro\"><strong>Fidel Castro<\/strong><\/a>, l\u00edder de la Revoluci\u00f3n Cubana, falleci\u00f3 este viernes 26 de noviembre, por la noche. Ten\u00eda 90 a\u00f1os, atr\u00e1s queda toda una vida dedicada al activismo pol\u00edtico, a la solidaridad internacional, a la lucha por un mundo mejor.<\/p>\n<p style=\"text-align: justify;\">No hubo presidente <em>yankee <\/em>que no so\u00f1ara con acabar con \u00e9l, y con la barricada de dignidad que alzo a pocos kil\u00f3metros de USA. Cuba se convirti\u00f3 en referente, en espejo mundial donde ver que era posible, que si se puede.<\/p>\n<p style=\"text-align: justify;\">Un hombre que junto a un pu\u00f1ado de valientes llev\u00f3 la esperanza de libertad y dignidad a un pueblo sometido por el imperialismo americano y los ricachones que forjaron su fortuna con la esclavitud del pueblo cubano. En lo que llaman la Revoluci\u00f3n cubana que dio esperanza y da a millones de trabajadores y empobrecidos de todo el mundo a pesar de la amenaza de permanente de los pa\u00edses m\u00e1s poderosos del mundo, con Estados Unidos a la cabeza durante m\u00e1s de 50 a\u00f1os de aislamiento. Sin embargo es capaz de exportar a los pa\u00edses pobres m\u00e1s de 15.000 m\u00e9dicos, donde los ni\u00f1os mueren por desnutrici\u00f3n\u2026<\/p>\n<p style=\"text-align: justify;\">Queda el trabajo, la historia, el futuro que sembr\u00f3.<\/p>\n<p style=\"text-align: justify;\"><strong>Texto de alocuci\u00f3n de Ra\u00fal Castro, informando del fallecimiento de Fidel Castro:<\/strong><\/p>\n<p style=\"text-align: justify;\">Querido pueblo de Cuba:<\/p>\n<p style=\"text-align: justify;\">Con profundo dolor comparezco para informarle a nuestro pueblo y a los amigos de Am\u00e9rica y del mundo, que hoy 25 de noviembre, a las 10:29 horas de la noche falleci\u00f3 el Comandante en Jefe de la Revoluci\u00f3n Cubana <strong>Fidel Castro Ruz<\/strong>. En cumplimiento a la voluntad expresa del Compa\u00f1ero Fidel, sus restos ser\u00e1n incinerados. En las primeras horas de ma\u00f1ana s\u00e1bado 26, la comisi\u00f3n organizadora de los funerales, brindar\u00e1 a nuestro pueblo una informaci\u00f3n detallada sobre la organizaci\u00f3n del Homenaje p\u00f3stumo que se le tributar\u00e1 al fundador de la Revoluci\u00f3n Cubana.<\/p>\n<p style=\"text-align: justify;\">\u00a1Hasta la victoria siempre!<\/p>\n<p><a href=\"https:\/\/www.revistarambla.com\/wp-content\/uploads\/2016\/11\/fidel-02.jpg\"><img decoding=\"async\" class=\"aligncenter wp-image-10766 size-full\" src=\"https:\/\/www.revistarambla.com\/wp-content\/uploads\/2016\/11\/fidel-02.jpg\" alt=\"revoluci\u00f3n cubana\" width=\"666\" height=\"869\" srcset=\"https:\/\/www.revistarambla.com\/wp-content\/uploads\/2016\/11\/fidel-02.jpg 666w, https:\/\/www.revistarambla.com\/wp-content\/uploads\/2016\/11\/fidel-02-230x300.jpg 230w, https:\/\/www.revistarambla.com\/wp-content\/uploads\/2016\/11\/fidel-02-500x652.jpg 500w\" sizes=\"(max-width: 666px) 100vw, 666px\" \/><\/a><\/p>","protected":false},"excerpt":{"rendered":"<p>Fidel Castro, l\u00edder de la Revoluci\u00f3n Cubana, falleci\u00f3 este viernes 26 de noviembre, por la noche. Ten\u00eda 90 a\u00f1os, atr\u00e1s queda toda una vida dedicada al activismo pol\u00edtico, a la solidaridad internacional, a la lucha por un mundo mejor. No hubo presidente yankee que no so\u00f1ara con acabar con \u00e9l, [&hellip;]<\/p>\n","protected":false},"author":3,"featured_media":10764,"comment_status":"open","ping_status":"open","sticky":false,"template":"","format":"standard","meta":{"footnotes":""},"categories":[3,57],"tags":[],"class_list":["post-10762","post","type-post","status-publish","format-standard","has-post-thumbnail","hentry","category-actualidad","category-global"],"yoast_head":"<!-- This site is optimized with the Yoast SEO plugin v27.5 - https:\/\/yoast.com\/product\/yoast-seo-wordpress\/ -->\n<title>Revoluci\u00f3n Cubana \u00a1Hasta siempre, Comandante! - Revista Rambla<\/title>\n<meta name=\"description\" content=\"Fidel Castro, l\u00edder de la Revoluci\u00f3n Cubana, falleci\u00f3 este viernes 26 de noviembre, por la noche. Ten\u00eda 90 a\u00f1os, atr\u00e1s queda toda una vida dedicada al ac...\" \/>\n<meta name=\"robots\" content=\"index, follow, max-snippet:-1, max-image-preview:large, max-video-preview:-1\" \/>\n<link rel=\"canonical\" href=\"https:\/\/www.revistarambla.com\/en\/hasta-siempre-comandante\/\" \/>\n<meta property=\"og:locale\" content=\"en_GB\" \/>\n<meta property=\"og:type\" content=\"article\" \/>\n<meta property=\"og:title\" content=\"Revoluci\u00f3n Cubana \u00a1Hasta siempre, Comandante! - Revista Rambla\" \/>\n<meta property=\"og:description\" content=\"Fidel Castro, l\u00edder de la Revoluci\u00f3n Cubana, falleci\u00f3 este viernes 26 de noviembre, por la noche. Ten\u00eda 90 a\u00f1os, atr\u00e1s queda toda una vida dedicada al ac...\" \/>\n<meta property=\"og:url\" content=\"https:\/\/www.revistarambla.com\/en\/hasta-siempre-comandante\/\" \/>\n<meta property=\"og:site_name\" content=\"Revista Rambla\" \/>\n<meta property=\"article:publisher\" content=\"https:\/\/www.facebook.com\/revistarambla\/\" \/>\n<meta property=\"article:author\" content=\"https:\/\/www.facebook.com\/revistarambla\" \/>\n<meta property=\"article:published_time\" content=\"2016-11-26T11:58:10+00:00\" \/>\n<meta property=\"article:modified_time\" content=\"2021-04-06T12:03:38+00:00\" \/>\n<meta property=\"og:image\" content=\"https:\/\/i2.wp.com\/www.revistarambla.com\/wp-content\/uploads\/2016\/11\/fidel.jpg?fit=720%2C597&ssl=1\" \/>\n\t<meta property=\"og:image:width\" content=\"720\" \/>\n\t<meta property=\"og:image:height\" content=\"597\" \/>\n\t<meta property=\"og:image:type\" content=\"image\/jpeg\" \/>\n<meta name=\"author\" content=\"R@mbla\" \/>\n<meta name=\"twitter:card\" content=\"summary_large_image\" \/>\n<meta name=\"twitter:creator\" content=\"@revistarambla\" \/>\n<meta name=\"twitter:site\" content=\"@revistarambla\" \/>\n<meta name=\"twitter:label1\" content=\"Written by\" \/>\n\t<meta name=\"twitter:data1\" content=\"R@mbla\" \/>\n\t<meta name=\"twitter:label2\" content=\"Estimated reading time\" \/>\n\t<meta name=\"twitter:data2\" content=\"2 minutes\" \/>\n<script type=\"application\/ld+json\" class=\"yoast-schema-graph\">{\"@context\":\"https:\\\/\\\/schema.org\",\"@graph\":[{\"@type\":\"Article\",\"@id\":\"https:\\\/\\\/www.revistarambla.com\\\/hasta-siempre-comandante\\\/#article\",\"isPartOf\":{\"@id\":\"https:\\\/\\\/www.revistarambla.com\\\/hasta-siempre-comandante\\\/\"},\"author\":{\"name\":\"R@mbla\",\"@id\":\"https:\\\/\\\/www.revistarambla.com\\\/#\\\/schema\\\/person\\\/a146a5a2550b94981a75131180e1bd9c\"},\"headline\":\"Muere Fidel Castro \u00a1Hasta siempre, Comandante!\",\"datePublished\":\"2016-11-26T11:58:10+00:00\",\"dateModified\":\"2021-04-06T12:03:38+00:00\",\"mainEntityOfPage\":{\"@id\":\"https:\\\/\\\/www.revistarambla.com\\\/hasta-siempre-comandante\\\/\"},\"wordCount\":338,\"commentCount\":0,\"publisher\":{\"@id\":\"https:\\\/\\\/www.revistarambla.com\\\/#organization\"},\"image\":{\"@id\":\"https:\\\/\\\/www.revistarambla.com\\\/hasta-siempre-comandante\\\/#primaryimage\"},\"thumbnailUrl\":\"https:\\\/\\\/www.revistarambla.com\\\/wp-content\\\/uploads\\\/2016\\\/11\\\/fidel.jpg\",\"articleSection\":[\"Actualidad\",\"Global\"],\"inLanguage\":\"en-GB\",\"potentialAction\":[{\"@type\":\"CommentAction\",\"name\":\"Comment\",\"target\":[\"https:\\\/\\\/www.revistarambla.com\\\/hasta-siempre-comandante\\\/#respond\"]}]},{\"@type\":\"WebPage\",\"@id\":\"https:\\\/\\\/www.revistarambla.com\\\/hasta-siempre-comandante\\\/\",\"url\":\"https:\\\/\\\/www.revistarambla.com\\\/hasta-siempre-comandante\\\/\",\"name\":\"Revoluci\u00f3n Cubana \u00a1Hasta siempre, Comandante! - Revista Rambla\",\"isPartOf\":{\"@id\":\"https:\\\/\\\/www.revistarambla.com\\\/#website\"},\"primaryImageOfPage\":{\"@id\":\"https:\\\/\\\/www.revistarambla.com\\\/hasta-siempre-comandante\\\/#primaryimage\"},\"image\":{\"@id\":\"https:\\\/\\\/www.revistarambla.com\\\/hasta-siempre-comandante\\\/#primaryimage\"},\"thumbnailUrl\":\"https:\\\/\\\/www.revistarambla.com\\\/wp-content\\\/uploads\\\/2016\\\/11\\\/fidel.jpg\",\"datePublished\":\"2016-11-26T11:58:10+00:00\",\"dateModified\":\"2021-04-06T12:03:38+00:00\",\"description\":\"Fidel Castro, l\u00edder de la Revoluci\u00f3n Cubana, falleci\u00f3 este viernes 26 de noviembre, por la noche. Ten\u00eda 90 a\u00f1os, atr\u00e1s queda toda una vida dedicada al ac...\",\"breadcrumb\":{\"@id\":\"https:\\\/\\\/www.revistarambla.com\\\/hasta-siempre-comandante\\\/#breadcrumb\"},\"inLanguage\":\"en-GB\",\"potentialAction\":[{\"@type\":\"ReadAction\",\"target\":[\"https:\\\/\\\/www.revistarambla.com\\\/hasta-siempre-comandante\\\/\"]}]},{\"@type\":\"ImageObject\",\"inLanguage\":\"en-GB\",\"@id\":\"https:\\\/\\\/www.revistarambla.com\\\/hasta-siempre-comandante\\\/#primaryimage\",\"url\":\"https:\\\/\\\/www.revistarambla.com\\\/wp-content\\\/uploads\\\/2016\\\/11\\\/fidel.jpg\",\"contentUrl\":\"https:\\\/\\\/www.revistarambla.com\\\/wp-content\\\/uploads\\\/2016\\\/11\\\/fidel.jpg\",\"width\":720,\"height\":597},{\"@type\":\"BreadcrumbList\",\"@id\":\"https:\\\/\\\/www.revistarambla.com\\\/hasta-siempre-comandante\\\/#breadcrumb\",\"itemListElement\":[{\"@type\":\"ListItem\",\"position\":1,\"name\":\"Portada\",\"item\":\"https:\\\/\\\/www.revistarambla.com\\\/\"},{\"@type\":\"ListItem\",\"position\":2,\"name\":\"Muere Fidel Castro \u00a1Hasta siempre, Comandante!\"}]},{\"@type\":\"WebSite\",\"@id\":\"https:\\\/\\\/www.revistarambla.com\\\/#website\",\"url\":\"https:\\\/\\\/www.revistarambla.com\\\/\",\"name\":\"Revista Rambla Barcelona\",\"description\":\"Periodismo independiente\",\"publisher\":{\"@id\":\"https:\\\/\\\/www.revistarambla.com\\\/#organization\"},\"potentialAction\":[{\"@type\":\"SearchAction\",\"target\":{\"@type\":\"EntryPoint\",\"urlTemplate\":\"https:\\\/\\\/www.revistarambla.com\\\/?s={search_term_string}\"},\"query-input\":{\"@type\":\"PropertyValueSpecification\",\"valueRequired\":true,\"valueName\":\"search_term_string\"}}],\"inLanguage\":\"en-GB\"},{\"@type\":\"Organization\",\"@id\":\"https:\\\/\\\/www.revistarambla.com\\\/#organization\",\"name\":\"Revista Rambla\",\"url\":\"https:\\\/\\\/www.revistarambla.com\\\/\",\"logo\":{\"@type\":\"ImageObject\",\"inLanguage\":\"en-GB\",\"@id\":\"https:\\\/\\\/www.revistarambla.com\\\/#\\\/schema\\\/logo\\\/image\\\/\",\"url\":\"https:\\\/\\\/www.revistarambla.com\\\/wp-content\\\/uploads\\\/2020\\\/09\\\/banner_rambla_1900x600_BB.png\",\"contentUrl\":\"https:\\\/\\\/www.revistarambla.com\\\/wp-content\\\/uploads\\\/2020\\\/09\\\/banner_rambla_1900x600_BB.png\",\"width\":1900,\"height\":600,\"caption\":\"Revista Rambla\"},\"image\":{\"@id\":\"https:\\\/\\\/www.revistarambla.com\\\/#\\\/schema\\\/logo\\\/image\\\/\"},\"sameAs\":[\"https:\\\/\\\/www.facebook.com\\\/revistarambla\\\/\",\"https:\\\/\\\/x.com\\\/revistarambla\",\"https:\\\/\\\/www.instagram.com\\\/revista_rambla\",\"https:\\\/\\\/es.linkedin.com\\\/company\\\/revista-rambla\"]},{\"@type\":\"Person\",\"@id\":\"https:\\\/\\\/www.revistarambla.com\\\/#\\\/schema\\\/person\\\/a146a5a2550b94981a75131180e1bd9c\",\"name\":\"R@mbla\",\"description\":\"Este art\u00edculo ha sido redactado y\\\/o validado por el equipo de redacci\u00f3n de Revista Rambla.\",\"sameAs\":[\"https:\\\/\\\/www.revistarambla.com\\\/\",\"https:\\\/\\\/www.facebook.com\\\/revistarambla\",\"https:\\\/\\\/x.com\\\/revistarambla\"]}]}<\/script>\n<!-- \/ Yoast SEO plugin. -->","yoast_head_json":{"title":"Revoluci\u00f3n Cubana \u00a1Hasta siempre, Comandante! - Revista Rambla","description":"Fidel Castro, l\u00edder de la Revoluci\u00f3n Cubana, falleci\u00f3 este viernes 26 de noviembre, por la noche. Ten\u00eda 90 a\u00f1os, atr\u00e1s queda toda una vida dedicada al ac...","robots":{"index":"index","follow":"follow","max-snippet":"max-snippet:-1","max-image-preview":"max-image-preview:large","max-video-preview":"max-video-preview:-1"},"canonical":"https:\/\/www.revistarambla.com\/en\/hasta-siempre-comandante\/","og_locale":"en_GB","og_type":"article","og_title":"Revoluci\u00f3n Cubana \u00a1Hasta siempre, Comandante! - Revista Rambla","og_description":"Fidel Castro, l\u00edder de la Revoluci\u00f3n Cubana, falleci\u00f3 este viernes 26 de noviembre, por la noche. Ten\u00eda 90 a\u00f1os, atr\u00e1s queda toda una vida dedicada al ac...","og_url":"https:\/\/www.revistarambla.com\/en\/hasta-siempre-comandante\/","og_site_name":"Revista Rambla","article_publisher":"https:\/\/www.facebook.com\/revistarambla\/","article_author":"https:\/\/www.facebook.com\/revistarambla","article_published_time":"2016-11-26T11:58:10+00:00","article_modified_time":"2021-04-06T12:03:38+00:00","og_image":[{"width":720,"height":597,"url":"https:\/\/i2.wp.com\/www.revistarambla.com\/wp-content\/uploads\/2016\/11\/fidel.jpg?fit=720%2C597&ssl=1","type":"image\/jpeg"}],"author":"R@mbla","twitter_card":"summary_large_image","twitter_creator":"@revistarambla","twitter_site":"@revistarambla","twitter_misc":{"Written by":"R@mbla","Estimated reading time":"2 minutes"},"schema":{"@context":"https:\/\/schema.org","@graph":[{"@type":"Article","@id":"https:\/\/www.revistarambla.com\/hasta-siempre-comandante\/#article","isPartOf":{"@id":"https:\/\/www.revistarambla.com\/hasta-siempre-comandante\/"},"author":{"name":"R@mbla","@id":"https:\/\/www.revistarambla.com\/#\/schema\/person\/a146a5a2550b94981a75131180e1bd9c"},"headline":"Muere Fidel Castro \u00a1Hasta siempre, Comandante!","datePublished":"2016-11-26T11:58:10+00:00","dateModified":"2021-04-06T12:03:38+00:00","mainEntityOfPage":{"@id":"https:\/\/www.revistarambla.com\/hasta-siempre-comandante\/"},"wordCount":338,"commentCount":0,"publisher":{"@id":"https:\/\/www.revistarambla.com\/#organization"},"image":{"@id":"https:\/\/www.revistarambla.com\/hasta-siempre-comandante\/#primaryimage"},"thumbnailUrl":"https:\/\/www.revistarambla.com\/wp-content\/uploads\/2016\/11\/fidel.jpg","articleSection":["Actualidad","Global"],"inLanguage":"en-GB","potentialAction":[{"@type":"CommentAction","name":"Comment","target":["https:\/\/www.revistarambla.com\/hasta-siempre-comandante\/#respond"]}]},{"@type":"WebPage","@id":"https:\/\/www.revistarambla.com\/hasta-siempre-comandante\/","url":"https:\/\/www.revistarambla.com\/hasta-siempre-comandante\/","name":"Revoluci\u00f3n Cubana \u00a1Hasta siempre, Comandante! - Revista Rambla","isPartOf":{"@id":"https:\/\/www.revistarambla.com\/#website"},"primaryImageOfPage":{"@id":"https:\/\/www.revistarambla.com\/hasta-siempre-comandante\/#primaryimage"},"image":{"@id":"https:\/\/www.revistarambla.com\/hasta-siempre-comandante\/#primaryimage"},"thumbnailUrl":"https:\/\/www.revistarambla.com\/wp-content\/uploads\/2016\/11\/fidel.jpg","datePublished":"2016-11-26T11:58:10+00:00","dateModified":"2021-04-06T12:03:38+00:00","description":"Fidel Castro, l\u00edder de la Revoluci\u00f3n Cubana, falleci\u00f3 este viernes 26 de noviembre, por la noche. Ten\u00eda 90 a\u00f1os, atr\u00e1s queda toda una vida dedicada al ac...","breadcrumb":{"@id":"https:\/\/www.revistarambla.com\/hasta-siempre-comandante\/#breadcrumb"},"inLanguage":"en-GB","potentialAction":[{"@type":"ReadAction","target":["https:\/\/www.revistarambla.com\/hasta-siempre-comandante\/"]}]},{"@type":"ImageObject","inLanguage":"en-GB","@id":"https:\/\/www.revistarambla.com\/hasta-siempre-comandante\/#primaryimage","url":"https:\/\/www.revistarambla.com\/wp-content\/uploads\/2016\/11\/fidel.jpg","contentUrl":"https:\/\/www.revistarambla.com\/wp-content\/uploads\/2016\/11\/fidel.jpg","width":720,"height":597},{"@type":"BreadcrumbList","@id":"https:\/\/www.revistarambla.com\/hasta-siempre-comandante\/#breadcrumb","itemListElement":[{"@type":"ListItem","position":1,"name":"Portada","item":"https:\/\/www.revistarambla.com\/"},{"@type":"ListItem","position":2,"name":"Muere Fidel Castro \u00a1Hasta siempre, Comandante!"}]},{"@type":"WebSite","@id":"https:\/\/www.revistarambla.com\/#website","url":"https:\/\/www.revistarambla.com\/","name":"Revista Rambla Barcelona","description":"Periodismo independiente","publisher":{"@id":"https:\/\/www.revistarambla.com\/#organization"},"potentialAction":[{"@type":"SearchAction","target":{"@type":"EntryPoint","urlTemplate":"https:\/\/www.revistarambla.com\/?s={search_term_string}"},"query-input":{"@type":"PropertyValueSpecification","valueRequired":true,"valueName":"search_term_string"}}],"inLanguage":"en-GB"},{"@type":"Organization","@id":"https:\/\/www.revistarambla.com\/#organization","name":"Revista Rambla","url":"https:\/\/www.revistarambla.com\/","logo":{"@type":"ImageObject","inLanguage":"en-GB","@id":"https:\/\/www.revistarambla.com\/#\/schema\/logo\/image\/","url":"https:\/\/www.revistarambla.com\/wp-content\/uploads\/2020\/09\/banner_rambla_1900x600_BB.png","contentUrl":"https:\/\/www.revistarambla.com\/wp-content\/uploads\/2020\/09\/banner_rambla_1900x600_BB.png","width":1900,"height":600,"caption":"Revista Rambla"},"image":{"@id":"https:\/\/www.revistarambla.com\/#\/schema\/logo\/image\/"},"sameAs":["https:\/\/www.facebook.com\/revistarambla\/","https:\/\/x.com\/revistarambla","https:\/\/www.instagram.com\/revista_rambla","https:\/\/es.linkedin.com\/company\/revista-rambla"]},{"@type":"Person","@id":"https:\/\/www.revistarambla.com\/#\/schema\/person\/a146a5a2550b94981a75131180e1bd9c","name":"R@mbla","description":"Este art\u00edculo ha sido redactado y\/o validado por el equipo de redacci\u00f3n de Revista Rambla.","sameAs":["https:\/\/www.revistarambla.com\/","https:\/\/www.facebook.com\/revistarambla","https:\/\/x.com\/revistarambla"]}]}},"_links":{"self":[{"href":"https:\/\/www.revistarambla.com\/en\/wp-json\/wp\/v2\/posts\/10762","targetHints":{"allow":["GET"]}}],"collection":[{"href":"https:\/\/www.revistarambla.com\/en\/wp-json\/wp\/v2\/posts"}],"about":[{"href":"https:\/\/www.revistarambla.com\/en\/wp-json\/wp\/v2\/types\/post"}],"author":[{"embeddable":true,"href":"https:\/\/www.revistarambla.com\/en\/wp-json\/wp\/v2\/users\/3"}],"replies":[{"embeddable":true,"href":"https:\/\/www.revistarambla.com\/en\/wp-json\/wp\/v2\/comments?post=10762"}],"version-history":[{"count":0,"href":"https:\/\/www.revistarambla.com\/en\/wp-json\/wp\/v2\/posts\/10762\/revisions"}],"wp:featuredmedia":[{"embeddable":true,"href":"https:\/\/www.revistarambla.com\/en\/wp-json\/wp\/v2\/media\/10764"}],"wp:attachment":[{"href":"https:\/\/www.revistarambla.com\/en\/wp-json\/wp\/v2\/media?parent=10762"}],"wp:term":[{"taxonomy":"category","embeddable":true,"href":"https:\/\/www.revistarambla.com\/en\/wp-json\/wp\/v2\/categories?post=10762"},{"taxonomy":"post_tag","embeddable":true,"href":"https:\/\/www.revistarambla.com\/en\/wp-json\/wp\/v2\/tags?post=10762"}],"curies":[{"name":"wp","href":"https:\/\/api.w.org\/{rel}","templated":true}]}}